{"id":161090,"date":"2022-02-04T09:31:08","date_gmt":"2022-02-04T12:31:08","guid":{"rendered":"https:\/\/experienciadevida.com.ar\/portalurbano\/?p=161090"},"modified":"2022-02-04T09:52:24","modified_gmt":"2022-02-04T12:52:24","slug":"por-pedido-de-ezequiel-galli-juntos-realizara-aportes-para-mejorar-el-funcionamiento-de-la-nueva-comision","status":"publish","type":"post","link":"https:\/\/experienciadevida.com.ar\/portalurbano\/por-pedido-de-ezequiel-galli-juntos-realizara-aportes-para-mejorar-el-funcionamiento-de-la-nueva-comision\/","title":{"rendered":"Por pedido de Ezequiel Galli, Juntos realizar\u00e1 aportes para mejorar el funcionamiento de la nueva Comisi\u00f3n"},"content":{"rendered":"<p>Por pedido de Ezequiel Galli, Juntos realizar\u00e1 aportes para mejorar el funcionamiento de la nueva Comisi\u00f3n.<\/p>\n<p>Con motivo de la Sesi\u00f3n Extraordinaria del HCD convocada para este s\u00e1bado por pedido del Interbloque del Frente de Todos, el bloque Juntos adelanta que se realizar\u00e1n distintas propuestas tendientes a mejorar el funcionamiento de la Comisi\u00f3n Especial. Los aportes y propuestas fueron trabajadas en conjunto con el Intendente Municipal Ezequiel Galli quien ha considerado importante la creaci\u00f3n de la Comisi\u00f3n.<\/p>\n<p>Desde el bloque de concejales de Juntos se adelant\u00f3 que se propondr\u00e1 que la Comisi\u00f3n funcione durante treinta d\u00edas con opci\u00f3n a prorrogar su funcionamiento por otros treinta. *\u201cEl objetivo de esta propuesta es que la Comisi\u00f3n trabaje con la mayor celeridad para despejar todas las dudas que se han generado y que han motivado el pedido de conformaci\u00f3n de la Comisi\u00f3n Especial\u201d, indic\u00f3 el presidente del Bloque, Mart\u00edn Endere.<\/p>\n<p>Por pedido de Ezequiel Galli juntos realizar\u00e1 aportes para mejorar el funcionamiento de la nueva comisi\u00f3n, al mismo tiempo desde el bloque Juntos se anunci\u00f3 que se solicitar\u00e1 que quede plasmado en el proyecto de Decreto, \u201cla obligatoriedad de que la Comisi\u00f3n funcione con presencia de un taqu\u00edgrafo del Concejo Deliberante a\u00a0 fin de que todos los testimonios o informes que reciban la comisi\u00f3n queden debidamente asentados para luego ser presentados por quien ejerza la Presidencia a la Justicia o cualquier otro organismo que as\u00ed lo requiera\u201d.<\/p>\n<p>Otro de los aportes que impulsar\u00e1 el bloque Juntos es que la comisi\u00f3n funcione con reserva de actuaciones para \u201cpreservar a los damnificados de las presuntas estafas que puedan concurrir a la comisi\u00f3n\u201d.<\/p>\n<p>Por \u00faltimo, se adelant\u00f3 que en base a las conversaciones mantenidas con el bloque de la UCR, se acompa\u00f1ar\u00e1 la modificaci\u00f3n propuesta por dicho bloque, \u201cuna vez concluida la labor de la Comisi\u00f3n Especial, que se elabore un informe exhaustivo de lo recogido durante el trabajo de la misma y \u00e9ste sea remitido a la Justicia con firma del presidente de la Comisi\u00f3n para colaborar en cualquier investigaci\u00f3n en curso\u201d.<\/p>\n","protected":false},"excerpt":{"rendered":"<p>Por pedido de Ezequiel Galli, Juntos realizar\u00e1 aportes para mejorar el funcionamiento de la nueva&#8230;<\/p>\n","protected":false},"author":1,"featured_media":161092,"comment_status":"closed","ping_status":"closed","sticky":false,"template":"","format":"standard","meta":{"content-type":""},"categories":[27,51],"tags":[],"nelio_content":{"isAutoShareEnabled":false,"autoShareEndMode":"default","automationSources":{"useContentSentences":true,"useSocialTemplates":true,"useCustomSentences":false,"customSentences":[]},"followers":[1],"suggestedReferences":[],"includedReferences":[],"efiUrl":"","efiAlt":"","highlights":[]},"yoast_head":"<!-- This site is optimized with the Yoast SEO plugin v20.7 - https:\/\/yoast.com\/wordpress\/plugins\/seo\/ -->\n<title>Por pedido de Ezequiel Galli, Juntos realizar\u00e1 aportes para mejorar<\/title>\n<meta name=\"description\" content=\"Por pedido de Ezequiel Galli, Juntos realizar\u00e1 aportes para mejorar el funcionamiento de la nueva Comisi\u00f3n, del Concejo Deliberante\" \/>\n<meta name=\"robots\" content=\"index, follow, max-snippet:-1, max-image-preview:large, max-video-preview:-1\" \/>\n<link rel=\"canonical\" href=\"https:\/\/experienciadevida.com.ar\/portalurbano\/por-pedido-de-ezequiel-galli-juntos-realizara-aportes-para-mejorar-el-funcionamiento-de-la-nueva-comision\/\" \/>\n<meta property=\"og:locale\" content=\"es_ES\" \/>\n<meta property=\"og:type\" content=\"article\" \/>\n<meta property=\"og:title\" content=\"Por pedido de Ezequiel Galli, Juntos realizar\u00e1 aportes para mejorar\" \/>\n<meta property=\"og:description\" content=\"Por pedido de Ezequiel Galli, Juntos realizar\u00e1 aportes para mejorar el funcionamiento de la nueva Comisi\u00f3n, del Concejo Deliberante\" \/>\n<meta property=\"og:url\" content=\"https:\/\/experienciadevida.com.ar\/portalurbano\/por-pedido-de-ezequiel-galli-juntos-realizara-aportes-para-mejorar-el-funcionamiento-de-la-nueva-comision\/\" \/>\n<meta property=\"article:publisher\" content=\"https:\/\/www.facebook.com\/Portal-Urbano-171542830093757\/\" \/>\n<meta property=\"article:published_time\" content=\"2022-02-04T12:31:08+00:00\" \/>\n<meta property=\"article:modified_time\" content=\"2022-02-04T12:52:24+00:00\" \/>\n<meta property=\"og:image\" content=\"https:\/\/experienciadevida.com.ar\/portalurbano\/wp-content\/uploads\/2022\/02\/Por-pedido-de-Ezequiel.jpg\" \/>\n\t<meta property=\"og:image:width\" content=\"765\" \/>\n\t<meta property=\"og:image:height\" content=\"510\" \/>\n\t<meta property=\"og:image:type\" content=\"image\/jpeg\" \/>\n<meta name=\"author\" content=\"admpu17wp\" \/>\n<meta name=\"twitter:card\" content=\"summary_large_image\" \/>\n<meta name=\"twitter:creator\" content=\"@portalurbanook\" \/>\n<meta name=\"twitter:site\" content=\"@portalurbanook\" \/>\n<meta name=\"twitter:label1\" content=\"Escrito por\" \/>\n\t<meta name=\"twitter:data1\" content=\"admpu17wp\" \/>\n\t<meta name=\"twitter:label2\" content=\"Tiempo de lectura\" \/>\n\t<meta name=\"twitter:data2\" content=\"2 minutos\" \/>\n<script type=\"application\/ld+json\" class=\"yoast-schema-graph\">{\"@context\":\"https:\/\/schema.org\",\"@graph\":[{\"@type\":\"Article\",\"@id\":\"https:\/\/experienciadevida.com.ar\/portalurbano\/por-pedido-de-ezequiel-galli-juntos-realizara-aportes-para-mejorar-el-funcionamiento-de-la-nueva-comision\/#article\",\"isPartOf\":{\"@id\":\"https:\/\/experienciadevida.com.ar\/portalurbano\/por-pedido-de-ezequiel-galli-juntos-realizara-aportes-para-mejorar-el-funcionamiento-de-la-nueva-comision\/\"},\"author\":{\"name\":\"admpu17wp\",\"@id\":\"https:\/\/experienciadevida.com.ar\/portalurbano\/#\/schema\/person\/02dd326b1c4b056e9cc972486934a3a7\"},\"headline\":\"Por pedido de Ezequiel Galli, Juntos realizar\u00e1 aportes para mejorar el funcionamiento de la nueva Comisi\u00f3n\",\"datePublished\":\"2022-02-04T12:31:08+00:00\",\"dateModified\":\"2022-02-04T12:52:24+00:00\",\"mainEntityOfPage\":{\"@id\":\"https:\/\/experienciadevida.com.ar\/portalurbano\/por-pedido-de-ezequiel-galli-juntos-realizara-aportes-para-mejorar-el-funcionamiento-de-la-nueva-comision\/\"},\"wordCount\":379,\"publisher\":{\"@id\":\"https:\/\/experienciadevida.com.ar\/portalurbano\/#organization\"},\"articleSection\":[\"Ciudad\",\"Destacadas\"],\"inLanguage\":\"es\"},{\"@type\":\"WebPage\",\"@id\":\"https:\/\/experienciadevida.com.ar\/portalurbano\/por-pedido-de-ezequiel-galli-juntos-realizara-aportes-para-mejorar-el-funcionamiento-de-la-nueva-comision\/\",\"url\":\"https:\/\/experienciadevida.com.ar\/portalurbano\/por-pedido-de-ezequiel-galli-juntos-realizara-aportes-para-mejorar-el-funcionamiento-de-la-nueva-comision\/\",\"name\":\"Por pedido de Ezequiel Galli, Juntos realizar\u00e1 aportes para mejorar\",\"isPartOf\":{\"@id\":\"https:\/\/experienciadevida.com.ar\/portalurbano\/#website\"},\"datePublished\":\"2022-02-04T12:31:08+00:00\",\"dateModified\":\"2022-02-04T12:52:24+00:00\",\"description\":\"Por pedido de Ezequiel Galli, Juntos realizar\u00e1 aportes para mejorar el funcionamiento de la nueva Comisi\u00f3n, del Concejo Deliberante\",\"breadcrumb\":{\"@id\":\"https:\/\/experienciadevida.com.ar\/portalurbano\/por-pedido-de-ezequiel-galli-juntos-realizara-aportes-para-mejorar-el-funcionamiento-de-la-nueva-comision\/#breadcrumb\"},\"inLanguage\":\"es\",\"potentialAction\":[{\"@type\":\"ReadAction\",\"target\":[\"https:\/\/experienciadevida.com.ar\/portalurbano\/por-pedido-de-ezequiel-galli-juntos-realizara-aportes-para-mejorar-el-funcionamiento-de-la-nueva-comision\/\"]}]},{\"@type\":\"BreadcrumbList\",\"@id\":\"https:\/\/experienciadevida.com.ar\/portalurbano\/por-pedido-de-ezequiel-galli-juntos-realizara-aportes-para-mejorar-el-funcionamiento-de-la-nueva-comision\/#breadcrumb\",\"itemListElement\":[{\"@type\":\"ListItem\",\"position\":1,\"name\":\"Portada\",\"item\":\"https:\/\/experienciadevida.com.ar\/portalurbano\/\"},{\"@type\":\"ListItem\",\"position\":2,\"name\":\"Por pedido de Ezequiel Galli, Juntos realizar\u00e1 aportes para mejorar el funcionamiento de la nueva Comisi\u00f3n\"}]},{\"@type\":\"WebSite\",\"@id\":\"https:\/\/experienciadevida.com.ar\/portalurbano\/#website\",\"url\":\"https:\/\/experienciadevida.com.ar\/portalurbano\/\",\"name\":\"\",\"description\":\"\",\"publisher\":{\"@id\":\"https:\/\/experienciadevida.com.ar\/portalurbano\/#organization\"},\"potentialAction\":[{\"@type\":\"SearchAction\",\"target\":{\"@type\":\"EntryPoint\",\"urlTemplate\":\"https:\/\/experienciadevida.com.ar\/portalurbano\/?s={search_term_string}\"},\"query-input\":\"required name=search_term_string\"}],\"inLanguage\":\"es\"},{\"@type\":\"Organization\",\"@id\":\"https:\/\/experienciadevida.com.ar\/portalurbano\/#organization\",\"name\":\"Portal Urbano\",\"url\":\"https:\/\/experienciadevida.com.ar\/portalurbano\/\",\"logo\":{\"@type\":\"ImageObject\",\"inLanguage\":\"es\",\"@id\":\"https:\/\/experienciadevida.com.ar\/portalurbano\/#\/schema\/logo\/image\/\",\"url\":\"https:\/\/experienciadevida.com.ar\/portalurbano\/wp-content\/uploads\/2019\/09\/Logo-Original.png\",\"contentUrl\":\"https:\/\/experienciadevida.com.ar\/portalurbano\/wp-content\/uploads\/2019\/09\/Logo-Original.png\",\"width\":2236,\"height\":1216,\"caption\":\"Portal Urbano\"},\"image\":{\"@id\":\"https:\/\/experienciadevida.com.ar\/portalurbano\/#\/schema\/logo\/image\/\"},\"sameAs\":[\"https:\/\/www.facebook.com\/Portal-Urbano-171542830093757\/\",\"https:\/\/twitter.com\/portalurbanook\",\"https:\/\/www.instagram.com\/_portalurbano\/\",\"https:\/\/www.youtube.com\/channel\/UCXhagIfszH8KxFiOok79zbA?view_as=subscriber\"]},{\"@type\":\"Person\",\"@id\":\"https:\/\/experienciadevida.com.ar\/portalurbano\/#\/schema\/person\/02dd326b1c4b056e9cc972486934a3a7\",\"name\":\"admpu17wp\",\"image\":{\"@type\":\"ImageObject\",\"inLanguage\":\"es\",\"@id\":\"https:\/\/experienciadevida.com.ar\/portalurbano\/#\/schema\/person\/image\/\",\"url\":\"https:\/\/secure.gravatar.com\/avatar\/830d4c57adaae6630765e449a6908047?s=96&d=mm&r=g\",\"contentUrl\":\"https:\/\/secure.gravatar.com\/avatar\/830d4c57adaae6630765e449a6908047?s=96&d=mm&r=g\",\"caption\":\"admpu17wp\"}}]}<\/script>\n<!-- \/ Yoast SEO plugin. -->","yoast_head_json":{"title":"Por pedido de Ezequiel Galli, Juntos realizar\u00e1 aportes para mejorar","description":"Por pedido de Ezequiel Galli, Juntos realizar\u00e1 aportes para mejorar el funcionamiento de la nueva Comisi\u00f3n, del Concejo Deliberante","robots":{"index":"index","follow":"follow","max-snippet":"max-snippet:-1","max-image-preview":"max-image-preview:large","max-video-preview":"max-video-preview:-1"},"canonical":"https:\/\/experienciadevida.com.ar\/portalurbano\/por-pedido-de-ezequiel-galli-juntos-realizara-aportes-para-mejorar-el-funcionamiento-de-la-nueva-comision\/","og_locale":"es_ES","og_type":"article","og_title":"Por pedido de Ezequiel Galli, Juntos realizar\u00e1 aportes para mejorar","og_description":"Por pedido de Ezequiel Galli, Juntos realizar\u00e1 aportes para mejorar el funcionamiento de la nueva Comisi\u00f3n, del Concejo Deliberante","og_url":"https:\/\/experienciadevida.com.ar\/portalurbano\/por-pedido-de-ezequiel-galli-juntos-realizara-aportes-para-mejorar-el-funcionamiento-de-la-nueva-comision\/","article_publisher":"https:\/\/www.facebook.com\/Portal-Urbano-171542830093757\/","article_published_time":"2022-02-04T12:31:08+00:00","article_modified_time":"2022-02-04T12:52:24+00:00","og_image":[{"width":765,"height":510,"url":"https:\/\/experienciadevida.com.ar\/portalurbano\/wp-content\/uploads\/2022\/02\/Por-pedido-de-Ezequiel.jpg","type":"image\/jpeg"}],"author":"admpu17wp","twitter_card":"summary_large_image","twitter_creator":"@portalurbanook","twitter_site":"@portalurbanook","twitter_misc":{"Escrito por":"admpu17wp","Tiempo de lectura":"2 minutos"},"schema":{"@context":"https:\/\/schema.org","@graph":[{"@type":"Article","@id":"https:\/\/experienciadevida.com.ar\/portalurbano\/por-pedido-de-ezequiel-galli-juntos-realizara-aportes-para-mejorar-el-funcionamiento-de-la-nueva-comision\/#article","isPartOf":{"@id":"https:\/\/experienciadevida.com.ar\/portalurbano\/por-pedido-de-ezequiel-galli-juntos-realizara-aportes-para-mejorar-el-funcionamiento-de-la-nueva-comision\/"},"author":{"name":"admpu17wp","@id":"https:\/\/experienciadevida.com.ar\/portalurbano\/#\/schema\/person\/02dd326b1c4b056e9cc972486934a3a7"},"headline":"Por pedido de Ezequiel Galli, Juntos realizar\u00e1 aportes para mejorar el funcionamiento de la nueva Comisi\u00f3n","datePublished":"2022-02-04T12:31:08+00:00","dateModified":"2022-02-04T12:52:24+00:00","mainEntityOfPage":{"@id":"https:\/\/experienciadevida.com.ar\/portalurbano\/por-pedido-de-ezequiel-galli-juntos-realizara-aportes-para-mejorar-el-funcionamiento-de-la-nueva-comision\/"},"wordCount":379,"publisher":{"@id":"https:\/\/experienciadevida.com.ar\/portalurbano\/#organization"},"articleSection":["Ciudad","Destacadas"],"inLanguage":"es"},{"@type":"WebPage","@id":"https:\/\/experienciadevida.com.ar\/portalurbano\/por-pedido-de-ezequiel-galli-juntos-realizara-aportes-para-mejorar-el-funcionamiento-de-la-nueva-comision\/","url":"https:\/\/experienciadevida.com.ar\/portalurbano\/por-pedido-de-ezequiel-galli-juntos-realizara-aportes-para-mejorar-el-funcionamiento-de-la-nueva-comision\/","name":"Por pedido de Ezequiel Galli, Juntos realizar\u00e1 aportes para mejorar","isPartOf":{"@id":"https:\/\/experienciadevida.com.ar\/portalurbano\/#website"},"datePublished":"2022-02-04T12:31:08+00:00","dateModified":"2022-02-04T12:52:24+00:00","description":"Por pedido de Ezequiel Galli, Juntos realizar\u00e1 aportes para mejorar el funcionamiento de la nueva Comisi\u00f3n, del Concejo Deliberante","breadcrumb":{"@id":"https:\/\/experienciadevida.com.ar\/portalurbano\/por-pedido-de-ezequiel-galli-juntos-realizara-aportes-para-mejorar-el-funcionamiento-de-la-nueva-comision\/#breadcrumb"},"inLanguage":"es","potentialAction":[{"@type":"ReadAction","target":["https:\/\/experienciadevida.com.ar\/portalurbano\/por-pedido-de-ezequiel-galli-juntos-realizara-aportes-para-mejorar-el-funcionamiento-de-la-nueva-comision\/"]}]},{"@type":"BreadcrumbList","@id":"https:\/\/experienciadevida.com.ar\/portalurbano\/por-pedido-de-ezequiel-galli-juntos-realizara-aportes-para-mejorar-el-funcionamiento-de-la-nueva-comision\/#breadcrumb","itemListElement":[{"@type":"ListItem","position":1,"name":"Portada","item":"https:\/\/experienciadevida.com.ar\/portalurbano\/"},{"@type":"ListItem","position":2,"name":"Por pedido de Ezequiel Galli, Juntos realizar\u00e1 aportes para mejorar el funcionamiento de la nueva Comisi\u00f3n"}]},{"@type":"WebSite","@id":"https:\/\/experienciadevida.com.ar\/portalurbano\/#website","url":"https:\/\/experienciadevida.com.ar\/portalurbano\/","name":"","description":"","publisher":{"@id":"https:\/\/experienciadevida.com.ar\/portalurbano\/#organization"},"potentialAction":[{"@type":"SearchAction","target":{"@type":"EntryPoint","urlTemplate":"https:\/\/experienciadevida.com.ar\/portalurbano\/?s={search_term_string}"},"query-input":"required name=search_term_string"}],"inLanguage":"es"},{"@type":"Organization","@id":"https:\/\/experienciadevida.com.ar\/portalurbano\/#organization","name":"Portal Urbano","url":"https:\/\/experienciadevida.com.ar\/portalurbano\/","logo":{"@type":"ImageObject","inLanguage":"es","@id":"https:\/\/experienciadevida.com.ar\/portalurbano\/#\/schema\/logo\/image\/","url":"https:\/\/experienciadevida.com.ar\/portalurbano\/wp-content\/uploads\/2019\/09\/Logo-Original.png","contentUrl":"https:\/\/experienciadevida.com.ar\/portalurbano\/wp-content\/uploads\/2019\/09\/Logo-Original.png","width":2236,"height":1216,"caption":"Portal Urbano"},"image":{"@id":"https:\/\/experienciadevida.com.ar\/portalurbano\/#\/schema\/logo\/image\/"},"sameAs":["https:\/\/www.facebook.com\/Portal-Urbano-171542830093757\/","https:\/\/twitter.com\/portalurbanook","https:\/\/www.instagram.com\/_portalurbano\/","https:\/\/www.youtube.com\/channel\/UCXhagIfszH8KxFiOok79zbA?view_as=subscriber"]},{"@type":"Person","@id":"https:\/\/experienciadevida.com.ar\/portalurbano\/#\/schema\/person\/02dd326b1c4b056e9cc972486934a3a7","name":"admpu17wp","image":{"@type":"ImageObject","inLanguage":"es","@id":"https:\/\/experienciadevida.com.ar\/portalurbano\/#\/schema\/person\/image\/","url":"https:\/\/secure.gravatar.com\/avatar\/830d4c57adaae6630765e449a6908047?s=96&d=mm&r=g","contentUrl":"https:\/\/secure.gravatar.com\/avatar\/830d4c57adaae6630765e449a6908047?s=96&d=mm&r=g","caption":"admpu17wp"}}]}},"featured_image_urls":{"full":["https:\/\/experienciadevida.com.ar\/portalurbano\/wp-content\/uploads\/2022\/02\/Por-pedido-de-Ezequiel.jpg",765,510,false],"thumbnail":["https:\/\/experienciadevida.com.ar\/portalurbano\/wp-content\/uploads\/2022\/02\/Por-pedido-de-Ezequiel-150x150.jpg",150,150,true],"medium":["https:\/\/experienciadevida.com.ar\/portalurbano\/wp-content\/uploads\/2022\/02\/Por-pedido-de-Ezequiel-300x200.jpg",300,200,true],"medium_large":["https:\/\/experienciadevida.com.ar\/portalurbano\/wp-content\/uploads\/2022\/02\/Por-pedido-de-Ezequiel.jpg",640,427,false],"large":["https:\/\/experienciadevida.com.ar\/portalurbano\/wp-content\/uploads\/2022\/02\/Por-pedido-de-Ezequiel.jpg",640,427,false],"ug_big":["https:\/\/experienciadevida.com.ar\/portalurbano\/wp-content\/uploads\/2022\/02\/Por-pedido-de-Ezequiel.jpg",765,510,false],"1536x1536":["https:\/\/experienciadevida.com.ar\/portalurbano\/wp-content\/uploads\/2022\/02\/Por-pedido-de-Ezequiel.jpg",765,510,false],"2048x2048":["https:\/\/experienciadevida.com.ar\/portalurbano\/wp-content\/uploads\/2022\/02\/Por-pedido-de-Ezequiel.jpg",765,510,false],"newsever-slider-full":["https:\/\/experienciadevida.com.ar\/portalurbano\/wp-content\/uploads\/2022\/02\/Por-pedido-de-Ezequiel.jpg",765,510,false],"newsever-featured":["https:\/\/experienciadevida.com.ar\/portalurbano\/wp-content\/uploads\/2022\/02\/Por-pedido-de-Ezequiel.jpg",765,510,false],"newsever-medium":["https:\/\/experienciadevida.com.ar\/portalurbano\/wp-content\/uploads\/2022\/02\/Por-pedido-de-Ezequiel.jpg",713,475,false],"web-stories-poster-portrait":["https:\/\/experienciadevida.com.ar\/portalurbano\/wp-content\/uploads\/2022\/02\/Por-pedido-de-Ezequiel.jpg",640,427,false],"web-stories-publisher-logo":["https:\/\/experienciadevida.com.ar\/portalurbano\/wp-content\/uploads\/2022\/02\/Por-pedido-de-Ezequiel.jpg",96,64,false],"web-stories-thumbnail":["https:\/\/experienciadevida.com.ar\/portalurbano\/wp-content\/uploads\/2022\/02\/Por-pedido-de-Ezequiel.jpg",150,100,false]},"author_info":{"display_name":"admpu17wp","author_link":"https:\/\/experienciadevida.com.ar\/portalurbano\/author\/admpu17wp\/"},"category_info":"<a href=\"https:\/\/experienciadevida.com.ar\/portalurbano\/category\/ciudad\/\" rel=\"category tag\">Ciudad<\/a> <a href=\"https:\/\/experienciadevida.com.ar\/portalurbano\/category\/destacadas\/\" rel=\"category tag\">Destacadas<\/a>","tag_info":"Destacadas","comment_count":"0","amp_enabled":true,"_links":{"self":[{"href":"https:\/\/experienciadevida.com.ar\/portalurbano\/wp-json\/wp\/v2\/posts\/161090"}],"collection":[{"href":"https:\/\/experienciadevida.com.ar\/portalurbano\/wp-json\/wp\/v2\/posts"}],"about":[{"href":"https:\/\/experienciadevida.com.ar\/portalurbano\/wp-json\/wp\/v2\/types\/post"}],"author":[{"embeddable":true,"href":"https:\/\/experienciadevida.com.ar\/portalurbano\/wp-json\/wp\/v2\/users\/1"}],"replies":[{"embeddable":true,"href":"https:\/\/experienciadevida.com.ar\/portalurbano\/wp-json\/wp\/v2\/comments?post=161090"}],"version-history":[{"count":2,"href":"https:\/\/experienciadevida.com.ar\/portalurbano\/wp-json\/wp\/v2\/posts\/161090\/revisions"}],"predecessor-version":[{"id":161094,"href":"https:\/\/experienciadevida.com.ar\/portalurbano\/wp-json\/wp\/v2\/posts\/161090\/revisions\/161094"}],"wp:featuredmedia":[{"embeddable":true,"href":"https:\/\/experienciadevida.com.ar\/portalurbano\/wp-json\/wp\/v2\/media\/161092"}],"wp:attachment":[{"href":"https:\/\/experienciadevida.com.ar\/portalurbano\/wp-json\/wp\/v2\/media?parent=161090"}],"wp:term":[{"taxonomy":"category","embeddable":true,"href":"https:\/\/experienciadevida.com.ar\/portalurbano\/wp-json\/wp\/v2\/categories?post=161090"},{"taxonomy":"post_tag","embeddable":true,"href":"https:\/\/experienciadevida.com.ar\/portalurbano\/wp-json\/wp\/v2\/tags?post=161090"}],"curies":[{"name":"wp","href":"https:\/\/api.w.org\/{rel}","templated":true}]}}