{"id":161071,"date":"2022-02-03T20:51:52","date_gmt":"2022-02-03T23:51:52","guid":{"rendered":"https:\/\/experienciadevida.com.ar\/portalurbano\/?p=161071"},"modified":"2022-02-03T20:51:52","modified_gmt":"2022-02-03T23:51:52","slug":"se-renovo-el-programa-cortes-cuidados-hasta-fin-de-ano","status":"publish","type":"post","link":"https:\/\/experienciadevida.com.ar\/portalurbano\/se-renovo-el-programa-cortes-cuidados-hasta-fin-de-ano\/","title":{"rendered":"Se renov\u00f3 el programa Cortes Cuidados hasta fin de a\u00f1o"},"content":{"rendered":"<p><strong>El Gobierno nacional vuelve a poner en vigencia cortes Cuidados, desde el pr\u00f3ximo lunes 7, la propuesta que incluye cortes seleccionados de carne a precios inferiores a los del mercado dom\u00e9stico. As\u00ed, por ejemplo, se pueden encontrar el kilo de vac\u00edo, a 749 pesos; la tira de asado, a 699; el matambre, a 779; y la falda, a 449.<\/strong><\/p>\n<hr \/>\n<p>El a\u00f1o pasado,\u00a0el \u00cdndice de Precios al Consumidor tuvo un aumento anual de 50,9 por ciento, siendo la segunda inflaci\u00f3n m\u00e1s alta de los \u00faltimos 20 a\u00f1os,\u00a0tras el 53,8 del 2019, en el \u00faltimo a\u00f1o de gesti\u00f3n de Mauricio Macri. Y los alimentos estuvieron entre los principales impulsores de la variaci\u00f3n,\u00a0en particular, la carne, tan elegida por los argentinos.<\/p>\n<p>Por eso, este jueves, el Gobierno nacional anunci\u00f3\u00a0la renovaci\u00f3n del acuerdo con frigor\u00edficos y supermercados, conocido como Cortes Cuidados, que estar\u00e1 vigente desde el lunes 7 de febrero y hasta fin de a\u00f1o y que incluye\u00a0la comercializaci\u00f3n de siete de los cortes de carne vacuna\u00a0que m\u00e1s se consumen en el pa\u00eds.<\/p>\n<p>\u201cEl programa incluye los cortes m\u00e1s representativos del consumo de las y los argentinos con opciones para la parrilla, para el consumo diario, como milanesas, y para cocci\u00f3n a la olla\u201d, indicaron desde el Ministerio de Desarrollo Productivo, en un comunicado, y agregaron que los precios son \u201cnotablemente inferiores a los que pueden encontrarse en el mercado dom\u00e9stico\u201d.<\/p>\n<p>La primera etapa se extender\u00e1 hasta el pr\u00f3ximo 7 de abril, en tanto que los precios tienen una pauta de aumento del dos por ciento entre el 7 de marzo y el 7 de abril. De esta forma, durante el primer mes, se comercializar\u00e1n el kilo de tira de asado, a 699 pesos; la tapa de asado, a 639; el vac\u00edo, a 749; el matambre, a 779; la falda, a 449; la nalga, a 799; y la paleta, a 649.<\/p>\n<p>As\u00ed, los cortes a precios populares se pueden encontrar en m\u00e1s de mil bocas de expendio de todo el pa\u00eds, entre las que figuran las grandes cadenas de supermercados Carrefour, Coto, Disco, Jumbo, Vea, Walmart, D\u00eda, Changom\u00e1s y La An\u00f3nima, las cadenas mayoristas Vital y Makro, y las carnicer\u00edas adheridas a \u00danica y ABC.<\/p>\n<p>Vale recordar que, del acuerdo con el Gobierno, forman parte la Asociaci\u00f3n de Supermercados Unidos (ASU), el Consorcio de Exportadores de Carnes Argentinas ABC, y los frigor\u00edficos nucleados en la Federaci\u00f3n de Industrias Frigor\u00edficas Regionales (FIFRA) y en la Uni\u00f3n de la Industria C\u00e1rnica (\u00daNICA).<\/p>\n<p>Con el objetivo de combatir la inflaci\u00f3n, a principios de enero, la Secretar\u00eda de Comercio Interior\u00a0renov\u00f3 el programa Precios Cuidados, con m\u00e1s de 1.300 productos que\u00a0tendr\u00e1n un incremento mensual de dos por ciento. Adem\u00e1s, esta semana, se anunci\u00f3\u00a0una canasta escolar a precios accesibles, con un total de 160 bienes\u00a0para el inicio del ciclo lectivo.<\/p>\n","protected":false},"excerpt":{"rendered":"<p>El Gobierno nacional vuelve a poner en vigencia cortes Cuidados, desde el pr\u00f3ximo lunes 7,&#8230;<\/p>\n","protected":false},"author":1,"featured_media":161072,"comment_status":"closed","ping_status":"closed","sticky":false,"template":"","format":"standard","meta":{"content-type":""},"categories":[27],"tags":[],"nelio_content":{"isAutoShareEnabled":false,"autoShareEndMode":"default","automationSources":{"useContentSentences":true,"useSocialTemplates":true,"useCustomSentences":false,"customSentences":[]},"followers":[1],"suggestedReferences":[],"includedReferences":[],"efiUrl":"","efiAlt":"","highlights":[]},"yoast_head":"<!-- This site is optimized with the Yoast SEO plugin v20.7 - https:\/\/yoast.com\/wordpress\/plugins\/seo\/ -->\n<title>Se renov\u00f3 el programa Cortes Cuidados hasta fin de a\u00f1o<\/title>\n<meta name=\"description\" content=\"El Gobierno nacional vuelve a poner en vigencia cortes Cuidados, desde el pr\u00f3ximo lunes 7, la propuesta que incluye cortes seleccionados de carne a precios inferiores a los del mercado dom\u00e9stico. As\u00ed, por ejemplo, se pueden encontrar el kilo de vac\u00edo, a 749 pesos; la tira de asado, a 699; el matambre, a 779; y la falda, a 449.\" \/>\n<meta name=\"robots\" content=\"index, follow, max-snippet:-1, max-image-preview:large, max-video-preview:-1\" \/>\n<link rel=\"canonical\" href=\"https:\/\/experienciadevida.com.ar\/portalurbano\/se-renovo-el-programa-cortes-cuidados-hasta-fin-de-ano\/\" \/>\n<meta property=\"og:locale\" content=\"es_ES\" \/>\n<meta property=\"og:type\" content=\"article\" \/>\n<meta property=\"og:title\" content=\"Se renov\u00f3 el programa Cortes Cuidados hasta fin de a\u00f1o\" \/>\n<meta property=\"og:description\" content=\"El Gobierno nacional vuelve a poner en vigencia cortes Cuidados, desde el pr\u00f3ximo lunes 7, la propuesta que incluye cortes seleccionados de carne a precios inferiores a los del mercado dom\u00e9stico. As\u00ed, por ejemplo, se pueden encontrar el kilo de vac\u00edo, a 749 pesos; la tira de asado, a 699; el matambre, a 779; y la falda, a 449.\" \/>\n<meta property=\"og:url\" content=\"https:\/\/experienciadevida.com.ar\/portalurbano\/se-renovo-el-programa-cortes-cuidados-hasta-fin-de-ano\/\" \/>\n<meta property=\"article:publisher\" content=\"https:\/\/www.facebook.com\/Portal-Urbano-171542830093757\/\" \/>\n<meta property=\"article:published_time\" content=\"2022-02-03T23:51:52+00:00\" \/>\n<meta property=\"og:image\" content=\"https:\/\/experienciadevida.com.ar\/portalurbano\/wp-content\/uploads\/2022\/02\/carnicerias.jpg\" \/>\n\t<meta property=\"og:image:width\" content=\"715\" \/>\n\t<meta property=\"og:image:height\" content=\"402\" \/>\n\t<meta property=\"og:image:type\" content=\"image\/jpeg\" \/>\n<meta name=\"author\" content=\"admpu17wp\" \/>\n<meta name=\"twitter:card\" content=\"summary_large_image\" \/>\n<meta name=\"twitter:creator\" content=\"@portalurbanook\" \/>\n<meta name=\"twitter:site\" content=\"@portalurbanook\" \/>\n<meta name=\"twitter:label1\" content=\"Escrito por\" \/>\n\t<meta name=\"twitter:data1\" content=\"admpu17wp\" \/>\n\t<meta name=\"twitter:label2\" content=\"Tiempo de lectura\" \/>\n\t<meta name=\"twitter:data2\" content=\"2 minutos\" \/>\n<script type=\"application\/ld+json\" class=\"yoast-schema-graph\">{\"@context\":\"https:\/\/schema.org\",\"@graph\":[{\"@type\":\"Article\",\"@id\":\"https:\/\/experienciadevida.com.ar\/portalurbano\/se-renovo-el-programa-cortes-cuidados-hasta-fin-de-ano\/#article\",\"isPartOf\":{\"@id\":\"https:\/\/experienciadevida.com.ar\/portalurbano\/se-renovo-el-programa-cortes-cuidados-hasta-fin-de-ano\/\"},\"author\":{\"name\":\"admpu17wp\",\"@id\":\"https:\/\/experienciadevida.com.ar\/portalurbano\/#\/schema\/person\/02dd326b1c4b056e9cc972486934a3a7\"},\"headline\":\"Se renov\u00f3 el programa Cortes Cuidados hasta fin de a\u00f1o\",\"datePublished\":\"2022-02-03T23:51:52+00:00\",\"dateModified\":\"2022-02-03T23:51:52+00:00\",\"mainEntityOfPage\":{\"@id\":\"https:\/\/experienciadevida.com.ar\/portalurbano\/se-renovo-el-programa-cortes-cuidados-hasta-fin-de-ano\/\"},\"wordCount\":498,\"publisher\":{\"@id\":\"https:\/\/experienciadevida.com.ar\/portalurbano\/#organization\"},\"articleSection\":[\"Ciudad\"],\"inLanguage\":\"es\"},{\"@type\":\"WebPage\",\"@id\":\"https:\/\/experienciadevida.com.ar\/portalurbano\/se-renovo-el-programa-cortes-cuidados-hasta-fin-de-ano\/\",\"url\":\"https:\/\/experienciadevida.com.ar\/portalurbano\/se-renovo-el-programa-cortes-cuidados-hasta-fin-de-ano\/\",\"name\":\"Se renov\u00f3 el programa Cortes Cuidados hasta fin de a\u00f1o\",\"isPartOf\":{\"@id\":\"https:\/\/experienciadevida.com.ar\/portalurbano\/#website\"},\"datePublished\":\"2022-02-03T23:51:52+00:00\",\"dateModified\":\"2022-02-03T23:51:52+00:00\",\"description\":\"El Gobierno nacional vuelve a poner en vigencia cortes Cuidados, desde el pr\u00f3ximo lunes 7, la propuesta que incluye cortes seleccionados de carne a precios inferiores a los del mercado dom\u00e9stico. As\u00ed, por ejemplo, se pueden encontrar el kilo de vac\u00edo, a 749 pesos; la tira de asado, a 699; el matambre, a 779; y la falda, a 449.\",\"breadcrumb\":{\"@id\":\"https:\/\/experienciadevida.com.ar\/portalurbano\/se-renovo-el-programa-cortes-cuidados-hasta-fin-de-ano\/#breadcrumb\"},\"inLanguage\":\"es\",\"potentialAction\":[{\"@type\":\"ReadAction\",\"target\":[\"https:\/\/experienciadevida.com.ar\/portalurbano\/se-renovo-el-programa-cortes-cuidados-hasta-fin-de-ano\/\"]}]},{\"@type\":\"BreadcrumbList\",\"@id\":\"https:\/\/experienciadevida.com.ar\/portalurbano\/se-renovo-el-programa-cortes-cuidados-hasta-fin-de-ano\/#breadcrumb\",\"itemListElement\":[{\"@type\":\"ListItem\",\"position\":1,\"name\":\"Portada\",\"item\":\"https:\/\/experienciadevida.com.ar\/portalurbano\/\"},{\"@type\":\"ListItem\",\"position\":2,\"name\":\"Se renov\u00f3 el programa Cortes Cuidados hasta fin de a\u00f1o\"}]},{\"@type\":\"WebSite\",\"@id\":\"https:\/\/experienciadevida.com.ar\/portalurbano\/#website\",\"url\":\"https:\/\/experienciadevida.com.ar\/portalurbano\/\",\"name\":\"\",\"description\":\"\",\"publisher\":{\"@id\":\"https:\/\/experienciadevida.com.ar\/portalurbano\/#organization\"},\"potentialAction\":[{\"@type\":\"SearchAction\",\"target\":{\"@type\":\"EntryPoint\",\"urlTemplate\":\"https:\/\/experienciadevida.com.ar\/portalurbano\/?s={search_term_string}\"},\"query-input\":\"required name=search_term_string\"}],\"inLanguage\":\"es\"},{\"@type\":\"Organization\",\"@id\":\"https:\/\/experienciadevida.com.ar\/portalurbano\/#organization\",\"name\":\"Portal Urbano\",\"url\":\"https:\/\/experienciadevida.com.ar\/portalurbano\/\",\"logo\":{\"@type\":\"ImageObject\",\"inLanguage\":\"es\",\"@id\":\"https:\/\/experienciadevida.com.ar\/portalurbano\/#\/schema\/logo\/image\/\",\"url\":\"https:\/\/experienciadevida.com.ar\/portalurbano\/wp-content\/uploads\/2019\/09\/Logo-Original.png\",\"contentUrl\":\"https:\/\/experienciadevida.com.ar\/portalurbano\/wp-content\/uploads\/2019\/09\/Logo-Original.png\",\"width\":2236,\"height\":1216,\"caption\":\"Portal Urbano\"},\"image\":{\"@id\":\"https:\/\/experienciadevida.com.ar\/portalurbano\/#\/schema\/logo\/image\/\"},\"sameAs\":[\"https:\/\/www.facebook.com\/Portal-Urbano-171542830093757\/\",\"https:\/\/twitter.com\/portalurbanook\",\"https:\/\/www.instagram.com\/_portalurbano\/\",\"https:\/\/www.youtube.com\/channel\/UCXhagIfszH8KxFiOok79zbA?view_as=subscriber\"]},{\"@type\":\"Person\",\"@id\":\"https:\/\/experienciadevida.com.ar\/portalurbano\/#\/schema\/person\/02dd326b1c4b056e9cc972486934a3a7\",\"name\":\"admpu17wp\",\"image\":{\"@type\":\"ImageObject\",\"inLanguage\":\"es\",\"@id\":\"https:\/\/experienciadevida.com.ar\/portalurbano\/#\/schema\/person\/image\/\",\"url\":\"https:\/\/secure.gravatar.com\/avatar\/830d4c57adaae6630765e449a6908047?s=96&d=mm&r=g\",\"contentUrl\":\"https:\/\/secure.gravatar.com\/avatar\/830d4c57adaae6630765e449a6908047?s=96&d=mm&r=g\",\"caption\":\"admpu17wp\"}}]}<\/script>\n<!-- \/ Yoast SEO plugin. -->","yoast_head_json":{"title":"Se renov\u00f3 el programa Cortes Cuidados hasta fin de a\u00f1o","description":"El Gobierno nacional vuelve a poner en vigencia cortes Cuidados, desde el pr\u00f3ximo lunes 7, la propuesta que incluye cortes seleccionados de carne a precios inferiores a los del mercado dom\u00e9stico. As\u00ed, por ejemplo, se pueden encontrar el kilo de vac\u00edo, a 749 pesos; la tira de asado, a 699; el matambre, a 779; y la falda, a 449.","robots":{"index":"index","follow":"follow","max-snippet":"max-snippet:-1","max-image-preview":"max-image-preview:large","max-video-preview":"max-video-preview:-1"},"canonical":"https:\/\/experienciadevida.com.ar\/portalurbano\/se-renovo-el-programa-cortes-cuidados-hasta-fin-de-ano\/","og_locale":"es_ES","og_type":"article","og_title":"Se renov\u00f3 el programa Cortes Cuidados hasta fin de a\u00f1o","og_description":"El Gobierno nacional vuelve a poner en vigencia cortes Cuidados, desde el pr\u00f3ximo lunes 7, la propuesta que incluye cortes seleccionados de carne a precios inferiores a los del mercado dom\u00e9stico. As\u00ed, por ejemplo, se pueden encontrar el kilo de vac\u00edo, a 749 pesos; la tira de asado, a 699; el matambre, a 779; y la falda, a 449.","og_url":"https:\/\/experienciadevida.com.ar\/portalurbano\/se-renovo-el-programa-cortes-cuidados-hasta-fin-de-ano\/","article_publisher":"https:\/\/www.facebook.com\/Portal-Urbano-171542830093757\/","article_published_time":"2022-02-03T23:51:52+00:00","og_image":[{"width":715,"height":402,"url":"https:\/\/experienciadevida.com.ar\/portalurbano\/wp-content\/uploads\/2022\/02\/carnicerias.jpg","type":"image\/jpeg"}],"author":"admpu17wp","twitter_card":"summary_large_image","twitter_creator":"@portalurbanook","twitter_site":"@portalurbanook","twitter_misc":{"Escrito por":"admpu17wp","Tiempo de lectura":"2 minutos"},"schema":{"@context":"https:\/\/schema.org","@graph":[{"@type":"Article","@id":"https:\/\/experienciadevida.com.ar\/portalurbano\/se-renovo-el-programa-cortes-cuidados-hasta-fin-de-ano\/#article","isPartOf":{"@id":"https:\/\/experienciadevida.com.ar\/portalurbano\/se-renovo-el-programa-cortes-cuidados-hasta-fin-de-ano\/"},"author":{"name":"admpu17wp","@id":"https:\/\/experienciadevida.com.ar\/portalurbano\/#\/schema\/person\/02dd326b1c4b056e9cc972486934a3a7"},"headline":"Se renov\u00f3 el programa Cortes Cuidados hasta fin de a\u00f1o","datePublished":"2022-02-03T23:51:52+00:00","dateModified":"2022-02-03T23:51:52+00:00","mainEntityOfPage":{"@id":"https:\/\/experienciadevida.com.ar\/portalurbano\/se-renovo-el-programa-cortes-cuidados-hasta-fin-de-ano\/"},"wordCount":498,"publisher":{"@id":"https:\/\/experienciadevida.com.ar\/portalurbano\/#organization"},"articleSection":["Ciudad"],"inLanguage":"es"},{"@type":"WebPage","@id":"https:\/\/experienciadevida.com.ar\/portalurbano\/se-renovo-el-programa-cortes-cuidados-hasta-fin-de-ano\/","url":"https:\/\/experienciadevida.com.ar\/portalurbano\/se-renovo-el-programa-cortes-cuidados-hasta-fin-de-ano\/","name":"Se renov\u00f3 el programa Cortes Cuidados hasta fin de a\u00f1o","isPartOf":{"@id":"https:\/\/experienciadevida.com.ar\/portalurbano\/#website"},"datePublished":"2022-02-03T23:51:52+00:00","dateModified":"2022-02-03T23:51:52+00:00","description":"El Gobierno nacional vuelve a poner en vigencia cortes Cuidados, desde el pr\u00f3ximo lunes 7, la propuesta que incluye cortes seleccionados de carne a precios inferiores a los del mercado dom\u00e9stico. As\u00ed, por ejemplo, se pueden encontrar el kilo de vac\u00edo, a 749 pesos; la tira de asado, a 699; el matambre, a 779; y la falda, a 449.","breadcrumb":{"@id":"https:\/\/experienciadevida.com.ar\/portalurbano\/se-renovo-el-programa-cortes-cuidados-hasta-fin-de-ano\/#breadcrumb"},"inLanguage":"es","potentialAction":[{"@type":"ReadAction","target":["https:\/\/experienciadevida.com.ar\/portalurbano\/se-renovo-el-programa-cortes-cuidados-hasta-fin-de-ano\/"]}]},{"@type":"BreadcrumbList","@id":"https:\/\/experienciadevida.com.ar\/portalurbano\/se-renovo-el-programa-cortes-cuidados-hasta-fin-de-ano\/#breadcrumb","itemListElement":[{"@type":"ListItem","position":1,"name":"Portada","item":"https:\/\/experienciadevida.com.ar\/portalurbano\/"},{"@type":"ListItem","position":2,"name":"Se renov\u00f3 el programa Cortes Cuidados hasta fin de a\u00f1o"}]},{"@type":"WebSite","@id":"https:\/\/experienciadevida.com.ar\/portalurbano\/#website","url":"https:\/\/experienciadevida.com.ar\/portalurbano\/","name":"","description":"","publisher":{"@id":"https:\/\/experienciadevida.com.ar\/portalurbano\/#organization"},"potentialAction":[{"@type":"SearchAction","target":{"@type":"EntryPoint","urlTemplate":"https:\/\/experienciadevida.com.ar\/portalurbano\/?s={search_term_string}"},"query-input":"required name=search_term_string"}],"inLanguage":"es"},{"@type":"Organization","@id":"https:\/\/experienciadevida.com.ar\/portalurbano\/#organization","name":"Portal Urbano","url":"https:\/\/experienciadevida.com.ar\/portalurbano\/","logo":{"@type":"ImageObject","inLanguage":"es","@id":"https:\/\/experienciadevida.com.ar\/portalurbano\/#\/schema\/logo\/image\/","url":"https:\/\/experienciadevida.com.ar\/portalurbano\/wp-content\/uploads\/2019\/09\/Logo-Original.png","contentUrl":"https:\/\/experienciadevida.com.ar\/portalurbano\/wp-content\/uploads\/2019\/09\/Logo-Original.png","width":2236,"height":1216,"caption":"Portal Urbano"},"image":{"@id":"https:\/\/experienciadevida.com.ar\/portalurbano\/#\/schema\/logo\/image\/"},"sameAs":["https:\/\/www.facebook.com\/Portal-Urbano-171542830093757\/","https:\/\/twitter.com\/portalurbanook","https:\/\/www.instagram.com\/_portalurbano\/","https:\/\/www.youtube.com\/channel\/UCXhagIfszH8KxFiOok79zbA?view_as=subscriber"]},{"@type":"Person","@id":"https:\/\/experienciadevida.com.ar\/portalurbano\/#\/schema\/person\/02dd326b1c4b056e9cc972486934a3a7","name":"admpu17wp","image":{"@type":"ImageObject","inLanguage":"es","@id":"https:\/\/experienciadevida.com.ar\/portalurbano\/#\/schema\/person\/image\/","url":"https:\/\/secure.gravatar.com\/avatar\/830d4c57adaae6630765e449a6908047?s=96&d=mm&r=g","contentUrl":"https:\/\/secure.gravatar.com\/avatar\/830d4c57adaae6630765e449a6908047?s=96&d=mm&r=g","caption":"admpu17wp"}}]}},"featured_image_urls":{"full":["https:\/\/experienciadevida.com.ar\/portalurbano\/wp-content\/uploads\/2022\/02\/carnicerias.jpg",715,402,false],"thumbnail":["https:\/\/experienciadevida.com.ar\/portalurbano\/wp-content\/uploads\/2022\/02\/carnicerias-150x150.jpg",150,150,true],"medium":["https:\/\/experienciadevida.com.ar\/portalurbano\/wp-content\/uploads\/2022\/02\/carnicerias-300x169.jpg",300,169,true],"medium_large":["https:\/\/experienciadevida.com.ar\/portalurbano\/wp-content\/uploads\/2022\/02\/carnicerias.jpg",640,360,false],"large":["https:\/\/experienciadevida.com.ar\/portalurbano\/wp-content\/uploads\/2022\/02\/carnicerias.jpg",640,360,false],"ug_big":["https:\/\/experienciadevida.com.ar\/portalurbano\/wp-content\/uploads\/2022\/02\/carnicerias.jpg",715,402,false],"1536x1536":["https:\/\/experienciadevida.com.ar\/portalurbano\/wp-content\/uploads\/2022\/02\/carnicerias.jpg",715,402,false],"2048x2048":["https:\/\/experienciadevida.com.ar\/portalurbano\/wp-content\/uploads\/2022\/02\/carnicerias.jpg",715,402,false],"newsever-slider-full":["https:\/\/experienciadevida.com.ar\/portalurbano\/wp-content\/uploads\/2022\/02\/carnicerias.jpg",715,402,false],"newsever-featured":["https:\/\/experienciadevida.com.ar\/portalurbano\/wp-content\/uploads\/2022\/02\/carnicerias.jpg",715,402,false],"newsever-medium":["https:\/\/experienciadevida.com.ar\/portalurbano\/wp-content\/uploads\/2022\/02\/carnicerias.jpg",715,402,false],"web-stories-poster-portrait":["https:\/\/experienciadevida.com.ar\/portalurbano\/wp-content\/uploads\/2022\/02\/carnicerias.jpg",640,360,false],"web-stories-publisher-logo":["https:\/\/experienciadevida.com.ar\/portalurbano\/wp-content\/uploads\/2022\/02\/carnicerias.jpg",96,54,false],"web-stories-thumbnail":["https:\/\/experienciadevida.com.ar\/portalurbano\/wp-content\/uploads\/2022\/02\/carnicerias.jpg",150,84,false]},"author_info":{"display_name":"admpu17wp","author_link":"https:\/\/experienciadevida.com.ar\/portalurbano\/author\/admpu17wp\/"},"category_info":"<a href=\"https:\/\/experienciadevida.com.ar\/portalurbano\/category\/ciudad\/\" rel=\"category tag\">Ciudad<\/a>","tag_info":"Ciudad","comment_count":"0","amp_enabled":true,"_links":{"self":[{"href":"https:\/\/experienciadevida.com.ar\/portalurbano\/wp-json\/wp\/v2\/posts\/161071"}],"collection":[{"href":"https:\/\/experienciadevida.com.ar\/portalurbano\/wp-json\/wp\/v2\/posts"}],"about":[{"href":"https:\/\/experienciadevida.com.ar\/portalurbano\/wp-json\/wp\/v2\/types\/post"}],"author":[{"embeddable":true,"href":"https:\/\/experienciadevida.com.ar\/portalurbano\/wp-json\/wp\/v2\/users\/1"}],"replies":[{"embeddable":true,"href":"https:\/\/experienciadevida.com.ar\/portalurbano\/wp-json\/wp\/v2\/comments?post=161071"}],"version-history":[{"count":1,"href":"https:\/\/experienciadevida.com.ar\/portalurbano\/wp-json\/wp\/v2\/posts\/161071\/revisions"}],"predecessor-version":[{"id":161073,"href":"https:\/\/experienciadevida.com.ar\/portalurbano\/wp-json\/wp\/v2\/posts\/161071\/revisions\/161073"}],"wp:featuredmedia":[{"embeddable":true,"href":"https:\/\/experienciadevida.com.ar\/portalurbano\/wp-json\/wp\/v2\/media\/161072"}],"wp:attachment":[{"href":"https:\/\/experienciadevida.com.ar\/portalurbano\/wp-json\/wp\/v2\/media?parent=161071"}],"wp:term":[{"taxonomy":"category","embeddable":true,"href":"https:\/\/experienciadevida.com.ar\/portalurbano\/wp-json\/wp\/v2\/categories?post=161071"},{"taxonomy":"post_tag","embeddable":true,"href":"https:\/\/experienciadevida.com.ar\/portalurbano\/wp-json\/wp\/v2\/tags?post=161071"}],"curies":[{"name":"wp","href":"https:\/\/api.w.org\/{rel}","templated":true}]}}