{"id":160965,"date":"2022-02-02T15:33:09","date_gmt":"2022-02-02T18:33:09","guid":{"rendered":"https:\/\/experienciadevida.com.ar\/portalurbano\/?p=160965"},"modified":"2022-02-02T15:35:17","modified_gmt":"2022-02-02T18:35:17","slug":"ciclo-lectivo-2022-el-gobierno-provincial-destino-mas-de-14-millones-para-tareas-de-mantenimiento-y-reparacion-en-escuelas","status":"publish","type":"post","link":"https:\/\/experienciadevida.com.ar\/portalurbano\/ciclo-lectivo-2022-el-gobierno-provincial-destino-mas-de-14-millones-para-tareas-de-mantenimiento-y-reparacion-en-escuelas\/","title":{"rendered":"Ciclo lectivo 2022: El gobierno provincial destin\u00f3 m\u00e1s de 14 millones para tareas de mantenimiento y reparaci\u00f3n en escuelas"},"content":{"rendered":"<p>Ciclo lectivo 2022: El gobierno provincial destin\u00f3 m\u00e1s de 14 millones para tareas de mantenimiento y reparaci\u00f3n en escuelas.<\/p>\n<p><a href=\"https:\/\/experienciadevida.com.ar\/portalurbano\/ciclo-lectivo-2022-el-gobierno-provincial-destino-mas-de-14-millones-para-tareas-de-mantenimiento-y-reparacion-en-escuelas\/ciclo-3\/\" rel=\"attachment wp-att-160969\"><img decoding=\"async\" class=\"alignnone size-large wp-image-160969\" src=\"https:\/\/experienciadevida.com.ar\/portalurbano\/wp-content\/uploads\/2022\/02\/Ciclo-1024x626.jpg\" alt=\"Ciclo \" width=\"900\" height=\"550\" srcset=\"https:\/\/experienciadevida.com.ar\/portalurbano\/wp-content\/uploads\/2022\/02\/Ciclo-1024x626.jpg 1024w, https:\/\/experienciadevida.com.ar\/portalurbano\/wp-content\/uploads\/2022\/02\/Ciclo-300x184.jpg 300w, https:\/\/experienciadevida.com.ar\/portalurbano\/wp-content\/uploads\/2022\/02\/Ciclo-768x470.jpg 768w, https:\/\/experienciadevida.com.ar\/portalurbano\/wp-content\/uploads\/2022\/02\/Ciclo.jpg 1280w\" sizes=\"(max-width: 900px) 100vw, 900px\" \/><\/a><\/p>\n<p>Se trata de una Partida Presupuestaria consignada al Consejo Escolar y que se utilizar\u00e1 para pintura, diferentes arreglos, recarga y reposici\u00f3n de matafuegos, compra de luminaria, entre otros.<\/p>\n<p>Consejeros Escolares del Frente de Todos informaron que el Consejo Escolar de Olavarr\u00eda recibi\u00f3 un total de 14.796.326 en el mes de enero para obras destinadas al inicio del ciclo lectivo 2022, parte de un fondo directo que se desprende del presupuesto general de la provincia.<\/p>\n<p>El mismo deber\u00e1 ser utilizado para reparaciones el\u00e9ctricas ($3.467.889), cubiertas y canaletas ($3.853.210), aberturas y reemplazo de vidrios por vidrios de seguridad ($1.155.963), adquisici\u00f3n de pintura ($2.466.054), art\u00edculos de iluminaci\u00f3n y l\u00e1mparas led ($1.926.605), recarga y reposici\u00f3n de matafuegos ($1.926.605).<\/p>\n<p>Cabe destacar que dichos fondos se encuentran actualmente asignados a los Consejos Escolares para su uso a los fines de garantizar el correcto funcionamiento e inicio de clases correspondiente al Ciclo Lectivo 2022.<\/p>\n<p><a href=\"https:\/\/experienciadevida.com.ar\/portalurbano\/ciclo-lectivo-2022-el-gobierno-provincial-destino-mas-de-14-millones-para-tareas-de-mantenimiento-y-reparacion-en-escuelas\/lectivo\/\" rel=\"attachment wp-att-160970\"><img decoding=\"async\" class=\"alignnone size-large wp-image-160970\" src=\"https:\/\/experienciadevida.com.ar\/portalurbano\/wp-content\/uploads\/2022\/02\/lectivo-1024x627.jpg\" alt=\"lectivo \" width=\"900\" height=\"551\" srcset=\"https:\/\/experienciadevida.com.ar\/portalurbano\/wp-content\/uploads\/2022\/02\/lectivo-1024x627.jpg 1024w, https:\/\/experienciadevida.com.ar\/portalurbano\/wp-content\/uploads\/2022\/02\/lectivo-300x184.jpg 300w, https:\/\/experienciadevida.com.ar\/portalurbano\/wp-content\/uploads\/2022\/02\/lectivo-768x470.jpg 768w, https:\/\/experienciadevida.com.ar\/portalurbano\/wp-content\/uploads\/2022\/02\/lectivo.jpg 1280w\" sizes=\"(max-width: 900px) 100vw, 900px\" \/><\/a><\/p>\n","protected":false},"excerpt":{"rendered":"<p>Ciclo lectivo 2022: El gobierno provincial destin\u00f3 m\u00e1s de 14 millones para tareas de mantenimiento&#8230;<\/p>\n","protected":false},"author":1,"featured_media":160966,"comment_status":"closed","ping_status":"closed","sticky":false,"template":"","format":"standard","meta":{"content-type":""},"categories":[27,51],"tags":[],"nelio_content":{"isAutoShareEnabled":false,"autoShareEndMode":"default","automationSources":{"useContentSentences":true,"useSocialTemplates":true,"useCustomSentences":false,"customSentences":[]},"followers":[1],"suggestedReferences":[],"includedReferences":[],"efiUrl":"","efiAlt":"","highlights":[]},"yoast_head":"<!-- This site is optimized with the Yoast SEO plugin v20.7 - https:\/\/yoast.com\/wordpress\/plugins\/seo\/ -->\n<title>Ciclo lectivo 2022: El Gobierno provincial destin\u00f3 m\u00e1s de 14 millones<\/title>\n<meta name=\"description\" content=\"Ciclo lectivo 2022: El gobierno provincial destin\u00f3 m\u00e1s de 14 millones para tareas de mantenimiento y reparaci\u00f3n en escuelas.\" \/>\n<meta name=\"robots\" content=\"index, follow, max-snippet:-1, max-image-preview:large, max-video-preview:-1\" \/>\n<link rel=\"canonical\" href=\"https:\/\/experienciadevida.com.ar\/portalurbano\/ciclo-lectivo-2022-el-gobierno-provincial-destino-mas-de-14-millones-para-tareas-de-mantenimiento-y-reparacion-en-escuelas\/\" \/>\n<meta property=\"og:locale\" content=\"es_ES\" \/>\n<meta property=\"og:type\" content=\"article\" \/>\n<meta property=\"og:title\" content=\"Ciclo lectivo 2022: El Gobierno provincial destin\u00f3 m\u00e1s de 14 millones\" \/>\n<meta property=\"og:description\" content=\"Ciclo lectivo 2022: El gobierno provincial destin\u00f3 m\u00e1s de 14 millones para tareas de mantenimiento y reparaci\u00f3n en escuelas.\" \/>\n<meta property=\"og:url\" content=\"https:\/\/experienciadevida.com.ar\/portalurbano\/ciclo-lectivo-2022-el-gobierno-provincial-destino-mas-de-14-millones-para-tareas-de-mantenimiento-y-reparacion-en-escuelas\/\" \/>\n<meta property=\"article:publisher\" content=\"https:\/\/www.facebook.com\/Portal-Urbano-171542830093757\/\" \/>\n<meta property=\"article:published_time\" content=\"2022-02-02T18:33:09+00:00\" \/>\n<meta property=\"article:modified_time\" content=\"2022-02-02T18:35:17+00:00\" \/>\n<meta property=\"og:image\" content=\"https:\/\/experienciadevida.com.ar\/portalurbano\/wp-content\/uploads\/2022\/02\/Ciclo-lectivo-2022.jpg\" \/>\n\t<meta property=\"og:image:width\" content=\"1280\" \/>\n\t<meta property=\"og:image:height\" content=\"786\" \/>\n\t<meta property=\"og:image:type\" content=\"image\/jpeg\" \/>\n<meta name=\"author\" content=\"admpu17wp\" \/>\n<meta name=\"twitter:card\" content=\"summary_large_image\" \/>\n<meta name=\"twitter:creator\" content=\"@portalurbanook\" \/>\n<meta name=\"twitter:site\" content=\"@portalurbanook\" \/>\n<meta name=\"twitter:label1\" content=\"Escrito por\" \/>\n\t<meta name=\"twitter:data1\" content=\"admpu17wp\" \/>\n\t<meta name=\"twitter:label2\" content=\"Tiempo de lectura\" \/>\n\t<meta name=\"twitter:data2\" content=\"2 minutos\" \/>\n<script type=\"application\/ld+json\" class=\"yoast-schema-graph\">{\"@context\":\"https:\/\/schema.org\",\"@graph\":[{\"@type\":\"Article\",\"@id\":\"https:\/\/experienciadevida.com.ar\/portalurbano\/ciclo-lectivo-2022-el-gobierno-provincial-destino-mas-de-14-millones-para-tareas-de-mantenimiento-y-reparacion-en-escuelas\/#article\",\"isPartOf\":{\"@id\":\"https:\/\/experienciadevida.com.ar\/portalurbano\/ciclo-lectivo-2022-el-gobierno-provincial-destino-mas-de-14-millones-para-tareas-de-mantenimiento-y-reparacion-en-escuelas\/\"},\"author\":{\"name\":\"admpu17wp\",\"@id\":\"https:\/\/experienciadevida.com.ar\/portalurbano\/#\/schema\/person\/02dd326b1c4b056e9cc972486934a3a7\"},\"headline\":\"Ciclo lectivo 2022: El gobierno provincial destin\u00f3 m\u00e1s de 14 millones para tareas de mantenimiento y reparaci\u00f3n en escuelas\",\"datePublished\":\"2022-02-02T18:33:09+00:00\",\"dateModified\":\"2022-02-02T18:35:17+00:00\",\"mainEntityOfPage\":{\"@id\":\"https:\/\/experienciadevida.com.ar\/portalurbano\/ciclo-lectivo-2022-el-gobierno-provincial-destino-mas-de-14-millones-para-tareas-de-mantenimiento-y-reparacion-en-escuelas\/\"},\"wordCount\":184,\"publisher\":{\"@id\":\"https:\/\/experienciadevida.com.ar\/portalurbano\/#organization\"},\"articleSection\":[\"Ciudad\",\"Destacadas\"],\"inLanguage\":\"es\"},{\"@type\":\"WebPage\",\"@id\":\"https:\/\/experienciadevida.com.ar\/portalurbano\/ciclo-lectivo-2022-el-gobierno-provincial-destino-mas-de-14-millones-para-tareas-de-mantenimiento-y-reparacion-en-escuelas\/\",\"url\":\"https:\/\/experienciadevida.com.ar\/portalurbano\/ciclo-lectivo-2022-el-gobierno-provincial-destino-mas-de-14-millones-para-tareas-de-mantenimiento-y-reparacion-en-escuelas\/\",\"name\":\"Ciclo lectivo 2022: El Gobierno provincial destin\u00f3 m\u00e1s de 14 millones\",\"isPartOf\":{\"@id\":\"https:\/\/experienciadevida.com.ar\/portalurbano\/#website\"},\"datePublished\":\"2022-02-02T18:33:09+00:00\",\"dateModified\":\"2022-02-02T18:35:17+00:00\",\"description\":\"Ciclo lectivo 2022: El gobierno provincial destin\u00f3 m\u00e1s de 14 millones para tareas de mantenimiento y reparaci\u00f3n en escuelas.\",\"breadcrumb\":{\"@id\":\"https:\/\/experienciadevida.com.ar\/portalurbano\/ciclo-lectivo-2022-el-gobierno-provincial-destino-mas-de-14-millones-para-tareas-de-mantenimiento-y-reparacion-en-escuelas\/#breadcrumb\"},\"inLanguage\":\"es\",\"potentialAction\":[{\"@type\":\"ReadAction\",\"target\":[\"https:\/\/experienciadevida.com.ar\/portalurbano\/ciclo-lectivo-2022-el-gobierno-provincial-destino-mas-de-14-millones-para-tareas-de-mantenimiento-y-reparacion-en-escuelas\/\"]}]},{\"@type\":\"BreadcrumbList\",\"@id\":\"https:\/\/experienciadevida.com.ar\/portalurbano\/ciclo-lectivo-2022-el-gobierno-provincial-destino-mas-de-14-millones-para-tareas-de-mantenimiento-y-reparacion-en-escuelas\/#breadcrumb\",\"itemListElement\":[{\"@type\":\"ListItem\",\"position\":1,\"name\":\"Portada\",\"item\":\"https:\/\/experienciadevida.com.ar\/portalurbano\/\"},{\"@type\":\"ListItem\",\"position\":2,\"name\":\"Ciclo lectivo 2022: El gobierno provincial destin\u00f3 m\u00e1s de 14 millones para tareas de mantenimiento y reparaci\u00f3n en escuelas\"}]},{\"@type\":\"WebSite\",\"@id\":\"https:\/\/experienciadevida.com.ar\/portalurbano\/#website\",\"url\":\"https:\/\/experienciadevida.com.ar\/portalurbano\/\",\"name\":\"\",\"description\":\"\",\"publisher\":{\"@id\":\"https:\/\/experienciadevida.com.ar\/portalurbano\/#organization\"},\"potentialAction\":[{\"@type\":\"SearchAction\",\"target\":{\"@type\":\"EntryPoint\",\"urlTemplate\":\"https:\/\/experienciadevida.com.ar\/portalurbano\/?s={search_term_string}\"},\"query-input\":\"required name=search_term_string\"}],\"inLanguage\":\"es\"},{\"@type\":\"Organization\",\"@id\":\"https:\/\/experienciadevida.com.ar\/portalurbano\/#organization\",\"name\":\"Portal Urbano\",\"url\":\"https:\/\/experienciadevida.com.ar\/portalurbano\/\",\"logo\":{\"@type\":\"ImageObject\",\"inLanguage\":\"es\",\"@id\":\"https:\/\/experienciadevida.com.ar\/portalurbano\/#\/schema\/logo\/image\/\",\"url\":\"https:\/\/experienciadevida.com.ar\/portalurbano\/wp-content\/uploads\/2019\/09\/Logo-Original.png\",\"contentUrl\":\"https:\/\/experienciadevida.com.ar\/portalurbano\/wp-content\/uploads\/2019\/09\/Logo-Original.png\",\"width\":2236,\"height\":1216,\"caption\":\"Portal Urbano\"},\"image\":{\"@id\":\"https:\/\/experienciadevida.com.ar\/portalurbano\/#\/schema\/logo\/image\/\"},\"sameAs\":[\"https:\/\/www.facebook.com\/Portal-Urbano-171542830093757\/\",\"https:\/\/twitter.com\/portalurbanook\",\"https:\/\/www.instagram.com\/_portalurbano\/\",\"https:\/\/www.youtube.com\/channel\/UCXhagIfszH8KxFiOok79zbA?view_as=subscriber\"]},{\"@type\":\"Person\",\"@id\":\"https:\/\/experienciadevida.com.ar\/portalurbano\/#\/schema\/person\/02dd326b1c4b056e9cc972486934a3a7\",\"name\":\"admpu17wp\",\"image\":{\"@type\":\"ImageObject\",\"inLanguage\":\"es\",\"@id\":\"https:\/\/experienciadevida.com.ar\/portalurbano\/#\/schema\/person\/image\/\",\"url\":\"https:\/\/secure.gravatar.com\/avatar\/830d4c57adaae6630765e449a6908047?s=96&d=mm&r=g\",\"contentUrl\":\"https:\/\/secure.gravatar.com\/avatar\/830d4c57adaae6630765e449a6908047?s=96&d=mm&r=g\",\"caption\":\"admpu17wp\"}}]}<\/script>\n<!-- \/ Yoast SEO plugin. -->","yoast_head_json":{"title":"Ciclo lectivo 2022: El Gobierno provincial destin\u00f3 m\u00e1s de 14 millones","description":"Ciclo lectivo 2022: El gobierno provincial destin\u00f3 m\u00e1s de 14 millones para tareas de mantenimiento y reparaci\u00f3n en escuelas.","robots":{"index":"index","follow":"follow","max-snippet":"max-snippet:-1","max-image-preview":"max-image-preview:large","max-video-preview":"max-video-preview:-1"},"canonical":"https:\/\/experienciadevida.com.ar\/portalurbano\/ciclo-lectivo-2022-el-gobierno-provincial-destino-mas-de-14-millones-para-tareas-de-mantenimiento-y-reparacion-en-escuelas\/","og_locale":"es_ES","og_type":"article","og_title":"Ciclo lectivo 2022: El Gobierno provincial destin\u00f3 m\u00e1s de 14 millones","og_description":"Ciclo lectivo 2022: El gobierno provincial destin\u00f3 m\u00e1s de 14 millones para tareas de mantenimiento y reparaci\u00f3n en escuelas.","og_url":"https:\/\/experienciadevida.com.ar\/portalurbano\/ciclo-lectivo-2022-el-gobierno-provincial-destino-mas-de-14-millones-para-tareas-de-mantenimiento-y-reparacion-en-escuelas\/","article_publisher":"https:\/\/www.facebook.com\/Portal-Urbano-171542830093757\/","article_published_time":"2022-02-02T18:33:09+00:00","article_modified_time":"2022-02-02T18:35:17+00:00","og_image":[{"width":1280,"height":786,"url":"https:\/\/experienciadevida.com.ar\/portalurbano\/wp-content\/uploads\/2022\/02\/Ciclo-lectivo-2022.jpg","type":"image\/jpeg"}],"author":"admpu17wp","twitter_card":"summary_large_image","twitter_creator":"@portalurbanook","twitter_site":"@portalurbanook","twitter_misc":{"Escrito por":"admpu17wp","Tiempo de lectura":"2 minutos"},"schema":{"@context":"https:\/\/schema.org","@graph":[{"@type":"Article","@id":"https:\/\/experienciadevida.com.ar\/portalurbano\/ciclo-lectivo-2022-el-gobierno-provincial-destino-mas-de-14-millones-para-tareas-de-mantenimiento-y-reparacion-en-escuelas\/#article","isPartOf":{"@id":"https:\/\/experienciadevida.com.ar\/portalurbano\/ciclo-lectivo-2022-el-gobierno-provincial-destino-mas-de-14-millones-para-tareas-de-mantenimiento-y-reparacion-en-escuelas\/"},"author":{"name":"admpu17wp","@id":"https:\/\/experienciadevida.com.ar\/portalurbano\/#\/schema\/person\/02dd326b1c4b056e9cc972486934a3a7"},"headline":"Ciclo lectivo 2022: El gobierno provincial destin\u00f3 m\u00e1s de 14 millones para tareas de mantenimiento y reparaci\u00f3n en escuelas","datePublished":"2022-02-02T18:33:09+00:00","dateModified":"2022-02-02T18:35:17+00:00","mainEntityOfPage":{"@id":"https:\/\/experienciadevida.com.ar\/portalurbano\/ciclo-lectivo-2022-el-gobierno-provincial-destino-mas-de-14-millones-para-tareas-de-mantenimiento-y-reparacion-en-escuelas\/"},"wordCount":184,"publisher":{"@id":"https:\/\/experienciadevida.com.ar\/portalurbano\/#organization"},"articleSection":["Ciudad","Destacadas"],"inLanguage":"es"},{"@type":"WebPage","@id":"https:\/\/experienciadevida.com.ar\/portalurbano\/ciclo-lectivo-2022-el-gobierno-provincial-destino-mas-de-14-millones-para-tareas-de-mantenimiento-y-reparacion-en-escuelas\/","url":"https:\/\/experienciadevida.com.ar\/portalurbano\/ciclo-lectivo-2022-el-gobierno-provincial-destino-mas-de-14-millones-para-tareas-de-mantenimiento-y-reparacion-en-escuelas\/","name":"Ciclo lectivo 2022: El Gobierno provincial destin\u00f3 m\u00e1s de 14 millones","isPartOf":{"@id":"https:\/\/experienciadevida.com.ar\/portalurbano\/#website"},"datePublished":"2022-02-02T18:33:09+00:00","dateModified":"2022-02-02T18:35:17+00:00","description":"Ciclo lectivo 2022: El gobierno provincial destin\u00f3 m\u00e1s de 14 millones para tareas de mantenimiento y reparaci\u00f3n en escuelas.","breadcrumb":{"@id":"https:\/\/experienciadevida.com.ar\/portalurbano\/ciclo-lectivo-2022-el-gobierno-provincial-destino-mas-de-14-millones-para-tareas-de-mantenimiento-y-reparacion-en-escuelas\/#breadcrumb"},"inLanguage":"es","potentialAction":[{"@type":"ReadAction","target":["https:\/\/experienciadevida.com.ar\/portalurbano\/ciclo-lectivo-2022-el-gobierno-provincial-destino-mas-de-14-millones-para-tareas-de-mantenimiento-y-reparacion-en-escuelas\/"]}]},{"@type":"BreadcrumbList","@id":"https:\/\/experienciadevida.com.ar\/portalurbano\/ciclo-lectivo-2022-el-gobierno-provincial-destino-mas-de-14-millones-para-tareas-de-mantenimiento-y-reparacion-en-escuelas\/#breadcrumb","itemListElement":[{"@type":"ListItem","position":1,"name":"Portada","item":"https:\/\/experienciadevida.com.ar\/portalurbano\/"},{"@type":"ListItem","position":2,"name":"Ciclo lectivo 2022: El gobierno provincial destin\u00f3 m\u00e1s de 14 millones para tareas de mantenimiento y reparaci\u00f3n en escuelas"}]},{"@type":"WebSite","@id":"https:\/\/experienciadevida.com.ar\/portalurbano\/#website","url":"https:\/\/experienciadevida.com.ar\/portalurbano\/","name":"","description":"","publisher":{"@id":"https:\/\/experienciadevida.com.ar\/portalurbano\/#organization"},"potentialAction":[{"@type":"SearchAction","target":{"@type":"EntryPoint","urlTemplate":"https:\/\/experienciadevida.com.ar\/portalurbano\/?s={search_term_string}"},"query-input":"required name=search_term_string"}],"inLanguage":"es"},{"@type":"Organization","@id":"https:\/\/experienciadevida.com.ar\/portalurbano\/#organization","name":"Portal Urbano","url":"https:\/\/experienciadevida.com.ar\/portalurbano\/","logo":{"@type":"ImageObject","inLanguage":"es","@id":"https:\/\/experienciadevida.com.ar\/portalurbano\/#\/schema\/logo\/image\/","url":"https:\/\/experienciadevida.com.ar\/portalurbano\/wp-content\/uploads\/2019\/09\/Logo-Original.png","contentUrl":"https:\/\/experienciadevida.com.ar\/portalurbano\/wp-content\/uploads\/2019\/09\/Logo-Original.png","width":2236,"height":1216,"caption":"Portal Urbano"},"image":{"@id":"https:\/\/experienciadevida.com.ar\/portalurbano\/#\/schema\/logo\/image\/"},"sameAs":["https:\/\/www.facebook.com\/Portal-Urbano-171542830093757\/","https:\/\/twitter.com\/portalurbanook","https:\/\/www.instagram.com\/_portalurbano\/","https:\/\/www.youtube.com\/channel\/UCXhagIfszH8KxFiOok79zbA?view_as=subscriber"]},{"@type":"Person","@id":"https:\/\/experienciadevida.com.ar\/portalurbano\/#\/schema\/person\/02dd326b1c4b056e9cc972486934a3a7","name":"admpu17wp","image":{"@type":"ImageObject","inLanguage":"es","@id":"https:\/\/experienciadevida.com.ar\/portalurbano\/#\/schema\/person\/image\/","url":"https:\/\/secure.gravatar.com\/avatar\/830d4c57adaae6630765e449a6908047?s=96&d=mm&r=g","contentUrl":"https:\/\/secure.gravatar.com\/avatar\/830d4c57adaae6630765e449a6908047?s=96&d=mm&r=g","caption":"admpu17wp"}}]}},"featured_image_urls":{"full":["https:\/\/experienciadevida.com.ar\/portalurbano\/wp-content\/uploads\/2022\/02\/Ciclo-lectivo-2022.jpg",1280,786,false],"thumbnail":["https:\/\/experienciadevida.com.ar\/portalurbano\/wp-content\/uploads\/2022\/02\/Ciclo-lectivo-2022-150x150.jpg",150,150,true],"medium":["https:\/\/experienciadevida.com.ar\/portalurbano\/wp-content\/uploads\/2022\/02\/Ciclo-lectivo-2022-300x184.jpg",300,184,true],"medium_large":["https:\/\/experienciadevida.com.ar\/portalurbano\/wp-content\/uploads\/2022\/02\/Ciclo-lectivo-2022-768x472.jpg",640,393,true],"large":["https:\/\/experienciadevida.com.ar\/portalurbano\/wp-content\/uploads\/2022\/02\/Ciclo-lectivo-2022-1024x629.jpg",640,393,true],"ug_big":["https:\/\/experienciadevida.com.ar\/portalurbano\/wp-content\/uploads\/2022\/02\/Ciclo-lectivo-2022-768x472.jpg",768,472,true],"1536x1536":["https:\/\/experienciadevida.com.ar\/portalurbano\/wp-content\/uploads\/2022\/02\/Ciclo-lectivo-2022.jpg",1280,786,false],"2048x2048":["https:\/\/experienciadevida.com.ar\/portalurbano\/wp-content\/uploads\/2022\/02\/Ciclo-lectivo-2022.jpg",1280,786,false],"newsever-slider-full":["https:\/\/experienciadevida.com.ar\/portalurbano\/wp-content\/uploads\/2022\/02\/Ciclo-lectivo-2022.jpg",1280,786,false],"newsever-featured":["https:\/\/experienciadevida.com.ar\/portalurbano\/wp-content\/uploads\/2022\/02\/Ciclo-lectivo-2022.jpg",1024,629,false],"newsever-medium":["https:\/\/experienciadevida.com.ar\/portalurbano\/wp-content\/uploads\/2022\/02\/Ciclo-lectivo-2022.jpg",720,442,false],"web-stories-poster-portrait":["https:\/\/experienciadevida.com.ar\/portalurbano\/wp-content\/uploads\/2022\/02\/Ciclo-lectivo-2022.jpg",640,393,false],"web-stories-publisher-logo":["https:\/\/experienciadevida.com.ar\/portalurbano\/wp-content\/uploads\/2022\/02\/Ciclo-lectivo-2022.jpg",96,59,false],"web-stories-thumbnail":["https:\/\/experienciadevida.com.ar\/portalurbano\/wp-content\/uploads\/2022\/02\/Ciclo-lectivo-2022.jpg",150,92,false]},"author_info":{"display_name":"admpu17wp","author_link":"https:\/\/experienciadevida.com.ar\/portalurbano\/author\/admpu17wp\/"},"category_info":"<a href=\"https:\/\/experienciadevida.com.ar\/portalurbano\/category\/ciudad\/\" rel=\"category tag\">Ciudad<\/a> <a href=\"https:\/\/experienciadevida.com.ar\/portalurbano\/category\/destacadas\/\" rel=\"category tag\">Destacadas<\/a>","tag_info":"Destacadas","comment_count":"0","amp_enabled":true,"_links":{"self":[{"href":"https:\/\/experienciadevida.com.ar\/portalurbano\/wp-json\/wp\/v2\/posts\/160965"}],"collection":[{"href":"https:\/\/experienciadevida.com.ar\/portalurbano\/wp-json\/wp\/v2\/posts"}],"about":[{"href":"https:\/\/experienciadevida.com.ar\/portalurbano\/wp-json\/wp\/v2\/types\/post"}],"author":[{"embeddable":true,"href":"https:\/\/experienciadevida.com.ar\/portalurbano\/wp-json\/wp\/v2\/users\/1"}],"replies":[{"embeddable":true,"href":"https:\/\/experienciadevida.com.ar\/portalurbano\/wp-json\/wp\/v2\/comments?post=160965"}],"version-history":[{"count":3,"href":"https:\/\/experienciadevida.com.ar\/portalurbano\/wp-json\/wp\/v2\/posts\/160965\/revisions"}],"predecessor-version":[{"id":160971,"href":"https:\/\/experienciadevida.com.ar\/portalurbano\/wp-json\/wp\/v2\/posts\/160965\/revisions\/160971"}],"wp:featuredmedia":[{"embeddable":true,"href":"https:\/\/experienciadevida.com.ar\/portalurbano\/wp-json\/wp\/v2\/media\/160966"}],"wp:attachment":[{"href":"https:\/\/experienciadevida.com.ar\/portalurbano\/wp-json\/wp\/v2\/media?parent=160965"}],"wp:term":[{"taxonomy":"category","embeddable":true,"href":"https:\/\/experienciadevida.com.ar\/portalurbano\/wp-json\/wp\/v2\/categories?post=160965"},{"taxonomy":"post_tag","embeddable":true,"href":"https:\/\/experienciadevida.com.ar\/portalurbano\/wp-json\/wp\/v2\/tags?post=160965"}],"curies":[{"name":"wp","href":"https:\/\/api.w.org\/{rel}","templated":true}]}}