{"id":160954,"date":"2022-02-02T10:14:20","date_gmt":"2022-02-02T13:14:20","guid":{"rendered":"https:\/\/experienciadevida.com.ar\/portalurbano\/?p=160954"},"modified":"2022-02-02T10:14:48","modified_gmt":"2022-02-02T13:14:48","slug":"carmelo-vinci-en-el-f1-me-hubiese-gustado-que-mas-companeros-de-olavarria-estuviesen-presentes","status":"publish","type":"post","link":"https:\/\/experienciadevida.com.ar\/portalurbano\/carmelo-vinci-en-el-f1-me-hubiese-gustado-que-mas-companeros-de-olavarria-estuviesen-presentes\/","title":{"rendered":"Carmelo Vinci en el #1F: &#8220;Me hubiese gustado que m\u00e1s compa\u00f1eros de Olavarr\u00eda estuviesen presentes&#8221;"},"content":{"rendered":"<p>Carmelo <a href=\"https:\/\/www.facebook.com\/carmelo.vinci.71\">Vinci<\/a>: &#8220;Me hubiese gustado que m\u00e1s compa\u00f1eros de Olavarr\u00eda estuviesen presentes&#8221;, as\u00ed lo dijo en la convocatoria &#8220;por una justicia independiente y democr\u00e1tica&#8221;. En el marco de la convocatoria de la CTA de los Trabajadores a nivel nacional y provincial, se realiz\u00f3 en Olavarr\u00eda una acci\u00f3n de rechazo al estado de la Justicia en nuestro pa\u00eds. De la actividad en el Paseo Jes\u00fas Mend\u00eda participaron representantes de un gran n\u00famero de organizaciones pol\u00edticas, sindicales y sociales.<\/p>\n<p>La movilizaci\u00f3n del 1\u00b0 de Febrero a la Corte Suprema de Justicia ten\u00eda como objetivo no s\u00f3lo visibilizar la relaci\u00f3n entre justicia y poder en nuestro pa\u00eds sino tambi\u00e9n reclamar una transformaci\u00f3n, muy necesaria y urgente, del<br \/>\nsistema judicial y de la corporaci\u00f3n en la que se ha convertido la Corte Suprema de Justicia de la Naci\u00f3n.<\/p>\n<p>En nuestra ciudad luego de leerse un documento hablo Carmelo Vinci <em>&#8220;nosotros hemos sufrido en carne propia el hecho de que los tribunales no se hayan\u00a0querido constituir en el lugar d\u00f3nde se deber\u00edan haber hecho los juicios, salvo en determinado contexto pol\u00edtico y en alg\u00fan momento cuando se hizo en la Universidad aqu\u00ed en Olavarr\u00eda, en sociales, que le agradecemos a la universidad\u00a0 pero despu\u00e9s en otro contexto pol\u00edtico por su puesto que la Corte estuvo con otra actitud, digo la corte, digo la justicia general tuvo otra actitud y tuvimos que ir a Mar del Plata a realizar los juicios&#8221;.\u00a0<\/em><\/p>\n<p><em>&#8220;Todav\u00eda no lo pudimos solucionar este tema, estamos ahora s\u00ed en un gobierno democr\u00e1tico y al que podemos tener acceso para solicitarle,\u00a0 pero lamentablemente todav\u00eda creemos que no se cuenta con el poder pol\u00edtico para hacerlo y los compa\u00f1eros de Tandil tienen que ir a Mar\u00a0 del Plata&#8221;.<\/em><\/p>\n<p>Adem\u00e1s <em>&#8220;a mi me hubiese gustado que m\u00e1s compa\u00f1eros de Olavarr\u00eda hubiesen estado presentes acompa\u00f1ando esto pidiendo por estas demandas que tenemos&#8221;,<\/em> dijo Carmelo Vinci.<\/p>\n<p>Para finalizar expres\u00f3 <em>&#8220;en materia de derechos humanos tienen un mont\u00f3n de cosas todav\u00eda por resolver, debemos hoy pedir que se remueva la corte, de hecho queremos que se remueva, recordemos que hubo un gobierno que eligi\u00f3 a dedo a dos y reci\u00e9n despu\u00e9s fueron le dieron la legalidad en el congreso, queremos que se vayan&#8221;<\/em><\/p>\n<p><em>&#8220;Esperemos que podamos avanzar y de alguna manera evolucionar para garantizar justicia&#8221;.<\/em><\/p>\n","protected":false},"excerpt":{"rendered":"<p>Carmelo Vinci: &#8220;Me hubiese gustado que m\u00e1s compa\u00f1eros de Olavarr\u00eda estuviesen presentes&#8221;, as\u00ed lo dijo&#8230;<\/p>\n","protected":false},"author":1,"featured_media":160955,"comment_status":"closed","ping_status":"closed","sticky":false,"template":"","format":"standard","meta":{"content-type":""},"categories":[27],"tags":[],"nelio_content":{"isAutoShareEnabled":false,"autoShareEndMode":"default","automationSources":{"useContentSentences":true,"useSocialTemplates":true,"useCustomSentences":false,"customSentences":[]},"followers":[1],"suggestedReferences":[],"includedReferences":[],"efiUrl":"","efiAlt":"","highlights":[]},"yoast_head":"<!-- This site is optimized with the Yoast SEO plugin v20.7 - https:\/\/yoast.com\/wordpress\/plugins\/seo\/ -->\n<title>Carmelo Vinci: &quot;Me hubiese gustado que m\u00e1s compa\u00f1eros&quot;<\/title>\n<meta name=\"description\" content=\"Carmelo Vinci: &quot;Me hubiese gustado que m\u00e1s compa\u00f1eros de Olavarr\u00eda estuviesen presentes&quot;, as\u00ed lo dijo en la convocatoria\" \/>\n<meta name=\"robots\" content=\"index, follow, max-snippet:-1, max-image-preview:large, max-video-preview:-1\" \/>\n<link rel=\"canonical\" href=\"https:\/\/experienciadevida.com.ar\/portalurbano\/carmelo-vinci-en-el-f1-me-hubiese-gustado-que-mas-companeros-de-olavarria-estuviesen-presentes\/\" \/>\n<meta property=\"og:locale\" content=\"es_ES\" \/>\n<meta property=\"og:type\" content=\"article\" \/>\n<meta property=\"og:title\" content=\"Carmelo Vinci: &quot;Me hubiese gustado que m\u00e1s compa\u00f1eros&quot;\" \/>\n<meta property=\"og:description\" content=\"Carmelo Vinci: &quot;Me hubiese gustado que m\u00e1s compa\u00f1eros de Olavarr\u00eda estuviesen presentes&quot;, as\u00ed lo dijo en la convocatoria\" \/>\n<meta property=\"og:url\" content=\"https:\/\/experienciadevida.com.ar\/portalurbano\/carmelo-vinci-en-el-f1-me-hubiese-gustado-que-mas-companeros-de-olavarria-estuviesen-presentes\/\" \/>\n<meta property=\"article:publisher\" content=\"https:\/\/www.facebook.com\/Portal-Urbano-171542830093757\/\" \/>\n<meta property=\"article:published_time\" content=\"2022-02-02T13:14:20+00:00\" \/>\n<meta property=\"article:modified_time\" content=\"2022-02-02T13:14:48+00:00\" \/>\n<meta property=\"og:image\" content=\"https:\/\/experienciadevida.com.ar\/portalurbano\/wp-content\/uploads\/2022\/02\/Concentracion14.jpg\" \/>\n\t<meta property=\"og:image:width\" content=\"765\" \/>\n\t<meta property=\"og:image:height\" content=\"510\" \/>\n\t<meta property=\"og:image:type\" content=\"image\/jpeg\" \/>\n<meta name=\"author\" content=\"admpu17wp\" \/>\n<meta name=\"twitter:card\" content=\"summary_large_image\" \/>\n<meta name=\"twitter:creator\" content=\"@portalurbanook\" \/>\n<meta name=\"twitter:site\" content=\"@portalurbanook\" \/>\n<meta name=\"twitter:label1\" content=\"Escrito por\" \/>\n\t<meta name=\"twitter:data1\" content=\"admpu17wp\" \/>\n\t<meta name=\"twitter:label2\" content=\"Tiempo de lectura\" \/>\n\t<meta name=\"twitter:data2\" content=\"2 minutos\" \/>\n<script type=\"application\/ld+json\" class=\"yoast-schema-graph\">{\"@context\":\"https:\/\/schema.org\",\"@graph\":[{\"@type\":\"Article\",\"@id\":\"https:\/\/experienciadevida.com.ar\/portalurbano\/carmelo-vinci-en-el-f1-me-hubiese-gustado-que-mas-companeros-de-olavarria-estuviesen-presentes\/#article\",\"isPartOf\":{\"@id\":\"https:\/\/experienciadevida.com.ar\/portalurbano\/carmelo-vinci-en-el-f1-me-hubiese-gustado-que-mas-companeros-de-olavarria-estuviesen-presentes\/\"},\"author\":{\"name\":\"admpu17wp\",\"@id\":\"https:\/\/experienciadevida.com.ar\/portalurbano\/#\/schema\/person\/02dd326b1c4b056e9cc972486934a3a7\"},\"headline\":\"Carmelo Vinci en el #1F: &#8220;Me hubiese gustado que m\u00e1s compa\u00f1eros de Olavarr\u00eda estuviesen presentes&#8221;\",\"datePublished\":\"2022-02-02T13:14:20+00:00\",\"dateModified\":\"2022-02-02T13:14:48+00:00\",\"mainEntityOfPage\":{\"@id\":\"https:\/\/experienciadevida.com.ar\/portalurbano\/carmelo-vinci-en-el-f1-me-hubiese-gustado-que-mas-companeros-de-olavarria-estuviesen-presentes\/\"},\"wordCount\":435,\"publisher\":{\"@id\":\"https:\/\/experienciadevida.com.ar\/portalurbano\/#organization\"},\"articleSection\":[\"Ciudad\"],\"inLanguage\":\"es\"},{\"@type\":\"WebPage\",\"@id\":\"https:\/\/experienciadevida.com.ar\/portalurbano\/carmelo-vinci-en-el-f1-me-hubiese-gustado-que-mas-companeros-de-olavarria-estuviesen-presentes\/\",\"url\":\"https:\/\/experienciadevida.com.ar\/portalurbano\/carmelo-vinci-en-el-f1-me-hubiese-gustado-que-mas-companeros-de-olavarria-estuviesen-presentes\/\",\"name\":\"Carmelo Vinci: \\\"Me hubiese gustado que m\u00e1s compa\u00f1eros\\\"\",\"isPartOf\":{\"@id\":\"https:\/\/experienciadevida.com.ar\/portalurbano\/#website\"},\"datePublished\":\"2022-02-02T13:14:20+00:00\",\"dateModified\":\"2022-02-02T13:14:48+00:00\",\"description\":\"Carmelo Vinci: \\\"Me hubiese gustado que m\u00e1s compa\u00f1eros de Olavarr\u00eda estuviesen presentes\\\", as\u00ed lo dijo en la convocatoria\",\"breadcrumb\":{\"@id\":\"https:\/\/experienciadevida.com.ar\/portalurbano\/carmelo-vinci-en-el-f1-me-hubiese-gustado-que-mas-companeros-de-olavarria-estuviesen-presentes\/#breadcrumb\"},\"inLanguage\":\"es\",\"potentialAction\":[{\"@type\":\"ReadAction\",\"target\":[\"https:\/\/experienciadevida.com.ar\/portalurbano\/carmelo-vinci-en-el-f1-me-hubiese-gustado-que-mas-companeros-de-olavarria-estuviesen-presentes\/\"]}]},{\"@type\":\"BreadcrumbList\",\"@id\":\"https:\/\/experienciadevida.com.ar\/portalurbano\/carmelo-vinci-en-el-f1-me-hubiese-gustado-que-mas-companeros-de-olavarria-estuviesen-presentes\/#breadcrumb\",\"itemListElement\":[{\"@type\":\"ListItem\",\"position\":1,\"name\":\"Portada\",\"item\":\"https:\/\/experienciadevida.com.ar\/portalurbano\/\"},{\"@type\":\"ListItem\",\"position\":2,\"name\":\"Carmelo Vinci en el #1F: \u00abMe hubiese gustado que m\u00e1s compa\u00f1eros de Olavarr\u00eda estuviesen presentes\u00bb\"}]},{\"@type\":\"WebSite\",\"@id\":\"https:\/\/experienciadevida.com.ar\/portalurbano\/#website\",\"url\":\"https:\/\/experienciadevida.com.ar\/portalurbano\/\",\"name\":\"\",\"description\":\"\",\"publisher\":{\"@id\":\"https:\/\/experienciadevida.com.ar\/portalurbano\/#organization\"},\"potentialAction\":[{\"@type\":\"SearchAction\",\"target\":{\"@type\":\"EntryPoint\",\"urlTemplate\":\"https:\/\/experienciadevida.com.ar\/portalurbano\/?s={search_term_string}\"},\"query-input\":\"required name=search_term_string\"}],\"inLanguage\":\"es\"},{\"@type\":\"Organization\",\"@id\":\"https:\/\/experienciadevida.com.ar\/portalurbano\/#organization\",\"name\":\"Portal Urbano\",\"url\":\"https:\/\/experienciadevida.com.ar\/portalurbano\/\",\"logo\":{\"@type\":\"ImageObject\",\"inLanguage\":\"es\",\"@id\":\"https:\/\/experienciadevida.com.ar\/portalurbano\/#\/schema\/logo\/image\/\",\"url\":\"https:\/\/experienciadevida.com.ar\/portalurbano\/wp-content\/uploads\/2019\/09\/Logo-Original.png\",\"contentUrl\":\"https:\/\/experienciadevida.com.ar\/portalurbano\/wp-content\/uploads\/2019\/09\/Logo-Original.png\",\"width\":2236,\"height\":1216,\"caption\":\"Portal Urbano\"},\"image\":{\"@id\":\"https:\/\/experienciadevida.com.ar\/portalurbano\/#\/schema\/logo\/image\/\"},\"sameAs\":[\"https:\/\/www.facebook.com\/Portal-Urbano-171542830093757\/\",\"https:\/\/twitter.com\/portalurbanook\",\"https:\/\/www.instagram.com\/_portalurbano\/\",\"https:\/\/www.youtube.com\/channel\/UCXhagIfszH8KxFiOok79zbA?view_as=subscriber\"]},{\"@type\":\"Person\",\"@id\":\"https:\/\/experienciadevida.com.ar\/portalurbano\/#\/schema\/person\/02dd326b1c4b056e9cc972486934a3a7\",\"name\":\"admpu17wp\",\"image\":{\"@type\":\"ImageObject\",\"inLanguage\":\"es\",\"@id\":\"https:\/\/experienciadevida.com.ar\/portalurbano\/#\/schema\/person\/image\/\",\"url\":\"https:\/\/secure.gravatar.com\/avatar\/830d4c57adaae6630765e449a6908047?s=96&d=mm&r=g\",\"contentUrl\":\"https:\/\/secure.gravatar.com\/avatar\/830d4c57adaae6630765e449a6908047?s=96&d=mm&r=g\",\"caption\":\"admpu17wp\"}}]}<\/script>\n<!-- \/ Yoast SEO plugin. -->","yoast_head_json":{"title":"Carmelo Vinci: \"Me hubiese gustado que m\u00e1s compa\u00f1eros\"","description":"Carmelo Vinci: \"Me hubiese gustado que m\u00e1s compa\u00f1eros de Olavarr\u00eda estuviesen presentes\", as\u00ed lo dijo en la convocatoria","robots":{"index":"index","follow":"follow","max-snippet":"max-snippet:-1","max-image-preview":"max-image-preview:large","max-video-preview":"max-video-preview:-1"},"canonical":"https:\/\/experienciadevida.com.ar\/portalurbano\/carmelo-vinci-en-el-f1-me-hubiese-gustado-que-mas-companeros-de-olavarria-estuviesen-presentes\/","og_locale":"es_ES","og_type":"article","og_title":"Carmelo Vinci: \"Me hubiese gustado que m\u00e1s compa\u00f1eros\"","og_description":"Carmelo Vinci: \"Me hubiese gustado que m\u00e1s compa\u00f1eros de Olavarr\u00eda estuviesen presentes\", as\u00ed lo dijo en la convocatoria","og_url":"https:\/\/experienciadevida.com.ar\/portalurbano\/carmelo-vinci-en-el-f1-me-hubiese-gustado-que-mas-companeros-de-olavarria-estuviesen-presentes\/","article_publisher":"https:\/\/www.facebook.com\/Portal-Urbano-171542830093757\/","article_published_time":"2022-02-02T13:14:20+00:00","article_modified_time":"2022-02-02T13:14:48+00:00","og_image":[{"width":765,"height":510,"url":"https:\/\/experienciadevida.com.ar\/portalurbano\/wp-content\/uploads\/2022\/02\/Concentracion14.jpg","type":"image\/jpeg"}],"author":"admpu17wp","twitter_card":"summary_large_image","twitter_creator":"@portalurbanook","twitter_site":"@portalurbanook","twitter_misc":{"Escrito por":"admpu17wp","Tiempo de lectura":"2 minutos"},"schema":{"@context":"https:\/\/schema.org","@graph":[{"@type":"Article","@id":"https:\/\/experienciadevida.com.ar\/portalurbano\/carmelo-vinci-en-el-f1-me-hubiese-gustado-que-mas-companeros-de-olavarria-estuviesen-presentes\/#article","isPartOf":{"@id":"https:\/\/experienciadevida.com.ar\/portalurbano\/carmelo-vinci-en-el-f1-me-hubiese-gustado-que-mas-companeros-de-olavarria-estuviesen-presentes\/"},"author":{"name":"admpu17wp","@id":"https:\/\/experienciadevida.com.ar\/portalurbano\/#\/schema\/person\/02dd326b1c4b056e9cc972486934a3a7"},"headline":"Carmelo Vinci en el #1F: &#8220;Me hubiese gustado que m\u00e1s compa\u00f1eros de Olavarr\u00eda estuviesen presentes&#8221;","datePublished":"2022-02-02T13:14:20+00:00","dateModified":"2022-02-02T13:14:48+00:00","mainEntityOfPage":{"@id":"https:\/\/experienciadevida.com.ar\/portalurbano\/carmelo-vinci-en-el-f1-me-hubiese-gustado-que-mas-companeros-de-olavarria-estuviesen-presentes\/"},"wordCount":435,"publisher":{"@id":"https:\/\/experienciadevida.com.ar\/portalurbano\/#organization"},"articleSection":["Ciudad"],"inLanguage":"es"},{"@type":"WebPage","@id":"https:\/\/experienciadevida.com.ar\/portalurbano\/carmelo-vinci-en-el-f1-me-hubiese-gustado-que-mas-companeros-de-olavarria-estuviesen-presentes\/","url":"https:\/\/experienciadevida.com.ar\/portalurbano\/carmelo-vinci-en-el-f1-me-hubiese-gustado-que-mas-companeros-de-olavarria-estuviesen-presentes\/","name":"Carmelo Vinci: \"Me hubiese gustado que m\u00e1s compa\u00f1eros\"","isPartOf":{"@id":"https:\/\/experienciadevida.com.ar\/portalurbano\/#website"},"datePublished":"2022-02-02T13:14:20+00:00","dateModified":"2022-02-02T13:14:48+00:00","description":"Carmelo Vinci: \"Me hubiese gustado que m\u00e1s compa\u00f1eros de Olavarr\u00eda estuviesen presentes\", as\u00ed lo dijo en la convocatoria","breadcrumb":{"@id":"https:\/\/experienciadevida.com.ar\/portalurbano\/carmelo-vinci-en-el-f1-me-hubiese-gustado-que-mas-companeros-de-olavarria-estuviesen-presentes\/#breadcrumb"},"inLanguage":"es","potentialAction":[{"@type":"ReadAction","target":["https:\/\/experienciadevida.com.ar\/portalurbano\/carmelo-vinci-en-el-f1-me-hubiese-gustado-que-mas-companeros-de-olavarria-estuviesen-presentes\/"]}]},{"@type":"BreadcrumbList","@id":"https:\/\/experienciadevida.com.ar\/portalurbano\/carmelo-vinci-en-el-f1-me-hubiese-gustado-que-mas-companeros-de-olavarria-estuviesen-presentes\/#breadcrumb","itemListElement":[{"@type":"ListItem","position":1,"name":"Portada","item":"https:\/\/experienciadevida.com.ar\/portalurbano\/"},{"@type":"ListItem","position":2,"name":"Carmelo Vinci en el #1F: \u00abMe hubiese gustado que m\u00e1s compa\u00f1eros de Olavarr\u00eda estuviesen presentes\u00bb"}]},{"@type":"WebSite","@id":"https:\/\/experienciadevida.com.ar\/portalurbano\/#website","url":"https:\/\/experienciadevida.com.ar\/portalurbano\/","name":"","description":"","publisher":{"@id":"https:\/\/experienciadevida.com.ar\/portalurbano\/#organization"},"potentialAction":[{"@type":"SearchAction","target":{"@type":"EntryPoint","urlTemplate":"https:\/\/experienciadevida.com.ar\/portalurbano\/?s={search_term_string}"},"query-input":"required name=search_term_string"}],"inLanguage":"es"},{"@type":"Organization","@id":"https:\/\/experienciadevida.com.ar\/portalurbano\/#organization","name":"Portal Urbano","url":"https:\/\/experienciadevida.com.ar\/portalurbano\/","logo":{"@type":"ImageObject","inLanguage":"es","@id":"https:\/\/experienciadevida.com.ar\/portalurbano\/#\/schema\/logo\/image\/","url":"https:\/\/experienciadevida.com.ar\/portalurbano\/wp-content\/uploads\/2019\/09\/Logo-Original.png","contentUrl":"https:\/\/experienciadevida.com.ar\/portalurbano\/wp-content\/uploads\/2019\/09\/Logo-Original.png","width":2236,"height":1216,"caption":"Portal Urbano"},"image":{"@id":"https:\/\/experienciadevida.com.ar\/portalurbano\/#\/schema\/logo\/image\/"},"sameAs":["https:\/\/www.facebook.com\/Portal-Urbano-171542830093757\/","https:\/\/twitter.com\/portalurbanook","https:\/\/www.instagram.com\/_portalurbano\/","https:\/\/www.youtube.com\/channel\/UCXhagIfszH8KxFiOok79zbA?view_as=subscriber"]},{"@type":"Person","@id":"https:\/\/experienciadevida.com.ar\/portalurbano\/#\/schema\/person\/02dd326b1c4b056e9cc972486934a3a7","name":"admpu17wp","image":{"@type":"ImageObject","inLanguage":"es","@id":"https:\/\/experienciadevida.com.ar\/portalurbano\/#\/schema\/person\/image\/","url":"https:\/\/secure.gravatar.com\/avatar\/830d4c57adaae6630765e449a6908047?s=96&d=mm&r=g","contentUrl":"https:\/\/secure.gravatar.com\/avatar\/830d4c57adaae6630765e449a6908047?s=96&d=mm&r=g","caption":"admpu17wp"}}]}},"featured_image_urls":{"full":["https:\/\/experienciadevida.com.ar\/portalurbano\/wp-content\/uploads\/2022\/02\/Concentracion14.jpg",765,510,false],"thumbnail":["https:\/\/experienciadevida.com.ar\/portalurbano\/wp-content\/uploads\/2022\/02\/Concentracion14-150x150.jpg",150,150,true],"medium":["https:\/\/experienciadevida.com.ar\/portalurbano\/wp-content\/uploads\/2022\/02\/Concentracion14-300x200.jpg",300,200,true],"medium_large":["https:\/\/experienciadevida.com.ar\/portalurbano\/wp-content\/uploads\/2022\/02\/Concentracion14.jpg",640,427,false],"large":["https:\/\/experienciadevida.com.ar\/portalurbano\/wp-content\/uploads\/2022\/02\/Concentracion14.jpg",640,427,false],"ug_big":["https:\/\/experienciadevida.com.ar\/portalurbano\/wp-content\/uploads\/2022\/02\/Concentracion14.jpg",765,510,false],"1536x1536":["https:\/\/experienciadevida.com.ar\/portalurbano\/wp-content\/uploads\/2022\/02\/Concentracion14.jpg",765,510,false],"2048x2048":["https:\/\/experienciadevida.com.ar\/portalurbano\/wp-content\/uploads\/2022\/02\/Concentracion14.jpg",765,510,false],"newsever-slider-full":["https:\/\/experienciadevida.com.ar\/portalurbano\/wp-content\/uploads\/2022\/02\/Concentracion14.jpg",765,510,false],"newsever-featured":["https:\/\/experienciadevida.com.ar\/portalurbano\/wp-content\/uploads\/2022\/02\/Concentracion14.jpg",765,510,false],"newsever-medium":["https:\/\/experienciadevida.com.ar\/portalurbano\/wp-content\/uploads\/2022\/02\/Concentracion14.jpg",713,475,false],"web-stories-poster-portrait":["https:\/\/experienciadevida.com.ar\/portalurbano\/wp-content\/uploads\/2022\/02\/Concentracion14.jpg",640,427,false],"web-stories-publisher-logo":["https:\/\/experienciadevida.com.ar\/portalurbano\/wp-content\/uploads\/2022\/02\/Concentracion14.jpg",96,64,false],"web-stories-thumbnail":["https:\/\/experienciadevida.com.ar\/portalurbano\/wp-content\/uploads\/2022\/02\/Concentracion14.jpg",150,100,false]},"author_info":{"display_name":"admpu17wp","author_link":"https:\/\/experienciadevida.com.ar\/portalurbano\/author\/admpu17wp\/"},"category_info":"<a href=\"https:\/\/experienciadevida.com.ar\/portalurbano\/category\/ciudad\/\" rel=\"category tag\">Ciudad<\/a>","tag_info":"Ciudad","comment_count":"0","amp_enabled":true,"_links":{"self":[{"href":"https:\/\/experienciadevida.com.ar\/portalurbano\/wp-json\/wp\/v2\/posts\/160954"}],"collection":[{"href":"https:\/\/experienciadevida.com.ar\/portalurbano\/wp-json\/wp\/v2\/posts"}],"about":[{"href":"https:\/\/experienciadevida.com.ar\/portalurbano\/wp-json\/wp\/v2\/types\/post"}],"author":[{"embeddable":true,"href":"https:\/\/experienciadevida.com.ar\/portalurbano\/wp-json\/wp\/v2\/users\/1"}],"replies":[{"embeddable":true,"href":"https:\/\/experienciadevida.com.ar\/portalurbano\/wp-json\/wp\/v2\/comments?post=160954"}],"version-history":[{"count":3,"href":"https:\/\/experienciadevida.com.ar\/portalurbano\/wp-json\/wp\/v2\/posts\/160954\/revisions"}],"predecessor-version":[{"id":160958,"href":"https:\/\/experienciadevida.com.ar\/portalurbano\/wp-json\/wp\/v2\/posts\/160954\/revisions\/160958"}],"wp:featuredmedia":[{"embeddable":true,"href":"https:\/\/experienciadevida.com.ar\/portalurbano\/wp-json\/wp\/v2\/media\/160955"}],"wp:attachment":[{"href":"https:\/\/experienciadevida.com.ar\/portalurbano\/wp-json\/wp\/v2\/media?parent=160954"}],"wp:term":[{"taxonomy":"category","embeddable":true,"href":"https:\/\/experienciadevida.com.ar\/portalurbano\/wp-json\/wp\/v2\/categories?post=160954"},{"taxonomy":"post_tag","embeddable":true,"href":"https:\/\/experienciadevida.com.ar\/portalurbano\/wp-json\/wp\/v2\/tags?post=160954"}],"curies":[{"name":"wp","href":"https:\/\/api.w.org\/{rel}","templated":true}]}}