{"id":160923,"date":"2022-02-02T08:47:10","date_gmt":"2022-02-02T11:47:10","guid":{"rendered":"https:\/\/experienciadevida.com.ar\/portalurbano\/?p=160923"},"modified":"2022-02-02T08:48:58","modified_gmt":"2022-02-02T11:48:58","slug":"ypf-aumento-sus-combustibles-un-9-en-promedio-en-todo-el-pais","status":"publish","type":"post","link":"https:\/\/experienciadevida.com.ar\/portalurbano\/ypf-aumento-sus-combustibles-un-9-en-promedio-en-todo-el-pais\/","title":{"rendered":"YPF aument\u00f3 sus combustibles un 9% en promedio en todo el pa\u00eds"},"content":{"rendered":"<h2 class=\"headline\">Rige desde este mi\u00e9rcoles 2 de febrero. Se trata del primer incremento desde mayo de 2021. El aumento ser\u00e1 de dos puntos porcentuales m\u00e1s en el caso de los productos premium, como la nafta infinia.<\/h2>\n<hr \/>\n<p>La\u00a0<strong>petrolera estatal YPF<\/strong>\u00a0anunci\u00f3 un\u00a0<strong>incremento promedio del 9%<\/strong>\u00a0en sus combustibles a partir de la hora cero de este mi\u00e9rcoles 2 de febrero.<\/p>\n<p>El aumento ser\u00e1 de dos puntos porcentuales m\u00e1s en el caso de los productos premium, como la nafta infinia.<\/p>\n<p>Se trata del primer incremento desde mayo pasado y seg\u00fan comunic\u00f3 la empresa, el incremento apunta a sostener su &#8220;plan de crecimiento para 2022 en un contexto de prudencia financiera y en el marco de la evoluci\u00f3n de los \u00faltimos meses de ciertas variables macro locales e internacionales&#8221;.<\/p>\n<div class=\"teads-inread sm-screen\">\n<div>En ese contexto, se se\u00f1al\u00f3 en un comunicado de prensa, &#8220;YPF realizo a partir del mi\u00e9rcoles 02 de febrero a las 0 un <strong>aumento de precios de surtidor del 9%\u00a0<\/strong>promedio pa\u00eds, luego del\u00a0<strong>\u00faltimo aumento en mayo 2021<\/strong>&#8220;.<\/div>\n<\/div>\n<p>El\u00a0<strong>precio de la nafta s\u00faper<\/strong>\u00a0rondaba antes de que se aplique el aumento anunciado en el \u00c1rea Metropolitana de Buenos Aires (AMBA) en unos\u00a0<strong>90 pesos<\/strong>, mientras que era de\u00a0<strong>104 el de la premium<\/strong>\u00a0y el gasoil rondaba en los cien.<\/p>\n<div>\n<figure class=\"image\"><img decoding=\"async\" src=\"https:\/\/fotos.perfil.com\/\/2022\/01\/25\/900\/0\/0122ypftoptier-1303642.jpg\" alt=\"0122_ypf_top_tier\" \/><figcaption>La \u00faltima vez que YPF aument\u00f3 sus combustibles fue en mayo de 2021.<\/figcaption><\/figure>\n<\/div>\n<h2>Por qu\u00e9 YPF sube 9% las naftas<\/h2>\n<p>Desde el anterior incremento, el 21 de mayo de 2021, el\u00a0peso se devalu\u00f3 un 11,35 por ciento frente al d\u00f3lar, se registr\u00f3 un 29,18 por ciento de inflaci\u00f3n de acuerdo a la proyecci\u00f3n del BCRA, el precio del etanol se elev\u00f3 un 16,07 por ciento y el del biodiesel en un 46,41, en tanto que el precio del petr\u00f3leo, en el \u00edndice Brent, creci\u00f3 en un 31, indicaron fuentes de YPF.<\/p>\n<p>Adem\u00e1s, alegan que se oper\u00f3 una fuerte recuperaci\u00f3n de la demanda, de un 10 por ciento en gas oil y de 18 en naftas, mientras se asegura que el mercado de naftas del \u00faltimo diciembre fue &#8220;el m\u00e1s alto de la historia&#8221;.<\/p>\n<p>Seg\u00fan YPF, tras este ajuste, seguir\u00e1 &#8220;monitoreando la evoluci\u00f3n de las\u00a0<strong>variables que inciden en la formaci\u00f3n de precios<\/strong>, teniendo en consideraci\u00f3n las particularidades del contexto macroecon\u00f3mico&#8221;.<\/p>\n<p>La firma asegur\u00f3 que durante 2021 &#8220;increment\u00f3 significativamente las inversiones en l\u00ednea con su plan anunciado a comienzos de a\u00f1o por un valor de 2.700 millones de d\u00f3lares, representando un incremento de m\u00e1s del 70% respecto a las inversiones de 2020&#8221;.<\/p>\n<p><span style=\"color: #000080;\"><strong><\/p>\n<div class=\"penci-pullqoute align-none\">\n<blockquote><p>Los valores para Olavarr\u00eda quedaron de la siguiente manera: Super $ 111,13; Infinia $ 130,90 ; Diesel $ 101,80; Infinia Diesel $ 129,00 ; GNC $ 49,83<\/p><\/blockquote>\n<\/div>\n<p><\/strong><\/span><\/p>\n<div>\n<figure class=\"image\"><img decoding=\"async\" src=\"https:\/\/fotos.perfil.com\/\/2021\/12\/04\/900\/0\/05-12-21naftas-1279478.jpg\" alt=\"05-12-21naftas\" \/><figcaption>YPF sube sus naftas y se espera que las competidoras tambi\u00e9n lo hagan.<\/figcaption><\/figure>\n<\/div>\n<p>&#8220;Este nivel de inversiones permiti\u00f3 un fuerte crecimiento en la actividad petrolera en todo el pa\u00eds y una importante recuperaci\u00f3n de la producci\u00f3n a partir del segundo semestre&#8221;, explic\u00f3 la firma estatal, que adem\u00e1s asegur\u00f3 que por medio de ese plan &#8220;logr\u00f3 estabilizar la producci\u00f3n de petr\u00f3leo crudo y gas despu\u00e9s de 5 a\u00f1os de ca\u00eddas consecutivas&#8221;, mientras &#8220;continu\u00f3 con el proceso de desendeudamiento iniciado en 2020, alcanzando en el \u00faltimo trimestre, el menor nivel de deuda registrado desde el a\u00f1o 2015&#8221;.<\/p>\n","protected":false},"excerpt":{"rendered":"<p>Rige desde este mi\u00e9rcoles 2 de febrero. Se trata del primer incremento desde mayo de&#8230;<\/p>\n","protected":false},"author":1,"featured_media":137333,"comment_status":"closed","ping_status":"closed","sticky":false,"template":"","format":"standard","meta":{"content-type":""},"categories":[27,64],"tags":[],"nelio_content":{"isAutoShareEnabled":false,"autoShareEndMode":"default","automationSources":{"useContentSentences":true,"useSocialTemplates":true,"useCustomSentences":false,"customSentences":[]},"followers":[1],"suggestedReferences":[],"includedReferences":[],"efiUrl":"","efiAlt":"","highlights":[]},"yoast_head":"<!-- This site is optimized with the Yoast SEO plugin v20.7 - https:\/\/yoast.com\/wordpress\/plugins\/seo\/ -->\n<title>YPF aument\u00f3 sus combustibles un 9% en promedio en todo el pa\u00eds<\/title>\n<meta name=\"description\" content=\"La\u00a0petrolera estatal YPF\u00a0anunci\u00f3 un\u00a0incremento promedio del 9%\u00a0en sus combustibles a partir de la hora cero de este mi\u00e9rcoles 2 de febrero.\" \/>\n<meta name=\"robots\" content=\"index, follow, max-snippet:-1, max-image-preview:large, max-video-preview:-1\" \/>\n<link rel=\"canonical\" href=\"https:\/\/experienciadevida.com.ar\/portalurbano\/ypf-aumento-sus-combustibles-un-9-en-promedio-en-todo-el-pais\/\" \/>\n<meta property=\"og:locale\" content=\"es_ES\" \/>\n<meta property=\"og:type\" content=\"article\" \/>\n<meta property=\"og:title\" content=\"YPF aument\u00f3 sus combustibles un 9% en promedio en todo el pa\u00eds\" \/>\n<meta property=\"og:description\" content=\"La\u00a0petrolera estatal YPF\u00a0anunci\u00f3 un\u00a0incremento promedio del 9%\u00a0en sus combustibles a partir de la hora cero de este mi\u00e9rcoles 2 de febrero.\" \/>\n<meta property=\"og:url\" content=\"https:\/\/experienciadevida.com.ar\/portalurbano\/ypf-aumento-sus-combustibles-un-9-en-promedio-en-todo-el-pais\/\" \/>\n<meta property=\"article:publisher\" content=\"https:\/\/www.facebook.com\/Portal-Urbano-171542830093757\/\" \/>\n<meta property=\"article:published_time\" content=\"2022-02-02T11:47:10+00:00\" \/>\n<meta property=\"article:modified_time\" content=\"2022-02-02T11:48:58+00:00\" \/>\n<meta property=\"og:image\" content=\"https:\/\/experienciadevida.com.ar\/portalurbano\/wp-content\/uploads\/2021\/03\/YPF-anuncio-un-aumento.jpg\" \/>\n\t<meta property=\"og:image:width\" content=\"696\" \/>\n\t<meta property=\"og:image:height\" content=\"393\" \/>\n\t<meta property=\"og:image:type\" content=\"image\/jpeg\" \/>\n<meta name=\"author\" content=\"admpu17wp\" \/>\n<meta name=\"twitter:card\" content=\"summary_large_image\" \/>\n<meta name=\"twitter:creator\" content=\"@portalurbanook\" \/>\n<meta name=\"twitter:site\" content=\"@portalurbanook\" \/>\n<meta name=\"twitter:label1\" content=\"Escrito por\" \/>\n\t<meta name=\"twitter:data1\" content=\"admpu17wp\" \/>\n\t<meta name=\"twitter:label2\" content=\"Tiempo de lectura\" \/>\n\t<meta name=\"twitter:data2\" content=\"3 minutos\" \/>\n<script type=\"application\/ld+json\" class=\"yoast-schema-graph\">{\"@context\":\"https:\/\/schema.org\",\"@graph\":[{\"@type\":\"Article\",\"@id\":\"https:\/\/experienciadevida.com.ar\/portalurbano\/ypf-aumento-sus-combustibles-un-9-en-promedio-en-todo-el-pais\/#article\",\"isPartOf\":{\"@id\":\"https:\/\/experienciadevida.com.ar\/portalurbano\/ypf-aumento-sus-combustibles-un-9-en-promedio-en-todo-el-pais\/\"},\"author\":{\"name\":\"admpu17wp\",\"@id\":\"https:\/\/experienciadevida.com.ar\/portalurbano\/#\/schema\/person\/02dd326b1c4b056e9cc972486934a3a7\"},\"headline\":\"YPF aument\u00f3 sus combustibles un 9% en promedio en todo el pa\u00eds\",\"datePublished\":\"2022-02-02T11:47:10+00:00\",\"dateModified\":\"2022-02-02T11:48:58+00:00\",\"mainEntityOfPage\":{\"@id\":\"https:\/\/experienciadevida.com.ar\/portalurbano\/ypf-aumento-sus-combustibles-un-9-en-promedio-en-todo-el-pais\/\"},\"wordCount\":545,\"publisher\":{\"@id\":\"https:\/\/experienciadevida.com.ar\/portalurbano\/#organization\"},\"articleSection\":[\"Ciudad\",\"Destacadas 2\"],\"inLanguage\":\"es\"},{\"@type\":\"WebPage\",\"@id\":\"https:\/\/experienciadevida.com.ar\/portalurbano\/ypf-aumento-sus-combustibles-un-9-en-promedio-en-todo-el-pais\/\",\"url\":\"https:\/\/experienciadevida.com.ar\/portalurbano\/ypf-aumento-sus-combustibles-un-9-en-promedio-en-todo-el-pais\/\",\"name\":\"YPF aument\u00f3 sus combustibles un 9% en promedio en todo el pa\u00eds\",\"isPartOf\":{\"@id\":\"https:\/\/experienciadevida.com.ar\/portalurbano\/#website\"},\"datePublished\":\"2022-02-02T11:47:10+00:00\",\"dateModified\":\"2022-02-02T11:48:58+00:00\",\"description\":\"La\u00a0petrolera estatal YPF\u00a0anunci\u00f3 un\u00a0incremento promedio del 9%\u00a0en sus combustibles a partir de la hora cero de este mi\u00e9rcoles 2 de febrero.\",\"breadcrumb\":{\"@id\":\"https:\/\/experienciadevida.com.ar\/portalurbano\/ypf-aumento-sus-combustibles-un-9-en-promedio-en-todo-el-pais\/#breadcrumb\"},\"inLanguage\":\"es\",\"potentialAction\":[{\"@type\":\"ReadAction\",\"target\":[\"https:\/\/experienciadevida.com.ar\/portalurbano\/ypf-aumento-sus-combustibles-un-9-en-promedio-en-todo-el-pais\/\"]}]},{\"@type\":\"BreadcrumbList\",\"@id\":\"https:\/\/experienciadevida.com.ar\/portalurbano\/ypf-aumento-sus-combustibles-un-9-en-promedio-en-todo-el-pais\/#breadcrumb\",\"itemListElement\":[{\"@type\":\"ListItem\",\"position\":1,\"name\":\"Portada\",\"item\":\"https:\/\/experienciadevida.com.ar\/portalurbano\/\"},{\"@type\":\"ListItem\",\"position\":2,\"name\":\"YPF aument\u00f3 sus combustibles un 9% en promedio en todo el pa\u00eds\"}]},{\"@type\":\"WebSite\",\"@id\":\"https:\/\/experienciadevida.com.ar\/portalurbano\/#website\",\"url\":\"https:\/\/experienciadevida.com.ar\/portalurbano\/\",\"name\":\"\",\"description\":\"\",\"publisher\":{\"@id\":\"https:\/\/experienciadevida.com.ar\/portalurbano\/#organization\"},\"potentialAction\":[{\"@type\":\"SearchAction\",\"target\":{\"@type\":\"EntryPoint\",\"urlTemplate\":\"https:\/\/experienciadevida.com.ar\/portalurbano\/?s={search_term_string}\"},\"query-input\":\"required name=search_term_string\"}],\"inLanguage\":\"es\"},{\"@type\":\"Organization\",\"@id\":\"https:\/\/experienciadevida.com.ar\/portalurbano\/#organization\",\"name\":\"Portal Urbano\",\"url\":\"https:\/\/experienciadevida.com.ar\/portalurbano\/\",\"logo\":{\"@type\":\"ImageObject\",\"inLanguage\":\"es\",\"@id\":\"https:\/\/experienciadevida.com.ar\/portalurbano\/#\/schema\/logo\/image\/\",\"url\":\"https:\/\/experienciadevida.com.ar\/portalurbano\/wp-content\/uploads\/2019\/09\/Logo-Original.png\",\"contentUrl\":\"https:\/\/experienciadevida.com.ar\/portalurbano\/wp-content\/uploads\/2019\/09\/Logo-Original.png\",\"width\":2236,\"height\":1216,\"caption\":\"Portal Urbano\"},\"image\":{\"@id\":\"https:\/\/experienciadevida.com.ar\/portalurbano\/#\/schema\/logo\/image\/\"},\"sameAs\":[\"https:\/\/www.facebook.com\/Portal-Urbano-171542830093757\/\",\"https:\/\/twitter.com\/portalurbanook\",\"https:\/\/www.instagram.com\/_portalurbano\/\",\"https:\/\/www.youtube.com\/channel\/UCXhagIfszH8KxFiOok79zbA?view_as=subscriber\"]},{\"@type\":\"Person\",\"@id\":\"https:\/\/experienciadevida.com.ar\/portalurbano\/#\/schema\/person\/02dd326b1c4b056e9cc972486934a3a7\",\"name\":\"admpu17wp\",\"image\":{\"@type\":\"ImageObject\",\"inLanguage\":\"es\",\"@id\":\"https:\/\/experienciadevida.com.ar\/portalurbano\/#\/schema\/person\/image\/\",\"url\":\"https:\/\/secure.gravatar.com\/avatar\/830d4c57adaae6630765e449a6908047?s=96&d=mm&r=g\",\"contentUrl\":\"https:\/\/secure.gravatar.com\/avatar\/830d4c57adaae6630765e449a6908047?s=96&d=mm&r=g\",\"caption\":\"admpu17wp\"}}]}<\/script>\n<!-- \/ Yoast SEO plugin. -->","yoast_head_json":{"title":"YPF aument\u00f3 sus combustibles un 9% en promedio en todo el pa\u00eds","description":"La\u00a0petrolera estatal YPF\u00a0anunci\u00f3 un\u00a0incremento promedio del 9%\u00a0en sus combustibles a partir de la hora cero de este mi\u00e9rcoles 2 de febrero.","robots":{"index":"index","follow":"follow","max-snippet":"max-snippet:-1","max-image-preview":"max-image-preview:large","max-video-preview":"max-video-preview:-1"},"canonical":"https:\/\/experienciadevida.com.ar\/portalurbano\/ypf-aumento-sus-combustibles-un-9-en-promedio-en-todo-el-pais\/","og_locale":"es_ES","og_type":"article","og_title":"YPF aument\u00f3 sus combustibles un 9% en promedio en todo el pa\u00eds","og_description":"La\u00a0petrolera estatal YPF\u00a0anunci\u00f3 un\u00a0incremento promedio del 9%\u00a0en sus combustibles a partir de la hora cero de este mi\u00e9rcoles 2 de febrero.","og_url":"https:\/\/experienciadevida.com.ar\/portalurbano\/ypf-aumento-sus-combustibles-un-9-en-promedio-en-todo-el-pais\/","article_publisher":"https:\/\/www.facebook.com\/Portal-Urbano-171542830093757\/","article_published_time":"2022-02-02T11:47:10+00:00","article_modified_time":"2022-02-02T11:48:58+00:00","og_image":[{"width":696,"height":393,"url":"https:\/\/experienciadevida.com.ar\/portalurbano\/wp-content\/uploads\/2021\/03\/YPF-anuncio-un-aumento.jpg","type":"image\/jpeg"}],"author":"admpu17wp","twitter_card":"summary_large_image","twitter_creator":"@portalurbanook","twitter_site":"@portalurbanook","twitter_misc":{"Escrito por":"admpu17wp","Tiempo de lectura":"3 minutos"},"schema":{"@context":"https:\/\/schema.org","@graph":[{"@type":"Article","@id":"https:\/\/experienciadevida.com.ar\/portalurbano\/ypf-aumento-sus-combustibles-un-9-en-promedio-en-todo-el-pais\/#article","isPartOf":{"@id":"https:\/\/experienciadevida.com.ar\/portalurbano\/ypf-aumento-sus-combustibles-un-9-en-promedio-en-todo-el-pais\/"},"author":{"name":"admpu17wp","@id":"https:\/\/experienciadevida.com.ar\/portalurbano\/#\/schema\/person\/02dd326b1c4b056e9cc972486934a3a7"},"headline":"YPF aument\u00f3 sus combustibles un 9% en promedio en todo el pa\u00eds","datePublished":"2022-02-02T11:47:10+00:00","dateModified":"2022-02-02T11:48:58+00:00","mainEntityOfPage":{"@id":"https:\/\/experienciadevida.com.ar\/portalurbano\/ypf-aumento-sus-combustibles-un-9-en-promedio-en-todo-el-pais\/"},"wordCount":545,"publisher":{"@id":"https:\/\/experienciadevida.com.ar\/portalurbano\/#organization"},"articleSection":["Ciudad","Destacadas 2"],"inLanguage":"es"},{"@type":"WebPage","@id":"https:\/\/experienciadevida.com.ar\/portalurbano\/ypf-aumento-sus-combustibles-un-9-en-promedio-en-todo-el-pais\/","url":"https:\/\/experienciadevida.com.ar\/portalurbano\/ypf-aumento-sus-combustibles-un-9-en-promedio-en-todo-el-pais\/","name":"YPF aument\u00f3 sus combustibles un 9% en promedio en todo el pa\u00eds","isPartOf":{"@id":"https:\/\/experienciadevida.com.ar\/portalurbano\/#website"},"datePublished":"2022-02-02T11:47:10+00:00","dateModified":"2022-02-02T11:48:58+00:00","description":"La\u00a0petrolera estatal YPF\u00a0anunci\u00f3 un\u00a0incremento promedio del 9%\u00a0en sus combustibles a partir de la hora cero de este mi\u00e9rcoles 2 de febrero.","breadcrumb":{"@id":"https:\/\/experienciadevida.com.ar\/portalurbano\/ypf-aumento-sus-combustibles-un-9-en-promedio-en-todo-el-pais\/#breadcrumb"},"inLanguage":"es","potentialAction":[{"@type":"ReadAction","target":["https:\/\/experienciadevida.com.ar\/portalurbano\/ypf-aumento-sus-combustibles-un-9-en-promedio-en-todo-el-pais\/"]}]},{"@type":"BreadcrumbList","@id":"https:\/\/experienciadevida.com.ar\/portalurbano\/ypf-aumento-sus-combustibles-un-9-en-promedio-en-todo-el-pais\/#breadcrumb","itemListElement":[{"@type":"ListItem","position":1,"name":"Portada","item":"https:\/\/experienciadevida.com.ar\/portalurbano\/"},{"@type":"ListItem","position":2,"name":"YPF aument\u00f3 sus combustibles un 9% en promedio en todo el pa\u00eds"}]},{"@type":"WebSite","@id":"https:\/\/experienciadevida.com.ar\/portalurbano\/#website","url":"https:\/\/experienciadevida.com.ar\/portalurbano\/","name":"","description":"","publisher":{"@id":"https:\/\/experienciadevida.com.ar\/portalurbano\/#organization"},"potentialAction":[{"@type":"SearchAction","target":{"@type":"EntryPoint","urlTemplate":"https:\/\/experienciadevida.com.ar\/portalurbano\/?s={search_term_string}"},"query-input":"required name=search_term_string"}],"inLanguage":"es"},{"@type":"Organization","@id":"https:\/\/experienciadevida.com.ar\/portalurbano\/#organization","name":"Portal Urbano","url":"https:\/\/experienciadevida.com.ar\/portalurbano\/","logo":{"@type":"ImageObject","inLanguage":"es","@id":"https:\/\/experienciadevida.com.ar\/portalurbano\/#\/schema\/logo\/image\/","url":"https:\/\/experienciadevida.com.ar\/portalurbano\/wp-content\/uploads\/2019\/09\/Logo-Original.png","contentUrl":"https:\/\/experienciadevida.com.ar\/portalurbano\/wp-content\/uploads\/2019\/09\/Logo-Original.png","width":2236,"height":1216,"caption":"Portal Urbano"},"image":{"@id":"https:\/\/experienciadevida.com.ar\/portalurbano\/#\/schema\/logo\/image\/"},"sameAs":["https:\/\/www.facebook.com\/Portal-Urbano-171542830093757\/","https:\/\/twitter.com\/portalurbanook","https:\/\/www.instagram.com\/_portalurbano\/","https:\/\/www.youtube.com\/channel\/UCXhagIfszH8KxFiOok79zbA?view_as=subscriber"]},{"@type":"Person","@id":"https:\/\/experienciadevida.com.ar\/portalurbano\/#\/schema\/person\/02dd326b1c4b056e9cc972486934a3a7","name":"admpu17wp","image":{"@type":"ImageObject","inLanguage":"es","@id":"https:\/\/experienciadevida.com.ar\/portalurbano\/#\/schema\/person\/image\/","url":"https:\/\/secure.gravatar.com\/avatar\/830d4c57adaae6630765e449a6908047?s=96&d=mm&r=g","contentUrl":"https:\/\/secure.gravatar.com\/avatar\/830d4c57adaae6630765e449a6908047?s=96&d=mm&r=g","caption":"admpu17wp"}}]}},"featured_image_urls":{"full":["https:\/\/experienciadevida.com.ar\/portalurbano\/wp-content\/uploads\/2021\/03\/YPF-anuncio-un-aumento.jpg",696,393,false],"thumbnail":["https:\/\/experienciadevida.com.ar\/portalurbano\/wp-content\/uploads\/2021\/03\/YPF-anuncio-un-aumento-150x150.jpg",150,150,true],"medium":["https:\/\/experienciadevida.com.ar\/portalurbano\/wp-content\/uploads\/2021\/03\/YPF-anuncio-un-aumento-300x169.jpg",300,169,true],"medium_large":["https:\/\/experienciadevida.com.ar\/portalurbano\/wp-content\/uploads\/2021\/03\/YPF-anuncio-un-aumento.jpg",640,361,false],"large":["https:\/\/experienciadevida.com.ar\/portalurbano\/wp-content\/uploads\/2021\/03\/YPF-anuncio-un-aumento.jpg",640,361,false],"ug_big":["https:\/\/experienciadevida.com.ar\/portalurbano\/wp-content\/uploads\/2021\/03\/YPF-anuncio-un-aumento.jpg",696,393,false],"1536x1536":["https:\/\/experienciadevida.com.ar\/portalurbano\/wp-content\/uploads\/2021\/03\/YPF-anuncio-un-aumento.jpg",696,393,false],"2048x2048":["https:\/\/experienciadevida.com.ar\/portalurbano\/wp-content\/uploads\/2021\/03\/YPF-anuncio-un-aumento.jpg",696,393,false],"newsever-slider-full":["https:\/\/experienciadevida.com.ar\/portalurbano\/wp-content\/uploads\/2021\/03\/YPF-anuncio-un-aumento.jpg",696,393,false],"newsever-featured":["https:\/\/experienciadevida.com.ar\/portalurbano\/wp-content\/uploads\/2021\/03\/YPF-anuncio-un-aumento.jpg",696,393,false],"newsever-medium":["https:\/\/experienciadevida.com.ar\/portalurbano\/wp-content\/uploads\/2021\/03\/YPF-anuncio-un-aumento.jpg",696,393,false],"web-stories-poster-portrait":["https:\/\/experienciadevida.com.ar\/portalurbano\/wp-content\/uploads\/2021\/03\/YPF-anuncio-un-aumento.jpg",640,361,false],"web-stories-publisher-logo":["https:\/\/experienciadevida.com.ar\/portalurbano\/wp-content\/uploads\/2021\/03\/YPF-anuncio-un-aumento.jpg",96,54,false],"web-stories-thumbnail":["https:\/\/experienciadevida.com.ar\/portalurbano\/wp-content\/uploads\/2021\/03\/YPF-anuncio-un-aumento.jpg",150,85,false]},"author_info":{"display_name":"admpu17wp","author_link":"https:\/\/experienciadevida.com.ar\/portalurbano\/author\/admpu17wp\/"},"category_info":"<a href=\"https:\/\/experienciadevida.com.ar\/portalurbano\/category\/ciudad\/\" rel=\"category tag\">Ciudad<\/a> <a href=\"https:\/\/experienciadevida.com.ar\/portalurbano\/category\/destacadas-2\/\" rel=\"category tag\">Destacadas 2<\/a>","tag_info":"Destacadas 2","comment_count":"0","amp_enabled":true,"_links":{"self":[{"href":"https:\/\/experienciadevida.com.ar\/portalurbano\/wp-json\/wp\/v2\/posts\/160923"}],"collection":[{"href":"https:\/\/experienciadevida.com.ar\/portalurbano\/wp-json\/wp\/v2\/posts"}],"about":[{"href":"https:\/\/experienciadevida.com.ar\/portalurbano\/wp-json\/wp\/v2\/types\/post"}],"author":[{"embeddable":true,"href":"https:\/\/experienciadevida.com.ar\/portalurbano\/wp-json\/wp\/v2\/users\/1"}],"replies":[{"embeddable":true,"href":"https:\/\/experienciadevida.com.ar\/portalurbano\/wp-json\/wp\/v2\/comments?post=160923"}],"version-history":[{"count":4,"href":"https:\/\/experienciadevida.com.ar\/portalurbano\/wp-json\/wp\/v2\/posts\/160923\/revisions"}],"predecessor-version":[{"id":160927,"href":"https:\/\/experienciadevida.com.ar\/portalurbano\/wp-json\/wp\/v2\/posts\/160923\/revisions\/160927"}],"wp:featuredmedia":[{"embeddable":true,"href":"https:\/\/experienciadevida.com.ar\/portalurbano\/wp-json\/wp\/v2\/media\/137333"}],"wp:attachment":[{"href":"https:\/\/experienciadevida.com.ar\/portalurbano\/wp-json\/wp\/v2\/media?parent=160923"}],"wp:term":[{"taxonomy":"category","embeddable":true,"href":"https:\/\/experienciadevida.com.ar\/portalurbano\/wp-json\/wp\/v2\/categories?post=160923"},{"taxonomy":"post_tag","embeddable":true,"href":"https:\/\/experienciadevida.com.ar\/portalurbano\/wp-json\/wp\/v2\/tags?post=160923"}],"curies":[{"name":"wp","href":"https:\/\/api.w.org\/{rel}","templated":true}]}}