{"id":160873,"date":"2022-02-01T12:38:07","date_gmt":"2022-02-01T15:38:07","guid":{"rendered":"https:\/\/experienciadevida.com.ar\/portalurbano\/?p=160873"},"modified":"2022-02-01T12:43:36","modified_gmt":"2022-02-01T15:43:36","slug":"la-casa-eduardo-chino-correa-retoma-su-atencion-al-publico","status":"publish","type":"post","link":"https:\/\/experienciadevida.com.ar\/portalurbano\/la-casa-eduardo-chino-correa-retoma-su-atencion-al-publico\/","title":{"rendered":"La Casa Eduardo \u201cChino\u201d Correa retoma su atenci\u00f3n al p\u00fablico"},"content":{"rendered":"<p>La Casa Eduardo \u201cChino\u201d Correa retoma su atenci\u00f3n al p\u00fablico, la sede oficial del <a href=\"https:\/\/www.facebook.com\/Foroolavarria\/\">Foro Olavarr\u00eda<\/a> &#8211; Frente Renovador, espacio conducido por Eduardo Rodr\u00edguez, la concejala In\u00e9s Creimer y el concejal Gast\u00f3n Sarachu, retoma la atenci\u00f3n al p\u00fablico en su horario habitual de lunes a viernes de 9 a 13 horas.<\/p>\n<p>Desde el mes de febrero, la Casa Eduardo \u201cChino\u201d Correa, sede oficial del Foro Olavarr\u00eda &#8211; Frente Renovador, retoma la atenci\u00f3n al p\u00fablico para este 2022. Ser\u00e1 en el horario habitual de lunes a viernes de 9 a 13 horas en su<br \/>\ndirecci\u00f3n de Belgrano 3222.<\/p>\n<p>Desde el espacio conducido por Eduardo Rodr\u00edguez, la concejala In\u00e9s Creimer y el concejal Gast\u00f3n Sarachu invitan a todos los vecinos de Olavarr\u00eda y sus localidades que quieran compartir propuestas para la ciudad a acercarse a<br \/>\nla Casa Eduardo \u201cChino\u201d Correa. Adem\u00e1s, desde la sede oficial del Foro Olavarr\u00eda &#8211; FR se realizan gestiones para la inscripci\u00f3n a programas de impulso social y tambi\u00e9n se asesora en cualquier otro tr\u00e1mite relacionado a<br \/>\nla gesti\u00f3n p\u00fablica.<\/p>\n<p>Para m\u00e1s informaci\u00f3n de las actividades que se realizan en la Casa Eduardo \u201cChino\u201d Correa acercarse al edificio ubicado en la calle Belgrano al 3222. O contactarse mediante los siguientes canales de comunicaci\u00f3n:<\/p>\n<p>P\u00e1gina web: https:\/\/www.foroolavarria.org<\/p>\n<p>Mail: foroolavarria@gmail.com<\/p>\n<p>Tel\u00e9fono: 2284-554873<\/p>\n","protected":false},"excerpt":{"rendered":"<p>La Casa Eduardo \u201cChino\u201d Correa retoma su atenci\u00f3n al p\u00fablico, la sede oficial del Foro&#8230;<\/p>\n","protected":false},"author":1,"featured_media":160874,"comment_status":"closed","ping_status":"closed","sticky":false,"template":"","format":"standard","meta":{"content-type":""},"categories":[27,51],"tags":[],"nelio_content":{"isAutoShareEnabled":false,"autoShareEndMode":"default","automationSources":{"useContentSentences":true,"useSocialTemplates":true,"useCustomSentences":false,"customSentences":[]},"followers":[1],"suggestedReferences":[],"includedReferences":[],"efiUrl":"","efiAlt":"","highlights":[]},"yoast_head":"<!-- This site is optimized with the Yoast SEO plugin v20.7 - https:\/\/yoast.com\/wordpress\/plugins\/seo\/ -->\n<title>La casa Eduardo Chino Correa retoma su atenci\u00f3n al p\u00fablico<\/title>\n<meta name=\"description\" content=\"La Casa Eduardo \u201cChino\u201d Correa retoma su atenci\u00f3n al p\u00fablico, la sede oficial del Foro Olavarr\u00eda retoma la atenci\u00f3n al p\u00fablico en su horario\" \/>\n<meta name=\"robots\" content=\"index, follow, max-snippet:-1, max-image-preview:large, max-video-preview:-1\" \/>\n<link rel=\"canonical\" href=\"https:\/\/experienciadevida.com.ar\/portalurbano\/la-casa-eduardo-chino-correa-retoma-su-atencion-al-publico\/\" \/>\n<meta property=\"og:locale\" content=\"es_ES\" \/>\n<meta property=\"og:type\" content=\"article\" \/>\n<meta property=\"og:title\" content=\"La casa Eduardo Chino Correa retoma su atenci\u00f3n al p\u00fablico\" \/>\n<meta property=\"og:description\" content=\"La Casa Eduardo \u201cChino\u201d Correa retoma su atenci\u00f3n al p\u00fablico, la sede oficial del Foro Olavarr\u00eda retoma la atenci\u00f3n al p\u00fablico en su horario\" \/>\n<meta property=\"og:url\" content=\"https:\/\/experienciadevida.com.ar\/portalurbano\/la-casa-eduardo-chino-correa-retoma-su-atencion-al-publico\/\" \/>\n<meta property=\"article:publisher\" content=\"https:\/\/www.facebook.com\/Portal-Urbano-171542830093757\/\" \/>\n<meta property=\"article:published_time\" content=\"2022-02-01T15:38:07+00:00\" \/>\n<meta property=\"article:modified_time\" content=\"2022-02-01T15:43:36+00:00\" \/>\n<meta property=\"og:image\" content=\"https:\/\/experienciadevida.com.ar\/portalurbano\/wp-content\/uploads\/2022\/02\/La-Casa-Eduardo.jpeg\" \/>\n\t<meta property=\"og:image:width\" content=\"1600\" \/>\n\t<meta property=\"og:image:height\" content=\"964\" \/>\n\t<meta property=\"og:image:type\" content=\"image\/jpeg\" \/>\n<meta name=\"author\" content=\"admpu17wp\" \/>\n<meta name=\"twitter:card\" content=\"summary_large_image\" \/>\n<meta name=\"twitter:creator\" content=\"@portalurbanook\" \/>\n<meta name=\"twitter:site\" content=\"@portalurbanook\" \/>\n<meta name=\"twitter:label1\" content=\"Escrito por\" \/>\n\t<meta name=\"twitter:data1\" content=\"admpu17wp\" \/>\n\t<meta name=\"twitter:label2\" content=\"Tiempo de lectura\" \/>\n\t<meta name=\"twitter:data2\" content=\"1 minuto\" \/>\n<script type=\"application\/ld+json\" class=\"yoast-schema-graph\">{\"@context\":\"https:\/\/schema.org\",\"@graph\":[{\"@type\":\"Article\",\"@id\":\"https:\/\/experienciadevida.com.ar\/portalurbano\/la-casa-eduardo-chino-correa-retoma-su-atencion-al-publico\/#article\",\"isPartOf\":{\"@id\":\"https:\/\/experienciadevida.com.ar\/portalurbano\/la-casa-eduardo-chino-correa-retoma-su-atencion-al-publico\/\"},\"author\":{\"name\":\"admpu17wp\",\"@id\":\"https:\/\/experienciadevida.com.ar\/portalurbano\/#\/schema\/person\/02dd326b1c4b056e9cc972486934a3a7\"},\"headline\":\"La Casa Eduardo \u201cChino\u201d Correa retoma su atenci\u00f3n al p\u00fablico\",\"datePublished\":\"2022-02-01T15:38:07+00:00\",\"dateModified\":\"2022-02-01T15:43:36+00:00\",\"mainEntityOfPage\":{\"@id\":\"https:\/\/experienciadevida.com.ar\/portalurbano\/la-casa-eduardo-chino-correa-retoma-su-atencion-al-publico\/\"},\"wordCount\":250,\"publisher\":{\"@id\":\"https:\/\/experienciadevida.com.ar\/portalurbano\/#organization\"},\"articleSection\":[\"Ciudad\",\"Destacadas\"],\"inLanguage\":\"es\"},{\"@type\":\"WebPage\",\"@id\":\"https:\/\/experienciadevida.com.ar\/portalurbano\/la-casa-eduardo-chino-correa-retoma-su-atencion-al-publico\/\",\"url\":\"https:\/\/experienciadevida.com.ar\/portalurbano\/la-casa-eduardo-chino-correa-retoma-su-atencion-al-publico\/\",\"name\":\"La casa Eduardo Chino Correa retoma su atenci\u00f3n al p\u00fablico\",\"isPartOf\":{\"@id\":\"https:\/\/experienciadevida.com.ar\/portalurbano\/#website\"},\"datePublished\":\"2022-02-01T15:38:07+00:00\",\"dateModified\":\"2022-02-01T15:43:36+00:00\",\"description\":\"La Casa Eduardo \u201cChino\u201d Correa retoma su atenci\u00f3n al p\u00fablico, la sede oficial del Foro Olavarr\u00eda retoma la atenci\u00f3n al p\u00fablico en su horario\",\"breadcrumb\":{\"@id\":\"https:\/\/experienciadevida.com.ar\/portalurbano\/la-casa-eduardo-chino-correa-retoma-su-atencion-al-publico\/#breadcrumb\"},\"inLanguage\":\"es\",\"potentialAction\":[{\"@type\":\"ReadAction\",\"target\":[\"https:\/\/experienciadevida.com.ar\/portalurbano\/la-casa-eduardo-chino-correa-retoma-su-atencion-al-publico\/\"]}]},{\"@type\":\"BreadcrumbList\",\"@id\":\"https:\/\/experienciadevida.com.ar\/portalurbano\/la-casa-eduardo-chino-correa-retoma-su-atencion-al-publico\/#breadcrumb\",\"itemListElement\":[{\"@type\":\"ListItem\",\"position\":1,\"name\":\"Portada\",\"item\":\"https:\/\/experienciadevida.com.ar\/portalurbano\/\"},{\"@type\":\"ListItem\",\"position\":2,\"name\":\"La Casa Eduardo \u201cChino\u201d Correa retoma su atenci\u00f3n al p\u00fablico\"}]},{\"@type\":\"WebSite\",\"@id\":\"https:\/\/experienciadevida.com.ar\/portalurbano\/#website\",\"url\":\"https:\/\/experienciadevida.com.ar\/portalurbano\/\",\"name\":\"\",\"description\":\"\",\"publisher\":{\"@id\":\"https:\/\/experienciadevida.com.ar\/portalurbano\/#organization\"},\"potentialAction\":[{\"@type\":\"SearchAction\",\"target\":{\"@type\":\"EntryPoint\",\"urlTemplate\":\"https:\/\/experienciadevida.com.ar\/portalurbano\/?s={search_term_string}\"},\"query-input\":\"required name=search_term_string\"}],\"inLanguage\":\"es\"},{\"@type\":\"Organization\",\"@id\":\"https:\/\/experienciadevida.com.ar\/portalurbano\/#organization\",\"name\":\"Portal Urbano\",\"url\":\"https:\/\/experienciadevida.com.ar\/portalurbano\/\",\"logo\":{\"@type\":\"ImageObject\",\"inLanguage\":\"es\",\"@id\":\"https:\/\/experienciadevida.com.ar\/portalurbano\/#\/schema\/logo\/image\/\",\"url\":\"https:\/\/experienciadevida.com.ar\/portalurbano\/wp-content\/uploads\/2019\/09\/Logo-Original.png\",\"contentUrl\":\"https:\/\/experienciadevida.com.ar\/portalurbano\/wp-content\/uploads\/2019\/09\/Logo-Original.png\",\"width\":2236,\"height\":1216,\"caption\":\"Portal Urbano\"},\"image\":{\"@id\":\"https:\/\/experienciadevida.com.ar\/portalurbano\/#\/schema\/logo\/image\/\"},\"sameAs\":[\"https:\/\/www.facebook.com\/Portal-Urbano-171542830093757\/\",\"https:\/\/twitter.com\/portalurbanook\",\"https:\/\/www.instagram.com\/_portalurbano\/\",\"https:\/\/www.youtube.com\/channel\/UCXhagIfszH8KxFiOok79zbA?view_as=subscriber\"]},{\"@type\":\"Person\",\"@id\":\"https:\/\/experienciadevida.com.ar\/portalurbano\/#\/schema\/person\/02dd326b1c4b056e9cc972486934a3a7\",\"name\":\"admpu17wp\",\"image\":{\"@type\":\"ImageObject\",\"inLanguage\":\"es\",\"@id\":\"https:\/\/experienciadevida.com.ar\/portalurbano\/#\/schema\/person\/image\/\",\"url\":\"https:\/\/secure.gravatar.com\/avatar\/830d4c57adaae6630765e449a6908047?s=96&d=mm&r=g\",\"contentUrl\":\"https:\/\/secure.gravatar.com\/avatar\/830d4c57adaae6630765e449a6908047?s=96&d=mm&r=g\",\"caption\":\"admpu17wp\"}}]}<\/script>\n<!-- \/ Yoast SEO plugin. -->","yoast_head_json":{"title":"La casa Eduardo Chino Correa retoma su atenci\u00f3n al p\u00fablico","description":"La Casa Eduardo \u201cChino\u201d Correa retoma su atenci\u00f3n al p\u00fablico, la sede oficial del Foro Olavarr\u00eda retoma la atenci\u00f3n al p\u00fablico en su horario","robots":{"index":"index","follow":"follow","max-snippet":"max-snippet:-1","max-image-preview":"max-image-preview:large","max-video-preview":"max-video-preview:-1"},"canonical":"https:\/\/experienciadevida.com.ar\/portalurbano\/la-casa-eduardo-chino-correa-retoma-su-atencion-al-publico\/","og_locale":"es_ES","og_type":"article","og_title":"La casa Eduardo Chino Correa retoma su atenci\u00f3n al p\u00fablico","og_description":"La Casa Eduardo \u201cChino\u201d Correa retoma su atenci\u00f3n al p\u00fablico, la sede oficial del Foro Olavarr\u00eda retoma la atenci\u00f3n al p\u00fablico en su horario","og_url":"https:\/\/experienciadevida.com.ar\/portalurbano\/la-casa-eduardo-chino-correa-retoma-su-atencion-al-publico\/","article_publisher":"https:\/\/www.facebook.com\/Portal-Urbano-171542830093757\/","article_published_time":"2022-02-01T15:38:07+00:00","article_modified_time":"2022-02-01T15:43:36+00:00","og_image":[{"width":1600,"height":964,"url":"https:\/\/experienciadevida.com.ar\/portalurbano\/wp-content\/uploads\/2022\/02\/La-Casa-Eduardo.jpeg","type":"image\/jpeg"}],"author":"admpu17wp","twitter_card":"summary_large_image","twitter_creator":"@portalurbanook","twitter_site":"@portalurbanook","twitter_misc":{"Escrito por":"admpu17wp","Tiempo de lectura":"1 minuto"},"schema":{"@context":"https:\/\/schema.org","@graph":[{"@type":"Article","@id":"https:\/\/experienciadevida.com.ar\/portalurbano\/la-casa-eduardo-chino-correa-retoma-su-atencion-al-publico\/#article","isPartOf":{"@id":"https:\/\/experienciadevida.com.ar\/portalurbano\/la-casa-eduardo-chino-correa-retoma-su-atencion-al-publico\/"},"author":{"name":"admpu17wp","@id":"https:\/\/experienciadevida.com.ar\/portalurbano\/#\/schema\/person\/02dd326b1c4b056e9cc972486934a3a7"},"headline":"La Casa Eduardo \u201cChino\u201d Correa retoma su atenci\u00f3n al p\u00fablico","datePublished":"2022-02-01T15:38:07+00:00","dateModified":"2022-02-01T15:43:36+00:00","mainEntityOfPage":{"@id":"https:\/\/experienciadevida.com.ar\/portalurbano\/la-casa-eduardo-chino-correa-retoma-su-atencion-al-publico\/"},"wordCount":250,"publisher":{"@id":"https:\/\/experienciadevida.com.ar\/portalurbano\/#organization"},"articleSection":["Ciudad","Destacadas"],"inLanguage":"es"},{"@type":"WebPage","@id":"https:\/\/experienciadevida.com.ar\/portalurbano\/la-casa-eduardo-chino-correa-retoma-su-atencion-al-publico\/","url":"https:\/\/experienciadevida.com.ar\/portalurbano\/la-casa-eduardo-chino-correa-retoma-su-atencion-al-publico\/","name":"La casa Eduardo Chino Correa retoma su atenci\u00f3n al p\u00fablico","isPartOf":{"@id":"https:\/\/experienciadevida.com.ar\/portalurbano\/#website"},"datePublished":"2022-02-01T15:38:07+00:00","dateModified":"2022-02-01T15:43:36+00:00","description":"La Casa Eduardo \u201cChino\u201d Correa retoma su atenci\u00f3n al p\u00fablico, la sede oficial del Foro Olavarr\u00eda retoma la atenci\u00f3n al p\u00fablico en su horario","breadcrumb":{"@id":"https:\/\/experienciadevida.com.ar\/portalurbano\/la-casa-eduardo-chino-correa-retoma-su-atencion-al-publico\/#breadcrumb"},"inLanguage":"es","potentialAction":[{"@type":"ReadAction","target":["https:\/\/experienciadevida.com.ar\/portalurbano\/la-casa-eduardo-chino-correa-retoma-su-atencion-al-publico\/"]}]},{"@type":"BreadcrumbList","@id":"https:\/\/experienciadevida.com.ar\/portalurbano\/la-casa-eduardo-chino-correa-retoma-su-atencion-al-publico\/#breadcrumb","itemListElement":[{"@type":"ListItem","position":1,"name":"Portada","item":"https:\/\/experienciadevida.com.ar\/portalurbano\/"},{"@type":"ListItem","position":2,"name":"La Casa Eduardo \u201cChino\u201d Correa retoma su atenci\u00f3n al p\u00fablico"}]},{"@type":"WebSite","@id":"https:\/\/experienciadevida.com.ar\/portalurbano\/#website","url":"https:\/\/experienciadevida.com.ar\/portalurbano\/","name":"","description":"","publisher":{"@id":"https:\/\/experienciadevida.com.ar\/portalurbano\/#organization"},"potentialAction":[{"@type":"SearchAction","target":{"@type":"EntryPoint","urlTemplate":"https:\/\/experienciadevida.com.ar\/portalurbano\/?s={search_term_string}"},"query-input":"required name=search_term_string"}],"inLanguage":"es"},{"@type":"Organization","@id":"https:\/\/experienciadevida.com.ar\/portalurbano\/#organization","name":"Portal Urbano","url":"https:\/\/experienciadevida.com.ar\/portalurbano\/","logo":{"@type":"ImageObject","inLanguage":"es","@id":"https:\/\/experienciadevida.com.ar\/portalurbano\/#\/schema\/logo\/image\/","url":"https:\/\/experienciadevida.com.ar\/portalurbano\/wp-content\/uploads\/2019\/09\/Logo-Original.png","contentUrl":"https:\/\/experienciadevida.com.ar\/portalurbano\/wp-content\/uploads\/2019\/09\/Logo-Original.png","width":2236,"height":1216,"caption":"Portal Urbano"},"image":{"@id":"https:\/\/experienciadevida.com.ar\/portalurbano\/#\/schema\/logo\/image\/"},"sameAs":["https:\/\/www.facebook.com\/Portal-Urbano-171542830093757\/","https:\/\/twitter.com\/portalurbanook","https:\/\/www.instagram.com\/_portalurbano\/","https:\/\/www.youtube.com\/channel\/UCXhagIfszH8KxFiOok79zbA?view_as=subscriber"]},{"@type":"Person","@id":"https:\/\/experienciadevida.com.ar\/portalurbano\/#\/schema\/person\/02dd326b1c4b056e9cc972486934a3a7","name":"admpu17wp","image":{"@type":"ImageObject","inLanguage":"es","@id":"https:\/\/experienciadevida.com.ar\/portalurbano\/#\/schema\/person\/image\/","url":"https:\/\/secure.gravatar.com\/avatar\/830d4c57adaae6630765e449a6908047?s=96&d=mm&r=g","contentUrl":"https:\/\/secure.gravatar.com\/avatar\/830d4c57adaae6630765e449a6908047?s=96&d=mm&r=g","caption":"admpu17wp"}}]}},"featured_image_urls":{"full":["https:\/\/experienciadevida.com.ar\/portalurbano\/wp-content\/uploads\/2022\/02\/La-Casa-Eduardo.jpeg",1600,964,false],"thumbnail":["https:\/\/experienciadevida.com.ar\/portalurbano\/wp-content\/uploads\/2022\/02\/La-Casa-Eduardo-150x150.jpeg",150,150,true],"medium":["https:\/\/experienciadevida.com.ar\/portalurbano\/wp-content\/uploads\/2022\/02\/La-Casa-Eduardo-300x181.jpeg",300,181,true],"medium_large":["https:\/\/experienciadevida.com.ar\/portalurbano\/wp-content\/uploads\/2022\/02\/La-Casa-Eduardo-768x463.jpeg",640,386,true],"large":["https:\/\/experienciadevida.com.ar\/portalurbano\/wp-content\/uploads\/2022\/02\/La-Casa-Eduardo-1024x617.jpeg",640,386,true],"ug_big":["https:\/\/experienciadevida.com.ar\/portalurbano\/wp-content\/uploads\/2022\/02\/La-Casa-Eduardo-768x463.jpeg",768,463,true],"1536x1536":["https:\/\/experienciadevida.com.ar\/portalurbano\/wp-content\/uploads\/2022\/02\/La-Casa-Eduardo-1536x925.jpeg",1536,925,true],"2048x2048":["https:\/\/experienciadevida.com.ar\/portalurbano\/wp-content\/uploads\/2022\/02\/La-Casa-Eduardo.jpeg",1600,964,false],"newsever-slider-full":["https:\/\/experienciadevida.com.ar\/portalurbano\/wp-content\/uploads\/2022\/02\/La-Casa-Eduardo.jpeg",1280,771,false],"newsever-featured":["https:\/\/experienciadevida.com.ar\/portalurbano\/wp-content\/uploads\/2022\/02\/La-Casa-Eduardo.jpeg",1024,617,false],"newsever-medium":["https:\/\/experienciadevida.com.ar\/portalurbano\/wp-content\/uploads\/2022\/02\/La-Casa-Eduardo.jpeg",720,434,false],"web-stories-poster-portrait":["https:\/\/experienciadevida.com.ar\/portalurbano\/wp-content\/uploads\/2022\/02\/La-Casa-Eduardo.jpeg",640,386,false],"web-stories-publisher-logo":["https:\/\/experienciadevida.com.ar\/portalurbano\/wp-content\/uploads\/2022\/02\/La-Casa-Eduardo.jpeg",96,58,false],"web-stories-thumbnail":["https:\/\/experienciadevida.com.ar\/portalurbano\/wp-content\/uploads\/2022\/02\/La-Casa-Eduardo.jpeg",150,90,false]},"author_info":{"display_name":"admpu17wp","author_link":"https:\/\/experienciadevida.com.ar\/portalurbano\/author\/admpu17wp\/"},"category_info":"<a href=\"https:\/\/experienciadevida.com.ar\/portalurbano\/category\/ciudad\/\" rel=\"category tag\">Ciudad<\/a> <a href=\"https:\/\/experienciadevida.com.ar\/portalurbano\/category\/destacadas\/\" rel=\"category tag\">Destacadas<\/a>","tag_info":"Destacadas","comment_count":"0","amp_enabled":true,"_links":{"self":[{"href":"https:\/\/experienciadevida.com.ar\/portalurbano\/wp-json\/wp\/v2\/posts\/160873"}],"collection":[{"href":"https:\/\/experienciadevida.com.ar\/portalurbano\/wp-json\/wp\/v2\/posts"}],"about":[{"href":"https:\/\/experienciadevida.com.ar\/portalurbano\/wp-json\/wp\/v2\/types\/post"}],"author":[{"embeddable":true,"href":"https:\/\/experienciadevida.com.ar\/portalurbano\/wp-json\/wp\/v2\/users\/1"}],"replies":[{"embeddable":true,"href":"https:\/\/experienciadevida.com.ar\/portalurbano\/wp-json\/wp\/v2\/comments?post=160873"}],"version-history":[{"count":3,"href":"https:\/\/experienciadevida.com.ar\/portalurbano\/wp-json\/wp\/v2\/posts\/160873\/revisions"}],"predecessor-version":[{"id":160876,"href":"https:\/\/experienciadevida.com.ar\/portalurbano\/wp-json\/wp\/v2\/posts\/160873\/revisions\/160876"}],"wp:featuredmedia":[{"embeddable":true,"href":"https:\/\/experienciadevida.com.ar\/portalurbano\/wp-json\/wp\/v2\/media\/160874"}],"wp:attachment":[{"href":"https:\/\/experienciadevida.com.ar\/portalurbano\/wp-json\/wp\/v2\/media?parent=160873"}],"wp:term":[{"taxonomy":"category","embeddable":true,"href":"https:\/\/experienciadevida.com.ar\/portalurbano\/wp-json\/wp\/v2\/categories?post=160873"},{"taxonomy":"post_tag","embeddable":true,"href":"https:\/\/experienciadevida.com.ar\/portalurbano\/wp-json\/wp\/v2\/tags?post=160873"}],"curies":[{"name":"wp","href":"https:\/\/api.w.org\/{rel}","templated":true}]}}