{"id":160819,"date":"2022-01-31T15:48:16","date_gmt":"2022-01-31T18:48:16","guid":{"rendered":"https:\/\/experienciadevida.com.ar\/portalurbano\/?p=160819"},"modified":"2022-01-31T15:55:31","modified_gmt":"2022-01-31T18:55:31","slug":"en-las-ultimas-24-horas-fallecieron-cuatro-pacientes-con-coronavirus-y-se-registraron-120-casos-positivos","status":"publish","type":"post","link":"https:\/\/experienciadevida.com.ar\/portalurbano\/en-las-ultimas-24-horas-fallecieron-cuatro-pacientes-con-coronavirus-y-se-registraron-120-casos-positivos\/","title":{"rendered":"En las \u00faltimas 24 horas fallecieron cuatro pacientes con coronavirus y se registraron 120 casos positivos"},"content":{"rendered":"<p>En las \u00faltimas 24 horas fallecieron cuatro pacientes con coronavirus y se registraron 120 casos positivos, as\u00ed lo indic\u00f3 el parte emitido este lunes 31 de enero de 2022.<\/p>\n<p>En las \u00faltimas 24 horas fallecieron cuatro pacientes con coronavirus. Seg\u00fan informaron, se trata de una paciente de sexo femenino de 89 a\u00f1os con comorbilidades que estaba internada desde el 17 de enero. Ten\u00eda dos dosis de Sputnik (la \u00faltima en mayo de 2021).<\/p>\n<p>Otra de las personas fallecidas es una paciente de 87 a\u00f1os con tres dosis de vacunas que hab\u00eda ingresado el 25 de enero a una cl\u00ednica privada.<\/p>\n<p>El tercer paciente fallecido es de sexo masculino de 31 a\u00f1os que estaba internado en el Hospital Municipal desde el 24 de enero y no estaba vacunado.<\/p>\n<p>La cuarta paciente paciente fallecida es una mujer de 82 a\u00f1os que ingres\u00f3 al nosocomio local el 29 de enero y tampoco estaba vacunada.<\/p>\n<p>El informe de este lunes, adem\u00e1s, indic\u00f3 que en el d\u00eda de la fecha se analizaron 208 testeos, de los cuales 120 fueron positivos y 88 negativos para Covid19.<\/p>\n<p>Adem\u00e1s, 565 pacientes recibieron el alta m\u00e9dica, por lo que son 1332 las personas que tienen coronavirus en Olavarr\u00eda, con un promedio de edad de 40 a\u00f1os.<\/p>\n<p>En el Hospital Municipal \u201cDr. H\u00e9ctor M. Cura\u201d hay veintiocho pacientes internados: tres en la Unidad de Terapia Intensiva, 23 en Cuidados Generales y dos en Pediatr\u00eda.<\/p>\n<p>Desde el inicio de la Pandemia, se han analizado m\u00e1s de 78600 testeos en el Partido de Olavarr\u00eda.<\/p>\n<p><a href=\"https:\/\/experienciadevida.com.ar\/portalurbano\/en-las-ultimas-24-horas-fallecieron-cuatro-pacientes-con-coronavirus-y-se-registraron-120-casos-positivos\/coronavirus-343\/\" rel=\"attachment wp-att-160824\"><img decoding=\"async\" class=\"alignnone size-full wp-image-160824\" src=\"https:\/\/experienciadevida.com.ar\/portalurbano\/wp-content\/uploads\/2022\/01\/Coronavirus-23.jpg\" alt=\"\" width=\"765\" height=\"764\" srcset=\"https:\/\/experienciadevida.com.ar\/portalurbano\/wp-content\/uploads\/2022\/01\/Coronavirus-23.jpg 765w, https:\/\/experienciadevida.com.ar\/portalurbano\/wp-content\/uploads\/2022\/01\/Coronavirus-23-300x300.jpg 300w, https:\/\/experienciadevida.com.ar\/portalurbano\/wp-content\/uploads\/2022\/01\/Coronavirus-23-150x150.jpg 150w\" sizes=\"(max-width: 765px) 100vw, 765px\" \/><\/a><\/p>\n<p><a href=\"https:\/\/experienciadevida.com.ar\/portalurbano\/en-las-ultimas-24-horas-fallecieron-cuatro-pacientes-con-coronavirus-y-se-registraron-120-casos-positivos\/coronavirus1-322\/\" rel=\"attachment wp-att-160825\"><img decoding=\"async\" class=\"alignnone size-large wp-image-160825\" src=\"https:\/\/experienciadevida.com.ar\/portalurbano\/wp-content\/uploads\/2022\/01\/Coronavirus1-22-1024x1024.jpg\" alt=\"\" width=\"900\" height=\"900\" srcset=\"https:\/\/experienciadevida.com.ar\/portalurbano\/wp-content\/uploads\/2022\/01\/Coronavirus1-22-1024x1024.jpg 1024w, https:\/\/experienciadevida.com.ar\/portalurbano\/wp-content\/uploads\/2022\/01\/Coronavirus1-22-300x300.jpg 300w, https:\/\/experienciadevida.com.ar\/portalurbano\/wp-content\/uploads\/2022\/01\/Coronavirus1-22-150x150.jpg 150w, https:\/\/experienciadevida.com.ar\/portalurbano\/wp-content\/uploads\/2022\/01\/Coronavirus1-22-768x768.jpg 768w, https:\/\/experienciadevida.com.ar\/portalurbano\/wp-content\/uploads\/2022\/01\/Coronavirus1-22.jpg 1280w\" sizes=\"(max-width: 900px) 100vw, 900px\" \/><\/a><\/p>\n<p><a href=\"https:\/\/experienciadevida.com.ar\/portalurbano\/en-las-ultimas-24-horas-fallecieron-cuatro-pacientes-con-coronavirus-y-se-registraron-120-casos-positivos\/coronavirus2-268\/\" rel=\"attachment wp-att-160826\"><img decoding=\"async\" class=\"alignnone size-large wp-image-160826\" src=\"https:\/\/experienciadevida.com.ar\/portalurbano\/wp-content\/uploads\/2022\/01\/Coronavirus2-21-1024x1024.jpg\" alt=\"\" width=\"900\" height=\"900\" srcset=\"https:\/\/experienciadevida.com.ar\/portalurbano\/wp-content\/uploads\/2022\/01\/Coronavirus2-21-1024x1024.jpg 1024w, https:\/\/experienciadevida.com.ar\/portalurbano\/wp-content\/uploads\/2022\/01\/Coronavirus2-21-300x300.jpg 300w, https:\/\/experienciadevida.com.ar\/portalurbano\/wp-content\/uploads\/2022\/01\/Coronavirus2-21-150x150.jpg 150w, https:\/\/experienciadevida.com.ar\/portalurbano\/wp-content\/uploads\/2022\/01\/Coronavirus2-21-768x768.jpg 768w, https:\/\/experienciadevida.com.ar\/portalurbano\/wp-content\/uploads\/2022\/01\/Coronavirus2-21.jpg 1280w\" sizes=\"(max-width: 900px) 100vw, 900px\" \/><\/a><\/p>\n<p><a href=\"https:\/\/experienciadevida.com.ar\/portalurbano\/en-las-ultimas-24-horas-fallecieron-cuatro-pacientes-con-coronavirus-y-se-registraron-120-casos-positivos\/coronavirus3-233\/\" rel=\"attachment wp-att-160827\"><img decoding=\"async\" class=\"alignnone size-large wp-image-160827\" src=\"https:\/\/experienciadevida.com.ar\/portalurbano\/wp-content\/uploads\/2022\/01\/Coronavirus3-23-1024x1024.jpg\" alt=\"\" width=\"900\" height=\"900\" srcset=\"https:\/\/experienciadevida.com.ar\/portalurbano\/wp-content\/uploads\/2022\/01\/Coronavirus3-23-1024x1024.jpg 1024w, https:\/\/experienciadevida.com.ar\/portalurbano\/wp-content\/uploads\/2022\/01\/Coronavirus3-23-300x300.jpg 300w, https:\/\/experienciadevida.com.ar\/portalurbano\/wp-content\/uploads\/2022\/01\/Coronavirus3-23-150x150.jpg 150w, https:\/\/experienciadevida.com.ar\/portalurbano\/wp-content\/uploads\/2022\/01\/Coronavirus3-23-768x768.jpg 768w, https:\/\/experienciadevida.com.ar\/portalurbano\/wp-content\/uploads\/2022\/01\/Coronavirus3-23.jpg 1280w\" sizes=\"(max-width: 900px) 100vw, 900px\" \/><\/a><\/p>\n<p><a href=\"https:\/\/experienciadevida.com.ar\/portalurbano\/en-las-ultimas-24-horas-fallecieron-cuatro-pacientes-con-coronavirus-y-se-registraron-120-casos-positivos\/coronavirus4-186\/\" rel=\"attachment wp-att-160828\"><img decoding=\"async\" class=\"alignnone size-large wp-image-160828\" src=\"https:\/\/experienciadevida.com.ar\/portalurbano\/wp-content\/uploads\/2022\/01\/Coronavirus4-23-1024x1024.jpg\" alt=\"\" width=\"900\" height=\"900\" srcset=\"https:\/\/experienciadevida.com.ar\/portalurbano\/wp-content\/uploads\/2022\/01\/Coronavirus4-23-1024x1024.jpg 1024w, https:\/\/experienciadevida.com.ar\/portalurbano\/wp-content\/uploads\/2022\/01\/Coronavirus4-23-300x300.jpg 300w, https:\/\/experienciadevida.com.ar\/portalurbano\/wp-content\/uploads\/2022\/01\/Coronavirus4-23-150x150.jpg 150w, https:\/\/experienciadevida.com.ar\/portalurbano\/wp-content\/uploads\/2022\/01\/Coronavirus4-23-768x768.jpg 768w, https:\/\/experienciadevida.com.ar\/portalurbano\/wp-content\/uploads\/2022\/01\/Coronavirus4-23.jpg 1280w\" sizes=\"(max-width: 900px) 100vw, 900px\" \/><\/a><\/p>\n<p><a href=\"https:\/\/experienciadevida.com.ar\/portalurbano\/en-las-ultimas-24-horas-fallecieron-cuatro-pacientes-con-coronavirus-y-se-registraron-120-casos-positivos\/coronavirus5-154\/\" rel=\"attachment wp-att-160829\"><img decoding=\"async\" class=\"alignnone size-large wp-image-160829\" src=\"https:\/\/experienciadevida.com.ar\/portalurbano\/wp-content\/uploads\/2022\/01\/Coronavirus5-17-1024x1024.jpg\" alt=\"\" width=\"900\" height=\"900\" srcset=\"https:\/\/experienciadevida.com.ar\/portalurbano\/wp-content\/uploads\/2022\/01\/Coronavirus5-17-1024x1024.jpg 1024w, https:\/\/experienciadevida.com.ar\/portalurbano\/wp-content\/uploads\/2022\/01\/Coronavirus5-17-300x300.jpg 300w, https:\/\/experienciadevida.com.ar\/portalurbano\/wp-content\/uploads\/2022\/01\/Coronavirus5-17-150x150.jpg 150w, https:\/\/experienciadevida.com.ar\/portalurbano\/wp-content\/uploads\/2022\/01\/Coronavirus5-17-768x768.jpg 768w, https:\/\/experienciadevida.com.ar\/portalurbano\/wp-content\/uploads\/2022\/01\/Coronavirus5-17.jpg 1280w\" sizes=\"(max-width: 900px) 100vw, 900px\" \/><\/a><\/p>\n<p><a href=\"https:\/\/experienciadevida.com.ar\/portalurbano\/en-las-ultimas-24-horas-fallecieron-cuatro-pacientes-con-coronavirus-y-se-registraron-120-casos-positivos\/coronavirus6-127\/\" rel=\"attachment wp-att-160830\"><img decoding=\"async\" class=\"alignnone size-large wp-image-160830\" src=\"https:\/\/experienciadevida.com.ar\/portalurbano\/wp-content\/uploads\/2022\/01\/Coronavirus6-13-1024x1024.jpg\" alt=\"\" width=\"900\" height=\"900\" srcset=\"https:\/\/experienciadevida.com.ar\/portalurbano\/wp-content\/uploads\/2022\/01\/Coronavirus6-13-1024x1024.jpg 1024w, https:\/\/experienciadevida.com.ar\/portalurbano\/wp-content\/uploads\/2022\/01\/Coronavirus6-13-300x300.jpg 300w, https:\/\/experienciadevida.com.ar\/portalurbano\/wp-content\/uploads\/2022\/01\/Coronavirus6-13-150x150.jpg 150w, https:\/\/experienciadevida.com.ar\/portalurbano\/wp-content\/uploads\/2022\/01\/Coronavirus6-13-768x768.jpg 768w, https:\/\/experienciadevida.com.ar\/portalurbano\/wp-content\/uploads\/2022\/01\/Coronavirus6-13.jpg 1280w\" sizes=\"(max-width: 900px) 100vw, 900px\" \/><\/a><\/p>\n","protected":false},"excerpt":{"rendered":"<p>En las \u00faltimas 24 horas fallecieron cuatro pacientes con coronavirus y se registraron 120 casos&#8230;<\/p>\n","protected":false},"author":1,"featured_media":121931,"comment_status":"closed","ping_status":"closed","sticky":false,"template":"","format":"standard","meta":{"content-type":""},"categories":[51,45],"tags":[],"nelio_content":{"isAutoShareEnabled":false,"autoShareEndMode":"default","automationSources":{"useContentSentences":true,"useSocialTemplates":true,"useCustomSentences":false,"customSentences":[]},"followers":[1],"suggestedReferences":[],"includedReferences":[],"efiUrl":"","efiAlt":"","highlights":[]},"yoast_head":"<!-- This site is optimized with the Yoast SEO plugin v20.7 - https:\/\/yoast.com\/wordpress\/plugins\/seo\/ -->\n<title>En las \u00faltimas 24 horas fallecieron cuatro pacientes con coronavirus y se registraron 120 casos positivos -<\/title>\n<meta name=\"robots\" content=\"index, follow, max-snippet:-1, max-image-preview:large, max-video-preview:-1\" \/>\n<link rel=\"canonical\" href=\"https:\/\/experienciadevida.com.ar\/portalurbano\/en-las-ultimas-24-horas-fallecieron-cuatro-pacientes-con-coronavirus-y-se-registraron-120-casos-positivos\/\" \/>\n<meta property=\"og:locale\" content=\"es_ES\" \/>\n<meta property=\"og:type\" content=\"article\" \/>\n<meta property=\"og:title\" content=\"En las \u00faltimas 24 horas fallecieron cuatro pacientes con coronavirus y se registraron 120 casos positivos -\" \/>\n<meta property=\"og:description\" content=\"En las \u00faltimas 24 horas fallecieron cuatro pacientes con coronavirus y se registraron 120 casos...\" \/>\n<meta property=\"og:url\" content=\"https:\/\/experienciadevida.com.ar\/portalurbano\/en-las-ultimas-24-horas-fallecieron-cuatro-pacientes-con-coronavirus-y-se-registraron-120-casos-positivos\/\" \/>\n<meta property=\"article:publisher\" content=\"https:\/\/www.facebook.com\/Portal-Urbano-171542830093757\/\" \/>\n<meta property=\"article:published_time\" content=\"2022-01-31T18:48:16+00:00\" \/>\n<meta property=\"article:modified_time\" content=\"2022-01-31T18:55:31+00:00\" \/>\n<meta property=\"og:image\" content=\"https:\/\/experienciadevida.com.ar\/portalurbano\/wp-content\/uploads\/2020\/09\/Salud-Guardia-Hospital-1-e1600639461545.jpg\" \/>\n\t<meta property=\"og:image:width\" content=\"750\" \/>\n\t<meta property=\"og:image:height\" content=\"562\" \/>\n\t<meta property=\"og:image:type\" content=\"image\/jpeg\" \/>\n<meta name=\"author\" content=\"admpu17wp\" \/>\n<meta name=\"twitter:card\" content=\"summary_large_image\" \/>\n<meta name=\"twitter:creator\" content=\"@portalurbanook\" \/>\n<meta name=\"twitter:site\" content=\"@portalurbanook\" \/>\n<meta name=\"twitter:label1\" content=\"Escrito por\" \/>\n\t<meta name=\"twitter:data1\" content=\"admpu17wp\" \/>\n\t<meta name=\"twitter:label2\" content=\"Tiempo de lectura\" \/>\n\t<meta name=\"twitter:data2\" content=\"3 minutos\" \/>\n<script type=\"application\/ld+json\" class=\"yoast-schema-graph\">{\"@context\":\"https:\/\/schema.org\",\"@graph\":[{\"@type\":\"Article\",\"@id\":\"https:\/\/experienciadevida.com.ar\/portalurbano\/en-las-ultimas-24-horas-fallecieron-cuatro-pacientes-con-coronavirus-y-se-registraron-120-casos-positivos\/#article\",\"isPartOf\":{\"@id\":\"https:\/\/experienciadevida.com.ar\/portalurbano\/en-las-ultimas-24-horas-fallecieron-cuatro-pacientes-con-coronavirus-y-se-registraron-120-casos-positivos\/\"},\"author\":{\"name\":\"admpu17wp\",\"@id\":\"https:\/\/experienciadevida.com.ar\/portalurbano\/#\/schema\/person\/02dd326b1c4b056e9cc972486934a3a7\"},\"headline\":\"En las \u00faltimas 24 horas fallecieron cuatro pacientes con coronavirus y se registraron 120 casos positivos\",\"datePublished\":\"2022-01-31T18:48:16+00:00\",\"dateModified\":\"2022-01-31T18:55:31+00:00\",\"mainEntityOfPage\":{\"@id\":\"https:\/\/experienciadevida.com.ar\/portalurbano\/en-las-ultimas-24-horas-fallecieron-cuatro-pacientes-con-coronavirus-y-se-registraron-120-casos-positivos\/\"},\"wordCount\":262,\"publisher\":{\"@id\":\"https:\/\/experienciadevida.com.ar\/portalurbano\/#organization\"},\"articleSection\":[\"Destacadas\",\"Salud\"],\"inLanguage\":\"es\"},{\"@type\":\"WebPage\",\"@id\":\"https:\/\/experienciadevida.com.ar\/portalurbano\/en-las-ultimas-24-horas-fallecieron-cuatro-pacientes-con-coronavirus-y-se-registraron-120-casos-positivos\/\",\"url\":\"https:\/\/experienciadevida.com.ar\/portalurbano\/en-las-ultimas-24-horas-fallecieron-cuatro-pacientes-con-coronavirus-y-se-registraron-120-casos-positivos\/\",\"name\":\"En las \u00faltimas 24 horas fallecieron cuatro pacientes con coronavirus y se registraron 120 casos positivos -\",\"isPartOf\":{\"@id\":\"https:\/\/experienciadevida.com.ar\/portalurbano\/#website\"},\"datePublished\":\"2022-01-31T18:48:16+00:00\",\"dateModified\":\"2022-01-31T18:55:31+00:00\",\"breadcrumb\":{\"@id\":\"https:\/\/experienciadevida.com.ar\/portalurbano\/en-las-ultimas-24-horas-fallecieron-cuatro-pacientes-con-coronavirus-y-se-registraron-120-casos-positivos\/#breadcrumb\"},\"inLanguage\":\"es\",\"potentialAction\":[{\"@type\":\"ReadAction\",\"target\":[\"https:\/\/experienciadevida.com.ar\/portalurbano\/en-las-ultimas-24-horas-fallecieron-cuatro-pacientes-con-coronavirus-y-se-registraron-120-casos-positivos\/\"]}]},{\"@type\":\"BreadcrumbList\",\"@id\":\"https:\/\/experienciadevida.com.ar\/portalurbano\/en-las-ultimas-24-horas-fallecieron-cuatro-pacientes-con-coronavirus-y-se-registraron-120-casos-positivos\/#breadcrumb\",\"itemListElement\":[{\"@type\":\"ListItem\",\"position\":1,\"name\":\"Portada\",\"item\":\"https:\/\/experienciadevida.com.ar\/portalurbano\/\"},{\"@type\":\"ListItem\",\"position\":2,\"name\":\"En las \u00faltimas 24 horas fallecieron cuatro pacientes con coronavirus y se registraron 120 casos positivos\"}]},{\"@type\":\"WebSite\",\"@id\":\"https:\/\/experienciadevida.com.ar\/portalurbano\/#website\",\"url\":\"https:\/\/experienciadevida.com.ar\/portalurbano\/\",\"name\":\"\",\"description\":\"\",\"publisher\":{\"@id\":\"https:\/\/experienciadevida.com.ar\/portalurbano\/#organization\"},\"potentialAction\":[{\"@type\":\"SearchAction\",\"target\":{\"@type\":\"EntryPoint\",\"urlTemplate\":\"https:\/\/experienciadevida.com.ar\/portalurbano\/?s={search_term_string}\"},\"query-input\":\"required name=search_term_string\"}],\"inLanguage\":\"es\"},{\"@type\":\"Organization\",\"@id\":\"https:\/\/experienciadevida.com.ar\/portalurbano\/#organization\",\"name\":\"Portal Urbano\",\"url\":\"https:\/\/experienciadevida.com.ar\/portalurbano\/\",\"logo\":{\"@type\":\"ImageObject\",\"inLanguage\":\"es\",\"@id\":\"https:\/\/experienciadevida.com.ar\/portalurbano\/#\/schema\/logo\/image\/\",\"url\":\"https:\/\/experienciadevida.com.ar\/portalurbano\/wp-content\/uploads\/2019\/09\/Logo-Original.png\",\"contentUrl\":\"https:\/\/experienciadevida.com.ar\/portalurbano\/wp-content\/uploads\/2019\/09\/Logo-Original.png\",\"width\":2236,\"height\":1216,\"caption\":\"Portal Urbano\"},\"image\":{\"@id\":\"https:\/\/experienciadevida.com.ar\/portalurbano\/#\/schema\/logo\/image\/\"},\"sameAs\":[\"https:\/\/www.facebook.com\/Portal-Urbano-171542830093757\/\",\"https:\/\/twitter.com\/portalurbanook\",\"https:\/\/www.instagram.com\/_portalurbano\/\",\"https:\/\/www.youtube.com\/channel\/UCXhagIfszH8KxFiOok79zbA?view_as=subscriber\"]},{\"@type\":\"Person\",\"@id\":\"https:\/\/experienciadevida.com.ar\/portalurbano\/#\/schema\/person\/02dd326b1c4b056e9cc972486934a3a7\",\"name\":\"admpu17wp\",\"image\":{\"@type\":\"ImageObject\",\"inLanguage\":\"es\",\"@id\":\"https:\/\/experienciadevida.com.ar\/portalurbano\/#\/schema\/person\/image\/\",\"url\":\"https:\/\/secure.gravatar.com\/avatar\/830d4c57adaae6630765e449a6908047?s=96&d=mm&r=g\",\"contentUrl\":\"https:\/\/secure.gravatar.com\/avatar\/830d4c57adaae6630765e449a6908047?s=96&d=mm&r=g\",\"caption\":\"admpu17wp\"}}]}<\/script>\n<!-- \/ Yoast SEO plugin. -->","yoast_head_json":{"title":"En las \u00faltimas 24 horas fallecieron cuatro pacientes con coronavirus y se registraron 120 casos positivos -","robots":{"index":"index","follow":"follow","max-snippet":"max-snippet:-1","max-image-preview":"max-image-preview:large","max-video-preview":"max-video-preview:-1"},"canonical":"https:\/\/experienciadevida.com.ar\/portalurbano\/en-las-ultimas-24-horas-fallecieron-cuatro-pacientes-con-coronavirus-y-se-registraron-120-casos-positivos\/","og_locale":"es_ES","og_type":"article","og_title":"En las \u00faltimas 24 horas fallecieron cuatro pacientes con coronavirus y se registraron 120 casos positivos -","og_description":"En las \u00faltimas 24 horas fallecieron cuatro pacientes con coronavirus y se registraron 120 casos...","og_url":"https:\/\/experienciadevida.com.ar\/portalurbano\/en-las-ultimas-24-horas-fallecieron-cuatro-pacientes-con-coronavirus-y-se-registraron-120-casos-positivos\/","article_publisher":"https:\/\/www.facebook.com\/Portal-Urbano-171542830093757\/","article_published_time":"2022-01-31T18:48:16+00:00","article_modified_time":"2022-01-31T18:55:31+00:00","og_image":[{"width":750,"height":562,"url":"https:\/\/experienciadevida.com.ar\/portalurbano\/wp-content\/uploads\/2020\/09\/Salud-Guardia-Hospital-1-e1600639461545.jpg","type":"image\/jpeg"}],"author":"admpu17wp","twitter_card":"summary_large_image","twitter_creator":"@portalurbanook","twitter_site":"@portalurbanook","twitter_misc":{"Escrito por":"admpu17wp","Tiempo de lectura":"3 minutos"},"schema":{"@context":"https:\/\/schema.org","@graph":[{"@type":"Article","@id":"https:\/\/experienciadevida.com.ar\/portalurbano\/en-las-ultimas-24-horas-fallecieron-cuatro-pacientes-con-coronavirus-y-se-registraron-120-casos-positivos\/#article","isPartOf":{"@id":"https:\/\/experienciadevida.com.ar\/portalurbano\/en-las-ultimas-24-horas-fallecieron-cuatro-pacientes-con-coronavirus-y-se-registraron-120-casos-positivos\/"},"author":{"name":"admpu17wp","@id":"https:\/\/experienciadevida.com.ar\/portalurbano\/#\/schema\/person\/02dd326b1c4b056e9cc972486934a3a7"},"headline":"En las \u00faltimas 24 horas fallecieron cuatro pacientes con coronavirus y se registraron 120 casos positivos","datePublished":"2022-01-31T18:48:16+00:00","dateModified":"2022-01-31T18:55:31+00:00","mainEntityOfPage":{"@id":"https:\/\/experienciadevida.com.ar\/portalurbano\/en-las-ultimas-24-horas-fallecieron-cuatro-pacientes-con-coronavirus-y-se-registraron-120-casos-positivos\/"},"wordCount":262,"publisher":{"@id":"https:\/\/experienciadevida.com.ar\/portalurbano\/#organization"},"articleSection":["Destacadas","Salud"],"inLanguage":"es"},{"@type":"WebPage","@id":"https:\/\/experienciadevida.com.ar\/portalurbano\/en-las-ultimas-24-horas-fallecieron-cuatro-pacientes-con-coronavirus-y-se-registraron-120-casos-positivos\/","url":"https:\/\/experienciadevida.com.ar\/portalurbano\/en-las-ultimas-24-horas-fallecieron-cuatro-pacientes-con-coronavirus-y-se-registraron-120-casos-positivos\/","name":"En las \u00faltimas 24 horas fallecieron cuatro pacientes con coronavirus y se registraron 120 casos positivos -","isPartOf":{"@id":"https:\/\/experienciadevida.com.ar\/portalurbano\/#website"},"datePublished":"2022-01-31T18:48:16+00:00","dateModified":"2022-01-31T18:55:31+00:00","breadcrumb":{"@id":"https:\/\/experienciadevida.com.ar\/portalurbano\/en-las-ultimas-24-horas-fallecieron-cuatro-pacientes-con-coronavirus-y-se-registraron-120-casos-positivos\/#breadcrumb"},"inLanguage":"es","potentialAction":[{"@type":"ReadAction","target":["https:\/\/experienciadevida.com.ar\/portalurbano\/en-las-ultimas-24-horas-fallecieron-cuatro-pacientes-con-coronavirus-y-se-registraron-120-casos-positivos\/"]}]},{"@type":"BreadcrumbList","@id":"https:\/\/experienciadevida.com.ar\/portalurbano\/en-las-ultimas-24-horas-fallecieron-cuatro-pacientes-con-coronavirus-y-se-registraron-120-casos-positivos\/#breadcrumb","itemListElement":[{"@type":"ListItem","position":1,"name":"Portada","item":"https:\/\/experienciadevida.com.ar\/portalurbano\/"},{"@type":"ListItem","position":2,"name":"En las \u00faltimas 24 horas fallecieron cuatro pacientes con coronavirus y se registraron 120 casos positivos"}]},{"@type":"WebSite","@id":"https:\/\/experienciadevida.com.ar\/portalurbano\/#website","url":"https:\/\/experienciadevida.com.ar\/portalurbano\/","name":"","description":"","publisher":{"@id":"https:\/\/experienciadevida.com.ar\/portalurbano\/#organization"},"potentialAction":[{"@type":"SearchAction","target":{"@type":"EntryPoint","urlTemplate":"https:\/\/experienciadevida.com.ar\/portalurbano\/?s={search_term_string}"},"query-input":"required name=search_term_string"}],"inLanguage":"es"},{"@type":"Organization","@id":"https:\/\/experienciadevida.com.ar\/portalurbano\/#organization","name":"Portal Urbano","url":"https:\/\/experienciadevida.com.ar\/portalurbano\/","logo":{"@type":"ImageObject","inLanguage":"es","@id":"https:\/\/experienciadevida.com.ar\/portalurbano\/#\/schema\/logo\/image\/","url":"https:\/\/experienciadevida.com.ar\/portalurbano\/wp-content\/uploads\/2019\/09\/Logo-Original.png","contentUrl":"https:\/\/experienciadevida.com.ar\/portalurbano\/wp-content\/uploads\/2019\/09\/Logo-Original.png","width":2236,"height":1216,"caption":"Portal Urbano"},"image":{"@id":"https:\/\/experienciadevida.com.ar\/portalurbano\/#\/schema\/logo\/image\/"},"sameAs":["https:\/\/www.facebook.com\/Portal-Urbano-171542830093757\/","https:\/\/twitter.com\/portalurbanook","https:\/\/www.instagram.com\/_portalurbano\/","https:\/\/www.youtube.com\/channel\/UCXhagIfszH8KxFiOok79zbA?view_as=subscriber"]},{"@type":"Person","@id":"https:\/\/experienciadevida.com.ar\/portalurbano\/#\/schema\/person\/02dd326b1c4b056e9cc972486934a3a7","name":"admpu17wp","image":{"@type":"ImageObject","inLanguage":"es","@id":"https:\/\/experienciadevida.com.ar\/portalurbano\/#\/schema\/person\/image\/","url":"https:\/\/secure.gravatar.com\/avatar\/830d4c57adaae6630765e449a6908047?s=96&d=mm&r=g","contentUrl":"https:\/\/secure.gravatar.com\/avatar\/830d4c57adaae6630765e449a6908047?s=96&d=mm&r=g","caption":"admpu17wp"}}]}},"featured_image_urls":{"full":["https:\/\/experienciadevida.com.ar\/portalurbano\/wp-content\/uploads\/2020\/09\/Salud-Guardia-Hospital-1-e1600639461545.jpg",750,562,false],"thumbnail":["https:\/\/experienciadevida.com.ar\/portalurbano\/wp-content\/uploads\/2020\/09\/Salud-Guardia-Hospital-1-150x150.jpg",150,150,true],"medium":["https:\/\/experienciadevida.com.ar\/portalurbano\/wp-content\/uploads\/2020\/09\/Salud-Guardia-Hospital-1-300x225.jpg",300,225,true],"medium_large":["https:\/\/experienciadevida.com.ar\/portalurbano\/wp-content\/uploads\/2020\/09\/Salud-Guardia-Hospital-1-768x576.jpg",640,480,true],"large":["https:\/\/experienciadevida.com.ar\/portalurbano\/wp-content\/uploads\/2020\/09\/Salud-Guardia-Hospital-1-e1600639461545.jpg",640,480,false],"ug_big":["https:\/\/experienciadevida.com.ar\/portalurbano\/wp-content\/uploads\/2020\/09\/Salud-Guardia-Hospital-1-768x576.jpg",768,576,true],"1536x1536":["https:\/\/experienciadevida.com.ar\/portalurbano\/wp-content\/uploads\/2020\/09\/Salud-Guardia-Hospital-1-e1600639461545.jpg",750,562,false],"2048x2048":["https:\/\/experienciadevida.com.ar\/portalurbano\/wp-content\/uploads\/2020\/09\/Salud-Guardia-Hospital-1-e1600639461545.jpg",750,562,false],"newsever-slider-full":["https:\/\/experienciadevida.com.ar\/portalurbano\/wp-content\/uploads\/2020\/09\/Salud-Guardia-Hospital-1-e1600639461545.jpg",750,562,false],"newsever-featured":["https:\/\/experienciadevida.com.ar\/portalurbano\/wp-content\/uploads\/2020\/09\/Salud-Guardia-Hospital-1-e1600639461545.jpg",750,562,false],"newsever-medium":["https:\/\/experienciadevida.com.ar\/portalurbano\/wp-content\/uploads\/2020\/09\/Salud-Guardia-Hospital-1-e1600639461545.jpg",634,475,false],"web-stories-poster-portrait":["https:\/\/experienciadevida.com.ar\/portalurbano\/wp-content\/uploads\/2020\/09\/Salud-Guardia-Hospital-1-e1600639461545.jpg",640,480,false],"web-stories-publisher-logo":["https:\/\/experienciadevida.com.ar\/portalurbano\/wp-content\/uploads\/2020\/09\/Salud-Guardia-Hospital-1-e1600639461545.jpg",96,72,false],"web-stories-thumbnail":["https:\/\/experienciadevida.com.ar\/portalurbano\/wp-content\/uploads\/2020\/09\/Salud-Guardia-Hospital-1-e1600639461545.jpg",150,112,false]},"author_info":{"display_name":"admpu17wp","author_link":"https:\/\/experienciadevida.com.ar\/portalurbano\/author\/admpu17wp\/"},"category_info":"<a href=\"https:\/\/experienciadevida.com.ar\/portalurbano\/category\/destacadas\/\" rel=\"category tag\">Destacadas<\/a> <a href=\"https:\/\/experienciadevida.com.ar\/portalurbano\/category\/ciudad\/salud\/\" rel=\"category tag\">Salud<\/a>","tag_info":"Salud","comment_count":"0","amp_enabled":true,"_links":{"self":[{"href":"https:\/\/experienciadevida.com.ar\/portalurbano\/wp-json\/wp\/v2\/posts\/160819"}],"collection":[{"href":"https:\/\/experienciadevida.com.ar\/portalurbano\/wp-json\/wp\/v2\/posts"}],"about":[{"href":"https:\/\/experienciadevida.com.ar\/portalurbano\/wp-json\/wp\/v2\/types\/post"}],"author":[{"embeddable":true,"href":"https:\/\/experienciadevida.com.ar\/portalurbano\/wp-json\/wp\/v2\/users\/1"}],"replies":[{"embeddable":true,"href":"https:\/\/experienciadevida.com.ar\/portalurbano\/wp-json\/wp\/v2\/comments?post=160819"}],"version-history":[{"count":4,"href":"https:\/\/experienciadevida.com.ar\/portalurbano\/wp-json\/wp\/v2\/posts\/160819\/revisions"}],"predecessor-version":[{"id":160831,"href":"https:\/\/experienciadevida.com.ar\/portalurbano\/wp-json\/wp\/v2\/posts\/160819\/revisions\/160831"}],"wp:featuredmedia":[{"embeddable":true,"href":"https:\/\/experienciadevida.com.ar\/portalurbano\/wp-json\/wp\/v2\/media\/121931"}],"wp:attachment":[{"href":"https:\/\/experienciadevida.com.ar\/portalurbano\/wp-json\/wp\/v2\/media?parent=160819"}],"wp:term":[{"taxonomy":"category","embeddable":true,"href":"https:\/\/experienciadevida.com.ar\/portalurbano\/wp-json\/wp\/v2\/categories?post=160819"},{"taxonomy":"post_tag","embeddable":true,"href":"https:\/\/experienciadevida.com.ar\/portalurbano\/wp-json\/wp\/v2\/tags?post=160819"}],"curies":[{"name":"wp","href":"https:\/\/api.w.org\/{rel}","templated":true}]}}