{"id":160731,"date":"2022-01-29T15:57:22","date_gmt":"2022-01-29T18:57:22","guid":{"rendered":"https:\/\/experienciadevida.com.ar\/portalurbano\/?p=160731"},"modified":"2022-01-29T15:59:25","modified_gmt":"2022-01-29T18:59:25","slug":"culmino-exitosamente-el-programa-provincial-verano-atr","status":"publish","type":"post","link":"https:\/\/experienciadevida.com.ar\/portalurbano\/culmino-exitosamente-el-programa-provincial-verano-atr\/","title":{"rendered":"Culmin\u00f3 exitosamente el Programa provincial Verano + ATR"},"content":{"rendered":"<p>Culmin\u00f3 exitosamente el Programa provincial Verano + ATR, en el distrito participaron aproximadamente 550 chicos y chicas, distribuidos en 16 sedes administrativas y 10 complementarias. En el d\u00eda de ayer se realizaron todos los muestreos y cierres de agua y recreativos junto a las familias.<\/p>\n<p><a href=\"https:\/\/experienciadevida.com.ar\/portalurbano\/culmino-exitosamente-el-programa-provincial-verano-atr\/culmino-exitosamente\/\" rel=\"attachment wp-att-160735\"><img decoding=\"async\" class=\"alignnone size-full wp-image-160735\" src=\"https:\/\/experienciadevida.com.ar\/portalurbano\/wp-content\/uploads\/2022\/01\/Culmino-exitosamente.jpg\" alt=\"Culmin\u00f3 exitosamente \" width=\"960\" height=\"636\" srcset=\"https:\/\/experienciadevida.com.ar\/portalurbano\/wp-content\/uploads\/2022\/01\/Culmino-exitosamente.jpg 960w, https:\/\/experienciadevida.com.ar\/portalurbano\/wp-content\/uploads\/2022\/01\/Culmino-exitosamente-300x199.jpg 300w, https:\/\/experienciadevida.com.ar\/portalurbano\/wp-content\/uploads\/2022\/01\/Culmino-exitosamente-768x509.jpg 768w\" sizes=\"(max-width: 960px) 100vw, 960px\" \/><\/a><\/p>\n<p>El Programa Verano + ATR es una iniciativa del gobierno de la Provincia de Buenos Aires para el cual se hace una importante inversi\u00f3n en recursos humanos y did\u00e1cticos. Desde lo pedag\u00f3gico se trabaj\u00f3 con tres ejes: educaci\u00f3n sexual integral, ambiente y el entorno pr\u00f3ximo como materia de aprendizaje. En Olavarr\u00eda se llev\u00f3 cabo del 4 a 28 de enero y en el cual m\u00e1s de 550 ni\u00f1os y ni\u00f1as disfrutaron de actividades deportivas, l\u00fadicas y recreativas.<\/p>\n<p>El cierre se llev\u00f3 a cabo en La M\u00e1xima, Parque Avellaneda, Racing, Pileta Municipal de Recalde, Club Loma Negra, La tradici\u00f3n, El Prado Hinojo, Santa \u00c1gueda Hinojo y Club San Martin de Sierras Bayas. De la temporada participaron ni\u00f1os, ni\u00f1as y adolescentes de nivel inicial, primario y secundario.<\/p>\n<p>Culmin\u00f3 exitosamente el Programa provincial Verano + ATR, Cada sede realiz\u00f3 su propio acto de cierre y hubo hamburgueseadas, presentaciones art\u00edsticas articuladas con el Instituto Cultural de la Provincia de Buenos Aires y muestreo de lo aprendido a lo largo de la temporada. Las actividades contaron con la presencia del Jefe distrital de Educaci\u00f3n, Julio Ben\u00edtez, la jefa Regional de Educaci\u00f3n M\u00f3nica Wagner, el coordinador del Programa Maximiliano Gonz\u00e1lez, autoridades y la Inspectora de Psicolog\u00eda Social y Pedagog\u00eda Comunitaria Rosana Ingliso, inspectora de Educaci\u00f3n Especial Mar\u00eda Jos\u00e9 Sal\u00edes, la Inspectora de Educaci\u00f3n F\u00edsica Andrea Bustingorry y consejeros escolares.<\/p>\n","protected":false},"excerpt":{"rendered":"<p>Culmin\u00f3 exitosamente el Programa provincial Verano + ATR, en el distrito participaron aproximadamente 550 chicos&#8230;<\/p>\n","protected":false},"author":1,"featured_media":160732,"comment_status":"closed","ping_status":"closed","sticky":false,"template":"","format":"standard","meta":{"content-type":""},"categories":[27,64],"tags":[],"nelio_content":{"isAutoShareEnabled":false,"autoShareEndMode":"default","automationSources":{"useContentSentences":true,"useSocialTemplates":true,"useCustomSentences":false,"customSentences":[]},"followers":[1],"suggestedReferences":[],"includedReferences":[],"efiUrl":"","efiAlt":"","highlights":[]},"yoast_head":"<!-- This site is optimized with the Yoast SEO plugin v20.7 - https:\/\/yoast.com\/wordpress\/plugins\/seo\/ -->\n<title>Culmin\u00f3 exitosamente el programa provincial Verano + ATR<\/title>\n<meta name=\"description\" content=\"Culmin\u00f3 exitosamente el Programa provincial Verano + ATR, en el distrito participaron aproximadamente 550 chicos y chicas\" \/>\n<meta name=\"robots\" content=\"index, follow, max-snippet:-1, max-image-preview:large, max-video-preview:-1\" \/>\n<link rel=\"canonical\" href=\"https:\/\/experienciadevida.com.ar\/portalurbano\/culmino-exitosamente-el-programa-provincial-verano-atr\/\" \/>\n<meta property=\"og:locale\" content=\"es_ES\" \/>\n<meta property=\"og:type\" content=\"article\" \/>\n<meta property=\"og:title\" content=\"Culmin\u00f3 exitosamente el programa provincial Verano + ATR\" \/>\n<meta property=\"og:description\" content=\"Culmin\u00f3 exitosamente el Programa provincial Verano + ATR, en el distrito participaron aproximadamente 550 chicos y chicas\" \/>\n<meta property=\"og:url\" content=\"https:\/\/experienciadevida.com.ar\/portalurbano\/culmino-exitosamente-el-programa-provincial-verano-atr\/\" \/>\n<meta property=\"article:publisher\" content=\"https:\/\/www.facebook.com\/Portal-Urbano-171542830093757\/\" \/>\n<meta property=\"article:published_time\" content=\"2022-01-29T18:57:22+00:00\" \/>\n<meta property=\"article:modified_time\" content=\"2022-01-29T18:59:25+00:00\" \/>\n<meta property=\"og:image\" content=\"https:\/\/experienciadevida.com.ar\/portalurbano\/wp-content\/uploads\/2022\/01\/Culmino-exitosamente-el-Programa.jpg\" \/>\n\t<meta property=\"og:image:width\" content=\"960\" \/>\n\t<meta property=\"og:image:height\" content=\"640\" \/>\n\t<meta property=\"og:image:type\" content=\"image\/jpeg\" \/>\n<meta name=\"author\" content=\"admpu17wp\" \/>\n<meta name=\"twitter:card\" content=\"summary_large_image\" \/>\n<meta name=\"twitter:creator\" content=\"@portalurbanook\" \/>\n<meta name=\"twitter:site\" content=\"@portalurbanook\" \/>\n<meta name=\"twitter:label1\" content=\"Escrito por\" \/>\n\t<meta name=\"twitter:data1\" content=\"admpu17wp\" \/>\n\t<meta name=\"twitter:label2\" content=\"Tiempo de lectura\" \/>\n\t<meta name=\"twitter:data2\" content=\"2 minutos\" \/>\n<script type=\"application\/ld+json\" class=\"yoast-schema-graph\">{\"@context\":\"https:\/\/schema.org\",\"@graph\":[{\"@type\":\"Article\",\"@id\":\"https:\/\/experienciadevida.com.ar\/portalurbano\/culmino-exitosamente-el-programa-provincial-verano-atr\/#article\",\"isPartOf\":{\"@id\":\"https:\/\/experienciadevida.com.ar\/portalurbano\/culmino-exitosamente-el-programa-provincial-verano-atr\/\"},\"author\":{\"name\":\"admpu17wp\",\"@id\":\"https:\/\/experienciadevida.com.ar\/portalurbano\/#\/schema\/person\/02dd326b1c4b056e9cc972486934a3a7\"},\"headline\":\"Culmin\u00f3 exitosamente el Programa provincial Verano + ATR\",\"datePublished\":\"2022-01-29T18:57:22+00:00\",\"dateModified\":\"2022-01-29T18:59:25+00:00\",\"mainEntityOfPage\":{\"@id\":\"https:\/\/experienciadevida.com.ar\/portalurbano\/culmino-exitosamente-el-programa-provincial-verano-atr\/\"},\"wordCount\":294,\"publisher\":{\"@id\":\"https:\/\/experienciadevida.com.ar\/portalurbano\/#organization\"},\"articleSection\":[\"Ciudad\",\"Destacadas 2\"],\"inLanguage\":\"es\"},{\"@type\":\"WebPage\",\"@id\":\"https:\/\/experienciadevida.com.ar\/portalurbano\/culmino-exitosamente-el-programa-provincial-verano-atr\/\",\"url\":\"https:\/\/experienciadevida.com.ar\/portalurbano\/culmino-exitosamente-el-programa-provincial-verano-atr\/\",\"name\":\"Culmin\u00f3 exitosamente el programa provincial Verano + ATR\",\"isPartOf\":{\"@id\":\"https:\/\/experienciadevida.com.ar\/portalurbano\/#website\"},\"datePublished\":\"2022-01-29T18:57:22+00:00\",\"dateModified\":\"2022-01-29T18:59:25+00:00\",\"description\":\"Culmin\u00f3 exitosamente el Programa provincial Verano + ATR, en el distrito participaron aproximadamente 550 chicos y chicas\",\"breadcrumb\":{\"@id\":\"https:\/\/experienciadevida.com.ar\/portalurbano\/culmino-exitosamente-el-programa-provincial-verano-atr\/#breadcrumb\"},\"inLanguage\":\"es\",\"potentialAction\":[{\"@type\":\"ReadAction\",\"target\":[\"https:\/\/experienciadevida.com.ar\/portalurbano\/culmino-exitosamente-el-programa-provincial-verano-atr\/\"]}]},{\"@type\":\"BreadcrumbList\",\"@id\":\"https:\/\/experienciadevida.com.ar\/portalurbano\/culmino-exitosamente-el-programa-provincial-verano-atr\/#breadcrumb\",\"itemListElement\":[{\"@type\":\"ListItem\",\"position\":1,\"name\":\"Portada\",\"item\":\"https:\/\/experienciadevida.com.ar\/portalurbano\/\"},{\"@type\":\"ListItem\",\"position\":2,\"name\":\"Culmin\u00f3 exitosamente el Programa provincial Verano + ATR\"}]},{\"@type\":\"WebSite\",\"@id\":\"https:\/\/experienciadevida.com.ar\/portalurbano\/#website\",\"url\":\"https:\/\/experienciadevida.com.ar\/portalurbano\/\",\"name\":\"\",\"description\":\"\",\"publisher\":{\"@id\":\"https:\/\/experienciadevida.com.ar\/portalurbano\/#organization\"},\"potentialAction\":[{\"@type\":\"SearchAction\",\"target\":{\"@type\":\"EntryPoint\",\"urlTemplate\":\"https:\/\/experienciadevida.com.ar\/portalurbano\/?s={search_term_string}\"},\"query-input\":\"required name=search_term_string\"}],\"inLanguage\":\"es\"},{\"@type\":\"Organization\",\"@id\":\"https:\/\/experienciadevida.com.ar\/portalurbano\/#organization\",\"name\":\"Portal Urbano\",\"url\":\"https:\/\/experienciadevida.com.ar\/portalurbano\/\",\"logo\":{\"@type\":\"ImageObject\",\"inLanguage\":\"es\",\"@id\":\"https:\/\/experienciadevida.com.ar\/portalurbano\/#\/schema\/logo\/image\/\",\"url\":\"https:\/\/experienciadevida.com.ar\/portalurbano\/wp-content\/uploads\/2019\/09\/Logo-Original.png\",\"contentUrl\":\"https:\/\/experienciadevida.com.ar\/portalurbano\/wp-content\/uploads\/2019\/09\/Logo-Original.png\",\"width\":2236,\"height\":1216,\"caption\":\"Portal Urbano\"},\"image\":{\"@id\":\"https:\/\/experienciadevida.com.ar\/portalurbano\/#\/schema\/logo\/image\/\"},\"sameAs\":[\"https:\/\/www.facebook.com\/Portal-Urbano-171542830093757\/\",\"https:\/\/twitter.com\/portalurbanook\",\"https:\/\/www.instagram.com\/_portalurbano\/\",\"https:\/\/www.youtube.com\/channel\/UCXhagIfszH8KxFiOok79zbA?view_as=subscriber\"]},{\"@type\":\"Person\",\"@id\":\"https:\/\/experienciadevida.com.ar\/portalurbano\/#\/schema\/person\/02dd326b1c4b056e9cc972486934a3a7\",\"name\":\"admpu17wp\",\"image\":{\"@type\":\"ImageObject\",\"inLanguage\":\"es\",\"@id\":\"https:\/\/experienciadevida.com.ar\/portalurbano\/#\/schema\/person\/image\/\",\"url\":\"https:\/\/secure.gravatar.com\/avatar\/830d4c57adaae6630765e449a6908047?s=96&d=mm&r=g\",\"contentUrl\":\"https:\/\/secure.gravatar.com\/avatar\/830d4c57adaae6630765e449a6908047?s=96&d=mm&r=g\",\"caption\":\"admpu17wp\"}}]}<\/script>\n<!-- \/ Yoast SEO plugin. -->","yoast_head_json":{"title":"Culmin\u00f3 exitosamente el programa provincial Verano + ATR","description":"Culmin\u00f3 exitosamente el Programa provincial Verano + ATR, en el distrito participaron aproximadamente 550 chicos y chicas","robots":{"index":"index","follow":"follow","max-snippet":"max-snippet:-1","max-image-preview":"max-image-preview:large","max-video-preview":"max-video-preview:-1"},"canonical":"https:\/\/experienciadevida.com.ar\/portalurbano\/culmino-exitosamente-el-programa-provincial-verano-atr\/","og_locale":"es_ES","og_type":"article","og_title":"Culmin\u00f3 exitosamente el programa provincial Verano + ATR","og_description":"Culmin\u00f3 exitosamente el Programa provincial Verano + ATR, en el distrito participaron aproximadamente 550 chicos y chicas","og_url":"https:\/\/experienciadevida.com.ar\/portalurbano\/culmino-exitosamente-el-programa-provincial-verano-atr\/","article_publisher":"https:\/\/www.facebook.com\/Portal-Urbano-171542830093757\/","article_published_time":"2022-01-29T18:57:22+00:00","article_modified_time":"2022-01-29T18:59:25+00:00","og_image":[{"width":960,"height":640,"url":"https:\/\/experienciadevida.com.ar\/portalurbano\/wp-content\/uploads\/2022\/01\/Culmino-exitosamente-el-Programa.jpg","type":"image\/jpeg"}],"author":"admpu17wp","twitter_card":"summary_large_image","twitter_creator":"@portalurbanook","twitter_site":"@portalurbanook","twitter_misc":{"Escrito por":"admpu17wp","Tiempo de lectura":"2 minutos"},"schema":{"@context":"https:\/\/schema.org","@graph":[{"@type":"Article","@id":"https:\/\/experienciadevida.com.ar\/portalurbano\/culmino-exitosamente-el-programa-provincial-verano-atr\/#article","isPartOf":{"@id":"https:\/\/experienciadevida.com.ar\/portalurbano\/culmino-exitosamente-el-programa-provincial-verano-atr\/"},"author":{"name":"admpu17wp","@id":"https:\/\/experienciadevida.com.ar\/portalurbano\/#\/schema\/person\/02dd326b1c4b056e9cc972486934a3a7"},"headline":"Culmin\u00f3 exitosamente el Programa provincial Verano + ATR","datePublished":"2022-01-29T18:57:22+00:00","dateModified":"2022-01-29T18:59:25+00:00","mainEntityOfPage":{"@id":"https:\/\/experienciadevida.com.ar\/portalurbano\/culmino-exitosamente-el-programa-provincial-verano-atr\/"},"wordCount":294,"publisher":{"@id":"https:\/\/experienciadevida.com.ar\/portalurbano\/#organization"},"articleSection":["Ciudad","Destacadas 2"],"inLanguage":"es"},{"@type":"WebPage","@id":"https:\/\/experienciadevida.com.ar\/portalurbano\/culmino-exitosamente-el-programa-provincial-verano-atr\/","url":"https:\/\/experienciadevida.com.ar\/portalurbano\/culmino-exitosamente-el-programa-provincial-verano-atr\/","name":"Culmin\u00f3 exitosamente el programa provincial Verano + ATR","isPartOf":{"@id":"https:\/\/experienciadevida.com.ar\/portalurbano\/#website"},"datePublished":"2022-01-29T18:57:22+00:00","dateModified":"2022-01-29T18:59:25+00:00","description":"Culmin\u00f3 exitosamente el Programa provincial Verano + ATR, en el distrito participaron aproximadamente 550 chicos y chicas","breadcrumb":{"@id":"https:\/\/experienciadevida.com.ar\/portalurbano\/culmino-exitosamente-el-programa-provincial-verano-atr\/#breadcrumb"},"inLanguage":"es","potentialAction":[{"@type":"ReadAction","target":["https:\/\/experienciadevida.com.ar\/portalurbano\/culmino-exitosamente-el-programa-provincial-verano-atr\/"]}]},{"@type":"BreadcrumbList","@id":"https:\/\/experienciadevida.com.ar\/portalurbano\/culmino-exitosamente-el-programa-provincial-verano-atr\/#breadcrumb","itemListElement":[{"@type":"ListItem","position":1,"name":"Portada","item":"https:\/\/experienciadevida.com.ar\/portalurbano\/"},{"@type":"ListItem","position":2,"name":"Culmin\u00f3 exitosamente el Programa provincial Verano + ATR"}]},{"@type":"WebSite","@id":"https:\/\/experienciadevida.com.ar\/portalurbano\/#website","url":"https:\/\/experienciadevida.com.ar\/portalurbano\/","name":"","description":"","publisher":{"@id":"https:\/\/experienciadevida.com.ar\/portalurbano\/#organization"},"potentialAction":[{"@type":"SearchAction","target":{"@type":"EntryPoint","urlTemplate":"https:\/\/experienciadevida.com.ar\/portalurbano\/?s={search_term_string}"},"query-input":"required name=search_term_string"}],"inLanguage":"es"},{"@type":"Organization","@id":"https:\/\/experienciadevida.com.ar\/portalurbano\/#organization","name":"Portal Urbano","url":"https:\/\/experienciadevida.com.ar\/portalurbano\/","logo":{"@type":"ImageObject","inLanguage":"es","@id":"https:\/\/experienciadevida.com.ar\/portalurbano\/#\/schema\/logo\/image\/","url":"https:\/\/experienciadevida.com.ar\/portalurbano\/wp-content\/uploads\/2019\/09\/Logo-Original.png","contentUrl":"https:\/\/experienciadevida.com.ar\/portalurbano\/wp-content\/uploads\/2019\/09\/Logo-Original.png","width":2236,"height":1216,"caption":"Portal Urbano"},"image":{"@id":"https:\/\/experienciadevida.com.ar\/portalurbano\/#\/schema\/logo\/image\/"},"sameAs":["https:\/\/www.facebook.com\/Portal-Urbano-171542830093757\/","https:\/\/twitter.com\/portalurbanook","https:\/\/www.instagram.com\/_portalurbano\/","https:\/\/www.youtube.com\/channel\/UCXhagIfszH8KxFiOok79zbA?view_as=subscriber"]},{"@type":"Person","@id":"https:\/\/experienciadevida.com.ar\/portalurbano\/#\/schema\/person\/02dd326b1c4b056e9cc972486934a3a7","name":"admpu17wp","image":{"@type":"ImageObject","inLanguage":"es","@id":"https:\/\/experienciadevida.com.ar\/portalurbano\/#\/schema\/person\/image\/","url":"https:\/\/secure.gravatar.com\/avatar\/830d4c57adaae6630765e449a6908047?s=96&d=mm&r=g","contentUrl":"https:\/\/secure.gravatar.com\/avatar\/830d4c57adaae6630765e449a6908047?s=96&d=mm&r=g","caption":"admpu17wp"}}]}},"featured_image_urls":{"full":["https:\/\/experienciadevida.com.ar\/portalurbano\/wp-content\/uploads\/2022\/01\/Culmino-exitosamente-el-Programa.jpg",960,640,false],"thumbnail":["https:\/\/experienciadevida.com.ar\/portalurbano\/wp-content\/uploads\/2022\/01\/Culmino-exitosamente-el-Programa-150x150.jpg",150,150,true],"medium":["https:\/\/experienciadevida.com.ar\/portalurbano\/wp-content\/uploads\/2022\/01\/Culmino-exitosamente-el-Programa-300x200.jpg",300,200,true],"medium_large":["https:\/\/experienciadevida.com.ar\/portalurbano\/wp-content\/uploads\/2022\/01\/Culmino-exitosamente-el-Programa-768x512.jpg",640,427,true],"large":["https:\/\/experienciadevida.com.ar\/portalurbano\/wp-content\/uploads\/2022\/01\/Culmino-exitosamente-el-Programa.jpg",640,427,false],"ug_big":["https:\/\/experienciadevida.com.ar\/portalurbano\/wp-content\/uploads\/2022\/01\/Culmino-exitosamente-el-Programa-768x512.jpg",768,512,true],"1536x1536":["https:\/\/experienciadevida.com.ar\/portalurbano\/wp-content\/uploads\/2022\/01\/Culmino-exitosamente-el-Programa.jpg",960,640,false],"2048x2048":["https:\/\/experienciadevida.com.ar\/portalurbano\/wp-content\/uploads\/2022\/01\/Culmino-exitosamente-el-Programa.jpg",960,640,false],"newsever-slider-full":["https:\/\/experienciadevida.com.ar\/portalurbano\/wp-content\/uploads\/2022\/01\/Culmino-exitosamente-el-Programa.jpg",960,640,false],"newsever-featured":["https:\/\/experienciadevida.com.ar\/portalurbano\/wp-content\/uploads\/2022\/01\/Culmino-exitosamente-el-Programa.jpg",960,640,false],"newsever-medium":["https:\/\/experienciadevida.com.ar\/portalurbano\/wp-content\/uploads\/2022\/01\/Culmino-exitosamente-el-Programa.jpg",713,475,false],"web-stories-poster-portrait":["https:\/\/experienciadevida.com.ar\/portalurbano\/wp-content\/uploads\/2022\/01\/Culmino-exitosamente-el-Programa.jpg",640,427,false],"web-stories-publisher-logo":["https:\/\/experienciadevida.com.ar\/portalurbano\/wp-content\/uploads\/2022\/01\/Culmino-exitosamente-el-Programa.jpg",96,64,false],"web-stories-thumbnail":["https:\/\/experienciadevida.com.ar\/portalurbano\/wp-content\/uploads\/2022\/01\/Culmino-exitosamente-el-Programa.jpg",150,100,false]},"author_info":{"display_name":"admpu17wp","author_link":"https:\/\/experienciadevida.com.ar\/portalurbano\/author\/admpu17wp\/"},"category_info":"<a href=\"https:\/\/experienciadevida.com.ar\/portalurbano\/category\/ciudad\/\" rel=\"category tag\">Ciudad<\/a> <a href=\"https:\/\/experienciadevida.com.ar\/portalurbano\/category\/destacadas-2\/\" rel=\"category tag\">Destacadas 2<\/a>","tag_info":"Destacadas 2","comment_count":"0","amp_enabled":true,"_links":{"self":[{"href":"https:\/\/experienciadevida.com.ar\/portalurbano\/wp-json\/wp\/v2\/posts\/160731"}],"collection":[{"href":"https:\/\/experienciadevida.com.ar\/portalurbano\/wp-json\/wp\/v2\/posts"}],"about":[{"href":"https:\/\/experienciadevida.com.ar\/portalurbano\/wp-json\/wp\/v2\/types\/post"}],"author":[{"embeddable":true,"href":"https:\/\/experienciadevida.com.ar\/portalurbano\/wp-json\/wp\/v2\/users\/1"}],"replies":[{"embeddable":true,"href":"https:\/\/experienciadevida.com.ar\/portalurbano\/wp-json\/wp\/v2\/comments?post=160731"}],"version-history":[{"count":3,"href":"https:\/\/experienciadevida.com.ar\/portalurbano\/wp-json\/wp\/v2\/posts\/160731\/revisions"}],"predecessor-version":[{"id":160734,"href":"https:\/\/experienciadevida.com.ar\/portalurbano\/wp-json\/wp\/v2\/posts\/160731\/revisions\/160734"}],"wp:featuredmedia":[{"embeddable":true,"href":"https:\/\/experienciadevida.com.ar\/portalurbano\/wp-json\/wp\/v2\/media\/160732"}],"wp:attachment":[{"href":"https:\/\/experienciadevida.com.ar\/portalurbano\/wp-json\/wp\/v2\/media?parent=160731"}],"wp:term":[{"taxonomy":"category","embeddable":true,"href":"https:\/\/experienciadevida.com.ar\/portalurbano\/wp-json\/wp\/v2\/categories?post=160731"},{"taxonomy":"post_tag","embeddable":true,"href":"https:\/\/experienciadevida.com.ar\/portalurbano\/wp-json\/wp\/v2\/tags?post=160731"}],"curies":[{"name":"wp","href":"https:\/\/api.w.org\/{rel}","templated":true}]}}