{"id":160648,"date":"2022-01-27T21:01:42","date_gmt":"2022-01-28T00:01:42","guid":{"rendered":"https:\/\/experienciadevida.com.ar\/portalurbano\/?p=160648"},"modified":"2022-01-27T21:04:17","modified_gmt":"2022-01-28T00:04:17","slug":"pase-sanitario-covid-realizaran-jornadas-de-prevencion-y-vacunacion-nocturnas","status":"publish","type":"post","link":"https:\/\/experienciadevida.com.ar\/portalurbano\/pase-sanitario-covid-realizaran-jornadas-de-prevencion-y-vacunacion-nocturnas\/","title":{"rendered":"Pase Sanitario COVID: realizar\u00e1n jornadas de prevenci\u00f3n y vacunaci\u00f3n nocturnas"},"content":{"rendered":"<p>Pase Sanitario COVID: realizar\u00e1n jornadas de prevenci\u00f3n y vacunaci\u00f3n nocturnas, desde Regi\u00f3n Sanitaria IX informaron que complementar\u00e1n el pedido de Pase Sanitario que rige desde enero con jornadas de vacunaci\u00f3n nocturna.<\/p>\n<p>La medida est\u00e1 destinada a que las distintas actividades sean seguras, adem\u00e1s de incentivar la vacunaci\u00f3n contra el COVID-19. Este s\u00e1bado 29 de enero habr\u00e1 una posta itinerante de vacunaci\u00f3n en el Parque Mitre que funcionar\u00e1 de 21 a 24.<\/p>\n<p>Cabe destacar que las personas de 13 a\u00f1os o m\u00e1s deber\u00e1n acreditar esquema de vacunaci\u00f3n completo contra COVID-19 para realizar actividades como ir a bailar a discotecas, ingresar a salones de fiestas, realizar viajes grupales y asistir a eventos masivos en espacios abiertos, cerrados o al aire libre.<\/p>\n<p>El pase sanitario se obtiene a trav\u00e9s de la aplicaci\u00f3n \u201cCuidar\u201d, \u201cVacunate\u201d en su versi\u00f3n para dispositivos m\u00f3viles, como tambi\u00e9n se podr\u00e1 acreditar por medio del cart\u00f3n de vacunaci\u00f3n o el carnet que se entregan en las postas de vacunaci\u00f3n.<\/p>\n<p>El pase sanitario deber\u00e1 ser exhibido ante el requerimiento de personal p\u00fablico o privado designado para su constataci\u00f3n al momento previo a acceder a la entrada del evento o de la actividad. En ese sentido de Regi\u00f3n Sanitaria IX explicaron que continuar\u00e1n fomentando controles en bares y actividades determinadas y en el caso que no tengan las dosis correspondientes invitar\u00e1n a los asistentes a vacunarse en el momento.<\/p>\n<p>Las postas itinerantes estar\u00e1n en distintos puntos de la ciudad, mayormente en el parque y ser\u00e1n informadas previamente, la primera funcionar\u00e1 en el Parque Mitre este s\u00e1bado 29 de 21 a 24 Hs.<\/p>\n<p><a href=\"https:\/\/experienciadevida.com.ar\/portalurbano\/pase-sanitario-covid-realizaran-jornadas-de-prevencion-y-vacunacion-nocturnas\/pase\/\" rel=\"attachment wp-att-160653\"><img decoding=\"async\" class=\"alignnone size-large wp-image-160653\" src=\"https:\/\/experienciadevida.com.ar\/portalurbano\/wp-content\/uploads\/2022\/01\/Pase-1024x682.jpg\" alt=\"Pase \" width=\"900\" height=\"599\" srcset=\"https:\/\/experienciadevida.com.ar\/portalurbano\/wp-content\/uploads\/2022\/01\/Pase-1024x682.jpg 1024w, https:\/\/experienciadevida.com.ar\/portalurbano\/wp-content\/uploads\/2022\/01\/Pase-300x200.jpg 300w, https:\/\/experienciadevida.com.ar\/portalurbano\/wp-content\/uploads\/2022\/01\/Pase-768x512.jpg 768w, https:\/\/experienciadevida.com.ar\/portalurbano\/wp-content\/uploads\/2022\/01\/Pase.jpg 1280w\" sizes=\"(max-width: 900px) 100vw, 900px\" \/><\/a><\/p>\n","protected":false},"excerpt":{"rendered":"<p>Pase Sanitario COVID: realizar\u00e1n jornadas de prevenci\u00f3n y vacunaci\u00f3n nocturnas, desde Regi\u00f3n Sanitaria IX informaron&#8230;<\/p>\n","protected":false},"author":1,"featured_media":160650,"comment_status":"closed","ping_status":"closed","sticky":false,"template":"","format":"standard","meta":{"content-type":""},"categories":[51,45],"tags":[],"nelio_content":{"isAutoShareEnabled":false,"autoShareEndMode":"default","automationSources":{"useContentSentences":true,"useSocialTemplates":true,"useCustomSentences":false,"customSentences":[]},"followers":[1],"suggestedReferences":[],"includedReferences":[],"efiUrl":"","efiAlt":"","highlights":[]},"yoast_head":"<!-- This site is optimized with the Yoast SEO plugin v20.7 - https:\/\/yoast.com\/wordpress\/plugins\/seo\/ -->\n<title>Pase Sanitario COVID: realizar\u00e1n jornadas de prevenci\u00f3n<\/title>\n<meta name=\"description\" content=\"Pase Sanitario COVID: realizar\u00e1n jornadas de prevenci\u00f3n y vacunaci\u00f3n nocturnas, as\u00ed lo informaron desde Regi\u00f3n Sanitaria IX\" \/>\n<meta name=\"robots\" content=\"index, follow, max-snippet:-1, max-image-preview:large, max-video-preview:-1\" \/>\n<link rel=\"canonical\" href=\"https:\/\/experienciadevida.com.ar\/portalurbano\/pase-sanitario-covid-realizaran-jornadas-de-prevencion-y-vacunacion-nocturnas\/\" \/>\n<meta property=\"og:locale\" content=\"es_ES\" \/>\n<meta property=\"og:type\" content=\"article\" \/>\n<meta property=\"og:title\" content=\"Pase Sanitario COVID: realizar\u00e1n jornadas de prevenci\u00f3n\" \/>\n<meta property=\"og:description\" content=\"Pase Sanitario COVID: realizar\u00e1n jornadas de prevenci\u00f3n y vacunaci\u00f3n nocturnas, as\u00ed lo informaron desde Regi\u00f3n Sanitaria IX\" \/>\n<meta property=\"og:url\" content=\"https:\/\/experienciadevida.com.ar\/portalurbano\/pase-sanitario-covid-realizaran-jornadas-de-prevencion-y-vacunacion-nocturnas\/\" \/>\n<meta property=\"article:publisher\" content=\"https:\/\/www.facebook.com\/Portal-Urbano-171542830093757\/\" \/>\n<meta property=\"article:published_time\" content=\"2022-01-28T00:01:42+00:00\" \/>\n<meta property=\"article:modified_time\" content=\"2022-01-28T00:04:17+00:00\" \/>\n<meta property=\"og:image\" content=\"https:\/\/experienciadevida.com.ar\/portalurbano\/wp-content\/uploads\/2022\/01\/Pase-sanitario-COVID.jpg\" \/>\n\t<meta property=\"og:image:width\" content=\"1280\" \/>\n\t<meta property=\"og:image:height\" content=\"853\" \/>\n\t<meta property=\"og:image:type\" content=\"image\/jpeg\" \/>\n<meta name=\"author\" content=\"admpu17wp\" \/>\n<meta name=\"twitter:card\" content=\"summary_large_image\" \/>\n<meta name=\"twitter:creator\" content=\"@portalurbanook\" \/>\n<meta name=\"twitter:site\" content=\"@portalurbanook\" \/>\n<meta name=\"twitter:label1\" content=\"Escrito por\" \/>\n\t<meta name=\"twitter:data1\" content=\"admpu17wp\" \/>\n\t<meta name=\"twitter:label2\" content=\"Tiempo de lectura\" \/>\n\t<meta name=\"twitter:data2\" content=\"2 minutos\" \/>\n<script type=\"application\/ld+json\" class=\"yoast-schema-graph\">{\"@context\":\"https:\/\/schema.org\",\"@graph\":[{\"@type\":\"Article\",\"@id\":\"https:\/\/experienciadevida.com.ar\/portalurbano\/pase-sanitario-covid-realizaran-jornadas-de-prevencion-y-vacunacion-nocturnas\/#article\",\"isPartOf\":{\"@id\":\"https:\/\/experienciadevida.com.ar\/portalurbano\/pase-sanitario-covid-realizaran-jornadas-de-prevencion-y-vacunacion-nocturnas\/\"},\"author\":{\"name\":\"admpu17wp\",\"@id\":\"https:\/\/experienciadevida.com.ar\/portalurbano\/#\/schema\/person\/02dd326b1c4b056e9cc972486934a3a7\"},\"headline\":\"Pase Sanitario COVID: realizar\u00e1n jornadas de prevenci\u00f3n y vacunaci\u00f3n nocturnas\",\"datePublished\":\"2022-01-28T00:01:42+00:00\",\"dateModified\":\"2022-01-28T00:04:17+00:00\",\"mainEntityOfPage\":{\"@id\":\"https:\/\/experienciadevida.com.ar\/portalurbano\/pase-sanitario-covid-realizaran-jornadas-de-prevencion-y-vacunacion-nocturnas\/\"},\"wordCount\":296,\"publisher\":{\"@id\":\"https:\/\/experienciadevida.com.ar\/portalurbano\/#organization\"},\"articleSection\":[\"Destacadas\",\"Salud\"],\"inLanguage\":\"es\"},{\"@type\":\"WebPage\",\"@id\":\"https:\/\/experienciadevida.com.ar\/portalurbano\/pase-sanitario-covid-realizaran-jornadas-de-prevencion-y-vacunacion-nocturnas\/\",\"url\":\"https:\/\/experienciadevida.com.ar\/portalurbano\/pase-sanitario-covid-realizaran-jornadas-de-prevencion-y-vacunacion-nocturnas\/\",\"name\":\"Pase Sanitario COVID: realizar\u00e1n jornadas de prevenci\u00f3n\",\"isPartOf\":{\"@id\":\"https:\/\/experienciadevida.com.ar\/portalurbano\/#website\"},\"datePublished\":\"2022-01-28T00:01:42+00:00\",\"dateModified\":\"2022-01-28T00:04:17+00:00\",\"description\":\"Pase Sanitario COVID: realizar\u00e1n jornadas de prevenci\u00f3n y vacunaci\u00f3n nocturnas, as\u00ed lo informaron desde Regi\u00f3n Sanitaria IX\",\"breadcrumb\":{\"@id\":\"https:\/\/experienciadevida.com.ar\/portalurbano\/pase-sanitario-covid-realizaran-jornadas-de-prevencion-y-vacunacion-nocturnas\/#breadcrumb\"},\"inLanguage\":\"es\",\"potentialAction\":[{\"@type\":\"ReadAction\",\"target\":[\"https:\/\/experienciadevida.com.ar\/portalurbano\/pase-sanitario-covid-realizaran-jornadas-de-prevencion-y-vacunacion-nocturnas\/\"]}]},{\"@type\":\"BreadcrumbList\",\"@id\":\"https:\/\/experienciadevida.com.ar\/portalurbano\/pase-sanitario-covid-realizaran-jornadas-de-prevencion-y-vacunacion-nocturnas\/#breadcrumb\",\"itemListElement\":[{\"@type\":\"ListItem\",\"position\":1,\"name\":\"Portada\",\"item\":\"https:\/\/experienciadevida.com.ar\/portalurbano\/\"},{\"@type\":\"ListItem\",\"position\":2,\"name\":\"Pase Sanitario COVID: realizar\u00e1n jornadas de prevenci\u00f3n y vacunaci\u00f3n nocturnas\"}]},{\"@type\":\"WebSite\",\"@id\":\"https:\/\/experienciadevida.com.ar\/portalurbano\/#website\",\"url\":\"https:\/\/experienciadevida.com.ar\/portalurbano\/\",\"name\":\"\",\"description\":\"\",\"publisher\":{\"@id\":\"https:\/\/experienciadevida.com.ar\/portalurbano\/#organization\"},\"potentialAction\":[{\"@type\":\"SearchAction\",\"target\":{\"@type\":\"EntryPoint\",\"urlTemplate\":\"https:\/\/experienciadevida.com.ar\/portalurbano\/?s={search_term_string}\"},\"query-input\":\"required name=search_term_string\"}],\"inLanguage\":\"es\"},{\"@type\":\"Organization\",\"@id\":\"https:\/\/experienciadevida.com.ar\/portalurbano\/#organization\",\"name\":\"Portal Urbano\",\"url\":\"https:\/\/experienciadevida.com.ar\/portalurbano\/\",\"logo\":{\"@type\":\"ImageObject\",\"inLanguage\":\"es\",\"@id\":\"https:\/\/experienciadevida.com.ar\/portalurbano\/#\/schema\/logo\/image\/\",\"url\":\"https:\/\/experienciadevida.com.ar\/portalurbano\/wp-content\/uploads\/2019\/09\/Logo-Original.png\",\"contentUrl\":\"https:\/\/experienciadevida.com.ar\/portalurbano\/wp-content\/uploads\/2019\/09\/Logo-Original.png\",\"width\":2236,\"height\":1216,\"caption\":\"Portal Urbano\"},\"image\":{\"@id\":\"https:\/\/experienciadevida.com.ar\/portalurbano\/#\/schema\/logo\/image\/\"},\"sameAs\":[\"https:\/\/www.facebook.com\/Portal-Urbano-171542830093757\/\",\"https:\/\/twitter.com\/portalurbanook\",\"https:\/\/www.instagram.com\/_portalurbano\/\",\"https:\/\/www.youtube.com\/channel\/UCXhagIfszH8KxFiOok79zbA?view_as=subscriber\"]},{\"@type\":\"Person\",\"@id\":\"https:\/\/experienciadevida.com.ar\/portalurbano\/#\/schema\/person\/02dd326b1c4b056e9cc972486934a3a7\",\"name\":\"admpu17wp\",\"image\":{\"@type\":\"ImageObject\",\"inLanguage\":\"es\",\"@id\":\"https:\/\/experienciadevida.com.ar\/portalurbano\/#\/schema\/person\/image\/\",\"url\":\"https:\/\/secure.gravatar.com\/avatar\/830d4c57adaae6630765e449a6908047?s=96&d=mm&r=g\",\"contentUrl\":\"https:\/\/secure.gravatar.com\/avatar\/830d4c57adaae6630765e449a6908047?s=96&d=mm&r=g\",\"caption\":\"admpu17wp\"}}]}<\/script>\n<!-- \/ Yoast SEO plugin. -->","yoast_head_json":{"title":"Pase Sanitario COVID: realizar\u00e1n jornadas de prevenci\u00f3n","description":"Pase Sanitario COVID: realizar\u00e1n jornadas de prevenci\u00f3n y vacunaci\u00f3n nocturnas, as\u00ed lo informaron desde Regi\u00f3n Sanitaria IX","robots":{"index":"index","follow":"follow","max-snippet":"max-snippet:-1","max-image-preview":"max-image-preview:large","max-video-preview":"max-video-preview:-1"},"canonical":"https:\/\/experienciadevida.com.ar\/portalurbano\/pase-sanitario-covid-realizaran-jornadas-de-prevencion-y-vacunacion-nocturnas\/","og_locale":"es_ES","og_type":"article","og_title":"Pase Sanitario COVID: realizar\u00e1n jornadas de prevenci\u00f3n","og_description":"Pase Sanitario COVID: realizar\u00e1n jornadas de prevenci\u00f3n y vacunaci\u00f3n nocturnas, as\u00ed lo informaron desde Regi\u00f3n Sanitaria IX","og_url":"https:\/\/experienciadevida.com.ar\/portalurbano\/pase-sanitario-covid-realizaran-jornadas-de-prevencion-y-vacunacion-nocturnas\/","article_publisher":"https:\/\/www.facebook.com\/Portal-Urbano-171542830093757\/","article_published_time":"2022-01-28T00:01:42+00:00","article_modified_time":"2022-01-28T00:04:17+00:00","og_image":[{"width":1280,"height":853,"url":"https:\/\/experienciadevida.com.ar\/portalurbano\/wp-content\/uploads\/2022\/01\/Pase-sanitario-COVID.jpg","type":"image\/jpeg"}],"author":"admpu17wp","twitter_card":"summary_large_image","twitter_creator":"@portalurbanook","twitter_site":"@portalurbanook","twitter_misc":{"Escrito por":"admpu17wp","Tiempo de lectura":"2 minutos"},"schema":{"@context":"https:\/\/schema.org","@graph":[{"@type":"Article","@id":"https:\/\/experienciadevida.com.ar\/portalurbano\/pase-sanitario-covid-realizaran-jornadas-de-prevencion-y-vacunacion-nocturnas\/#article","isPartOf":{"@id":"https:\/\/experienciadevida.com.ar\/portalurbano\/pase-sanitario-covid-realizaran-jornadas-de-prevencion-y-vacunacion-nocturnas\/"},"author":{"name":"admpu17wp","@id":"https:\/\/experienciadevida.com.ar\/portalurbano\/#\/schema\/person\/02dd326b1c4b056e9cc972486934a3a7"},"headline":"Pase Sanitario COVID: realizar\u00e1n jornadas de prevenci\u00f3n y vacunaci\u00f3n nocturnas","datePublished":"2022-01-28T00:01:42+00:00","dateModified":"2022-01-28T00:04:17+00:00","mainEntityOfPage":{"@id":"https:\/\/experienciadevida.com.ar\/portalurbano\/pase-sanitario-covid-realizaran-jornadas-de-prevencion-y-vacunacion-nocturnas\/"},"wordCount":296,"publisher":{"@id":"https:\/\/experienciadevida.com.ar\/portalurbano\/#organization"},"articleSection":["Destacadas","Salud"],"inLanguage":"es"},{"@type":"WebPage","@id":"https:\/\/experienciadevida.com.ar\/portalurbano\/pase-sanitario-covid-realizaran-jornadas-de-prevencion-y-vacunacion-nocturnas\/","url":"https:\/\/experienciadevida.com.ar\/portalurbano\/pase-sanitario-covid-realizaran-jornadas-de-prevencion-y-vacunacion-nocturnas\/","name":"Pase Sanitario COVID: realizar\u00e1n jornadas de prevenci\u00f3n","isPartOf":{"@id":"https:\/\/experienciadevida.com.ar\/portalurbano\/#website"},"datePublished":"2022-01-28T00:01:42+00:00","dateModified":"2022-01-28T00:04:17+00:00","description":"Pase Sanitario COVID: realizar\u00e1n jornadas de prevenci\u00f3n y vacunaci\u00f3n nocturnas, as\u00ed lo informaron desde Regi\u00f3n Sanitaria IX","breadcrumb":{"@id":"https:\/\/experienciadevida.com.ar\/portalurbano\/pase-sanitario-covid-realizaran-jornadas-de-prevencion-y-vacunacion-nocturnas\/#breadcrumb"},"inLanguage":"es","potentialAction":[{"@type":"ReadAction","target":["https:\/\/experienciadevida.com.ar\/portalurbano\/pase-sanitario-covid-realizaran-jornadas-de-prevencion-y-vacunacion-nocturnas\/"]}]},{"@type":"BreadcrumbList","@id":"https:\/\/experienciadevida.com.ar\/portalurbano\/pase-sanitario-covid-realizaran-jornadas-de-prevencion-y-vacunacion-nocturnas\/#breadcrumb","itemListElement":[{"@type":"ListItem","position":1,"name":"Portada","item":"https:\/\/experienciadevida.com.ar\/portalurbano\/"},{"@type":"ListItem","position":2,"name":"Pase Sanitario COVID: realizar\u00e1n jornadas de prevenci\u00f3n y vacunaci\u00f3n nocturnas"}]},{"@type":"WebSite","@id":"https:\/\/experienciadevida.com.ar\/portalurbano\/#website","url":"https:\/\/experienciadevida.com.ar\/portalurbano\/","name":"","description":"","publisher":{"@id":"https:\/\/experienciadevida.com.ar\/portalurbano\/#organization"},"potentialAction":[{"@type":"SearchAction","target":{"@type":"EntryPoint","urlTemplate":"https:\/\/experienciadevida.com.ar\/portalurbano\/?s={search_term_string}"},"query-input":"required name=search_term_string"}],"inLanguage":"es"},{"@type":"Organization","@id":"https:\/\/experienciadevida.com.ar\/portalurbano\/#organization","name":"Portal Urbano","url":"https:\/\/experienciadevida.com.ar\/portalurbano\/","logo":{"@type":"ImageObject","inLanguage":"es","@id":"https:\/\/experienciadevida.com.ar\/portalurbano\/#\/schema\/logo\/image\/","url":"https:\/\/experienciadevida.com.ar\/portalurbano\/wp-content\/uploads\/2019\/09\/Logo-Original.png","contentUrl":"https:\/\/experienciadevida.com.ar\/portalurbano\/wp-content\/uploads\/2019\/09\/Logo-Original.png","width":2236,"height":1216,"caption":"Portal Urbano"},"image":{"@id":"https:\/\/experienciadevida.com.ar\/portalurbano\/#\/schema\/logo\/image\/"},"sameAs":["https:\/\/www.facebook.com\/Portal-Urbano-171542830093757\/","https:\/\/twitter.com\/portalurbanook","https:\/\/www.instagram.com\/_portalurbano\/","https:\/\/www.youtube.com\/channel\/UCXhagIfszH8KxFiOok79zbA?view_as=subscriber"]},{"@type":"Person","@id":"https:\/\/experienciadevida.com.ar\/portalurbano\/#\/schema\/person\/02dd326b1c4b056e9cc972486934a3a7","name":"admpu17wp","image":{"@type":"ImageObject","inLanguage":"es","@id":"https:\/\/experienciadevida.com.ar\/portalurbano\/#\/schema\/person\/image\/","url":"https:\/\/secure.gravatar.com\/avatar\/830d4c57adaae6630765e449a6908047?s=96&d=mm&r=g","contentUrl":"https:\/\/secure.gravatar.com\/avatar\/830d4c57adaae6630765e449a6908047?s=96&d=mm&r=g","caption":"admpu17wp"}}]}},"featured_image_urls":{"full":["https:\/\/experienciadevida.com.ar\/portalurbano\/wp-content\/uploads\/2022\/01\/Pase-sanitario-COVID.jpg",1280,853,false],"thumbnail":["https:\/\/experienciadevida.com.ar\/portalurbano\/wp-content\/uploads\/2022\/01\/Pase-sanitario-COVID-150x150.jpg",150,150,true],"medium":["https:\/\/experienciadevida.com.ar\/portalurbano\/wp-content\/uploads\/2022\/01\/Pase-sanitario-COVID-300x200.jpg",300,200,true],"medium_large":["https:\/\/experienciadevida.com.ar\/portalurbano\/wp-content\/uploads\/2022\/01\/Pase-sanitario-COVID-768x512.jpg",640,427,true],"large":["https:\/\/experienciadevida.com.ar\/portalurbano\/wp-content\/uploads\/2022\/01\/Pase-sanitario-COVID-1024x682.jpg",640,426,true],"ug_big":["https:\/\/experienciadevida.com.ar\/portalurbano\/wp-content\/uploads\/2022\/01\/Pase-sanitario-COVID-768x512.jpg",768,512,true],"1536x1536":["https:\/\/experienciadevida.com.ar\/portalurbano\/wp-content\/uploads\/2022\/01\/Pase-sanitario-COVID.jpg",1280,853,false],"2048x2048":["https:\/\/experienciadevida.com.ar\/portalurbano\/wp-content\/uploads\/2022\/01\/Pase-sanitario-COVID.jpg",1280,853,false],"newsever-slider-full":["https:\/\/experienciadevida.com.ar\/portalurbano\/wp-content\/uploads\/2022\/01\/Pase-sanitario-COVID.jpg",1268,845,false],"newsever-featured":["https:\/\/experienciadevida.com.ar\/portalurbano\/wp-content\/uploads\/2022\/01\/Pase-sanitario-COVID.jpg",1024,682,false],"newsever-medium":["https:\/\/experienciadevida.com.ar\/portalurbano\/wp-content\/uploads\/2022\/01\/Pase-sanitario-COVID.jpg",713,475,false],"web-stories-poster-portrait":["https:\/\/experienciadevida.com.ar\/portalurbano\/wp-content\/uploads\/2022\/01\/Pase-sanitario-COVID.jpg",640,427,false],"web-stories-publisher-logo":["https:\/\/experienciadevida.com.ar\/portalurbano\/wp-content\/uploads\/2022\/01\/Pase-sanitario-COVID.jpg",96,64,false],"web-stories-thumbnail":["https:\/\/experienciadevida.com.ar\/portalurbano\/wp-content\/uploads\/2022\/01\/Pase-sanitario-COVID.jpg",150,100,false]},"author_info":{"display_name":"admpu17wp","author_link":"https:\/\/experienciadevida.com.ar\/portalurbano\/author\/admpu17wp\/"},"category_info":"<a href=\"https:\/\/experienciadevida.com.ar\/portalurbano\/category\/destacadas\/\" rel=\"category tag\">Destacadas<\/a> <a href=\"https:\/\/experienciadevida.com.ar\/portalurbano\/category\/ciudad\/salud\/\" rel=\"category tag\">Salud<\/a>","tag_info":"Salud","comment_count":"0","amp_enabled":true,"_links":{"self":[{"href":"https:\/\/experienciadevida.com.ar\/portalurbano\/wp-json\/wp\/v2\/posts\/160648"}],"collection":[{"href":"https:\/\/experienciadevida.com.ar\/portalurbano\/wp-json\/wp\/v2\/posts"}],"about":[{"href":"https:\/\/experienciadevida.com.ar\/portalurbano\/wp-json\/wp\/v2\/types\/post"}],"author":[{"embeddable":true,"href":"https:\/\/experienciadevida.com.ar\/portalurbano\/wp-json\/wp\/v2\/users\/1"}],"replies":[{"embeddable":true,"href":"https:\/\/experienciadevida.com.ar\/portalurbano\/wp-json\/wp\/v2\/comments?post=160648"}],"version-history":[{"count":2,"href":"https:\/\/experienciadevida.com.ar\/portalurbano\/wp-json\/wp\/v2\/posts\/160648\/revisions"}],"predecessor-version":[{"id":160654,"href":"https:\/\/experienciadevida.com.ar\/portalurbano\/wp-json\/wp\/v2\/posts\/160648\/revisions\/160654"}],"wp:featuredmedia":[{"embeddable":true,"href":"https:\/\/experienciadevida.com.ar\/portalurbano\/wp-json\/wp\/v2\/media\/160650"}],"wp:attachment":[{"href":"https:\/\/experienciadevida.com.ar\/portalurbano\/wp-json\/wp\/v2\/media?parent=160648"}],"wp:term":[{"taxonomy":"category","embeddable":true,"href":"https:\/\/experienciadevida.com.ar\/portalurbano\/wp-json\/wp\/v2\/categories?post=160648"},{"taxonomy":"post_tag","embeddable":true,"href":"https:\/\/experienciadevida.com.ar\/portalurbano\/wp-json\/wp\/v2\/tags?post=160648"}],"curies":[{"name":"wp","href":"https:\/\/api.w.org\/{rel}","templated":true}]}}