{"id":160631,"date":"2022-01-27T17:09:33","date_gmt":"2022-01-27T20:09:33","guid":{"rendered":"https:\/\/experienciadevida.com.ar\/portalurbano\/?p=160631"},"modified":"2022-01-27T17:12:56","modified_gmt":"2022-01-27T20:12:56","slug":"se-destinaran-mas-de-11-millones-para-la-ampliacion-de-la-red-de-conductos-pluviales-en-barrio-ceco","status":"publish","type":"post","link":"https:\/\/experienciadevida.com.ar\/portalurbano\/se-destinaran-mas-de-11-millones-para-la-ampliacion-de-la-red-de-conductos-pluviales-en-barrio-ceco\/","title":{"rendered":"Se destinar\u00e1n m\u00e1s de $11 millones para la ampliaci\u00f3n de la red de conductos pluviales en barrio CECO"},"content":{"rendered":"<p>Se destinar\u00e1n m\u00e1s de $11 millones para la ampliaci\u00f3n de la red de conductos pluviales en barrio CECO, este jueves por la ma\u00f1ana en el <a href=\"https:\/\/www.facebook.com\/municipiodeolavarria\">Palacio<\/a> San Mart\u00edn, se realiz\u00f3 la apertura de la licitaci\u00f3n p\u00fablica, que permitir\u00e1 llevar adelante la obra de ampliaci\u00f3n de la red de conductos pluviales en barrio CECO.<\/p>\n<p>Tal como se indica en el pliego de la licitaci\u00f3n, la zona de trabajo comprende espec\u00edficamente las calles P\u00e9rez Esquivel y Manuel Leal, donde adem\u00e1s se realizar\u00e1 la construcci\u00f3n de 12 sumideros y 6 c\u00e1maras de inspecci\u00f3n.<\/p>\n<p>Dicha ampliaci\u00f3n posibilitar\u00e1 una mejor evacuaci\u00f3n de aguas pluviales, que quedan sin salida en la esquina de las Av. Pellegrini y Av. Pte. Per\u00f3n, como as\u00ed tambi\u00e9n en la esquina de las calles Leal y Esquivel.<\/p>\n<p>Se destinar\u00e1n m\u00e1s de $11 millones para la ampliaci\u00f3n de la red de conductos pluviales en barrio CECO, El paquete de obras, incluye la construcci\u00f3n de una cuneta de hormig\u00f3n simple, en la intersecci\u00f3n de Av. Pte. Per\u00f3n y Av. Pellegrini, donde se realizar\u00e1 una pasante de 6 metros de ancho. La misma tendr\u00e1 pendiente desde el sumidero sur de dicha intersecci\u00f3n hacia el lado oeste de la misma.<\/p>\n<p>Estas obras permitir\u00e1n beneficiar a un gran n\u00famero de vecinos que viven en la zona mencionada, teniendo que en cuenta que el caudal proviene de un amplio sector del barrio.<\/p>\n<p>La apertura de sobres de la licitaci\u00f3n fue encabezada por el secretario de Mantenimiento y Obras P\u00fablicas Julio Ferraro y la directora de Licitaciones Pilar Ciardelli y cont\u00f3 con la presencia de los representantes de las empresas oferentes.<\/p>\n<p>A continuaci\u00f3n, se detallan las ofertas presentadas:<\/p>\n<p>Proponente N\u00ba 1: Maximiliano Bordakewicz cotiz\u00f3 la suma $14.747.000.<br \/>\nProponente N\u00ba 2: N\u00e9stor Burgart cotiz\u00f3 la suma de $11.997.000<br \/>\nProponente N\u00ba 3: Demoliciones Olavarr\u00eda cotiz\u00f3 la suma de $12.880.800.<br \/>\nEn tanto que el presupuesto oficial fue fijado en la suma de $14.000.000.<\/p>\n","protected":false},"excerpt":{"rendered":"<p>Se destinar\u00e1n m\u00e1s de $11 millones para la ampliaci\u00f3n de la red de conductos pluviales&#8230;<\/p>\n","protected":false},"author":1,"featured_media":160632,"comment_status":"closed","ping_status":"closed","sticky":false,"template":"","format":"standard","meta":{"content-type":""},"categories":[27,64],"tags":[],"nelio_content":{"isAutoShareEnabled":false,"autoShareEndMode":"default","automationSources":{"useContentSentences":true,"useSocialTemplates":true,"useCustomSentences":false,"customSentences":[]},"followers":[1],"suggestedReferences":[],"includedReferences":[],"efiUrl":"","efiAlt":"","highlights":[]},"yoast_head":"<!-- This site is optimized with the Yoast SEO plugin v20.7 - https:\/\/yoast.com\/wordpress\/plugins\/seo\/ -->\n<title>Se destinar\u00e1n m\u00e1s de $11 millones para la ampliaci\u00f3n de la red<\/title>\n<meta name=\"description\" content=\"Se destinar\u00e1n m\u00e1s de $11 millones para la ampliaci\u00f3n de la red de conductos pluviales en barrio CECO, este jueves se realiz\u00f3 la licitaci\u00f3n\" \/>\n<meta name=\"robots\" content=\"index, follow, max-snippet:-1, max-image-preview:large, max-video-preview:-1\" \/>\n<link rel=\"canonical\" href=\"https:\/\/experienciadevida.com.ar\/portalurbano\/se-destinaran-mas-de-11-millones-para-la-ampliacion-de-la-red-de-conductos-pluviales-en-barrio-ceco\/\" \/>\n<meta property=\"og:locale\" content=\"es_ES\" \/>\n<meta property=\"og:type\" content=\"article\" \/>\n<meta property=\"og:title\" content=\"Se destinar\u00e1n m\u00e1s de $11 millones para la ampliaci\u00f3n de la red\" \/>\n<meta property=\"og:description\" content=\"Se destinar\u00e1n m\u00e1s de $11 millones para la ampliaci\u00f3n de la red de conductos pluviales en barrio CECO, este jueves se realiz\u00f3 la licitaci\u00f3n\" \/>\n<meta property=\"og:url\" content=\"https:\/\/experienciadevida.com.ar\/portalurbano\/se-destinaran-mas-de-11-millones-para-la-ampliacion-de-la-red-de-conductos-pluviales-en-barrio-ceco\/\" \/>\n<meta property=\"article:publisher\" content=\"https:\/\/www.facebook.com\/Portal-Urbano-171542830093757\/\" \/>\n<meta property=\"article:published_time\" content=\"2022-01-27T20:09:33+00:00\" \/>\n<meta property=\"article:modified_time\" content=\"2022-01-27T20:12:56+00:00\" \/>\n<meta property=\"og:image\" content=\"https:\/\/experienciadevida.com.ar\/portalurbano\/wp-content\/uploads\/2022\/01\/Se-destinaran-mas-de.jpg\" \/>\n\t<meta property=\"og:image:width\" content=\"1024\" \/>\n\t<meta property=\"og:image:height\" content=\"683\" \/>\n\t<meta property=\"og:image:type\" content=\"image\/jpeg\" \/>\n<meta name=\"author\" content=\"admpu17wp\" \/>\n<meta name=\"twitter:card\" content=\"summary_large_image\" \/>\n<meta name=\"twitter:creator\" content=\"@portalurbanook\" \/>\n<meta name=\"twitter:site\" content=\"@portalurbanook\" \/>\n<meta name=\"twitter:label1\" content=\"Escrito por\" \/>\n\t<meta name=\"twitter:data1\" content=\"admpu17wp\" \/>\n\t<meta name=\"twitter:label2\" content=\"Tiempo de lectura\" \/>\n\t<meta name=\"twitter:data2\" content=\"2 minutos\" \/>\n<script type=\"application\/ld+json\" class=\"yoast-schema-graph\">{\"@context\":\"https:\/\/schema.org\",\"@graph\":[{\"@type\":\"Article\",\"@id\":\"https:\/\/experienciadevida.com.ar\/portalurbano\/se-destinaran-mas-de-11-millones-para-la-ampliacion-de-la-red-de-conductos-pluviales-en-barrio-ceco\/#article\",\"isPartOf\":{\"@id\":\"https:\/\/experienciadevida.com.ar\/portalurbano\/se-destinaran-mas-de-11-millones-para-la-ampliacion-de-la-red-de-conductos-pluviales-en-barrio-ceco\/\"},\"author\":{\"name\":\"admpu17wp\",\"@id\":\"https:\/\/experienciadevida.com.ar\/portalurbano\/#\/schema\/person\/02dd326b1c4b056e9cc972486934a3a7\"},\"headline\":\"Se destinar\u00e1n m\u00e1s de $11 millones para la ampliaci\u00f3n de la red de conductos pluviales en barrio CECO\",\"datePublished\":\"2022-01-27T20:09:33+00:00\",\"dateModified\":\"2022-01-27T20:12:56+00:00\",\"mainEntityOfPage\":{\"@id\":\"https:\/\/experienciadevida.com.ar\/portalurbano\/se-destinaran-mas-de-11-millones-para-la-ampliacion-de-la-red-de-conductos-pluviales-en-barrio-ceco\/\"},\"wordCount\":354,\"publisher\":{\"@id\":\"https:\/\/experienciadevida.com.ar\/portalurbano\/#organization\"},\"articleSection\":[\"Ciudad\",\"Destacadas 2\"],\"inLanguage\":\"es\"},{\"@type\":\"WebPage\",\"@id\":\"https:\/\/experienciadevida.com.ar\/portalurbano\/se-destinaran-mas-de-11-millones-para-la-ampliacion-de-la-red-de-conductos-pluviales-en-barrio-ceco\/\",\"url\":\"https:\/\/experienciadevida.com.ar\/portalurbano\/se-destinaran-mas-de-11-millones-para-la-ampliacion-de-la-red-de-conductos-pluviales-en-barrio-ceco\/\",\"name\":\"Se destinar\u00e1n m\u00e1s de $11 millones para la ampliaci\u00f3n de la red\",\"isPartOf\":{\"@id\":\"https:\/\/experienciadevida.com.ar\/portalurbano\/#website\"},\"datePublished\":\"2022-01-27T20:09:33+00:00\",\"dateModified\":\"2022-01-27T20:12:56+00:00\",\"description\":\"Se destinar\u00e1n m\u00e1s de $11 millones para la ampliaci\u00f3n de la red de conductos pluviales en barrio CECO, este jueves se realiz\u00f3 la licitaci\u00f3n\",\"breadcrumb\":{\"@id\":\"https:\/\/experienciadevida.com.ar\/portalurbano\/se-destinaran-mas-de-11-millones-para-la-ampliacion-de-la-red-de-conductos-pluviales-en-barrio-ceco\/#breadcrumb\"},\"inLanguage\":\"es\",\"potentialAction\":[{\"@type\":\"ReadAction\",\"target\":[\"https:\/\/experienciadevida.com.ar\/portalurbano\/se-destinaran-mas-de-11-millones-para-la-ampliacion-de-la-red-de-conductos-pluviales-en-barrio-ceco\/\"]}]},{\"@type\":\"BreadcrumbList\",\"@id\":\"https:\/\/experienciadevida.com.ar\/portalurbano\/se-destinaran-mas-de-11-millones-para-la-ampliacion-de-la-red-de-conductos-pluviales-en-barrio-ceco\/#breadcrumb\",\"itemListElement\":[{\"@type\":\"ListItem\",\"position\":1,\"name\":\"Portada\",\"item\":\"https:\/\/experienciadevida.com.ar\/portalurbano\/\"},{\"@type\":\"ListItem\",\"position\":2,\"name\":\"Se destinar\u00e1n m\u00e1s de $11 millones para la ampliaci\u00f3n de la red de conductos pluviales en barrio CECO\"}]},{\"@type\":\"WebSite\",\"@id\":\"https:\/\/experienciadevida.com.ar\/portalurbano\/#website\",\"url\":\"https:\/\/experienciadevida.com.ar\/portalurbano\/\",\"name\":\"\",\"description\":\"\",\"publisher\":{\"@id\":\"https:\/\/experienciadevida.com.ar\/portalurbano\/#organization\"},\"potentialAction\":[{\"@type\":\"SearchAction\",\"target\":{\"@type\":\"EntryPoint\",\"urlTemplate\":\"https:\/\/experienciadevida.com.ar\/portalurbano\/?s={search_term_string}\"},\"query-input\":\"required name=search_term_string\"}],\"inLanguage\":\"es\"},{\"@type\":\"Organization\",\"@id\":\"https:\/\/experienciadevida.com.ar\/portalurbano\/#organization\",\"name\":\"Portal Urbano\",\"url\":\"https:\/\/experienciadevida.com.ar\/portalurbano\/\",\"logo\":{\"@type\":\"ImageObject\",\"inLanguage\":\"es\",\"@id\":\"https:\/\/experienciadevida.com.ar\/portalurbano\/#\/schema\/logo\/image\/\",\"url\":\"https:\/\/experienciadevida.com.ar\/portalurbano\/wp-content\/uploads\/2019\/09\/Logo-Original.png\",\"contentUrl\":\"https:\/\/experienciadevida.com.ar\/portalurbano\/wp-content\/uploads\/2019\/09\/Logo-Original.png\",\"width\":2236,\"height\":1216,\"caption\":\"Portal Urbano\"},\"image\":{\"@id\":\"https:\/\/experienciadevida.com.ar\/portalurbano\/#\/schema\/logo\/image\/\"},\"sameAs\":[\"https:\/\/www.facebook.com\/Portal-Urbano-171542830093757\/\",\"https:\/\/twitter.com\/portalurbanook\",\"https:\/\/www.instagram.com\/_portalurbano\/\",\"https:\/\/www.youtube.com\/channel\/UCXhagIfszH8KxFiOok79zbA?view_as=subscriber\"]},{\"@type\":\"Person\",\"@id\":\"https:\/\/experienciadevida.com.ar\/portalurbano\/#\/schema\/person\/02dd326b1c4b056e9cc972486934a3a7\",\"name\":\"admpu17wp\",\"image\":{\"@type\":\"ImageObject\",\"inLanguage\":\"es\",\"@id\":\"https:\/\/experienciadevida.com.ar\/portalurbano\/#\/schema\/person\/image\/\",\"url\":\"https:\/\/secure.gravatar.com\/avatar\/830d4c57adaae6630765e449a6908047?s=96&d=mm&r=g\",\"contentUrl\":\"https:\/\/secure.gravatar.com\/avatar\/830d4c57adaae6630765e449a6908047?s=96&d=mm&r=g\",\"caption\":\"admpu17wp\"}}]}<\/script>\n<!-- \/ Yoast SEO plugin. -->","yoast_head_json":{"title":"Se destinar\u00e1n m\u00e1s de $11 millones para la ampliaci\u00f3n de la red","description":"Se destinar\u00e1n m\u00e1s de $11 millones para la ampliaci\u00f3n de la red de conductos pluviales en barrio CECO, este jueves se realiz\u00f3 la licitaci\u00f3n","robots":{"index":"index","follow":"follow","max-snippet":"max-snippet:-1","max-image-preview":"max-image-preview:large","max-video-preview":"max-video-preview:-1"},"canonical":"https:\/\/experienciadevida.com.ar\/portalurbano\/se-destinaran-mas-de-11-millones-para-la-ampliacion-de-la-red-de-conductos-pluviales-en-barrio-ceco\/","og_locale":"es_ES","og_type":"article","og_title":"Se destinar\u00e1n m\u00e1s de $11 millones para la ampliaci\u00f3n de la red","og_description":"Se destinar\u00e1n m\u00e1s de $11 millones para la ampliaci\u00f3n de la red de conductos pluviales en barrio CECO, este jueves se realiz\u00f3 la licitaci\u00f3n","og_url":"https:\/\/experienciadevida.com.ar\/portalurbano\/se-destinaran-mas-de-11-millones-para-la-ampliacion-de-la-red-de-conductos-pluviales-en-barrio-ceco\/","article_publisher":"https:\/\/www.facebook.com\/Portal-Urbano-171542830093757\/","article_published_time":"2022-01-27T20:09:33+00:00","article_modified_time":"2022-01-27T20:12:56+00:00","og_image":[{"width":1024,"height":683,"url":"https:\/\/experienciadevida.com.ar\/portalurbano\/wp-content\/uploads\/2022\/01\/Se-destinaran-mas-de.jpg","type":"image\/jpeg"}],"author":"admpu17wp","twitter_card":"summary_large_image","twitter_creator":"@portalurbanook","twitter_site":"@portalurbanook","twitter_misc":{"Escrito por":"admpu17wp","Tiempo de lectura":"2 minutos"},"schema":{"@context":"https:\/\/schema.org","@graph":[{"@type":"Article","@id":"https:\/\/experienciadevida.com.ar\/portalurbano\/se-destinaran-mas-de-11-millones-para-la-ampliacion-de-la-red-de-conductos-pluviales-en-barrio-ceco\/#article","isPartOf":{"@id":"https:\/\/experienciadevida.com.ar\/portalurbano\/se-destinaran-mas-de-11-millones-para-la-ampliacion-de-la-red-de-conductos-pluviales-en-barrio-ceco\/"},"author":{"name":"admpu17wp","@id":"https:\/\/experienciadevida.com.ar\/portalurbano\/#\/schema\/person\/02dd326b1c4b056e9cc972486934a3a7"},"headline":"Se destinar\u00e1n m\u00e1s de $11 millones para la ampliaci\u00f3n de la red de conductos pluviales en barrio CECO","datePublished":"2022-01-27T20:09:33+00:00","dateModified":"2022-01-27T20:12:56+00:00","mainEntityOfPage":{"@id":"https:\/\/experienciadevida.com.ar\/portalurbano\/se-destinaran-mas-de-11-millones-para-la-ampliacion-de-la-red-de-conductos-pluviales-en-barrio-ceco\/"},"wordCount":354,"publisher":{"@id":"https:\/\/experienciadevida.com.ar\/portalurbano\/#organization"},"articleSection":["Ciudad","Destacadas 2"],"inLanguage":"es"},{"@type":"WebPage","@id":"https:\/\/experienciadevida.com.ar\/portalurbano\/se-destinaran-mas-de-11-millones-para-la-ampliacion-de-la-red-de-conductos-pluviales-en-barrio-ceco\/","url":"https:\/\/experienciadevida.com.ar\/portalurbano\/se-destinaran-mas-de-11-millones-para-la-ampliacion-de-la-red-de-conductos-pluviales-en-barrio-ceco\/","name":"Se destinar\u00e1n m\u00e1s de $11 millones para la ampliaci\u00f3n de la red","isPartOf":{"@id":"https:\/\/experienciadevida.com.ar\/portalurbano\/#website"},"datePublished":"2022-01-27T20:09:33+00:00","dateModified":"2022-01-27T20:12:56+00:00","description":"Se destinar\u00e1n m\u00e1s de $11 millones para la ampliaci\u00f3n de la red de conductos pluviales en barrio CECO, este jueves se realiz\u00f3 la licitaci\u00f3n","breadcrumb":{"@id":"https:\/\/experienciadevida.com.ar\/portalurbano\/se-destinaran-mas-de-11-millones-para-la-ampliacion-de-la-red-de-conductos-pluviales-en-barrio-ceco\/#breadcrumb"},"inLanguage":"es","potentialAction":[{"@type":"ReadAction","target":["https:\/\/experienciadevida.com.ar\/portalurbano\/se-destinaran-mas-de-11-millones-para-la-ampliacion-de-la-red-de-conductos-pluviales-en-barrio-ceco\/"]}]},{"@type":"BreadcrumbList","@id":"https:\/\/experienciadevida.com.ar\/portalurbano\/se-destinaran-mas-de-11-millones-para-la-ampliacion-de-la-red-de-conductos-pluviales-en-barrio-ceco\/#breadcrumb","itemListElement":[{"@type":"ListItem","position":1,"name":"Portada","item":"https:\/\/experienciadevida.com.ar\/portalurbano\/"},{"@type":"ListItem","position":2,"name":"Se destinar\u00e1n m\u00e1s de $11 millones para la ampliaci\u00f3n de la red de conductos pluviales en barrio CECO"}]},{"@type":"WebSite","@id":"https:\/\/experienciadevida.com.ar\/portalurbano\/#website","url":"https:\/\/experienciadevida.com.ar\/portalurbano\/","name":"","description":"","publisher":{"@id":"https:\/\/experienciadevida.com.ar\/portalurbano\/#organization"},"potentialAction":[{"@type":"SearchAction","target":{"@type":"EntryPoint","urlTemplate":"https:\/\/experienciadevida.com.ar\/portalurbano\/?s={search_term_string}"},"query-input":"required name=search_term_string"}],"inLanguage":"es"},{"@type":"Organization","@id":"https:\/\/experienciadevida.com.ar\/portalurbano\/#organization","name":"Portal Urbano","url":"https:\/\/experienciadevida.com.ar\/portalurbano\/","logo":{"@type":"ImageObject","inLanguage":"es","@id":"https:\/\/experienciadevida.com.ar\/portalurbano\/#\/schema\/logo\/image\/","url":"https:\/\/experienciadevida.com.ar\/portalurbano\/wp-content\/uploads\/2019\/09\/Logo-Original.png","contentUrl":"https:\/\/experienciadevida.com.ar\/portalurbano\/wp-content\/uploads\/2019\/09\/Logo-Original.png","width":2236,"height":1216,"caption":"Portal Urbano"},"image":{"@id":"https:\/\/experienciadevida.com.ar\/portalurbano\/#\/schema\/logo\/image\/"},"sameAs":["https:\/\/www.facebook.com\/Portal-Urbano-171542830093757\/","https:\/\/twitter.com\/portalurbanook","https:\/\/www.instagram.com\/_portalurbano\/","https:\/\/www.youtube.com\/channel\/UCXhagIfszH8KxFiOok79zbA?view_as=subscriber"]},{"@type":"Person","@id":"https:\/\/experienciadevida.com.ar\/portalurbano\/#\/schema\/person\/02dd326b1c4b056e9cc972486934a3a7","name":"admpu17wp","image":{"@type":"ImageObject","inLanguage":"es","@id":"https:\/\/experienciadevida.com.ar\/portalurbano\/#\/schema\/person\/image\/","url":"https:\/\/secure.gravatar.com\/avatar\/830d4c57adaae6630765e449a6908047?s=96&d=mm&r=g","contentUrl":"https:\/\/secure.gravatar.com\/avatar\/830d4c57adaae6630765e449a6908047?s=96&d=mm&r=g","caption":"admpu17wp"}}]}},"featured_image_urls":{"full":["https:\/\/experienciadevida.com.ar\/portalurbano\/wp-content\/uploads\/2022\/01\/Se-destinaran-mas-de.jpg",1024,683,false],"thumbnail":["https:\/\/experienciadevida.com.ar\/portalurbano\/wp-content\/uploads\/2022\/01\/Se-destinaran-mas-de-150x150.jpg",150,150,true],"medium":["https:\/\/experienciadevida.com.ar\/portalurbano\/wp-content\/uploads\/2022\/01\/Se-destinaran-mas-de-300x200.jpg",300,200,true],"medium_large":["https:\/\/experienciadevida.com.ar\/portalurbano\/wp-content\/uploads\/2022\/01\/Se-destinaran-mas-de-768x512.jpg",640,427,true],"large":["https:\/\/experienciadevida.com.ar\/portalurbano\/wp-content\/uploads\/2022\/01\/Se-destinaran-mas-de.jpg",640,427,false],"ug_big":["https:\/\/experienciadevida.com.ar\/portalurbano\/wp-content\/uploads\/2022\/01\/Se-destinaran-mas-de-768x512.jpg",768,512,true],"1536x1536":["https:\/\/experienciadevida.com.ar\/portalurbano\/wp-content\/uploads\/2022\/01\/Se-destinaran-mas-de.jpg",1024,683,false],"2048x2048":["https:\/\/experienciadevida.com.ar\/portalurbano\/wp-content\/uploads\/2022\/01\/Se-destinaran-mas-de.jpg",1024,683,false],"newsever-slider-full":["https:\/\/experienciadevida.com.ar\/portalurbano\/wp-content\/uploads\/2022\/01\/Se-destinaran-mas-de.jpg",1024,683,false],"newsever-featured":["https:\/\/experienciadevida.com.ar\/portalurbano\/wp-content\/uploads\/2022\/01\/Se-destinaran-mas-de.jpg",1024,683,false],"newsever-medium":["https:\/\/experienciadevida.com.ar\/portalurbano\/wp-content\/uploads\/2022\/01\/Se-destinaran-mas-de.jpg",712,475,false],"web-stories-poster-portrait":["https:\/\/experienciadevida.com.ar\/portalurbano\/wp-content\/uploads\/2022\/01\/Se-destinaran-mas-de.jpg",640,427,false],"web-stories-publisher-logo":["https:\/\/experienciadevida.com.ar\/portalurbano\/wp-content\/uploads\/2022\/01\/Se-destinaran-mas-de.jpg",96,64,false],"web-stories-thumbnail":["https:\/\/experienciadevida.com.ar\/portalurbano\/wp-content\/uploads\/2022\/01\/Se-destinaran-mas-de.jpg",150,100,false]},"author_info":{"display_name":"admpu17wp","author_link":"https:\/\/experienciadevida.com.ar\/portalurbano\/author\/admpu17wp\/"},"category_info":"<a href=\"https:\/\/experienciadevida.com.ar\/portalurbano\/category\/ciudad\/\" rel=\"category tag\">Ciudad<\/a> <a href=\"https:\/\/experienciadevida.com.ar\/portalurbano\/category\/destacadas-2\/\" rel=\"category tag\">Destacadas 2<\/a>","tag_info":"Destacadas 2","comment_count":"0","amp_enabled":true,"_links":{"self":[{"href":"https:\/\/experienciadevida.com.ar\/portalurbano\/wp-json\/wp\/v2\/posts\/160631"}],"collection":[{"href":"https:\/\/experienciadevida.com.ar\/portalurbano\/wp-json\/wp\/v2\/posts"}],"about":[{"href":"https:\/\/experienciadevida.com.ar\/portalurbano\/wp-json\/wp\/v2\/types\/post"}],"author":[{"embeddable":true,"href":"https:\/\/experienciadevida.com.ar\/portalurbano\/wp-json\/wp\/v2\/users\/1"}],"replies":[{"embeddable":true,"href":"https:\/\/experienciadevida.com.ar\/portalurbano\/wp-json\/wp\/v2\/comments?post=160631"}],"version-history":[{"count":3,"href":"https:\/\/experienciadevida.com.ar\/portalurbano\/wp-json\/wp\/v2\/posts\/160631\/revisions"}],"predecessor-version":[{"id":160634,"href":"https:\/\/experienciadevida.com.ar\/portalurbano\/wp-json\/wp\/v2\/posts\/160631\/revisions\/160634"}],"wp:featuredmedia":[{"embeddable":true,"href":"https:\/\/experienciadevida.com.ar\/portalurbano\/wp-json\/wp\/v2\/media\/160632"}],"wp:attachment":[{"href":"https:\/\/experienciadevida.com.ar\/portalurbano\/wp-json\/wp\/v2\/media?parent=160631"}],"wp:term":[{"taxonomy":"category","embeddable":true,"href":"https:\/\/experienciadevida.com.ar\/portalurbano\/wp-json\/wp\/v2\/categories?post=160631"},{"taxonomy":"post_tag","embeddable":true,"href":"https:\/\/experienciadevida.com.ar\/portalurbano\/wp-json\/wp\/v2\/tags?post=160631"}],"curies":[{"name":"wp","href":"https:\/\/api.w.org\/{rel}","templated":true}]}}