{"id":160622,"date":"2022-01-27T12:13:24","date_gmt":"2022-01-27T15:13:24","guid":{"rendered":"https:\/\/experienciadevida.com.ar\/portalurbano\/?p=160622"},"modified":"2022-01-27T12:15:44","modified_gmt":"2022-01-27T15:15:44","slug":"avanza-la-obra-de-repavimentacion-de-av-eva-peron","status":"publish","type":"post","link":"https:\/\/experienciadevida.com.ar\/portalurbano\/avanza-la-obra-de-repavimentacion-de-av-eva-peron\/","title":{"rendered":"Avanza la obra de repavimentaci\u00f3n de Av. Eva Per\u00f3n"},"content":{"rendered":"<p>Avanza la obra de repavimentaci\u00f3n de Av. Eva Per\u00f3n, el <a href=\"https:\/\/www.facebook.com\/galliezequiel\">Intendente<\/a> junto al secretario de Mantenimiento y Obras P\u00fablicas <a href=\"https:\/\/www.instagram.com\/julitoferraro\/?hl=es-la\">Julio Ferraro<\/a>, recorrieron la obra de repavimentaci\u00f3n de Av. Eva Per\u00f3n, que muestra un grado de avance cercano al 50%.<\/p>\n<p>Actualmente se trabaja en el sector de la rotonda, siendo una obra fundamental para mejorar la transitabilidad en uno de los accesos m\u00e1s importantes a la planta urbana de la ciudad, con conexi\u00f3n directa con el Centro de Exposiciones y el Centro de Convenciones de Olavarr\u00eda.<\/p>\n<p>\u201cEsta repavimentaci\u00f3n es de vital importancia, dentro del Plan de Obras que estamos llevando a cabo, para hacer m\u00e1s seguro el tr\u00e1nsito para quienes circulan por el sector\u201d, sostuvo el intendente Ezequiel Galli.<\/p>\n<p>Adem\u00e1s record\u00f3 que \u201c\u00e9sta es una de las tantas que hemos hecho en el \u00faltimo tiempo, como las repavimentaciones en avenidas Alberdi, Ituzaing\u00f3 y Pueyrred\u00f3n\u201d.<\/p>\n<p>En este sentido anunci\u00f3 que \u201ccontinuaremos con otras avenidas importantes, como otro tramo de Alberdi y Avellaneda\u201d.<\/p>\n<p>\u201cLo que buscamos con estas obras es mejorar la transitabilidad y reordenar el tr\u00e1nsito, que en definitiva brinda seguridad para los olavarrienses al circular por all\u00ed\u201d, concluy\u00f3.<\/p>\n<p>En detalle, los trabajos comprenden la pavimentaci\u00f3n de la calzada, entre Av. Del Valle y Av. Pueyrred\u00f3n, que tendr\u00e1 un ancho de 7,30 metros, para lo cual se utiliza un hormig\u00f3n tipo H30 con un espesor de 0,18 metros. La base es de tosca compactada con un espesor de 0,20 metros. En tanto que en la rotonda de Avda. Eva Per\u00f3n y Avda. Pueyrred\u00f3n el ancho de la calzada ser\u00e1 de 8 metros.<\/p>\n<p><a href=\"https:\/\/experienciadevida.com.ar\/portalurbano\/avanza-la-obra-de-repavimentacion-de-av-eva-peron\/avanza-la-2\/\" rel=\"attachment wp-att-160626\"><img decoding=\"async\" class=\"alignnone size-large wp-image-160626\" src=\"https:\/\/experienciadevida.com.ar\/portalurbano\/wp-content\/uploads\/2022\/01\/Avanza-la-1-1024x684.jpg\" alt=\"Avanza la \" width=\"900\" height=\"601\" srcset=\"https:\/\/experienciadevida.com.ar\/portalurbano\/wp-content\/uploads\/2022\/01\/Avanza-la-1-1024x684.jpg 1024w, https:\/\/experienciadevida.com.ar\/portalurbano\/wp-content\/uploads\/2022\/01\/Avanza-la-1-300x201.jpg 300w, https:\/\/experienciadevida.com.ar\/portalurbano\/wp-content\/uploads\/2022\/01\/Avanza-la-1-768x513.jpg 768w, https:\/\/experienciadevida.com.ar\/portalurbano\/wp-content\/uploads\/2022\/01\/Avanza-la-1-1536x1027.jpg 1536w, https:\/\/experienciadevida.com.ar\/portalurbano\/wp-content\/uploads\/2022\/01\/Avanza-la-1-2048x1369.jpg 2048w\" sizes=\"(max-width: 900px) 100vw, 900px\" \/><\/a><\/p>\n","protected":false},"excerpt":{"rendered":"<p>Avanza la obra de repavimentaci\u00f3n de Av. Eva Per\u00f3n, el Intendente junto al secretario de&#8230;<\/p>\n","protected":false},"author":1,"featured_media":160623,"comment_status":"closed","ping_status":"closed","sticky":false,"template":"","format":"standard","meta":{"content-type":""},"categories":[27,64],"tags":[],"nelio_content":{"isAutoShareEnabled":false,"autoShareEndMode":"default","automationSources":{"useContentSentences":true,"useSocialTemplates":true,"useCustomSentences":false,"customSentences":[]},"followers":[1],"suggestedReferences":[],"includedReferences":[],"efiUrl":"","efiAlt":"","highlights":[]},"yoast_head":"<!-- This site is optimized with the Yoast SEO plugin v20.7 - https:\/\/yoast.com\/wordpress\/plugins\/seo\/ -->\n<title>Avanza la obra de repavimentaci\u00f3n de Av. Eva Per\u00f3n<\/title>\n<meta name=\"description\" content=\"Avanza la obra de repavimentaci\u00f3n de Av. Eva Per\u00f3n, el Intendente junto al secretario de Mantenimiento y Obras P\u00fablicas Julio Ferraro\" \/>\n<meta name=\"robots\" content=\"index, follow, max-snippet:-1, max-image-preview:large, max-video-preview:-1\" \/>\n<link rel=\"canonical\" href=\"https:\/\/experienciadevida.com.ar\/portalurbano\/avanza-la-obra-de-repavimentacion-de-av-eva-peron\/\" \/>\n<meta property=\"og:locale\" content=\"es_ES\" \/>\n<meta property=\"og:type\" content=\"article\" \/>\n<meta property=\"og:title\" content=\"Avanza la obra de repavimentaci\u00f3n de Av. Eva Per\u00f3n\" \/>\n<meta property=\"og:description\" content=\"Avanza la obra de repavimentaci\u00f3n de Av. Eva Per\u00f3n, el Intendente junto al secretario de Mantenimiento y Obras P\u00fablicas Julio Ferraro\" \/>\n<meta property=\"og:url\" content=\"https:\/\/experienciadevida.com.ar\/portalurbano\/avanza-la-obra-de-repavimentacion-de-av-eva-peron\/\" \/>\n<meta property=\"article:publisher\" content=\"https:\/\/www.facebook.com\/Portal-Urbano-171542830093757\/\" \/>\n<meta property=\"article:published_time\" content=\"2022-01-27T15:13:24+00:00\" \/>\n<meta property=\"article:modified_time\" content=\"2022-01-27T15:15:44+00:00\" \/>\n<meta property=\"og:image\" content=\"https:\/\/experienciadevida.com.ar\/portalurbano\/wp-content\/uploads\/2022\/01\/Avanza-la-obra-de-1.jpg\" \/>\n\t<meta property=\"og:image:width\" content=\"2560\" \/>\n\t<meta property=\"og:image:height\" content=\"1711\" \/>\n\t<meta property=\"og:image:type\" content=\"image\/jpeg\" \/>\n<meta name=\"author\" content=\"admpu17wp\" \/>\n<meta name=\"twitter:card\" content=\"summary_large_image\" \/>\n<meta name=\"twitter:creator\" content=\"@portalurbanook\" \/>\n<meta name=\"twitter:site\" content=\"@portalurbanook\" \/>\n<meta name=\"twitter:label1\" content=\"Escrito por\" \/>\n\t<meta name=\"twitter:data1\" content=\"admpu17wp\" \/>\n\t<meta name=\"twitter:label2\" content=\"Tiempo de lectura\" \/>\n\t<meta name=\"twitter:data2\" content=\"2 minutos\" \/>\n<script type=\"application\/ld+json\" class=\"yoast-schema-graph\">{\"@context\":\"https:\/\/schema.org\",\"@graph\":[{\"@type\":\"Article\",\"@id\":\"https:\/\/experienciadevida.com.ar\/portalurbano\/avanza-la-obra-de-repavimentacion-de-av-eva-peron\/#article\",\"isPartOf\":{\"@id\":\"https:\/\/experienciadevida.com.ar\/portalurbano\/avanza-la-obra-de-repavimentacion-de-av-eva-peron\/\"},\"author\":{\"name\":\"admpu17wp\",\"@id\":\"https:\/\/experienciadevida.com.ar\/portalurbano\/#\/schema\/person\/02dd326b1c4b056e9cc972486934a3a7\"},\"headline\":\"Avanza la obra de repavimentaci\u00f3n de Av. Eva Per\u00f3n\",\"datePublished\":\"2022-01-27T15:13:24+00:00\",\"dateModified\":\"2022-01-27T15:15:44+00:00\",\"mainEntityOfPage\":{\"@id\":\"https:\/\/experienciadevida.com.ar\/portalurbano\/avanza-la-obra-de-repavimentacion-de-av-eva-peron\/\"},\"wordCount\":285,\"publisher\":{\"@id\":\"https:\/\/experienciadevida.com.ar\/portalurbano\/#organization\"},\"articleSection\":[\"Ciudad\",\"Destacadas 2\"],\"inLanguage\":\"es\"},{\"@type\":\"WebPage\",\"@id\":\"https:\/\/experienciadevida.com.ar\/portalurbano\/avanza-la-obra-de-repavimentacion-de-av-eva-peron\/\",\"url\":\"https:\/\/experienciadevida.com.ar\/portalurbano\/avanza-la-obra-de-repavimentacion-de-av-eva-peron\/\",\"name\":\"Avanza la obra de repavimentaci\u00f3n de Av. Eva Per\u00f3n\",\"isPartOf\":{\"@id\":\"https:\/\/experienciadevida.com.ar\/portalurbano\/#website\"},\"datePublished\":\"2022-01-27T15:13:24+00:00\",\"dateModified\":\"2022-01-27T15:15:44+00:00\",\"description\":\"Avanza la obra de repavimentaci\u00f3n de Av. Eva Per\u00f3n, el Intendente junto al secretario de Mantenimiento y Obras P\u00fablicas Julio Ferraro\",\"breadcrumb\":{\"@id\":\"https:\/\/experienciadevida.com.ar\/portalurbano\/avanza-la-obra-de-repavimentacion-de-av-eva-peron\/#breadcrumb\"},\"inLanguage\":\"es\",\"potentialAction\":[{\"@type\":\"ReadAction\",\"target\":[\"https:\/\/experienciadevida.com.ar\/portalurbano\/avanza-la-obra-de-repavimentacion-de-av-eva-peron\/\"]}]},{\"@type\":\"BreadcrumbList\",\"@id\":\"https:\/\/experienciadevida.com.ar\/portalurbano\/avanza-la-obra-de-repavimentacion-de-av-eva-peron\/#breadcrumb\",\"itemListElement\":[{\"@type\":\"ListItem\",\"position\":1,\"name\":\"Portada\",\"item\":\"https:\/\/experienciadevida.com.ar\/portalurbano\/\"},{\"@type\":\"ListItem\",\"position\":2,\"name\":\"Avanza la obra de repavimentaci\u00f3n de Av. Eva Per\u00f3n\"}]},{\"@type\":\"WebSite\",\"@id\":\"https:\/\/experienciadevida.com.ar\/portalurbano\/#website\",\"url\":\"https:\/\/experienciadevida.com.ar\/portalurbano\/\",\"name\":\"\",\"description\":\"\",\"publisher\":{\"@id\":\"https:\/\/experienciadevida.com.ar\/portalurbano\/#organization\"},\"potentialAction\":[{\"@type\":\"SearchAction\",\"target\":{\"@type\":\"EntryPoint\",\"urlTemplate\":\"https:\/\/experienciadevida.com.ar\/portalurbano\/?s={search_term_string}\"},\"query-input\":\"required name=search_term_string\"}],\"inLanguage\":\"es\"},{\"@type\":\"Organization\",\"@id\":\"https:\/\/experienciadevida.com.ar\/portalurbano\/#organization\",\"name\":\"Portal Urbano\",\"url\":\"https:\/\/experienciadevida.com.ar\/portalurbano\/\",\"logo\":{\"@type\":\"ImageObject\",\"inLanguage\":\"es\",\"@id\":\"https:\/\/experienciadevida.com.ar\/portalurbano\/#\/schema\/logo\/image\/\",\"url\":\"https:\/\/experienciadevida.com.ar\/portalurbano\/wp-content\/uploads\/2019\/09\/Logo-Original.png\",\"contentUrl\":\"https:\/\/experienciadevida.com.ar\/portalurbano\/wp-content\/uploads\/2019\/09\/Logo-Original.png\",\"width\":2236,\"height\":1216,\"caption\":\"Portal Urbano\"},\"image\":{\"@id\":\"https:\/\/experienciadevida.com.ar\/portalurbano\/#\/schema\/logo\/image\/\"},\"sameAs\":[\"https:\/\/www.facebook.com\/Portal-Urbano-171542830093757\/\",\"https:\/\/twitter.com\/portalurbanook\",\"https:\/\/www.instagram.com\/_portalurbano\/\",\"https:\/\/www.youtube.com\/channel\/UCXhagIfszH8KxFiOok79zbA?view_as=subscriber\"]},{\"@type\":\"Person\",\"@id\":\"https:\/\/experienciadevida.com.ar\/portalurbano\/#\/schema\/person\/02dd326b1c4b056e9cc972486934a3a7\",\"name\":\"admpu17wp\",\"image\":{\"@type\":\"ImageObject\",\"inLanguage\":\"es\",\"@id\":\"https:\/\/experienciadevida.com.ar\/portalurbano\/#\/schema\/person\/image\/\",\"url\":\"https:\/\/secure.gravatar.com\/avatar\/830d4c57adaae6630765e449a6908047?s=96&d=mm&r=g\",\"contentUrl\":\"https:\/\/secure.gravatar.com\/avatar\/830d4c57adaae6630765e449a6908047?s=96&d=mm&r=g\",\"caption\":\"admpu17wp\"}}]}<\/script>\n<!-- \/ Yoast SEO plugin. -->","yoast_head_json":{"title":"Avanza la obra de repavimentaci\u00f3n de Av. Eva Per\u00f3n","description":"Avanza la obra de repavimentaci\u00f3n de Av. Eva Per\u00f3n, el Intendente junto al secretario de Mantenimiento y Obras P\u00fablicas Julio Ferraro","robots":{"index":"index","follow":"follow","max-snippet":"max-snippet:-1","max-image-preview":"max-image-preview:large","max-video-preview":"max-video-preview:-1"},"canonical":"https:\/\/experienciadevida.com.ar\/portalurbano\/avanza-la-obra-de-repavimentacion-de-av-eva-peron\/","og_locale":"es_ES","og_type":"article","og_title":"Avanza la obra de repavimentaci\u00f3n de Av. Eva Per\u00f3n","og_description":"Avanza la obra de repavimentaci\u00f3n de Av. Eva Per\u00f3n, el Intendente junto al secretario de Mantenimiento y Obras P\u00fablicas Julio Ferraro","og_url":"https:\/\/experienciadevida.com.ar\/portalurbano\/avanza-la-obra-de-repavimentacion-de-av-eva-peron\/","article_publisher":"https:\/\/www.facebook.com\/Portal-Urbano-171542830093757\/","article_published_time":"2022-01-27T15:13:24+00:00","article_modified_time":"2022-01-27T15:15:44+00:00","og_image":[{"width":2560,"height":1711,"url":"https:\/\/experienciadevida.com.ar\/portalurbano\/wp-content\/uploads\/2022\/01\/Avanza-la-obra-de-1.jpg","type":"image\/jpeg"}],"author":"admpu17wp","twitter_card":"summary_large_image","twitter_creator":"@portalurbanook","twitter_site":"@portalurbanook","twitter_misc":{"Escrito por":"admpu17wp","Tiempo de lectura":"2 minutos"},"schema":{"@context":"https:\/\/schema.org","@graph":[{"@type":"Article","@id":"https:\/\/experienciadevida.com.ar\/portalurbano\/avanza-la-obra-de-repavimentacion-de-av-eva-peron\/#article","isPartOf":{"@id":"https:\/\/experienciadevida.com.ar\/portalurbano\/avanza-la-obra-de-repavimentacion-de-av-eva-peron\/"},"author":{"name":"admpu17wp","@id":"https:\/\/experienciadevida.com.ar\/portalurbano\/#\/schema\/person\/02dd326b1c4b056e9cc972486934a3a7"},"headline":"Avanza la obra de repavimentaci\u00f3n de Av. Eva Per\u00f3n","datePublished":"2022-01-27T15:13:24+00:00","dateModified":"2022-01-27T15:15:44+00:00","mainEntityOfPage":{"@id":"https:\/\/experienciadevida.com.ar\/portalurbano\/avanza-la-obra-de-repavimentacion-de-av-eva-peron\/"},"wordCount":285,"publisher":{"@id":"https:\/\/experienciadevida.com.ar\/portalurbano\/#organization"},"articleSection":["Ciudad","Destacadas 2"],"inLanguage":"es"},{"@type":"WebPage","@id":"https:\/\/experienciadevida.com.ar\/portalurbano\/avanza-la-obra-de-repavimentacion-de-av-eva-peron\/","url":"https:\/\/experienciadevida.com.ar\/portalurbano\/avanza-la-obra-de-repavimentacion-de-av-eva-peron\/","name":"Avanza la obra de repavimentaci\u00f3n de Av. Eva Per\u00f3n","isPartOf":{"@id":"https:\/\/experienciadevida.com.ar\/portalurbano\/#website"},"datePublished":"2022-01-27T15:13:24+00:00","dateModified":"2022-01-27T15:15:44+00:00","description":"Avanza la obra de repavimentaci\u00f3n de Av. Eva Per\u00f3n, el Intendente junto al secretario de Mantenimiento y Obras P\u00fablicas Julio Ferraro","breadcrumb":{"@id":"https:\/\/experienciadevida.com.ar\/portalurbano\/avanza-la-obra-de-repavimentacion-de-av-eva-peron\/#breadcrumb"},"inLanguage":"es","potentialAction":[{"@type":"ReadAction","target":["https:\/\/experienciadevida.com.ar\/portalurbano\/avanza-la-obra-de-repavimentacion-de-av-eva-peron\/"]}]},{"@type":"BreadcrumbList","@id":"https:\/\/experienciadevida.com.ar\/portalurbano\/avanza-la-obra-de-repavimentacion-de-av-eva-peron\/#breadcrumb","itemListElement":[{"@type":"ListItem","position":1,"name":"Portada","item":"https:\/\/experienciadevida.com.ar\/portalurbano\/"},{"@type":"ListItem","position":2,"name":"Avanza la obra de repavimentaci\u00f3n de Av. Eva Per\u00f3n"}]},{"@type":"WebSite","@id":"https:\/\/experienciadevida.com.ar\/portalurbano\/#website","url":"https:\/\/experienciadevida.com.ar\/portalurbano\/","name":"","description":"","publisher":{"@id":"https:\/\/experienciadevida.com.ar\/portalurbano\/#organization"},"potentialAction":[{"@type":"SearchAction","target":{"@type":"EntryPoint","urlTemplate":"https:\/\/experienciadevida.com.ar\/portalurbano\/?s={search_term_string}"},"query-input":"required name=search_term_string"}],"inLanguage":"es"},{"@type":"Organization","@id":"https:\/\/experienciadevida.com.ar\/portalurbano\/#organization","name":"Portal Urbano","url":"https:\/\/experienciadevida.com.ar\/portalurbano\/","logo":{"@type":"ImageObject","inLanguage":"es","@id":"https:\/\/experienciadevida.com.ar\/portalurbano\/#\/schema\/logo\/image\/","url":"https:\/\/experienciadevida.com.ar\/portalurbano\/wp-content\/uploads\/2019\/09\/Logo-Original.png","contentUrl":"https:\/\/experienciadevida.com.ar\/portalurbano\/wp-content\/uploads\/2019\/09\/Logo-Original.png","width":2236,"height":1216,"caption":"Portal Urbano"},"image":{"@id":"https:\/\/experienciadevida.com.ar\/portalurbano\/#\/schema\/logo\/image\/"},"sameAs":["https:\/\/www.facebook.com\/Portal-Urbano-171542830093757\/","https:\/\/twitter.com\/portalurbanook","https:\/\/www.instagram.com\/_portalurbano\/","https:\/\/www.youtube.com\/channel\/UCXhagIfszH8KxFiOok79zbA?view_as=subscriber"]},{"@type":"Person","@id":"https:\/\/experienciadevida.com.ar\/portalurbano\/#\/schema\/person\/02dd326b1c4b056e9cc972486934a3a7","name":"admpu17wp","image":{"@type":"ImageObject","inLanguage":"es","@id":"https:\/\/experienciadevida.com.ar\/portalurbano\/#\/schema\/person\/image\/","url":"https:\/\/secure.gravatar.com\/avatar\/830d4c57adaae6630765e449a6908047?s=96&d=mm&r=g","contentUrl":"https:\/\/secure.gravatar.com\/avatar\/830d4c57adaae6630765e449a6908047?s=96&d=mm&r=g","caption":"admpu17wp"}}]}},"featured_image_urls":{"full":["https:\/\/experienciadevida.com.ar\/portalurbano\/wp-content\/uploads\/2022\/01\/Avanza-la-obra-de-1.jpg",2560,1711,false],"thumbnail":["https:\/\/experienciadevida.com.ar\/portalurbano\/wp-content\/uploads\/2022\/01\/Avanza-la-obra-de-1-150x150.jpg",150,150,true],"medium":["https:\/\/experienciadevida.com.ar\/portalurbano\/wp-content\/uploads\/2022\/01\/Avanza-la-obra-de-1-300x201.jpg",300,201,true],"medium_large":["https:\/\/experienciadevida.com.ar\/portalurbano\/wp-content\/uploads\/2022\/01\/Avanza-la-obra-de-1-768x513.jpg",640,428,true],"large":["https:\/\/experienciadevida.com.ar\/portalurbano\/wp-content\/uploads\/2022\/01\/Avanza-la-obra-de-1-1024x684.jpg",640,428,true],"ug_big":["https:\/\/experienciadevida.com.ar\/portalurbano\/wp-content\/uploads\/2022\/01\/Avanza-la-obra-de-1-768x513.jpg",768,513,true],"1536x1536":["https:\/\/experienciadevida.com.ar\/portalurbano\/wp-content\/uploads\/2022\/01\/Avanza-la-obra-de-1-1536x1027.jpg",1536,1027,true],"2048x2048":["https:\/\/experienciadevida.com.ar\/portalurbano\/wp-content\/uploads\/2022\/01\/Avanza-la-obra-de-1-2048x1369.jpg",2048,1369,true],"newsever-slider-full":["https:\/\/experienciadevida.com.ar\/portalurbano\/wp-content\/uploads\/2022\/01\/Avanza-la-obra-de-1.jpg",1264,845,false],"newsever-featured":["https:\/\/experienciadevida.com.ar\/portalurbano\/wp-content\/uploads\/2022\/01\/Avanza-la-obra-de-1.jpg",1024,684,false],"newsever-medium":["https:\/\/experienciadevida.com.ar\/portalurbano\/wp-content\/uploads\/2022\/01\/Avanza-la-obra-de-1.jpg",711,475,false],"web-stories-poster-portrait":["https:\/\/experienciadevida.com.ar\/portalurbano\/wp-content\/uploads\/2022\/01\/Avanza-la-obra-de-1.jpg",640,428,false],"web-stories-publisher-logo":["https:\/\/experienciadevida.com.ar\/portalurbano\/wp-content\/uploads\/2022\/01\/Avanza-la-obra-de-1.jpg",96,64,false],"web-stories-thumbnail":["https:\/\/experienciadevida.com.ar\/portalurbano\/wp-content\/uploads\/2022\/01\/Avanza-la-obra-de-1.jpg",150,100,false]},"author_info":{"display_name":"admpu17wp","author_link":"https:\/\/experienciadevida.com.ar\/portalurbano\/author\/admpu17wp\/"},"category_info":"<a href=\"https:\/\/experienciadevida.com.ar\/portalurbano\/category\/ciudad\/\" rel=\"category tag\">Ciudad<\/a> <a href=\"https:\/\/experienciadevida.com.ar\/portalurbano\/category\/destacadas-2\/\" rel=\"category tag\">Destacadas 2<\/a>","tag_info":"Destacadas 2","comment_count":"0","amp_enabled":true,"_links":{"self":[{"href":"https:\/\/experienciadevida.com.ar\/portalurbano\/wp-json\/wp\/v2\/posts\/160622"}],"collection":[{"href":"https:\/\/experienciadevida.com.ar\/portalurbano\/wp-json\/wp\/v2\/posts"}],"about":[{"href":"https:\/\/experienciadevida.com.ar\/portalurbano\/wp-json\/wp\/v2\/types\/post"}],"author":[{"embeddable":true,"href":"https:\/\/experienciadevida.com.ar\/portalurbano\/wp-json\/wp\/v2\/users\/1"}],"replies":[{"embeddable":true,"href":"https:\/\/experienciadevida.com.ar\/portalurbano\/wp-json\/wp\/v2\/comments?post=160622"}],"version-history":[{"count":2,"href":"https:\/\/experienciadevida.com.ar\/portalurbano\/wp-json\/wp\/v2\/posts\/160622\/revisions"}],"predecessor-version":[{"id":160627,"href":"https:\/\/experienciadevida.com.ar\/portalurbano\/wp-json\/wp\/v2\/posts\/160622\/revisions\/160627"}],"wp:featuredmedia":[{"embeddable":true,"href":"https:\/\/experienciadevida.com.ar\/portalurbano\/wp-json\/wp\/v2\/media\/160623"}],"wp:attachment":[{"href":"https:\/\/experienciadevida.com.ar\/portalurbano\/wp-json\/wp\/v2\/media?parent=160622"}],"wp:term":[{"taxonomy":"category","embeddable":true,"href":"https:\/\/experienciadevida.com.ar\/portalurbano\/wp-json\/wp\/v2\/categories?post=160622"},{"taxonomy":"post_tag","embeddable":true,"href":"https:\/\/experienciadevida.com.ar\/portalurbano\/wp-json\/wp\/v2\/tags?post=160622"}],"curies":[{"name":"wp","href":"https:\/\/api.w.org\/{rel}","templated":true}]}}