{"id":160575,"date":"2022-01-26T17:35:28","date_gmt":"2022-01-26T20:35:28","guid":{"rendered":"https:\/\/experienciadevida.com.ar\/portalurbano\/?p=160575"},"modified":"2022-01-26T17:39:40","modified_gmt":"2022-01-26T20:39:40","slug":"fallecieron-tres-pacientes-con-coronavirus-y-se-registraron-190-casos","status":"publish","type":"post","link":"https:\/\/experienciadevida.com.ar\/portalurbano\/fallecieron-tres-pacientes-con-coronavirus-y-se-registraron-190-casos\/","title":{"rendered":"Fallecieron tres pacientes con coronavirus y se registraron 190 casos positivos"},"content":{"rendered":"<p>Fallecieron tres pacientes con coronavirus y se registraron 190 casos, as\u00ed lo informaron en el parte sanitario emitido este 26 de enero.<\/p>\n<p>Tres pacientes que estaban internados en el Hospital Municipal con coronavirus fallecieron en las \u00faltimas 24 horas: un paciente de sexo masculino de 80 a\u00f1os, con ingreso el pasado 22 de enero, y dos dosis de vacuna contra el Covid19; una paciente de 47 a\u00f1os, con ingreso el pasado 20 de enero, sin vacuna contra el Covid19; y una paciente de 51 a\u00f1os, con ingreso el pasado 24 de enero, y tres dosis de vacunas contra el Covid19. Todos presentaban comorbilidades previas.<\/p>\n<p>En la jornada de este mi\u00e9rcoles se analizaron 357 testeos, de los cuales 190 (89 El Fort\u00edn \u2013 20 IOMA) fueron positivos y 167 negativos para Covid19. La positividad fue del 53%.<\/p>\n<p>Son 2530 las personas que transitan la enfermedad en Olavarr\u00eda. El 87% tiene menos de 60 a\u00f1os.<\/p>\n<p>En el Hospital Municipal \u201cDr. H\u00e9ctor M. Cura\u201d hay 36 personas internadas: cuatro en la Unidad de Terapia Intensiva, treinta en Cuidados Generales, una en Maternidad y una en Pediatr\u00eda.<\/p>\n<p><a href=\"https:\/\/experienciadevida.com.ar\/portalurbano\/fallecieron-tres-pacientes-con-coronavirus-y-se-registraron-190-casos\/coronavirus-339\/\" rel=\"attachment wp-att-160579\"><img decoding=\"async\" class=\"alignnone size-large wp-image-160579\" src=\"https:\/\/experienciadevida.com.ar\/portalurbano\/wp-content\/uploads\/2022\/01\/Coronavirus-19-1024x1024.jpg\" alt=\"\" width=\"900\" height=\"900\" srcset=\"https:\/\/experienciadevida.com.ar\/portalurbano\/wp-content\/uploads\/2022\/01\/Coronavirus-19-1024x1024.jpg 1024w, https:\/\/experienciadevida.com.ar\/portalurbano\/wp-content\/uploads\/2022\/01\/Coronavirus-19-300x300.jpg 300w, https:\/\/experienciadevida.com.ar\/portalurbano\/wp-content\/uploads\/2022\/01\/Coronavirus-19-150x150.jpg 150w, https:\/\/experienciadevida.com.ar\/portalurbano\/wp-content\/uploads\/2022\/01\/Coronavirus-19-768x768.jpg 768w, https:\/\/experienciadevida.com.ar\/portalurbano\/wp-content\/uploads\/2022\/01\/Coronavirus-19.jpg 1280w\" sizes=\"(max-width: 900px) 100vw, 900px\" \/><\/a><\/p>\n<p><a href=\"https:\/\/experienciadevida.com.ar\/portalurbano\/fallecieron-tres-pacientes-con-coronavirus-y-se-registraron-190-casos\/coronavirus1-318\/\" rel=\"attachment wp-att-160580\"><img decoding=\"async\" class=\"alignnone size-large wp-image-160580\" src=\"https:\/\/experienciadevida.com.ar\/portalurbano\/wp-content\/uploads\/2022\/01\/Coronavirus1-18-1024x1024.jpg\" alt=\"\" width=\"900\" height=\"900\" srcset=\"https:\/\/experienciadevida.com.ar\/portalurbano\/wp-content\/uploads\/2022\/01\/Coronavirus1-18-1024x1024.jpg 1024w, https:\/\/experienciadevida.com.ar\/portalurbano\/wp-content\/uploads\/2022\/01\/Coronavirus1-18-300x300.jpg 300w, https:\/\/experienciadevida.com.ar\/portalurbano\/wp-content\/uploads\/2022\/01\/Coronavirus1-18-150x150.jpg 150w, https:\/\/experienciadevida.com.ar\/portalurbano\/wp-content\/uploads\/2022\/01\/Coronavirus1-18-768x768.jpg 768w, https:\/\/experienciadevida.com.ar\/portalurbano\/wp-content\/uploads\/2022\/01\/Coronavirus1-18.jpg 1280w\" sizes=\"(max-width: 900px) 100vw, 900px\" \/><\/a><\/p>\n<p><a href=\"https:\/\/experienciadevida.com.ar\/portalurbano\/fallecieron-tres-pacientes-con-coronavirus-y-se-registraron-190-casos\/coronavirus2-264\/\" rel=\"attachment wp-att-160581\"><img decoding=\"async\" class=\"alignnone size-large wp-image-160581\" src=\"https:\/\/experienciadevida.com.ar\/portalurbano\/wp-content\/uploads\/2022\/01\/Coronavirus2-17-1024x1024.jpg\" alt=\"\" width=\"900\" height=\"900\" srcset=\"https:\/\/experienciadevida.com.ar\/portalurbano\/wp-content\/uploads\/2022\/01\/Coronavirus2-17-1024x1024.jpg 1024w, https:\/\/experienciadevida.com.ar\/portalurbano\/wp-content\/uploads\/2022\/01\/Coronavirus2-17-300x300.jpg 300w, https:\/\/experienciadevida.com.ar\/portalurbano\/wp-content\/uploads\/2022\/01\/Coronavirus2-17-150x150.jpg 150w, https:\/\/experienciadevida.com.ar\/portalurbano\/wp-content\/uploads\/2022\/01\/Coronavirus2-17-768x768.jpg 768w, https:\/\/experienciadevida.com.ar\/portalurbano\/wp-content\/uploads\/2022\/01\/Coronavirus2-17.jpg 1280w\" sizes=\"(max-width: 900px) 100vw, 900px\" \/><\/a><\/p>\n<p><a href=\"https:\/\/experienciadevida.com.ar\/portalurbano\/fallecieron-tres-pacientes-con-coronavirus-y-se-registraron-190-casos\/coronavirus3-229\/\" rel=\"attachment wp-att-160582\"><img decoding=\"async\" class=\"alignnone size-large wp-image-160582\" src=\"https:\/\/experienciadevida.com.ar\/portalurbano\/wp-content\/uploads\/2022\/01\/Coronavirus3-19-1024x1024.jpg\" alt=\"\" width=\"900\" height=\"900\" srcset=\"https:\/\/experienciadevida.com.ar\/portalurbano\/wp-content\/uploads\/2022\/01\/Coronavirus3-19-1024x1024.jpg 1024w, https:\/\/experienciadevida.com.ar\/portalurbano\/wp-content\/uploads\/2022\/01\/Coronavirus3-19-300x300.jpg 300w, https:\/\/experienciadevida.com.ar\/portalurbano\/wp-content\/uploads\/2022\/01\/Coronavirus3-19-150x150.jpg 150w, https:\/\/experienciadevida.com.ar\/portalurbano\/wp-content\/uploads\/2022\/01\/Coronavirus3-19-768x768.jpg 768w, https:\/\/experienciadevida.com.ar\/portalurbano\/wp-content\/uploads\/2022\/01\/Coronavirus3-19.jpg 1280w\" sizes=\"(max-width: 900px) 100vw, 900px\" \/><\/a><\/p>\n<p><a href=\"https:\/\/experienciadevida.com.ar\/portalurbano\/fallecieron-tres-pacientes-con-coronavirus-y-se-registraron-190-casos\/coronavirus4-182\/\" rel=\"attachment wp-att-160583\"><img decoding=\"async\" class=\"alignnone size-large wp-image-160583\" src=\"https:\/\/experienciadevida.com.ar\/portalurbano\/wp-content\/uploads\/2022\/01\/Coronavirus4-19-1024x1024.jpg\" alt=\"\" width=\"900\" height=\"900\" srcset=\"https:\/\/experienciadevida.com.ar\/portalurbano\/wp-content\/uploads\/2022\/01\/Coronavirus4-19-1024x1024.jpg 1024w, https:\/\/experienciadevida.com.ar\/portalurbano\/wp-content\/uploads\/2022\/01\/Coronavirus4-19-300x300.jpg 300w, https:\/\/experienciadevida.com.ar\/portalurbano\/wp-content\/uploads\/2022\/01\/Coronavirus4-19-150x150.jpg 150w, https:\/\/experienciadevida.com.ar\/portalurbano\/wp-content\/uploads\/2022\/01\/Coronavirus4-19-768x768.jpg 768w, https:\/\/experienciadevida.com.ar\/portalurbano\/wp-content\/uploads\/2022\/01\/Coronavirus4-19.jpg 1280w\" sizes=\"(max-width: 900px) 100vw, 900px\" \/><\/a><\/p>\n<p><a href=\"https:\/\/experienciadevida.com.ar\/portalurbano\/fallecieron-tres-pacientes-con-coronavirus-y-se-registraron-190-casos\/coronavirus5-150\/\" rel=\"attachment wp-att-160585\"><img decoding=\"async\" class=\"alignnone size-large wp-image-160585\" src=\"https:\/\/experienciadevida.com.ar\/portalurbano\/wp-content\/uploads\/2022\/01\/Coronavirus5-13-1024x1024.jpg\" alt=\"\" width=\"900\" height=\"900\" srcset=\"https:\/\/experienciadevida.com.ar\/portalurbano\/wp-content\/uploads\/2022\/01\/Coronavirus5-13-1024x1024.jpg 1024w, https:\/\/experienciadevida.com.ar\/portalurbano\/wp-content\/uploads\/2022\/01\/Coronavirus5-13-300x300.jpg 300w, https:\/\/experienciadevida.com.ar\/portalurbano\/wp-content\/uploads\/2022\/01\/Coronavirus5-13-150x150.jpg 150w, https:\/\/experienciadevida.com.ar\/portalurbano\/wp-content\/uploads\/2022\/01\/Coronavirus5-13-768x768.jpg 768w, https:\/\/experienciadevida.com.ar\/portalurbano\/wp-content\/uploads\/2022\/01\/Coronavirus5-13.jpg 1280w\" sizes=\"(max-width: 900px) 100vw, 900px\" \/><\/a><\/p>\n<p><a href=\"https:\/\/experienciadevida.com.ar\/portalurbano\/fallecieron-tres-pacientes-con-coronavirus-y-se-registraron-190-casos\/coronavirus7-81\/\" rel=\"attachment wp-att-160586\"><img decoding=\"async\" class=\"alignnone size-large wp-image-160586\" src=\"https:\/\/experienciadevida.com.ar\/portalurbano\/wp-content\/uploads\/2022\/01\/Coronavirus7-1-1024x1024.jpg\" alt=\"\" width=\"900\" height=\"900\" srcset=\"https:\/\/experienciadevida.com.ar\/portalurbano\/wp-content\/uploads\/2022\/01\/Coronavirus7-1-1024x1024.jpg 1024w, https:\/\/experienciadevida.com.ar\/portalurbano\/wp-content\/uploads\/2022\/01\/Coronavirus7-1-300x300.jpg 300w, https:\/\/experienciadevida.com.ar\/portalurbano\/wp-content\/uploads\/2022\/01\/Coronavirus7-1-150x150.jpg 150w, https:\/\/experienciadevida.com.ar\/portalurbano\/wp-content\/uploads\/2022\/01\/Coronavirus7-1-768x768.jpg 768w, https:\/\/experienciadevida.com.ar\/portalurbano\/wp-content\/uploads\/2022\/01\/Coronavirus7-1.jpg 1280w\" sizes=\"(max-width: 900px) 100vw, 900px\" \/><\/a><\/p>\n","protected":false},"excerpt":{"rendered":"<p>Fallecieron tres pacientes con coronavirus y se registraron 190 casos, as\u00ed lo informaron en el&#8230;<\/p>\n","protected":false},"author":1,"featured_media":121931,"comment_status":"closed","ping_status":"closed","sticky":false,"template":"","format":"standard","meta":{"content-type":""},"categories":[51,45],"tags":[],"nelio_content":{"isAutoShareEnabled":false,"autoShareEndMode":"default","automationSources":{"useContentSentences":true,"useSocialTemplates":true,"useCustomSentences":false,"customSentences":[]},"followers":[1],"suggestedReferences":[],"includedReferences":[],"efiUrl":"","efiAlt":"","highlights":[]},"yoast_head":"<!-- This site is optimized with the Yoast SEO plugin v20.7 - https:\/\/yoast.com\/wordpress\/plugins\/seo\/ -->\n<title>Fallecieron tres pacientes con coronavirus y se registraron 190 casos positivos -<\/title>\n<meta name=\"robots\" content=\"index, follow, max-snippet:-1, max-image-preview:large, max-video-preview:-1\" \/>\n<link rel=\"canonical\" href=\"https:\/\/experienciadevida.com.ar\/portalurbano\/fallecieron-tres-pacientes-con-coronavirus-y-se-registraron-190-casos\/\" \/>\n<meta property=\"og:locale\" content=\"es_ES\" \/>\n<meta property=\"og:type\" content=\"article\" \/>\n<meta property=\"og:title\" content=\"Fallecieron tres pacientes con coronavirus y se registraron 190 casos positivos -\" \/>\n<meta property=\"og:description\" content=\"Fallecieron tres pacientes con coronavirus y se registraron 190 casos, as\u00ed lo informaron en el...\" \/>\n<meta property=\"og:url\" content=\"https:\/\/experienciadevida.com.ar\/portalurbano\/fallecieron-tres-pacientes-con-coronavirus-y-se-registraron-190-casos\/\" \/>\n<meta property=\"article:publisher\" content=\"https:\/\/www.facebook.com\/Portal-Urbano-171542830093757\/\" \/>\n<meta property=\"article:published_time\" content=\"2022-01-26T20:35:28+00:00\" \/>\n<meta property=\"article:modified_time\" content=\"2022-01-26T20:39:40+00:00\" \/>\n<meta property=\"og:image\" content=\"https:\/\/experienciadevida.com.ar\/portalurbano\/wp-content\/uploads\/2020\/09\/Salud-Guardia-Hospital-1-e1600639461545.jpg\" \/>\n\t<meta property=\"og:image:width\" content=\"750\" \/>\n\t<meta property=\"og:image:height\" content=\"562\" \/>\n\t<meta property=\"og:image:type\" content=\"image\/jpeg\" \/>\n<meta name=\"author\" content=\"admpu17wp\" \/>\n<meta name=\"twitter:card\" content=\"summary_large_image\" \/>\n<meta name=\"twitter:creator\" content=\"@portalurbanook\" \/>\n<meta name=\"twitter:site\" content=\"@portalurbanook\" \/>\n<meta name=\"twitter:label1\" content=\"Escrito por\" \/>\n\t<meta name=\"twitter:data1\" content=\"admpu17wp\" \/>\n\t<meta name=\"twitter:label2\" content=\"Tiempo de lectura\" \/>\n\t<meta name=\"twitter:data2\" content=\"3 minutos\" \/>\n<script type=\"application\/ld+json\" class=\"yoast-schema-graph\">{\"@context\":\"https:\/\/schema.org\",\"@graph\":[{\"@type\":\"Article\",\"@id\":\"https:\/\/experienciadevida.com.ar\/portalurbano\/fallecieron-tres-pacientes-con-coronavirus-y-se-registraron-190-casos\/#article\",\"isPartOf\":{\"@id\":\"https:\/\/experienciadevida.com.ar\/portalurbano\/fallecieron-tres-pacientes-con-coronavirus-y-se-registraron-190-casos\/\"},\"author\":{\"name\":\"admpu17wp\",\"@id\":\"https:\/\/experienciadevida.com.ar\/portalurbano\/#\/schema\/person\/02dd326b1c4b056e9cc972486934a3a7\"},\"headline\":\"Fallecieron tres pacientes con coronavirus y se registraron 190 casos positivos\",\"datePublished\":\"2022-01-26T20:35:28+00:00\",\"dateModified\":\"2022-01-26T20:39:40+00:00\",\"mainEntityOfPage\":{\"@id\":\"https:\/\/experienciadevida.com.ar\/portalurbano\/fallecieron-tres-pacientes-con-coronavirus-y-se-registraron-190-casos\/\"},\"wordCount\":182,\"publisher\":{\"@id\":\"https:\/\/experienciadevida.com.ar\/portalurbano\/#organization\"},\"articleSection\":[\"Destacadas\",\"Salud\"],\"inLanguage\":\"es\"},{\"@type\":\"WebPage\",\"@id\":\"https:\/\/experienciadevida.com.ar\/portalurbano\/fallecieron-tres-pacientes-con-coronavirus-y-se-registraron-190-casos\/\",\"url\":\"https:\/\/experienciadevida.com.ar\/portalurbano\/fallecieron-tres-pacientes-con-coronavirus-y-se-registraron-190-casos\/\",\"name\":\"Fallecieron tres pacientes con coronavirus y se registraron 190 casos positivos -\",\"isPartOf\":{\"@id\":\"https:\/\/experienciadevida.com.ar\/portalurbano\/#website\"},\"datePublished\":\"2022-01-26T20:35:28+00:00\",\"dateModified\":\"2022-01-26T20:39:40+00:00\",\"breadcrumb\":{\"@id\":\"https:\/\/experienciadevida.com.ar\/portalurbano\/fallecieron-tres-pacientes-con-coronavirus-y-se-registraron-190-casos\/#breadcrumb\"},\"inLanguage\":\"es\",\"potentialAction\":[{\"@type\":\"ReadAction\",\"target\":[\"https:\/\/experienciadevida.com.ar\/portalurbano\/fallecieron-tres-pacientes-con-coronavirus-y-se-registraron-190-casos\/\"]}]},{\"@type\":\"BreadcrumbList\",\"@id\":\"https:\/\/experienciadevida.com.ar\/portalurbano\/fallecieron-tres-pacientes-con-coronavirus-y-se-registraron-190-casos\/#breadcrumb\",\"itemListElement\":[{\"@type\":\"ListItem\",\"position\":1,\"name\":\"Portada\",\"item\":\"https:\/\/experienciadevida.com.ar\/portalurbano\/\"},{\"@type\":\"ListItem\",\"position\":2,\"name\":\"Fallecieron tres pacientes con coronavirus y se registraron 190 casos positivos\"}]},{\"@type\":\"WebSite\",\"@id\":\"https:\/\/experienciadevida.com.ar\/portalurbano\/#website\",\"url\":\"https:\/\/experienciadevida.com.ar\/portalurbano\/\",\"name\":\"\",\"description\":\"\",\"publisher\":{\"@id\":\"https:\/\/experienciadevida.com.ar\/portalurbano\/#organization\"},\"potentialAction\":[{\"@type\":\"SearchAction\",\"target\":{\"@type\":\"EntryPoint\",\"urlTemplate\":\"https:\/\/experienciadevida.com.ar\/portalurbano\/?s={search_term_string}\"},\"query-input\":\"required name=search_term_string\"}],\"inLanguage\":\"es\"},{\"@type\":\"Organization\",\"@id\":\"https:\/\/experienciadevida.com.ar\/portalurbano\/#organization\",\"name\":\"Portal Urbano\",\"url\":\"https:\/\/experienciadevida.com.ar\/portalurbano\/\",\"logo\":{\"@type\":\"ImageObject\",\"inLanguage\":\"es\",\"@id\":\"https:\/\/experienciadevida.com.ar\/portalurbano\/#\/schema\/logo\/image\/\",\"url\":\"https:\/\/experienciadevida.com.ar\/portalurbano\/wp-content\/uploads\/2019\/09\/Logo-Original.png\",\"contentUrl\":\"https:\/\/experienciadevida.com.ar\/portalurbano\/wp-content\/uploads\/2019\/09\/Logo-Original.png\",\"width\":2236,\"height\":1216,\"caption\":\"Portal Urbano\"},\"image\":{\"@id\":\"https:\/\/experienciadevida.com.ar\/portalurbano\/#\/schema\/logo\/image\/\"},\"sameAs\":[\"https:\/\/www.facebook.com\/Portal-Urbano-171542830093757\/\",\"https:\/\/twitter.com\/portalurbanook\",\"https:\/\/www.instagram.com\/_portalurbano\/\",\"https:\/\/www.youtube.com\/channel\/UCXhagIfszH8KxFiOok79zbA?view_as=subscriber\"]},{\"@type\":\"Person\",\"@id\":\"https:\/\/experienciadevida.com.ar\/portalurbano\/#\/schema\/person\/02dd326b1c4b056e9cc972486934a3a7\",\"name\":\"admpu17wp\",\"image\":{\"@type\":\"ImageObject\",\"inLanguage\":\"es\",\"@id\":\"https:\/\/experienciadevida.com.ar\/portalurbano\/#\/schema\/person\/image\/\",\"url\":\"https:\/\/secure.gravatar.com\/avatar\/830d4c57adaae6630765e449a6908047?s=96&d=mm&r=g\",\"contentUrl\":\"https:\/\/secure.gravatar.com\/avatar\/830d4c57adaae6630765e449a6908047?s=96&d=mm&r=g\",\"caption\":\"admpu17wp\"}}]}<\/script>\n<!-- \/ Yoast SEO plugin. -->","yoast_head_json":{"title":"Fallecieron tres pacientes con coronavirus y se registraron 190 casos positivos -","robots":{"index":"index","follow":"follow","max-snippet":"max-snippet:-1","max-image-preview":"max-image-preview:large","max-video-preview":"max-video-preview:-1"},"canonical":"https:\/\/experienciadevida.com.ar\/portalurbano\/fallecieron-tres-pacientes-con-coronavirus-y-se-registraron-190-casos\/","og_locale":"es_ES","og_type":"article","og_title":"Fallecieron tres pacientes con coronavirus y se registraron 190 casos positivos -","og_description":"Fallecieron tres pacientes con coronavirus y se registraron 190 casos, as\u00ed lo informaron en el...","og_url":"https:\/\/experienciadevida.com.ar\/portalurbano\/fallecieron-tres-pacientes-con-coronavirus-y-se-registraron-190-casos\/","article_publisher":"https:\/\/www.facebook.com\/Portal-Urbano-171542830093757\/","article_published_time":"2022-01-26T20:35:28+00:00","article_modified_time":"2022-01-26T20:39:40+00:00","og_image":[{"width":750,"height":562,"url":"https:\/\/experienciadevida.com.ar\/portalurbano\/wp-content\/uploads\/2020\/09\/Salud-Guardia-Hospital-1-e1600639461545.jpg","type":"image\/jpeg"}],"author":"admpu17wp","twitter_card":"summary_large_image","twitter_creator":"@portalurbanook","twitter_site":"@portalurbanook","twitter_misc":{"Escrito por":"admpu17wp","Tiempo de lectura":"3 minutos"},"schema":{"@context":"https:\/\/schema.org","@graph":[{"@type":"Article","@id":"https:\/\/experienciadevida.com.ar\/portalurbano\/fallecieron-tres-pacientes-con-coronavirus-y-se-registraron-190-casos\/#article","isPartOf":{"@id":"https:\/\/experienciadevida.com.ar\/portalurbano\/fallecieron-tres-pacientes-con-coronavirus-y-se-registraron-190-casos\/"},"author":{"name":"admpu17wp","@id":"https:\/\/experienciadevida.com.ar\/portalurbano\/#\/schema\/person\/02dd326b1c4b056e9cc972486934a3a7"},"headline":"Fallecieron tres pacientes con coronavirus y se registraron 190 casos positivos","datePublished":"2022-01-26T20:35:28+00:00","dateModified":"2022-01-26T20:39:40+00:00","mainEntityOfPage":{"@id":"https:\/\/experienciadevida.com.ar\/portalurbano\/fallecieron-tres-pacientes-con-coronavirus-y-se-registraron-190-casos\/"},"wordCount":182,"publisher":{"@id":"https:\/\/experienciadevida.com.ar\/portalurbano\/#organization"},"articleSection":["Destacadas","Salud"],"inLanguage":"es"},{"@type":"WebPage","@id":"https:\/\/experienciadevida.com.ar\/portalurbano\/fallecieron-tres-pacientes-con-coronavirus-y-se-registraron-190-casos\/","url":"https:\/\/experienciadevida.com.ar\/portalurbano\/fallecieron-tres-pacientes-con-coronavirus-y-se-registraron-190-casos\/","name":"Fallecieron tres pacientes con coronavirus y se registraron 190 casos positivos -","isPartOf":{"@id":"https:\/\/experienciadevida.com.ar\/portalurbano\/#website"},"datePublished":"2022-01-26T20:35:28+00:00","dateModified":"2022-01-26T20:39:40+00:00","breadcrumb":{"@id":"https:\/\/experienciadevida.com.ar\/portalurbano\/fallecieron-tres-pacientes-con-coronavirus-y-se-registraron-190-casos\/#breadcrumb"},"inLanguage":"es","potentialAction":[{"@type":"ReadAction","target":["https:\/\/experienciadevida.com.ar\/portalurbano\/fallecieron-tres-pacientes-con-coronavirus-y-se-registraron-190-casos\/"]}]},{"@type":"BreadcrumbList","@id":"https:\/\/experienciadevida.com.ar\/portalurbano\/fallecieron-tres-pacientes-con-coronavirus-y-se-registraron-190-casos\/#breadcrumb","itemListElement":[{"@type":"ListItem","position":1,"name":"Portada","item":"https:\/\/experienciadevida.com.ar\/portalurbano\/"},{"@type":"ListItem","position":2,"name":"Fallecieron tres pacientes con coronavirus y se registraron 190 casos positivos"}]},{"@type":"WebSite","@id":"https:\/\/experienciadevida.com.ar\/portalurbano\/#website","url":"https:\/\/experienciadevida.com.ar\/portalurbano\/","name":"","description":"","publisher":{"@id":"https:\/\/experienciadevida.com.ar\/portalurbano\/#organization"},"potentialAction":[{"@type":"SearchAction","target":{"@type":"EntryPoint","urlTemplate":"https:\/\/experienciadevida.com.ar\/portalurbano\/?s={search_term_string}"},"query-input":"required name=search_term_string"}],"inLanguage":"es"},{"@type":"Organization","@id":"https:\/\/experienciadevida.com.ar\/portalurbano\/#organization","name":"Portal Urbano","url":"https:\/\/experienciadevida.com.ar\/portalurbano\/","logo":{"@type":"ImageObject","inLanguage":"es","@id":"https:\/\/experienciadevida.com.ar\/portalurbano\/#\/schema\/logo\/image\/","url":"https:\/\/experienciadevida.com.ar\/portalurbano\/wp-content\/uploads\/2019\/09\/Logo-Original.png","contentUrl":"https:\/\/experienciadevida.com.ar\/portalurbano\/wp-content\/uploads\/2019\/09\/Logo-Original.png","width":2236,"height":1216,"caption":"Portal Urbano"},"image":{"@id":"https:\/\/experienciadevida.com.ar\/portalurbano\/#\/schema\/logo\/image\/"},"sameAs":["https:\/\/www.facebook.com\/Portal-Urbano-171542830093757\/","https:\/\/twitter.com\/portalurbanook","https:\/\/www.instagram.com\/_portalurbano\/","https:\/\/www.youtube.com\/channel\/UCXhagIfszH8KxFiOok79zbA?view_as=subscriber"]},{"@type":"Person","@id":"https:\/\/experienciadevida.com.ar\/portalurbano\/#\/schema\/person\/02dd326b1c4b056e9cc972486934a3a7","name":"admpu17wp","image":{"@type":"ImageObject","inLanguage":"es","@id":"https:\/\/experienciadevida.com.ar\/portalurbano\/#\/schema\/person\/image\/","url":"https:\/\/secure.gravatar.com\/avatar\/830d4c57adaae6630765e449a6908047?s=96&d=mm&r=g","contentUrl":"https:\/\/secure.gravatar.com\/avatar\/830d4c57adaae6630765e449a6908047?s=96&d=mm&r=g","caption":"admpu17wp"}}]}},"featured_image_urls":{"full":["https:\/\/experienciadevida.com.ar\/portalurbano\/wp-content\/uploads\/2020\/09\/Salud-Guardia-Hospital-1-e1600639461545.jpg",750,562,false],"thumbnail":["https:\/\/experienciadevida.com.ar\/portalurbano\/wp-content\/uploads\/2020\/09\/Salud-Guardia-Hospital-1-150x150.jpg",150,150,true],"medium":["https:\/\/experienciadevida.com.ar\/portalurbano\/wp-content\/uploads\/2020\/09\/Salud-Guardia-Hospital-1-300x225.jpg",300,225,true],"medium_large":["https:\/\/experienciadevida.com.ar\/portalurbano\/wp-content\/uploads\/2020\/09\/Salud-Guardia-Hospital-1-768x576.jpg",640,480,true],"large":["https:\/\/experienciadevida.com.ar\/portalurbano\/wp-content\/uploads\/2020\/09\/Salud-Guardia-Hospital-1-e1600639461545.jpg",640,480,false],"ug_big":["https:\/\/experienciadevida.com.ar\/portalurbano\/wp-content\/uploads\/2020\/09\/Salud-Guardia-Hospital-1-768x576.jpg",768,576,true],"1536x1536":["https:\/\/experienciadevida.com.ar\/portalurbano\/wp-content\/uploads\/2020\/09\/Salud-Guardia-Hospital-1-e1600639461545.jpg",750,562,false],"2048x2048":["https:\/\/experienciadevida.com.ar\/portalurbano\/wp-content\/uploads\/2020\/09\/Salud-Guardia-Hospital-1-e1600639461545.jpg",750,562,false],"newsever-slider-full":["https:\/\/experienciadevida.com.ar\/portalurbano\/wp-content\/uploads\/2020\/09\/Salud-Guardia-Hospital-1-e1600639461545.jpg",750,562,false],"newsever-featured":["https:\/\/experienciadevida.com.ar\/portalurbano\/wp-content\/uploads\/2020\/09\/Salud-Guardia-Hospital-1-e1600639461545.jpg",750,562,false],"newsever-medium":["https:\/\/experienciadevida.com.ar\/portalurbano\/wp-content\/uploads\/2020\/09\/Salud-Guardia-Hospital-1-e1600639461545.jpg",634,475,false],"web-stories-poster-portrait":["https:\/\/experienciadevida.com.ar\/portalurbano\/wp-content\/uploads\/2020\/09\/Salud-Guardia-Hospital-1-e1600639461545.jpg",640,480,false],"web-stories-publisher-logo":["https:\/\/experienciadevida.com.ar\/portalurbano\/wp-content\/uploads\/2020\/09\/Salud-Guardia-Hospital-1-e1600639461545.jpg",96,72,false],"web-stories-thumbnail":["https:\/\/experienciadevida.com.ar\/portalurbano\/wp-content\/uploads\/2020\/09\/Salud-Guardia-Hospital-1-e1600639461545.jpg",150,112,false]},"author_info":{"display_name":"admpu17wp","author_link":"https:\/\/experienciadevida.com.ar\/portalurbano\/author\/admpu17wp\/"},"category_info":"<a href=\"https:\/\/experienciadevida.com.ar\/portalurbano\/category\/destacadas\/\" rel=\"category tag\">Destacadas<\/a> <a href=\"https:\/\/experienciadevida.com.ar\/portalurbano\/category\/ciudad\/salud\/\" rel=\"category tag\">Salud<\/a>","tag_info":"Salud","comment_count":"0","amp_enabled":true,"_links":{"self":[{"href":"https:\/\/experienciadevida.com.ar\/portalurbano\/wp-json\/wp\/v2\/posts\/160575"}],"collection":[{"href":"https:\/\/experienciadevida.com.ar\/portalurbano\/wp-json\/wp\/v2\/posts"}],"about":[{"href":"https:\/\/experienciadevida.com.ar\/portalurbano\/wp-json\/wp\/v2\/types\/post"}],"author":[{"embeddable":true,"href":"https:\/\/experienciadevida.com.ar\/portalurbano\/wp-json\/wp\/v2\/users\/1"}],"replies":[{"embeddable":true,"href":"https:\/\/experienciadevida.com.ar\/portalurbano\/wp-json\/wp\/v2\/comments?post=160575"}],"version-history":[{"count":4,"href":"https:\/\/experienciadevida.com.ar\/portalurbano\/wp-json\/wp\/v2\/posts\/160575\/revisions"}],"predecessor-version":[{"id":160587,"href":"https:\/\/experienciadevida.com.ar\/portalurbano\/wp-json\/wp\/v2\/posts\/160575\/revisions\/160587"}],"wp:featuredmedia":[{"embeddable":true,"href":"https:\/\/experienciadevida.com.ar\/portalurbano\/wp-json\/wp\/v2\/media\/121931"}],"wp:attachment":[{"href":"https:\/\/experienciadevida.com.ar\/portalurbano\/wp-json\/wp\/v2\/media?parent=160575"}],"wp:term":[{"taxonomy":"category","embeddable":true,"href":"https:\/\/experienciadevida.com.ar\/portalurbano\/wp-json\/wp\/v2\/categories?post=160575"},{"taxonomy":"post_tag","embeddable":true,"href":"https:\/\/experienciadevida.com.ar\/portalurbano\/wp-json\/wp\/v2\/tags?post=160575"}],"curies":[{"name":"wp","href":"https:\/\/api.w.org\/{rel}","templated":true}]}}