{"id":160561,"date":"2022-01-26T12:37:30","date_gmt":"2022-01-26T15:37:30","guid":{"rendered":"https:\/\/experienciadevida.com.ar\/portalurbano\/?p=160561"},"modified":"2022-01-26T12:42:53","modified_gmt":"2022-01-26T15:42:53","slug":"se-inauguro-la-nueva-estacion-de-bombeo-en-sierras-bayas","status":"publish","type":"post","link":"https:\/\/experienciadevida.com.ar\/portalurbano\/se-inauguro-la-nueva-estacion-de-bombeo-en-sierras-bayas\/","title":{"rendered":"Se inaugur\u00f3 la nueva estaci\u00f3n de Bombeo en Sierras Bayas"},"content":{"rendered":"<p>Se inaugur\u00f3 la nueva estaci\u00f3n de Bombeo en Sierras Bayas, de la misma particip\u00f3 el <a href=\"https:\/\/www.facebook.com\/galliezequiel\">Intendente <\/a>junto al presidente del Consejo de Administraci\u00f3n de Coopelectric Cruz Arouxet, la obra permitir\u00e1 mejorar sustancialmente el servicio sanitario y la calidad de vida de los vecinos de la localidad.<\/p>\n<p><a href=\"https:\/\/experienciadevida.com.ar\/portalurbano\/se-inauguro-la-nueva-estacion-de-bombeo-en-sierras-bayas\/se-inauguro-3\/\" rel=\"attachment wp-att-160565\"><img decoding=\"async\" class=\"alignnone size-large wp-image-160565\" src=\"https:\/\/experienciadevida.com.ar\/portalurbano\/wp-content\/uploads\/2022\/01\/Se-inauguro-1024x682.jpg\" alt=\"Se inaugur\u00f3 \" width=\"900\" height=\"599\" srcset=\"https:\/\/experienciadevida.com.ar\/portalurbano\/wp-content\/uploads\/2022\/01\/Se-inauguro-1024x682.jpg 1024w, https:\/\/experienciadevida.com.ar\/portalurbano\/wp-content\/uploads\/2022\/01\/Se-inauguro-300x200.jpg 300w, https:\/\/experienciadevida.com.ar\/portalurbano\/wp-content\/uploads\/2022\/01\/Se-inauguro-768x512.jpg 768w, https:\/\/experienciadevida.com.ar\/portalurbano\/wp-content\/uploads\/2022\/01\/Se-inauguro-1536x1024.jpg 1536w, https:\/\/experienciadevida.com.ar\/portalurbano\/wp-content\/uploads\/2022\/01\/Se-inauguro.jpg 1772w\" sizes=\"(max-width: 900px) 100vw, 900px\" \/><\/a><\/p>\n<p>La estaci\u00f3n -que se encuentra ubicada en la intersecci\u00f3n de Av. Centenario y Lagos- se construy\u00f3 con la finalidad de mejorar el abastecimiento en los sectores m\u00e1s altos de la localidad, especialmente durante los d\u00edas de mayor temperatura del verano cuando se incrementa la demanda del recurso.<\/p>\n<p>Consta de un tanque cisterna con una capacidad de 10.000 litros, alojado en una casilla, junto a dos bombas centr\u00edfugas con sensores de presi\u00f3n que permiten inyectar agua a la red.<\/p>\n<p>Durante los \u00faltimos meses se llevaron a cabo tareas de infraestructura, la instalaci\u00f3n del tanque, conexi\u00f3n de las ca\u00f1er\u00edas, colocaci\u00f3n de las bombas centrifugas, instalaci\u00f3n del tablero de control con sus respectivas protecciones, un ciclador para rotar el funcionamiento de las bombas y la conexi\u00f3n el\u00e9ctrica.<\/p>\n<p>Se inaugur\u00f3 la nueva estaci\u00f3n de Bombeo en Sierras Bayas, La factibilidad de la estaci\u00f3n de bombeo fue analizada y aprobada por la Comisi\u00f3n T\u00e9cnica que proyecta las obras a realizarse con el Fondo de Obras de Infraestructura que se recauda mediante la factura del Servicio Sanitario. La inversi\u00f3n realizada a trav\u00e9s del FOI fue de $ 4.211.605,00<\/p>\n<p>Al respecto, Cruz Arouxet destac\u00f3 \u201cpara nosotros es una alegr\u00eda inmensa poder estar hoy ac\u00e1, inaugurando esta estaci\u00f3n de bombeo que nos va a permitir brindar un mejor servicio a la localidad, cubriendo aquellas deficiencias que pod\u00edan encontrarse principalmente en los meses de diciembre y enero\u201d.<\/p>\n<p>\u201cYa hemos puesto en funcionamiento la estaci\u00f3n de bombeo y hemos realizado los ajustes necesarios y realmente es una alegr\u00eda enorme poder, a trav\u00e9s del Fondo de Obras de Infraestructura, dejar esta inversi\u00f3n en Sierras Bayas que supera los 4 millones de pesos\u201d, resalt\u00f3.<\/p>\n<p>Por su parte, el intendente Ezequiel Galli sostuvo que \u201ctodos los a\u00f1os nos sentamos a ver qu\u00e9 obras realizamos con el FOI, que se recauda mediante la factura de Obras Sanitarias. Realmente cre\u00edmos que esta obra era muy necesaria, particularmente para 12 manzanas de Sierras Bayas, donde se sufr\u00eda mucho la falta de presi\u00f3n en los d\u00edas de calor\u201d.<\/p>\n<p>Se inaugur\u00f3 la nueva estaci\u00f3n de Bombeo en Sierras Bayas, \u201cTransitamos hace algunos d\u00edas la peor ola de calor de los \u00faltimos tiempos, en toda la Argentina, y Olavarr\u00eda y Sierras Bayas no fueron la excepci\u00f3n, y realmente la obra tuvo su efecto y ayud\u00f3 para que estas 12 manzanas y tantas familias no sufran la falta de presi\u00f3n\u201d, asever\u00f3.<\/p>\n<p>\u201cCuando uno decide hacer una obra, lo que intenta hacer es mejorar la calidad de vida de los vecinos y este caso es un claro ejemplo\u201d, plante\u00f3.<\/p>\n<p>\u201cAs\u00ed que celebro haber tomado esa decisi\u00f3n, en conjunto con la Cooperativa, celebro que las familias no tengan problemas de presi\u00f3n y que podamos seguir realizando obras para mejorar la calidad del servicio. Esta es la clave, es lo m\u00e1s importante para nosotros\u201d, manifest\u00f3.<\/p>\n<p>\u201cComo dijo Cruz (Arouxet) espero que pronto podamos inaugurar otra obra en la localidad y en distintos puntos del Partido. Seguimos trabajando en la apertura de nuevos pozos para mejorar la presi\u00f3n en todo el Partido de Olavarr\u00eda, ya estamos evaluando hacer obras, y adem\u00e1s estamos liberando el servicio de cloacas en Loma Negra\u201d, agreg\u00f3.<\/p>\n<p>\u201cSe est\u00e1 haciendo un trabajo de mejor\u00eda de la calidad de vida de los vecinos, que para eso nos eligieron\u201d, concluy\u00f3 Galli.<\/p>\n<p>Durante la inauguraci\u00f3n, Ezequiel Galli estuvo acompa\u00f1ado por la presidente del HCD Cecilia <a href=\"https:\/\/www.instagram.com\/ceciliakrivochen\/?hl=es-la\">Krivochen<\/a>, el secretario de Gobierno Hilario <a href=\"https:\/\/www.instagram.com\/gallihilario\/?hl=es-la\">Galli<\/a>, el Consejero Municipal en Coopelectric Ferm\u00edn Ferreira, la gerente de Obras Sanitarias Nora Prieto, delegados de Coopelectric, funcionarios municipales, concejales, personal del servicio sanitario, representantes de instituciones de la comunidad y vecinos de la localidad.<\/p>\n<p><a href=\"https:\/\/experienciadevida.com.ar\/portalurbano\/se-inauguro-la-nueva-estacion-de-bombeo-en-sierras-bayas\/la-nueva\/\" rel=\"attachment wp-att-160566\"><img decoding=\"async\" class=\"alignnone size-large wp-image-160566\" src=\"https:\/\/experienciadevida.com.ar\/portalurbano\/wp-content\/uploads\/2022\/01\/la-nueva-1024x682.jpg\" alt=\"la nueva \" width=\"900\" height=\"599\" srcset=\"https:\/\/experienciadevida.com.ar\/portalurbano\/wp-content\/uploads\/2022\/01\/la-nueva-1024x682.jpg 1024w, https:\/\/experienciadevida.com.ar\/portalurbano\/wp-content\/uploads\/2022\/01\/la-nueva-300x200.jpg 300w, https:\/\/experienciadevida.com.ar\/portalurbano\/wp-content\/uploads\/2022\/01\/la-nueva-768x512.jpg 768w, https:\/\/experienciadevida.com.ar\/portalurbano\/wp-content\/uploads\/2022\/01\/la-nueva-1536x1024.jpg 1536w, https:\/\/experienciadevida.com.ar\/portalurbano\/wp-content\/uploads\/2022\/01\/la-nueva.jpg 1772w\" sizes=\"(max-width: 900px) 100vw, 900px\" \/><\/a><\/p>\n","protected":false},"excerpt":{"rendered":"<p>Se inaugur\u00f3 la nueva estaci\u00f3n de Bombeo en Sierras Bayas, de la misma particip\u00f3 el&#8230;<\/p>\n","protected":false},"author":1,"featured_media":160564,"comment_status":"closed","ping_status":"closed","sticky":false,"template":"","format":"standard","meta":{"content-type":""},"categories":[27,51],"tags":[],"nelio_content":{"isAutoShareEnabled":false,"autoShareEndMode":"default","automationSources":{"useContentSentences":true,"useSocialTemplates":true,"useCustomSentences":false,"customSentences":[]},"followers":[1],"suggestedReferences":[],"includedReferences":["https:\/\/www.instagram.com\/ceciliakrivochen\/?hl=es-la","https:\/\/www.instagram.com\/gallihilario\/?hl=es-la"],"efiUrl":"","efiAlt":"","highlights":[]},"yoast_head":"<!-- This site is optimized with the Yoast SEO plugin v20.7 - https:\/\/yoast.com\/wordpress\/plugins\/seo\/ -->\n<title>Se inaugur\u00f3 la nueva estaci\u00f3n de bombeo en Sierras Bayas<\/title>\n<meta name=\"description\" content=\"Se inaugur\u00f3 la nueva estaci\u00f3n de Bombeo en Sierras Bayas, de la misma particip\u00f3 el Intendente junto al presidente del Consejo\" \/>\n<meta name=\"robots\" content=\"index, follow, max-snippet:-1, max-image-preview:large, max-video-preview:-1\" \/>\n<link rel=\"canonical\" href=\"https:\/\/experienciadevida.com.ar\/portalurbano\/se-inauguro-la-nueva-estacion-de-bombeo-en-sierras-bayas\/\" \/>\n<meta property=\"og:locale\" content=\"es_ES\" \/>\n<meta property=\"og:type\" content=\"article\" \/>\n<meta property=\"og:title\" content=\"Se inaugur\u00f3 la nueva estaci\u00f3n de bombeo en Sierras Bayas\" \/>\n<meta property=\"og:description\" content=\"Se inaugur\u00f3 la nueva estaci\u00f3n de Bombeo en Sierras Bayas, de la misma particip\u00f3 el Intendente junto al presidente del Consejo\" \/>\n<meta property=\"og:url\" content=\"https:\/\/experienciadevida.com.ar\/portalurbano\/se-inauguro-la-nueva-estacion-de-bombeo-en-sierras-bayas\/\" \/>\n<meta property=\"article:publisher\" content=\"https:\/\/www.facebook.com\/Portal-Urbano-171542830093757\/\" \/>\n<meta property=\"article:published_time\" content=\"2022-01-26T15:37:30+00:00\" \/>\n<meta property=\"article:modified_time\" content=\"2022-01-26T15:42:53+00:00\" \/>\n<meta property=\"og:image\" content=\"https:\/\/experienciadevida.com.ar\/portalurbano\/wp-content\/uploads\/2022\/01\/Se-inauguro-la-nueva-1.jpg\" \/>\n\t<meta property=\"og:image:width\" content=\"1763\" \/>\n\t<meta property=\"og:image:height\" content=\"780\" \/>\n\t<meta property=\"og:image:type\" content=\"image\/jpeg\" \/>\n<meta name=\"author\" content=\"admpu17wp\" \/>\n<meta name=\"twitter:card\" content=\"summary_large_image\" \/>\n<meta name=\"twitter:creator\" content=\"@portalurbanook\" \/>\n<meta name=\"twitter:site\" content=\"@portalurbanook\" \/>\n<meta name=\"twitter:label1\" content=\"Escrito por\" \/>\n\t<meta name=\"twitter:data1\" content=\"admpu17wp\" \/>\n\t<meta name=\"twitter:label2\" content=\"Tiempo de lectura\" \/>\n\t<meta name=\"twitter:data2\" content=\"4 minutos\" \/>\n<script type=\"application\/ld+json\" class=\"yoast-schema-graph\">{\"@context\":\"https:\/\/schema.org\",\"@graph\":[{\"@type\":\"Article\",\"@id\":\"https:\/\/experienciadevida.com.ar\/portalurbano\/se-inauguro-la-nueva-estacion-de-bombeo-en-sierras-bayas\/#article\",\"isPartOf\":{\"@id\":\"https:\/\/experienciadevida.com.ar\/portalurbano\/se-inauguro-la-nueva-estacion-de-bombeo-en-sierras-bayas\/\"},\"author\":{\"name\":\"admpu17wp\",\"@id\":\"https:\/\/experienciadevida.com.ar\/portalurbano\/#\/schema\/person\/02dd326b1c4b056e9cc972486934a3a7\"},\"headline\":\"Se inaugur\u00f3 la nueva estaci\u00f3n de Bombeo en Sierras Bayas\",\"datePublished\":\"2022-01-26T15:37:30+00:00\",\"dateModified\":\"2022-01-26T15:42:53+00:00\",\"mainEntityOfPage\":{\"@id\":\"https:\/\/experienciadevida.com.ar\/portalurbano\/se-inauguro-la-nueva-estacion-de-bombeo-en-sierras-bayas\/\"},\"wordCount\":694,\"publisher\":{\"@id\":\"https:\/\/experienciadevida.com.ar\/portalurbano\/#organization\"},\"articleSection\":[\"Ciudad\",\"Destacadas\"],\"inLanguage\":\"es\"},{\"@type\":\"WebPage\",\"@id\":\"https:\/\/experienciadevida.com.ar\/portalurbano\/se-inauguro-la-nueva-estacion-de-bombeo-en-sierras-bayas\/\",\"url\":\"https:\/\/experienciadevida.com.ar\/portalurbano\/se-inauguro-la-nueva-estacion-de-bombeo-en-sierras-bayas\/\",\"name\":\"Se inaugur\u00f3 la nueva estaci\u00f3n de bombeo en Sierras Bayas\",\"isPartOf\":{\"@id\":\"https:\/\/experienciadevida.com.ar\/portalurbano\/#website\"},\"datePublished\":\"2022-01-26T15:37:30+00:00\",\"dateModified\":\"2022-01-26T15:42:53+00:00\",\"description\":\"Se inaugur\u00f3 la nueva estaci\u00f3n de Bombeo en Sierras Bayas, de la misma particip\u00f3 el Intendente junto al presidente del Consejo\",\"breadcrumb\":{\"@id\":\"https:\/\/experienciadevida.com.ar\/portalurbano\/se-inauguro-la-nueva-estacion-de-bombeo-en-sierras-bayas\/#breadcrumb\"},\"inLanguage\":\"es\",\"potentialAction\":[{\"@type\":\"ReadAction\",\"target\":[\"https:\/\/experienciadevida.com.ar\/portalurbano\/se-inauguro-la-nueva-estacion-de-bombeo-en-sierras-bayas\/\"]}]},{\"@type\":\"BreadcrumbList\",\"@id\":\"https:\/\/experienciadevida.com.ar\/portalurbano\/se-inauguro-la-nueva-estacion-de-bombeo-en-sierras-bayas\/#breadcrumb\",\"itemListElement\":[{\"@type\":\"ListItem\",\"position\":1,\"name\":\"Portada\",\"item\":\"https:\/\/experienciadevida.com.ar\/portalurbano\/\"},{\"@type\":\"ListItem\",\"position\":2,\"name\":\"Se inaugur\u00f3 la nueva estaci\u00f3n de Bombeo en Sierras Bayas\"}]},{\"@type\":\"WebSite\",\"@id\":\"https:\/\/experienciadevida.com.ar\/portalurbano\/#website\",\"url\":\"https:\/\/experienciadevida.com.ar\/portalurbano\/\",\"name\":\"\",\"description\":\"\",\"publisher\":{\"@id\":\"https:\/\/experienciadevida.com.ar\/portalurbano\/#organization\"},\"potentialAction\":[{\"@type\":\"SearchAction\",\"target\":{\"@type\":\"EntryPoint\",\"urlTemplate\":\"https:\/\/experienciadevida.com.ar\/portalurbano\/?s={search_term_string}\"},\"query-input\":\"required name=search_term_string\"}],\"inLanguage\":\"es\"},{\"@type\":\"Organization\",\"@id\":\"https:\/\/experienciadevida.com.ar\/portalurbano\/#organization\",\"name\":\"Portal Urbano\",\"url\":\"https:\/\/experienciadevida.com.ar\/portalurbano\/\",\"logo\":{\"@type\":\"ImageObject\",\"inLanguage\":\"es\",\"@id\":\"https:\/\/experienciadevida.com.ar\/portalurbano\/#\/schema\/logo\/image\/\",\"url\":\"https:\/\/experienciadevida.com.ar\/portalurbano\/wp-content\/uploads\/2019\/09\/Logo-Original.png\",\"contentUrl\":\"https:\/\/experienciadevida.com.ar\/portalurbano\/wp-content\/uploads\/2019\/09\/Logo-Original.png\",\"width\":2236,\"height\":1216,\"caption\":\"Portal Urbano\"},\"image\":{\"@id\":\"https:\/\/experienciadevida.com.ar\/portalurbano\/#\/schema\/logo\/image\/\"},\"sameAs\":[\"https:\/\/www.facebook.com\/Portal-Urbano-171542830093757\/\",\"https:\/\/twitter.com\/portalurbanook\",\"https:\/\/www.instagram.com\/_portalurbano\/\",\"https:\/\/www.youtube.com\/channel\/UCXhagIfszH8KxFiOok79zbA?view_as=subscriber\"]},{\"@type\":\"Person\",\"@id\":\"https:\/\/experienciadevida.com.ar\/portalurbano\/#\/schema\/person\/02dd326b1c4b056e9cc972486934a3a7\",\"name\":\"admpu17wp\",\"image\":{\"@type\":\"ImageObject\",\"inLanguage\":\"es\",\"@id\":\"https:\/\/experienciadevida.com.ar\/portalurbano\/#\/schema\/person\/image\/\",\"url\":\"https:\/\/secure.gravatar.com\/avatar\/830d4c57adaae6630765e449a6908047?s=96&d=mm&r=g\",\"contentUrl\":\"https:\/\/secure.gravatar.com\/avatar\/830d4c57adaae6630765e449a6908047?s=96&d=mm&r=g\",\"caption\":\"admpu17wp\"}}]}<\/script>\n<!-- \/ Yoast SEO plugin. -->","yoast_head_json":{"title":"Se inaugur\u00f3 la nueva estaci\u00f3n de bombeo en Sierras Bayas","description":"Se inaugur\u00f3 la nueva estaci\u00f3n de Bombeo en Sierras Bayas, de la misma particip\u00f3 el Intendente junto al presidente del Consejo","robots":{"index":"index","follow":"follow","max-snippet":"max-snippet:-1","max-image-preview":"max-image-preview:large","max-video-preview":"max-video-preview:-1"},"canonical":"https:\/\/experienciadevida.com.ar\/portalurbano\/se-inauguro-la-nueva-estacion-de-bombeo-en-sierras-bayas\/","og_locale":"es_ES","og_type":"article","og_title":"Se inaugur\u00f3 la nueva estaci\u00f3n de bombeo en Sierras Bayas","og_description":"Se inaugur\u00f3 la nueva estaci\u00f3n de Bombeo en Sierras Bayas, de la misma particip\u00f3 el Intendente junto al presidente del Consejo","og_url":"https:\/\/experienciadevida.com.ar\/portalurbano\/se-inauguro-la-nueva-estacion-de-bombeo-en-sierras-bayas\/","article_publisher":"https:\/\/www.facebook.com\/Portal-Urbano-171542830093757\/","article_published_time":"2022-01-26T15:37:30+00:00","article_modified_time":"2022-01-26T15:42:53+00:00","og_image":[{"width":1763,"height":780,"url":"https:\/\/experienciadevida.com.ar\/portalurbano\/wp-content\/uploads\/2022\/01\/Se-inauguro-la-nueva-1.jpg","type":"image\/jpeg"}],"author":"admpu17wp","twitter_card":"summary_large_image","twitter_creator":"@portalurbanook","twitter_site":"@portalurbanook","twitter_misc":{"Escrito por":"admpu17wp","Tiempo de lectura":"4 minutos"},"schema":{"@context":"https:\/\/schema.org","@graph":[{"@type":"Article","@id":"https:\/\/experienciadevida.com.ar\/portalurbano\/se-inauguro-la-nueva-estacion-de-bombeo-en-sierras-bayas\/#article","isPartOf":{"@id":"https:\/\/experienciadevida.com.ar\/portalurbano\/se-inauguro-la-nueva-estacion-de-bombeo-en-sierras-bayas\/"},"author":{"name":"admpu17wp","@id":"https:\/\/experienciadevida.com.ar\/portalurbano\/#\/schema\/person\/02dd326b1c4b056e9cc972486934a3a7"},"headline":"Se inaugur\u00f3 la nueva estaci\u00f3n de Bombeo en Sierras Bayas","datePublished":"2022-01-26T15:37:30+00:00","dateModified":"2022-01-26T15:42:53+00:00","mainEntityOfPage":{"@id":"https:\/\/experienciadevida.com.ar\/portalurbano\/se-inauguro-la-nueva-estacion-de-bombeo-en-sierras-bayas\/"},"wordCount":694,"publisher":{"@id":"https:\/\/experienciadevida.com.ar\/portalurbano\/#organization"},"articleSection":["Ciudad","Destacadas"],"inLanguage":"es"},{"@type":"WebPage","@id":"https:\/\/experienciadevida.com.ar\/portalurbano\/se-inauguro-la-nueva-estacion-de-bombeo-en-sierras-bayas\/","url":"https:\/\/experienciadevida.com.ar\/portalurbano\/se-inauguro-la-nueva-estacion-de-bombeo-en-sierras-bayas\/","name":"Se inaugur\u00f3 la nueva estaci\u00f3n de bombeo en Sierras Bayas","isPartOf":{"@id":"https:\/\/experienciadevida.com.ar\/portalurbano\/#website"},"datePublished":"2022-01-26T15:37:30+00:00","dateModified":"2022-01-26T15:42:53+00:00","description":"Se inaugur\u00f3 la nueva estaci\u00f3n de Bombeo en Sierras Bayas, de la misma particip\u00f3 el Intendente junto al presidente del Consejo","breadcrumb":{"@id":"https:\/\/experienciadevida.com.ar\/portalurbano\/se-inauguro-la-nueva-estacion-de-bombeo-en-sierras-bayas\/#breadcrumb"},"inLanguage":"es","potentialAction":[{"@type":"ReadAction","target":["https:\/\/experienciadevida.com.ar\/portalurbano\/se-inauguro-la-nueva-estacion-de-bombeo-en-sierras-bayas\/"]}]},{"@type":"BreadcrumbList","@id":"https:\/\/experienciadevida.com.ar\/portalurbano\/se-inauguro-la-nueva-estacion-de-bombeo-en-sierras-bayas\/#breadcrumb","itemListElement":[{"@type":"ListItem","position":1,"name":"Portada","item":"https:\/\/experienciadevida.com.ar\/portalurbano\/"},{"@type":"ListItem","position":2,"name":"Se inaugur\u00f3 la nueva estaci\u00f3n de Bombeo en Sierras Bayas"}]},{"@type":"WebSite","@id":"https:\/\/experienciadevida.com.ar\/portalurbano\/#website","url":"https:\/\/experienciadevida.com.ar\/portalurbano\/","name":"","description":"","publisher":{"@id":"https:\/\/experienciadevida.com.ar\/portalurbano\/#organization"},"potentialAction":[{"@type":"SearchAction","target":{"@type":"EntryPoint","urlTemplate":"https:\/\/experienciadevida.com.ar\/portalurbano\/?s={search_term_string}"},"query-input":"required name=search_term_string"}],"inLanguage":"es"},{"@type":"Organization","@id":"https:\/\/experienciadevida.com.ar\/portalurbano\/#organization","name":"Portal Urbano","url":"https:\/\/experienciadevida.com.ar\/portalurbano\/","logo":{"@type":"ImageObject","inLanguage":"es","@id":"https:\/\/experienciadevida.com.ar\/portalurbano\/#\/schema\/logo\/image\/","url":"https:\/\/experienciadevida.com.ar\/portalurbano\/wp-content\/uploads\/2019\/09\/Logo-Original.png","contentUrl":"https:\/\/experienciadevida.com.ar\/portalurbano\/wp-content\/uploads\/2019\/09\/Logo-Original.png","width":2236,"height":1216,"caption":"Portal Urbano"},"image":{"@id":"https:\/\/experienciadevida.com.ar\/portalurbano\/#\/schema\/logo\/image\/"},"sameAs":["https:\/\/www.facebook.com\/Portal-Urbano-171542830093757\/","https:\/\/twitter.com\/portalurbanook","https:\/\/www.instagram.com\/_portalurbano\/","https:\/\/www.youtube.com\/channel\/UCXhagIfszH8KxFiOok79zbA?view_as=subscriber"]},{"@type":"Person","@id":"https:\/\/experienciadevida.com.ar\/portalurbano\/#\/schema\/person\/02dd326b1c4b056e9cc972486934a3a7","name":"admpu17wp","image":{"@type":"ImageObject","inLanguage":"es","@id":"https:\/\/experienciadevida.com.ar\/portalurbano\/#\/schema\/person\/image\/","url":"https:\/\/secure.gravatar.com\/avatar\/830d4c57adaae6630765e449a6908047?s=96&d=mm&r=g","contentUrl":"https:\/\/secure.gravatar.com\/avatar\/830d4c57adaae6630765e449a6908047?s=96&d=mm&r=g","caption":"admpu17wp"}}]}},"featured_image_urls":{"full":["https:\/\/experienciadevida.com.ar\/portalurbano\/wp-content\/uploads\/2022\/01\/Se-inauguro-la-nueva-1.jpg",1763,780,false],"thumbnail":["https:\/\/experienciadevida.com.ar\/portalurbano\/wp-content\/uploads\/2022\/01\/Se-inauguro-la-nueva-1-150x150.jpg",150,150,true],"medium":["https:\/\/experienciadevida.com.ar\/portalurbano\/wp-content\/uploads\/2022\/01\/Se-inauguro-la-nueva-1-300x133.jpg",300,133,true],"medium_large":["https:\/\/experienciadevida.com.ar\/portalurbano\/wp-content\/uploads\/2022\/01\/Se-inauguro-la-nueva-1-768x340.jpg",640,283,true],"large":["https:\/\/experienciadevida.com.ar\/portalurbano\/wp-content\/uploads\/2022\/01\/Se-inauguro-la-nueva-1-1024x453.jpg",640,283,true],"ug_big":["https:\/\/experienciadevida.com.ar\/portalurbano\/wp-content\/uploads\/2022\/01\/Se-inauguro-la-nueva-1-768x340.jpg",768,340,true],"1536x1536":["https:\/\/experienciadevida.com.ar\/portalurbano\/wp-content\/uploads\/2022\/01\/Se-inauguro-la-nueva-1-1536x680.jpg",1536,680,true],"2048x2048":["https:\/\/experienciadevida.com.ar\/portalurbano\/wp-content\/uploads\/2022\/01\/Se-inauguro-la-nueva-1.jpg",1763,780,false],"newsever-slider-full":["https:\/\/experienciadevida.com.ar\/portalurbano\/wp-content\/uploads\/2022\/01\/Se-inauguro-la-nueva-1.jpg",1280,566,false],"newsever-featured":["https:\/\/experienciadevida.com.ar\/portalurbano\/wp-content\/uploads\/2022\/01\/Se-inauguro-la-nueva-1.jpg",1024,453,false],"newsever-medium":["https:\/\/experienciadevida.com.ar\/portalurbano\/wp-content\/uploads\/2022\/01\/Se-inauguro-la-nueva-1.jpg",720,319,false],"web-stories-poster-portrait":["https:\/\/experienciadevida.com.ar\/portalurbano\/wp-content\/uploads\/2022\/01\/Se-inauguro-la-nueva-1.jpg",640,283,false],"web-stories-publisher-logo":["https:\/\/experienciadevida.com.ar\/portalurbano\/wp-content\/uploads\/2022\/01\/Se-inauguro-la-nueva-1.jpg",96,42,false],"web-stories-thumbnail":["https:\/\/experienciadevida.com.ar\/portalurbano\/wp-content\/uploads\/2022\/01\/Se-inauguro-la-nueva-1.jpg",150,66,false]},"author_info":{"display_name":"admpu17wp","author_link":"https:\/\/experienciadevida.com.ar\/portalurbano\/author\/admpu17wp\/"},"category_info":"<a href=\"https:\/\/experienciadevida.com.ar\/portalurbano\/category\/ciudad\/\" rel=\"category tag\">Ciudad<\/a> <a href=\"https:\/\/experienciadevida.com.ar\/portalurbano\/category\/destacadas\/\" rel=\"category tag\">Destacadas<\/a>","tag_info":"Destacadas","comment_count":"0","amp_enabled":true,"_links":{"self":[{"href":"https:\/\/experienciadevida.com.ar\/portalurbano\/wp-json\/wp\/v2\/posts\/160561"}],"collection":[{"href":"https:\/\/experienciadevida.com.ar\/portalurbano\/wp-json\/wp\/v2\/posts"}],"about":[{"href":"https:\/\/experienciadevida.com.ar\/portalurbano\/wp-json\/wp\/v2\/types\/post"}],"author":[{"embeddable":true,"href":"https:\/\/experienciadevida.com.ar\/portalurbano\/wp-json\/wp\/v2\/users\/1"}],"replies":[{"embeddable":true,"href":"https:\/\/experienciadevida.com.ar\/portalurbano\/wp-json\/wp\/v2\/comments?post=160561"}],"version-history":[{"count":3,"href":"https:\/\/experienciadevida.com.ar\/portalurbano\/wp-json\/wp\/v2\/posts\/160561\/revisions"}],"predecessor-version":[{"id":160568,"href":"https:\/\/experienciadevida.com.ar\/portalurbano\/wp-json\/wp\/v2\/posts\/160561\/revisions\/160568"}],"wp:featuredmedia":[{"embeddable":true,"href":"https:\/\/experienciadevida.com.ar\/portalurbano\/wp-json\/wp\/v2\/media\/160564"}],"wp:attachment":[{"href":"https:\/\/experienciadevida.com.ar\/portalurbano\/wp-json\/wp\/v2\/media?parent=160561"}],"wp:term":[{"taxonomy":"category","embeddable":true,"href":"https:\/\/experienciadevida.com.ar\/portalurbano\/wp-json\/wp\/v2\/categories?post=160561"},{"taxonomy":"post_tag","embeddable":true,"href":"https:\/\/experienciadevida.com.ar\/portalurbano\/wp-json\/wp\/v2\/tags?post=160561"}],"curies":[{"name":"wp","href":"https:\/\/api.w.org\/{rel}","templated":true}]}}