{"id":160551,"date":"2022-01-26T11:18:07","date_gmt":"2022-01-26T14:18:07","guid":{"rendered":"https:\/\/experienciadevida.com.ar\/portalurbano\/?p=160551"},"modified":"2022-01-26T11:21:46","modified_gmt":"2022-01-26T14:21:46","slug":"municipio-incorpora-tres-camionetas-para-control-urbano-y-seguridad-vial","status":"publish","type":"post","link":"https:\/\/experienciadevida.com.ar\/portalurbano\/municipio-incorpora-tres-camionetas-para-control-urbano-y-seguridad-vial\/","title":{"rendered":"Municipio incorpora tres camionetas para Control Urbano y Seguridad Vial"},"content":{"rendered":"<p><a href=\"https:\/\/www.facebook.com\/municipiodeolavarria\">Municipio<\/a> incorpora tres camionetas para Control Urbano y Seguridad Vial, en la ma\u00f1ana de este mi\u00e9rcoles, en el Palacio San Mart\u00edn, se llev\u00f3 a cabo la apertura de la licitaci\u00f3n p\u00fablica para la compra de tres camionetas, que estar\u00e1n a disposici\u00f3n de las \u00e1reas de Control Urbano y Seguridad Vial, dependientes de la Subsecretar\u00eda de Seguridad.<\/p>\n<p>Se trata de tres veh\u00edculos del segmento camioneta pick up, doble cabina 0Km para cinco pasajeros, que se incorporar\u00e1n al parque vial automotor del Municipio, espec\u00edficamente para desempe\u00f1ar las diferentes tareas concernientes a la Direcci\u00f3n de Control Urbano.<\/p>\n<p>Dicha apertura fue encabezada por la directora de Licitaciones Pilar Ciardelli y representantes de las empresas oferentes. En la oportunidad se presentaron dos ofertas econ\u00f3micas de concesionarias locales, tal como se detalla a continuaci\u00f3n: en primer lugar Cityssan cotiz\u00f3 $17.7000, en tanto que Hauswagen Olavarr\u00eda present\u00f3 la suma total de $8.250.000, en concepto de tres camionetas 0Km. El presupuesto oficial fue fijado en la suma de $10.000.000.<\/p>\n<p>Este nuevo equipamiento se suma al parque automotor vial de la Municipalidad, de manera que permitir\u00e1 optimizar las distintas tareas que se desarrollan a diario, desde el punto de vista de la operatividad, lo que redundar\u00e1 en beneficio para la comunidad.<\/p>\n<p><a href=\"https:\/\/experienciadevida.com.ar\/portalurbano\/municipio-incorpora-tres-camionetas-para-control-urbano-y-seguridad-vial\/municipio-incorpora\/\" rel=\"attachment wp-att-160554\"><img decoding=\"async\" class=\"alignnone size-large wp-image-160554\" src=\"https:\/\/experienciadevida.com.ar\/portalurbano\/wp-content\/uploads\/2022\/01\/Municipio-incorpora-1024x682.jpg\" alt=\"Municipio \" width=\"900\" height=\"599\" srcset=\"https:\/\/experienciadevida.com.ar\/portalurbano\/wp-content\/uploads\/2022\/01\/Municipio-incorpora-1024x682.jpg 1024w, https:\/\/experienciadevida.com.ar\/portalurbano\/wp-content\/uploads\/2022\/01\/Municipio-incorpora-300x200.jpg 300w, https:\/\/experienciadevida.com.ar\/portalurbano\/wp-content\/uploads\/2022\/01\/Municipio-incorpora-768x512.jpg 768w, https:\/\/experienciadevida.com.ar\/portalurbano\/wp-content\/uploads\/2022\/01\/Municipio-incorpora-1536x1024.jpg 1536w, https:\/\/experienciadevida.com.ar\/portalurbano\/wp-content\/uploads\/2022\/01\/Municipio-incorpora.jpg 1772w\" sizes=\"(max-width: 900px) 100vw, 900px\" \/><\/a><\/p>\n","protected":false},"excerpt":{"rendered":"<p>Municipio incorpora tres camionetas para Control Urbano y Seguridad Vial, en la ma\u00f1ana de este&#8230;<\/p>\n","protected":false},"author":1,"featured_media":160552,"comment_status":"closed","ping_status":"closed","sticky":false,"template":"","format":"standard","meta":{"content-type":""},"categories":[27,64],"tags":[],"nelio_content":{"isAutoShareEnabled":false,"autoShareEndMode":"default","automationSources":{"useContentSentences":true,"useSocialTemplates":true,"useCustomSentences":false,"customSentences":[]},"followers":[1],"suggestedReferences":[],"includedReferences":[],"efiUrl":"","efiAlt":"","highlights":[]},"yoast_head":"<!-- This site is optimized with the Yoast SEO plugin v20.7 - https:\/\/yoast.com\/wordpress\/plugins\/seo\/ -->\n<title>Municipio incorpora tres camionetas para control urbano y seguridad<\/title>\n<meta name=\"description\" content=\"Municipio incorpora tres camionetas para Control Urbano y Seguridad Vial, en la ma\u00f1ana de este mi\u00e9rcoles, en el Palacio San Mart\u00edn,\" \/>\n<meta name=\"robots\" content=\"index, follow, max-snippet:-1, max-image-preview:large, max-video-preview:-1\" \/>\n<link rel=\"canonical\" href=\"https:\/\/experienciadevida.com.ar\/portalurbano\/municipio-incorpora-tres-camionetas-para-control-urbano-y-seguridad-vial\/\" \/>\n<meta property=\"og:locale\" content=\"es_ES\" \/>\n<meta property=\"og:type\" content=\"article\" \/>\n<meta property=\"og:title\" content=\"Municipio incorpora tres camionetas para control urbano y seguridad\" \/>\n<meta property=\"og:description\" content=\"Municipio incorpora tres camionetas para Control Urbano y Seguridad Vial, en la ma\u00f1ana de este mi\u00e9rcoles, en el Palacio San Mart\u00edn,\" \/>\n<meta property=\"og:url\" content=\"https:\/\/experienciadevida.com.ar\/portalurbano\/municipio-incorpora-tres-camionetas-para-control-urbano-y-seguridad-vial\/\" \/>\n<meta property=\"article:publisher\" content=\"https:\/\/www.facebook.com\/Portal-Urbano-171542830093757\/\" \/>\n<meta property=\"article:published_time\" content=\"2022-01-26T14:18:07+00:00\" \/>\n<meta property=\"article:modified_time\" content=\"2022-01-26T14:21:46+00:00\" \/>\n<meta property=\"og:image\" content=\"https:\/\/experienciadevida.com.ar\/portalurbano\/wp-content\/uploads\/2022\/01\/Municipio-incorpora-tres-camionetas.jpg\" \/>\n\t<meta property=\"og:image:width\" content=\"1772\" \/>\n\t<meta property=\"og:image:height\" content=\"1181\" \/>\n\t<meta property=\"og:image:type\" content=\"image\/jpeg\" \/>\n<meta name=\"author\" content=\"admpu17wp\" \/>\n<meta name=\"twitter:card\" content=\"summary_large_image\" \/>\n<meta name=\"twitter:creator\" content=\"@portalurbanook\" \/>\n<meta name=\"twitter:site\" content=\"@portalurbanook\" \/>\n<meta name=\"twitter:label1\" content=\"Escrito por\" \/>\n\t<meta name=\"twitter:data1\" content=\"admpu17wp\" \/>\n\t<meta name=\"twitter:label2\" content=\"Tiempo de lectura\" \/>\n\t<meta name=\"twitter:data2\" content=\"2 minutos\" \/>\n<script type=\"application\/ld+json\" class=\"yoast-schema-graph\">{\"@context\":\"https:\/\/schema.org\",\"@graph\":[{\"@type\":\"Article\",\"@id\":\"https:\/\/experienciadevida.com.ar\/portalurbano\/municipio-incorpora-tres-camionetas-para-control-urbano-y-seguridad-vial\/#article\",\"isPartOf\":{\"@id\":\"https:\/\/experienciadevida.com.ar\/portalurbano\/municipio-incorpora-tres-camionetas-para-control-urbano-y-seguridad-vial\/\"},\"author\":{\"name\":\"admpu17wp\",\"@id\":\"https:\/\/experienciadevida.com.ar\/portalurbano\/#\/schema\/person\/02dd326b1c4b056e9cc972486934a3a7\"},\"headline\":\"Municipio incorpora tres camionetas para Control Urbano y Seguridad Vial\",\"datePublished\":\"2022-01-26T14:18:07+00:00\",\"dateModified\":\"2022-01-26T14:21:46+00:00\",\"mainEntityOfPage\":{\"@id\":\"https:\/\/experienciadevida.com.ar\/portalurbano\/municipio-incorpora-tres-camionetas-para-control-urbano-y-seguridad-vial\/\"},\"wordCount\":225,\"publisher\":{\"@id\":\"https:\/\/experienciadevida.com.ar\/portalurbano\/#organization\"},\"articleSection\":[\"Ciudad\",\"Destacadas 2\"],\"inLanguage\":\"es\"},{\"@type\":\"WebPage\",\"@id\":\"https:\/\/experienciadevida.com.ar\/portalurbano\/municipio-incorpora-tres-camionetas-para-control-urbano-y-seguridad-vial\/\",\"url\":\"https:\/\/experienciadevida.com.ar\/portalurbano\/municipio-incorpora-tres-camionetas-para-control-urbano-y-seguridad-vial\/\",\"name\":\"Municipio incorpora tres camionetas para control urbano y seguridad\",\"isPartOf\":{\"@id\":\"https:\/\/experienciadevida.com.ar\/portalurbano\/#website\"},\"datePublished\":\"2022-01-26T14:18:07+00:00\",\"dateModified\":\"2022-01-26T14:21:46+00:00\",\"description\":\"Municipio incorpora tres camionetas para Control Urbano y Seguridad Vial, en la ma\u00f1ana de este mi\u00e9rcoles, en el Palacio San Mart\u00edn,\",\"breadcrumb\":{\"@id\":\"https:\/\/experienciadevida.com.ar\/portalurbano\/municipio-incorpora-tres-camionetas-para-control-urbano-y-seguridad-vial\/#breadcrumb\"},\"inLanguage\":\"es\",\"potentialAction\":[{\"@type\":\"ReadAction\",\"target\":[\"https:\/\/experienciadevida.com.ar\/portalurbano\/municipio-incorpora-tres-camionetas-para-control-urbano-y-seguridad-vial\/\"]}]},{\"@type\":\"BreadcrumbList\",\"@id\":\"https:\/\/experienciadevida.com.ar\/portalurbano\/municipio-incorpora-tres-camionetas-para-control-urbano-y-seguridad-vial\/#breadcrumb\",\"itemListElement\":[{\"@type\":\"ListItem\",\"position\":1,\"name\":\"Portada\",\"item\":\"https:\/\/experienciadevida.com.ar\/portalurbano\/\"},{\"@type\":\"ListItem\",\"position\":2,\"name\":\"Municipio incorpora tres camionetas para Control Urbano y Seguridad Vial\"}]},{\"@type\":\"WebSite\",\"@id\":\"https:\/\/experienciadevida.com.ar\/portalurbano\/#website\",\"url\":\"https:\/\/experienciadevida.com.ar\/portalurbano\/\",\"name\":\"\",\"description\":\"\",\"publisher\":{\"@id\":\"https:\/\/experienciadevida.com.ar\/portalurbano\/#organization\"},\"potentialAction\":[{\"@type\":\"SearchAction\",\"target\":{\"@type\":\"EntryPoint\",\"urlTemplate\":\"https:\/\/experienciadevida.com.ar\/portalurbano\/?s={search_term_string}\"},\"query-input\":\"required name=search_term_string\"}],\"inLanguage\":\"es\"},{\"@type\":\"Organization\",\"@id\":\"https:\/\/experienciadevida.com.ar\/portalurbano\/#organization\",\"name\":\"Portal Urbano\",\"url\":\"https:\/\/experienciadevida.com.ar\/portalurbano\/\",\"logo\":{\"@type\":\"ImageObject\",\"inLanguage\":\"es\",\"@id\":\"https:\/\/experienciadevida.com.ar\/portalurbano\/#\/schema\/logo\/image\/\",\"url\":\"https:\/\/experienciadevida.com.ar\/portalurbano\/wp-content\/uploads\/2019\/09\/Logo-Original.png\",\"contentUrl\":\"https:\/\/experienciadevida.com.ar\/portalurbano\/wp-content\/uploads\/2019\/09\/Logo-Original.png\",\"width\":2236,\"height\":1216,\"caption\":\"Portal Urbano\"},\"image\":{\"@id\":\"https:\/\/experienciadevida.com.ar\/portalurbano\/#\/schema\/logo\/image\/\"},\"sameAs\":[\"https:\/\/www.facebook.com\/Portal-Urbano-171542830093757\/\",\"https:\/\/twitter.com\/portalurbanook\",\"https:\/\/www.instagram.com\/_portalurbano\/\",\"https:\/\/www.youtube.com\/channel\/UCXhagIfszH8KxFiOok79zbA?view_as=subscriber\"]},{\"@type\":\"Person\",\"@id\":\"https:\/\/experienciadevida.com.ar\/portalurbano\/#\/schema\/person\/02dd326b1c4b056e9cc972486934a3a7\",\"name\":\"admpu17wp\",\"image\":{\"@type\":\"ImageObject\",\"inLanguage\":\"es\",\"@id\":\"https:\/\/experienciadevida.com.ar\/portalurbano\/#\/schema\/person\/image\/\",\"url\":\"https:\/\/secure.gravatar.com\/avatar\/830d4c57adaae6630765e449a6908047?s=96&d=mm&r=g\",\"contentUrl\":\"https:\/\/secure.gravatar.com\/avatar\/830d4c57adaae6630765e449a6908047?s=96&d=mm&r=g\",\"caption\":\"admpu17wp\"}}]}<\/script>\n<!-- \/ Yoast SEO plugin. -->","yoast_head_json":{"title":"Municipio incorpora tres camionetas para control urbano y seguridad","description":"Municipio incorpora tres camionetas para Control Urbano y Seguridad Vial, en la ma\u00f1ana de este mi\u00e9rcoles, en el Palacio San Mart\u00edn,","robots":{"index":"index","follow":"follow","max-snippet":"max-snippet:-1","max-image-preview":"max-image-preview:large","max-video-preview":"max-video-preview:-1"},"canonical":"https:\/\/experienciadevida.com.ar\/portalurbano\/municipio-incorpora-tres-camionetas-para-control-urbano-y-seguridad-vial\/","og_locale":"es_ES","og_type":"article","og_title":"Municipio incorpora tres camionetas para control urbano y seguridad","og_description":"Municipio incorpora tres camionetas para Control Urbano y Seguridad Vial, en la ma\u00f1ana de este mi\u00e9rcoles, en el Palacio San Mart\u00edn,","og_url":"https:\/\/experienciadevida.com.ar\/portalurbano\/municipio-incorpora-tres-camionetas-para-control-urbano-y-seguridad-vial\/","article_publisher":"https:\/\/www.facebook.com\/Portal-Urbano-171542830093757\/","article_published_time":"2022-01-26T14:18:07+00:00","article_modified_time":"2022-01-26T14:21:46+00:00","og_image":[{"width":1772,"height":1181,"url":"https:\/\/experienciadevida.com.ar\/portalurbano\/wp-content\/uploads\/2022\/01\/Municipio-incorpora-tres-camionetas.jpg","type":"image\/jpeg"}],"author":"admpu17wp","twitter_card":"summary_large_image","twitter_creator":"@portalurbanook","twitter_site":"@portalurbanook","twitter_misc":{"Escrito por":"admpu17wp","Tiempo de lectura":"2 minutos"},"schema":{"@context":"https:\/\/schema.org","@graph":[{"@type":"Article","@id":"https:\/\/experienciadevida.com.ar\/portalurbano\/municipio-incorpora-tres-camionetas-para-control-urbano-y-seguridad-vial\/#article","isPartOf":{"@id":"https:\/\/experienciadevida.com.ar\/portalurbano\/municipio-incorpora-tres-camionetas-para-control-urbano-y-seguridad-vial\/"},"author":{"name":"admpu17wp","@id":"https:\/\/experienciadevida.com.ar\/portalurbano\/#\/schema\/person\/02dd326b1c4b056e9cc972486934a3a7"},"headline":"Municipio incorpora tres camionetas para Control Urbano y Seguridad Vial","datePublished":"2022-01-26T14:18:07+00:00","dateModified":"2022-01-26T14:21:46+00:00","mainEntityOfPage":{"@id":"https:\/\/experienciadevida.com.ar\/portalurbano\/municipio-incorpora-tres-camionetas-para-control-urbano-y-seguridad-vial\/"},"wordCount":225,"publisher":{"@id":"https:\/\/experienciadevida.com.ar\/portalurbano\/#organization"},"articleSection":["Ciudad","Destacadas 2"],"inLanguage":"es"},{"@type":"WebPage","@id":"https:\/\/experienciadevida.com.ar\/portalurbano\/municipio-incorpora-tres-camionetas-para-control-urbano-y-seguridad-vial\/","url":"https:\/\/experienciadevida.com.ar\/portalurbano\/municipio-incorpora-tres-camionetas-para-control-urbano-y-seguridad-vial\/","name":"Municipio incorpora tres camionetas para control urbano y seguridad","isPartOf":{"@id":"https:\/\/experienciadevida.com.ar\/portalurbano\/#website"},"datePublished":"2022-01-26T14:18:07+00:00","dateModified":"2022-01-26T14:21:46+00:00","description":"Municipio incorpora tres camionetas para Control Urbano y Seguridad Vial, en la ma\u00f1ana de este mi\u00e9rcoles, en el Palacio San Mart\u00edn,","breadcrumb":{"@id":"https:\/\/experienciadevida.com.ar\/portalurbano\/municipio-incorpora-tres-camionetas-para-control-urbano-y-seguridad-vial\/#breadcrumb"},"inLanguage":"es","potentialAction":[{"@type":"ReadAction","target":["https:\/\/experienciadevida.com.ar\/portalurbano\/municipio-incorpora-tres-camionetas-para-control-urbano-y-seguridad-vial\/"]}]},{"@type":"BreadcrumbList","@id":"https:\/\/experienciadevida.com.ar\/portalurbano\/municipio-incorpora-tres-camionetas-para-control-urbano-y-seguridad-vial\/#breadcrumb","itemListElement":[{"@type":"ListItem","position":1,"name":"Portada","item":"https:\/\/experienciadevida.com.ar\/portalurbano\/"},{"@type":"ListItem","position":2,"name":"Municipio incorpora tres camionetas para Control Urbano y Seguridad Vial"}]},{"@type":"WebSite","@id":"https:\/\/experienciadevida.com.ar\/portalurbano\/#website","url":"https:\/\/experienciadevida.com.ar\/portalurbano\/","name":"","description":"","publisher":{"@id":"https:\/\/experienciadevida.com.ar\/portalurbano\/#organization"},"potentialAction":[{"@type":"SearchAction","target":{"@type":"EntryPoint","urlTemplate":"https:\/\/experienciadevida.com.ar\/portalurbano\/?s={search_term_string}"},"query-input":"required name=search_term_string"}],"inLanguage":"es"},{"@type":"Organization","@id":"https:\/\/experienciadevida.com.ar\/portalurbano\/#organization","name":"Portal Urbano","url":"https:\/\/experienciadevida.com.ar\/portalurbano\/","logo":{"@type":"ImageObject","inLanguage":"es","@id":"https:\/\/experienciadevida.com.ar\/portalurbano\/#\/schema\/logo\/image\/","url":"https:\/\/experienciadevida.com.ar\/portalurbano\/wp-content\/uploads\/2019\/09\/Logo-Original.png","contentUrl":"https:\/\/experienciadevida.com.ar\/portalurbano\/wp-content\/uploads\/2019\/09\/Logo-Original.png","width":2236,"height":1216,"caption":"Portal Urbano"},"image":{"@id":"https:\/\/experienciadevida.com.ar\/portalurbano\/#\/schema\/logo\/image\/"},"sameAs":["https:\/\/www.facebook.com\/Portal-Urbano-171542830093757\/","https:\/\/twitter.com\/portalurbanook","https:\/\/www.instagram.com\/_portalurbano\/","https:\/\/www.youtube.com\/channel\/UCXhagIfszH8KxFiOok79zbA?view_as=subscriber"]},{"@type":"Person","@id":"https:\/\/experienciadevida.com.ar\/portalurbano\/#\/schema\/person\/02dd326b1c4b056e9cc972486934a3a7","name":"admpu17wp","image":{"@type":"ImageObject","inLanguage":"es","@id":"https:\/\/experienciadevida.com.ar\/portalurbano\/#\/schema\/person\/image\/","url":"https:\/\/secure.gravatar.com\/avatar\/830d4c57adaae6630765e449a6908047?s=96&d=mm&r=g","contentUrl":"https:\/\/secure.gravatar.com\/avatar\/830d4c57adaae6630765e449a6908047?s=96&d=mm&r=g","caption":"admpu17wp"}}]}},"featured_image_urls":{"full":["https:\/\/experienciadevida.com.ar\/portalurbano\/wp-content\/uploads\/2022\/01\/Municipio-incorpora-tres-camionetas.jpg",1772,1181,false],"thumbnail":["https:\/\/experienciadevida.com.ar\/portalurbano\/wp-content\/uploads\/2022\/01\/Municipio-incorpora-tres-camionetas-150x150.jpg",150,150,true],"medium":["https:\/\/experienciadevida.com.ar\/portalurbano\/wp-content\/uploads\/2022\/01\/Municipio-incorpora-tres-camionetas-300x200.jpg",300,200,true],"medium_large":["https:\/\/experienciadevida.com.ar\/portalurbano\/wp-content\/uploads\/2022\/01\/Municipio-incorpora-tres-camionetas-768x512.jpg",640,427,true],"large":["https:\/\/experienciadevida.com.ar\/portalurbano\/wp-content\/uploads\/2022\/01\/Municipio-incorpora-tres-camionetas-1024x682.jpg",640,426,true],"ug_big":["https:\/\/experienciadevida.com.ar\/portalurbano\/wp-content\/uploads\/2022\/01\/Municipio-incorpora-tres-camionetas-768x512.jpg",768,512,true],"1536x1536":["https:\/\/experienciadevida.com.ar\/portalurbano\/wp-content\/uploads\/2022\/01\/Municipio-incorpora-tres-camionetas-1536x1024.jpg",1536,1024,true],"2048x2048":["https:\/\/experienciadevida.com.ar\/portalurbano\/wp-content\/uploads\/2022\/01\/Municipio-incorpora-tres-camionetas.jpg",1772,1181,false],"newsever-slider-full":["https:\/\/experienciadevida.com.ar\/portalurbano\/wp-content\/uploads\/2022\/01\/Municipio-incorpora-tres-camionetas.jpg",1268,845,false],"newsever-featured":["https:\/\/experienciadevida.com.ar\/portalurbano\/wp-content\/uploads\/2022\/01\/Municipio-incorpora-tres-camionetas.jpg",1024,682,false],"newsever-medium":["https:\/\/experienciadevida.com.ar\/portalurbano\/wp-content\/uploads\/2022\/01\/Municipio-incorpora-tres-camionetas.jpg",713,475,false],"web-stories-poster-portrait":["https:\/\/experienciadevida.com.ar\/portalurbano\/wp-content\/uploads\/2022\/01\/Municipio-incorpora-tres-camionetas.jpg",640,427,false],"web-stories-publisher-logo":["https:\/\/experienciadevida.com.ar\/portalurbano\/wp-content\/uploads\/2022\/01\/Municipio-incorpora-tres-camionetas.jpg",96,64,false],"web-stories-thumbnail":["https:\/\/experienciadevida.com.ar\/portalurbano\/wp-content\/uploads\/2022\/01\/Municipio-incorpora-tres-camionetas.jpg",150,100,false]},"author_info":{"display_name":"admpu17wp","author_link":"https:\/\/experienciadevida.com.ar\/portalurbano\/author\/admpu17wp\/"},"category_info":"<a href=\"https:\/\/experienciadevida.com.ar\/portalurbano\/category\/ciudad\/\" rel=\"category tag\">Ciudad<\/a> <a href=\"https:\/\/experienciadevida.com.ar\/portalurbano\/category\/destacadas-2\/\" rel=\"category tag\">Destacadas 2<\/a>","tag_info":"Destacadas 2","comment_count":"0","amp_enabled":true,"_links":{"self":[{"href":"https:\/\/experienciadevida.com.ar\/portalurbano\/wp-json\/wp\/v2\/posts\/160551"}],"collection":[{"href":"https:\/\/experienciadevida.com.ar\/portalurbano\/wp-json\/wp\/v2\/posts"}],"about":[{"href":"https:\/\/experienciadevida.com.ar\/portalurbano\/wp-json\/wp\/v2\/types\/post"}],"author":[{"embeddable":true,"href":"https:\/\/experienciadevida.com.ar\/portalurbano\/wp-json\/wp\/v2\/users\/1"}],"replies":[{"embeddable":true,"href":"https:\/\/experienciadevida.com.ar\/portalurbano\/wp-json\/wp\/v2\/comments?post=160551"}],"version-history":[{"count":3,"href":"https:\/\/experienciadevida.com.ar\/portalurbano\/wp-json\/wp\/v2\/posts\/160551\/revisions"}],"predecessor-version":[{"id":160556,"href":"https:\/\/experienciadevida.com.ar\/portalurbano\/wp-json\/wp\/v2\/posts\/160551\/revisions\/160556"}],"wp:featuredmedia":[{"embeddable":true,"href":"https:\/\/experienciadevida.com.ar\/portalurbano\/wp-json\/wp\/v2\/media\/160552"}],"wp:attachment":[{"href":"https:\/\/experienciadevida.com.ar\/portalurbano\/wp-json\/wp\/v2\/media?parent=160551"}],"wp:term":[{"taxonomy":"category","embeddable":true,"href":"https:\/\/experienciadevida.com.ar\/portalurbano\/wp-json\/wp\/v2\/categories?post=160551"},{"taxonomy":"post_tag","embeddable":true,"href":"https:\/\/experienciadevida.com.ar\/portalurbano\/wp-json\/wp\/v2\/tags?post=160551"}],"curies":[{"name":"wp","href":"https:\/\/api.w.org\/{rel}","templated":true}]}}