{"id":160536,"date":"2022-01-26T09:40:20","date_gmt":"2022-01-26T12:40:20","guid":{"rendered":"https:\/\/experienciadevida.com.ar\/portalurbano\/?p=160536"},"modified":"2022-01-26T09:42:12","modified_gmt":"2022-01-26T12:42:12","slug":"26-de-enero-dia-mundial-de-la-educacion-ambiental","status":"publish","type":"post","link":"https:\/\/experienciadevida.com.ar\/portalurbano\/26-de-enero-dia-mundial-de-la-educacion-ambiental\/","title":{"rendered":"26 de enero: D\u00eda Mundial de la Educaci\u00f3n Ambiental"},"content":{"rendered":"<p>26 de enero: D\u00eda Mundial de la Educaci\u00f3n Ambiental, tiene su origen en 1972, a\u00f1o en el que se celebr\u00f3 la Conferencia de las Naciones Unidas para el Medio Ambiente en la ciudad de Estocolmo, Suecia, y se firm\u00f3 la Carta de Belgrado, que fue publicada en 1975.<\/p>\n<p>All\u00ed se expresaban los principales lineamientos de la Educaci\u00f3n Ambiental y se determin\u00f3 que como una instancia fundamental para impulsar la conciencia ciudadana sobre el cuidado del ambiente.<\/p>\n<p>El Bioparque Municipal \u201cLa M\u00e1xima\u201d, a trav\u00e9s del Departamento de Educaci\u00f3n Ambiental desarrolla distintos programas educativos, que toman a la educaci\u00f3n ambiental como estrategia para la conservaci\u00f3n de la biodiversidad.<\/p>\n<p>\u201cEntendemos que la educaci\u00f3n ambiental es una educaci\u00f3n basada en la creatividad, tiene un enfoque pol\u00edtico, social, problematizador, dial\u00f3gico, vinculante, interdisciplinario, comunitario, humanista, \u00e9tico e integral que nos invita a la acci\u00f3n a trav\u00e9s de nuestras vivencias, descubrimientos y emociones\u201d, sostiene Flavio Maldonado.<\/p>\n<p>\u201cLa educaci\u00f3n ambiental es la base del cambio cultural que la sociedad debe llevar adelante, los actuales sistemas de producci\u00f3n y consumo han llevado a una situaci\u00f3n cr\u00edtica en t\u00e9rminos ambientales, sociales y culturales y por tratarse de situaciones que afectan a toda la sociedad, necesitamos de perspectivas de soluci\u00f3n integrales, innovadoras y creativas, por ello, convocamos a todos los actores del sistema educativo formal y no formal a trabajar juntos para construir un planeta en el cual el ser humano se desarrolle en armon\u00eda con la naturaleza\u201d, agrega.<\/p>\n<p>Desde el Bioparque se desarrollan diversos ejes para fomentar la educaci\u00f3n ambiental en las escuelas y en la educaci\u00f3n no formal. Durante el a\u00f1o se llevar\u00e1n adelante diferentes actividades y acciones en alianza con instituciones educativa, ONGs, grupos de acci\u00f3n ambiental, entre otros, en el marco de ODS 17 \u201cAlianzas para lograr los Objetivos\u201d.<\/p>\n<p>En este sentido, se convoca a interesados en sumarse y\/o presentar proyectos en:<\/p>\n<p>Educaci\u00f3n ambiental en y para la naturaleza: para poder conocer y valorar el rico patrimonio natural que nos rodea. Para re-encontrarnos con los otros habitantes de este mundo, apelando al desarrollo de los sentidos, a la percepci\u00f3n ambiental y al contacto directo con el mundo natural.<br \/>\nEducaci\u00f3n ambiental y salud:con el fin de pensar las implicancias de un ambiente sano en la salud, y viceversa. Abordamos acciones y actividades que en el marco de lo individual minimicen o eviten la propagaci\u00f3n de enfermedades y colaboren con la buena salud de la poblaci\u00f3n.<br \/>\nEducaci\u00f3n ambiental en valores:con el objetivo general de fomentar el respeto entre todas las especies (incluyendo la nuestra), promoviendo la solidaridad y buscando la valoraci\u00f3n del pluralismo y la diversidad. Este respeto favorece a la conservaci\u00f3n del ambiente. Promovemos acciones de voluntariado, de planteamiento de conflictos y distintas metodolog\u00edas did\u00e1cticas de reflexi\u00f3n para la conservaci\u00f3n y sensibilizaci\u00f3n ambiental.<br \/>\nEducaci\u00f3n ambiental por la cultura: con actividades para poner en valor el arte, a trav\u00e9s de dibujos, fotograf\u00edas, poes\u00eda, m\u00fasica, artes pl\u00e1sticas en todas sus formas se puede tomar un contacto directo con la naturaleza y el ambiente circundante, incluyendo el desarrollo de los sentidos y propiciando que cada sujeto pueda expresarse seg\u00fan sus propias capacidades, intereses y aptitudes.<br \/>\nEducaci\u00f3n ambiental y consumo:implica tomar conciencia de la imperiosa necesidad de un cambio en la forma de consumir para garantizar los procesos esenciales de la naturaleza para las futuras generaciones. Las actividades proponen analizar esta problem\u00e1tica que entra en permanente conflicto con valores de la sociedad de consumo<br \/>\nTodas estas acciones est\u00e1n fundamentadas en la Ley de Educaci\u00f3n Ambiental Integral, que intenta promover e incorporar los nuevos paradigmas de la sostenibilidad a los \u00e1mbitos de la educaci\u00f3n formal y no formal<\/p>\n<p>Se busca implementar una pol\u00edtica p\u00fablica enmarcada en la Estrategia Nacional de Educaci\u00f3n Ambiental Integral (ENEAI) con el fin de territorializar la educaci\u00f3n ambiental mediante acciones en el corto, mediano y largo plazo.<\/p>\n<p>La educaci\u00f3n ambiental y los ODS<\/p>\n<p>La educaci\u00f3n ambiental es transversal y brinda sustento a los a los 17 Objetivos de Desarrollo Sostenible propuestos por Naciones Unidas. Esto se da tanto de manera directa, como ocurre en los objetivos 1, 4, 6, 7, 11, 12 y 13, como tambi\u00e9n de forma indirecta en el resto de los objetivos o metas.<\/p>\n<p>La implementaci\u00f3n de la ENEAI a nivel territorial, provincial y municipal es un aporte del pa\u00eds para lograr las metas propuestas en los 17 ODS y en particular responde de manera directa a la meta 7 del Objetivo 4: \u201cDe aqu\u00ed a 2030, asegurar que todos los alumnos adquieran los conocimientos te\u00f3ricos y pr\u00e1cticos necesarios para promover el desarrollo sostenible, entre otras cosas mediante la educaci\u00f3n para el desarrollo sostenible y los estilos de vida sostenibles, los derechos humanos, la igualdad de g\u00e9nero, la promoci\u00f3n de una cultura de paz y no violencia, la ciudadan\u00eda mundial y la valoraci\u00f3n de la diversidad cultural y la contribuci\u00f3n de la cultura al desarrollo sostenible\u201d, como as\u00ed tambi\u00e9n a \u201cgarantizar una educaci\u00f3n inclusiva, equitativa y de calidad y promover oportunidades de aprendizaje durante toda la vida para todos\u201d.<\/p>\n<p>Contacto<\/p>\n<p>Por mayor informaci\u00f3n y\/o consultas sobre los programas y actividades, los interesados podr\u00e1n contactarse con los equipos del Departamento de Educaci\u00f3n Ambiental a trav\u00e9s de educaci\u00f3n.lamaxima@olavarria.gov.ar, o del Bioparque a parquelamaxima@olavarria.gov.ar, que tambi\u00e9n est\u00e1 en Facebook como @bioparquelamaximaoficial<\/p>\n","protected":false},"excerpt":{"rendered":"<p>26 de enero: D\u00eda Mundial de la Educaci\u00f3n Ambiental, tiene su origen en 1972, a\u00f1o&#8230;<\/p>\n","protected":false},"author":1,"featured_media":160537,"comment_status":"closed","ping_status":"closed","sticky":false,"template":"","format":"standard","meta":{"content-type":""},"categories":[27,64],"tags":[],"nelio_content":{"isAutoShareEnabled":false,"autoShareEndMode":"default","automationSources":{"useContentSentences":true,"useSocialTemplates":true,"useCustomSentences":false,"customSentences":[]},"followers":[1],"suggestedReferences":[],"includedReferences":[],"efiUrl":"","efiAlt":"","highlights":[]},"yoast_head":"<!-- This site is optimized with the Yoast SEO plugin v20.7 - https:\/\/yoast.com\/wordpress\/plugins\/seo\/ -->\n<title>26 de enero: D\u00eda Mundial de la Educaci\u00f3n Ambiental<\/title>\n<meta name=\"description\" content=\"26 de enero: D\u00eda Mundial de la Educaci\u00f3n Ambiental, tiene su origen en 1972, a\u00f1o en el que se celebr\u00f3 la Conferencia de las Naciones\" \/>\n<meta name=\"robots\" content=\"index, follow, max-snippet:-1, max-image-preview:large, max-video-preview:-1\" \/>\n<link rel=\"canonical\" href=\"https:\/\/experienciadevida.com.ar\/portalurbano\/26-de-enero-dia-mundial-de-la-educacion-ambiental\/\" \/>\n<meta property=\"og:locale\" content=\"es_ES\" \/>\n<meta property=\"og:type\" content=\"article\" \/>\n<meta property=\"og:title\" content=\"26 de enero: D\u00eda Mundial de la Educaci\u00f3n Ambiental\" \/>\n<meta property=\"og:description\" content=\"26 de enero: D\u00eda Mundial de la Educaci\u00f3n Ambiental, tiene su origen en 1972, a\u00f1o en el que se celebr\u00f3 la Conferencia de las Naciones\" \/>\n<meta property=\"og:url\" content=\"https:\/\/experienciadevida.com.ar\/portalurbano\/26-de-enero-dia-mundial-de-la-educacion-ambiental\/\" \/>\n<meta property=\"article:publisher\" content=\"https:\/\/www.facebook.com\/Portal-Urbano-171542830093757\/\" \/>\n<meta property=\"article:published_time\" content=\"2022-01-26T12:40:20+00:00\" \/>\n<meta property=\"article:modified_time\" content=\"2022-01-26T12:42:12+00:00\" \/>\n<meta property=\"og:image\" content=\"https:\/\/experienciadevida.com.ar\/portalurbano\/wp-content\/uploads\/2022\/01\/26-de-enero.jpeg\" \/>\n\t<meta property=\"og:image:width\" content=\"1024\" \/>\n\t<meta property=\"og:image:height\" content=\"682\" \/>\n\t<meta property=\"og:image:type\" content=\"image\/jpeg\" \/>\n<meta name=\"author\" content=\"admpu17wp\" \/>\n<meta name=\"twitter:card\" content=\"summary_large_image\" \/>\n<meta name=\"twitter:creator\" content=\"@portalurbanook\" \/>\n<meta name=\"twitter:site\" content=\"@portalurbanook\" \/>\n<meta name=\"twitter:label1\" content=\"Escrito por\" \/>\n\t<meta name=\"twitter:data1\" content=\"admpu17wp\" \/>\n\t<meta name=\"twitter:label2\" content=\"Tiempo de lectura\" \/>\n\t<meta name=\"twitter:data2\" content=\"4 minutos\" \/>\n<script type=\"application\/ld+json\" class=\"yoast-schema-graph\">{\"@context\":\"https:\/\/schema.org\",\"@graph\":[{\"@type\":\"Article\",\"@id\":\"https:\/\/experienciadevida.com.ar\/portalurbano\/26-de-enero-dia-mundial-de-la-educacion-ambiental\/#article\",\"isPartOf\":{\"@id\":\"https:\/\/experienciadevida.com.ar\/portalurbano\/26-de-enero-dia-mundial-de-la-educacion-ambiental\/\"},\"author\":{\"name\":\"admpu17wp\",\"@id\":\"https:\/\/experienciadevida.com.ar\/portalurbano\/#\/schema\/person\/02dd326b1c4b056e9cc972486934a3a7\"},\"headline\":\"26 de enero: D\u00eda Mundial de la Educaci\u00f3n Ambiental\",\"datePublished\":\"2022-01-26T12:40:20+00:00\",\"dateModified\":\"2022-01-26T12:42:12+00:00\",\"mainEntityOfPage\":{\"@id\":\"https:\/\/experienciadevida.com.ar\/portalurbano\/26-de-enero-dia-mundial-de-la-educacion-ambiental\/\"},\"wordCount\":945,\"publisher\":{\"@id\":\"https:\/\/experienciadevida.com.ar\/portalurbano\/#organization\"},\"articleSection\":[\"Ciudad\",\"Destacadas 2\"],\"inLanguage\":\"es\"},{\"@type\":\"WebPage\",\"@id\":\"https:\/\/experienciadevida.com.ar\/portalurbano\/26-de-enero-dia-mundial-de-la-educacion-ambiental\/\",\"url\":\"https:\/\/experienciadevida.com.ar\/portalurbano\/26-de-enero-dia-mundial-de-la-educacion-ambiental\/\",\"name\":\"26 de enero: D\u00eda Mundial de la Educaci\u00f3n Ambiental\",\"isPartOf\":{\"@id\":\"https:\/\/experienciadevida.com.ar\/portalurbano\/#website\"},\"datePublished\":\"2022-01-26T12:40:20+00:00\",\"dateModified\":\"2022-01-26T12:42:12+00:00\",\"description\":\"26 de enero: D\u00eda Mundial de la Educaci\u00f3n Ambiental, tiene su origen en 1972, a\u00f1o en el que se celebr\u00f3 la Conferencia de las Naciones\",\"breadcrumb\":{\"@id\":\"https:\/\/experienciadevida.com.ar\/portalurbano\/26-de-enero-dia-mundial-de-la-educacion-ambiental\/#breadcrumb\"},\"inLanguage\":\"es\",\"potentialAction\":[{\"@type\":\"ReadAction\",\"target\":[\"https:\/\/experienciadevida.com.ar\/portalurbano\/26-de-enero-dia-mundial-de-la-educacion-ambiental\/\"]}]},{\"@type\":\"BreadcrumbList\",\"@id\":\"https:\/\/experienciadevida.com.ar\/portalurbano\/26-de-enero-dia-mundial-de-la-educacion-ambiental\/#breadcrumb\",\"itemListElement\":[{\"@type\":\"ListItem\",\"position\":1,\"name\":\"Portada\",\"item\":\"https:\/\/experienciadevida.com.ar\/portalurbano\/\"},{\"@type\":\"ListItem\",\"position\":2,\"name\":\"26 de enero: D\u00eda Mundial de la Educaci\u00f3n Ambiental\"}]},{\"@type\":\"WebSite\",\"@id\":\"https:\/\/experienciadevida.com.ar\/portalurbano\/#website\",\"url\":\"https:\/\/experienciadevida.com.ar\/portalurbano\/\",\"name\":\"\",\"description\":\"\",\"publisher\":{\"@id\":\"https:\/\/experienciadevida.com.ar\/portalurbano\/#organization\"},\"potentialAction\":[{\"@type\":\"SearchAction\",\"target\":{\"@type\":\"EntryPoint\",\"urlTemplate\":\"https:\/\/experienciadevida.com.ar\/portalurbano\/?s={search_term_string}\"},\"query-input\":\"required name=search_term_string\"}],\"inLanguage\":\"es\"},{\"@type\":\"Organization\",\"@id\":\"https:\/\/experienciadevida.com.ar\/portalurbano\/#organization\",\"name\":\"Portal Urbano\",\"url\":\"https:\/\/experienciadevida.com.ar\/portalurbano\/\",\"logo\":{\"@type\":\"ImageObject\",\"inLanguage\":\"es\",\"@id\":\"https:\/\/experienciadevida.com.ar\/portalurbano\/#\/schema\/logo\/image\/\",\"url\":\"https:\/\/experienciadevida.com.ar\/portalurbano\/wp-content\/uploads\/2019\/09\/Logo-Original.png\",\"contentUrl\":\"https:\/\/experienciadevida.com.ar\/portalurbano\/wp-content\/uploads\/2019\/09\/Logo-Original.png\",\"width\":2236,\"height\":1216,\"caption\":\"Portal Urbano\"},\"image\":{\"@id\":\"https:\/\/experienciadevida.com.ar\/portalurbano\/#\/schema\/logo\/image\/\"},\"sameAs\":[\"https:\/\/www.facebook.com\/Portal-Urbano-171542830093757\/\",\"https:\/\/twitter.com\/portalurbanook\",\"https:\/\/www.instagram.com\/_portalurbano\/\",\"https:\/\/www.youtube.com\/channel\/UCXhagIfszH8KxFiOok79zbA?view_as=subscriber\"]},{\"@type\":\"Person\",\"@id\":\"https:\/\/experienciadevida.com.ar\/portalurbano\/#\/schema\/person\/02dd326b1c4b056e9cc972486934a3a7\",\"name\":\"admpu17wp\",\"image\":{\"@type\":\"ImageObject\",\"inLanguage\":\"es\",\"@id\":\"https:\/\/experienciadevida.com.ar\/portalurbano\/#\/schema\/person\/image\/\",\"url\":\"https:\/\/secure.gravatar.com\/avatar\/830d4c57adaae6630765e449a6908047?s=96&d=mm&r=g\",\"contentUrl\":\"https:\/\/secure.gravatar.com\/avatar\/830d4c57adaae6630765e449a6908047?s=96&d=mm&r=g\",\"caption\":\"admpu17wp\"}}]}<\/script>\n<!-- \/ Yoast SEO plugin. -->","yoast_head_json":{"title":"26 de enero: D\u00eda Mundial de la Educaci\u00f3n Ambiental","description":"26 de enero: D\u00eda Mundial de la Educaci\u00f3n Ambiental, tiene su origen en 1972, a\u00f1o en el que se celebr\u00f3 la Conferencia de las Naciones","robots":{"index":"index","follow":"follow","max-snippet":"max-snippet:-1","max-image-preview":"max-image-preview:large","max-video-preview":"max-video-preview:-1"},"canonical":"https:\/\/experienciadevida.com.ar\/portalurbano\/26-de-enero-dia-mundial-de-la-educacion-ambiental\/","og_locale":"es_ES","og_type":"article","og_title":"26 de enero: D\u00eda Mundial de la Educaci\u00f3n Ambiental","og_description":"26 de enero: D\u00eda Mundial de la Educaci\u00f3n Ambiental, tiene su origen en 1972, a\u00f1o en el que se celebr\u00f3 la Conferencia de las Naciones","og_url":"https:\/\/experienciadevida.com.ar\/portalurbano\/26-de-enero-dia-mundial-de-la-educacion-ambiental\/","article_publisher":"https:\/\/www.facebook.com\/Portal-Urbano-171542830093757\/","article_published_time":"2022-01-26T12:40:20+00:00","article_modified_time":"2022-01-26T12:42:12+00:00","og_image":[{"width":1024,"height":682,"url":"https:\/\/experienciadevida.com.ar\/portalurbano\/wp-content\/uploads\/2022\/01\/26-de-enero.jpeg","type":"image\/jpeg"}],"author":"admpu17wp","twitter_card":"summary_large_image","twitter_creator":"@portalurbanook","twitter_site":"@portalurbanook","twitter_misc":{"Escrito por":"admpu17wp","Tiempo de lectura":"4 minutos"},"schema":{"@context":"https:\/\/schema.org","@graph":[{"@type":"Article","@id":"https:\/\/experienciadevida.com.ar\/portalurbano\/26-de-enero-dia-mundial-de-la-educacion-ambiental\/#article","isPartOf":{"@id":"https:\/\/experienciadevida.com.ar\/portalurbano\/26-de-enero-dia-mundial-de-la-educacion-ambiental\/"},"author":{"name":"admpu17wp","@id":"https:\/\/experienciadevida.com.ar\/portalurbano\/#\/schema\/person\/02dd326b1c4b056e9cc972486934a3a7"},"headline":"26 de enero: D\u00eda Mundial de la Educaci\u00f3n Ambiental","datePublished":"2022-01-26T12:40:20+00:00","dateModified":"2022-01-26T12:42:12+00:00","mainEntityOfPage":{"@id":"https:\/\/experienciadevida.com.ar\/portalurbano\/26-de-enero-dia-mundial-de-la-educacion-ambiental\/"},"wordCount":945,"publisher":{"@id":"https:\/\/experienciadevida.com.ar\/portalurbano\/#organization"},"articleSection":["Ciudad","Destacadas 2"],"inLanguage":"es"},{"@type":"WebPage","@id":"https:\/\/experienciadevida.com.ar\/portalurbano\/26-de-enero-dia-mundial-de-la-educacion-ambiental\/","url":"https:\/\/experienciadevida.com.ar\/portalurbano\/26-de-enero-dia-mundial-de-la-educacion-ambiental\/","name":"26 de enero: D\u00eda Mundial de la Educaci\u00f3n Ambiental","isPartOf":{"@id":"https:\/\/experienciadevida.com.ar\/portalurbano\/#website"},"datePublished":"2022-01-26T12:40:20+00:00","dateModified":"2022-01-26T12:42:12+00:00","description":"26 de enero: D\u00eda Mundial de la Educaci\u00f3n Ambiental, tiene su origen en 1972, a\u00f1o en el que se celebr\u00f3 la Conferencia de las Naciones","breadcrumb":{"@id":"https:\/\/experienciadevida.com.ar\/portalurbano\/26-de-enero-dia-mundial-de-la-educacion-ambiental\/#breadcrumb"},"inLanguage":"es","potentialAction":[{"@type":"ReadAction","target":["https:\/\/experienciadevida.com.ar\/portalurbano\/26-de-enero-dia-mundial-de-la-educacion-ambiental\/"]}]},{"@type":"BreadcrumbList","@id":"https:\/\/experienciadevida.com.ar\/portalurbano\/26-de-enero-dia-mundial-de-la-educacion-ambiental\/#breadcrumb","itemListElement":[{"@type":"ListItem","position":1,"name":"Portada","item":"https:\/\/experienciadevida.com.ar\/portalurbano\/"},{"@type":"ListItem","position":2,"name":"26 de enero: D\u00eda Mundial de la Educaci\u00f3n Ambiental"}]},{"@type":"WebSite","@id":"https:\/\/experienciadevida.com.ar\/portalurbano\/#website","url":"https:\/\/experienciadevida.com.ar\/portalurbano\/","name":"","description":"","publisher":{"@id":"https:\/\/experienciadevida.com.ar\/portalurbano\/#organization"},"potentialAction":[{"@type":"SearchAction","target":{"@type":"EntryPoint","urlTemplate":"https:\/\/experienciadevida.com.ar\/portalurbano\/?s={search_term_string}"},"query-input":"required name=search_term_string"}],"inLanguage":"es"},{"@type":"Organization","@id":"https:\/\/experienciadevida.com.ar\/portalurbano\/#organization","name":"Portal Urbano","url":"https:\/\/experienciadevida.com.ar\/portalurbano\/","logo":{"@type":"ImageObject","inLanguage":"es","@id":"https:\/\/experienciadevida.com.ar\/portalurbano\/#\/schema\/logo\/image\/","url":"https:\/\/experienciadevida.com.ar\/portalurbano\/wp-content\/uploads\/2019\/09\/Logo-Original.png","contentUrl":"https:\/\/experienciadevida.com.ar\/portalurbano\/wp-content\/uploads\/2019\/09\/Logo-Original.png","width":2236,"height":1216,"caption":"Portal Urbano"},"image":{"@id":"https:\/\/experienciadevida.com.ar\/portalurbano\/#\/schema\/logo\/image\/"},"sameAs":["https:\/\/www.facebook.com\/Portal-Urbano-171542830093757\/","https:\/\/twitter.com\/portalurbanook","https:\/\/www.instagram.com\/_portalurbano\/","https:\/\/www.youtube.com\/channel\/UCXhagIfszH8KxFiOok79zbA?view_as=subscriber"]},{"@type":"Person","@id":"https:\/\/experienciadevida.com.ar\/portalurbano\/#\/schema\/person\/02dd326b1c4b056e9cc972486934a3a7","name":"admpu17wp","image":{"@type":"ImageObject","inLanguage":"es","@id":"https:\/\/experienciadevida.com.ar\/portalurbano\/#\/schema\/person\/image\/","url":"https:\/\/secure.gravatar.com\/avatar\/830d4c57adaae6630765e449a6908047?s=96&d=mm&r=g","contentUrl":"https:\/\/secure.gravatar.com\/avatar\/830d4c57adaae6630765e449a6908047?s=96&d=mm&r=g","caption":"admpu17wp"}}]}},"featured_image_urls":{"full":["https:\/\/experienciadevida.com.ar\/portalurbano\/wp-content\/uploads\/2022\/01\/26-de-enero.jpeg",1024,682,false],"thumbnail":["https:\/\/experienciadevida.com.ar\/portalurbano\/wp-content\/uploads\/2022\/01\/26-de-enero-150x150.jpeg",150,150,true],"medium":["https:\/\/experienciadevida.com.ar\/portalurbano\/wp-content\/uploads\/2022\/01\/26-de-enero-300x200.jpeg",300,200,true],"medium_large":["https:\/\/experienciadevida.com.ar\/portalurbano\/wp-content\/uploads\/2022\/01\/26-de-enero-768x512.jpeg",640,427,true],"large":["https:\/\/experienciadevida.com.ar\/portalurbano\/wp-content\/uploads\/2022\/01\/26-de-enero.jpeg",640,426,false],"ug_big":["https:\/\/experienciadevida.com.ar\/portalurbano\/wp-content\/uploads\/2022\/01\/26-de-enero-768x512.jpeg",768,512,true],"1536x1536":["https:\/\/experienciadevida.com.ar\/portalurbano\/wp-content\/uploads\/2022\/01\/26-de-enero.jpeg",1024,682,false],"2048x2048":["https:\/\/experienciadevida.com.ar\/portalurbano\/wp-content\/uploads\/2022\/01\/26-de-enero.jpeg",1024,682,false],"newsever-slider-full":["https:\/\/experienciadevida.com.ar\/portalurbano\/wp-content\/uploads\/2022\/01\/26-de-enero.jpeg",1024,682,false],"newsever-featured":["https:\/\/experienciadevida.com.ar\/portalurbano\/wp-content\/uploads\/2022\/01\/26-de-enero.jpeg",1024,682,false],"newsever-medium":["https:\/\/experienciadevida.com.ar\/portalurbano\/wp-content\/uploads\/2022\/01\/26-de-enero.jpeg",713,475,false],"web-stories-poster-portrait":["https:\/\/experienciadevida.com.ar\/portalurbano\/wp-content\/uploads\/2022\/01\/26-de-enero.jpeg",640,426,false],"web-stories-publisher-logo":["https:\/\/experienciadevida.com.ar\/portalurbano\/wp-content\/uploads\/2022\/01\/26-de-enero.jpeg",96,64,false],"web-stories-thumbnail":["https:\/\/experienciadevida.com.ar\/portalurbano\/wp-content\/uploads\/2022\/01\/26-de-enero.jpeg",150,100,false]},"author_info":{"display_name":"admpu17wp","author_link":"https:\/\/experienciadevida.com.ar\/portalurbano\/author\/admpu17wp\/"},"category_info":"<a href=\"https:\/\/experienciadevida.com.ar\/portalurbano\/category\/ciudad\/\" rel=\"category tag\">Ciudad<\/a> <a href=\"https:\/\/experienciadevida.com.ar\/portalurbano\/category\/destacadas-2\/\" rel=\"category tag\">Destacadas 2<\/a>","tag_info":"Destacadas 2","comment_count":"0","amp_enabled":true,"_links":{"self":[{"href":"https:\/\/experienciadevida.com.ar\/portalurbano\/wp-json\/wp\/v2\/posts\/160536"}],"collection":[{"href":"https:\/\/experienciadevida.com.ar\/portalurbano\/wp-json\/wp\/v2\/posts"}],"about":[{"href":"https:\/\/experienciadevida.com.ar\/portalurbano\/wp-json\/wp\/v2\/types\/post"}],"author":[{"embeddable":true,"href":"https:\/\/experienciadevida.com.ar\/portalurbano\/wp-json\/wp\/v2\/users\/1"}],"replies":[{"embeddable":true,"href":"https:\/\/experienciadevida.com.ar\/portalurbano\/wp-json\/wp\/v2\/comments?post=160536"}],"version-history":[{"count":1,"href":"https:\/\/experienciadevida.com.ar\/portalurbano\/wp-json\/wp\/v2\/posts\/160536\/revisions"}],"predecessor-version":[{"id":160538,"href":"https:\/\/experienciadevida.com.ar\/portalurbano\/wp-json\/wp\/v2\/posts\/160536\/revisions\/160538"}],"wp:featuredmedia":[{"embeddable":true,"href":"https:\/\/experienciadevida.com.ar\/portalurbano\/wp-json\/wp\/v2\/media\/160537"}],"wp:attachment":[{"href":"https:\/\/experienciadevida.com.ar\/portalurbano\/wp-json\/wp\/v2\/media?parent=160536"}],"wp:term":[{"taxonomy":"category","embeddable":true,"href":"https:\/\/experienciadevida.com.ar\/portalurbano\/wp-json\/wp\/v2\/categories?post=160536"},{"taxonomy":"post_tag","embeddable":true,"href":"https:\/\/experienciadevida.com.ar\/portalurbano\/wp-json\/wp\/v2\/tags?post=160536"}],"curies":[{"name":"wp","href":"https:\/\/api.w.org\/{rel}","templated":true}]}}