{"id":160521,"date":"2022-01-25T13:41:18","date_gmt":"2022-01-25T16:41:18","guid":{"rendered":"https:\/\/experienciadevida.com.ar\/portalurbano\/?p=160521"},"modified":"2022-01-25T13:51:50","modified_gmt":"2022-01-25T16:51:50","slug":"el-subcampeon-del-festival-de-jesus-maria-estuvo-en-el-municipio","status":"publish","type":"post","link":"https:\/\/experienciadevida.com.ar\/portalurbano\/el-subcampeon-del-festival-de-jesus-maria-estuvo-en-el-municipio\/","title":{"rendered":"El subcampe\u00f3n del Festival de Jes\u00fas Mar\u00eda estuvo en el Municipio"},"content":{"rendered":"<p>El subcampe\u00f3n del Festival de Jes\u00fas Mar\u00eda estuvo en el Municipio, fue en la ma\u00f1ana de este martes y recibido por el secretario de Gobierno del Municipio Hilario Galli.<\/p>\n<p>D\u00edas atr\u00e1s, el jinete local tuvo una actuaci\u00f3n destacada en el evento, luego de obtener grandes puntuaciones en las categor\u00edas en las que particip\u00f3, llegando as\u00ed al t\u00edtulo de subcampe\u00f3n en la general del torneo.<\/p>\n<p><em>\u00a0\u201cNos pone muy contentos lo realizado por Manuel. Dej\u00f3 el nombre de Olavarr\u00eda muy bien representado en el festival de Jes\u00fas Mar\u00eda, donde obtener los grandes resultados que consigui\u00f3 no es para nada sencillo. Sin dudas que las experiencias vividas las guardar\u00e1 para siempre y las felicitaciones son m\u00e1s que merecidas\u201d,<\/em>\u00a0sostuvo el secretario de Gobierno.<\/p>\n<p>Goroso es jinete desde hace m\u00e1s de 10 a\u00f1os y participa de la actividad en distintas ciudades de la regi\u00f3n y ahora cumpli\u00f3 su sue\u00f1o de formar parte de uno de los campeonatos m\u00e1s importantes del pa\u00eds.<\/p>\n","protected":false},"excerpt":{"rendered":"<p>El subcampe\u00f3n del Festival de Jes\u00fas Mar\u00eda estuvo en el Municipio, fue en la ma\u00f1ana&#8230;<\/p>\n","protected":false},"author":1,"featured_media":160522,"comment_status":"closed","ping_status":"closed","sticky":false,"template":"","format":"standard","meta":{"content-type":""},"categories":[27,51],"tags":[],"nelio_content":{"isAutoShareEnabled":false,"autoShareEndMode":"default","automationSources":{"useContentSentences":true,"useSocialTemplates":true,"useCustomSentences":false,"customSentences":[]},"followers":[1],"suggestedReferences":[],"includedReferences":[],"efiUrl":"","efiAlt":"","highlights":[]},"yoast_head":"<!-- This site is optimized with the Yoast SEO plugin v20.7 - https:\/\/yoast.com\/wordpress\/plugins\/seo\/ -->\n<title>El subcampe\u00f3n del Festival de Jes\u00fas Mar\u00eda estuvo en el Municipio<\/title>\n<meta name=\"description\" content=\"El subcampe\u00f3n del Festival de Jes\u00fas Mar\u00eda estuvo en el Municipio, fue en la ma\u00f1ana de este martes y recibido por Hilario Galli\" \/>\n<meta name=\"robots\" content=\"index, follow, max-snippet:-1, max-image-preview:large, max-video-preview:-1\" \/>\n<link rel=\"canonical\" href=\"https:\/\/experienciadevida.com.ar\/portalurbano\/el-subcampeon-del-festival-de-jesus-maria-estuvo-en-el-municipio\/\" \/>\n<meta property=\"og:locale\" content=\"es_ES\" \/>\n<meta property=\"og:type\" content=\"article\" \/>\n<meta property=\"og:title\" content=\"El subcampe\u00f3n del Festival de Jes\u00fas Mar\u00eda estuvo en el Municipio\" \/>\n<meta property=\"og:description\" content=\"El subcampe\u00f3n del Festival de Jes\u00fas Mar\u00eda estuvo en el Municipio, fue en la ma\u00f1ana de este martes y recibido por Hilario Galli\" \/>\n<meta property=\"og:url\" content=\"https:\/\/experienciadevida.com.ar\/portalurbano\/el-subcampeon-del-festival-de-jesus-maria-estuvo-en-el-municipio\/\" \/>\n<meta property=\"article:publisher\" content=\"https:\/\/www.facebook.com\/Portal-Urbano-171542830093757\/\" \/>\n<meta property=\"article:published_time\" content=\"2022-01-25T16:41:18+00:00\" \/>\n<meta property=\"article:modified_time\" content=\"2022-01-25T16:51:50+00:00\" \/>\n<meta property=\"og:image\" content=\"https:\/\/experienciadevida.com.ar\/portalurbano\/wp-content\/uploads\/2022\/01\/El-subcampeon-del-Festival.jpg\" \/>\n\t<meta property=\"og:image:width\" content=\"1024\" \/>\n\t<meta property=\"og:image:height\" content=\"685\" \/>\n\t<meta property=\"og:image:type\" content=\"image\/jpeg\" \/>\n<meta name=\"author\" content=\"admpu17wp\" \/>\n<meta name=\"twitter:card\" content=\"summary_large_image\" \/>\n<meta name=\"twitter:creator\" content=\"@portalurbanook\" \/>\n<meta name=\"twitter:site\" content=\"@portalurbanook\" \/>\n<meta name=\"twitter:label1\" content=\"Escrito por\" \/>\n\t<meta name=\"twitter:data1\" content=\"admpu17wp\" \/>\n\t<meta name=\"twitter:label2\" content=\"Tiempo de lectura\" \/>\n\t<meta name=\"twitter:data2\" content=\"1 minuto\" \/>\n<script type=\"application\/ld+json\" class=\"yoast-schema-graph\">{\"@context\":\"https:\/\/schema.org\",\"@graph\":[{\"@type\":\"Article\",\"@id\":\"https:\/\/experienciadevida.com.ar\/portalurbano\/el-subcampeon-del-festival-de-jesus-maria-estuvo-en-el-municipio\/#article\",\"isPartOf\":{\"@id\":\"https:\/\/experienciadevida.com.ar\/portalurbano\/el-subcampeon-del-festival-de-jesus-maria-estuvo-en-el-municipio\/\"},\"author\":{\"name\":\"admpu17wp\",\"@id\":\"https:\/\/experienciadevida.com.ar\/portalurbano\/#\/schema\/person\/02dd326b1c4b056e9cc972486934a3a7\"},\"headline\":\"El subcampe\u00f3n del Festival de Jes\u00fas Mar\u00eda estuvo en el Municipio\",\"datePublished\":\"2022-01-25T16:41:18+00:00\",\"dateModified\":\"2022-01-25T16:51:50+00:00\",\"mainEntityOfPage\":{\"@id\":\"https:\/\/experienciadevida.com.ar\/portalurbano\/el-subcampeon-del-festival-de-jesus-maria-estuvo-en-el-municipio\/\"},\"wordCount\":190,\"publisher\":{\"@id\":\"https:\/\/experienciadevida.com.ar\/portalurbano\/#organization\"},\"articleSection\":[\"Ciudad\",\"Destacadas\"],\"inLanguage\":\"es\"},{\"@type\":\"WebPage\",\"@id\":\"https:\/\/experienciadevida.com.ar\/portalurbano\/el-subcampeon-del-festival-de-jesus-maria-estuvo-en-el-municipio\/\",\"url\":\"https:\/\/experienciadevida.com.ar\/portalurbano\/el-subcampeon-del-festival-de-jesus-maria-estuvo-en-el-municipio\/\",\"name\":\"El subcampe\u00f3n del Festival de Jes\u00fas Mar\u00eda estuvo en el Municipio\",\"isPartOf\":{\"@id\":\"https:\/\/experienciadevida.com.ar\/portalurbano\/#website\"},\"datePublished\":\"2022-01-25T16:41:18+00:00\",\"dateModified\":\"2022-01-25T16:51:50+00:00\",\"description\":\"El subcampe\u00f3n del Festival de Jes\u00fas Mar\u00eda estuvo en el Municipio, fue en la ma\u00f1ana de este martes y recibido por Hilario Galli\",\"breadcrumb\":{\"@id\":\"https:\/\/experienciadevida.com.ar\/portalurbano\/el-subcampeon-del-festival-de-jesus-maria-estuvo-en-el-municipio\/#breadcrumb\"},\"inLanguage\":\"es\",\"potentialAction\":[{\"@type\":\"ReadAction\",\"target\":[\"https:\/\/experienciadevida.com.ar\/portalurbano\/el-subcampeon-del-festival-de-jesus-maria-estuvo-en-el-municipio\/\"]}]},{\"@type\":\"BreadcrumbList\",\"@id\":\"https:\/\/experienciadevida.com.ar\/portalurbano\/el-subcampeon-del-festival-de-jesus-maria-estuvo-en-el-municipio\/#breadcrumb\",\"itemListElement\":[{\"@type\":\"ListItem\",\"position\":1,\"name\":\"Portada\",\"item\":\"https:\/\/experienciadevida.com.ar\/portalurbano\/\"},{\"@type\":\"ListItem\",\"position\":2,\"name\":\"El subcampe\u00f3n del Festival de Jes\u00fas Mar\u00eda estuvo en el Municipio\"}]},{\"@type\":\"WebSite\",\"@id\":\"https:\/\/experienciadevida.com.ar\/portalurbano\/#website\",\"url\":\"https:\/\/experienciadevida.com.ar\/portalurbano\/\",\"name\":\"\",\"description\":\"\",\"publisher\":{\"@id\":\"https:\/\/experienciadevida.com.ar\/portalurbano\/#organization\"},\"potentialAction\":[{\"@type\":\"SearchAction\",\"target\":{\"@type\":\"EntryPoint\",\"urlTemplate\":\"https:\/\/experienciadevida.com.ar\/portalurbano\/?s={search_term_string}\"},\"query-input\":\"required name=search_term_string\"}],\"inLanguage\":\"es\"},{\"@type\":\"Organization\",\"@id\":\"https:\/\/experienciadevida.com.ar\/portalurbano\/#organization\",\"name\":\"Portal Urbano\",\"url\":\"https:\/\/experienciadevida.com.ar\/portalurbano\/\",\"logo\":{\"@type\":\"ImageObject\",\"inLanguage\":\"es\",\"@id\":\"https:\/\/experienciadevida.com.ar\/portalurbano\/#\/schema\/logo\/image\/\",\"url\":\"https:\/\/experienciadevida.com.ar\/portalurbano\/wp-content\/uploads\/2019\/09\/Logo-Original.png\",\"contentUrl\":\"https:\/\/experienciadevida.com.ar\/portalurbano\/wp-content\/uploads\/2019\/09\/Logo-Original.png\",\"width\":2236,\"height\":1216,\"caption\":\"Portal Urbano\"},\"image\":{\"@id\":\"https:\/\/experienciadevida.com.ar\/portalurbano\/#\/schema\/logo\/image\/\"},\"sameAs\":[\"https:\/\/www.facebook.com\/Portal-Urbano-171542830093757\/\",\"https:\/\/twitter.com\/portalurbanook\",\"https:\/\/www.instagram.com\/_portalurbano\/\",\"https:\/\/www.youtube.com\/channel\/UCXhagIfszH8KxFiOok79zbA?view_as=subscriber\"]},{\"@type\":\"Person\",\"@id\":\"https:\/\/experienciadevida.com.ar\/portalurbano\/#\/schema\/person\/02dd326b1c4b056e9cc972486934a3a7\",\"name\":\"admpu17wp\",\"image\":{\"@type\":\"ImageObject\",\"inLanguage\":\"es\",\"@id\":\"https:\/\/experienciadevida.com.ar\/portalurbano\/#\/schema\/person\/image\/\",\"url\":\"https:\/\/secure.gravatar.com\/avatar\/830d4c57adaae6630765e449a6908047?s=96&d=mm&r=g\",\"contentUrl\":\"https:\/\/secure.gravatar.com\/avatar\/830d4c57adaae6630765e449a6908047?s=96&d=mm&r=g\",\"caption\":\"admpu17wp\"}}]}<\/script>\n<!-- \/ Yoast SEO plugin. -->","yoast_head_json":{"title":"El subcampe\u00f3n del Festival de Jes\u00fas Mar\u00eda estuvo en el Municipio","description":"El subcampe\u00f3n del Festival de Jes\u00fas Mar\u00eda estuvo en el Municipio, fue en la ma\u00f1ana de este martes y recibido por Hilario Galli","robots":{"index":"index","follow":"follow","max-snippet":"max-snippet:-1","max-image-preview":"max-image-preview:large","max-video-preview":"max-video-preview:-1"},"canonical":"https:\/\/experienciadevida.com.ar\/portalurbano\/el-subcampeon-del-festival-de-jesus-maria-estuvo-en-el-municipio\/","og_locale":"es_ES","og_type":"article","og_title":"El subcampe\u00f3n del Festival de Jes\u00fas Mar\u00eda estuvo en el Municipio","og_description":"El subcampe\u00f3n del Festival de Jes\u00fas Mar\u00eda estuvo en el Municipio, fue en la ma\u00f1ana de este martes y recibido por Hilario Galli","og_url":"https:\/\/experienciadevida.com.ar\/portalurbano\/el-subcampeon-del-festival-de-jesus-maria-estuvo-en-el-municipio\/","article_publisher":"https:\/\/www.facebook.com\/Portal-Urbano-171542830093757\/","article_published_time":"2022-01-25T16:41:18+00:00","article_modified_time":"2022-01-25T16:51:50+00:00","og_image":[{"width":1024,"height":685,"url":"https:\/\/experienciadevida.com.ar\/portalurbano\/wp-content\/uploads\/2022\/01\/El-subcampeon-del-Festival.jpg","type":"image\/jpeg"}],"author":"admpu17wp","twitter_card":"summary_large_image","twitter_creator":"@portalurbanook","twitter_site":"@portalurbanook","twitter_misc":{"Escrito por":"admpu17wp","Tiempo de lectura":"1 minuto"},"schema":{"@context":"https:\/\/schema.org","@graph":[{"@type":"Article","@id":"https:\/\/experienciadevida.com.ar\/portalurbano\/el-subcampeon-del-festival-de-jesus-maria-estuvo-en-el-municipio\/#article","isPartOf":{"@id":"https:\/\/experienciadevida.com.ar\/portalurbano\/el-subcampeon-del-festival-de-jesus-maria-estuvo-en-el-municipio\/"},"author":{"name":"admpu17wp","@id":"https:\/\/experienciadevida.com.ar\/portalurbano\/#\/schema\/person\/02dd326b1c4b056e9cc972486934a3a7"},"headline":"El subcampe\u00f3n del Festival de Jes\u00fas Mar\u00eda estuvo en el Municipio","datePublished":"2022-01-25T16:41:18+00:00","dateModified":"2022-01-25T16:51:50+00:00","mainEntityOfPage":{"@id":"https:\/\/experienciadevida.com.ar\/portalurbano\/el-subcampeon-del-festival-de-jesus-maria-estuvo-en-el-municipio\/"},"wordCount":190,"publisher":{"@id":"https:\/\/experienciadevida.com.ar\/portalurbano\/#organization"},"articleSection":["Ciudad","Destacadas"],"inLanguage":"es"},{"@type":"WebPage","@id":"https:\/\/experienciadevida.com.ar\/portalurbano\/el-subcampeon-del-festival-de-jesus-maria-estuvo-en-el-municipio\/","url":"https:\/\/experienciadevida.com.ar\/portalurbano\/el-subcampeon-del-festival-de-jesus-maria-estuvo-en-el-municipio\/","name":"El subcampe\u00f3n del Festival de Jes\u00fas Mar\u00eda estuvo en el Municipio","isPartOf":{"@id":"https:\/\/experienciadevida.com.ar\/portalurbano\/#website"},"datePublished":"2022-01-25T16:41:18+00:00","dateModified":"2022-01-25T16:51:50+00:00","description":"El subcampe\u00f3n del Festival de Jes\u00fas Mar\u00eda estuvo en el Municipio, fue en la ma\u00f1ana de este martes y recibido por Hilario Galli","breadcrumb":{"@id":"https:\/\/experienciadevida.com.ar\/portalurbano\/el-subcampeon-del-festival-de-jesus-maria-estuvo-en-el-municipio\/#breadcrumb"},"inLanguage":"es","potentialAction":[{"@type":"ReadAction","target":["https:\/\/experienciadevida.com.ar\/portalurbano\/el-subcampeon-del-festival-de-jesus-maria-estuvo-en-el-municipio\/"]}]},{"@type":"BreadcrumbList","@id":"https:\/\/experienciadevida.com.ar\/portalurbano\/el-subcampeon-del-festival-de-jesus-maria-estuvo-en-el-municipio\/#breadcrumb","itemListElement":[{"@type":"ListItem","position":1,"name":"Portada","item":"https:\/\/experienciadevida.com.ar\/portalurbano\/"},{"@type":"ListItem","position":2,"name":"El subcampe\u00f3n del Festival de Jes\u00fas Mar\u00eda estuvo en el Municipio"}]},{"@type":"WebSite","@id":"https:\/\/experienciadevida.com.ar\/portalurbano\/#website","url":"https:\/\/experienciadevida.com.ar\/portalurbano\/","name":"","description":"","publisher":{"@id":"https:\/\/experienciadevida.com.ar\/portalurbano\/#organization"},"potentialAction":[{"@type":"SearchAction","target":{"@type":"EntryPoint","urlTemplate":"https:\/\/experienciadevida.com.ar\/portalurbano\/?s={search_term_string}"},"query-input":"required name=search_term_string"}],"inLanguage":"es"},{"@type":"Organization","@id":"https:\/\/experienciadevida.com.ar\/portalurbano\/#organization","name":"Portal Urbano","url":"https:\/\/experienciadevida.com.ar\/portalurbano\/","logo":{"@type":"ImageObject","inLanguage":"es","@id":"https:\/\/experienciadevida.com.ar\/portalurbano\/#\/schema\/logo\/image\/","url":"https:\/\/experienciadevida.com.ar\/portalurbano\/wp-content\/uploads\/2019\/09\/Logo-Original.png","contentUrl":"https:\/\/experienciadevida.com.ar\/portalurbano\/wp-content\/uploads\/2019\/09\/Logo-Original.png","width":2236,"height":1216,"caption":"Portal Urbano"},"image":{"@id":"https:\/\/experienciadevida.com.ar\/portalurbano\/#\/schema\/logo\/image\/"},"sameAs":["https:\/\/www.facebook.com\/Portal-Urbano-171542830093757\/","https:\/\/twitter.com\/portalurbanook","https:\/\/www.instagram.com\/_portalurbano\/","https:\/\/www.youtube.com\/channel\/UCXhagIfszH8KxFiOok79zbA?view_as=subscriber"]},{"@type":"Person","@id":"https:\/\/experienciadevida.com.ar\/portalurbano\/#\/schema\/person\/02dd326b1c4b056e9cc972486934a3a7","name":"admpu17wp","image":{"@type":"ImageObject","inLanguage":"es","@id":"https:\/\/experienciadevida.com.ar\/portalurbano\/#\/schema\/person\/image\/","url":"https:\/\/secure.gravatar.com\/avatar\/830d4c57adaae6630765e449a6908047?s=96&d=mm&r=g","contentUrl":"https:\/\/secure.gravatar.com\/avatar\/830d4c57adaae6630765e449a6908047?s=96&d=mm&r=g","caption":"admpu17wp"}}]}},"featured_image_urls":{"full":["https:\/\/experienciadevida.com.ar\/portalurbano\/wp-content\/uploads\/2022\/01\/El-subcampeon-del-Festival.jpg",1024,685,false],"thumbnail":["https:\/\/experienciadevida.com.ar\/portalurbano\/wp-content\/uploads\/2022\/01\/El-subcampeon-del-Festival-150x150.jpg",150,150,true],"medium":["https:\/\/experienciadevida.com.ar\/portalurbano\/wp-content\/uploads\/2022\/01\/El-subcampeon-del-Festival-300x201.jpg",300,201,true],"medium_large":["https:\/\/experienciadevida.com.ar\/portalurbano\/wp-content\/uploads\/2022\/01\/El-subcampeon-del-Festival-768x514.jpg",640,428,true],"large":["https:\/\/experienciadevida.com.ar\/portalurbano\/wp-content\/uploads\/2022\/01\/El-subcampeon-del-Festival.jpg",640,428,false],"ug_big":["https:\/\/experienciadevida.com.ar\/portalurbano\/wp-content\/uploads\/2022\/01\/El-subcampeon-del-Festival-768x514.jpg",768,514,true],"1536x1536":["https:\/\/experienciadevida.com.ar\/portalurbano\/wp-content\/uploads\/2022\/01\/El-subcampeon-del-Festival.jpg",1024,685,false],"2048x2048":["https:\/\/experienciadevida.com.ar\/portalurbano\/wp-content\/uploads\/2022\/01\/El-subcampeon-del-Festival.jpg",1024,685,false],"newsever-slider-full":["https:\/\/experienciadevida.com.ar\/portalurbano\/wp-content\/uploads\/2022\/01\/El-subcampeon-del-Festival.jpg",1024,685,false],"newsever-featured":["https:\/\/experienciadevida.com.ar\/portalurbano\/wp-content\/uploads\/2022\/01\/El-subcampeon-del-Festival.jpg",1024,685,false],"newsever-medium":["https:\/\/experienciadevida.com.ar\/portalurbano\/wp-content\/uploads\/2022\/01\/El-subcampeon-del-Festival.jpg",710,475,false],"web-stories-poster-portrait":["https:\/\/experienciadevida.com.ar\/portalurbano\/wp-content\/uploads\/2022\/01\/El-subcampeon-del-Festival.jpg",640,428,false],"web-stories-publisher-logo":["https:\/\/experienciadevida.com.ar\/portalurbano\/wp-content\/uploads\/2022\/01\/El-subcampeon-del-Festival.jpg",96,64,false],"web-stories-thumbnail":["https:\/\/experienciadevida.com.ar\/portalurbano\/wp-content\/uploads\/2022\/01\/El-subcampeon-del-Festival.jpg",150,100,false]},"author_info":{"display_name":"admpu17wp","author_link":"https:\/\/experienciadevida.com.ar\/portalurbano\/author\/admpu17wp\/"},"category_info":"<a href=\"https:\/\/experienciadevida.com.ar\/portalurbano\/category\/ciudad\/\" rel=\"category tag\">Ciudad<\/a> <a href=\"https:\/\/experienciadevida.com.ar\/portalurbano\/category\/destacadas\/\" rel=\"category tag\">Destacadas<\/a>","tag_info":"Destacadas","comment_count":"0","amp_enabled":true,"_links":{"self":[{"href":"https:\/\/experienciadevida.com.ar\/portalurbano\/wp-json\/wp\/v2\/posts\/160521"}],"collection":[{"href":"https:\/\/experienciadevida.com.ar\/portalurbano\/wp-json\/wp\/v2\/posts"}],"about":[{"href":"https:\/\/experienciadevida.com.ar\/portalurbano\/wp-json\/wp\/v2\/types\/post"}],"author":[{"embeddable":true,"href":"https:\/\/experienciadevida.com.ar\/portalurbano\/wp-json\/wp\/v2\/users\/1"}],"replies":[{"embeddable":true,"href":"https:\/\/experienciadevida.com.ar\/portalurbano\/wp-json\/wp\/v2\/comments?post=160521"}],"version-history":[{"count":2,"href":"https:\/\/experienciadevida.com.ar\/portalurbano\/wp-json\/wp\/v2\/posts\/160521\/revisions"}],"predecessor-version":[{"id":160524,"href":"https:\/\/experienciadevida.com.ar\/portalurbano\/wp-json\/wp\/v2\/posts\/160521\/revisions\/160524"}],"wp:featuredmedia":[{"embeddable":true,"href":"https:\/\/experienciadevida.com.ar\/portalurbano\/wp-json\/wp\/v2\/media\/160522"}],"wp:attachment":[{"href":"https:\/\/experienciadevida.com.ar\/portalurbano\/wp-json\/wp\/v2\/media?parent=160521"}],"wp:term":[{"taxonomy":"category","embeddable":true,"href":"https:\/\/experienciadevida.com.ar\/portalurbano\/wp-json\/wp\/v2\/categories?post=160521"},{"taxonomy":"post_tag","embeddable":true,"href":"https:\/\/experienciadevida.com.ar\/portalurbano\/wp-json\/wp\/v2\/tags?post=160521"}],"curies":[{"name":"wp","href":"https:\/\/api.w.org\/{rel}","templated":true}]}}