{"id":160515,"date":"2022-01-25T13:38:34","date_gmt":"2022-01-25T16:38:34","guid":{"rendered":"https:\/\/experienciadevida.com.ar\/portalurbano\/?p=160515"},"modified":"2022-01-25T13:39:55","modified_gmt":"2022-01-25T16:39:55","slug":"obra-del-paseo-de-la-salud-los-olavarrienses-tenemos-una-identificacion-con-nuestros-parques","status":"publish","type":"post","link":"https:\/\/experienciadevida.com.ar\/portalurbano\/obra-del-paseo-de-la-salud-los-olavarrienses-tenemos-una-identificacion-con-nuestros-parques\/","title":{"rendered":"Obra del paseo de la salud: \u201cLos olavarrienses tenemos una identificaci\u00f3n con nuestros parques\u201d"},"content":{"rendered":"<p>Obra del paseo de la salud: \u201cLos olavarrienses tenemos una identificaci\u00f3n con nuestros parques\u201d, as\u00ed lo dijo el <a href=\"https:\/\/www.facebook.com\/galliezequiel\">Intendente<\/a> en la ma\u00f1ana de este martes en una recorrida en la obra de puesta en valor del Paseo de la Salud, emplazado en la tradicional esquina de Brown y Belgrano, que presenta un importante avance.<\/p>\n<p>Con esta obra, se busca generar un espacio abierto, integrado al entorno natural del parque, con un dise\u00f1o totalmente moderno y confortable, principalmente.<\/p>\n<p>Durante la recorrida, el Intendente estuvo acompa\u00f1ado por el secretario de Mantenimiento y Obras P\u00fablicas de la Municipalidad, <a href=\"https:\/\/www.instagram.com\/julitoferraro\/?hl=es-la\">Julio Ferraro<\/a>. En la oportunidad, Galli destac\u00f3 que actualmente \u201cse est\u00e1 trabajando en nivelar lo que va a ser el piso. Ya nos encontramos en el tramo final de esta obra, que viene avanzando a paso firme\u201d.<\/p>\n<p>\u201cEsperamos que se convierta en un lugar de encuentro para la gente. Se trata de una esquina muy importante de la ciudad. Los olavarrienses tenemos una identificaci\u00f3n con nuestros parques y nosotros trabajamos en ese sentido, en mejorar nuestros espacios p\u00fablicos, que son parte de nuestra identidad y patrimonio\u201d.<\/p>\n<p>Obra del paseo de la salud, en el marco del proyecto se busca que el lugar se consolide como un espacio destinado a la salud, no s\u00f3lo por las actividades propiamente dichas que se desarrollan en relaci\u00f3n a los controles m\u00e9dicos, sino tambi\u00e9n por la posibilidad que aporta para la realizaci\u00f3n de eventos relacionados a la actividad f\u00edsica y el bienestar de la poblaci\u00f3n.<\/p>\n<p>Mediante el dise\u00f1o se propone que el espacio sea un lugar de encuentro y reuni\u00f3n, con el equipamiento urbano necesario, adaptado a los requerimientos actuales de la comunidad.<\/p>\n<p>El acceso principal ser\u00e1 por la esquina de Belgrano y Avda. Brown, enmarcado por dos canteros elevados (situados sobre l\u00ednea municipal de dichas calles), que conducir\u00e1n a uno central, tambi\u00e9n elevado con un \u00fanico \u00e1rbol, que simbolizar\u00e1 la vida y el bienestar, para luego llegar al espacio f\u00edsico destinado a controles, que identificar\u00e1 al lugar como Paseo de la Salud.<\/p>\n<p>Cabe recordar, como antecedente, que el Paseo de la Salud fue inaugurado -el d\u00eda 10 de mayo de 2017- durante la gesti\u00f3n del intendente Ezequiel Galli, con dos objetivos claves: la promoci\u00f3n de h\u00e1bitos saludables y la prevenci\u00f3n de enfermedades no transmisibles.<\/p>\n<p>Surgi\u00f3 por iniciativa de la Secretar\u00eda de Salud P\u00fablica y ha trabajado de manera multidisciplinaria y articulada con diferentes \u00e1reas como Bromatolog\u00eda, Deportes, Turismo, Cultura, en diferentes actividades, propuestas y campa\u00f1as de concientizaci\u00f3n, que tuvieron gran impacto en la comunidad.<\/p>\n<p>La obra de remodelaci\u00f3n del Paseo de la Salud \u2013fue licitada en el mes de julio en el Palacio San Mart\u00edn de la Municipalidad- con la participaci\u00f3n de tres empresas oferentes, resultando adjudicataria la firma de Jos\u00e9 Carlos Balzi, por un monto de $6.920.000.<\/p>\n<p><a href=\"https:\/\/experienciadevida.com.ar\/portalurbano\/obra-del-paseo-de-la-salud-los-olavarrienses-tenemos-una-identificacion-con-nuestros-parques\/obra-del\/\" rel=\"attachment wp-att-160517\"><img decoding=\"async\" class=\"alignnone size-large wp-image-160517\" src=\"https:\/\/experienciadevida.com.ar\/portalurbano\/wp-content\/uploads\/2022\/01\/Obra-del-1024x684.jpg\" alt=\"Obra del \" width=\"900\" height=\"601\" \/><\/a><\/p>\n","protected":false},"excerpt":{"rendered":"<p>Obra del paseo de la salud: \u201cLos olavarrienses tenemos una identificaci\u00f3n con nuestros parques\u201d, as\u00ed&#8230;<\/p>\n","protected":false},"author":1,"featured_media":160516,"comment_status":"closed","ping_status":"closed","sticky":false,"template":"","format":"standard","meta":{"content-type":""},"categories":[27,64],"tags":[],"nelio_content":{"isAutoShareEnabled":false,"autoShareEndMode":"default","automationSources":{"useContentSentences":true,"useSocialTemplates":true,"useCustomSentences":false,"customSentences":[]},"followers":[1],"suggestedReferences":[],"includedReferences":["https:\/\/www.instagram.com\/julitoferraro\/?hl=es-la"],"efiUrl":"","efiAlt":"","highlights":[]},"yoast_head":"<!-- This site is optimized with the Yoast SEO plugin v20.7 - https:\/\/yoast.com\/wordpress\/plugins\/seo\/ -->\n<title>Obra del paseo de la salud: &quot;Los Olavarrienses tenemos&quot;<\/title>\n<meta name=\"description\" content=\"Obra del paseo de la salud: \u201cLos olavarrienses tenemos una identificaci\u00f3n con nuestros parques\u201d, as\u00ed lo dijo el Intendente\" \/>\n<meta name=\"robots\" content=\"index, follow, max-snippet:-1, max-image-preview:large, max-video-preview:-1\" \/>\n<link rel=\"canonical\" href=\"https:\/\/experienciadevida.com.ar\/portalurbano\/obra-del-paseo-de-la-salud-los-olavarrienses-tenemos-una-identificacion-con-nuestros-parques\/\" \/>\n<meta property=\"og:locale\" content=\"es_ES\" \/>\n<meta property=\"og:type\" content=\"article\" \/>\n<meta property=\"og:title\" content=\"Obra del paseo de la salud: &quot;Los Olavarrienses tenemos&quot;\" \/>\n<meta property=\"og:description\" content=\"Obra del paseo de la salud: \u201cLos olavarrienses tenemos una identificaci\u00f3n con nuestros parques\u201d, as\u00ed lo dijo el Intendente\" \/>\n<meta property=\"og:url\" content=\"https:\/\/experienciadevida.com.ar\/portalurbano\/obra-del-paseo-de-la-salud-los-olavarrienses-tenemos-una-identificacion-con-nuestros-parques\/\" \/>\n<meta property=\"article:publisher\" content=\"https:\/\/www.facebook.com\/Portal-Urbano-171542830093757\/\" \/>\n<meta property=\"article:published_time\" content=\"2022-01-25T16:38:34+00:00\" \/>\n<meta property=\"article:modified_time\" content=\"2022-01-25T16:39:55+00:00\" \/>\n<meta property=\"og:image\" content=\"https:\/\/experienciadevida.com.ar\/portalurbano\/wp-content\/uploads\/2022\/01\/Obra-del-paseo-de-e1643128544905.jpg\" \/>\n\t<meta property=\"og:image:width\" content=\"765\" \/>\n\t<meta property=\"og:image:height\" content=\"511\" \/>\n\t<meta property=\"og:image:type\" content=\"image\/jpeg\" \/>\n<meta name=\"author\" content=\"admpu17wp\" \/>\n<meta name=\"twitter:card\" content=\"summary_large_image\" \/>\n<meta name=\"twitter:creator\" content=\"@portalurbanook\" \/>\n<meta name=\"twitter:site\" content=\"@portalurbanook\" \/>\n<meta name=\"twitter:label1\" content=\"Escrito por\" \/>\n\t<meta name=\"twitter:data1\" content=\"admpu17wp\" \/>\n\t<meta name=\"twitter:label2\" content=\"Tiempo de lectura\" \/>\n\t<meta name=\"twitter:data2\" content=\"3 minutos\" \/>\n<script type=\"application\/ld+json\" class=\"yoast-schema-graph\">{\"@context\":\"https:\/\/schema.org\",\"@graph\":[{\"@type\":\"Article\",\"@id\":\"https:\/\/experienciadevida.com.ar\/portalurbano\/obra-del-paseo-de-la-salud-los-olavarrienses-tenemos-una-identificacion-con-nuestros-parques\/#article\",\"isPartOf\":{\"@id\":\"https:\/\/experienciadevida.com.ar\/portalurbano\/obra-del-paseo-de-la-salud-los-olavarrienses-tenemos-una-identificacion-con-nuestros-parques\/\"},\"author\":{\"name\":\"admpu17wp\",\"@id\":\"https:\/\/experienciadevida.com.ar\/portalurbano\/#\/schema\/person\/02dd326b1c4b056e9cc972486934a3a7\"},\"headline\":\"Obra del paseo de la salud: \u201cLos olavarrienses tenemos una identificaci\u00f3n con nuestros parques\u201d\",\"datePublished\":\"2022-01-25T16:38:34+00:00\",\"dateModified\":\"2022-01-25T16:39:55+00:00\",\"mainEntityOfPage\":{\"@id\":\"https:\/\/experienciadevida.com.ar\/portalurbano\/obra-del-paseo-de-la-salud-los-olavarrienses-tenemos-una-identificacion-con-nuestros-parques\/\"},\"wordCount\":505,\"publisher\":{\"@id\":\"https:\/\/experienciadevida.com.ar\/portalurbano\/#organization\"},\"articleSection\":[\"Ciudad\",\"Destacadas 2\"],\"inLanguage\":\"es\"},{\"@type\":\"WebPage\",\"@id\":\"https:\/\/experienciadevida.com.ar\/portalurbano\/obra-del-paseo-de-la-salud-los-olavarrienses-tenemos-una-identificacion-con-nuestros-parques\/\",\"url\":\"https:\/\/experienciadevida.com.ar\/portalurbano\/obra-del-paseo-de-la-salud-los-olavarrienses-tenemos-una-identificacion-con-nuestros-parques\/\",\"name\":\"Obra del paseo de la salud: \\\"Los Olavarrienses tenemos\\\"\",\"isPartOf\":{\"@id\":\"https:\/\/experienciadevida.com.ar\/portalurbano\/#website\"},\"datePublished\":\"2022-01-25T16:38:34+00:00\",\"dateModified\":\"2022-01-25T16:39:55+00:00\",\"description\":\"Obra del paseo de la salud: \u201cLos olavarrienses tenemos una identificaci\u00f3n con nuestros parques\u201d, as\u00ed lo dijo el Intendente\",\"breadcrumb\":{\"@id\":\"https:\/\/experienciadevida.com.ar\/portalurbano\/obra-del-paseo-de-la-salud-los-olavarrienses-tenemos-una-identificacion-con-nuestros-parques\/#breadcrumb\"},\"inLanguage\":\"es\",\"potentialAction\":[{\"@type\":\"ReadAction\",\"target\":[\"https:\/\/experienciadevida.com.ar\/portalurbano\/obra-del-paseo-de-la-salud-los-olavarrienses-tenemos-una-identificacion-con-nuestros-parques\/\"]}]},{\"@type\":\"BreadcrumbList\",\"@id\":\"https:\/\/experienciadevida.com.ar\/portalurbano\/obra-del-paseo-de-la-salud-los-olavarrienses-tenemos-una-identificacion-con-nuestros-parques\/#breadcrumb\",\"itemListElement\":[{\"@type\":\"ListItem\",\"position\":1,\"name\":\"Portada\",\"item\":\"https:\/\/experienciadevida.com.ar\/portalurbano\/\"},{\"@type\":\"ListItem\",\"position\":2,\"name\":\"Obra del paseo de la salud: \u201cLos olavarrienses tenemos una identificaci\u00f3n con nuestros parques\u201d\"}]},{\"@type\":\"WebSite\",\"@id\":\"https:\/\/experienciadevida.com.ar\/portalurbano\/#website\",\"url\":\"https:\/\/experienciadevida.com.ar\/portalurbano\/\",\"name\":\"\",\"description\":\"\",\"publisher\":{\"@id\":\"https:\/\/experienciadevida.com.ar\/portalurbano\/#organization\"},\"potentialAction\":[{\"@type\":\"SearchAction\",\"target\":{\"@type\":\"EntryPoint\",\"urlTemplate\":\"https:\/\/experienciadevida.com.ar\/portalurbano\/?s={search_term_string}\"},\"query-input\":\"required name=search_term_string\"}],\"inLanguage\":\"es\"},{\"@type\":\"Organization\",\"@id\":\"https:\/\/experienciadevida.com.ar\/portalurbano\/#organization\",\"name\":\"Portal Urbano\",\"url\":\"https:\/\/experienciadevida.com.ar\/portalurbano\/\",\"logo\":{\"@type\":\"ImageObject\",\"inLanguage\":\"es\",\"@id\":\"https:\/\/experienciadevida.com.ar\/portalurbano\/#\/schema\/logo\/image\/\",\"url\":\"https:\/\/experienciadevida.com.ar\/portalurbano\/wp-content\/uploads\/2019\/09\/Logo-Original.png\",\"contentUrl\":\"https:\/\/experienciadevida.com.ar\/portalurbano\/wp-content\/uploads\/2019\/09\/Logo-Original.png\",\"width\":2236,\"height\":1216,\"caption\":\"Portal Urbano\"},\"image\":{\"@id\":\"https:\/\/experienciadevida.com.ar\/portalurbano\/#\/schema\/logo\/image\/\"},\"sameAs\":[\"https:\/\/www.facebook.com\/Portal-Urbano-171542830093757\/\",\"https:\/\/twitter.com\/portalurbanook\",\"https:\/\/www.instagram.com\/_portalurbano\/\",\"https:\/\/www.youtube.com\/channel\/UCXhagIfszH8KxFiOok79zbA?view_as=subscriber\"]},{\"@type\":\"Person\",\"@id\":\"https:\/\/experienciadevida.com.ar\/portalurbano\/#\/schema\/person\/02dd326b1c4b056e9cc972486934a3a7\",\"name\":\"admpu17wp\",\"image\":{\"@type\":\"ImageObject\",\"inLanguage\":\"es\",\"@id\":\"https:\/\/experienciadevida.com.ar\/portalurbano\/#\/schema\/person\/image\/\",\"url\":\"https:\/\/secure.gravatar.com\/avatar\/830d4c57adaae6630765e449a6908047?s=96&d=mm&r=g\",\"contentUrl\":\"https:\/\/secure.gravatar.com\/avatar\/830d4c57adaae6630765e449a6908047?s=96&d=mm&r=g\",\"caption\":\"admpu17wp\"}}]}<\/script>\n<!-- \/ Yoast SEO plugin. -->","yoast_head_json":{"title":"Obra del paseo de la salud: \"Los Olavarrienses tenemos\"","description":"Obra del paseo de la salud: \u201cLos olavarrienses tenemos una identificaci\u00f3n con nuestros parques\u201d, as\u00ed lo dijo el Intendente","robots":{"index":"index","follow":"follow","max-snippet":"max-snippet:-1","max-image-preview":"max-image-preview:large","max-video-preview":"max-video-preview:-1"},"canonical":"https:\/\/experienciadevida.com.ar\/portalurbano\/obra-del-paseo-de-la-salud-los-olavarrienses-tenemos-una-identificacion-con-nuestros-parques\/","og_locale":"es_ES","og_type":"article","og_title":"Obra del paseo de la salud: \"Los Olavarrienses tenemos\"","og_description":"Obra del paseo de la salud: \u201cLos olavarrienses tenemos una identificaci\u00f3n con nuestros parques\u201d, as\u00ed lo dijo el Intendente","og_url":"https:\/\/experienciadevida.com.ar\/portalurbano\/obra-del-paseo-de-la-salud-los-olavarrienses-tenemos-una-identificacion-con-nuestros-parques\/","article_publisher":"https:\/\/www.facebook.com\/Portal-Urbano-171542830093757\/","article_published_time":"2022-01-25T16:38:34+00:00","article_modified_time":"2022-01-25T16:39:55+00:00","og_image":[{"width":765,"height":511,"url":"https:\/\/experienciadevida.com.ar\/portalurbano\/wp-content\/uploads\/2022\/01\/Obra-del-paseo-de-e1643128544905.jpg","type":"image\/jpeg"}],"author":"admpu17wp","twitter_card":"summary_large_image","twitter_creator":"@portalurbanook","twitter_site":"@portalurbanook","twitter_misc":{"Escrito por":"admpu17wp","Tiempo de lectura":"3 minutos"},"schema":{"@context":"https:\/\/schema.org","@graph":[{"@type":"Article","@id":"https:\/\/experienciadevida.com.ar\/portalurbano\/obra-del-paseo-de-la-salud-los-olavarrienses-tenemos-una-identificacion-con-nuestros-parques\/#article","isPartOf":{"@id":"https:\/\/experienciadevida.com.ar\/portalurbano\/obra-del-paseo-de-la-salud-los-olavarrienses-tenemos-una-identificacion-con-nuestros-parques\/"},"author":{"name":"admpu17wp","@id":"https:\/\/experienciadevida.com.ar\/portalurbano\/#\/schema\/person\/02dd326b1c4b056e9cc972486934a3a7"},"headline":"Obra del paseo de la salud: \u201cLos olavarrienses tenemos una identificaci\u00f3n con nuestros parques\u201d","datePublished":"2022-01-25T16:38:34+00:00","dateModified":"2022-01-25T16:39:55+00:00","mainEntityOfPage":{"@id":"https:\/\/experienciadevida.com.ar\/portalurbano\/obra-del-paseo-de-la-salud-los-olavarrienses-tenemos-una-identificacion-con-nuestros-parques\/"},"wordCount":505,"publisher":{"@id":"https:\/\/experienciadevida.com.ar\/portalurbano\/#organization"},"articleSection":["Ciudad","Destacadas 2"],"inLanguage":"es"},{"@type":"WebPage","@id":"https:\/\/experienciadevida.com.ar\/portalurbano\/obra-del-paseo-de-la-salud-los-olavarrienses-tenemos-una-identificacion-con-nuestros-parques\/","url":"https:\/\/experienciadevida.com.ar\/portalurbano\/obra-del-paseo-de-la-salud-los-olavarrienses-tenemos-una-identificacion-con-nuestros-parques\/","name":"Obra del paseo de la salud: \"Los Olavarrienses tenemos\"","isPartOf":{"@id":"https:\/\/experienciadevida.com.ar\/portalurbano\/#website"},"datePublished":"2022-01-25T16:38:34+00:00","dateModified":"2022-01-25T16:39:55+00:00","description":"Obra del paseo de la salud: \u201cLos olavarrienses tenemos una identificaci\u00f3n con nuestros parques\u201d, as\u00ed lo dijo el Intendente","breadcrumb":{"@id":"https:\/\/experienciadevida.com.ar\/portalurbano\/obra-del-paseo-de-la-salud-los-olavarrienses-tenemos-una-identificacion-con-nuestros-parques\/#breadcrumb"},"inLanguage":"es","potentialAction":[{"@type":"ReadAction","target":["https:\/\/experienciadevida.com.ar\/portalurbano\/obra-del-paseo-de-la-salud-los-olavarrienses-tenemos-una-identificacion-con-nuestros-parques\/"]}]},{"@type":"BreadcrumbList","@id":"https:\/\/experienciadevida.com.ar\/portalurbano\/obra-del-paseo-de-la-salud-los-olavarrienses-tenemos-una-identificacion-con-nuestros-parques\/#breadcrumb","itemListElement":[{"@type":"ListItem","position":1,"name":"Portada","item":"https:\/\/experienciadevida.com.ar\/portalurbano\/"},{"@type":"ListItem","position":2,"name":"Obra del paseo de la salud: \u201cLos olavarrienses tenemos una identificaci\u00f3n con nuestros parques\u201d"}]},{"@type":"WebSite","@id":"https:\/\/experienciadevida.com.ar\/portalurbano\/#website","url":"https:\/\/experienciadevida.com.ar\/portalurbano\/","name":"","description":"","publisher":{"@id":"https:\/\/experienciadevida.com.ar\/portalurbano\/#organization"},"potentialAction":[{"@type":"SearchAction","target":{"@type":"EntryPoint","urlTemplate":"https:\/\/experienciadevida.com.ar\/portalurbano\/?s={search_term_string}"},"query-input":"required name=search_term_string"}],"inLanguage":"es"},{"@type":"Organization","@id":"https:\/\/experienciadevida.com.ar\/portalurbano\/#organization","name":"Portal Urbano","url":"https:\/\/experienciadevida.com.ar\/portalurbano\/","logo":{"@type":"ImageObject","inLanguage":"es","@id":"https:\/\/experienciadevida.com.ar\/portalurbano\/#\/schema\/logo\/image\/","url":"https:\/\/experienciadevida.com.ar\/portalurbano\/wp-content\/uploads\/2019\/09\/Logo-Original.png","contentUrl":"https:\/\/experienciadevida.com.ar\/portalurbano\/wp-content\/uploads\/2019\/09\/Logo-Original.png","width":2236,"height":1216,"caption":"Portal Urbano"},"image":{"@id":"https:\/\/experienciadevida.com.ar\/portalurbano\/#\/schema\/logo\/image\/"},"sameAs":["https:\/\/www.facebook.com\/Portal-Urbano-171542830093757\/","https:\/\/twitter.com\/portalurbanook","https:\/\/www.instagram.com\/_portalurbano\/","https:\/\/www.youtube.com\/channel\/UCXhagIfszH8KxFiOok79zbA?view_as=subscriber"]},{"@type":"Person","@id":"https:\/\/experienciadevida.com.ar\/portalurbano\/#\/schema\/person\/02dd326b1c4b056e9cc972486934a3a7","name":"admpu17wp","image":{"@type":"ImageObject","inLanguage":"es","@id":"https:\/\/experienciadevida.com.ar\/portalurbano\/#\/schema\/person\/image\/","url":"https:\/\/secure.gravatar.com\/avatar\/830d4c57adaae6630765e449a6908047?s=96&d=mm&r=g","contentUrl":"https:\/\/secure.gravatar.com\/avatar\/830d4c57adaae6630765e449a6908047?s=96&d=mm&r=g","caption":"admpu17wp"}}]}},"featured_image_urls":{"full":["https:\/\/experienciadevida.com.ar\/portalurbano\/wp-content\/uploads\/2022\/01\/Obra-del-paseo-de-e1643128544905.jpg",765,511,false],"thumbnail":["https:\/\/experienciadevida.com.ar\/portalurbano\/wp-content\/uploads\/2022\/01\/Obra-del-paseo-de-150x150.jpg",150,150,true],"medium":["https:\/\/experienciadevida.com.ar\/portalurbano\/wp-content\/uploads\/2022\/01\/Obra-del-paseo-de-300x201.jpg",300,201,true],"medium_large":["https:\/\/experienciadevida.com.ar\/portalurbano\/wp-content\/uploads\/2022\/01\/Obra-del-paseo-de-768x513.jpg",640,428,true],"large":["https:\/\/experienciadevida.com.ar\/portalurbano\/wp-content\/uploads\/2022\/01\/Obra-del-paseo-de-1024x684.jpg",640,428,true],"ug_big":["https:\/\/experienciadevida.com.ar\/portalurbano\/wp-content\/uploads\/2022\/01\/Obra-del-paseo-de-768x513.jpg",768,513,true],"1536x1536":["https:\/\/experienciadevida.com.ar\/portalurbano\/wp-content\/uploads\/2022\/01\/Obra-del-paseo-de-1536x1027.jpg",1536,1027,true],"2048x2048":["https:\/\/experienciadevida.com.ar\/portalurbano\/wp-content\/uploads\/2022\/01\/Obra-del-paseo-de-2048x1369.jpg",2048,1369,true],"newsever-slider-full":["https:\/\/experienciadevida.com.ar\/portalurbano\/wp-content\/uploads\/2022\/01\/Obra-del-paseo-de-e1643128544905.jpg",765,511,false],"newsever-featured":["https:\/\/experienciadevida.com.ar\/portalurbano\/wp-content\/uploads\/2022\/01\/Obra-del-paseo-de-e1643128544905.jpg",765,511,false],"newsever-medium":["https:\/\/experienciadevida.com.ar\/portalurbano\/wp-content\/uploads\/2022\/01\/Obra-del-paseo-de-e1643128544905.jpg",711,475,false],"web-stories-poster-portrait":["https:\/\/experienciadevida.com.ar\/portalurbano\/wp-content\/uploads\/2022\/01\/Obra-del-paseo-de-e1643128544905.jpg",640,428,false],"web-stories-publisher-logo":["https:\/\/experienciadevida.com.ar\/portalurbano\/wp-content\/uploads\/2022\/01\/Obra-del-paseo-de-e1643128544905.jpg",96,64,false],"web-stories-thumbnail":["https:\/\/experienciadevida.com.ar\/portalurbano\/wp-content\/uploads\/2022\/01\/Obra-del-paseo-de-e1643128544905.jpg",150,100,false]},"author_info":{"display_name":"admpu17wp","author_link":"https:\/\/experienciadevida.com.ar\/portalurbano\/author\/admpu17wp\/"},"category_info":"<a href=\"https:\/\/experienciadevida.com.ar\/portalurbano\/category\/ciudad\/\" rel=\"category tag\">Ciudad<\/a> <a href=\"https:\/\/experienciadevida.com.ar\/portalurbano\/category\/destacadas-2\/\" rel=\"category tag\">Destacadas 2<\/a>","tag_info":"Destacadas 2","comment_count":"0","amp_enabled":true,"_links":{"self":[{"href":"https:\/\/experienciadevida.com.ar\/portalurbano\/wp-json\/wp\/v2\/posts\/160515"}],"collection":[{"href":"https:\/\/experienciadevida.com.ar\/portalurbano\/wp-json\/wp\/v2\/posts"}],"about":[{"href":"https:\/\/experienciadevida.com.ar\/portalurbano\/wp-json\/wp\/v2\/types\/post"}],"author":[{"embeddable":true,"href":"https:\/\/experienciadevida.com.ar\/portalurbano\/wp-json\/wp\/v2\/users\/1"}],"replies":[{"embeddable":true,"href":"https:\/\/experienciadevida.com.ar\/portalurbano\/wp-json\/wp\/v2\/comments?post=160515"}],"version-history":[{"count":3,"href":"https:\/\/experienciadevida.com.ar\/portalurbano\/wp-json\/wp\/v2\/posts\/160515\/revisions"}],"predecessor-version":[{"id":160520,"href":"https:\/\/experienciadevida.com.ar\/portalurbano\/wp-json\/wp\/v2\/posts\/160515\/revisions\/160520"}],"wp:featuredmedia":[{"embeddable":true,"href":"https:\/\/experienciadevida.com.ar\/portalurbano\/wp-json\/wp\/v2\/media\/160516"}],"wp:attachment":[{"href":"https:\/\/experienciadevida.com.ar\/portalurbano\/wp-json\/wp\/v2\/media?parent=160515"}],"wp:term":[{"taxonomy":"category","embeddable":true,"href":"https:\/\/experienciadevida.com.ar\/portalurbano\/wp-json\/wp\/v2\/categories?post=160515"},{"taxonomy":"post_tag","embeddable":true,"href":"https:\/\/experienciadevida.com.ar\/portalurbano\/wp-json\/wp\/v2\/tags?post=160515"}],"curies":[{"name":"wp","href":"https:\/\/api.w.org\/{rel}","templated":true}]}}