{"id":160492,"date":"2022-01-25T11:13:45","date_gmt":"2022-01-25T14:13:45","guid":{"rendered":"https:\/\/experienciadevida.com.ar\/portalurbano\/?p=160492"},"modified":"2022-01-25T11:17:45","modified_gmt":"2022-01-25T14:17:45","slug":"cena-solidaria-se-subastara-una-paleta-de-fede-chingotto","status":"publish","type":"post","link":"https:\/\/experienciadevida.com.ar\/portalurbano\/cena-solidaria-se-subastara-una-paleta-de-fede-chingotto\/","title":{"rendered":"Cena Solidaria: se subastar\u00e1 una paleta de Fede Chingotto"},"content":{"rendered":"<p>Cena Solidaria: se subastar\u00e1 una paleta de Fede Chingotto, el intendente Ezequiel Galli recibi\u00f3 -en Sala de Reuniones- al jugador olavarriense de p\u00e1del Federico Chingotto.<\/p>\n<p>El joven, de 24 a\u00f1os, se encuentra en la ciudad por estos d\u00edas y aprovech\u00f3 la oportunidad para entregar una paleta oficial, para que pueda ser subastada en la 9\u00aa edici\u00f3n de la Cena Anual Solidaria, a beneficio de Bomberos Voluntarios.<\/p>\n<p>\u201cMe alegra mucho tu presente, a todos los olavarrienses que te seguimos. Es impresionante lo que has logrado y todav\u00eda tenes mucho camino para crecer\u201d, expres\u00f3 el Intendente.<\/p>\n<p>Chingotto dialog\u00f3 sobre su preparaci\u00f3n actual de cara a los pr\u00f3ximos torneos de p\u00e1del que deber\u00e1 afrontar en el exterior. Asimismo coment\u00f3 acerca de proyectos personales que tiene con respecto al deporte en la ciudad.<\/p>\n<p>El Intendente <a href=\"https:\/\/www.facebook.com\/galliezequiel\">Galli<\/a> le expres\u00f3 que \u201cen todas las cenas solidarias siempre nos fue muy bien con las subastas. Una paleta tuya yo creo que se puede subastar muy bien, m\u00e1s con el furor del p\u00e1del y con el presente tuyo. Te agradezco en nombre de los Bomberos, porque lo que se recaude va a ser muy importante para ellos. Creo que va a ser importante porque \u00bfQui\u00e9n no quiere tener una paleta tuya?\u201d.<\/p>\n<p>\u201cEn lo que pueda ayudar para la ciudad, me encanta y ya lo sabes que cont\u00e1s conmigo\u201d, concluy\u00f3 Chingotto.<\/p>\n<p>La 9\u00aa Cena Anual Solidaria se realizar\u00e1 el d\u00eda s\u00e1bado 12 de febrero, en instalaciones del Centro de Exposiciones Municipal de Olavarr\u00eda (CEMO).<\/p>\n<p>Todas aquellas personas interesadas en adquirir una entrada, deber\u00e1n comunicarse a los tel\u00e9fonos 2284-226611 y 2284-585457.<\/p>\n<p>La Cena Anual Solidaria re\u00fane en cada edici\u00f3n a cientos de olavarrienses, con el \u00fanico prop\u00f3sito de ayudar y reconocer el importante trabajo diario que realizan las instituciones locales en favor de la comunidad.<\/p>\n<p>Adem\u00e1s, en el marco del evento los asistentes pueden disfrutar de diferentes atractivos musicales, participar de las ya tradicionales \u201csubastas\u201d y muchas sorpresas m\u00e1s.<\/p>\n","protected":false},"excerpt":{"rendered":"<p>Cena Solidaria: se subastar\u00e1 una paleta de Fede Chingotto, el intendente Ezequiel Galli recibi\u00f3 -en&#8230;<\/p>\n","protected":false},"author":1,"featured_media":160493,"comment_status":"closed","ping_status":"closed","sticky":false,"template":"","format":"standard","meta":{"content-type":""},"categories":[27,64],"tags":[],"nelio_content":{"isAutoShareEnabled":false,"autoShareEndMode":"default","automationSources":{"useContentSentences":true,"useSocialTemplates":true,"useCustomSentences":false,"customSentences":[]},"followers":[1],"suggestedReferences":[],"includedReferences":[],"efiUrl":"","efiAlt":"","highlights":[]},"yoast_head":"<!-- This site is optimized with the Yoast SEO plugin v20.7 - https:\/\/yoast.com\/wordpress\/plugins\/seo\/ -->\n<title>Cena solidaria: Se subastar\u00e1 una paleta de Fede Chingotto<\/title>\n<meta name=\"description\" content=\"Cena Solidaria: se subastar\u00e1 una paleta de Fede Chingotto, el intendente Ezequiel Galli recibi\u00f3 -en Sala de Reuniones\" \/>\n<meta name=\"robots\" content=\"index, follow, max-snippet:-1, max-image-preview:large, max-video-preview:-1\" \/>\n<link rel=\"canonical\" href=\"https:\/\/experienciadevida.com.ar\/portalurbano\/cena-solidaria-se-subastara-una-paleta-de-fede-chingotto\/\" \/>\n<meta property=\"og:locale\" content=\"es_ES\" \/>\n<meta property=\"og:type\" content=\"article\" \/>\n<meta property=\"og:title\" content=\"Cena solidaria: Se subastar\u00e1 una paleta de Fede Chingotto\" \/>\n<meta property=\"og:description\" content=\"Cena Solidaria: se subastar\u00e1 una paleta de Fede Chingotto, el intendente Ezequiel Galli recibi\u00f3 -en Sala de Reuniones\" \/>\n<meta property=\"og:url\" content=\"https:\/\/experienciadevida.com.ar\/portalurbano\/cena-solidaria-se-subastara-una-paleta-de-fede-chingotto\/\" \/>\n<meta property=\"article:publisher\" content=\"https:\/\/www.facebook.com\/Portal-Urbano-171542830093757\/\" \/>\n<meta property=\"article:published_time\" content=\"2022-01-25T14:13:45+00:00\" \/>\n<meta property=\"article:modified_time\" content=\"2022-01-25T14:17:45+00:00\" \/>\n<meta property=\"og:image\" content=\"https:\/\/experienciadevida.com.ar\/portalurbano\/wp-content\/uploads\/2022\/01\/Cena-Solidaria-e1643117497169.jpg\" \/>\n\t<meta property=\"og:image:width\" content=\"765\" \/>\n\t<meta property=\"og:image:height\" content=\"511\" \/>\n\t<meta property=\"og:image:type\" content=\"image\/jpeg\" \/>\n<meta name=\"author\" content=\"admpu17wp\" \/>\n<meta name=\"twitter:card\" content=\"summary_large_image\" \/>\n<meta name=\"twitter:creator\" content=\"@portalurbanook\" \/>\n<meta name=\"twitter:site\" content=\"@portalurbanook\" \/>\n<meta name=\"twitter:label1\" content=\"Escrito por\" \/>\n\t<meta name=\"twitter:data1\" content=\"admpu17wp\" \/>\n\t<meta name=\"twitter:label2\" content=\"Tiempo de lectura\" \/>\n\t<meta name=\"twitter:data2\" content=\"2 minutos\" \/>\n<script type=\"application\/ld+json\" class=\"yoast-schema-graph\">{\"@context\":\"https:\/\/schema.org\",\"@graph\":[{\"@type\":\"Article\",\"@id\":\"https:\/\/experienciadevida.com.ar\/portalurbano\/cena-solidaria-se-subastara-una-paleta-de-fede-chingotto\/#article\",\"isPartOf\":{\"@id\":\"https:\/\/experienciadevida.com.ar\/portalurbano\/cena-solidaria-se-subastara-una-paleta-de-fede-chingotto\/\"},\"author\":{\"name\":\"admpu17wp\",\"@id\":\"https:\/\/experienciadevida.com.ar\/portalurbano\/#\/schema\/person\/02dd326b1c4b056e9cc972486934a3a7\"},\"headline\":\"Cena Solidaria: se subastar\u00e1 una paleta de Fede Chingotto\",\"datePublished\":\"2022-01-25T14:13:45+00:00\",\"dateModified\":\"2022-01-25T14:17:45+00:00\",\"mainEntityOfPage\":{\"@id\":\"https:\/\/experienciadevida.com.ar\/portalurbano\/cena-solidaria-se-subastara-una-paleta-de-fede-chingotto\/\"},\"wordCount\":346,\"publisher\":{\"@id\":\"https:\/\/experienciadevida.com.ar\/portalurbano\/#organization\"},\"articleSection\":[\"Ciudad\",\"Destacadas 2\"],\"inLanguage\":\"es\"},{\"@type\":\"WebPage\",\"@id\":\"https:\/\/experienciadevida.com.ar\/portalurbano\/cena-solidaria-se-subastara-una-paleta-de-fede-chingotto\/\",\"url\":\"https:\/\/experienciadevida.com.ar\/portalurbano\/cena-solidaria-se-subastara-una-paleta-de-fede-chingotto\/\",\"name\":\"Cena solidaria: Se subastar\u00e1 una paleta de Fede Chingotto\",\"isPartOf\":{\"@id\":\"https:\/\/experienciadevida.com.ar\/portalurbano\/#website\"},\"datePublished\":\"2022-01-25T14:13:45+00:00\",\"dateModified\":\"2022-01-25T14:17:45+00:00\",\"description\":\"Cena Solidaria: se subastar\u00e1 una paleta de Fede Chingotto, el intendente Ezequiel Galli recibi\u00f3 -en Sala de Reuniones\",\"breadcrumb\":{\"@id\":\"https:\/\/experienciadevida.com.ar\/portalurbano\/cena-solidaria-se-subastara-una-paleta-de-fede-chingotto\/#breadcrumb\"},\"inLanguage\":\"es\",\"potentialAction\":[{\"@type\":\"ReadAction\",\"target\":[\"https:\/\/experienciadevida.com.ar\/portalurbano\/cena-solidaria-se-subastara-una-paleta-de-fede-chingotto\/\"]}]},{\"@type\":\"BreadcrumbList\",\"@id\":\"https:\/\/experienciadevida.com.ar\/portalurbano\/cena-solidaria-se-subastara-una-paleta-de-fede-chingotto\/#breadcrumb\",\"itemListElement\":[{\"@type\":\"ListItem\",\"position\":1,\"name\":\"Portada\",\"item\":\"https:\/\/experienciadevida.com.ar\/portalurbano\/\"},{\"@type\":\"ListItem\",\"position\":2,\"name\":\"Cena Solidaria: se subastar\u00e1 una paleta de Fede Chingotto\"}]},{\"@type\":\"WebSite\",\"@id\":\"https:\/\/experienciadevida.com.ar\/portalurbano\/#website\",\"url\":\"https:\/\/experienciadevida.com.ar\/portalurbano\/\",\"name\":\"\",\"description\":\"\",\"publisher\":{\"@id\":\"https:\/\/experienciadevida.com.ar\/portalurbano\/#organization\"},\"potentialAction\":[{\"@type\":\"SearchAction\",\"target\":{\"@type\":\"EntryPoint\",\"urlTemplate\":\"https:\/\/experienciadevida.com.ar\/portalurbano\/?s={search_term_string}\"},\"query-input\":\"required name=search_term_string\"}],\"inLanguage\":\"es\"},{\"@type\":\"Organization\",\"@id\":\"https:\/\/experienciadevida.com.ar\/portalurbano\/#organization\",\"name\":\"Portal Urbano\",\"url\":\"https:\/\/experienciadevida.com.ar\/portalurbano\/\",\"logo\":{\"@type\":\"ImageObject\",\"inLanguage\":\"es\",\"@id\":\"https:\/\/experienciadevida.com.ar\/portalurbano\/#\/schema\/logo\/image\/\",\"url\":\"https:\/\/experienciadevida.com.ar\/portalurbano\/wp-content\/uploads\/2019\/09\/Logo-Original.png\",\"contentUrl\":\"https:\/\/experienciadevida.com.ar\/portalurbano\/wp-content\/uploads\/2019\/09\/Logo-Original.png\",\"width\":2236,\"height\":1216,\"caption\":\"Portal Urbano\"},\"image\":{\"@id\":\"https:\/\/experienciadevida.com.ar\/portalurbano\/#\/schema\/logo\/image\/\"},\"sameAs\":[\"https:\/\/www.facebook.com\/Portal-Urbano-171542830093757\/\",\"https:\/\/twitter.com\/portalurbanook\",\"https:\/\/www.instagram.com\/_portalurbano\/\",\"https:\/\/www.youtube.com\/channel\/UCXhagIfszH8KxFiOok79zbA?view_as=subscriber\"]},{\"@type\":\"Person\",\"@id\":\"https:\/\/experienciadevida.com.ar\/portalurbano\/#\/schema\/person\/02dd326b1c4b056e9cc972486934a3a7\",\"name\":\"admpu17wp\",\"image\":{\"@type\":\"ImageObject\",\"inLanguage\":\"es\",\"@id\":\"https:\/\/experienciadevida.com.ar\/portalurbano\/#\/schema\/person\/image\/\",\"url\":\"https:\/\/secure.gravatar.com\/avatar\/830d4c57adaae6630765e449a6908047?s=96&d=mm&r=g\",\"contentUrl\":\"https:\/\/secure.gravatar.com\/avatar\/830d4c57adaae6630765e449a6908047?s=96&d=mm&r=g\",\"caption\":\"admpu17wp\"}}]}<\/script>\n<!-- \/ Yoast SEO plugin. -->","yoast_head_json":{"title":"Cena solidaria: Se subastar\u00e1 una paleta de Fede Chingotto","description":"Cena Solidaria: se subastar\u00e1 una paleta de Fede Chingotto, el intendente Ezequiel Galli recibi\u00f3 -en Sala de Reuniones","robots":{"index":"index","follow":"follow","max-snippet":"max-snippet:-1","max-image-preview":"max-image-preview:large","max-video-preview":"max-video-preview:-1"},"canonical":"https:\/\/experienciadevida.com.ar\/portalurbano\/cena-solidaria-se-subastara-una-paleta-de-fede-chingotto\/","og_locale":"es_ES","og_type":"article","og_title":"Cena solidaria: Se subastar\u00e1 una paleta de Fede Chingotto","og_description":"Cena Solidaria: se subastar\u00e1 una paleta de Fede Chingotto, el intendente Ezequiel Galli recibi\u00f3 -en Sala de Reuniones","og_url":"https:\/\/experienciadevida.com.ar\/portalurbano\/cena-solidaria-se-subastara-una-paleta-de-fede-chingotto\/","article_publisher":"https:\/\/www.facebook.com\/Portal-Urbano-171542830093757\/","article_published_time":"2022-01-25T14:13:45+00:00","article_modified_time":"2022-01-25T14:17:45+00:00","og_image":[{"width":765,"height":511,"url":"https:\/\/experienciadevida.com.ar\/portalurbano\/wp-content\/uploads\/2022\/01\/Cena-Solidaria-e1643117497169.jpg","type":"image\/jpeg"}],"author":"admpu17wp","twitter_card":"summary_large_image","twitter_creator":"@portalurbanook","twitter_site":"@portalurbanook","twitter_misc":{"Escrito por":"admpu17wp","Tiempo de lectura":"2 minutos"},"schema":{"@context":"https:\/\/schema.org","@graph":[{"@type":"Article","@id":"https:\/\/experienciadevida.com.ar\/portalurbano\/cena-solidaria-se-subastara-una-paleta-de-fede-chingotto\/#article","isPartOf":{"@id":"https:\/\/experienciadevida.com.ar\/portalurbano\/cena-solidaria-se-subastara-una-paleta-de-fede-chingotto\/"},"author":{"name":"admpu17wp","@id":"https:\/\/experienciadevida.com.ar\/portalurbano\/#\/schema\/person\/02dd326b1c4b056e9cc972486934a3a7"},"headline":"Cena Solidaria: se subastar\u00e1 una paleta de Fede Chingotto","datePublished":"2022-01-25T14:13:45+00:00","dateModified":"2022-01-25T14:17:45+00:00","mainEntityOfPage":{"@id":"https:\/\/experienciadevida.com.ar\/portalurbano\/cena-solidaria-se-subastara-una-paleta-de-fede-chingotto\/"},"wordCount":346,"publisher":{"@id":"https:\/\/experienciadevida.com.ar\/portalurbano\/#organization"},"articleSection":["Ciudad","Destacadas 2"],"inLanguage":"es"},{"@type":"WebPage","@id":"https:\/\/experienciadevida.com.ar\/portalurbano\/cena-solidaria-se-subastara-una-paleta-de-fede-chingotto\/","url":"https:\/\/experienciadevida.com.ar\/portalurbano\/cena-solidaria-se-subastara-una-paleta-de-fede-chingotto\/","name":"Cena solidaria: Se subastar\u00e1 una paleta de Fede Chingotto","isPartOf":{"@id":"https:\/\/experienciadevida.com.ar\/portalurbano\/#website"},"datePublished":"2022-01-25T14:13:45+00:00","dateModified":"2022-01-25T14:17:45+00:00","description":"Cena Solidaria: se subastar\u00e1 una paleta de Fede Chingotto, el intendente Ezequiel Galli recibi\u00f3 -en Sala de Reuniones","breadcrumb":{"@id":"https:\/\/experienciadevida.com.ar\/portalurbano\/cena-solidaria-se-subastara-una-paleta-de-fede-chingotto\/#breadcrumb"},"inLanguage":"es","potentialAction":[{"@type":"ReadAction","target":["https:\/\/experienciadevida.com.ar\/portalurbano\/cena-solidaria-se-subastara-una-paleta-de-fede-chingotto\/"]}]},{"@type":"BreadcrumbList","@id":"https:\/\/experienciadevida.com.ar\/portalurbano\/cena-solidaria-se-subastara-una-paleta-de-fede-chingotto\/#breadcrumb","itemListElement":[{"@type":"ListItem","position":1,"name":"Portada","item":"https:\/\/experienciadevida.com.ar\/portalurbano\/"},{"@type":"ListItem","position":2,"name":"Cena Solidaria: se subastar\u00e1 una paleta de Fede Chingotto"}]},{"@type":"WebSite","@id":"https:\/\/experienciadevida.com.ar\/portalurbano\/#website","url":"https:\/\/experienciadevida.com.ar\/portalurbano\/","name":"","description":"","publisher":{"@id":"https:\/\/experienciadevida.com.ar\/portalurbano\/#organization"},"potentialAction":[{"@type":"SearchAction","target":{"@type":"EntryPoint","urlTemplate":"https:\/\/experienciadevida.com.ar\/portalurbano\/?s={search_term_string}"},"query-input":"required name=search_term_string"}],"inLanguage":"es"},{"@type":"Organization","@id":"https:\/\/experienciadevida.com.ar\/portalurbano\/#organization","name":"Portal Urbano","url":"https:\/\/experienciadevida.com.ar\/portalurbano\/","logo":{"@type":"ImageObject","inLanguage":"es","@id":"https:\/\/experienciadevida.com.ar\/portalurbano\/#\/schema\/logo\/image\/","url":"https:\/\/experienciadevida.com.ar\/portalurbano\/wp-content\/uploads\/2019\/09\/Logo-Original.png","contentUrl":"https:\/\/experienciadevida.com.ar\/portalurbano\/wp-content\/uploads\/2019\/09\/Logo-Original.png","width":2236,"height":1216,"caption":"Portal Urbano"},"image":{"@id":"https:\/\/experienciadevida.com.ar\/portalurbano\/#\/schema\/logo\/image\/"},"sameAs":["https:\/\/www.facebook.com\/Portal-Urbano-171542830093757\/","https:\/\/twitter.com\/portalurbanook","https:\/\/www.instagram.com\/_portalurbano\/","https:\/\/www.youtube.com\/channel\/UCXhagIfszH8KxFiOok79zbA?view_as=subscriber"]},{"@type":"Person","@id":"https:\/\/experienciadevida.com.ar\/portalurbano\/#\/schema\/person\/02dd326b1c4b056e9cc972486934a3a7","name":"admpu17wp","image":{"@type":"ImageObject","inLanguage":"es","@id":"https:\/\/experienciadevida.com.ar\/portalurbano\/#\/schema\/person\/image\/","url":"https:\/\/secure.gravatar.com\/avatar\/830d4c57adaae6630765e449a6908047?s=96&d=mm&r=g","contentUrl":"https:\/\/secure.gravatar.com\/avatar\/830d4c57adaae6630765e449a6908047?s=96&d=mm&r=g","caption":"admpu17wp"}}]}},"featured_image_urls":{"full":["https:\/\/experienciadevida.com.ar\/portalurbano\/wp-content\/uploads\/2022\/01\/Cena-Solidaria-e1643117497169.jpg",765,511,false],"thumbnail":["https:\/\/experienciadevida.com.ar\/portalurbano\/wp-content\/uploads\/2022\/01\/Cena-Solidaria-150x150.jpg",150,150,true],"medium":["https:\/\/experienciadevida.com.ar\/portalurbano\/wp-content\/uploads\/2022\/01\/Cena-Solidaria-300x201.jpg",300,201,true],"medium_large":["https:\/\/experienciadevida.com.ar\/portalurbano\/wp-content\/uploads\/2022\/01\/Cena-Solidaria-768x513.jpg",640,428,true],"large":["https:\/\/experienciadevida.com.ar\/portalurbano\/wp-content\/uploads\/2022\/01\/Cena-Solidaria-1024x684.jpg",640,428,true],"ug_big":["https:\/\/experienciadevida.com.ar\/portalurbano\/wp-content\/uploads\/2022\/01\/Cena-Solidaria-768x513.jpg",768,513,true],"1536x1536":["https:\/\/experienciadevida.com.ar\/portalurbano\/wp-content\/uploads\/2022\/01\/Cena-Solidaria-1536x1027.jpg",1536,1027,true],"2048x2048":["https:\/\/experienciadevida.com.ar\/portalurbano\/wp-content\/uploads\/2022\/01\/Cena-Solidaria-2048x1369.jpg",2048,1369,true],"newsever-slider-full":["https:\/\/experienciadevida.com.ar\/portalurbano\/wp-content\/uploads\/2022\/01\/Cena-Solidaria-e1643117497169.jpg",765,511,false],"newsever-featured":["https:\/\/experienciadevida.com.ar\/portalurbano\/wp-content\/uploads\/2022\/01\/Cena-Solidaria-e1643117497169.jpg",765,511,false],"newsever-medium":["https:\/\/experienciadevida.com.ar\/portalurbano\/wp-content\/uploads\/2022\/01\/Cena-Solidaria-e1643117497169.jpg",711,475,false],"web-stories-poster-portrait":["https:\/\/experienciadevida.com.ar\/portalurbano\/wp-content\/uploads\/2022\/01\/Cena-Solidaria-e1643117497169.jpg",640,428,false],"web-stories-publisher-logo":["https:\/\/experienciadevida.com.ar\/portalurbano\/wp-content\/uploads\/2022\/01\/Cena-Solidaria-e1643117497169.jpg",96,64,false],"web-stories-thumbnail":["https:\/\/experienciadevida.com.ar\/portalurbano\/wp-content\/uploads\/2022\/01\/Cena-Solidaria-e1643117497169.jpg",150,100,false]},"author_info":{"display_name":"admpu17wp","author_link":"https:\/\/experienciadevida.com.ar\/portalurbano\/author\/admpu17wp\/"},"category_info":"<a href=\"https:\/\/experienciadevida.com.ar\/portalurbano\/category\/ciudad\/\" rel=\"category tag\">Ciudad<\/a> <a href=\"https:\/\/experienciadevida.com.ar\/portalurbano\/category\/destacadas-2\/\" rel=\"category tag\">Destacadas 2<\/a>","tag_info":"Destacadas 2","comment_count":"0","amp_enabled":true,"_links":{"self":[{"href":"https:\/\/experienciadevida.com.ar\/portalurbano\/wp-json\/wp\/v2\/posts\/160492"}],"collection":[{"href":"https:\/\/experienciadevida.com.ar\/portalurbano\/wp-json\/wp\/v2\/posts"}],"about":[{"href":"https:\/\/experienciadevida.com.ar\/portalurbano\/wp-json\/wp\/v2\/types\/post"}],"author":[{"embeddable":true,"href":"https:\/\/experienciadevida.com.ar\/portalurbano\/wp-json\/wp\/v2\/users\/1"}],"replies":[{"embeddable":true,"href":"https:\/\/experienciadevida.com.ar\/portalurbano\/wp-json\/wp\/v2\/comments?post=160492"}],"version-history":[{"count":2,"href":"https:\/\/experienciadevida.com.ar\/portalurbano\/wp-json\/wp\/v2\/posts\/160492\/revisions"}],"predecessor-version":[{"id":160495,"href":"https:\/\/experienciadevida.com.ar\/portalurbano\/wp-json\/wp\/v2\/posts\/160492\/revisions\/160495"}],"wp:featuredmedia":[{"embeddable":true,"href":"https:\/\/experienciadevida.com.ar\/portalurbano\/wp-json\/wp\/v2\/media\/160493"}],"wp:attachment":[{"href":"https:\/\/experienciadevida.com.ar\/portalurbano\/wp-json\/wp\/v2\/media?parent=160492"}],"wp:term":[{"taxonomy":"category","embeddable":true,"href":"https:\/\/experienciadevida.com.ar\/portalurbano\/wp-json\/wp\/v2\/categories?post=160492"},{"taxonomy":"post_tag","embeddable":true,"href":"https:\/\/experienciadevida.com.ar\/portalurbano\/wp-json\/wp\/v2\/tags?post=160492"}],"curies":[{"name":"wp","href":"https:\/\/api.w.org\/{rel}","templated":true}]}}