{"id":160476,"date":"2022-01-25T09:51:44","date_gmt":"2022-01-25T12:51:44","guid":{"rendered":"https:\/\/experienciadevida.com.ar\/portalurbano\/?p=160476"},"modified":"2022-01-25T10:00:54","modified_gmt":"2022-01-25T13:00:54","slug":"continuan-las-propuestas-de-verano-en-las-escuelas-artisticas-municipales","status":"publish","type":"post","link":"https:\/\/experienciadevida.com.ar\/portalurbano\/continuan-las-propuestas-de-verano-en-las-escuelas-artisticas-municipales\/","title":{"rendered":"Contin\u00faan las propuestas de verano en las Escuelas Art\u00edsticas Municipales"},"content":{"rendered":"<div class=\"page-title\">\n<p>Contin\u00faan las propuestas de verano en las Escuelas Art\u00edsticas Municipales, hace una semana, con buena convocatoria, se inici\u00f3 la propuesta de las Escuelas Art\u00edsticas Municipales para el Verano 2022, que se promueve desde la Subsecretar\u00eda de Cultura y Educaci\u00f3n del Municipio.<\/p>\n<p>El programa se desarrolla en diferentes sedes y comprende entretenidas actividades para todas las edades, que buscan incentivar la creatividad y el aprendizaje, en el marco de un espacio para el encuentro.<\/p>\n<p>La propuesta se desarrolla en m\u00faltiples sedes: Casa del Bicentenario, Centro Cultural Municipal \u201cSan Jos\u00e9\u201d, Centro Cultural Sierras Bayas, Centro Cultural Hinojo, Vered\u00f3n Museo \u201cD\u00e1maso Arce\u201d, Bioparque \u201cLa M\u00e1xima\u201d, Escuela de M\u00fasica, Escuela de Orfebrer\u00eda, Escuela de Artes Pl\u00e1sticas, entre otros.<\/p>\n<p>Quienes est\u00e9n interesados en participar, podr\u00e1n acercarse de lunes a viernes de 09:00 a 12:30 horas a la Casa de la Cultura (Coronel Su\u00e1rez 2924) o comunicarse telef\u00f3nicamente al (02284) 426043.<\/p>\n<p><strong>Programa de actividades:<\/strong><\/p>\n<p><strong>Casa Bicentenario:<\/strong><\/p>\n<p>Cl\u00e1sico: viernes 18 a 19:30 horas<br \/>\nRitmos Urbanos: mi\u00e9rcoles 18 a 20 horas<br \/>\nYoga: martes y jueves 8:30 a 10:30 horas<\/p>\n<p><a href=\"https:\/\/www.facebook.com\/ccmsanjose\"><strong>Centro Cultural Municipal \u201cSan Jos\u00e9\u201d:<\/strong><\/a><\/p>\n<p>Escuela Art\u00edstica Integrada: mi\u00e9rcoles 9 horas<br \/>\n\u00c1rabe: martes 19 horas<br \/>\nFolklore: jueves 19:30 a 20:30 horas<br \/>\nStreet Jazz: martes y jueves de 9 a 11 horas<br \/>\nEscuela Literaria: martes 9:30 horas<\/p>\n<p><strong>Centro Cultural Sierras Bayas<\/strong><\/p>\n<p>Folklore: viernes 19:30 a 20:30 horas<br \/>\n\u00c1rabe: jueves 19 horas<br \/>\nPl\u00e1stica: d\u00eda y horario a confirmar<\/p>\n<p><strong>Centro Cultural Hinojo<\/strong><\/p>\n<p>Yoga: viernes 17 horas<br \/>\nDanzas Alemanas: martes 9 a 12 horas<br \/>\nFolklore: d\u00eda y horario a confirmar<\/p>\n<p><a href=\"https:\/\/www.facebook.com\/museomunicipaldamasoarce\"><strong>Vered\u00f3n Museo D\u00e1maso Arce<\/strong><\/a><\/p>\n<p>Folklore: jueves y viernes de 18 a 21 horas<br \/>\nTango: mi\u00e9rcoles 26 de enero, de 19 a 21 horas<\/p>\n<p><strong>Colonia San Miguel<\/strong><\/p>\n<p>Danzas alemanas: en Balneario de 10 a 12 horas<\/p>\n<p><a href=\"https:\/\/www.facebook.com\/bioparquelamaximaoficial\"><strong>Bioparque \u201cLa M\u00e1xima\u201d<\/strong><\/a><\/p>\n<p>Yoga: lunes y jueves 17:30 horas<br \/>\nAjedrez: en d\u00eda y horario a confirmar<\/p>\n<p><strong>Escuela de M\u00fasica<\/strong><\/p>\n<p>Guitarra, ukelele, bater\u00eda, piano bajo viol\u00edn, saxo, flauta traversa, acorde\u00f3n, canto, educaci\u00f3n vocal: lunes a viernes 9 a 12 horas y de 18 a 21 horas<\/p>\n<p><strong>Escuela de Artes Pl\u00e1sticas<\/strong><\/p>\n<p>Martes y jueves de 18 a 20:30 horas, en Biblioteca \u201cCoty Laborde\u201d<br \/>\nAjedrez: s\u00e1bado de 10 a 12 horas<\/p>\n<p><strong>Escuela de Orfebrer\u00eda<\/strong><\/p>\n<p>Taller de orfebrer\u00eda: lunes y martes de 18 a 22 horas<br \/>\nTaller de tallado en madera: jueves de 8 a 13 horas<br \/>\nTaller de hilado y tejido: mi\u00e9rcoles de 18 a 22 horas<br \/>\nTaller de dibujo complementario orfebrer\u00eda: lunes de 18 a 20 horas<br \/>\nTaller de dibujo complementario tallado en madera: jueves de 11 a 13 horas<br \/>\nMarroquiner\u00eda: lunes y martes de 8:30 a 12:30 horas<\/p>\n<p><strong>Escuela de Cer\u00e1mica<\/strong><\/p>\n<p>Grupo 1: mi\u00e9rcoles 26 y viernes 28 de enero, en el horario de 9:30 a 11:30 horas<br \/>\nGrupo 2: mi\u00e9rcoles 2 y 9, lunes 7 y 14 de febrero, en el horario de 18 a 20 horas.<\/p>\n<p><strong>Escuela Art\u00edstica de Sierras Bayas<\/strong><\/p>\n<p>Taller Infantil: lunes de 18 a 20 horas<br \/>\nTaller Adultos: 17 horas<br \/>\nVisitas: de lunes a viernes de 18 a 20 horas<\/p>\n<p><strong>Escuela Literaria \u201cAlfonsina\u201d<\/strong><\/p>\n<p>Taller \u201cEl valor de la palabra\u201d, jueves a partir de las 9 horas, en Biblioteca Popular \u201cHelios Eseverri\u201d.<br \/>\nNarrativa y poes\u00eda para adultos, martes, a partir de las 9:30 horas, en el Centro Cultural Municipal \u201cSan Jos\u00e9\u201d<\/p>\n<p>Prado Espa\u00f1ol (D\u00e1maso Arce y 25 de Mayo)<\/p>\n<p>Tango: mi\u00e9rcoles 2 de febrero, de 19 a 21 horas.<\/p>\n<p>Plaza Manuel Belgrano (San Vicente)<\/p>\n<p>Tango: mi\u00e9rcoles 9 de febrero, de 19 a 21 horas.<\/p>\n<p>Paseo \u201cJes\u00fas Mend\u00eda\u201d<\/p>\n<p>Tango: mi\u00e9rcoles 16 de febrero, de 19 a 21 horas.<\/p>\n<\/div>\n<div class=\"breadcrumbs\"><\/div>\n","protected":false},"excerpt":{"rendered":"<p>Contin\u00faan las propuestas de verano en las Escuelas Art\u00edsticas Municipales, hace una semana, con buena&#8230;<\/p>\n","protected":false},"author":1,"featured_media":160477,"comment_status":"closed","ping_status":"closed","sticky":false,"template":"","format":"standard","meta":{"content-type":""},"categories":[27,51],"tags":[],"nelio_content":{"isAutoShareEnabled":false,"autoShareEndMode":"default","automationSources":{"useContentSentences":true,"useSocialTemplates":true,"useCustomSentences":false,"customSentences":[]},"followers":[1],"suggestedReferences":[],"includedReferences":[],"efiUrl":"","efiAlt":"","highlights":[]},"yoast_head":"<!-- This site is optimized with the Yoast SEO plugin v20.7 - https:\/\/yoast.com\/wordpress\/plugins\/seo\/ -->\n<title>Contin\u00faan las propuestas de verano en las escuelas art\u00edsticas<\/title>\n<meta name=\"description\" content=\"Contin\u00faan las propuestas de verano en las Escuelas Art\u00edsticas Municipales, hace una semana, con buena convocatoria,\" \/>\n<meta name=\"robots\" content=\"index, follow, max-snippet:-1, max-image-preview:large, max-video-preview:-1\" \/>\n<link rel=\"canonical\" href=\"https:\/\/experienciadevida.com.ar\/portalurbano\/continuan-las-propuestas-de-verano-en-las-escuelas-artisticas-municipales\/\" \/>\n<meta property=\"og:locale\" content=\"es_ES\" \/>\n<meta property=\"og:type\" content=\"article\" \/>\n<meta property=\"og:title\" content=\"Contin\u00faan las propuestas de verano en las escuelas art\u00edsticas\" \/>\n<meta property=\"og:description\" content=\"Contin\u00faan las propuestas de verano en las Escuelas Art\u00edsticas Municipales, hace una semana, con buena convocatoria,\" \/>\n<meta property=\"og:url\" content=\"https:\/\/experienciadevida.com.ar\/portalurbano\/continuan-las-propuestas-de-verano-en-las-escuelas-artisticas-municipales\/\" \/>\n<meta property=\"article:publisher\" content=\"https:\/\/www.facebook.com\/Portal-Urbano-171542830093757\/\" \/>\n<meta property=\"article:published_time\" content=\"2022-01-25T12:51:44+00:00\" \/>\n<meta property=\"article:modified_time\" content=\"2022-01-25T13:00:54+00:00\" \/>\n<meta property=\"og:image\" content=\"https:\/\/experienciadevida.com.ar\/portalurbano\/wp-content\/uploads\/2022\/01\/Continuan-las-propuestas-de.jpg\" \/>\n\t<meta property=\"og:image:width\" content=\"1024\" \/>\n\t<meta property=\"og:image:height\" content=\"682\" \/>\n\t<meta property=\"og:image:type\" content=\"image\/jpeg\" \/>\n<meta name=\"author\" content=\"admpu17wp\" \/>\n<meta name=\"twitter:card\" content=\"summary_large_image\" \/>\n<meta name=\"twitter:creator\" content=\"@portalurbanook\" \/>\n<meta name=\"twitter:site\" content=\"@portalurbanook\" \/>\n<meta name=\"twitter:label1\" content=\"Escrito por\" \/>\n\t<meta name=\"twitter:data1\" content=\"admpu17wp\" \/>\n\t<meta name=\"twitter:label2\" content=\"Tiempo de lectura\" \/>\n\t<meta name=\"twitter:data2\" content=\"3 minutos\" \/>\n<script type=\"application\/ld+json\" class=\"yoast-schema-graph\">{\"@context\":\"https:\/\/schema.org\",\"@graph\":[{\"@type\":\"Article\",\"@id\":\"https:\/\/experienciadevida.com.ar\/portalurbano\/continuan-las-propuestas-de-verano-en-las-escuelas-artisticas-municipales\/#article\",\"isPartOf\":{\"@id\":\"https:\/\/experienciadevida.com.ar\/portalurbano\/continuan-las-propuestas-de-verano-en-las-escuelas-artisticas-municipales\/\"},\"author\":{\"name\":\"admpu17wp\",\"@id\":\"https:\/\/experienciadevida.com.ar\/portalurbano\/#\/schema\/person\/02dd326b1c4b056e9cc972486934a3a7\"},\"headline\":\"Contin\u00faan las propuestas de verano en las Escuelas Art\u00edsticas Municipales\",\"datePublished\":\"2022-01-25T12:51:44+00:00\",\"dateModified\":\"2022-01-25T13:00:54+00:00\",\"mainEntityOfPage\":{\"@id\":\"https:\/\/experienciadevida.com.ar\/portalurbano\/continuan-las-propuestas-de-verano-en-las-escuelas-artisticas-municipales\/\"},\"wordCount\":554,\"publisher\":{\"@id\":\"https:\/\/experienciadevida.com.ar\/portalurbano\/#organization\"},\"articleSection\":[\"Ciudad\",\"Destacadas\"],\"inLanguage\":\"es\"},{\"@type\":\"WebPage\",\"@id\":\"https:\/\/experienciadevida.com.ar\/portalurbano\/continuan-las-propuestas-de-verano-en-las-escuelas-artisticas-municipales\/\",\"url\":\"https:\/\/experienciadevida.com.ar\/portalurbano\/continuan-las-propuestas-de-verano-en-las-escuelas-artisticas-municipales\/\",\"name\":\"Contin\u00faan las propuestas de verano en las escuelas art\u00edsticas\",\"isPartOf\":{\"@id\":\"https:\/\/experienciadevida.com.ar\/portalurbano\/#website\"},\"datePublished\":\"2022-01-25T12:51:44+00:00\",\"dateModified\":\"2022-01-25T13:00:54+00:00\",\"description\":\"Contin\u00faan las propuestas de verano en las Escuelas Art\u00edsticas Municipales, hace una semana, con buena convocatoria,\",\"breadcrumb\":{\"@id\":\"https:\/\/experienciadevida.com.ar\/portalurbano\/continuan-las-propuestas-de-verano-en-las-escuelas-artisticas-municipales\/#breadcrumb\"},\"inLanguage\":\"es\",\"potentialAction\":[{\"@type\":\"ReadAction\",\"target\":[\"https:\/\/experienciadevida.com.ar\/portalurbano\/continuan-las-propuestas-de-verano-en-las-escuelas-artisticas-municipales\/\"]}]},{\"@type\":\"BreadcrumbList\",\"@id\":\"https:\/\/experienciadevida.com.ar\/portalurbano\/continuan-las-propuestas-de-verano-en-las-escuelas-artisticas-municipales\/#breadcrumb\",\"itemListElement\":[{\"@type\":\"ListItem\",\"position\":1,\"name\":\"Portada\",\"item\":\"https:\/\/experienciadevida.com.ar\/portalurbano\/\"},{\"@type\":\"ListItem\",\"position\":2,\"name\":\"Contin\u00faan las propuestas de verano en las Escuelas Art\u00edsticas Municipales\"}]},{\"@type\":\"WebSite\",\"@id\":\"https:\/\/experienciadevida.com.ar\/portalurbano\/#website\",\"url\":\"https:\/\/experienciadevida.com.ar\/portalurbano\/\",\"name\":\"\",\"description\":\"\",\"publisher\":{\"@id\":\"https:\/\/experienciadevida.com.ar\/portalurbano\/#organization\"},\"potentialAction\":[{\"@type\":\"SearchAction\",\"target\":{\"@type\":\"EntryPoint\",\"urlTemplate\":\"https:\/\/experienciadevida.com.ar\/portalurbano\/?s={search_term_string}\"},\"query-input\":\"required name=search_term_string\"}],\"inLanguage\":\"es\"},{\"@type\":\"Organization\",\"@id\":\"https:\/\/experienciadevida.com.ar\/portalurbano\/#organization\",\"name\":\"Portal Urbano\",\"url\":\"https:\/\/experienciadevida.com.ar\/portalurbano\/\",\"logo\":{\"@type\":\"ImageObject\",\"inLanguage\":\"es\",\"@id\":\"https:\/\/experienciadevida.com.ar\/portalurbano\/#\/schema\/logo\/image\/\",\"url\":\"https:\/\/experienciadevida.com.ar\/portalurbano\/wp-content\/uploads\/2019\/09\/Logo-Original.png\",\"contentUrl\":\"https:\/\/experienciadevida.com.ar\/portalurbano\/wp-content\/uploads\/2019\/09\/Logo-Original.png\",\"width\":2236,\"height\":1216,\"caption\":\"Portal Urbano\"},\"image\":{\"@id\":\"https:\/\/experienciadevida.com.ar\/portalurbano\/#\/schema\/logo\/image\/\"},\"sameAs\":[\"https:\/\/www.facebook.com\/Portal-Urbano-171542830093757\/\",\"https:\/\/twitter.com\/portalurbanook\",\"https:\/\/www.instagram.com\/_portalurbano\/\",\"https:\/\/www.youtube.com\/channel\/UCXhagIfszH8KxFiOok79zbA?view_as=subscriber\"]},{\"@type\":\"Person\",\"@id\":\"https:\/\/experienciadevida.com.ar\/portalurbano\/#\/schema\/person\/02dd326b1c4b056e9cc972486934a3a7\",\"name\":\"admpu17wp\",\"image\":{\"@type\":\"ImageObject\",\"inLanguage\":\"es\",\"@id\":\"https:\/\/experienciadevida.com.ar\/portalurbano\/#\/schema\/person\/image\/\",\"url\":\"https:\/\/secure.gravatar.com\/avatar\/830d4c57adaae6630765e449a6908047?s=96&d=mm&r=g\",\"contentUrl\":\"https:\/\/secure.gravatar.com\/avatar\/830d4c57adaae6630765e449a6908047?s=96&d=mm&r=g\",\"caption\":\"admpu17wp\"}}]}<\/script>\n<!-- \/ Yoast SEO plugin. -->","yoast_head_json":{"title":"Contin\u00faan las propuestas de verano en las escuelas art\u00edsticas","description":"Contin\u00faan las propuestas de verano en las Escuelas Art\u00edsticas Municipales, hace una semana, con buena convocatoria,","robots":{"index":"index","follow":"follow","max-snippet":"max-snippet:-1","max-image-preview":"max-image-preview:large","max-video-preview":"max-video-preview:-1"},"canonical":"https:\/\/experienciadevida.com.ar\/portalurbano\/continuan-las-propuestas-de-verano-en-las-escuelas-artisticas-municipales\/","og_locale":"es_ES","og_type":"article","og_title":"Contin\u00faan las propuestas de verano en las escuelas art\u00edsticas","og_description":"Contin\u00faan las propuestas de verano en las Escuelas Art\u00edsticas Municipales, hace una semana, con buena convocatoria,","og_url":"https:\/\/experienciadevida.com.ar\/portalurbano\/continuan-las-propuestas-de-verano-en-las-escuelas-artisticas-municipales\/","article_publisher":"https:\/\/www.facebook.com\/Portal-Urbano-171542830093757\/","article_published_time":"2022-01-25T12:51:44+00:00","article_modified_time":"2022-01-25T13:00:54+00:00","og_image":[{"width":1024,"height":682,"url":"https:\/\/experienciadevida.com.ar\/portalurbano\/wp-content\/uploads\/2022\/01\/Continuan-las-propuestas-de.jpg","type":"image\/jpeg"}],"author":"admpu17wp","twitter_card":"summary_large_image","twitter_creator":"@portalurbanook","twitter_site":"@portalurbanook","twitter_misc":{"Escrito por":"admpu17wp","Tiempo de lectura":"3 minutos"},"schema":{"@context":"https:\/\/schema.org","@graph":[{"@type":"Article","@id":"https:\/\/experienciadevida.com.ar\/portalurbano\/continuan-las-propuestas-de-verano-en-las-escuelas-artisticas-municipales\/#article","isPartOf":{"@id":"https:\/\/experienciadevida.com.ar\/portalurbano\/continuan-las-propuestas-de-verano-en-las-escuelas-artisticas-municipales\/"},"author":{"name":"admpu17wp","@id":"https:\/\/experienciadevida.com.ar\/portalurbano\/#\/schema\/person\/02dd326b1c4b056e9cc972486934a3a7"},"headline":"Contin\u00faan las propuestas de verano en las Escuelas Art\u00edsticas Municipales","datePublished":"2022-01-25T12:51:44+00:00","dateModified":"2022-01-25T13:00:54+00:00","mainEntityOfPage":{"@id":"https:\/\/experienciadevida.com.ar\/portalurbano\/continuan-las-propuestas-de-verano-en-las-escuelas-artisticas-municipales\/"},"wordCount":554,"publisher":{"@id":"https:\/\/experienciadevida.com.ar\/portalurbano\/#organization"},"articleSection":["Ciudad","Destacadas"],"inLanguage":"es"},{"@type":"WebPage","@id":"https:\/\/experienciadevida.com.ar\/portalurbano\/continuan-las-propuestas-de-verano-en-las-escuelas-artisticas-municipales\/","url":"https:\/\/experienciadevida.com.ar\/portalurbano\/continuan-las-propuestas-de-verano-en-las-escuelas-artisticas-municipales\/","name":"Contin\u00faan las propuestas de verano en las escuelas art\u00edsticas","isPartOf":{"@id":"https:\/\/experienciadevida.com.ar\/portalurbano\/#website"},"datePublished":"2022-01-25T12:51:44+00:00","dateModified":"2022-01-25T13:00:54+00:00","description":"Contin\u00faan las propuestas de verano en las Escuelas Art\u00edsticas Municipales, hace una semana, con buena convocatoria,","breadcrumb":{"@id":"https:\/\/experienciadevida.com.ar\/portalurbano\/continuan-las-propuestas-de-verano-en-las-escuelas-artisticas-municipales\/#breadcrumb"},"inLanguage":"es","potentialAction":[{"@type":"ReadAction","target":["https:\/\/experienciadevida.com.ar\/portalurbano\/continuan-las-propuestas-de-verano-en-las-escuelas-artisticas-municipales\/"]}]},{"@type":"BreadcrumbList","@id":"https:\/\/experienciadevida.com.ar\/portalurbano\/continuan-las-propuestas-de-verano-en-las-escuelas-artisticas-municipales\/#breadcrumb","itemListElement":[{"@type":"ListItem","position":1,"name":"Portada","item":"https:\/\/experienciadevida.com.ar\/portalurbano\/"},{"@type":"ListItem","position":2,"name":"Contin\u00faan las propuestas de verano en las Escuelas Art\u00edsticas Municipales"}]},{"@type":"WebSite","@id":"https:\/\/experienciadevida.com.ar\/portalurbano\/#website","url":"https:\/\/experienciadevida.com.ar\/portalurbano\/","name":"","description":"","publisher":{"@id":"https:\/\/experienciadevida.com.ar\/portalurbano\/#organization"},"potentialAction":[{"@type":"SearchAction","target":{"@type":"EntryPoint","urlTemplate":"https:\/\/experienciadevida.com.ar\/portalurbano\/?s={search_term_string}"},"query-input":"required name=search_term_string"}],"inLanguage":"es"},{"@type":"Organization","@id":"https:\/\/experienciadevida.com.ar\/portalurbano\/#organization","name":"Portal Urbano","url":"https:\/\/experienciadevida.com.ar\/portalurbano\/","logo":{"@type":"ImageObject","inLanguage":"es","@id":"https:\/\/experienciadevida.com.ar\/portalurbano\/#\/schema\/logo\/image\/","url":"https:\/\/experienciadevida.com.ar\/portalurbano\/wp-content\/uploads\/2019\/09\/Logo-Original.png","contentUrl":"https:\/\/experienciadevida.com.ar\/portalurbano\/wp-content\/uploads\/2019\/09\/Logo-Original.png","width":2236,"height":1216,"caption":"Portal Urbano"},"image":{"@id":"https:\/\/experienciadevida.com.ar\/portalurbano\/#\/schema\/logo\/image\/"},"sameAs":["https:\/\/www.facebook.com\/Portal-Urbano-171542830093757\/","https:\/\/twitter.com\/portalurbanook","https:\/\/www.instagram.com\/_portalurbano\/","https:\/\/www.youtube.com\/channel\/UCXhagIfszH8KxFiOok79zbA?view_as=subscriber"]},{"@type":"Person","@id":"https:\/\/experienciadevida.com.ar\/portalurbano\/#\/schema\/person\/02dd326b1c4b056e9cc972486934a3a7","name":"admpu17wp","image":{"@type":"ImageObject","inLanguage":"es","@id":"https:\/\/experienciadevida.com.ar\/portalurbano\/#\/schema\/person\/image\/","url":"https:\/\/secure.gravatar.com\/avatar\/830d4c57adaae6630765e449a6908047?s=96&d=mm&r=g","contentUrl":"https:\/\/secure.gravatar.com\/avatar\/830d4c57adaae6630765e449a6908047?s=96&d=mm&r=g","caption":"admpu17wp"}}]}},"featured_image_urls":{"full":["https:\/\/experienciadevida.com.ar\/portalurbano\/wp-content\/uploads\/2022\/01\/Continuan-las-propuestas-de.jpg",1024,682,false],"thumbnail":["https:\/\/experienciadevida.com.ar\/portalurbano\/wp-content\/uploads\/2022\/01\/Continuan-las-propuestas-de-150x150.jpg",150,150,true],"medium":["https:\/\/experienciadevida.com.ar\/portalurbano\/wp-content\/uploads\/2022\/01\/Continuan-las-propuestas-de-300x200.jpg",300,200,true],"medium_large":["https:\/\/experienciadevida.com.ar\/portalurbano\/wp-content\/uploads\/2022\/01\/Continuan-las-propuestas-de-768x512.jpg",640,427,true],"large":["https:\/\/experienciadevida.com.ar\/portalurbano\/wp-content\/uploads\/2022\/01\/Continuan-las-propuestas-de.jpg",640,426,false],"ug_big":["https:\/\/experienciadevida.com.ar\/portalurbano\/wp-content\/uploads\/2022\/01\/Continuan-las-propuestas-de-768x512.jpg",768,512,true],"1536x1536":["https:\/\/experienciadevida.com.ar\/portalurbano\/wp-content\/uploads\/2022\/01\/Continuan-las-propuestas-de.jpg",1024,682,false],"2048x2048":["https:\/\/experienciadevida.com.ar\/portalurbano\/wp-content\/uploads\/2022\/01\/Continuan-las-propuestas-de.jpg",1024,682,false],"newsever-slider-full":["https:\/\/experienciadevida.com.ar\/portalurbano\/wp-content\/uploads\/2022\/01\/Continuan-las-propuestas-de.jpg",1024,682,false],"newsever-featured":["https:\/\/experienciadevida.com.ar\/portalurbano\/wp-content\/uploads\/2022\/01\/Continuan-las-propuestas-de.jpg",1024,682,false],"newsever-medium":["https:\/\/experienciadevida.com.ar\/portalurbano\/wp-content\/uploads\/2022\/01\/Continuan-las-propuestas-de.jpg",713,475,false],"web-stories-poster-portrait":["https:\/\/experienciadevida.com.ar\/portalurbano\/wp-content\/uploads\/2022\/01\/Continuan-las-propuestas-de.jpg",640,426,false],"web-stories-publisher-logo":["https:\/\/experienciadevida.com.ar\/portalurbano\/wp-content\/uploads\/2022\/01\/Continuan-las-propuestas-de.jpg",96,64,false],"web-stories-thumbnail":["https:\/\/experienciadevida.com.ar\/portalurbano\/wp-content\/uploads\/2022\/01\/Continuan-las-propuestas-de.jpg",150,100,false]},"author_info":{"display_name":"admpu17wp","author_link":"https:\/\/experienciadevida.com.ar\/portalurbano\/author\/admpu17wp\/"},"category_info":"<a href=\"https:\/\/experienciadevida.com.ar\/portalurbano\/category\/ciudad\/\" rel=\"category tag\">Ciudad<\/a> <a href=\"https:\/\/experienciadevida.com.ar\/portalurbano\/category\/destacadas\/\" rel=\"category tag\">Destacadas<\/a>","tag_info":"Destacadas","comment_count":"0","amp_enabled":true,"_links":{"self":[{"href":"https:\/\/experienciadevida.com.ar\/portalurbano\/wp-json\/wp\/v2\/posts\/160476"}],"collection":[{"href":"https:\/\/experienciadevida.com.ar\/portalurbano\/wp-json\/wp\/v2\/posts"}],"about":[{"href":"https:\/\/experienciadevida.com.ar\/portalurbano\/wp-json\/wp\/v2\/types\/post"}],"author":[{"embeddable":true,"href":"https:\/\/experienciadevida.com.ar\/portalurbano\/wp-json\/wp\/v2\/users\/1"}],"replies":[{"embeddable":true,"href":"https:\/\/experienciadevida.com.ar\/portalurbano\/wp-json\/wp\/v2\/comments?post=160476"}],"version-history":[{"count":3,"href":"https:\/\/experienciadevida.com.ar\/portalurbano\/wp-json\/wp\/v2\/posts\/160476\/revisions"}],"predecessor-version":[{"id":160480,"href":"https:\/\/experienciadevida.com.ar\/portalurbano\/wp-json\/wp\/v2\/posts\/160476\/revisions\/160480"}],"wp:featuredmedia":[{"embeddable":true,"href":"https:\/\/experienciadevida.com.ar\/portalurbano\/wp-json\/wp\/v2\/media\/160477"}],"wp:attachment":[{"href":"https:\/\/experienciadevida.com.ar\/portalurbano\/wp-json\/wp\/v2\/media?parent=160476"}],"wp:term":[{"taxonomy":"category","embeddable":true,"href":"https:\/\/experienciadevida.com.ar\/portalurbano\/wp-json\/wp\/v2\/categories?post=160476"},{"taxonomy":"post_tag","embeddable":true,"href":"https:\/\/experienciadevida.com.ar\/portalurbano\/wp-json\/wp\/v2\/tags?post=160476"}],"curies":[{"name":"wp","href":"https:\/\/api.w.org\/{rel}","templated":true}]}}