{"id":160459,"date":"2022-01-24T17:48:35","date_gmt":"2022-01-24T20:48:35","guid":{"rendered":"https:\/\/experienciadevida.com.ar\/portalurbano\/?p=160459"},"modified":"2022-01-24T17:51:37","modified_gmt":"2022-01-24T20:51:37","slug":"tres-personas-con-coronavirus-fallecieron-en-las-ultimas-48-horas-y-se-registraron-365-casos-positivos","status":"publish","type":"post","link":"https:\/\/experienciadevida.com.ar\/portalurbano\/tres-personas-con-coronavirus-fallecieron-en-las-ultimas-48-horas-y-se-registraron-365-casos-positivos\/","title":{"rendered":"Tres personas con coronavirus fallecieron en las \u00faltimas 48 horas y se registraron 365 casos positivos"},"content":{"rendered":"<p>Tres personas con coronavirus fallecieron en las \u00faltimas 48 horas y se registraron 365 casos positivos, as\u00ed fue informado en el informe sanitario correspondiente a este lunes 24 de enero.<\/p>\n<p>Tres personas con coronavirus \u2013que estaban internadas en el Hospital Municipal\u2013 fallecieron en las \u00faltimas 48 horas: dos pacientes de sexo femenino de 71 y 82 a\u00f1os y un paciente de sexo masculino de 79 a\u00f1os. Ninguna presentaba esquema de vacunaci\u00f3n completo contra el Covid19.<\/p>\n<p>Por otra parte, el informe indica que en el d\u00eda de la fecha se analizaron 596 testeos, de los cuales 365 (153 Club El Fort\u00edn \u2013 36 IOMA) fueron positivos y 231 negativos para Covid19. La positividad de la jornada registr\u00f3 un 61%.<\/p>\n<p>742 fueron las personas que recibieron el alta m\u00e9dica, por lo que a la fecha son 2270 los pacientes que transitan la enfermedad en Olavarr\u00eda.<\/p>\n<p>En el Hospital Municipal \u201cDr. H\u00e9ctor M. Cura\u201d hay 28 personas internadas: cinco en la Unidad de Terapia Intensiva, 22 en Cuidados Generales y 1 en Pediatr\u00eda.<\/p>\n<p><a href=\"https:\/\/experienciadevida.com.ar\/portalurbano\/tres-personas-con-coronavirus-fallecieron-en-las-ultimas-48-horas-y-se-registraron-365-casos-positivos\/coronavirus-337\/\" rel=\"attachment wp-att-160461\"><img decoding=\"async\" class=\"alignnone size-large wp-image-160461\" src=\"https:\/\/experienciadevida.com.ar\/portalurbano\/wp-content\/uploads\/2022\/01\/Coronavirus-17-1024x1024.jpg\" alt=\"\" width=\"900\" height=\"900\" srcset=\"https:\/\/experienciadevida.com.ar\/portalurbano\/wp-content\/uploads\/2022\/01\/Coronavirus-17-1024x1024.jpg 1024w, https:\/\/experienciadevida.com.ar\/portalurbano\/wp-content\/uploads\/2022\/01\/Coronavirus-17-300x300.jpg 300w, https:\/\/experienciadevida.com.ar\/portalurbano\/wp-content\/uploads\/2022\/01\/Coronavirus-17-150x150.jpg 150w, https:\/\/experienciadevida.com.ar\/portalurbano\/wp-content\/uploads\/2022\/01\/Coronavirus-17-768x768.jpg 768w, https:\/\/experienciadevida.com.ar\/portalurbano\/wp-content\/uploads\/2022\/01\/Coronavirus-17.jpg 1280w\" sizes=\"(max-width: 900px) 100vw, 900px\" \/><\/a><\/p>\n<p><a href=\"https:\/\/experienciadevida.com.ar\/portalurbano\/tres-personas-con-coronavirus-fallecieron-en-las-ultimas-48-horas-y-se-registraron-365-casos-positivos\/coronavirus1-316\/\" rel=\"attachment wp-att-160462\"><img decoding=\"async\" class=\"alignnone size-large wp-image-160462\" src=\"https:\/\/experienciadevida.com.ar\/portalurbano\/wp-content\/uploads\/2022\/01\/Coronavirus1-16-1024x1024.jpg\" alt=\"\" width=\"900\" height=\"900\" srcset=\"https:\/\/experienciadevida.com.ar\/portalurbano\/wp-content\/uploads\/2022\/01\/Coronavirus1-16-1024x1024.jpg 1024w, https:\/\/experienciadevida.com.ar\/portalurbano\/wp-content\/uploads\/2022\/01\/Coronavirus1-16-300x300.jpg 300w, https:\/\/experienciadevida.com.ar\/portalurbano\/wp-content\/uploads\/2022\/01\/Coronavirus1-16-150x150.jpg 150w, https:\/\/experienciadevida.com.ar\/portalurbano\/wp-content\/uploads\/2022\/01\/Coronavirus1-16-768x768.jpg 768w, https:\/\/experienciadevida.com.ar\/portalurbano\/wp-content\/uploads\/2022\/01\/Coronavirus1-16.jpg 1280w\" sizes=\"(max-width: 900px) 100vw, 900px\" \/><\/a><\/p>\n<p><a href=\"https:\/\/experienciadevida.com.ar\/portalurbano\/tres-personas-con-coronavirus-fallecieron-en-las-ultimas-48-horas-y-se-registraron-365-casos-positivos\/coronavirus2-262\/\" rel=\"attachment wp-att-160463\"><img decoding=\"async\" class=\"alignnone size-large wp-image-160463\" src=\"https:\/\/experienciadevida.com.ar\/portalurbano\/wp-content\/uploads\/2022\/01\/Coronavirus2-15-1024x1024.jpg\" alt=\"\" width=\"900\" height=\"900\" srcset=\"https:\/\/experienciadevida.com.ar\/portalurbano\/wp-content\/uploads\/2022\/01\/Coronavirus2-15-1024x1024.jpg 1024w, https:\/\/experienciadevida.com.ar\/portalurbano\/wp-content\/uploads\/2022\/01\/Coronavirus2-15-300x300.jpg 300w, https:\/\/experienciadevida.com.ar\/portalurbano\/wp-content\/uploads\/2022\/01\/Coronavirus2-15-150x150.jpg 150w, https:\/\/experienciadevida.com.ar\/portalurbano\/wp-content\/uploads\/2022\/01\/Coronavirus2-15-768x768.jpg 768w, https:\/\/experienciadevida.com.ar\/portalurbano\/wp-content\/uploads\/2022\/01\/Coronavirus2-15.jpg 1280w\" sizes=\"(max-width: 900px) 100vw, 900px\" \/><\/a><\/p>\n<p><a href=\"https:\/\/experienciadevida.com.ar\/portalurbano\/tres-personas-con-coronavirus-fallecieron-en-las-ultimas-48-horas-y-se-registraron-365-casos-positivos\/coronavirus3-227\/\" rel=\"attachment wp-att-160464\"><img decoding=\"async\" class=\"alignnone size-large wp-image-160464\" src=\"https:\/\/experienciadevida.com.ar\/portalurbano\/wp-content\/uploads\/2022\/01\/Coronavirus3-17-1024x1024.jpg\" alt=\"\" width=\"900\" height=\"900\" srcset=\"https:\/\/experienciadevida.com.ar\/portalurbano\/wp-content\/uploads\/2022\/01\/Coronavirus3-17-1024x1024.jpg 1024w, https:\/\/experienciadevida.com.ar\/portalurbano\/wp-content\/uploads\/2022\/01\/Coronavirus3-17-300x300.jpg 300w, https:\/\/experienciadevida.com.ar\/portalurbano\/wp-content\/uploads\/2022\/01\/Coronavirus3-17-150x150.jpg 150w, https:\/\/experienciadevida.com.ar\/portalurbano\/wp-content\/uploads\/2022\/01\/Coronavirus3-17-768x768.jpg 768w, https:\/\/experienciadevida.com.ar\/portalurbano\/wp-content\/uploads\/2022\/01\/Coronavirus3-17.jpg 1280w\" sizes=\"(max-width: 900px) 100vw, 900px\" \/><\/a><\/p>\n<p><a href=\"https:\/\/experienciadevida.com.ar\/portalurbano\/tres-personas-con-coronavirus-fallecieron-en-las-ultimas-48-horas-y-se-registraron-365-casos-positivos\/coronavirus4-180\/\" rel=\"attachment wp-att-160465\"><img decoding=\"async\" class=\"alignnone size-large wp-image-160465\" src=\"https:\/\/experienciadevida.com.ar\/portalurbano\/wp-content\/uploads\/2022\/01\/Coronavirus4-17-1024x1024.jpg\" alt=\"\" width=\"900\" height=\"900\" srcset=\"https:\/\/experienciadevida.com.ar\/portalurbano\/wp-content\/uploads\/2022\/01\/Coronavirus4-17-1024x1024.jpg 1024w, https:\/\/experienciadevida.com.ar\/portalurbano\/wp-content\/uploads\/2022\/01\/Coronavirus4-17-300x300.jpg 300w, https:\/\/experienciadevida.com.ar\/portalurbano\/wp-content\/uploads\/2022\/01\/Coronavirus4-17-150x150.jpg 150w, https:\/\/experienciadevida.com.ar\/portalurbano\/wp-content\/uploads\/2022\/01\/Coronavirus4-17-768x768.jpg 768w, https:\/\/experienciadevida.com.ar\/portalurbano\/wp-content\/uploads\/2022\/01\/Coronavirus4-17.jpg 1280w\" sizes=\"(max-width: 900px) 100vw, 900px\" \/><\/a><\/p>\n<p><a href=\"https:\/\/experienciadevida.com.ar\/portalurbano\/tres-personas-con-coronavirus-fallecieron-en-las-ultimas-48-horas-y-se-registraron-365-casos-positivos\/coronavirus5-148\/\" rel=\"attachment wp-att-160467\"><img decoding=\"async\" class=\"alignnone size-large wp-image-160467\" src=\"https:\/\/experienciadevida.com.ar\/portalurbano\/wp-content\/uploads\/2022\/01\/Coronavirus5-11-1024x1024.jpg\" alt=\"\" width=\"900\" height=\"900\" srcset=\"https:\/\/experienciadevida.com.ar\/portalurbano\/wp-content\/uploads\/2022\/01\/Coronavirus5-11-1024x1024.jpg 1024w, https:\/\/experienciadevida.com.ar\/portalurbano\/wp-content\/uploads\/2022\/01\/Coronavirus5-11-300x300.jpg 300w, https:\/\/experienciadevida.com.ar\/portalurbano\/wp-content\/uploads\/2022\/01\/Coronavirus5-11-150x150.jpg 150w, https:\/\/experienciadevida.com.ar\/portalurbano\/wp-content\/uploads\/2022\/01\/Coronavirus5-11-768x768.jpg 768w, https:\/\/experienciadevida.com.ar\/portalurbano\/wp-content\/uploads\/2022\/01\/Coronavirus5-11.jpg 1280w\" sizes=\"(max-width: 900px) 100vw, 900px\" \/><\/a><\/p>\n<p><a href=\"https:\/\/experienciadevida.com.ar\/portalurbano\/tres-personas-con-coronavirus-fallecieron-en-las-ultimas-48-horas-y-se-registraron-365-casos-positivos\/coronavirus6-122\/\" rel=\"attachment wp-att-160468\"><img decoding=\"async\" class=\"alignnone size-large wp-image-160468\" src=\"https:\/\/experienciadevida.com.ar\/portalurbano\/wp-content\/uploads\/2022\/01\/Coronavirus6-8-1024x1024.jpg\" alt=\"\" width=\"900\" height=\"900\" srcset=\"https:\/\/experienciadevida.com.ar\/portalurbano\/wp-content\/uploads\/2022\/01\/Coronavirus6-8-1024x1024.jpg 1024w, https:\/\/experienciadevida.com.ar\/portalurbano\/wp-content\/uploads\/2022\/01\/Coronavirus6-8-300x300.jpg 300w, https:\/\/experienciadevida.com.ar\/portalurbano\/wp-content\/uploads\/2022\/01\/Coronavirus6-8-150x150.jpg 150w, https:\/\/experienciadevida.com.ar\/portalurbano\/wp-content\/uploads\/2022\/01\/Coronavirus6-8-768x768.jpg 768w, https:\/\/experienciadevida.com.ar\/portalurbano\/wp-content\/uploads\/2022\/01\/Coronavirus6-8.jpg 1280w\" sizes=\"(max-width: 900px) 100vw, 900px\" \/><\/a><\/p>\n","protected":false},"excerpt":{"rendered":"<p>Tres personas con coronavirus fallecieron en las \u00faltimas 48 horas y se registraron 365 casos&#8230;<\/p>\n","protected":false},"author":1,"featured_media":121931,"comment_status":"closed","ping_status":"closed","sticky":false,"template":"","format":"standard","meta":{"content-type":""},"categories":[51,45],"tags":[],"nelio_content":{"isAutoShareEnabled":false,"autoShareEndMode":"default","automationSources":{"useContentSentences":true,"useSocialTemplates":true,"useCustomSentences":false,"customSentences":[]},"followers":[1],"suggestedReferences":[],"includedReferences":[],"efiUrl":"","efiAlt":"","highlights":[]},"yoast_head":"<!-- This site is optimized with the Yoast SEO plugin v20.7 - https:\/\/yoast.com\/wordpress\/plugins\/seo\/ -->\n<title>Tres personas con coronavirus fallecieron en las \u00faltimas 48 horas y se registraron 365 casos positivos -<\/title>\n<meta name=\"robots\" content=\"index, follow, max-snippet:-1, max-image-preview:large, max-video-preview:-1\" \/>\n<link rel=\"canonical\" href=\"https:\/\/experienciadevida.com.ar\/portalurbano\/tres-personas-con-coronavirus-fallecieron-en-las-ultimas-48-horas-y-se-registraron-365-casos-positivos\/\" \/>\n<meta property=\"og:locale\" content=\"es_ES\" \/>\n<meta property=\"og:type\" content=\"article\" \/>\n<meta property=\"og:title\" content=\"Tres personas con coronavirus fallecieron en las \u00faltimas 48 horas y se registraron 365 casos positivos -\" \/>\n<meta property=\"og:description\" content=\"Tres personas con coronavirus fallecieron en las \u00faltimas 48 horas y se registraron 365 casos...\" \/>\n<meta property=\"og:url\" content=\"https:\/\/experienciadevida.com.ar\/portalurbano\/tres-personas-con-coronavirus-fallecieron-en-las-ultimas-48-horas-y-se-registraron-365-casos-positivos\/\" \/>\n<meta property=\"article:publisher\" content=\"https:\/\/www.facebook.com\/Portal-Urbano-171542830093757\/\" \/>\n<meta property=\"article:published_time\" content=\"2022-01-24T20:48:35+00:00\" \/>\n<meta property=\"article:modified_time\" content=\"2022-01-24T20:51:37+00:00\" \/>\n<meta property=\"og:image\" content=\"https:\/\/experienciadevida.com.ar\/portalurbano\/wp-content\/uploads\/2020\/09\/Salud-Guardia-Hospital-1-e1600639461545.jpg\" \/>\n\t<meta property=\"og:image:width\" content=\"750\" \/>\n\t<meta property=\"og:image:height\" content=\"562\" \/>\n\t<meta property=\"og:image:type\" content=\"image\/jpeg\" \/>\n<meta name=\"author\" content=\"admpu17wp\" \/>\n<meta name=\"twitter:card\" content=\"summary_large_image\" \/>\n<meta name=\"twitter:creator\" content=\"@portalurbanook\" \/>\n<meta name=\"twitter:site\" content=\"@portalurbanook\" \/>\n<meta name=\"twitter:label1\" content=\"Escrito por\" \/>\n\t<meta name=\"twitter:data1\" content=\"admpu17wp\" \/>\n\t<meta name=\"twitter:label2\" content=\"Tiempo de lectura\" \/>\n\t<meta name=\"twitter:data2\" content=\"2 minutos\" \/>\n<script type=\"application\/ld+json\" class=\"yoast-schema-graph\">{\"@context\":\"https:\/\/schema.org\",\"@graph\":[{\"@type\":\"Article\",\"@id\":\"https:\/\/experienciadevida.com.ar\/portalurbano\/tres-personas-con-coronavirus-fallecieron-en-las-ultimas-48-horas-y-se-registraron-365-casos-positivos\/#article\",\"isPartOf\":{\"@id\":\"https:\/\/experienciadevida.com.ar\/portalurbano\/tres-personas-con-coronavirus-fallecieron-en-las-ultimas-48-horas-y-se-registraron-365-casos-positivos\/\"},\"author\":{\"name\":\"admpu17wp\",\"@id\":\"https:\/\/experienciadevida.com.ar\/portalurbano\/#\/schema\/person\/02dd326b1c4b056e9cc972486934a3a7\"},\"headline\":\"Tres personas con coronavirus fallecieron en las \u00faltimas 48 horas y se registraron 365 casos positivos\",\"datePublished\":\"2022-01-24T20:48:35+00:00\",\"dateModified\":\"2022-01-24T20:51:37+00:00\",\"mainEntityOfPage\":{\"@id\":\"https:\/\/experienciadevida.com.ar\/portalurbano\/tres-personas-con-coronavirus-fallecieron-en-las-ultimas-48-horas-y-se-registraron-365-casos-positivos\/\"},\"wordCount\":174,\"publisher\":{\"@id\":\"https:\/\/experienciadevida.com.ar\/portalurbano\/#organization\"},\"articleSection\":[\"Destacadas\",\"Salud\"],\"inLanguage\":\"es\"},{\"@type\":\"WebPage\",\"@id\":\"https:\/\/experienciadevida.com.ar\/portalurbano\/tres-personas-con-coronavirus-fallecieron-en-las-ultimas-48-horas-y-se-registraron-365-casos-positivos\/\",\"url\":\"https:\/\/experienciadevida.com.ar\/portalurbano\/tres-personas-con-coronavirus-fallecieron-en-las-ultimas-48-horas-y-se-registraron-365-casos-positivos\/\",\"name\":\"Tres personas con coronavirus fallecieron en las \u00faltimas 48 horas y se registraron 365 casos positivos -\",\"isPartOf\":{\"@id\":\"https:\/\/experienciadevida.com.ar\/portalurbano\/#website\"},\"datePublished\":\"2022-01-24T20:48:35+00:00\",\"dateModified\":\"2022-01-24T20:51:37+00:00\",\"breadcrumb\":{\"@id\":\"https:\/\/experienciadevida.com.ar\/portalurbano\/tres-personas-con-coronavirus-fallecieron-en-las-ultimas-48-horas-y-se-registraron-365-casos-positivos\/#breadcrumb\"},\"inLanguage\":\"es\",\"potentialAction\":[{\"@type\":\"ReadAction\",\"target\":[\"https:\/\/experienciadevida.com.ar\/portalurbano\/tres-personas-con-coronavirus-fallecieron-en-las-ultimas-48-horas-y-se-registraron-365-casos-positivos\/\"]}]},{\"@type\":\"BreadcrumbList\",\"@id\":\"https:\/\/experienciadevida.com.ar\/portalurbano\/tres-personas-con-coronavirus-fallecieron-en-las-ultimas-48-horas-y-se-registraron-365-casos-positivos\/#breadcrumb\",\"itemListElement\":[{\"@type\":\"ListItem\",\"position\":1,\"name\":\"Portada\",\"item\":\"https:\/\/experienciadevida.com.ar\/portalurbano\/\"},{\"@type\":\"ListItem\",\"position\":2,\"name\":\"Tres personas con coronavirus fallecieron en las \u00faltimas 48 horas y se registraron 365 casos positivos\"}]},{\"@type\":\"WebSite\",\"@id\":\"https:\/\/experienciadevida.com.ar\/portalurbano\/#website\",\"url\":\"https:\/\/experienciadevida.com.ar\/portalurbano\/\",\"name\":\"\",\"description\":\"\",\"publisher\":{\"@id\":\"https:\/\/experienciadevida.com.ar\/portalurbano\/#organization\"},\"potentialAction\":[{\"@type\":\"SearchAction\",\"target\":{\"@type\":\"EntryPoint\",\"urlTemplate\":\"https:\/\/experienciadevida.com.ar\/portalurbano\/?s={search_term_string}\"},\"query-input\":\"required name=search_term_string\"}],\"inLanguage\":\"es\"},{\"@type\":\"Organization\",\"@id\":\"https:\/\/experienciadevida.com.ar\/portalurbano\/#organization\",\"name\":\"Portal Urbano\",\"url\":\"https:\/\/experienciadevida.com.ar\/portalurbano\/\",\"logo\":{\"@type\":\"ImageObject\",\"inLanguage\":\"es\",\"@id\":\"https:\/\/experienciadevida.com.ar\/portalurbano\/#\/schema\/logo\/image\/\",\"url\":\"https:\/\/experienciadevida.com.ar\/portalurbano\/wp-content\/uploads\/2019\/09\/Logo-Original.png\",\"contentUrl\":\"https:\/\/experienciadevida.com.ar\/portalurbano\/wp-content\/uploads\/2019\/09\/Logo-Original.png\",\"width\":2236,\"height\":1216,\"caption\":\"Portal Urbano\"},\"image\":{\"@id\":\"https:\/\/experienciadevida.com.ar\/portalurbano\/#\/schema\/logo\/image\/\"},\"sameAs\":[\"https:\/\/www.facebook.com\/Portal-Urbano-171542830093757\/\",\"https:\/\/twitter.com\/portalurbanook\",\"https:\/\/www.instagram.com\/_portalurbano\/\",\"https:\/\/www.youtube.com\/channel\/UCXhagIfszH8KxFiOok79zbA?view_as=subscriber\"]},{\"@type\":\"Person\",\"@id\":\"https:\/\/experienciadevida.com.ar\/portalurbano\/#\/schema\/person\/02dd326b1c4b056e9cc972486934a3a7\",\"name\":\"admpu17wp\",\"image\":{\"@type\":\"ImageObject\",\"inLanguage\":\"es\",\"@id\":\"https:\/\/experienciadevida.com.ar\/portalurbano\/#\/schema\/person\/image\/\",\"url\":\"https:\/\/secure.gravatar.com\/avatar\/830d4c57adaae6630765e449a6908047?s=96&d=mm&r=g\",\"contentUrl\":\"https:\/\/secure.gravatar.com\/avatar\/830d4c57adaae6630765e449a6908047?s=96&d=mm&r=g\",\"caption\":\"admpu17wp\"}}]}<\/script>\n<!-- \/ Yoast SEO plugin. -->","yoast_head_json":{"title":"Tres personas con coronavirus fallecieron en las \u00faltimas 48 horas y se registraron 365 casos positivos -","robots":{"index":"index","follow":"follow","max-snippet":"max-snippet:-1","max-image-preview":"max-image-preview:large","max-video-preview":"max-video-preview:-1"},"canonical":"https:\/\/experienciadevida.com.ar\/portalurbano\/tres-personas-con-coronavirus-fallecieron-en-las-ultimas-48-horas-y-se-registraron-365-casos-positivos\/","og_locale":"es_ES","og_type":"article","og_title":"Tres personas con coronavirus fallecieron en las \u00faltimas 48 horas y se registraron 365 casos positivos -","og_description":"Tres personas con coronavirus fallecieron en las \u00faltimas 48 horas y se registraron 365 casos...","og_url":"https:\/\/experienciadevida.com.ar\/portalurbano\/tres-personas-con-coronavirus-fallecieron-en-las-ultimas-48-horas-y-se-registraron-365-casos-positivos\/","article_publisher":"https:\/\/www.facebook.com\/Portal-Urbano-171542830093757\/","article_published_time":"2022-01-24T20:48:35+00:00","article_modified_time":"2022-01-24T20:51:37+00:00","og_image":[{"width":750,"height":562,"url":"https:\/\/experienciadevida.com.ar\/portalurbano\/wp-content\/uploads\/2020\/09\/Salud-Guardia-Hospital-1-e1600639461545.jpg","type":"image\/jpeg"}],"author":"admpu17wp","twitter_card":"summary_large_image","twitter_creator":"@portalurbanook","twitter_site":"@portalurbanook","twitter_misc":{"Escrito por":"admpu17wp","Tiempo de lectura":"2 minutos"},"schema":{"@context":"https:\/\/schema.org","@graph":[{"@type":"Article","@id":"https:\/\/experienciadevida.com.ar\/portalurbano\/tres-personas-con-coronavirus-fallecieron-en-las-ultimas-48-horas-y-se-registraron-365-casos-positivos\/#article","isPartOf":{"@id":"https:\/\/experienciadevida.com.ar\/portalurbano\/tres-personas-con-coronavirus-fallecieron-en-las-ultimas-48-horas-y-se-registraron-365-casos-positivos\/"},"author":{"name":"admpu17wp","@id":"https:\/\/experienciadevida.com.ar\/portalurbano\/#\/schema\/person\/02dd326b1c4b056e9cc972486934a3a7"},"headline":"Tres personas con coronavirus fallecieron en las \u00faltimas 48 horas y se registraron 365 casos positivos","datePublished":"2022-01-24T20:48:35+00:00","dateModified":"2022-01-24T20:51:37+00:00","mainEntityOfPage":{"@id":"https:\/\/experienciadevida.com.ar\/portalurbano\/tres-personas-con-coronavirus-fallecieron-en-las-ultimas-48-horas-y-se-registraron-365-casos-positivos\/"},"wordCount":174,"publisher":{"@id":"https:\/\/experienciadevida.com.ar\/portalurbano\/#organization"},"articleSection":["Destacadas","Salud"],"inLanguage":"es"},{"@type":"WebPage","@id":"https:\/\/experienciadevida.com.ar\/portalurbano\/tres-personas-con-coronavirus-fallecieron-en-las-ultimas-48-horas-y-se-registraron-365-casos-positivos\/","url":"https:\/\/experienciadevida.com.ar\/portalurbano\/tres-personas-con-coronavirus-fallecieron-en-las-ultimas-48-horas-y-se-registraron-365-casos-positivos\/","name":"Tres personas con coronavirus fallecieron en las \u00faltimas 48 horas y se registraron 365 casos positivos -","isPartOf":{"@id":"https:\/\/experienciadevida.com.ar\/portalurbano\/#website"},"datePublished":"2022-01-24T20:48:35+00:00","dateModified":"2022-01-24T20:51:37+00:00","breadcrumb":{"@id":"https:\/\/experienciadevida.com.ar\/portalurbano\/tres-personas-con-coronavirus-fallecieron-en-las-ultimas-48-horas-y-se-registraron-365-casos-positivos\/#breadcrumb"},"inLanguage":"es","potentialAction":[{"@type":"ReadAction","target":["https:\/\/experienciadevida.com.ar\/portalurbano\/tres-personas-con-coronavirus-fallecieron-en-las-ultimas-48-horas-y-se-registraron-365-casos-positivos\/"]}]},{"@type":"BreadcrumbList","@id":"https:\/\/experienciadevida.com.ar\/portalurbano\/tres-personas-con-coronavirus-fallecieron-en-las-ultimas-48-horas-y-se-registraron-365-casos-positivos\/#breadcrumb","itemListElement":[{"@type":"ListItem","position":1,"name":"Portada","item":"https:\/\/experienciadevida.com.ar\/portalurbano\/"},{"@type":"ListItem","position":2,"name":"Tres personas con coronavirus fallecieron en las \u00faltimas 48 horas y se registraron 365 casos positivos"}]},{"@type":"WebSite","@id":"https:\/\/experienciadevida.com.ar\/portalurbano\/#website","url":"https:\/\/experienciadevida.com.ar\/portalurbano\/","name":"","description":"","publisher":{"@id":"https:\/\/experienciadevida.com.ar\/portalurbano\/#organization"},"potentialAction":[{"@type":"SearchAction","target":{"@type":"EntryPoint","urlTemplate":"https:\/\/experienciadevida.com.ar\/portalurbano\/?s={search_term_string}"},"query-input":"required name=search_term_string"}],"inLanguage":"es"},{"@type":"Organization","@id":"https:\/\/experienciadevida.com.ar\/portalurbano\/#organization","name":"Portal Urbano","url":"https:\/\/experienciadevida.com.ar\/portalurbano\/","logo":{"@type":"ImageObject","inLanguage":"es","@id":"https:\/\/experienciadevida.com.ar\/portalurbano\/#\/schema\/logo\/image\/","url":"https:\/\/experienciadevida.com.ar\/portalurbano\/wp-content\/uploads\/2019\/09\/Logo-Original.png","contentUrl":"https:\/\/experienciadevida.com.ar\/portalurbano\/wp-content\/uploads\/2019\/09\/Logo-Original.png","width":2236,"height":1216,"caption":"Portal Urbano"},"image":{"@id":"https:\/\/experienciadevida.com.ar\/portalurbano\/#\/schema\/logo\/image\/"},"sameAs":["https:\/\/www.facebook.com\/Portal-Urbano-171542830093757\/","https:\/\/twitter.com\/portalurbanook","https:\/\/www.instagram.com\/_portalurbano\/","https:\/\/www.youtube.com\/channel\/UCXhagIfszH8KxFiOok79zbA?view_as=subscriber"]},{"@type":"Person","@id":"https:\/\/experienciadevida.com.ar\/portalurbano\/#\/schema\/person\/02dd326b1c4b056e9cc972486934a3a7","name":"admpu17wp","image":{"@type":"ImageObject","inLanguage":"es","@id":"https:\/\/experienciadevida.com.ar\/portalurbano\/#\/schema\/person\/image\/","url":"https:\/\/secure.gravatar.com\/avatar\/830d4c57adaae6630765e449a6908047?s=96&d=mm&r=g","contentUrl":"https:\/\/secure.gravatar.com\/avatar\/830d4c57adaae6630765e449a6908047?s=96&d=mm&r=g","caption":"admpu17wp"}}]}},"featured_image_urls":{"full":["https:\/\/experienciadevida.com.ar\/portalurbano\/wp-content\/uploads\/2020\/09\/Salud-Guardia-Hospital-1-e1600639461545.jpg",750,562,false],"thumbnail":["https:\/\/experienciadevida.com.ar\/portalurbano\/wp-content\/uploads\/2020\/09\/Salud-Guardia-Hospital-1-150x150.jpg",150,150,true],"medium":["https:\/\/experienciadevida.com.ar\/portalurbano\/wp-content\/uploads\/2020\/09\/Salud-Guardia-Hospital-1-300x225.jpg",300,225,true],"medium_large":["https:\/\/experienciadevida.com.ar\/portalurbano\/wp-content\/uploads\/2020\/09\/Salud-Guardia-Hospital-1-768x576.jpg",640,480,true],"large":["https:\/\/experienciadevida.com.ar\/portalurbano\/wp-content\/uploads\/2020\/09\/Salud-Guardia-Hospital-1-e1600639461545.jpg",640,480,false],"ug_big":["https:\/\/experienciadevida.com.ar\/portalurbano\/wp-content\/uploads\/2020\/09\/Salud-Guardia-Hospital-1-768x576.jpg",768,576,true],"1536x1536":["https:\/\/experienciadevida.com.ar\/portalurbano\/wp-content\/uploads\/2020\/09\/Salud-Guardia-Hospital-1-e1600639461545.jpg",750,562,false],"2048x2048":["https:\/\/experienciadevida.com.ar\/portalurbano\/wp-content\/uploads\/2020\/09\/Salud-Guardia-Hospital-1-e1600639461545.jpg",750,562,false],"newsever-slider-full":["https:\/\/experienciadevida.com.ar\/portalurbano\/wp-content\/uploads\/2020\/09\/Salud-Guardia-Hospital-1-e1600639461545.jpg",750,562,false],"newsever-featured":["https:\/\/experienciadevida.com.ar\/portalurbano\/wp-content\/uploads\/2020\/09\/Salud-Guardia-Hospital-1-e1600639461545.jpg",750,562,false],"newsever-medium":["https:\/\/experienciadevida.com.ar\/portalurbano\/wp-content\/uploads\/2020\/09\/Salud-Guardia-Hospital-1-e1600639461545.jpg",634,475,false],"web-stories-poster-portrait":["https:\/\/experienciadevida.com.ar\/portalurbano\/wp-content\/uploads\/2020\/09\/Salud-Guardia-Hospital-1-e1600639461545.jpg",640,480,false],"web-stories-publisher-logo":["https:\/\/experienciadevida.com.ar\/portalurbano\/wp-content\/uploads\/2020\/09\/Salud-Guardia-Hospital-1-e1600639461545.jpg",96,72,false],"web-stories-thumbnail":["https:\/\/experienciadevida.com.ar\/portalurbano\/wp-content\/uploads\/2020\/09\/Salud-Guardia-Hospital-1-e1600639461545.jpg",150,112,false]},"author_info":{"display_name":"admpu17wp","author_link":"https:\/\/experienciadevida.com.ar\/portalurbano\/author\/admpu17wp\/"},"category_info":"<a href=\"https:\/\/experienciadevida.com.ar\/portalurbano\/category\/destacadas\/\" rel=\"category tag\">Destacadas<\/a> <a href=\"https:\/\/experienciadevida.com.ar\/portalurbano\/category\/ciudad\/salud\/\" rel=\"category tag\">Salud<\/a>","tag_info":"Salud","comment_count":"0","amp_enabled":true,"_links":{"self":[{"href":"https:\/\/experienciadevida.com.ar\/portalurbano\/wp-json\/wp\/v2\/posts\/160459"}],"collection":[{"href":"https:\/\/experienciadevida.com.ar\/portalurbano\/wp-json\/wp\/v2\/posts"}],"about":[{"href":"https:\/\/experienciadevida.com.ar\/portalurbano\/wp-json\/wp\/v2\/types\/post"}],"author":[{"embeddable":true,"href":"https:\/\/experienciadevida.com.ar\/portalurbano\/wp-json\/wp\/v2\/users\/1"}],"replies":[{"embeddable":true,"href":"https:\/\/experienciadevida.com.ar\/portalurbano\/wp-json\/wp\/v2\/comments?post=160459"}],"version-history":[{"count":3,"href":"https:\/\/experienciadevida.com.ar\/portalurbano\/wp-json\/wp\/v2\/posts\/160459\/revisions"}],"predecessor-version":[{"id":160469,"href":"https:\/\/experienciadevida.com.ar\/portalurbano\/wp-json\/wp\/v2\/posts\/160459\/revisions\/160469"}],"wp:featuredmedia":[{"embeddable":true,"href":"https:\/\/experienciadevida.com.ar\/portalurbano\/wp-json\/wp\/v2\/media\/121931"}],"wp:attachment":[{"href":"https:\/\/experienciadevida.com.ar\/portalurbano\/wp-json\/wp\/v2\/media?parent=160459"}],"wp:term":[{"taxonomy":"category","embeddable":true,"href":"https:\/\/experienciadevida.com.ar\/portalurbano\/wp-json\/wp\/v2\/categories?post=160459"},{"taxonomy":"post_tag","embeddable":true,"href":"https:\/\/experienciadevida.com.ar\/portalurbano\/wp-json\/wp\/v2\/tags?post=160459"}],"curies":[{"name":"wp","href":"https:\/\/api.w.org\/{rel}","templated":true}]}}