{"id":160451,"date":"2022-01-24T12:14:03","date_gmt":"2022-01-24T15:14:03","guid":{"rendered":"https:\/\/experienciadevida.com.ar\/portalurbano\/?p=160451"},"modified":"2022-01-24T12:16:10","modified_gmt":"2022-01-24T15:16:10","slug":"wesner-vamos-a-estar-pidiendo-la-sesion-extraordinaria-para-tratar-este-tema-para-llevar-tranquilidad-y-ver-que-tipo-de-responsabilidades-hay","status":"publish","type":"post","link":"https:\/\/experienciadevida.com.ar\/portalurbano\/wesner-vamos-a-estar-pidiendo-la-sesion-extraordinaria-para-tratar-este-tema-para-llevar-tranquilidad-y-ver-que-tipo-de-responsabilidades-hay\/","title":{"rendered":"Wesner \u201cVamos a estar pidiendo la sesi\u00f3n extraordinaria para tratar este tema, para llevar tranquilidad y ver qu\u00e9 tipo de responsabilidades hay\u201d"},"content":{"rendered":"<p><a href=\"https:\/\/www.facebook.com\/Maximiliano-Wesner-112197630546124\">Wesner<\/a> \u201cVamos a estar pidiendo la sesi\u00f3n extraordinaria para tratar este tema, para llevar tranquilidad y ver qu\u00e9 tipo de responsabilidades hay\u201d, as\u00ed lo dijo en declaraciones radiales en el programa &#8220;La Primera Ma\u00f1ana&#8221;\u00a0 que se emite por Cadena 103 y volvi\u00f3 a remarca la necesidad de la creaci\u00f3n de una comisi\u00f3n especial que investigue a fondo las posibles estafas por la venta de terrenos.<\/p>\n<p>Maximiliano Wesner, uno de los concejales que encabez\u00f3 la conferencia de prensa del s\u00e1bado, fue consultado en la ma\u00f1ana de este lunes sobre la propuesta planteada y enfatiz\u00f3: \u201cComo herramienta desde el Concejo deliberante tenemos la potestad de pedir la sesi\u00f3n extraordinaria para la conformaci\u00f3n de la comisi\u00f3n especial. Obviamente no trabajamos en el \u00e1mbito de la justicia, eso hay remarcarlo, aclararlo, para que las personas que se acerquen no se confundan, pero si es necesario recabar toda esa informaci\u00f3n\u201d.<\/p>\n<p>Adem\u00e1s sobre el supuesto acusado identificado por las diferentes v\u00edctimas aclar\u00f3: \u201cEl vendedor que les est\u00e1 ofreciendo terrenos en distintos puntos de la ciudad se presenta como un referente barrial, dice que trabaja de manera articulada en lo social con el municipio, asistiendo con bolsones de alimentos a diferentes Sociedades de Fomento, en diferentes barrios, principalmente en el barrio La Loma e Hip\u00f3lito Yrigoyen, se lo ha visto en fotos con funcionarios municipales y eso obviamente que le da una credibilidad previa a la operaci\u00f3n, al comprador\u201d.<\/p>\n<p>Con respecto a la conferencia de prensa sostuvo: \u201cLa verdad es que sirvi\u00f3 tambi\u00e9n la conferencia de prensa, m\u00e1s all\u00e1 del instrumento de la comisi\u00f3n, para alertar a la poblaci\u00f3n, alertar a toda la comunidad que era algo que no estaba pasando, hab\u00eda un silencio por parte del ejecutivo. S\u00ed una vez cuando sucedi\u00f3 la manifestaci\u00f3n p\u00fablica de la mesa de emergencia salieron a aclarar pero de eso ha pasado mucho tiempo y muchas estafas reiteradas han pasado desde esa fecha hasta ahora\u201d.<\/p>\n<p>En la misma l\u00ednea volvi\u00f3 a destacar la importancia de la conformaci\u00f3n de la comisi\u00f3n: \u201cLa idea de hacerlo p\u00fablico, de institucionalizarlo con la comisi\u00f3n es para que participen todos los bloques, para que no sea sesgado, que no solamente el Frente de Todos est\u00e9 recabando informaci\u00f3n. Que se animen las personas es dif\u00edcil, a una persona que fue enga\u00f1ada, que fue estafada se le hace muy complicado incluso hablar con un familiar, con un amigo, con lo cual me parece que es la mejor forma de abrir y de tratar de escucharlos\u201d.<\/p>\n<p>Por \u00faltimo el legislador indic\u00f3: \u201cQueremos llevar tranquilidad a los vecinos y vecinas de Olavarr\u00eda, desde mi rol de concejal, que pidan informes de dominio antes de poder realizar una operaci\u00f3n inmobiliaria de compra de terrenos, contactar a un profesional para asesorarse antes de comenzar la operatoria, es muy importarte eso por un lado y por otro lado vamos a estar pidiendo la sesi\u00f3n extraordinaria para tratar este tema, para llevar tranquilidad a los vecinos y vecinas de Olavarr\u00eda y para ver qu\u00e9 tipo de responsabilidades hay. Nos interesa mucho no solamente el erario municipal, resguardarlo, protegerlo, sino tambi\u00e9n saber si realmente hay nexo, no hay nexo y creo que es una de las facultades que tenemos nosotros los concejales y las concejalas\u201d.<\/p>\n","protected":false},"excerpt":{"rendered":"<p>Wesner \u201cVamos a estar pidiendo la sesi\u00f3n extraordinaria para tratar este tema, para llevar tranquilidad&#8230;<\/p>\n","protected":false},"author":1,"featured_media":160452,"comment_status":"closed","ping_status":"closed","sticky":false,"template":"","format":"standard","meta":{"content-type":""},"categories":[27,64],"tags":[],"nelio_content":{"isAutoShareEnabled":false,"autoShareEndMode":"default","automationSources":{"useContentSentences":true,"useSocialTemplates":true,"useCustomSentences":false,"customSentences":[]},"followers":[1],"suggestedReferences":[],"includedReferences":[],"efiUrl":"","efiAlt":"","highlights":[]},"yoast_head":"<!-- This site is optimized with the Yoast SEO plugin v20.7 - https:\/\/yoast.com\/wordpress\/plugins\/seo\/ -->\n<title>Wesner &quot;Vamos a estar pidiendo la sesi\u00f3n extraordinaria parra tratar&quot;<\/title>\n<meta name=\"description\" content=\"Wesner \u201cVamos a estar pidiendo la sesi\u00f3n extraordinaria para tratar este tema, para llevar tranquilidad y ver qu\u00e9 tipo de responsabilidades&quot;\" \/>\n<meta name=\"robots\" content=\"index, follow, max-snippet:-1, max-image-preview:large, max-video-preview:-1\" \/>\n<link rel=\"canonical\" href=\"https:\/\/experienciadevida.com.ar\/portalurbano\/wesner-vamos-a-estar-pidiendo-la-sesion-extraordinaria-para-tratar-este-tema-para-llevar-tranquilidad-y-ver-que-tipo-de-responsabilidades-hay\/\" \/>\n<meta property=\"og:locale\" content=\"es_ES\" \/>\n<meta property=\"og:type\" content=\"article\" \/>\n<meta property=\"og:title\" content=\"Wesner &quot;Vamos a estar pidiendo la sesi\u00f3n extraordinaria parra tratar&quot;\" \/>\n<meta property=\"og:description\" content=\"Wesner \u201cVamos a estar pidiendo la sesi\u00f3n extraordinaria para tratar este tema, para llevar tranquilidad y ver qu\u00e9 tipo de responsabilidades&quot;\" \/>\n<meta property=\"og:url\" content=\"https:\/\/experienciadevida.com.ar\/portalurbano\/wesner-vamos-a-estar-pidiendo-la-sesion-extraordinaria-para-tratar-este-tema-para-llevar-tranquilidad-y-ver-que-tipo-de-responsabilidades-hay\/\" \/>\n<meta property=\"article:publisher\" content=\"https:\/\/www.facebook.com\/Portal-Urbano-171542830093757\/\" \/>\n<meta property=\"article:published_time\" content=\"2022-01-24T15:14:03+00:00\" \/>\n<meta property=\"article:modified_time\" content=\"2022-01-24T15:16:10+00:00\" \/>\n<meta property=\"og:image\" content=\"https:\/\/experienciadevida.com.ar\/portalurbano\/wp-content\/uploads\/2022\/01\/Wesner.jpg\" \/>\n\t<meta property=\"og:image:width\" content=\"1280\" \/>\n\t<meta property=\"og:image:height\" content=\"786\" \/>\n\t<meta property=\"og:image:type\" content=\"image\/jpeg\" \/>\n<meta name=\"author\" content=\"admpu17wp\" \/>\n<meta name=\"twitter:card\" content=\"summary_large_image\" \/>\n<meta name=\"twitter:creator\" content=\"@portalurbanook\" \/>\n<meta name=\"twitter:site\" content=\"@portalurbanook\" \/>\n<meta name=\"twitter:label1\" content=\"Escrito por\" \/>\n\t<meta name=\"twitter:data1\" content=\"admpu17wp\" \/>\n\t<meta name=\"twitter:label2\" content=\"Tiempo de lectura\" \/>\n\t<meta name=\"twitter:data2\" content=\"3 minutos\" \/>\n<script type=\"application\/ld+json\" class=\"yoast-schema-graph\">{\"@context\":\"https:\/\/schema.org\",\"@graph\":[{\"@type\":\"Article\",\"@id\":\"https:\/\/experienciadevida.com.ar\/portalurbano\/wesner-vamos-a-estar-pidiendo-la-sesion-extraordinaria-para-tratar-este-tema-para-llevar-tranquilidad-y-ver-que-tipo-de-responsabilidades-hay\/#article\",\"isPartOf\":{\"@id\":\"https:\/\/experienciadevida.com.ar\/portalurbano\/wesner-vamos-a-estar-pidiendo-la-sesion-extraordinaria-para-tratar-este-tema-para-llevar-tranquilidad-y-ver-que-tipo-de-responsabilidades-hay\/\"},\"author\":{\"name\":\"admpu17wp\",\"@id\":\"https:\/\/experienciadevida.com.ar\/portalurbano\/#\/schema\/person\/02dd326b1c4b056e9cc972486934a3a7\"},\"headline\":\"Wesner \u201cVamos a estar pidiendo la sesi\u00f3n extraordinaria para tratar este tema, para llevar tranquilidad y ver qu\u00e9 tipo de responsabilidades hay\u201d\",\"datePublished\":\"2022-01-24T15:14:03+00:00\",\"dateModified\":\"2022-01-24T15:16:10+00:00\",\"mainEntityOfPage\":{\"@id\":\"https:\/\/experienciadevida.com.ar\/portalurbano\/wesner-vamos-a-estar-pidiendo-la-sesion-extraordinaria-para-tratar-este-tema-para-llevar-tranquilidad-y-ver-que-tipo-de-responsabilidades-hay\/\"},\"wordCount\":587,\"publisher\":{\"@id\":\"https:\/\/experienciadevida.com.ar\/portalurbano\/#organization\"},\"articleSection\":[\"Ciudad\",\"Destacadas 2\"],\"inLanguage\":\"es\"},{\"@type\":\"WebPage\",\"@id\":\"https:\/\/experienciadevida.com.ar\/portalurbano\/wesner-vamos-a-estar-pidiendo-la-sesion-extraordinaria-para-tratar-este-tema-para-llevar-tranquilidad-y-ver-que-tipo-de-responsabilidades-hay\/\",\"url\":\"https:\/\/experienciadevida.com.ar\/portalurbano\/wesner-vamos-a-estar-pidiendo-la-sesion-extraordinaria-para-tratar-este-tema-para-llevar-tranquilidad-y-ver-que-tipo-de-responsabilidades-hay\/\",\"name\":\"Wesner \\\"Vamos a estar pidiendo la sesi\u00f3n extraordinaria parra tratar\\\"\",\"isPartOf\":{\"@id\":\"https:\/\/experienciadevida.com.ar\/portalurbano\/#website\"},\"datePublished\":\"2022-01-24T15:14:03+00:00\",\"dateModified\":\"2022-01-24T15:16:10+00:00\",\"description\":\"Wesner \u201cVamos a estar pidiendo la sesi\u00f3n extraordinaria para tratar este tema, para llevar tranquilidad y ver qu\u00e9 tipo de responsabilidades\\\"\",\"breadcrumb\":{\"@id\":\"https:\/\/experienciadevida.com.ar\/portalurbano\/wesner-vamos-a-estar-pidiendo-la-sesion-extraordinaria-para-tratar-este-tema-para-llevar-tranquilidad-y-ver-que-tipo-de-responsabilidades-hay\/#breadcrumb\"},\"inLanguage\":\"es\",\"potentialAction\":[{\"@type\":\"ReadAction\",\"target\":[\"https:\/\/experienciadevida.com.ar\/portalurbano\/wesner-vamos-a-estar-pidiendo-la-sesion-extraordinaria-para-tratar-este-tema-para-llevar-tranquilidad-y-ver-que-tipo-de-responsabilidades-hay\/\"]}]},{\"@type\":\"BreadcrumbList\",\"@id\":\"https:\/\/experienciadevida.com.ar\/portalurbano\/wesner-vamos-a-estar-pidiendo-la-sesion-extraordinaria-para-tratar-este-tema-para-llevar-tranquilidad-y-ver-que-tipo-de-responsabilidades-hay\/#breadcrumb\",\"itemListElement\":[{\"@type\":\"ListItem\",\"position\":1,\"name\":\"Portada\",\"item\":\"https:\/\/experienciadevida.com.ar\/portalurbano\/\"},{\"@type\":\"ListItem\",\"position\":2,\"name\":\"Wesner \u201cVamos a estar pidiendo la sesi\u00f3n extraordinaria para tratar este tema, para llevar tranquilidad y ver qu\u00e9 tipo de responsabilidades hay\u201d\"}]},{\"@type\":\"WebSite\",\"@id\":\"https:\/\/experienciadevida.com.ar\/portalurbano\/#website\",\"url\":\"https:\/\/experienciadevida.com.ar\/portalurbano\/\",\"name\":\"\",\"description\":\"\",\"publisher\":{\"@id\":\"https:\/\/experienciadevida.com.ar\/portalurbano\/#organization\"},\"potentialAction\":[{\"@type\":\"SearchAction\",\"target\":{\"@type\":\"EntryPoint\",\"urlTemplate\":\"https:\/\/experienciadevida.com.ar\/portalurbano\/?s={search_term_string}\"},\"query-input\":\"required name=search_term_string\"}],\"inLanguage\":\"es\"},{\"@type\":\"Organization\",\"@id\":\"https:\/\/experienciadevida.com.ar\/portalurbano\/#organization\",\"name\":\"Portal Urbano\",\"url\":\"https:\/\/experienciadevida.com.ar\/portalurbano\/\",\"logo\":{\"@type\":\"ImageObject\",\"inLanguage\":\"es\",\"@id\":\"https:\/\/experienciadevida.com.ar\/portalurbano\/#\/schema\/logo\/image\/\",\"url\":\"https:\/\/experienciadevida.com.ar\/portalurbano\/wp-content\/uploads\/2019\/09\/Logo-Original.png\",\"contentUrl\":\"https:\/\/experienciadevida.com.ar\/portalurbano\/wp-content\/uploads\/2019\/09\/Logo-Original.png\",\"width\":2236,\"height\":1216,\"caption\":\"Portal Urbano\"},\"image\":{\"@id\":\"https:\/\/experienciadevida.com.ar\/portalurbano\/#\/schema\/logo\/image\/\"},\"sameAs\":[\"https:\/\/www.facebook.com\/Portal-Urbano-171542830093757\/\",\"https:\/\/twitter.com\/portalurbanook\",\"https:\/\/www.instagram.com\/_portalurbano\/\",\"https:\/\/www.youtube.com\/channel\/UCXhagIfszH8KxFiOok79zbA?view_as=subscriber\"]},{\"@type\":\"Person\",\"@id\":\"https:\/\/experienciadevida.com.ar\/portalurbano\/#\/schema\/person\/02dd326b1c4b056e9cc972486934a3a7\",\"name\":\"admpu17wp\",\"image\":{\"@type\":\"ImageObject\",\"inLanguage\":\"es\",\"@id\":\"https:\/\/experienciadevida.com.ar\/portalurbano\/#\/schema\/person\/image\/\",\"url\":\"https:\/\/secure.gravatar.com\/avatar\/830d4c57adaae6630765e449a6908047?s=96&d=mm&r=g\",\"contentUrl\":\"https:\/\/secure.gravatar.com\/avatar\/830d4c57adaae6630765e449a6908047?s=96&d=mm&r=g\",\"caption\":\"admpu17wp\"}}]}<\/script>\n<!-- \/ Yoast SEO plugin. -->","yoast_head_json":{"title":"Wesner \"Vamos a estar pidiendo la sesi\u00f3n extraordinaria parra tratar\"","description":"Wesner \u201cVamos a estar pidiendo la sesi\u00f3n extraordinaria para tratar este tema, para llevar tranquilidad y ver qu\u00e9 tipo de responsabilidades\"","robots":{"index":"index","follow":"follow","max-snippet":"max-snippet:-1","max-image-preview":"max-image-preview:large","max-video-preview":"max-video-preview:-1"},"canonical":"https:\/\/experienciadevida.com.ar\/portalurbano\/wesner-vamos-a-estar-pidiendo-la-sesion-extraordinaria-para-tratar-este-tema-para-llevar-tranquilidad-y-ver-que-tipo-de-responsabilidades-hay\/","og_locale":"es_ES","og_type":"article","og_title":"Wesner \"Vamos a estar pidiendo la sesi\u00f3n extraordinaria parra tratar\"","og_description":"Wesner \u201cVamos a estar pidiendo la sesi\u00f3n extraordinaria para tratar este tema, para llevar tranquilidad y ver qu\u00e9 tipo de responsabilidades\"","og_url":"https:\/\/experienciadevida.com.ar\/portalurbano\/wesner-vamos-a-estar-pidiendo-la-sesion-extraordinaria-para-tratar-este-tema-para-llevar-tranquilidad-y-ver-que-tipo-de-responsabilidades-hay\/","article_publisher":"https:\/\/www.facebook.com\/Portal-Urbano-171542830093757\/","article_published_time":"2022-01-24T15:14:03+00:00","article_modified_time":"2022-01-24T15:16:10+00:00","og_image":[{"width":1280,"height":786,"url":"https:\/\/experienciadevida.com.ar\/portalurbano\/wp-content\/uploads\/2022\/01\/Wesner.jpg","type":"image\/jpeg"}],"author":"admpu17wp","twitter_card":"summary_large_image","twitter_creator":"@portalurbanook","twitter_site":"@portalurbanook","twitter_misc":{"Escrito por":"admpu17wp","Tiempo de lectura":"3 minutos"},"schema":{"@context":"https:\/\/schema.org","@graph":[{"@type":"Article","@id":"https:\/\/experienciadevida.com.ar\/portalurbano\/wesner-vamos-a-estar-pidiendo-la-sesion-extraordinaria-para-tratar-este-tema-para-llevar-tranquilidad-y-ver-que-tipo-de-responsabilidades-hay\/#article","isPartOf":{"@id":"https:\/\/experienciadevida.com.ar\/portalurbano\/wesner-vamos-a-estar-pidiendo-la-sesion-extraordinaria-para-tratar-este-tema-para-llevar-tranquilidad-y-ver-que-tipo-de-responsabilidades-hay\/"},"author":{"name":"admpu17wp","@id":"https:\/\/experienciadevida.com.ar\/portalurbano\/#\/schema\/person\/02dd326b1c4b056e9cc972486934a3a7"},"headline":"Wesner \u201cVamos a estar pidiendo la sesi\u00f3n extraordinaria para tratar este tema, para llevar tranquilidad y ver qu\u00e9 tipo de responsabilidades hay\u201d","datePublished":"2022-01-24T15:14:03+00:00","dateModified":"2022-01-24T15:16:10+00:00","mainEntityOfPage":{"@id":"https:\/\/experienciadevida.com.ar\/portalurbano\/wesner-vamos-a-estar-pidiendo-la-sesion-extraordinaria-para-tratar-este-tema-para-llevar-tranquilidad-y-ver-que-tipo-de-responsabilidades-hay\/"},"wordCount":587,"publisher":{"@id":"https:\/\/experienciadevida.com.ar\/portalurbano\/#organization"},"articleSection":["Ciudad","Destacadas 2"],"inLanguage":"es"},{"@type":"WebPage","@id":"https:\/\/experienciadevida.com.ar\/portalurbano\/wesner-vamos-a-estar-pidiendo-la-sesion-extraordinaria-para-tratar-este-tema-para-llevar-tranquilidad-y-ver-que-tipo-de-responsabilidades-hay\/","url":"https:\/\/experienciadevida.com.ar\/portalurbano\/wesner-vamos-a-estar-pidiendo-la-sesion-extraordinaria-para-tratar-este-tema-para-llevar-tranquilidad-y-ver-que-tipo-de-responsabilidades-hay\/","name":"Wesner \"Vamos a estar pidiendo la sesi\u00f3n extraordinaria parra tratar\"","isPartOf":{"@id":"https:\/\/experienciadevida.com.ar\/portalurbano\/#website"},"datePublished":"2022-01-24T15:14:03+00:00","dateModified":"2022-01-24T15:16:10+00:00","description":"Wesner \u201cVamos a estar pidiendo la sesi\u00f3n extraordinaria para tratar este tema, para llevar tranquilidad y ver qu\u00e9 tipo de responsabilidades\"","breadcrumb":{"@id":"https:\/\/experienciadevida.com.ar\/portalurbano\/wesner-vamos-a-estar-pidiendo-la-sesion-extraordinaria-para-tratar-este-tema-para-llevar-tranquilidad-y-ver-que-tipo-de-responsabilidades-hay\/#breadcrumb"},"inLanguage":"es","potentialAction":[{"@type":"ReadAction","target":["https:\/\/experienciadevida.com.ar\/portalurbano\/wesner-vamos-a-estar-pidiendo-la-sesion-extraordinaria-para-tratar-este-tema-para-llevar-tranquilidad-y-ver-que-tipo-de-responsabilidades-hay\/"]}]},{"@type":"BreadcrumbList","@id":"https:\/\/experienciadevida.com.ar\/portalurbano\/wesner-vamos-a-estar-pidiendo-la-sesion-extraordinaria-para-tratar-este-tema-para-llevar-tranquilidad-y-ver-que-tipo-de-responsabilidades-hay\/#breadcrumb","itemListElement":[{"@type":"ListItem","position":1,"name":"Portada","item":"https:\/\/experienciadevida.com.ar\/portalurbano\/"},{"@type":"ListItem","position":2,"name":"Wesner \u201cVamos a estar pidiendo la sesi\u00f3n extraordinaria para tratar este tema, para llevar tranquilidad y ver qu\u00e9 tipo de responsabilidades hay\u201d"}]},{"@type":"WebSite","@id":"https:\/\/experienciadevida.com.ar\/portalurbano\/#website","url":"https:\/\/experienciadevida.com.ar\/portalurbano\/","name":"","description":"","publisher":{"@id":"https:\/\/experienciadevida.com.ar\/portalurbano\/#organization"},"potentialAction":[{"@type":"SearchAction","target":{"@type":"EntryPoint","urlTemplate":"https:\/\/experienciadevida.com.ar\/portalurbano\/?s={search_term_string}"},"query-input":"required name=search_term_string"}],"inLanguage":"es"},{"@type":"Organization","@id":"https:\/\/experienciadevida.com.ar\/portalurbano\/#organization","name":"Portal Urbano","url":"https:\/\/experienciadevida.com.ar\/portalurbano\/","logo":{"@type":"ImageObject","inLanguage":"es","@id":"https:\/\/experienciadevida.com.ar\/portalurbano\/#\/schema\/logo\/image\/","url":"https:\/\/experienciadevida.com.ar\/portalurbano\/wp-content\/uploads\/2019\/09\/Logo-Original.png","contentUrl":"https:\/\/experienciadevida.com.ar\/portalurbano\/wp-content\/uploads\/2019\/09\/Logo-Original.png","width":2236,"height":1216,"caption":"Portal Urbano"},"image":{"@id":"https:\/\/experienciadevida.com.ar\/portalurbano\/#\/schema\/logo\/image\/"},"sameAs":["https:\/\/www.facebook.com\/Portal-Urbano-171542830093757\/","https:\/\/twitter.com\/portalurbanook","https:\/\/www.instagram.com\/_portalurbano\/","https:\/\/www.youtube.com\/channel\/UCXhagIfszH8KxFiOok79zbA?view_as=subscriber"]},{"@type":"Person","@id":"https:\/\/experienciadevida.com.ar\/portalurbano\/#\/schema\/person\/02dd326b1c4b056e9cc972486934a3a7","name":"admpu17wp","image":{"@type":"ImageObject","inLanguage":"es","@id":"https:\/\/experienciadevida.com.ar\/portalurbano\/#\/schema\/person\/image\/","url":"https:\/\/secure.gravatar.com\/avatar\/830d4c57adaae6630765e449a6908047?s=96&d=mm&r=g","contentUrl":"https:\/\/secure.gravatar.com\/avatar\/830d4c57adaae6630765e449a6908047?s=96&d=mm&r=g","caption":"admpu17wp"}}]}},"featured_image_urls":{"full":["https:\/\/experienciadevida.com.ar\/portalurbano\/wp-content\/uploads\/2022\/01\/Wesner.jpg",1280,786,false],"thumbnail":["https:\/\/experienciadevida.com.ar\/portalurbano\/wp-content\/uploads\/2022\/01\/Wesner-150x150.jpg",150,150,true],"medium":["https:\/\/experienciadevida.com.ar\/portalurbano\/wp-content\/uploads\/2022\/01\/Wesner-300x184.jpg",300,184,true],"medium_large":["https:\/\/experienciadevida.com.ar\/portalurbano\/wp-content\/uploads\/2022\/01\/Wesner-768x472.jpg",640,393,true],"large":["https:\/\/experienciadevida.com.ar\/portalurbano\/wp-content\/uploads\/2022\/01\/Wesner-1024x629.jpg",640,393,true],"ug_big":["https:\/\/experienciadevida.com.ar\/portalurbano\/wp-content\/uploads\/2022\/01\/Wesner-768x472.jpg",768,472,true],"1536x1536":["https:\/\/experienciadevida.com.ar\/portalurbano\/wp-content\/uploads\/2022\/01\/Wesner.jpg",1280,786,false],"2048x2048":["https:\/\/experienciadevida.com.ar\/portalurbano\/wp-content\/uploads\/2022\/01\/Wesner.jpg",1280,786,false],"newsever-slider-full":["https:\/\/experienciadevida.com.ar\/portalurbano\/wp-content\/uploads\/2022\/01\/Wesner.jpg",1280,786,false],"newsever-featured":["https:\/\/experienciadevida.com.ar\/portalurbano\/wp-content\/uploads\/2022\/01\/Wesner.jpg",1024,629,false],"newsever-medium":["https:\/\/experienciadevida.com.ar\/portalurbano\/wp-content\/uploads\/2022\/01\/Wesner.jpg",720,442,false],"web-stories-poster-portrait":["https:\/\/experienciadevida.com.ar\/portalurbano\/wp-content\/uploads\/2022\/01\/Wesner.jpg",640,393,false],"web-stories-publisher-logo":["https:\/\/experienciadevida.com.ar\/portalurbano\/wp-content\/uploads\/2022\/01\/Wesner.jpg",96,59,false],"web-stories-thumbnail":["https:\/\/experienciadevida.com.ar\/portalurbano\/wp-content\/uploads\/2022\/01\/Wesner.jpg",150,92,false]},"author_info":{"display_name":"admpu17wp","author_link":"https:\/\/experienciadevida.com.ar\/portalurbano\/author\/admpu17wp\/"},"category_info":"<a href=\"https:\/\/experienciadevida.com.ar\/portalurbano\/category\/ciudad\/\" rel=\"category tag\">Ciudad<\/a> <a href=\"https:\/\/experienciadevida.com.ar\/portalurbano\/category\/destacadas-2\/\" rel=\"category tag\">Destacadas 2<\/a>","tag_info":"Destacadas 2","comment_count":"0","amp_enabled":true,"_links":{"self":[{"href":"https:\/\/experienciadevida.com.ar\/portalurbano\/wp-json\/wp\/v2\/posts\/160451"}],"collection":[{"href":"https:\/\/experienciadevida.com.ar\/portalurbano\/wp-json\/wp\/v2\/posts"}],"about":[{"href":"https:\/\/experienciadevida.com.ar\/portalurbano\/wp-json\/wp\/v2\/types\/post"}],"author":[{"embeddable":true,"href":"https:\/\/experienciadevida.com.ar\/portalurbano\/wp-json\/wp\/v2\/users\/1"}],"replies":[{"embeddable":true,"href":"https:\/\/experienciadevida.com.ar\/portalurbano\/wp-json\/wp\/v2\/comments?post=160451"}],"version-history":[{"count":3,"href":"https:\/\/experienciadevida.com.ar\/portalurbano\/wp-json\/wp\/v2\/posts\/160451\/revisions"}],"predecessor-version":[{"id":160455,"href":"https:\/\/experienciadevida.com.ar\/portalurbano\/wp-json\/wp\/v2\/posts\/160451\/revisions\/160455"}],"wp:featuredmedia":[{"embeddable":true,"href":"https:\/\/experienciadevida.com.ar\/portalurbano\/wp-json\/wp\/v2\/media\/160452"}],"wp:attachment":[{"href":"https:\/\/experienciadevida.com.ar\/portalurbano\/wp-json\/wp\/v2\/media?parent=160451"}],"wp:term":[{"taxonomy":"category","embeddable":true,"href":"https:\/\/experienciadevida.com.ar\/portalurbano\/wp-json\/wp\/v2\/categories?post=160451"},{"taxonomy":"post_tag","embeddable":true,"href":"https:\/\/experienciadevida.com.ar\/portalurbano\/wp-json\/wp\/v2\/tags?post=160451"}],"curies":[{"name":"wp","href":"https:\/\/api.w.org\/{rel}","templated":true}]}}