{"id":160445,"date":"2022-01-24T12:04:46","date_gmt":"2022-01-24T15:04:46","guid":{"rendered":"https:\/\/experienciadevida.com.ar\/portalurbano\/?p=160445"},"modified":"2022-01-24T12:11:27","modified_gmt":"2022-01-24T15:11:27","slug":"proyectamos-extender-el-sistema-de-camaras-de-seguridad-en-las-localidades","status":"publish","type":"post","link":"https:\/\/experienciadevida.com.ar\/portalurbano\/proyectamos-extender-el-sistema-de-camaras-de-seguridad-en-las-localidades\/","title":{"rendered":"\u201cProyectamos extender el sistema de c\u00e1maras de seguridad en las localidades\u201d"},"content":{"rendered":"<p>\u201cProyectamos extender el sistema de c\u00e1maras de seguridad en las localidades\u201d, en la ma\u00f1ana de este lunes el intendente Ezequiel <a href=\"https:\/\/www.facebook.com\/galliezequiel\">Galli<\/a> visit\u00f3 la Delegaci\u00f3n Municipal de Sierra Chica, donde se instal\u00f3 el sistema de videovigilancia de 13 c\u00e1maras de seguridad que se colocaron en la localidad.<\/p>\n<p>En la oportunidad, el Intendente estuvo acompa\u00f1ado por el delegado de Sierra Chica Emanuel Capurro, el secretario de Gobierno Hilario Galli, los subsecretarios de Seguridad Mario Busto, de Gobierno Emilio Vitale y el director del Centro de Monitoreo Daniel Manuel.<\/p>\n<p><a href=\"https:\/\/experienciadevida.com.ar\/portalurbano\/proyectamos-extender-el-sistema-de-camaras-de-seguridad-en-las-localidades\/proyectamos-extender\/\" rel=\"attachment wp-att-160449\"><img decoding=\"async\" class=\"alignnone size-large wp-image-160449\" src=\"https:\/\/experienciadevida.com.ar\/portalurbano\/wp-content\/uploads\/2022\/01\/Proyectamos-extender-1024x684.jpg\" alt=\"Proyectamos extender \" width=\"900\" height=\"601\" srcset=\"https:\/\/experienciadevida.com.ar\/portalurbano\/wp-content\/uploads\/2022\/01\/Proyectamos-extender-1024x684.jpg 1024w, https:\/\/experienciadevida.com.ar\/portalurbano\/wp-content\/uploads\/2022\/01\/Proyectamos-extender-300x201.jpg 300w, https:\/\/experienciadevida.com.ar\/portalurbano\/wp-content\/uploads\/2022\/01\/Proyectamos-extender-768x513.jpg 768w, https:\/\/experienciadevida.com.ar\/portalurbano\/wp-content\/uploads\/2022\/01\/Proyectamos-extender-1536x1027.jpg 1536w, https:\/\/experienciadevida.com.ar\/portalurbano\/wp-content\/uploads\/2022\/01\/Proyectamos-extender-2048x1369.jpg 2048w\" sizes=\"(max-width: 900px) 100vw, 900px\" \/><\/a><\/p>\n<p>Al respecto, Galli afirm\u00f3 \u201cvamos a extender el sistema de c\u00e1maras de seguridad en las distintas localidades del Partido. La extensi\u00f3n del proyecto requiere de un proceso licitatorio, del trabajo de instalaci\u00f3n, conexi\u00f3n, tendido y enlace con el Centro de Monitoreo\u201d.<\/p>\n<p>Al mismo tiempo, destac\u00f3 la inversi\u00f3n realizada en materia de seguridad \u201cde esta forma vamos sumando elementos, herramientas para los vecinos de las localidades\u201d.<\/p>\n<p>\u201cProyectamos extender el sistema de c\u00e1maras de seguridad en las localidades\u201d, en este sentido, el Intendente puntualiz\u00f3 en el rol del Municipio \u201ccomo auxiliar de la Polic\u00eda y la Justicia, con quienes se trabaja de manera articulada y permanente\u201d.<\/p>\n<p>\u201cCon la instalaci\u00f3n de c\u00e1maras que iniciamos en Sierra Chica y que luego vamos a continuar en otras localidades del Partido. Se busca generar un corredor de control\u201d, sostuvo.<\/p>\n<p>La inversi\u00f3n en Sierra Chica es de alrededor 4 millones de pesos y consiste en la provisi\u00f3n e instalaci\u00f3n de 10 c\u00e1maras y 3 domos, que se distribuyeron en puntos estrat\u00e9gicos.<\/p>\n<p>Cabe destacar que el Municipio del Partido de Olavarr\u00eda cuenta con un Centro de Monitoreo Municipal, que se ha convertido en modelo para la regi\u00f3n y que actualmente cuenta con cerca de 300 c\u00e1maras y permite un monitoreo permanente, destinado a la prevenci\u00f3n de distintas situaciones que afectan a la seguridad de la comunidad.<\/p>\n<p>En dicho espacio, adem\u00e1s, se llevaron a cabo diversas reformas edilicias, se adquirieron nuevas c\u00e1maras de seguridad (inal\u00e1mbricas y de reconocimiento de patentes) y se incorpor\u00f3 personal t\u00e9cnico, que recibe capacitaci\u00f3n de manera permanente.<\/p>\n<p>Asimismo en materia de seguridad, representantes municipales junto a autoridades policiales, dirigentes sociales, barriales y empresariales mantienen encuentros de manera mensual en el Consejo de Seguridad para analizar las distintas problem\u00e1ticas.<\/p>\n<p>Tambi\u00e9n, el Municipio cuenta con la aplicaci\u00f3n \u201cOjos en alerta\u201d, una herramienta de Whatsapp que permite que distintas personas accedan a comunicarse de manera directa e instant\u00e1nea con las fuerzas de seguridad.<\/p>\n<p>Funciona como una l\u00ednea de emergencias alternativa que es recepcionada en el Centro de Monitoreo, pero a la que tambi\u00e9n tienen acceso los integrantes de la c\u00fapula de seguridad local para su seguimiento.<\/p>\n","protected":false},"excerpt":{"rendered":"<p>\u201cProyectamos extender el sistema de c\u00e1maras de seguridad en las localidades\u201d, en la ma\u00f1ana de&#8230;<\/p>\n","protected":false},"author":1,"featured_media":160446,"comment_status":"closed","ping_status":"closed","sticky":false,"template":"","format":"standard","meta":{"content-type":""},"categories":[27,51],"tags":[],"nelio_content":{"isAutoShareEnabled":false,"autoShareEndMode":"default","automationSources":{"useContentSentences":true,"useSocialTemplates":true,"useCustomSentences":false,"customSentences":[]},"followers":[1],"suggestedReferences":[],"includedReferences":[],"efiUrl":"","efiAlt":"","highlights":[]},"yoast_head":"<!-- This site is optimized with the Yoast SEO plugin v20.7 - https:\/\/yoast.com\/wordpress\/plugins\/seo\/ -->\n<title>&quot;Proyectamos extender el sistema de c\u00e1maras de seguridad&quot;<\/title>\n<meta name=\"description\" content=\"\u201cProyectamos extender el sistema de c\u00e1maras de seguridad en las localidades\u201d, Galli visit\u00f3 la delegaci\u00f3n de Sierra Chica\" \/>\n<meta name=\"robots\" content=\"index, follow, max-snippet:-1, max-image-preview:large, max-video-preview:-1\" \/>\n<link rel=\"canonical\" href=\"https:\/\/experienciadevida.com.ar\/portalurbano\/proyectamos-extender-el-sistema-de-camaras-de-seguridad-en-las-localidades\/\" \/>\n<meta property=\"og:locale\" content=\"es_ES\" \/>\n<meta property=\"og:type\" content=\"article\" \/>\n<meta property=\"og:title\" content=\"&quot;Proyectamos extender el sistema de c\u00e1maras de seguridad&quot;\" \/>\n<meta property=\"og:description\" content=\"\u201cProyectamos extender el sistema de c\u00e1maras de seguridad en las localidades\u201d, Galli visit\u00f3 la delegaci\u00f3n de Sierra Chica\" \/>\n<meta property=\"og:url\" content=\"https:\/\/experienciadevida.com.ar\/portalurbano\/proyectamos-extender-el-sistema-de-camaras-de-seguridad-en-las-localidades\/\" \/>\n<meta property=\"article:publisher\" content=\"https:\/\/www.facebook.com\/Portal-Urbano-171542830093757\/\" \/>\n<meta property=\"article:published_time\" content=\"2022-01-24T15:04:46+00:00\" \/>\n<meta property=\"article:modified_time\" content=\"2022-01-24T15:11:27+00:00\" \/>\n<meta property=\"og:image\" content=\"https:\/\/experienciadevida.com.ar\/portalurbano\/wp-content\/uploads\/2022\/01\/Proyectamos-extender-el-sistema.jpg\" \/>\n\t<meta property=\"og:image:width\" content=\"2560\" \/>\n\t<meta property=\"og:image:height\" content=\"1711\" \/>\n\t<meta property=\"og:image:type\" content=\"image\/jpeg\" \/>\n<meta name=\"author\" content=\"admpu17wp\" \/>\n<meta name=\"twitter:card\" content=\"summary_large_image\" \/>\n<meta name=\"twitter:creator\" content=\"@portalurbanook\" \/>\n<meta name=\"twitter:site\" content=\"@portalurbanook\" \/>\n<meta name=\"twitter:label1\" content=\"Escrito por\" \/>\n\t<meta name=\"twitter:data1\" content=\"admpu17wp\" \/>\n\t<meta name=\"twitter:label2\" content=\"Tiempo de lectura\" \/>\n\t<meta name=\"twitter:data2\" content=\"2 minutos\" \/>\n<script type=\"application\/ld+json\" class=\"yoast-schema-graph\">{\"@context\":\"https:\/\/schema.org\",\"@graph\":[{\"@type\":\"Article\",\"@id\":\"https:\/\/experienciadevida.com.ar\/portalurbano\/proyectamos-extender-el-sistema-de-camaras-de-seguridad-en-las-localidades\/#article\",\"isPartOf\":{\"@id\":\"https:\/\/experienciadevida.com.ar\/portalurbano\/proyectamos-extender-el-sistema-de-camaras-de-seguridad-en-las-localidades\/\"},\"author\":{\"name\":\"admpu17wp\",\"@id\":\"https:\/\/experienciadevida.com.ar\/portalurbano\/#\/schema\/person\/02dd326b1c4b056e9cc972486934a3a7\"},\"headline\":\"\u201cProyectamos extender el sistema de c\u00e1maras de seguridad en las localidades\u201d\",\"datePublished\":\"2022-01-24T15:04:46+00:00\",\"dateModified\":\"2022-01-24T15:11:27+00:00\",\"mainEntityOfPage\":{\"@id\":\"https:\/\/experienciadevida.com.ar\/portalurbano\/proyectamos-extender-el-sistema-de-camaras-de-seguridad-en-las-localidades\/\"},\"wordCount\":476,\"publisher\":{\"@id\":\"https:\/\/experienciadevida.com.ar\/portalurbano\/#organization\"},\"articleSection\":[\"Ciudad\",\"Destacadas\"],\"inLanguage\":\"es\"},{\"@type\":\"WebPage\",\"@id\":\"https:\/\/experienciadevida.com.ar\/portalurbano\/proyectamos-extender-el-sistema-de-camaras-de-seguridad-en-las-localidades\/\",\"url\":\"https:\/\/experienciadevida.com.ar\/portalurbano\/proyectamos-extender-el-sistema-de-camaras-de-seguridad-en-las-localidades\/\",\"name\":\"\\\"Proyectamos extender el sistema de c\u00e1maras de seguridad\\\"\",\"isPartOf\":{\"@id\":\"https:\/\/experienciadevida.com.ar\/portalurbano\/#website\"},\"datePublished\":\"2022-01-24T15:04:46+00:00\",\"dateModified\":\"2022-01-24T15:11:27+00:00\",\"description\":\"\u201cProyectamos extender el sistema de c\u00e1maras de seguridad en las localidades\u201d, Galli visit\u00f3 la delegaci\u00f3n de Sierra Chica\",\"breadcrumb\":{\"@id\":\"https:\/\/experienciadevida.com.ar\/portalurbano\/proyectamos-extender-el-sistema-de-camaras-de-seguridad-en-las-localidades\/#breadcrumb\"},\"inLanguage\":\"es\",\"potentialAction\":[{\"@type\":\"ReadAction\",\"target\":[\"https:\/\/experienciadevida.com.ar\/portalurbano\/proyectamos-extender-el-sistema-de-camaras-de-seguridad-en-las-localidades\/\"]}]},{\"@type\":\"BreadcrumbList\",\"@id\":\"https:\/\/experienciadevida.com.ar\/portalurbano\/proyectamos-extender-el-sistema-de-camaras-de-seguridad-en-las-localidades\/#breadcrumb\",\"itemListElement\":[{\"@type\":\"ListItem\",\"position\":1,\"name\":\"Portada\",\"item\":\"https:\/\/experienciadevida.com.ar\/portalurbano\/\"},{\"@type\":\"ListItem\",\"position\":2,\"name\":\"\u201cProyectamos extender el sistema de c\u00e1maras de seguridad en las localidades\u201d\"}]},{\"@type\":\"WebSite\",\"@id\":\"https:\/\/experienciadevida.com.ar\/portalurbano\/#website\",\"url\":\"https:\/\/experienciadevida.com.ar\/portalurbano\/\",\"name\":\"\",\"description\":\"\",\"publisher\":{\"@id\":\"https:\/\/experienciadevida.com.ar\/portalurbano\/#organization\"},\"potentialAction\":[{\"@type\":\"SearchAction\",\"target\":{\"@type\":\"EntryPoint\",\"urlTemplate\":\"https:\/\/experienciadevida.com.ar\/portalurbano\/?s={search_term_string}\"},\"query-input\":\"required name=search_term_string\"}],\"inLanguage\":\"es\"},{\"@type\":\"Organization\",\"@id\":\"https:\/\/experienciadevida.com.ar\/portalurbano\/#organization\",\"name\":\"Portal Urbano\",\"url\":\"https:\/\/experienciadevida.com.ar\/portalurbano\/\",\"logo\":{\"@type\":\"ImageObject\",\"inLanguage\":\"es\",\"@id\":\"https:\/\/experienciadevida.com.ar\/portalurbano\/#\/schema\/logo\/image\/\",\"url\":\"https:\/\/experienciadevida.com.ar\/portalurbano\/wp-content\/uploads\/2019\/09\/Logo-Original.png\",\"contentUrl\":\"https:\/\/experienciadevida.com.ar\/portalurbano\/wp-content\/uploads\/2019\/09\/Logo-Original.png\",\"width\":2236,\"height\":1216,\"caption\":\"Portal Urbano\"},\"image\":{\"@id\":\"https:\/\/experienciadevida.com.ar\/portalurbano\/#\/schema\/logo\/image\/\"},\"sameAs\":[\"https:\/\/www.facebook.com\/Portal-Urbano-171542830093757\/\",\"https:\/\/twitter.com\/portalurbanook\",\"https:\/\/www.instagram.com\/_portalurbano\/\",\"https:\/\/www.youtube.com\/channel\/UCXhagIfszH8KxFiOok79zbA?view_as=subscriber\"]},{\"@type\":\"Person\",\"@id\":\"https:\/\/experienciadevida.com.ar\/portalurbano\/#\/schema\/person\/02dd326b1c4b056e9cc972486934a3a7\",\"name\":\"admpu17wp\",\"image\":{\"@type\":\"ImageObject\",\"inLanguage\":\"es\",\"@id\":\"https:\/\/experienciadevida.com.ar\/portalurbano\/#\/schema\/person\/image\/\",\"url\":\"https:\/\/secure.gravatar.com\/avatar\/830d4c57adaae6630765e449a6908047?s=96&d=mm&r=g\",\"contentUrl\":\"https:\/\/secure.gravatar.com\/avatar\/830d4c57adaae6630765e449a6908047?s=96&d=mm&r=g\",\"caption\":\"admpu17wp\"}}]}<\/script>\n<!-- \/ Yoast SEO plugin. -->","yoast_head_json":{"title":"\"Proyectamos extender el sistema de c\u00e1maras de seguridad\"","description":"\u201cProyectamos extender el sistema de c\u00e1maras de seguridad en las localidades\u201d, Galli visit\u00f3 la delegaci\u00f3n de Sierra Chica","robots":{"index":"index","follow":"follow","max-snippet":"max-snippet:-1","max-image-preview":"max-image-preview:large","max-video-preview":"max-video-preview:-1"},"canonical":"https:\/\/experienciadevida.com.ar\/portalurbano\/proyectamos-extender-el-sistema-de-camaras-de-seguridad-en-las-localidades\/","og_locale":"es_ES","og_type":"article","og_title":"\"Proyectamos extender el sistema de c\u00e1maras de seguridad\"","og_description":"\u201cProyectamos extender el sistema de c\u00e1maras de seguridad en las localidades\u201d, Galli visit\u00f3 la delegaci\u00f3n de Sierra Chica","og_url":"https:\/\/experienciadevida.com.ar\/portalurbano\/proyectamos-extender-el-sistema-de-camaras-de-seguridad-en-las-localidades\/","article_publisher":"https:\/\/www.facebook.com\/Portal-Urbano-171542830093757\/","article_published_time":"2022-01-24T15:04:46+00:00","article_modified_time":"2022-01-24T15:11:27+00:00","og_image":[{"width":2560,"height":1711,"url":"https:\/\/experienciadevida.com.ar\/portalurbano\/wp-content\/uploads\/2022\/01\/Proyectamos-extender-el-sistema.jpg","type":"image\/jpeg"}],"author":"admpu17wp","twitter_card":"summary_large_image","twitter_creator":"@portalurbanook","twitter_site":"@portalurbanook","twitter_misc":{"Escrito por":"admpu17wp","Tiempo de lectura":"2 minutos"},"schema":{"@context":"https:\/\/schema.org","@graph":[{"@type":"Article","@id":"https:\/\/experienciadevida.com.ar\/portalurbano\/proyectamos-extender-el-sistema-de-camaras-de-seguridad-en-las-localidades\/#article","isPartOf":{"@id":"https:\/\/experienciadevida.com.ar\/portalurbano\/proyectamos-extender-el-sistema-de-camaras-de-seguridad-en-las-localidades\/"},"author":{"name":"admpu17wp","@id":"https:\/\/experienciadevida.com.ar\/portalurbano\/#\/schema\/person\/02dd326b1c4b056e9cc972486934a3a7"},"headline":"\u201cProyectamos extender el sistema de c\u00e1maras de seguridad en las localidades\u201d","datePublished":"2022-01-24T15:04:46+00:00","dateModified":"2022-01-24T15:11:27+00:00","mainEntityOfPage":{"@id":"https:\/\/experienciadevida.com.ar\/portalurbano\/proyectamos-extender-el-sistema-de-camaras-de-seguridad-en-las-localidades\/"},"wordCount":476,"publisher":{"@id":"https:\/\/experienciadevida.com.ar\/portalurbano\/#organization"},"articleSection":["Ciudad","Destacadas"],"inLanguage":"es"},{"@type":"WebPage","@id":"https:\/\/experienciadevida.com.ar\/portalurbano\/proyectamos-extender-el-sistema-de-camaras-de-seguridad-en-las-localidades\/","url":"https:\/\/experienciadevida.com.ar\/portalurbano\/proyectamos-extender-el-sistema-de-camaras-de-seguridad-en-las-localidades\/","name":"\"Proyectamos extender el sistema de c\u00e1maras de seguridad\"","isPartOf":{"@id":"https:\/\/experienciadevida.com.ar\/portalurbano\/#website"},"datePublished":"2022-01-24T15:04:46+00:00","dateModified":"2022-01-24T15:11:27+00:00","description":"\u201cProyectamos extender el sistema de c\u00e1maras de seguridad en las localidades\u201d, Galli visit\u00f3 la delegaci\u00f3n de Sierra Chica","breadcrumb":{"@id":"https:\/\/experienciadevida.com.ar\/portalurbano\/proyectamos-extender-el-sistema-de-camaras-de-seguridad-en-las-localidades\/#breadcrumb"},"inLanguage":"es","potentialAction":[{"@type":"ReadAction","target":["https:\/\/experienciadevida.com.ar\/portalurbano\/proyectamos-extender-el-sistema-de-camaras-de-seguridad-en-las-localidades\/"]}]},{"@type":"BreadcrumbList","@id":"https:\/\/experienciadevida.com.ar\/portalurbano\/proyectamos-extender-el-sistema-de-camaras-de-seguridad-en-las-localidades\/#breadcrumb","itemListElement":[{"@type":"ListItem","position":1,"name":"Portada","item":"https:\/\/experienciadevida.com.ar\/portalurbano\/"},{"@type":"ListItem","position":2,"name":"\u201cProyectamos extender el sistema de c\u00e1maras de seguridad en las localidades\u201d"}]},{"@type":"WebSite","@id":"https:\/\/experienciadevida.com.ar\/portalurbano\/#website","url":"https:\/\/experienciadevida.com.ar\/portalurbano\/","name":"","description":"","publisher":{"@id":"https:\/\/experienciadevida.com.ar\/portalurbano\/#organization"},"potentialAction":[{"@type":"SearchAction","target":{"@type":"EntryPoint","urlTemplate":"https:\/\/experienciadevida.com.ar\/portalurbano\/?s={search_term_string}"},"query-input":"required name=search_term_string"}],"inLanguage":"es"},{"@type":"Organization","@id":"https:\/\/experienciadevida.com.ar\/portalurbano\/#organization","name":"Portal Urbano","url":"https:\/\/experienciadevida.com.ar\/portalurbano\/","logo":{"@type":"ImageObject","inLanguage":"es","@id":"https:\/\/experienciadevida.com.ar\/portalurbano\/#\/schema\/logo\/image\/","url":"https:\/\/experienciadevida.com.ar\/portalurbano\/wp-content\/uploads\/2019\/09\/Logo-Original.png","contentUrl":"https:\/\/experienciadevida.com.ar\/portalurbano\/wp-content\/uploads\/2019\/09\/Logo-Original.png","width":2236,"height":1216,"caption":"Portal Urbano"},"image":{"@id":"https:\/\/experienciadevida.com.ar\/portalurbano\/#\/schema\/logo\/image\/"},"sameAs":["https:\/\/www.facebook.com\/Portal-Urbano-171542830093757\/","https:\/\/twitter.com\/portalurbanook","https:\/\/www.instagram.com\/_portalurbano\/","https:\/\/www.youtube.com\/channel\/UCXhagIfszH8KxFiOok79zbA?view_as=subscriber"]},{"@type":"Person","@id":"https:\/\/experienciadevida.com.ar\/portalurbano\/#\/schema\/person\/02dd326b1c4b056e9cc972486934a3a7","name":"admpu17wp","image":{"@type":"ImageObject","inLanguage":"es","@id":"https:\/\/experienciadevida.com.ar\/portalurbano\/#\/schema\/person\/image\/","url":"https:\/\/secure.gravatar.com\/avatar\/830d4c57adaae6630765e449a6908047?s=96&d=mm&r=g","contentUrl":"https:\/\/secure.gravatar.com\/avatar\/830d4c57adaae6630765e449a6908047?s=96&d=mm&r=g","caption":"admpu17wp"}}]}},"featured_image_urls":{"full":["https:\/\/experienciadevida.com.ar\/portalurbano\/wp-content\/uploads\/2022\/01\/Proyectamos-extender-el-sistema.jpg",2560,1711,false],"thumbnail":["https:\/\/experienciadevida.com.ar\/portalurbano\/wp-content\/uploads\/2022\/01\/Proyectamos-extender-el-sistema-150x150.jpg",150,150,true],"medium":["https:\/\/experienciadevida.com.ar\/portalurbano\/wp-content\/uploads\/2022\/01\/Proyectamos-extender-el-sistema-300x201.jpg",300,201,true],"medium_large":["https:\/\/experienciadevida.com.ar\/portalurbano\/wp-content\/uploads\/2022\/01\/Proyectamos-extender-el-sistema-768x513.jpg",640,428,true],"large":["https:\/\/experienciadevida.com.ar\/portalurbano\/wp-content\/uploads\/2022\/01\/Proyectamos-extender-el-sistema-1024x684.jpg",640,428,true],"ug_big":["https:\/\/experienciadevida.com.ar\/portalurbano\/wp-content\/uploads\/2022\/01\/Proyectamos-extender-el-sistema-768x513.jpg",768,513,true],"1536x1536":["https:\/\/experienciadevida.com.ar\/portalurbano\/wp-content\/uploads\/2022\/01\/Proyectamos-extender-el-sistema-1536x1027.jpg",1536,1027,true],"2048x2048":["https:\/\/experienciadevida.com.ar\/portalurbano\/wp-content\/uploads\/2022\/01\/Proyectamos-extender-el-sistema-2048x1369.jpg",2048,1369,true],"newsever-slider-full":["https:\/\/experienciadevida.com.ar\/portalurbano\/wp-content\/uploads\/2022\/01\/Proyectamos-extender-el-sistema.jpg",1264,845,false],"newsever-featured":["https:\/\/experienciadevida.com.ar\/portalurbano\/wp-content\/uploads\/2022\/01\/Proyectamos-extender-el-sistema.jpg",1024,684,false],"newsever-medium":["https:\/\/experienciadevida.com.ar\/portalurbano\/wp-content\/uploads\/2022\/01\/Proyectamos-extender-el-sistema.jpg",711,475,false],"web-stories-poster-portrait":["https:\/\/experienciadevida.com.ar\/portalurbano\/wp-content\/uploads\/2022\/01\/Proyectamos-extender-el-sistema.jpg",640,428,false],"web-stories-publisher-logo":["https:\/\/experienciadevida.com.ar\/portalurbano\/wp-content\/uploads\/2022\/01\/Proyectamos-extender-el-sistema.jpg",96,64,false],"web-stories-thumbnail":["https:\/\/experienciadevida.com.ar\/portalurbano\/wp-content\/uploads\/2022\/01\/Proyectamos-extender-el-sistema.jpg",150,100,false]},"author_info":{"display_name":"admpu17wp","author_link":"https:\/\/experienciadevida.com.ar\/portalurbano\/author\/admpu17wp\/"},"category_info":"<a href=\"https:\/\/experienciadevida.com.ar\/portalurbano\/category\/ciudad\/\" rel=\"category tag\">Ciudad<\/a> <a href=\"https:\/\/experienciadevida.com.ar\/portalurbano\/category\/destacadas\/\" rel=\"category tag\">Destacadas<\/a>","tag_info":"Destacadas","comment_count":"0","amp_enabled":true,"_links":{"self":[{"href":"https:\/\/experienciadevida.com.ar\/portalurbano\/wp-json\/wp\/v2\/posts\/160445"}],"collection":[{"href":"https:\/\/experienciadevida.com.ar\/portalurbano\/wp-json\/wp\/v2\/posts"}],"about":[{"href":"https:\/\/experienciadevida.com.ar\/portalurbano\/wp-json\/wp\/v2\/types\/post"}],"author":[{"embeddable":true,"href":"https:\/\/experienciadevida.com.ar\/portalurbano\/wp-json\/wp\/v2\/users\/1"}],"replies":[{"embeddable":true,"href":"https:\/\/experienciadevida.com.ar\/portalurbano\/wp-json\/wp\/v2\/comments?post=160445"}],"version-history":[{"count":3,"href":"https:\/\/experienciadevida.com.ar\/portalurbano\/wp-json\/wp\/v2\/posts\/160445\/revisions"}],"predecessor-version":[{"id":160448,"href":"https:\/\/experienciadevida.com.ar\/portalurbano\/wp-json\/wp\/v2\/posts\/160445\/revisions\/160448"}],"wp:featuredmedia":[{"embeddable":true,"href":"https:\/\/experienciadevida.com.ar\/portalurbano\/wp-json\/wp\/v2\/media\/160446"}],"wp:attachment":[{"href":"https:\/\/experienciadevida.com.ar\/portalurbano\/wp-json\/wp\/v2\/media?parent=160445"}],"wp:term":[{"taxonomy":"category","embeddable":true,"href":"https:\/\/experienciadevida.com.ar\/portalurbano\/wp-json\/wp\/v2\/categories?post=160445"},{"taxonomy":"post_tag","embeddable":true,"href":"https:\/\/experienciadevida.com.ar\/portalurbano\/wp-json\/wp\/v2\/tags?post=160445"}],"curies":[{"name":"wp","href":"https:\/\/api.w.org\/{rel}","templated":true}]}}