{"id":160433,"date":"2022-01-24T09:44:36","date_gmt":"2022-01-24T12:44:36","guid":{"rendered":"https:\/\/experienciadevida.com.ar\/portalurbano\/?p=160433"},"modified":"2022-01-24T09:47:30","modified_gmt":"2022-01-24T12:47:30","slug":"cursos-de-verano-en-punto-digital-olavarria","status":"publish","type":"post","link":"https:\/\/experienciadevida.com.ar\/portalurbano\/cursos-de-verano-en-punto-digital-olavarria\/","title":{"rendered":"Cursos de verano en Punto Digital Olavarr\u00eda"},"content":{"rendered":"<div class=\"page-title\">\n<p>Cursos de verano en Punto Digital Olavarr\u00eda, desde la Direcci\u00f3n de Educaci\u00f3n se dieron a conocer las propuestas de verano impulsadas desde el Punto Digital Olavarr\u00eda.<\/p>\n<p>Los cursos comprenden diferentes tem\u00e1ticas vinculadas al manejo de la tecnolog\u00eda:<\/p>\n<p>\u201cProducciones audiovisuales de un minuto\u201d<br \/>\nEste curso est\u00e1 pensado para un destinatario que no posea conocimientos en la producci\u00f3n audiovisual, pero que tenga la inquietud de conocer las t\u00e9cnicas\/procedimientos b\u00e1sicos en una producci\u00f3n audiovisual para sus actividades vacacionales como as\u00ed tambi\u00e9n en su profesi\u00f3n.<\/p>\n<p>Inicio: mi\u00e9rcoles 2 de febrero<\/p>\n<p>Horario: de 10 a 12 horas<\/p>\n<p>Frecuencia: todos los mi\u00e9rcoles de febrero (4 encuentros)<\/p>\n<p>Docentes: Dante Lartirigoyen: t\u00e9cnicas de fotograf\u00edas en estudio \/ Sebasti\u00e1n Lindner: tomas de sonido en estudio y edici\u00f3n.<\/p>\n<p>Aplicaci\u00f3n de navegaci\u00f3n para realizar vacaciones virtuales: Conocer ciudades como si estuvieras ah\u00ed<br \/>\nEste curso tiene como objetivo explicar las ventajas de aplicaciones de navegaci\u00f3n m\u00e1s populares en el uso del geoposicionamiento. Si no pudiste ir a ese lugar que so\u00f1aste o quieres recordar ese viaje \u201cincre\u00edble\u201d, te ayudamos a que viajes en forma virtual usando t\u00e9cnicas 2D y 3D.<\/p>\n<p>Inicio: jueves 3 de febrero<\/p>\n<p>Horario: de 19 a 20 horas<\/p>\n<p>Frecuencia: todos los jueves de febrero (4 encuentros)<\/p>\n<p>Docentes: Joaqu\u00edn M\u00e9ndez \/ Eduardo Herbosa.<\/p>\n<p>Visita de museos 3D<br \/>\nEn este curso podr\u00e1s conocer y usar las aplicaciones m\u00e1s populares y potentes para conocer y visitar museos de todo el mundo con tecnolog\u00edas inmersivas usando cascos de Realidad Virtual (VR) para sentirte que est\u00e1s en el lugar.<\/p>\n<p>Inicio: martes 1\u00ba de febrero<\/p>\n<p>Horario: de 19 a 20 horas<\/p>\n<p>Frecuencia: todos los martes de febrero (4 encuentros)<\/p>\n<p>Docentes: Joaqu\u00edn M\u00e9ndez.<\/p>\n<p>Aplicaciones para alquilar: c\u00f3mo usar correctamente: Airbnb\/Booking\/Flipkey\/HomeAway<br \/>\nEste curso tiene como objetivo asesorar en el manejo y elecci\u00f3n de aplicaciones para alquilar hoteles, caba\u00f1as e incluso casas particulares, como as\u00ed tambi\u00e9n para aquellos que deseen alquilar su propiedad. Estas vacaciones post pandemia generan algunos inconvenientes debido a las demandas en los alquileres, es importante poder contar con el conocimiento adecuado para disminuir los obst\u00e1culos en el alquiler, como as\u00ed tambi\u00e9n poder ofrecer propiedades para que sean alquiladas r\u00e1pidamente.<\/p>\n<p>Inicio: viernes 4 de febrero<\/p>\n<p>Horario: de 18:30 a 19:30 horas<\/p>\n<p>D\u00edas del taller: todos los viernes de febrero (4 encuentros)<\/p>\n<p>Docente: Joaqu\u00edn M\u00e9ndez<\/p>\n<p>Inform\u00e1tica para principiantes (d\u00edas y horarios a confirmar)<\/p>\n<p>Asimismo, desde Punto Digital recuerda que se puede tramitar la validaci\u00f3n de usuarios \u201cMi Argentina\u201d; la aplicaci\u00f3n ciudadana para gestionar tr\u00e1mites, sacar turnos, acceder a tus documentos digitales y recibir informaci\u00f3n personalizada; como as\u00ed tambi\u00e9n el S\u00edmbolo Internacional de acceso digital para libre tr\u00e1nsito y estacionamiento.<\/p>\n<p>Consultas e inscripci\u00f3n<\/p>\n<p>Por consultas e informes, todos los interesados pueden acercarse a la sede de Punto Digital Olavarr\u00eda, ubicada en el Centro Cultural San Jos\u00e9 (Riobamba 2949), de lunes a viernes de 17:30 a 19:30 horas.<\/p>\n<\/div>\n<div class=\"breadcrumbs\"><\/div>\n","protected":false},"excerpt":{"rendered":"<p>Cursos de verano en Punto Digital Olavarr\u00eda, desde la Direcci\u00f3n de Educaci\u00f3n se dieron a&#8230;<\/p>\n","protected":false},"author":1,"featured_media":85394,"comment_status":"closed","ping_status":"closed","sticky":false,"template":"","format":"standard","meta":{"content-type":""},"categories":[27,64],"tags":[],"nelio_content":{"isAutoShareEnabled":false,"autoShareEndMode":"default","automationSources":{"useContentSentences":true,"useSocialTemplates":true,"useCustomSentences":false,"customSentences":[]},"followers":[1],"suggestedReferences":[],"includedReferences":[],"efiUrl":"","efiAlt":"","highlights":[]},"yoast_head":"<!-- This site is optimized with the Yoast SEO plugin v20.7 - https:\/\/yoast.com\/wordpress\/plugins\/seo\/ -->\n<title>Cursos de verano en punto digital Olavarria<\/title>\n<meta name=\"description\" content=\"Cursos de verano en Punto Digital Olavarr\u00eda, desde la Direcci\u00f3n de Educaci\u00f3n se dieron a conocer las propuestas de verano.\" \/>\n<meta name=\"robots\" content=\"index, follow, max-snippet:-1, max-image-preview:large, max-video-preview:-1\" \/>\n<link rel=\"canonical\" href=\"https:\/\/experienciadevida.com.ar\/portalurbano\/cursos-de-verano-en-punto-digital-olavarria\/\" \/>\n<meta property=\"og:locale\" content=\"es_ES\" \/>\n<meta property=\"og:type\" content=\"article\" \/>\n<meta property=\"og:title\" content=\"Cursos de verano en punto digital Olavarria\" \/>\n<meta property=\"og:description\" content=\"Cursos de verano en Punto Digital Olavarr\u00eda, desde la Direcci\u00f3n de Educaci\u00f3n se dieron a conocer las propuestas de verano.\" \/>\n<meta property=\"og:url\" content=\"https:\/\/experienciadevida.com.ar\/portalurbano\/cursos-de-verano-en-punto-digital-olavarria\/\" \/>\n<meta property=\"article:publisher\" content=\"https:\/\/www.facebook.com\/Portal-Urbano-171542830093757\/\" \/>\n<meta property=\"article:published_time\" content=\"2022-01-24T12:44:36+00:00\" \/>\n<meta property=\"article:modified_time\" content=\"2022-01-24T12:47:30+00:00\" \/>\n<meta property=\"og:image\" content=\"https:\/\/experienciadevida.com.ar\/portalurbano\/wp-content\/uploads\/2019\/09\/PUNTO-DIGITAL.jpg\" \/>\n\t<meta property=\"og:image:width\" content=\"640\" \/>\n\t<meta property=\"og:image:height\" content=\"427\" \/>\n\t<meta property=\"og:image:type\" content=\"image\/jpeg\" \/>\n<meta name=\"author\" content=\"admpu17wp\" \/>\n<meta name=\"twitter:card\" content=\"summary_large_image\" \/>\n<meta name=\"twitter:creator\" content=\"@portalurbanook\" \/>\n<meta name=\"twitter:site\" content=\"@portalurbanook\" \/>\n<meta name=\"twitter:label1\" content=\"Escrito por\" \/>\n\t<meta name=\"twitter:data1\" content=\"admpu17wp\" \/>\n\t<meta name=\"twitter:label2\" content=\"Tiempo de lectura\" \/>\n\t<meta name=\"twitter:data2\" content=\"3 minutos\" \/>\n<script type=\"application\/ld+json\" class=\"yoast-schema-graph\">{\"@context\":\"https:\/\/schema.org\",\"@graph\":[{\"@type\":\"Article\",\"@id\":\"https:\/\/experienciadevida.com.ar\/portalurbano\/cursos-de-verano-en-punto-digital-olavarria\/#article\",\"isPartOf\":{\"@id\":\"https:\/\/experienciadevida.com.ar\/portalurbano\/cursos-de-verano-en-punto-digital-olavarria\/\"},\"author\":{\"name\":\"admpu17wp\",\"@id\":\"https:\/\/experienciadevida.com.ar\/portalurbano\/#\/schema\/person\/02dd326b1c4b056e9cc972486934a3a7\"},\"headline\":\"Cursos de verano en Punto Digital Olavarr\u00eda\",\"datePublished\":\"2022-01-24T12:44:36+00:00\",\"dateModified\":\"2022-01-24T12:47:30+00:00\",\"mainEntityOfPage\":{\"@id\":\"https:\/\/experienciadevida.com.ar\/portalurbano\/cursos-de-verano-en-punto-digital-olavarria\/\"},\"wordCount\":505,\"publisher\":{\"@id\":\"https:\/\/experienciadevida.com.ar\/portalurbano\/#organization\"},\"articleSection\":[\"Ciudad\",\"Destacadas 2\"],\"inLanguage\":\"es\"},{\"@type\":\"WebPage\",\"@id\":\"https:\/\/experienciadevida.com.ar\/portalurbano\/cursos-de-verano-en-punto-digital-olavarria\/\",\"url\":\"https:\/\/experienciadevida.com.ar\/portalurbano\/cursos-de-verano-en-punto-digital-olavarria\/\",\"name\":\"Cursos de verano en punto digital Olavarria\",\"isPartOf\":{\"@id\":\"https:\/\/experienciadevida.com.ar\/portalurbano\/#website\"},\"datePublished\":\"2022-01-24T12:44:36+00:00\",\"dateModified\":\"2022-01-24T12:47:30+00:00\",\"description\":\"Cursos de verano en Punto Digital Olavarr\u00eda, desde la Direcci\u00f3n de Educaci\u00f3n se dieron a conocer las propuestas de verano.\",\"breadcrumb\":{\"@id\":\"https:\/\/experienciadevida.com.ar\/portalurbano\/cursos-de-verano-en-punto-digital-olavarria\/#breadcrumb\"},\"inLanguage\":\"es\",\"potentialAction\":[{\"@type\":\"ReadAction\",\"target\":[\"https:\/\/experienciadevida.com.ar\/portalurbano\/cursos-de-verano-en-punto-digital-olavarria\/\"]}]},{\"@type\":\"BreadcrumbList\",\"@id\":\"https:\/\/experienciadevida.com.ar\/portalurbano\/cursos-de-verano-en-punto-digital-olavarria\/#breadcrumb\",\"itemListElement\":[{\"@type\":\"ListItem\",\"position\":1,\"name\":\"Portada\",\"item\":\"https:\/\/experienciadevida.com.ar\/portalurbano\/\"},{\"@type\":\"ListItem\",\"position\":2,\"name\":\"Cursos de verano en Punto Digital Olavarr\u00eda\"}]},{\"@type\":\"WebSite\",\"@id\":\"https:\/\/experienciadevida.com.ar\/portalurbano\/#website\",\"url\":\"https:\/\/experienciadevida.com.ar\/portalurbano\/\",\"name\":\"\",\"description\":\"\",\"publisher\":{\"@id\":\"https:\/\/experienciadevida.com.ar\/portalurbano\/#organization\"},\"potentialAction\":[{\"@type\":\"SearchAction\",\"target\":{\"@type\":\"EntryPoint\",\"urlTemplate\":\"https:\/\/experienciadevida.com.ar\/portalurbano\/?s={search_term_string}\"},\"query-input\":\"required name=search_term_string\"}],\"inLanguage\":\"es\"},{\"@type\":\"Organization\",\"@id\":\"https:\/\/experienciadevida.com.ar\/portalurbano\/#organization\",\"name\":\"Portal Urbano\",\"url\":\"https:\/\/experienciadevida.com.ar\/portalurbano\/\",\"logo\":{\"@type\":\"ImageObject\",\"inLanguage\":\"es\",\"@id\":\"https:\/\/experienciadevida.com.ar\/portalurbano\/#\/schema\/logo\/image\/\",\"url\":\"https:\/\/experienciadevida.com.ar\/portalurbano\/wp-content\/uploads\/2019\/09\/Logo-Original.png\",\"contentUrl\":\"https:\/\/experienciadevida.com.ar\/portalurbano\/wp-content\/uploads\/2019\/09\/Logo-Original.png\",\"width\":2236,\"height\":1216,\"caption\":\"Portal Urbano\"},\"image\":{\"@id\":\"https:\/\/experienciadevida.com.ar\/portalurbano\/#\/schema\/logo\/image\/\"},\"sameAs\":[\"https:\/\/www.facebook.com\/Portal-Urbano-171542830093757\/\",\"https:\/\/twitter.com\/portalurbanook\",\"https:\/\/www.instagram.com\/_portalurbano\/\",\"https:\/\/www.youtube.com\/channel\/UCXhagIfszH8KxFiOok79zbA?view_as=subscriber\"]},{\"@type\":\"Person\",\"@id\":\"https:\/\/experienciadevida.com.ar\/portalurbano\/#\/schema\/person\/02dd326b1c4b056e9cc972486934a3a7\",\"name\":\"admpu17wp\",\"image\":{\"@type\":\"ImageObject\",\"inLanguage\":\"es\",\"@id\":\"https:\/\/experienciadevida.com.ar\/portalurbano\/#\/schema\/person\/image\/\",\"url\":\"https:\/\/secure.gravatar.com\/avatar\/830d4c57adaae6630765e449a6908047?s=96&d=mm&r=g\",\"contentUrl\":\"https:\/\/secure.gravatar.com\/avatar\/830d4c57adaae6630765e449a6908047?s=96&d=mm&r=g\",\"caption\":\"admpu17wp\"}}]}<\/script>\n<!-- \/ Yoast SEO plugin. -->","yoast_head_json":{"title":"Cursos de verano en punto digital Olavarria","description":"Cursos de verano en Punto Digital Olavarr\u00eda, desde la Direcci\u00f3n de Educaci\u00f3n se dieron a conocer las propuestas de verano.","robots":{"index":"index","follow":"follow","max-snippet":"max-snippet:-1","max-image-preview":"max-image-preview:large","max-video-preview":"max-video-preview:-1"},"canonical":"https:\/\/experienciadevida.com.ar\/portalurbano\/cursos-de-verano-en-punto-digital-olavarria\/","og_locale":"es_ES","og_type":"article","og_title":"Cursos de verano en punto digital Olavarria","og_description":"Cursos de verano en Punto Digital Olavarr\u00eda, desde la Direcci\u00f3n de Educaci\u00f3n se dieron a conocer las propuestas de verano.","og_url":"https:\/\/experienciadevida.com.ar\/portalurbano\/cursos-de-verano-en-punto-digital-olavarria\/","article_publisher":"https:\/\/www.facebook.com\/Portal-Urbano-171542830093757\/","article_published_time":"2022-01-24T12:44:36+00:00","article_modified_time":"2022-01-24T12:47:30+00:00","og_image":[{"width":640,"height":427,"url":"https:\/\/experienciadevida.com.ar\/portalurbano\/wp-content\/uploads\/2019\/09\/PUNTO-DIGITAL.jpg","type":"image\/jpeg"}],"author":"admpu17wp","twitter_card":"summary_large_image","twitter_creator":"@portalurbanook","twitter_site":"@portalurbanook","twitter_misc":{"Escrito por":"admpu17wp","Tiempo de lectura":"3 minutos"},"schema":{"@context":"https:\/\/schema.org","@graph":[{"@type":"Article","@id":"https:\/\/experienciadevida.com.ar\/portalurbano\/cursos-de-verano-en-punto-digital-olavarria\/#article","isPartOf":{"@id":"https:\/\/experienciadevida.com.ar\/portalurbano\/cursos-de-verano-en-punto-digital-olavarria\/"},"author":{"name":"admpu17wp","@id":"https:\/\/experienciadevida.com.ar\/portalurbano\/#\/schema\/person\/02dd326b1c4b056e9cc972486934a3a7"},"headline":"Cursos de verano en Punto Digital Olavarr\u00eda","datePublished":"2022-01-24T12:44:36+00:00","dateModified":"2022-01-24T12:47:30+00:00","mainEntityOfPage":{"@id":"https:\/\/experienciadevida.com.ar\/portalurbano\/cursos-de-verano-en-punto-digital-olavarria\/"},"wordCount":505,"publisher":{"@id":"https:\/\/experienciadevida.com.ar\/portalurbano\/#organization"},"articleSection":["Ciudad","Destacadas 2"],"inLanguage":"es"},{"@type":"WebPage","@id":"https:\/\/experienciadevida.com.ar\/portalurbano\/cursos-de-verano-en-punto-digital-olavarria\/","url":"https:\/\/experienciadevida.com.ar\/portalurbano\/cursos-de-verano-en-punto-digital-olavarria\/","name":"Cursos de verano en punto digital Olavarria","isPartOf":{"@id":"https:\/\/experienciadevida.com.ar\/portalurbano\/#website"},"datePublished":"2022-01-24T12:44:36+00:00","dateModified":"2022-01-24T12:47:30+00:00","description":"Cursos de verano en Punto Digital Olavarr\u00eda, desde la Direcci\u00f3n de Educaci\u00f3n se dieron a conocer las propuestas de verano.","breadcrumb":{"@id":"https:\/\/experienciadevida.com.ar\/portalurbano\/cursos-de-verano-en-punto-digital-olavarria\/#breadcrumb"},"inLanguage":"es","potentialAction":[{"@type":"ReadAction","target":["https:\/\/experienciadevida.com.ar\/portalurbano\/cursos-de-verano-en-punto-digital-olavarria\/"]}]},{"@type":"BreadcrumbList","@id":"https:\/\/experienciadevida.com.ar\/portalurbano\/cursos-de-verano-en-punto-digital-olavarria\/#breadcrumb","itemListElement":[{"@type":"ListItem","position":1,"name":"Portada","item":"https:\/\/experienciadevida.com.ar\/portalurbano\/"},{"@type":"ListItem","position":2,"name":"Cursos de verano en Punto Digital Olavarr\u00eda"}]},{"@type":"WebSite","@id":"https:\/\/experienciadevida.com.ar\/portalurbano\/#website","url":"https:\/\/experienciadevida.com.ar\/portalurbano\/","name":"","description":"","publisher":{"@id":"https:\/\/experienciadevida.com.ar\/portalurbano\/#organization"},"potentialAction":[{"@type":"SearchAction","target":{"@type":"EntryPoint","urlTemplate":"https:\/\/experienciadevida.com.ar\/portalurbano\/?s={search_term_string}"},"query-input":"required name=search_term_string"}],"inLanguage":"es"},{"@type":"Organization","@id":"https:\/\/experienciadevida.com.ar\/portalurbano\/#organization","name":"Portal Urbano","url":"https:\/\/experienciadevida.com.ar\/portalurbano\/","logo":{"@type":"ImageObject","inLanguage":"es","@id":"https:\/\/experienciadevida.com.ar\/portalurbano\/#\/schema\/logo\/image\/","url":"https:\/\/experienciadevida.com.ar\/portalurbano\/wp-content\/uploads\/2019\/09\/Logo-Original.png","contentUrl":"https:\/\/experienciadevida.com.ar\/portalurbano\/wp-content\/uploads\/2019\/09\/Logo-Original.png","width":2236,"height":1216,"caption":"Portal Urbano"},"image":{"@id":"https:\/\/experienciadevida.com.ar\/portalurbano\/#\/schema\/logo\/image\/"},"sameAs":["https:\/\/www.facebook.com\/Portal-Urbano-171542830093757\/","https:\/\/twitter.com\/portalurbanook","https:\/\/www.instagram.com\/_portalurbano\/","https:\/\/www.youtube.com\/channel\/UCXhagIfszH8KxFiOok79zbA?view_as=subscriber"]},{"@type":"Person","@id":"https:\/\/experienciadevida.com.ar\/portalurbano\/#\/schema\/person\/02dd326b1c4b056e9cc972486934a3a7","name":"admpu17wp","image":{"@type":"ImageObject","inLanguage":"es","@id":"https:\/\/experienciadevida.com.ar\/portalurbano\/#\/schema\/person\/image\/","url":"https:\/\/secure.gravatar.com\/avatar\/830d4c57adaae6630765e449a6908047?s=96&d=mm&r=g","contentUrl":"https:\/\/secure.gravatar.com\/avatar\/830d4c57adaae6630765e449a6908047?s=96&d=mm&r=g","caption":"admpu17wp"}}]}},"featured_image_urls":{"full":["https:\/\/experienciadevida.com.ar\/portalurbano\/wp-content\/uploads\/2019\/09\/PUNTO-DIGITAL.jpg",640,427,false],"thumbnail":["https:\/\/experienciadevida.com.ar\/portalurbano\/wp-content\/uploads\/2019\/09\/PUNTO-DIGITAL-150x150.jpg",150,150,true],"medium":["https:\/\/experienciadevida.com.ar\/portalurbano\/wp-content\/uploads\/2019\/09\/PUNTO-DIGITAL-300x200.jpg",300,200,true],"medium_large":["https:\/\/experienciadevida.com.ar\/portalurbano\/wp-content\/uploads\/2019\/09\/PUNTO-DIGITAL.jpg",640,427,false],"large":["https:\/\/experienciadevida.com.ar\/portalurbano\/wp-content\/uploads\/2019\/09\/PUNTO-DIGITAL.jpg",640,427,false],"ug_big":["https:\/\/experienciadevida.com.ar\/portalurbano\/wp-content\/uploads\/2019\/09\/PUNTO-DIGITAL.jpg",640,427,false],"1536x1536":["https:\/\/experienciadevida.com.ar\/portalurbano\/wp-content\/uploads\/2019\/09\/PUNTO-DIGITAL.jpg",640,427,false],"2048x2048":["https:\/\/experienciadevida.com.ar\/portalurbano\/wp-content\/uploads\/2019\/09\/PUNTO-DIGITAL.jpg",640,427,false],"newsever-slider-full":["https:\/\/experienciadevida.com.ar\/portalurbano\/wp-content\/uploads\/2019\/09\/PUNTO-DIGITAL.jpg",640,427,false],"newsever-featured":["https:\/\/experienciadevida.com.ar\/portalurbano\/wp-content\/uploads\/2019\/09\/PUNTO-DIGITAL.jpg",640,427,false],"newsever-medium":["https:\/\/experienciadevida.com.ar\/portalurbano\/wp-content\/uploads\/2019\/09\/PUNTO-DIGITAL.jpg",640,427,false],"web-stories-poster-portrait":["https:\/\/experienciadevida.com.ar\/portalurbano\/wp-content\/uploads\/2019\/09\/PUNTO-DIGITAL.jpg",640,427,false],"web-stories-publisher-logo":["https:\/\/experienciadevida.com.ar\/portalurbano\/wp-content\/uploads\/2019\/09\/PUNTO-DIGITAL.jpg",96,64,false],"web-stories-thumbnail":["https:\/\/experienciadevida.com.ar\/portalurbano\/wp-content\/uploads\/2019\/09\/PUNTO-DIGITAL.jpg",150,100,false]},"author_info":{"display_name":"admpu17wp","author_link":"https:\/\/experienciadevida.com.ar\/portalurbano\/author\/admpu17wp\/"},"category_info":"<a href=\"https:\/\/experienciadevida.com.ar\/portalurbano\/category\/ciudad\/\" rel=\"category tag\">Ciudad<\/a> <a href=\"https:\/\/experienciadevida.com.ar\/portalurbano\/category\/destacadas-2\/\" rel=\"category tag\">Destacadas 2<\/a>","tag_info":"Destacadas 2","comment_count":"0","amp_enabled":true,"_links":{"self":[{"href":"https:\/\/experienciadevida.com.ar\/portalurbano\/wp-json\/wp\/v2\/posts\/160433"}],"collection":[{"href":"https:\/\/experienciadevida.com.ar\/portalurbano\/wp-json\/wp\/v2\/posts"}],"about":[{"href":"https:\/\/experienciadevida.com.ar\/portalurbano\/wp-json\/wp\/v2\/types\/post"}],"author":[{"embeddable":true,"href":"https:\/\/experienciadevida.com.ar\/portalurbano\/wp-json\/wp\/v2\/users\/1"}],"replies":[{"embeddable":true,"href":"https:\/\/experienciadevida.com.ar\/portalurbano\/wp-json\/wp\/v2\/comments?post=160433"}],"version-history":[{"count":1,"href":"https:\/\/experienciadevida.com.ar\/portalurbano\/wp-json\/wp\/v2\/posts\/160433\/revisions"}],"predecessor-version":[{"id":160434,"href":"https:\/\/experienciadevida.com.ar\/portalurbano\/wp-json\/wp\/v2\/posts\/160433\/revisions\/160434"}],"wp:featuredmedia":[{"embeddable":true,"href":"https:\/\/experienciadevida.com.ar\/portalurbano\/wp-json\/wp\/v2\/media\/85394"}],"wp:attachment":[{"href":"https:\/\/experienciadevida.com.ar\/portalurbano\/wp-json\/wp\/v2\/media?parent=160433"}],"wp:term":[{"taxonomy":"category","embeddable":true,"href":"https:\/\/experienciadevida.com.ar\/portalurbano\/wp-json\/wp\/v2\/categories?post=160433"},{"taxonomy":"post_tag","embeddable":true,"href":"https:\/\/experienciadevida.com.ar\/portalurbano\/wp-json\/wp\/v2\/tags?post=160433"}],"curies":[{"name":"wp","href":"https:\/\/api.w.org\/{rel}","templated":true}]}}