{"id":160394,"date":"2022-01-22T18:20:06","date_gmt":"2022-01-22T21:20:06","guid":{"rendered":"https:\/\/experienciadevida.com.ar\/portalurbano\/?p=160394"},"modified":"2022-01-22T18:20:06","modified_gmt":"2022-01-22T21:20:06","slug":"ines-creimer-y-gaston-sarachu-recorrieron-loma-negra-y-visitaron-la-unidad-sanitaria","status":"publish","type":"post","link":"https:\/\/experienciadevida.com.ar\/portalurbano\/ines-creimer-y-gaston-sarachu-recorrieron-loma-negra-y-visitaron-la-unidad-sanitaria\/","title":{"rendered":"In\u00e9s Creimer y Gast\u00f3n Sarachu recorrieron Loma Negra y visitaron la Unidad Sanitaria"},"content":{"rendered":"<p>Durante la ma\u00f1ana de este viernes los concejales del bloque Foro Olavarr\u00eda FR en el interbloque Frente de Todos, In\u00e9s Creimer y Gast\u00f3n Sarachu recorrieron la localidad y mantuvieron un encuentro con trabajadoras de la<br \/>\nUnidad Sanitaria N\u00b021 Loma Negra.<\/p>\n<p>Los concejales del Foro Olavarr\u00eda FR explicaron que \u2018\u2019A partir de diversas preocupaciones que vienen planteando los vecinos, retomamos las visitas presenciales a las localidades del Partido y as\u00ed acompa\u00f1ar las demandas de<br \/>\nlos vecinos y vecinas\u2019\u2019. A este pedido se suman otros reclamos para mejorar la atenci\u00f3n de la salud.<\/p>\n<p>\u201cEn la Unidad de Atenci\u00f3n Primaria de Loma Negra no hay atenci\u00f3n de un m\u00e9dico generalista\u201d dijo la concejala In\u00e9s Creimer, en coincidencia con los reclamos de los vecinos. \u2018\u2019Vemos dificultades para cubrir las guardias m\u00e9dicas, que a ra\u00edz de las licencias, y vacaciones de trabajadores de la salud, el Gobierno Municipal no design\u00f3 personal para cubrir la ausencia del mismo\u201d , sostuvo la concejal.<\/p>\n<p>Profundizando en las problem\u00e1ticas planteadas por los vecinos de la localidad de Loma Negra, Creimer explic\u00f3 que \u201cla Unidad Sanitaria no cuenta con un m\u00e9dico para la atenci\u00f3n de las personas por lo que deben trasladarse al Hospital Municipal \u2018Dr. Hector M. Cura\u2019 de Olavarr\u00eda para ser atendidas\u201d.<\/p>\n<p>La Unidad de Atenci\u00f3n Primaria tambi\u00e9n presenta dificultades en la sanitizaci\u00f3n de las salas de atenci\u00f3n por la falta de personal de limpieza, s\u00f3lo cuenta con una enfermera y desde hace tiempo los vecinos de la Loma Negra vienen reclamando la presencia permanente de un m\u00e9dico.<\/p>\n<p>\u201cEntendemos que es una comunidad importante de nuestro Partido, con un gran movimiento productivo y una poblaci\u00f3n que se siente postergada en un derecho b\u00e1sico como es la atenci\u00f3n de la salud\u201d, concluy\u00f3 Creimer.<\/p>\n<p>Por su parte, el concejal Gaston Sarachu expres\u00f3 que \u201cel Concejo Deliberante ha tratado en varias oportunidades estos problemas en las localidades\u201d y se\u00f1al\u00f3 que \u201cvamos a reiterar la solicitud al Departamento Ejecutivo Municipal\u00a0 para que arbitre los medios y hechos necesarios a fin de garantizar la presencia de un m\u00e9dico generalista en la Unidad Sanitaria N\u00b021 de Loma Negra\u201d.<\/p>\n","protected":false},"excerpt":{"rendered":"<p>Durante la ma\u00f1ana de este viernes los concejales del bloque Foro Olavarr\u00eda FR en el&#8230;<\/p>\n","protected":false},"author":1,"featured_media":160395,"comment_status":"closed","ping_status":"closed","sticky":false,"template":"","format":"standard","meta":{"content-type":""},"categories":[27],"tags":[],"nelio_content":{"isAutoShareEnabled":false,"autoShareEndMode":"default","automationSources":{"useContentSentences":true,"useSocialTemplates":true,"useCustomSentences":false,"customSentences":[]},"followers":[1],"suggestedReferences":[],"includedReferences":[],"efiUrl":"","efiAlt":"","highlights":[]},"yoast_head":"<!-- This site is optimized with the Yoast SEO plugin v20.7 - https:\/\/yoast.com\/wordpress\/plugins\/seo\/ -->\n<title>In\u00e9s Creimer y Gast\u00f3n Sarachu recorrieron Loma Negra y visitaron la Unidad Sanitaria -<\/title>\n<meta name=\"robots\" content=\"index, follow, max-snippet:-1, max-image-preview:large, max-video-preview:-1\" \/>\n<link rel=\"canonical\" href=\"https:\/\/experienciadevida.com.ar\/portalurbano\/ines-creimer-y-gaston-sarachu-recorrieron-loma-negra-y-visitaron-la-unidad-sanitaria\/\" \/>\n<meta property=\"og:locale\" content=\"es_ES\" \/>\n<meta property=\"og:type\" content=\"article\" \/>\n<meta property=\"og:title\" content=\"In\u00e9s Creimer y Gast\u00f3n Sarachu recorrieron Loma Negra y visitaron la Unidad Sanitaria -\" \/>\n<meta property=\"og:description\" content=\"Durante la ma\u00f1ana de este viernes los concejales del bloque Foro Olavarr\u00eda FR en el...\" \/>\n<meta property=\"og:url\" content=\"https:\/\/experienciadevida.com.ar\/portalurbano\/ines-creimer-y-gaston-sarachu-recorrieron-loma-negra-y-visitaron-la-unidad-sanitaria\/\" \/>\n<meta property=\"article:publisher\" content=\"https:\/\/www.facebook.com\/Portal-Urbano-171542830093757\/\" \/>\n<meta property=\"article:published_time\" content=\"2022-01-22T21:20:06+00:00\" \/>\n<meta property=\"og:image\" content=\"https:\/\/experienciadevida.com.ar\/portalurbano\/wp-content\/uploads\/2022\/01\/UnidadSanitariaLN-e1642886359501.jpeg\" \/>\n\t<meta property=\"og:image:width\" content=\"800\" \/>\n\t<meta property=\"og:image:height\" content=\"533\" \/>\n\t<meta property=\"og:image:type\" content=\"image\/jpeg\" \/>\n<meta name=\"author\" content=\"admpu17wp\" \/>\n<meta name=\"twitter:card\" content=\"summary_large_image\" \/>\n<meta name=\"twitter:creator\" content=\"@portalurbanook\" \/>\n<meta name=\"twitter:site\" content=\"@portalurbanook\" \/>\n<meta name=\"twitter:label1\" content=\"Escrito por\" \/>\n\t<meta name=\"twitter:data1\" content=\"admpu17wp\" \/>\n\t<meta name=\"twitter:label2\" content=\"Tiempo de lectura\" \/>\n\t<meta name=\"twitter:data2\" content=\"2 minutos\" \/>\n<script type=\"application\/ld+json\" class=\"yoast-schema-graph\">{\"@context\":\"https:\/\/schema.org\",\"@graph\":[{\"@type\":\"Article\",\"@id\":\"https:\/\/experienciadevida.com.ar\/portalurbano\/ines-creimer-y-gaston-sarachu-recorrieron-loma-negra-y-visitaron-la-unidad-sanitaria\/#article\",\"isPartOf\":{\"@id\":\"https:\/\/experienciadevida.com.ar\/portalurbano\/ines-creimer-y-gaston-sarachu-recorrieron-loma-negra-y-visitaron-la-unidad-sanitaria\/\"},\"author\":{\"name\":\"admpu17wp\",\"@id\":\"https:\/\/experienciadevida.com.ar\/portalurbano\/#\/schema\/person\/02dd326b1c4b056e9cc972486934a3a7\"},\"headline\":\"In\u00e9s Creimer y Gast\u00f3n Sarachu recorrieron Loma Negra y visitaron la Unidad Sanitaria\",\"datePublished\":\"2022-01-22T21:20:06+00:00\",\"dateModified\":\"2022-01-22T21:20:06+00:00\",\"mainEntityOfPage\":{\"@id\":\"https:\/\/experienciadevida.com.ar\/portalurbano\/ines-creimer-y-gaston-sarachu-recorrieron-loma-negra-y-visitaron-la-unidad-sanitaria\/\"},\"wordCount\":386,\"publisher\":{\"@id\":\"https:\/\/experienciadevida.com.ar\/portalurbano\/#organization\"},\"articleSection\":[\"Ciudad\"],\"inLanguage\":\"es\"},{\"@type\":\"WebPage\",\"@id\":\"https:\/\/experienciadevida.com.ar\/portalurbano\/ines-creimer-y-gaston-sarachu-recorrieron-loma-negra-y-visitaron-la-unidad-sanitaria\/\",\"url\":\"https:\/\/experienciadevida.com.ar\/portalurbano\/ines-creimer-y-gaston-sarachu-recorrieron-loma-negra-y-visitaron-la-unidad-sanitaria\/\",\"name\":\"In\u00e9s Creimer y Gast\u00f3n Sarachu recorrieron Loma Negra y visitaron la Unidad Sanitaria -\",\"isPartOf\":{\"@id\":\"https:\/\/experienciadevida.com.ar\/portalurbano\/#website\"},\"datePublished\":\"2022-01-22T21:20:06+00:00\",\"dateModified\":\"2022-01-22T21:20:06+00:00\",\"breadcrumb\":{\"@id\":\"https:\/\/experienciadevida.com.ar\/portalurbano\/ines-creimer-y-gaston-sarachu-recorrieron-loma-negra-y-visitaron-la-unidad-sanitaria\/#breadcrumb\"},\"inLanguage\":\"es\",\"potentialAction\":[{\"@type\":\"ReadAction\",\"target\":[\"https:\/\/experienciadevida.com.ar\/portalurbano\/ines-creimer-y-gaston-sarachu-recorrieron-loma-negra-y-visitaron-la-unidad-sanitaria\/\"]}]},{\"@type\":\"BreadcrumbList\",\"@id\":\"https:\/\/experienciadevida.com.ar\/portalurbano\/ines-creimer-y-gaston-sarachu-recorrieron-loma-negra-y-visitaron-la-unidad-sanitaria\/#breadcrumb\",\"itemListElement\":[{\"@type\":\"ListItem\",\"position\":1,\"name\":\"Portada\",\"item\":\"https:\/\/experienciadevida.com.ar\/portalurbano\/\"},{\"@type\":\"ListItem\",\"position\":2,\"name\":\"In\u00e9s Creimer y Gast\u00f3n Sarachu recorrieron Loma Negra y visitaron la Unidad Sanitaria\"}]},{\"@type\":\"WebSite\",\"@id\":\"https:\/\/experienciadevida.com.ar\/portalurbano\/#website\",\"url\":\"https:\/\/experienciadevida.com.ar\/portalurbano\/\",\"name\":\"\",\"description\":\"\",\"publisher\":{\"@id\":\"https:\/\/experienciadevida.com.ar\/portalurbano\/#organization\"},\"potentialAction\":[{\"@type\":\"SearchAction\",\"target\":{\"@type\":\"EntryPoint\",\"urlTemplate\":\"https:\/\/experienciadevida.com.ar\/portalurbano\/?s={search_term_string}\"},\"query-input\":\"required name=search_term_string\"}],\"inLanguage\":\"es\"},{\"@type\":\"Organization\",\"@id\":\"https:\/\/experienciadevida.com.ar\/portalurbano\/#organization\",\"name\":\"Portal Urbano\",\"url\":\"https:\/\/experienciadevida.com.ar\/portalurbano\/\",\"logo\":{\"@type\":\"ImageObject\",\"inLanguage\":\"es\",\"@id\":\"https:\/\/experienciadevida.com.ar\/portalurbano\/#\/schema\/logo\/image\/\",\"url\":\"https:\/\/experienciadevida.com.ar\/portalurbano\/wp-content\/uploads\/2019\/09\/Logo-Original.png\",\"contentUrl\":\"https:\/\/experienciadevida.com.ar\/portalurbano\/wp-content\/uploads\/2019\/09\/Logo-Original.png\",\"width\":2236,\"height\":1216,\"caption\":\"Portal Urbano\"},\"image\":{\"@id\":\"https:\/\/experienciadevida.com.ar\/portalurbano\/#\/schema\/logo\/image\/\"},\"sameAs\":[\"https:\/\/www.facebook.com\/Portal-Urbano-171542830093757\/\",\"https:\/\/twitter.com\/portalurbanook\",\"https:\/\/www.instagram.com\/_portalurbano\/\",\"https:\/\/www.youtube.com\/channel\/UCXhagIfszH8KxFiOok79zbA?view_as=subscriber\"]},{\"@type\":\"Person\",\"@id\":\"https:\/\/experienciadevida.com.ar\/portalurbano\/#\/schema\/person\/02dd326b1c4b056e9cc972486934a3a7\",\"name\":\"admpu17wp\",\"image\":{\"@type\":\"ImageObject\",\"inLanguage\":\"es\",\"@id\":\"https:\/\/experienciadevida.com.ar\/portalurbano\/#\/schema\/person\/image\/\",\"url\":\"https:\/\/secure.gravatar.com\/avatar\/830d4c57adaae6630765e449a6908047?s=96&d=mm&r=g\",\"contentUrl\":\"https:\/\/secure.gravatar.com\/avatar\/830d4c57adaae6630765e449a6908047?s=96&d=mm&r=g\",\"caption\":\"admpu17wp\"}}]}<\/script>\n<!-- \/ Yoast SEO plugin. -->","yoast_head_json":{"title":"In\u00e9s Creimer y Gast\u00f3n Sarachu recorrieron Loma Negra y visitaron la Unidad Sanitaria -","robots":{"index":"index","follow":"follow","max-snippet":"max-snippet:-1","max-image-preview":"max-image-preview:large","max-video-preview":"max-video-preview:-1"},"canonical":"https:\/\/experienciadevida.com.ar\/portalurbano\/ines-creimer-y-gaston-sarachu-recorrieron-loma-negra-y-visitaron-la-unidad-sanitaria\/","og_locale":"es_ES","og_type":"article","og_title":"In\u00e9s Creimer y Gast\u00f3n Sarachu recorrieron Loma Negra y visitaron la Unidad Sanitaria -","og_description":"Durante la ma\u00f1ana de este viernes los concejales del bloque Foro Olavarr\u00eda FR en el...","og_url":"https:\/\/experienciadevida.com.ar\/portalurbano\/ines-creimer-y-gaston-sarachu-recorrieron-loma-negra-y-visitaron-la-unidad-sanitaria\/","article_publisher":"https:\/\/www.facebook.com\/Portal-Urbano-171542830093757\/","article_published_time":"2022-01-22T21:20:06+00:00","og_image":[{"width":800,"height":533,"url":"https:\/\/experienciadevida.com.ar\/portalurbano\/wp-content\/uploads\/2022\/01\/UnidadSanitariaLN-e1642886359501.jpeg","type":"image\/jpeg"}],"author":"admpu17wp","twitter_card":"summary_large_image","twitter_creator":"@portalurbanook","twitter_site":"@portalurbanook","twitter_misc":{"Escrito por":"admpu17wp","Tiempo de lectura":"2 minutos"},"schema":{"@context":"https:\/\/schema.org","@graph":[{"@type":"Article","@id":"https:\/\/experienciadevida.com.ar\/portalurbano\/ines-creimer-y-gaston-sarachu-recorrieron-loma-negra-y-visitaron-la-unidad-sanitaria\/#article","isPartOf":{"@id":"https:\/\/experienciadevida.com.ar\/portalurbano\/ines-creimer-y-gaston-sarachu-recorrieron-loma-negra-y-visitaron-la-unidad-sanitaria\/"},"author":{"name":"admpu17wp","@id":"https:\/\/experienciadevida.com.ar\/portalurbano\/#\/schema\/person\/02dd326b1c4b056e9cc972486934a3a7"},"headline":"In\u00e9s Creimer y Gast\u00f3n Sarachu recorrieron Loma Negra y visitaron la Unidad Sanitaria","datePublished":"2022-01-22T21:20:06+00:00","dateModified":"2022-01-22T21:20:06+00:00","mainEntityOfPage":{"@id":"https:\/\/experienciadevida.com.ar\/portalurbano\/ines-creimer-y-gaston-sarachu-recorrieron-loma-negra-y-visitaron-la-unidad-sanitaria\/"},"wordCount":386,"publisher":{"@id":"https:\/\/experienciadevida.com.ar\/portalurbano\/#organization"},"articleSection":["Ciudad"],"inLanguage":"es"},{"@type":"WebPage","@id":"https:\/\/experienciadevida.com.ar\/portalurbano\/ines-creimer-y-gaston-sarachu-recorrieron-loma-negra-y-visitaron-la-unidad-sanitaria\/","url":"https:\/\/experienciadevida.com.ar\/portalurbano\/ines-creimer-y-gaston-sarachu-recorrieron-loma-negra-y-visitaron-la-unidad-sanitaria\/","name":"In\u00e9s Creimer y Gast\u00f3n Sarachu recorrieron Loma Negra y visitaron la Unidad Sanitaria -","isPartOf":{"@id":"https:\/\/experienciadevida.com.ar\/portalurbano\/#website"},"datePublished":"2022-01-22T21:20:06+00:00","dateModified":"2022-01-22T21:20:06+00:00","breadcrumb":{"@id":"https:\/\/experienciadevida.com.ar\/portalurbano\/ines-creimer-y-gaston-sarachu-recorrieron-loma-negra-y-visitaron-la-unidad-sanitaria\/#breadcrumb"},"inLanguage":"es","potentialAction":[{"@type":"ReadAction","target":["https:\/\/experienciadevida.com.ar\/portalurbano\/ines-creimer-y-gaston-sarachu-recorrieron-loma-negra-y-visitaron-la-unidad-sanitaria\/"]}]},{"@type":"BreadcrumbList","@id":"https:\/\/experienciadevida.com.ar\/portalurbano\/ines-creimer-y-gaston-sarachu-recorrieron-loma-negra-y-visitaron-la-unidad-sanitaria\/#breadcrumb","itemListElement":[{"@type":"ListItem","position":1,"name":"Portada","item":"https:\/\/experienciadevida.com.ar\/portalurbano\/"},{"@type":"ListItem","position":2,"name":"In\u00e9s Creimer y Gast\u00f3n Sarachu recorrieron Loma Negra y visitaron la Unidad Sanitaria"}]},{"@type":"WebSite","@id":"https:\/\/experienciadevida.com.ar\/portalurbano\/#website","url":"https:\/\/experienciadevida.com.ar\/portalurbano\/","name":"","description":"","publisher":{"@id":"https:\/\/experienciadevida.com.ar\/portalurbano\/#organization"},"potentialAction":[{"@type":"SearchAction","target":{"@type":"EntryPoint","urlTemplate":"https:\/\/experienciadevida.com.ar\/portalurbano\/?s={search_term_string}"},"query-input":"required name=search_term_string"}],"inLanguage":"es"},{"@type":"Organization","@id":"https:\/\/experienciadevida.com.ar\/portalurbano\/#organization","name":"Portal Urbano","url":"https:\/\/experienciadevida.com.ar\/portalurbano\/","logo":{"@type":"ImageObject","inLanguage":"es","@id":"https:\/\/experienciadevida.com.ar\/portalurbano\/#\/schema\/logo\/image\/","url":"https:\/\/experienciadevida.com.ar\/portalurbano\/wp-content\/uploads\/2019\/09\/Logo-Original.png","contentUrl":"https:\/\/experienciadevida.com.ar\/portalurbano\/wp-content\/uploads\/2019\/09\/Logo-Original.png","width":2236,"height":1216,"caption":"Portal Urbano"},"image":{"@id":"https:\/\/experienciadevida.com.ar\/portalurbano\/#\/schema\/logo\/image\/"},"sameAs":["https:\/\/www.facebook.com\/Portal-Urbano-171542830093757\/","https:\/\/twitter.com\/portalurbanook","https:\/\/www.instagram.com\/_portalurbano\/","https:\/\/www.youtube.com\/channel\/UCXhagIfszH8KxFiOok79zbA?view_as=subscriber"]},{"@type":"Person","@id":"https:\/\/experienciadevida.com.ar\/portalurbano\/#\/schema\/person\/02dd326b1c4b056e9cc972486934a3a7","name":"admpu17wp","image":{"@type":"ImageObject","inLanguage":"es","@id":"https:\/\/experienciadevida.com.ar\/portalurbano\/#\/schema\/person\/image\/","url":"https:\/\/secure.gravatar.com\/avatar\/830d4c57adaae6630765e449a6908047?s=96&d=mm&r=g","contentUrl":"https:\/\/secure.gravatar.com\/avatar\/830d4c57adaae6630765e449a6908047?s=96&d=mm&r=g","caption":"admpu17wp"}}]}},"featured_image_urls":{"full":["https:\/\/experienciadevida.com.ar\/portalurbano\/wp-content\/uploads\/2022\/01\/UnidadSanitariaLN-e1642886359501.jpeg",800,533,false],"thumbnail":["https:\/\/experienciadevida.com.ar\/portalurbano\/wp-content\/uploads\/2022\/01\/UnidadSanitariaLN-150x150.jpeg",150,150,true],"medium":["https:\/\/experienciadevida.com.ar\/portalurbano\/wp-content\/uploads\/2022\/01\/UnidadSanitariaLN-300x200.jpeg",300,200,true],"medium_large":["https:\/\/experienciadevida.com.ar\/portalurbano\/wp-content\/uploads\/2022\/01\/UnidadSanitariaLN-768x511.jpeg",640,426,true],"large":["https:\/\/experienciadevida.com.ar\/portalurbano\/wp-content\/uploads\/2022\/01\/UnidadSanitariaLN-1024x682.jpeg",640,426,true],"ug_big":["https:\/\/experienciadevida.com.ar\/portalurbano\/wp-content\/uploads\/2022\/01\/UnidadSanitariaLN-768x511.jpeg",768,511,true],"1536x1536":["https:\/\/experienciadevida.com.ar\/portalurbano\/wp-content\/uploads\/2022\/01\/UnidadSanitariaLN-e1642886359501.jpeg",800,533,false],"2048x2048":["https:\/\/experienciadevida.com.ar\/portalurbano\/wp-content\/uploads\/2022\/01\/UnidadSanitariaLN-e1642886359501.jpeg",800,533,false],"newsever-slider-full":["https:\/\/experienciadevida.com.ar\/portalurbano\/wp-content\/uploads\/2022\/01\/UnidadSanitariaLN-e1642886359501.jpeg",800,533,false],"newsever-featured":["https:\/\/experienciadevida.com.ar\/portalurbano\/wp-content\/uploads\/2022\/01\/UnidadSanitariaLN-e1642886359501.jpeg",800,533,false],"newsever-medium":["https:\/\/experienciadevida.com.ar\/portalurbano\/wp-content\/uploads\/2022\/01\/UnidadSanitariaLN-e1642886359501.jpeg",713,475,false],"web-stories-poster-portrait":["https:\/\/experienciadevida.com.ar\/portalurbano\/wp-content\/uploads\/2022\/01\/UnidadSanitariaLN-e1642886359501.jpeg",640,426,false],"web-stories-publisher-logo":["https:\/\/experienciadevida.com.ar\/portalurbano\/wp-content\/uploads\/2022\/01\/UnidadSanitariaLN-e1642886359501.jpeg",96,64,false],"web-stories-thumbnail":["https:\/\/experienciadevida.com.ar\/portalurbano\/wp-content\/uploads\/2022\/01\/UnidadSanitariaLN-e1642886359501.jpeg",150,100,false]},"author_info":{"display_name":"admpu17wp","author_link":"https:\/\/experienciadevida.com.ar\/portalurbano\/author\/admpu17wp\/"},"category_info":"<a href=\"https:\/\/experienciadevida.com.ar\/portalurbano\/category\/ciudad\/\" rel=\"category tag\">Ciudad<\/a>","tag_info":"Ciudad","comment_count":"0","amp_enabled":true,"_links":{"self":[{"href":"https:\/\/experienciadevida.com.ar\/portalurbano\/wp-json\/wp\/v2\/posts\/160394"}],"collection":[{"href":"https:\/\/experienciadevida.com.ar\/portalurbano\/wp-json\/wp\/v2\/posts"}],"about":[{"href":"https:\/\/experienciadevida.com.ar\/portalurbano\/wp-json\/wp\/v2\/types\/post"}],"author":[{"embeddable":true,"href":"https:\/\/experienciadevida.com.ar\/portalurbano\/wp-json\/wp\/v2\/users\/1"}],"replies":[{"embeddable":true,"href":"https:\/\/experienciadevida.com.ar\/portalurbano\/wp-json\/wp\/v2\/comments?post=160394"}],"version-history":[{"count":2,"href":"https:\/\/experienciadevida.com.ar\/portalurbano\/wp-json\/wp\/v2\/posts\/160394\/revisions"}],"predecessor-version":[{"id":160397,"href":"https:\/\/experienciadevida.com.ar\/portalurbano\/wp-json\/wp\/v2\/posts\/160394\/revisions\/160397"}],"wp:featuredmedia":[{"embeddable":true,"href":"https:\/\/experienciadevida.com.ar\/portalurbano\/wp-json\/wp\/v2\/media\/160395"}],"wp:attachment":[{"href":"https:\/\/experienciadevida.com.ar\/portalurbano\/wp-json\/wp\/v2\/media?parent=160394"}],"wp:term":[{"taxonomy":"category","embeddable":true,"href":"https:\/\/experienciadevida.com.ar\/portalurbano\/wp-json\/wp\/v2\/categories?post=160394"},{"taxonomy":"post_tag","embeddable":true,"href":"https:\/\/experienciadevida.com.ar\/portalurbano\/wp-json\/wp\/v2\/tags?post=160394"}],"curies":[{"name":"wp","href":"https:\/\/api.w.org\/{rel}","templated":true}]}}