{"id":160287,"date":"2022-01-20T17:40:22","date_gmt":"2022-01-20T20:40:22","guid":{"rendered":"https:\/\/experienciadevida.com.ar\/portalurbano\/?p=160287"},"modified":"2022-01-20T17:43:52","modified_gmt":"2022-01-20T20:43:52","slug":"fallecio-una-persona-de-81-anos-con-coronavirus-y-se-registraron-299-casos-positivos","status":"publish","type":"post","link":"https:\/\/experienciadevida.com.ar\/portalurbano\/fallecio-una-persona-de-81-anos-con-coronavirus-y-se-registraron-299-casos-positivos\/","title":{"rendered":"Falleci\u00f3 una persona de 81 a\u00f1os con coronavirus y se registraron 299 casos positivos"},"content":{"rendered":"<p>Falleci\u00f3 una persona de 81 a\u00f1os con coronavirus y se registraron 299 casos positivos, as\u00ed lo comunicaron en el informe emitido este jueves 20 de enero.<\/p>\n<p>En este sentido, desde la cartera sanitaria indicaron que falleci\u00f3 una persona de sexo masculino de 81 a\u00f1os con Covid-19 que hab\u00eda ingresado al Hospital Municipal \u201cDr. H\u00e9ctor Cura\u201d el pasado 15 de enero.<\/p>\n<p>Adem\u00e1s, este jueves se realizaron 537 testeos, siendo 299 positivos y 238 negativos para Covid19. La positividad fue del 56%.<\/p>\n<p>Seg\u00fan indica el parte sanitario, 614 personas recibieron el alta m\u00e9dica, por lo que son 3051 los pacientes que actualmente transitan la enfermedad en Olavarr\u00eda.<\/p>\n<p>En el Hospital Municipal \u201cDr. H\u00e9ctor M. Cura\u201d, dos personas est\u00e1n internadas en la Unidad de Terapia Intensiva, diecisiete en Cuidados Generales y dos en el sector de Pediatr\u00eda.<\/p>\n<p>La Municipalidad de Olavarr\u00eda y el intendente Ezequiel Galli env\u00edan sus condolencias a familiares de la persona fallecida.<\/p>\n<p><a href=\"https:\/\/experienciadevida.com.ar\/portalurbano\/fallecio-una-persona-de-81-anos-con-coronavirus-y-se-registraron-299-casos-positivos\/coronavirus-335\/\" rel=\"attachment wp-att-160289\"><img decoding=\"async\" class=\"alignnone size-large wp-image-160289\" src=\"https:\/\/experienciadevida.com.ar\/portalurbano\/wp-content\/uploads\/2022\/01\/Coronavirus-15-1024x1024.jpg\" alt=\"\" width=\"900\" height=\"900\" srcset=\"https:\/\/experienciadevida.com.ar\/portalurbano\/wp-content\/uploads\/2022\/01\/Coronavirus-15-1024x1024.jpg 1024w, https:\/\/experienciadevida.com.ar\/portalurbano\/wp-content\/uploads\/2022\/01\/Coronavirus-15-300x300.jpg 300w, https:\/\/experienciadevida.com.ar\/portalurbano\/wp-content\/uploads\/2022\/01\/Coronavirus-15-150x150.jpg 150w, https:\/\/experienciadevida.com.ar\/portalurbano\/wp-content\/uploads\/2022\/01\/Coronavirus-15-768x768.jpg 768w, https:\/\/experienciadevida.com.ar\/portalurbano\/wp-content\/uploads\/2022\/01\/Coronavirus-15.jpg 1280w\" sizes=\"(max-width: 900px) 100vw, 900px\" \/><\/a><\/p>\n<p><a href=\"https:\/\/experienciadevida.com.ar\/portalurbano\/fallecio-una-persona-de-81-anos-con-coronavirus-y-se-registraron-299-casos-positivos\/coronavirus1-314\/\" rel=\"attachment wp-att-160291\"><img decoding=\"async\" class=\"alignnone size-large wp-image-160291\" src=\"https:\/\/experienciadevida.com.ar\/portalurbano\/wp-content\/uploads\/2022\/01\/Coronavirus1-14-1024x1024.jpg\" alt=\"\" width=\"900\" height=\"900\" srcset=\"https:\/\/experienciadevida.com.ar\/portalurbano\/wp-content\/uploads\/2022\/01\/Coronavirus1-14-1024x1024.jpg 1024w, https:\/\/experienciadevida.com.ar\/portalurbano\/wp-content\/uploads\/2022\/01\/Coronavirus1-14-300x300.jpg 300w, https:\/\/experienciadevida.com.ar\/portalurbano\/wp-content\/uploads\/2022\/01\/Coronavirus1-14-150x150.jpg 150w, https:\/\/experienciadevida.com.ar\/portalurbano\/wp-content\/uploads\/2022\/01\/Coronavirus1-14-768x768.jpg 768w, https:\/\/experienciadevida.com.ar\/portalurbano\/wp-content\/uploads\/2022\/01\/Coronavirus1-14.jpg 1280w\" sizes=\"(max-width: 900px) 100vw, 900px\" \/><\/a><\/p>\n<p><a href=\"https:\/\/experienciadevida.com.ar\/portalurbano\/fallecio-una-persona-de-81-anos-con-coronavirus-y-se-registraron-299-casos-positivos\/coronavirus2-260\/\" rel=\"attachment wp-att-160292\"><img decoding=\"async\" class=\"alignnone size-large wp-image-160292\" src=\"https:\/\/experienciadevida.com.ar\/portalurbano\/wp-content\/uploads\/2022\/01\/Coronavirus2-13-1024x1024.jpg\" alt=\"\" width=\"900\" height=\"900\" srcset=\"https:\/\/experienciadevida.com.ar\/portalurbano\/wp-content\/uploads\/2022\/01\/Coronavirus2-13-1024x1024.jpg 1024w, https:\/\/experienciadevida.com.ar\/portalurbano\/wp-content\/uploads\/2022\/01\/Coronavirus2-13-300x300.jpg 300w, https:\/\/experienciadevida.com.ar\/portalurbano\/wp-content\/uploads\/2022\/01\/Coronavirus2-13-150x150.jpg 150w, https:\/\/experienciadevida.com.ar\/portalurbano\/wp-content\/uploads\/2022\/01\/Coronavirus2-13-768x768.jpg 768w, https:\/\/experienciadevida.com.ar\/portalurbano\/wp-content\/uploads\/2022\/01\/Coronavirus2-13.jpg 1280w\" sizes=\"(max-width: 900px) 100vw, 900px\" \/><\/a><\/p>\n<p><a href=\"https:\/\/experienciadevida.com.ar\/portalurbano\/fallecio-una-persona-de-81-anos-con-coronavirus-y-se-registraron-299-casos-positivos\/coronavirus3-225\/\" rel=\"attachment wp-att-160293\"><img decoding=\"async\" class=\"alignnone size-large wp-image-160293\" src=\"https:\/\/experienciadevida.com.ar\/portalurbano\/wp-content\/uploads\/2022\/01\/Coronavirus3-15-1024x1024.jpg\" alt=\"\" width=\"900\" height=\"900\" srcset=\"https:\/\/experienciadevida.com.ar\/portalurbano\/wp-content\/uploads\/2022\/01\/Coronavirus3-15-1024x1024.jpg 1024w, https:\/\/experienciadevida.com.ar\/portalurbano\/wp-content\/uploads\/2022\/01\/Coronavirus3-15-300x300.jpg 300w, https:\/\/experienciadevida.com.ar\/portalurbano\/wp-content\/uploads\/2022\/01\/Coronavirus3-15-150x150.jpg 150w, https:\/\/experienciadevida.com.ar\/portalurbano\/wp-content\/uploads\/2022\/01\/Coronavirus3-15-768x768.jpg 768w, https:\/\/experienciadevida.com.ar\/portalurbano\/wp-content\/uploads\/2022\/01\/Coronavirus3-15.jpg 1280w\" sizes=\"(max-width: 900px) 100vw, 900px\" \/><\/a><\/p>\n<p><a href=\"https:\/\/experienciadevida.com.ar\/portalurbano\/fallecio-una-persona-de-81-anos-con-coronavirus-y-se-registraron-299-casos-positivos\/coronavirus4-178\/\" rel=\"attachment wp-att-160294\"><img decoding=\"async\" class=\"alignnone size-large wp-image-160294\" src=\"https:\/\/experienciadevida.com.ar\/portalurbano\/wp-content\/uploads\/2022\/01\/Coronavirus4-15-1024x1024.jpg\" alt=\"\" width=\"900\" height=\"900\" srcset=\"https:\/\/experienciadevida.com.ar\/portalurbano\/wp-content\/uploads\/2022\/01\/Coronavirus4-15-1024x1024.jpg 1024w, https:\/\/experienciadevida.com.ar\/portalurbano\/wp-content\/uploads\/2022\/01\/Coronavirus4-15-300x300.jpg 300w, https:\/\/experienciadevida.com.ar\/portalurbano\/wp-content\/uploads\/2022\/01\/Coronavirus4-15-150x150.jpg 150w, https:\/\/experienciadevida.com.ar\/portalurbano\/wp-content\/uploads\/2022\/01\/Coronavirus4-15-768x768.jpg 768w, https:\/\/experienciadevida.com.ar\/portalurbano\/wp-content\/uploads\/2022\/01\/Coronavirus4-15.jpg 1280w\" sizes=\"(max-width: 900px) 100vw, 900px\" \/><\/a><\/p>\n<p><a href=\"https:\/\/experienciadevida.com.ar\/portalurbano\/fallecio-una-persona-de-81-anos-con-coronavirus-y-se-registraron-299-casos-positivos\/coronavirus5-146\/\" rel=\"attachment wp-att-160295\"><img decoding=\"async\" class=\"alignnone size-large wp-image-160295\" src=\"https:\/\/experienciadevida.com.ar\/portalurbano\/wp-content\/uploads\/2022\/01\/Coronavirus5-9-1024x1024.jpg\" alt=\"\" width=\"900\" height=\"900\" srcset=\"https:\/\/experienciadevida.com.ar\/portalurbano\/wp-content\/uploads\/2022\/01\/Coronavirus5-9-1024x1024.jpg 1024w, https:\/\/experienciadevida.com.ar\/portalurbano\/wp-content\/uploads\/2022\/01\/Coronavirus5-9-300x300.jpg 300w, https:\/\/experienciadevida.com.ar\/portalurbano\/wp-content\/uploads\/2022\/01\/Coronavirus5-9-150x150.jpg 150w, https:\/\/experienciadevida.com.ar\/portalurbano\/wp-content\/uploads\/2022\/01\/Coronavirus5-9-768x768.jpg 768w, https:\/\/experienciadevida.com.ar\/portalurbano\/wp-content\/uploads\/2022\/01\/Coronavirus5-9.jpg 1280w\" sizes=\"(max-width: 900px) 100vw, 900px\" \/><\/a><\/p>\n<p><a href=\"https:\/\/experienciadevida.com.ar\/portalurbano\/fallecio-una-persona-de-81-anos-con-coronavirus-y-se-registraron-299-casos-positivos\/coronavirus6-120\/\" rel=\"attachment wp-att-160296\"><img decoding=\"async\" class=\"alignnone size-large wp-image-160296\" src=\"https:\/\/experienciadevida.com.ar\/portalurbano\/wp-content\/uploads\/2022\/01\/Coronavirus6-6-1024x1024.jpg\" alt=\"\" width=\"900\" height=\"900\" srcset=\"https:\/\/experienciadevida.com.ar\/portalurbano\/wp-content\/uploads\/2022\/01\/Coronavirus6-6-1024x1024.jpg 1024w, https:\/\/experienciadevida.com.ar\/portalurbano\/wp-content\/uploads\/2022\/01\/Coronavirus6-6-300x300.jpg 300w, https:\/\/experienciadevida.com.ar\/portalurbano\/wp-content\/uploads\/2022\/01\/Coronavirus6-6-150x150.jpg 150w, https:\/\/experienciadevida.com.ar\/portalurbano\/wp-content\/uploads\/2022\/01\/Coronavirus6-6-768x768.jpg 768w, https:\/\/experienciadevida.com.ar\/portalurbano\/wp-content\/uploads\/2022\/01\/Coronavirus6-6.jpg 1280w\" sizes=\"(max-width: 900px) 100vw, 900px\" \/><\/a><\/p>\n","protected":false},"excerpt":{"rendered":"<p>Falleci\u00f3 una persona de 81 a\u00f1os con coronavirus y se registraron 299 casos positivos, as\u00ed&#8230;<\/p>\n","protected":false},"author":1,"featured_media":121931,"comment_status":"closed","ping_status":"closed","sticky":false,"template":"","format":"standard","meta":{"content-type":""},"categories":[51,45],"tags":[],"nelio_content":{"isAutoShareEnabled":false,"autoShareEndMode":"default","automationSources":{"useContentSentences":true,"useSocialTemplates":true,"useCustomSentences":false,"customSentences":[]},"followers":[1],"suggestedReferences":[],"includedReferences":[],"efiUrl":"","efiAlt":"","highlights":[]},"yoast_head":"<!-- This site is optimized with the Yoast SEO plugin v20.7 - https:\/\/yoast.com\/wordpress\/plugins\/seo\/ -->\n<title>Falleci\u00f3 una persona de 81 a\u00f1os con coronavirus y se registraron 299 casos positivos -<\/title>\n<meta name=\"robots\" content=\"index, follow, max-snippet:-1, max-image-preview:large, max-video-preview:-1\" \/>\n<link rel=\"canonical\" href=\"https:\/\/experienciadevida.com.ar\/portalurbano\/fallecio-una-persona-de-81-anos-con-coronavirus-y-se-registraron-299-casos-positivos\/\" \/>\n<meta property=\"og:locale\" content=\"es_ES\" \/>\n<meta property=\"og:type\" content=\"article\" \/>\n<meta property=\"og:title\" content=\"Falleci\u00f3 una persona de 81 a\u00f1os con coronavirus y se registraron 299 casos positivos -\" \/>\n<meta property=\"og:description\" content=\"Falleci\u00f3 una persona de 81 a\u00f1os con coronavirus y se registraron 299 casos positivos, as\u00ed...\" \/>\n<meta property=\"og:url\" content=\"https:\/\/experienciadevida.com.ar\/portalurbano\/fallecio-una-persona-de-81-anos-con-coronavirus-y-se-registraron-299-casos-positivos\/\" \/>\n<meta property=\"article:publisher\" content=\"https:\/\/www.facebook.com\/Portal-Urbano-171542830093757\/\" \/>\n<meta property=\"article:published_time\" content=\"2022-01-20T20:40:22+00:00\" \/>\n<meta property=\"article:modified_time\" content=\"2022-01-20T20:43:52+00:00\" \/>\n<meta property=\"og:image\" content=\"https:\/\/experienciadevida.com.ar\/portalurbano\/wp-content\/uploads\/2020\/09\/Salud-Guardia-Hospital-1-e1600639461545.jpg\" \/>\n\t<meta property=\"og:image:width\" content=\"750\" \/>\n\t<meta property=\"og:image:height\" content=\"562\" \/>\n\t<meta property=\"og:image:type\" content=\"image\/jpeg\" \/>\n<meta name=\"author\" content=\"admpu17wp\" \/>\n<meta name=\"twitter:card\" content=\"summary_large_image\" \/>\n<meta name=\"twitter:creator\" content=\"@portalurbanook\" \/>\n<meta name=\"twitter:site\" content=\"@portalurbanook\" \/>\n<meta name=\"twitter:label1\" content=\"Escrito por\" \/>\n\t<meta name=\"twitter:data1\" content=\"admpu17wp\" \/>\n\t<meta name=\"twitter:label2\" content=\"Tiempo de lectura\" \/>\n\t<meta name=\"twitter:data2\" content=\"2 minutos\" \/>\n<script type=\"application\/ld+json\" class=\"yoast-schema-graph\">{\"@context\":\"https:\/\/schema.org\",\"@graph\":[{\"@type\":\"Article\",\"@id\":\"https:\/\/experienciadevida.com.ar\/portalurbano\/fallecio-una-persona-de-81-anos-con-coronavirus-y-se-registraron-299-casos-positivos\/#article\",\"isPartOf\":{\"@id\":\"https:\/\/experienciadevida.com.ar\/portalurbano\/fallecio-una-persona-de-81-anos-con-coronavirus-y-se-registraron-299-casos-positivos\/\"},\"author\":{\"name\":\"admpu17wp\",\"@id\":\"https:\/\/experienciadevida.com.ar\/portalurbano\/#\/schema\/person\/02dd326b1c4b056e9cc972486934a3a7\"},\"headline\":\"Falleci\u00f3 una persona de 81 a\u00f1os con coronavirus y se registraron 299 casos positivos\",\"datePublished\":\"2022-01-20T20:40:22+00:00\",\"dateModified\":\"2022-01-20T20:43:52+00:00\",\"mainEntityOfPage\":{\"@id\":\"https:\/\/experienciadevida.com.ar\/portalurbano\/fallecio-una-persona-de-81-anos-con-coronavirus-y-se-registraron-299-casos-positivos\/\"},\"wordCount\":167,\"publisher\":{\"@id\":\"https:\/\/experienciadevida.com.ar\/portalurbano\/#organization\"},\"articleSection\":[\"Destacadas\",\"Salud\"],\"inLanguage\":\"es\"},{\"@type\":\"WebPage\",\"@id\":\"https:\/\/experienciadevida.com.ar\/portalurbano\/fallecio-una-persona-de-81-anos-con-coronavirus-y-se-registraron-299-casos-positivos\/\",\"url\":\"https:\/\/experienciadevida.com.ar\/portalurbano\/fallecio-una-persona-de-81-anos-con-coronavirus-y-se-registraron-299-casos-positivos\/\",\"name\":\"Falleci\u00f3 una persona de 81 a\u00f1os con coronavirus y se registraron 299 casos positivos -\",\"isPartOf\":{\"@id\":\"https:\/\/experienciadevida.com.ar\/portalurbano\/#website\"},\"datePublished\":\"2022-01-20T20:40:22+00:00\",\"dateModified\":\"2022-01-20T20:43:52+00:00\",\"breadcrumb\":{\"@id\":\"https:\/\/experienciadevida.com.ar\/portalurbano\/fallecio-una-persona-de-81-anos-con-coronavirus-y-se-registraron-299-casos-positivos\/#breadcrumb\"},\"inLanguage\":\"es\",\"potentialAction\":[{\"@type\":\"ReadAction\",\"target\":[\"https:\/\/experienciadevida.com.ar\/portalurbano\/fallecio-una-persona-de-81-anos-con-coronavirus-y-se-registraron-299-casos-positivos\/\"]}]},{\"@type\":\"BreadcrumbList\",\"@id\":\"https:\/\/experienciadevida.com.ar\/portalurbano\/fallecio-una-persona-de-81-anos-con-coronavirus-y-se-registraron-299-casos-positivos\/#breadcrumb\",\"itemListElement\":[{\"@type\":\"ListItem\",\"position\":1,\"name\":\"Portada\",\"item\":\"https:\/\/experienciadevida.com.ar\/portalurbano\/\"},{\"@type\":\"ListItem\",\"position\":2,\"name\":\"Falleci\u00f3 una persona de 81 a\u00f1os con coronavirus y se registraron 299 casos positivos\"}]},{\"@type\":\"WebSite\",\"@id\":\"https:\/\/experienciadevida.com.ar\/portalurbano\/#website\",\"url\":\"https:\/\/experienciadevida.com.ar\/portalurbano\/\",\"name\":\"\",\"description\":\"\",\"publisher\":{\"@id\":\"https:\/\/experienciadevida.com.ar\/portalurbano\/#organization\"},\"potentialAction\":[{\"@type\":\"SearchAction\",\"target\":{\"@type\":\"EntryPoint\",\"urlTemplate\":\"https:\/\/experienciadevida.com.ar\/portalurbano\/?s={search_term_string}\"},\"query-input\":\"required name=search_term_string\"}],\"inLanguage\":\"es\"},{\"@type\":\"Organization\",\"@id\":\"https:\/\/experienciadevida.com.ar\/portalurbano\/#organization\",\"name\":\"Portal Urbano\",\"url\":\"https:\/\/experienciadevida.com.ar\/portalurbano\/\",\"logo\":{\"@type\":\"ImageObject\",\"inLanguage\":\"es\",\"@id\":\"https:\/\/experienciadevida.com.ar\/portalurbano\/#\/schema\/logo\/image\/\",\"url\":\"https:\/\/experienciadevida.com.ar\/portalurbano\/wp-content\/uploads\/2019\/09\/Logo-Original.png\",\"contentUrl\":\"https:\/\/experienciadevida.com.ar\/portalurbano\/wp-content\/uploads\/2019\/09\/Logo-Original.png\",\"width\":2236,\"height\":1216,\"caption\":\"Portal Urbano\"},\"image\":{\"@id\":\"https:\/\/experienciadevida.com.ar\/portalurbano\/#\/schema\/logo\/image\/\"},\"sameAs\":[\"https:\/\/www.facebook.com\/Portal-Urbano-171542830093757\/\",\"https:\/\/twitter.com\/portalurbanook\",\"https:\/\/www.instagram.com\/_portalurbano\/\",\"https:\/\/www.youtube.com\/channel\/UCXhagIfszH8KxFiOok79zbA?view_as=subscriber\"]},{\"@type\":\"Person\",\"@id\":\"https:\/\/experienciadevida.com.ar\/portalurbano\/#\/schema\/person\/02dd326b1c4b056e9cc972486934a3a7\",\"name\":\"admpu17wp\",\"image\":{\"@type\":\"ImageObject\",\"inLanguage\":\"es\",\"@id\":\"https:\/\/experienciadevida.com.ar\/portalurbano\/#\/schema\/person\/image\/\",\"url\":\"https:\/\/secure.gravatar.com\/avatar\/830d4c57adaae6630765e449a6908047?s=96&d=mm&r=g\",\"contentUrl\":\"https:\/\/secure.gravatar.com\/avatar\/830d4c57adaae6630765e449a6908047?s=96&d=mm&r=g\",\"caption\":\"admpu17wp\"}}]}<\/script>\n<!-- \/ Yoast SEO plugin. -->","yoast_head_json":{"title":"Falleci\u00f3 una persona de 81 a\u00f1os con coronavirus y se registraron 299 casos positivos -","robots":{"index":"index","follow":"follow","max-snippet":"max-snippet:-1","max-image-preview":"max-image-preview:large","max-video-preview":"max-video-preview:-1"},"canonical":"https:\/\/experienciadevida.com.ar\/portalurbano\/fallecio-una-persona-de-81-anos-con-coronavirus-y-se-registraron-299-casos-positivos\/","og_locale":"es_ES","og_type":"article","og_title":"Falleci\u00f3 una persona de 81 a\u00f1os con coronavirus y se registraron 299 casos positivos -","og_description":"Falleci\u00f3 una persona de 81 a\u00f1os con coronavirus y se registraron 299 casos positivos, as\u00ed...","og_url":"https:\/\/experienciadevida.com.ar\/portalurbano\/fallecio-una-persona-de-81-anos-con-coronavirus-y-se-registraron-299-casos-positivos\/","article_publisher":"https:\/\/www.facebook.com\/Portal-Urbano-171542830093757\/","article_published_time":"2022-01-20T20:40:22+00:00","article_modified_time":"2022-01-20T20:43:52+00:00","og_image":[{"width":750,"height":562,"url":"https:\/\/experienciadevida.com.ar\/portalurbano\/wp-content\/uploads\/2020\/09\/Salud-Guardia-Hospital-1-e1600639461545.jpg","type":"image\/jpeg"}],"author":"admpu17wp","twitter_card":"summary_large_image","twitter_creator":"@portalurbanook","twitter_site":"@portalurbanook","twitter_misc":{"Escrito por":"admpu17wp","Tiempo de lectura":"2 minutos"},"schema":{"@context":"https:\/\/schema.org","@graph":[{"@type":"Article","@id":"https:\/\/experienciadevida.com.ar\/portalurbano\/fallecio-una-persona-de-81-anos-con-coronavirus-y-se-registraron-299-casos-positivos\/#article","isPartOf":{"@id":"https:\/\/experienciadevida.com.ar\/portalurbano\/fallecio-una-persona-de-81-anos-con-coronavirus-y-se-registraron-299-casos-positivos\/"},"author":{"name":"admpu17wp","@id":"https:\/\/experienciadevida.com.ar\/portalurbano\/#\/schema\/person\/02dd326b1c4b056e9cc972486934a3a7"},"headline":"Falleci\u00f3 una persona de 81 a\u00f1os con coronavirus y se registraron 299 casos positivos","datePublished":"2022-01-20T20:40:22+00:00","dateModified":"2022-01-20T20:43:52+00:00","mainEntityOfPage":{"@id":"https:\/\/experienciadevida.com.ar\/portalurbano\/fallecio-una-persona-de-81-anos-con-coronavirus-y-se-registraron-299-casos-positivos\/"},"wordCount":167,"publisher":{"@id":"https:\/\/experienciadevida.com.ar\/portalurbano\/#organization"},"articleSection":["Destacadas","Salud"],"inLanguage":"es"},{"@type":"WebPage","@id":"https:\/\/experienciadevida.com.ar\/portalurbano\/fallecio-una-persona-de-81-anos-con-coronavirus-y-se-registraron-299-casos-positivos\/","url":"https:\/\/experienciadevida.com.ar\/portalurbano\/fallecio-una-persona-de-81-anos-con-coronavirus-y-se-registraron-299-casos-positivos\/","name":"Falleci\u00f3 una persona de 81 a\u00f1os con coronavirus y se registraron 299 casos positivos -","isPartOf":{"@id":"https:\/\/experienciadevida.com.ar\/portalurbano\/#website"},"datePublished":"2022-01-20T20:40:22+00:00","dateModified":"2022-01-20T20:43:52+00:00","breadcrumb":{"@id":"https:\/\/experienciadevida.com.ar\/portalurbano\/fallecio-una-persona-de-81-anos-con-coronavirus-y-se-registraron-299-casos-positivos\/#breadcrumb"},"inLanguage":"es","potentialAction":[{"@type":"ReadAction","target":["https:\/\/experienciadevida.com.ar\/portalurbano\/fallecio-una-persona-de-81-anos-con-coronavirus-y-se-registraron-299-casos-positivos\/"]}]},{"@type":"BreadcrumbList","@id":"https:\/\/experienciadevida.com.ar\/portalurbano\/fallecio-una-persona-de-81-anos-con-coronavirus-y-se-registraron-299-casos-positivos\/#breadcrumb","itemListElement":[{"@type":"ListItem","position":1,"name":"Portada","item":"https:\/\/experienciadevida.com.ar\/portalurbano\/"},{"@type":"ListItem","position":2,"name":"Falleci\u00f3 una persona de 81 a\u00f1os con coronavirus y se registraron 299 casos positivos"}]},{"@type":"WebSite","@id":"https:\/\/experienciadevida.com.ar\/portalurbano\/#website","url":"https:\/\/experienciadevida.com.ar\/portalurbano\/","name":"","description":"","publisher":{"@id":"https:\/\/experienciadevida.com.ar\/portalurbano\/#organization"},"potentialAction":[{"@type":"SearchAction","target":{"@type":"EntryPoint","urlTemplate":"https:\/\/experienciadevida.com.ar\/portalurbano\/?s={search_term_string}"},"query-input":"required name=search_term_string"}],"inLanguage":"es"},{"@type":"Organization","@id":"https:\/\/experienciadevida.com.ar\/portalurbano\/#organization","name":"Portal Urbano","url":"https:\/\/experienciadevida.com.ar\/portalurbano\/","logo":{"@type":"ImageObject","inLanguage":"es","@id":"https:\/\/experienciadevida.com.ar\/portalurbano\/#\/schema\/logo\/image\/","url":"https:\/\/experienciadevida.com.ar\/portalurbano\/wp-content\/uploads\/2019\/09\/Logo-Original.png","contentUrl":"https:\/\/experienciadevida.com.ar\/portalurbano\/wp-content\/uploads\/2019\/09\/Logo-Original.png","width":2236,"height":1216,"caption":"Portal Urbano"},"image":{"@id":"https:\/\/experienciadevida.com.ar\/portalurbano\/#\/schema\/logo\/image\/"},"sameAs":["https:\/\/www.facebook.com\/Portal-Urbano-171542830093757\/","https:\/\/twitter.com\/portalurbanook","https:\/\/www.instagram.com\/_portalurbano\/","https:\/\/www.youtube.com\/channel\/UCXhagIfszH8KxFiOok79zbA?view_as=subscriber"]},{"@type":"Person","@id":"https:\/\/experienciadevida.com.ar\/portalurbano\/#\/schema\/person\/02dd326b1c4b056e9cc972486934a3a7","name":"admpu17wp","image":{"@type":"ImageObject","inLanguage":"es","@id":"https:\/\/experienciadevida.com.ar\/portalurbano\/#\/schema\/person\/image\/","url":"https:\/\/secure.gravatar.com\/avatar\/830d4c57adaae6630765e449a6908047?s=96&d=mm&r=g","contentUrl":"https:\/\/secure.gravatar.com\/avatar\/830d4c57adaae6630765e449a6908047?s=96&d=mm&r=g","caption":"admpu17wp"}}]}},"featured_image_urls":{"full":["https:\/\/experienciadevida.com.ar\/portalurbano\/wp-content\/uploads\/2020\/09\/Salud-Guardia-Hospital-1-e1600639461545.jpg",750,562,false],"thumbnail":["https:\/\/experienciadevida.com.ar\/portalurbano\/wp-content\/uploads\/2020\/09\/Salud-Guardia-Hospital-1-150x150.jpg",150,150,true],"medium":["https:\/\/experienciadevida.com.ar\/portalurbano\/wp-content\/uploads\/2020\/09\/Salud-Guardia-Hospital-1-300x225.jpg",300,225,true],"medium_large":["https:\/\/experienciadevida.com.ar\/portalurbano\/wp-content\/uploads\/2020\/09\/Salud-Guardia-Hospital-1-768x576.jpg",640,480,true],"large":["https:\/\/experienciadevida.com.ar\/portalurbano\/wp-content\/uploads\/2020\/09\/Salud-Guardia-Hospital-1-e1600639461545.jpg",640,480,false],"ug_big":["https:\/\/experienciadevida.com.ar\/portalurbano\/wp-content\/uploads\/2020\/09\/Salud-Guardia-Hospital-1-768x576.jpg",768,576,true],"1536x1536":["https:\/\/experienciadevida.com.ar\/portalurbano\/wp-content\/uploads\/2020\/09\/Salud-Guardia-Hospital-1-e1600639461545.jpg",750,562,false],"2048x2048":["https:\/\/experienciadevida.com.ar\/portalurbano\/wp-content\/uploads\/2020\/09\/Salud-Guardia-Hospital-1-e1600639461545.jpg",750,562,false],"newsever-slider-full":["https:\/\/experienciadevida.com.ar\/portalurbano\/wp-content\/uploads\/2020\/09\/Salud-Guardia-Hospital-1-e1600639461545.jpg",750,562,false],"newsever-featured":["https:\/\/experienciadevida.com.ar\/portalurbano\/wp-content\/uploads\/2020\/09\/Salud-Guardia-Hospital-1-e1600639461545.jpg",750,562,false],"newsever-medium":["https:\/\/experienciadevida.com.ar\/portalurbano\/wp-content\/uploads\/2020\/09\/Salud-Guardia-Hospital-1-e1600639461545.jpg",634,475,false],"web-stories-poster-portrait":["https:\/\/experienciadevida.com.ar\/portalurbano\/wp-content\/uploads\/2020\/09\/Salud-Guardia-Hospital-1-e1600639461545.jpg",640,480,false],"web-stories-publisher-logo":["https:\/\/experienciadevida.com.ar\/portalurbano\/wp-content\/uploads\/2020\/09\/Salud-Guardia-Hospital-1-e1600639461545.jpg",96,72,false],"web-stories-thumbnail":["https:\/\/experienciadevida.com.ar\/portalurbano\/wp-content\/uploads\/2020\/09\/Salud-Guardia-Hospital-1-e1600639461545.jpg",150,112,false]},"author_info":{"display_name":"admpu17wp","author_link":"https:\/\/experienciadevida.com.ar\/portalurbano\/author\/admpu17wp\/"},"category_info":"<a href=\"https:\/\/experienciadevida.com.ar\/portalurbano\/category\/destacadas\/\" rel=\"category tag\">Destacadas<\/a> <a href=\"https:\/\/experienciadevida.com.ar\/portalurbano\/category\/ciudad\/salud\/\" rel=\"category tag\">Salud<\/a>","tag_info":"Salud","comment_count":"0","amp_enabled":true,"_links":{"self":[{"href":"https:\/\/experienciadevida.com.ar\/portalurbano\/wp-json\/wp\/v2\/posts\/160287"}],"collection":[{"href":"https:\/\/experienciadevida.com.ar\/portalurbano\/wp-json\/wp\/v2\/posts"}],"about":[{"href":"https:\/\/experienciadevida.com.ar\/portalurbano\/wp-json\/wp\/v2\/types\/post"}],"author":[{"embeddable":true,"href":"https:\/\/experienciadevida.com.ar\/portalurbano\/wp-json\/wp\/v2\/users\/1"}],"replies":[{"embeddable":true,"href":"https:\/\/experienciadevida.com.ar\/portalurbano\/wp-json\/wp\/v2\/comments?post=160287"}],"version-history":[{"count":3,"href":"https:\/\/experienciadevida.com.ar\/portalurbano\/wp-json\/wp\/v2\/posts\/160287\/revisions"}],"predecessor-version":[{"id":160297,"href":"https:\/\/experienciadevida.com.ar\/portalurbano\/wp-json\/wp\/v2\/posts\/160287\/revisions\/160297"}],"wp:featuredmedia":[{"embeddable":true,"href":"https:\/\/experienciadevida.com.ar\/portalurbano\/wp-json\/wp\/v2\/media\/121931"}],"wp:attachment":[{"href":"https:\/\/experienciadevida.com.ar\/portalurbano\/wp-json\/wp\/v2\/media?parent=160287"}],"wp:term":[{"taxonomy":"category","embeddable":true,"href":"https:\/\/experienciadevida.com.ar\/portalurbano\/wp-json\/wp\/v2\/categories?post=160287"},{"taxonomy":"post_tag","embeddable":true,"href":"https:\/\/experienciadevida.com.ar\/portalurbano\/wp-json\/wp\/v2\/tags?post=160287"}],"curies":[{"name":"wp","href":"https:\/\/api.w.org\/{rel}","templated":true}]}}