{"id":160204,"date":"2022-01-19T12:05:04","date_gmt":"2022-01-19T15:05:04","guid":{"rendered":"https:\/\/experienciadevida.com.ar\/portalurbano\/?p=160204"},"modified":"2022-01-19T12:08:05","modified_gmt":"2022-01-19T15:08:05","slug":"tres-ofertas-de-empresas-locales-para-el-transporte-publico-interurbano","status":"publish","type":"post","link":"https:\/\/experienciadevida.com.ar\/portalurbano\/tres-ofertas-de-empresas-locales-para-el-transporte-publico-interurbano\/","title":{"rendered":"Tres ofertas de empresas locales para el transporte p\u00fablico interurbano"},"content":{"rendered":"<p>Tres ofertas de empresas locales para el transporte p\u00fablico interurbano, en la ma\u00f1ana de este mi\u00e9rcoles, en el Sal\u00f3n Blanco del Palacio San Mart\u00edn, se llev\u00f3 a cabo el acto de apertura de la licitaci\u00f3n p\u00fablica para la nueva concesi\u00f3n del servicio de transporte p\u00fablico interurbano de pasajeros.<\/p>\n<p><a href=\"https:\/\/experienciadevida.com.ar\/portalurbano\/tres-ofertas-de-empresas-locales-para-el-transporte-publico-interurbano\/tres\/\" rel=\"attachment wp-att-160207\"><img decoding=\"async\" class=\"alignnone size-large wp-image-160207\" src=\"https:\/\/experienciadevida.com.ar\/portalurbano\/wp-content\/uploads\/2022\/01\/Tres-1024x682.jpg\" alt=\"Tres \" width=\"900\" height=\"599\" srcset=\"https:\/\/experienciadevida.com.ar\/portalurbano\/wp-content\/uploads\/2022\/01\/Tres-1024x682.jpg 1024w, https:\/\/experienciadevida.com.ar\/portalurbano\/wp-content\/uploads\/2022\/01\/Tres-300x200.jpg 300w, https:\/\/experienciadevida.com.ar\/portalurbano\/wp-content\/uploads\/2022\/01\/Tres-768x512.jpg 768w, https:\/\/experienciadevida.com.ar\/portalurbano\/wp-content\/uploads\/2022\/01\/Tres.jpg 1280w\" sizes=\"(max-width: 900px) 100vw, 900px\" \/><\/a><\/p>\n<p>El mismo fue encabezado por el intendente Ezequiel Galli, el secretario de Gobierno Hilario Galli, el subsecretario del \u00e1rea Emilio Vitale y la directora de Licitaciones Pilar Ciardelli y cont\u00f3 con la participaci\u00f3n de representantes de las empresas oferentes.<\/p>\n<p>\u201cEs una licitaci\u00f3n muy importante para nosotros, se viene trabajando hace mucho tiempo, la verdad que se hizo un trabajo integral con todos los bloques del Concejo Deliberante. Agradezco a Hilario (Galli) y a todo el equipo por el trabajo que han hecho\u201d, sostuvo el intendente Ezequiel Galli, antes de comenzar con la apertura de sobres.<\/p>\n<p>\u201cSe trata nada m\u00e1s y nada menos que el transporte p\u00fablico para las localidades del Partido de Olavarr\u00eda. Es algo que ha generado mucha expectativa\u201d, afirm\u00f3. \u201cLes deseo lo mejor\u201d, expres\u00f3 el Intendente al dirigirse a los empresarios presentes.<\/p>\n<p>En la oportunidad, se presentaron tres firmas locales: Las Sierras de Olavarr\u00eda SRL, Ola Bus SRL y Botacura SRL., con ofertas que cumplen con los requisitos establecidos en el Pliego de Bases y Condiciones y en la Ordenanza Municipal N\u00ba 4782\/21.<\/p>\n<p>La concesi\u00f3n es por un plazo de 12 a\u00f1os y la empresa adjudicataria deber\u00e1 comenzar con la prestaci\u00f3n del servicio, a partir del 1\u00ba de mayo del corriente a\u00f1o.<\/p>\n<p>El transporte interurbano involucra las l\u00edneas 509 (Loma Negra y Villa Mi Serran\u00eda), 510- (Sierras Bayas y Colonia San Miguel) y 514 (Sierra Chica, Hinojo y Colonia Hinojo).<\/p>\n<p>Cabe aclarar que tras la apertura de las propuestas econ\u00f3micas realizadas por parte de las empresas -que a priori resultan factibles- el Municipio llevar\u00e1 adelante un procedimiento de an\u00e1lisis comparativo detallado, que involucra aspectos tales como la solvencia t\u00e9cnica, comercial y financiera, entre otros, que resultan de relevancia para la posterior preadjudicaci\u00f3n y firma del contrato.<\/p>\n<p>Tras conocerse las propuestas presentadas, el secretario de Gobierno Hilario Galli, manifest\u00f3: \u201clos queremos felicitar por el coraje en este contexto, no solamente tan adverso para las inversiones en el pa\u00eds, sino que particularmente en el transporte, por las condiciones que muchos de ustedes ya saben directa o indirectamente estamos teniendo, por la merma en los subsidios que por ah\u00ed no bajan, que es tan compleja esta situaci\u00f3n, que la pandemia afect\u00f3 tanto al transporte p\u00fablico\u201d.<\/p>\n<p>\u201cLa verdad que se decidan a invertir y apostar por transporte p\u00fablico de la ciudad, para nosotros es un orgullo y queremos felicitarlos por el coraje porque la verdad que hay que tener mucho coraje para enfrentar esta situaci\u00f3n\u201d, concluy\u00f3.<\/p>\n<p><a href=\"https:\/\/experienciadevida.com.ar\/portalurbano\/tres-ofertas-de-empresas-locales-para-el-transporte-publico-interurbano\/ofertas\/\" rel=\"attachment wp-att-160208\"><img decoding=\"async\" class=\"alignnone size-large wp-image-160208\" src=\"https:\/\/experienciadevida.com.ar\/portalurbano\/wp-content\/uploads\/2022\/01\/ofertas-1024x554.jpg\" alt=\"ofertas \" width=\"900\" height=\"487\" srcset=\"https:\/\/experienciadevida.com.ar\/portalurbano\/wp-content\/uploads\/2022\/01\/ofertas-1024x554.jpg 1024w, https:\/\/experienciadevida.com.ar\/portalurbano\/wp-content\/uploads\/2022\/01\/ofertas-300x162.jpg 300w, https:\/\/experienciadevida.com.ar\/portalurbano\/wp-content\/uploads\/2022\/01\/ofertas-768x416.jpg 768w, https:\/\/experienciadevida.com.ar\/portalurbano\/wp-content\/uploads\/2022\/01\/ofertas-1536x832.jpg 1536w, https:\/\/experienciadevida.com.ar\/portalurbano\/wp-content\/uploads\/2022\/01\/ofertas-2048x1109.jpg 2048w\" sizes=\"(max-width: 900px) 100vw, 900px\" \/><\/a><\/p>\n","protected":false},"excerpt":{"rendered":"<p>Tres ofertas de empresas locales para el transporte p\u00fablico interurbano, en la ma\u00f1ana de este&#8230;<\/p>\n","protected":false},"author":1,"featured_media":160205,"comment_status":"closed","ping_status":"closed","sticky":false,"template":"","format":"standard","meta":{"content-type":""},"categories":[27,51],"tags":[],"nelio_content":{"isAutoShareEnabled":false,"autoShareEndMode":"default","automationSources":{"useContentSentences":true,"useSocialTemplates":true,"useCustomSentences":false,"customSentences":[]},"followers":[1],"suggestedReferences":[],"includedReferences":[],"efiUrl":"","efiAlt":"","highlights":[]},"yoast_head":"<!-- This site is optimized with the Yoast SEO plugin v20.7 - https:\/\/yoast.com\/wordpress\/plugins\/seo\/ -->\n<title>Tres ofertas de empresas locales para el transporte p\u00fablico interurbano<\/title>\n<meta name=\"description\" content=\"Tres ofertas de empresas locales para el transporte p\u00fablico interurbano, fue en la ma\u00f1ana de este mi\u00e9rcoles en el sal\u00f3n blanco Municipal\" \/>\n<meta name=\"robots\" content=\"index, follow, max-snippet:-1, max-image-preview:large, max-video-preview:-1\" \/>\n<link rel=\"canonical\" href=\"https:\/\/experienciadevida.com.ar\/portalurbano\/tres-ofertas-de-empresas-locales-para-el-transporte-publico-interurbano\/\" \/>\n<meta property=\"og:locale\" content=\"es_ES\" \/>\n<meta property=\"og:type\" content=\"article\" \/>\n<meta property=\"og:title\" content=\"Tres ofertas de empresas locales para el transporte p\u00fablico interurbano\" \/>\n<meta property=\"og:description\" content=\"Tres ofertas de empresas locales para el transporte p\u00fablico interurbano, fue en la ma\u00f1ana de este mi\u00e9rcoles en el sal\u00f3n blanco Municipal\" \/>\n<meta property=\"og:url\" content=\"https:\/\/experienciadevida.com.ar\/portalurbano\/tres-ofertas-de-empresas-locales-para-el-transporte-publico-interurbano\/\" \/>\n<meta property=\"article:publisher\" content=\"https:\/\/www.facebook.com\/Portal-Urbano-171542830093757\/\" \/>\n<meta property=\"article:published_time\" content=\"2022-01-19T15:05:04+00:00\" \/>\n<meta property=\"article:modified_time\" content=\"2022-01-19T15:08:05+00:00\" \/>\n<meta property=\"og:image\" content=\"https:\/\/experienciadevida.com.ar\/portalurbano\/wp-content\/uploads\/2022\/01\/Tres-ofertas-de-empresas.jpg\" \/>\n\t<meta property=\"og:image:width\" content=\"1280\" \/>\n\t<meta property=\"og:image:height\" content=\"853\" \/>\n\t<meta property=\"og:image:type\" content=\"image\/jpeg\" \/>\n<meta name=\"author\" content=\"admpu17wp\" \/>\n<meta name=\"twitter:card\" content=\"summary_large_image\" \/>\n<meta name=\"twitter:creator\" content=\"@portalurbanook\" \/>\n<meta name=\"twitter:site\" content=\"@portalurbanook\" \/>\n<meta name=\"twitter:label1\" content=\"Escrito por\" \/>\n\t<meta name=\"twitter:data1\" content=\"admpu17wp\" \/>\n\t<meta name=\"twitter:label2\" content=\"Tiempo de lectura\" \/>\n\t<meta name=\"twitter:data2\" content=\"3 minutos\" \/>\n<script type=\"application\/ld+json\" class=\"yoast-schema-graph\">{\"@context\":\"https:\/\/schema.org\",\"@graph\":[{\"@type\":\"Article\",\"@id\":\"https:\/\/experienciadevida.com.ar\/portalurbano\/tres-ofertas-de-empresas-locales-para-el-transporte-publico-interurbano\/#article\",\"isPartOf\":{\"@id\":\"https:\/\/experienciadevida.com.ar\/portalurbano\/tres-ofertas-de-empresas-locales-para-el-transporte-publico-interurbano\/\"},\"author\":{\"name\":\"admpu17wp\",\"@id\":\"https:\/\/experienciadevida.com.ar\/portalurbano\/#\/schema\/person\/02dd326b1c4b056e9cc972486934a3a7\"},\"headline\":\"Tres ofertas de empresas locales para el transporte p\u00fablico interurbano\",\"datePublished\":\"2022-01-19T15:05:04+00:00\",\"dateModified\":\"2022-01-19T15:08:05+00:00\",\"mainEntityOfPage\":{\"@id\":\"https:\/\/experienciadevida.com.ar\/portalurbano\/tres-ofertas-de-empresas-locales-para-el-transporte-publico-interurbano\/\"},\"wordCount\":488,\"publisher\":{\"@id\":\"https:\/\/experienciadevida.com.ar\/portalurbano\/#organization\"},\"articleSection\":[\"Ciudad\",\"Destacadas\"],\"inLanguage\":\"es\"},{\"@type\":\"WebPage\",\"@id\":\"https:\/\/experienciadevida.com.ar\/portalurbano\/tres-ofertas-de-empresas-locales-para-el-transporte-publico-interurbano\/\",\"url\":\"https:\/\/experienciadevida.com.ar\/portalurbano\/tres-ofertas-de-empresas-locales-para-el-transporte-publico-interurbano\/\",\"name\":\"Tres ofertas de empresas locales para el transporte p\u00fablico interurbano\",\"isPartOf\":{\"@id\":\"https:\/\/experienciadevida.com.ar\/portalurbano\/#website\"},\"datePublished\":\"2022-01-19T15:05:04+00:00\",\"dateModified\":\"2022-01-19T15:08:05+00:00\",\"description\":\"Tres ofertas de empresas locales para el transporte p\u00fablico interurbano, fue en la ma\u00f1ana de este mi\u00e9rcoles en el sal\u00f3n blanco Municipal\",\"breadcrumb\":{\"@id\":\"https:\/\/experienciadevida.com.ar\/portalurbano\/tres-ofertas-de-empresas-locales-para-el-transporte-publico-interurbano\/#breadcrumb\"},\"inLanguage\":\"es\",\"potentialAction\":[{\"@type\":\"ReadAction\",\"target\":[\"https:\/\/experienciadevida.com.ar\/portalurbano\/tres-ofertas-de-empresas-locales-para-el-transporte-publico-interurbano\/\"]}]},{\"@type\":\"BreadcrumbList\",\"@id\":\"https:\/\/experienciadevida.com.ar\/portalurbano\/tres-ofertas-de-empresas-locales-para-el-transporte-publico-interurbano\/#breadcrumb\",\"itemListElement\":[{\"@type\":\"ListItem\",\"position\":1,\"name\":\"Portada\",\"item\":\"https:\/\/experienciadevida.com.ar\/portalurbano\/\"},{\"@type\":\"ListItem\",\"position\":2,\"name\":\"Tres ofertas de empresas locales para el transporte p\u00fablico interurbano\"}]},{\"@type\":\"WebSite\",\"@id\":\"https:\/\/experienciadevida.com.ar\/portalurbano\/#website\",\"url\":\"https:\/\/experienciadevida.com.ar\/portalurbano\/\",\"name\":\"\",\"description\":\"\",\"publisher\":{\"@id\":\"https:\/\/experienciadevida.com.ar\/portalurbano\/#organization\"},\"potentialAction\":[{\"@type\":\"SearchAction\",\"target\":{\"@type\":\"EntryPoint\",\"urlTemplate\":\"https:\/\/experienciadevida.com.ar\/portalurbano\/?s={search_term_string}\"},\"query-input\":\"required name=search_term_string\"}],\"inLanguage\":\"es\"},{\"@type\":\"Organization\",\"@id\":\"https:\/\/experienciadevida.com.ar\/portalurbano\/#organization\",\"name\":\"Portal Urbano\",\"url\":\"https:\/\/experienciadevida.com.ar\/portalurbano\/\",\"logo\":{\"@type\":\"ImageObject\",\"inLanguage\":\"es\",\"@id\":\"https:\/\/experienciadevida.com.ar\/portalurbano\/#\/schema\/logo\/image\/\",\"url\":\"https:\/\/experienciadevida.com.ar\/portalurbano\/wp-content\/uploads\/2019\/09\/Logo-Original.png\",\"contentUrl\":\"https:\/\/experienciadevida.com.ar\/portalurbano\/wp-content\/uploads\/2019\/09\/Logo-Original.png\",\"width\":2236,\"height\":1216,\"caption\":\"Portal Urbano\"},\"image\":{\"@id\":\"https:\/\/experienciadevida.com.ar\/portalurbano\/#\/schema\/logo\/image\/\"},\"sameAs\":[\"https:\/\/www.facebook.com\/Portal-Urbano-171542830093757\/\",\"https:\/\/twitter.com\/portalurbanook\",\"https:\/\/www.instagram.com\/_portalurbano\/\",\"https:\/\/www.youtube.com\/channel\/UCXhagIfszH8KxFiOok79zbA?view_as=subscriber\"]},{\"@type\":\"Person\",\"@id\":\"https:\/\/experienciadevida.com.ar\/portalurbano\/#\/schema\/person\/02dd326b1c4b056e9cc972486934a3a7\",\"name\":\"admpu17wp\",\"image\":{\"@type\":\"ImageObject\",\"inLanguage\":\"es\",\"@id\":\"https:\/\/experienciadevida.com.ar\/portalurbano\/#\/schema\/person\/image\/\",\"url\":\"https:\/\/secure.gravatar.com\/avatar\/830d4c57adaae6630765e449a6908047?s=96&d=mm&r=g\",\"contentUrl\":\"https:\/\/secure.gravatar.com\/avatar\/830d4c57adaae6630765e449a6908047?s=96&d=mm&r=g\",\"caption\":\"admpu17wp\"}}]}<\/script>\n<!-- \/ Yoast SEO plugin. -->","yoast_head_json":{"title":"Tres ofertas de empresas locales para el transporte p\u00fablico interurbano","description":"Tres ofertas de empresas locales para el transporte p\u00fablico interurbano, fue en la ma\u00f1ana de este mi\u00e9rcoles en el sal\u00f3n blanco Municipal","robots":{"index":"index","follow":"follow","max-snippet":"max-snippet:-1","max-image-preview":"max-image-preview:large","max-video-preview":"max-video-preview:-1"},"canonical":"https:\/\/experienciadevida.com.ar\/portalurbano\/tres-ofertas-de-empresas-locales-para-el-transporte-publico-interurbano\/","og_locale":"es_ES","og_type":"article","og_title":"Tres ofertas de empresas locales para el transporte p\u00fablico interurbano","og_description":"Tres ofertas de empresas locales para el transporte p\u00fablico interurbano, fue en la ma\u00f1ana de este mi\u00e9rcoles en el sal\u00f3n blanco Municipal","og_url":"https:\/\/experienciadevida.com.ar\/portalurbano\/tres-ofertas-de-empresas-locales-para-el-transporte-publico-interurbano\/","article_publisher":"https:\/\/www.facebook.com\/Portal-Urbano-171542830093757\/","article_published_time":"2022-01-19T15:05:04+00:00","article_modified_time":"2022-01-19T15:08:05+00:00","og_image":[{"width":1280,"height":853,"url":"https:\/\/experienciadevida.com.ar\/portalurbano\/wp-content\/uploads\/2022\/01\/Tres-ofertas-de-empresas.jpg","type":"image\/jpeg"}],"author":"admpu17wp","twitter_card":"summary_large_image","twitter_creator":"@portalurbanook","twitter_site":"@portalurbanook","twitter_misc":{"Escrito por":"admpu17wp","Tiempo de lectura":"3 minutos"},"schema":{"@context":"https:\/\/schema.org","@graph":[{"@type":"Article","@id":"https:\/\/experienciadevida.com.ar\/portalurbano\/tres-ofertas-de-empresas-locales-para-el-transporte-publico-interurbano\/#article","isPartOf":{"@id":"https:\/\/experienciadevida.com.ar\/portalurbano\/tres-ofertas-de-empresas-locales-para-el-transporte-publico-interurbano\/"},"author":{"name":"admpu17wp","@id":"https:\/\/experienciadevida.com.ar\/portalurbano\/#\/schema\/person\/02dd326b1c4b056e9cc972486934a3a7"},"headline":"Tres ofertas de empresas locales para el transporte p\u00fablico interurbano","datePublished":"2022-01-19T15:05:04+00:00","dateModified":"2022-01-19T15:08:05+00:00","mainEntityOfPage":{"@id":"https:\/\/experienciadevida.com.ar\/portalurbano\/tres-ofertas-de-empresas-locales-para-el-transporte-publico-interurbano\/"},"wordCount":488,"publisher":{"@id":"https:\/\/experienciadevida.com.ar\/portalurbano\/#organization"},"articleSection":["Ciudad","Destacadas"],"inLanguage":"es"},{"@type":"WebPage","@id":"https:\/\/experienciadevida.com.ar\/portalurbano\/tres-ofertas-de-empresas-locales-para-el-transporte-publico-interurbano\/","url":"https:\/\/experienciadevida.com.ar\/portalurbano\/tres-ofertas-de-empresas-locales-para-el-transporte-publico-interurbano\/","name":"Tres ofertas de empresas locales para el transporte p\u00fablico interurbano","isPartOf":{"@id":"https:\/\/experienciadevida.com.ar\/portalurbano\/#website"},"datePublished":"2022-01-19T15:05:04+00:00","dateModified":"2022-01-19T15:08:05+00:00","description":"Tres ofertas de empresas locales para el transporte p\u00fablico interurbano, fue en la ma\u00f1ana de este mi\u00e9rcoles en el sal\u00f3n blanco Municipal","breadcrumb":{"@id":"https:\/\/experienciadevida.com.ar\/portalurbano\/tres-ofertas-de-empresas-locales-para-el-transporte-publico-interurbano\/#breadcrumb"},"inLanguage":"es","potentialAction":[{"@type":"ReadAction","target":["https:\/\/experienciadevida.com.ar\/portalurbano\/tres-ofertas-de-empresas-locales-para-el-transporte-publico-interurbano\/"]}]},{"@type":"BreadcrumbList","@id":"https:\/\/experienciadevida.com.ar\/portalurbano\/tres-ofertas-de-empresas-locales-para-el-transporte-publico-interurbano\/#breadcrumb","itemListElement":[{"@type":"ListItem","position":1,"name":"Portada","item":"https:\/\/experienciadevida.com.ar\/portalurbano\/"},{"@type":"ListItem","position":2,"name":"Tres ofertas de empresas locales para el transporte p\u00fablico interurbano"}]},{"@type":"WebSite","@id":"https:\/\/experienciadevida.com.ar\/portalurbano\/#website","url":"https:\/\/experienciadevida.com.ar\/portalurbano\/","name":"","description":"","publisher":{"@id":"https:\/\/experienciadevida.com.ar\/portalurbano\/#organization"},"potentialAction":[{"@type":"SearchAction","target":{"@type":"EntryPoint","urlTemplate":"https:\/\/experienciadevida.com.ar\/portalurbano\/?s={search_term_string}"},"query-input":"required name=search_term_string"}],"inLanguage":"es"},{"@type":"Organization","@id":"https:\/\/experienciadevida.com.ar\/portalurbano\/#organization","name":"Portal Urbano","url":"https:\/\/experienciadevida.com.ar\/portalurbano\/","logo":{"@type":"ImageObject","inLanguage":"es","@id":"https:\/\/experienciadevida.com.ar\/portalurbano\/#\/schema\/logo\/image\/","url":"https:\/\/experienciadevida.com.ar\/portalurbano\/wp-content\/uploads\/2019\/09\/Logo-Original.png","contentUrl":"https:\/\/experienciadevida.com.ar\/portalurbano\/wp-content\/uploads\/2019\/09\/Logo-Original.png","width":2236,"height":1216,"caption":"Portal Urbano"},"image":{"@id":"https:\/\/experienciadevida.com.ar\/portalurbano\/#\/schema\/logo\/image\/"},"sameAs":["https:\/\/www.facebook.com\/Portal-Urbano-171542830093757\/","https:\/\/twitter.com\/portalurbanook","https:\/\/www.instagram.com\/_portalurbano\/","https:\/\/www.youtube.com\/channel\/UCXhagIfszH8KxFiOok79zbA?view_as=subscriber"]},{"@type":"Person","@id":"https:\/\/experienciadevida.com.ar\/portalurbano\/#\/schema\/person\/02dd326b1c4b056e9cc972486934a3a7","name":"admpu17wp","image":{"@type":"ImageObject","inLanguage":"es","@id":"https:\/\/experienciadevida.com.ar\/portalurbano\/#\/schema\/person\/image\/","url":"https:\/\/secure.gravatar.com\/avatar\/830d4c57adaae6630765e449a6908047?s=96&d=mm&r=g","contentUrl":"https:\/\/secure.gravatar.com\/avatar\/830d4c57adaae6630765e449a6908047?s=96&d=mm&r=g","caption":"admpu17wp"}}]}},"featured_image_urls":{"full":["https:\/\/experienciadevida.com.ar\/portalurbano\/wp-content\/uploads\/2022\/01\/Tres-ofertas-de-empresas.jpg",1280,853,false],"thumbnail":["https:\/\/experienciadevida.com.ar\/portalurbano\/wp-content\/uploads\/2022\/01\/Tres-ofertas-de-empresas-150x150.jpg",150,150,true],"medium":["https:\/\/experienciadevida.com.ar\/portalurbano\/wp-content\/uploads\/2022\/01\/Tres-ofertas-de-empresas-300x200.jpg",300,200,true],"medium_large":["https:\/\/experienciadevida.com.ar\/portalurbano\/wp-content\/uploads\/2022\/01\/Tres-ofertas-de-empresas-768x512.jpg",640,427,true],"large":["https:\/\/experienciadevida.com.ar\/portalurbano\/wp-content\/uploads\/2022\/01\/Tres-ofertas-de-empresas-1024x682.jpg",640,426,true],"ug_big":["https:\/\/experienciadevida.com.ar\/portalurbano\/wp-content\/uploads\/2022\/01\/Tres-ofertas-de-empresas-768x512.jpg",768,512,true],"1536x1536":["https:\/\/experienciadevida.com.ar\/portalurbano\/wp-content\/uploads\/2022\/01\/Tres-ofertas-de-empresas.jpg",1280,853,false],"2048x2048":["https:\/\/experienciadevida.com.ar\/portalurbano\/wp-content\/uploads\/2022\/01\/Tres-ofertas-de-empresas.jpg",1280,853,false],"newsever-slider-full":["https:\/\/experienciadevida.com.ar\/portalurbano\/wp-content\/uploads\/2022\/01\/Tres-ofertas-de-empresas.jpg",1268,845,false],"newsever-featured":["https:\/\/experienciadevida.com.ar\/portalurbano\/wp-content\/uploads\/2022\/01\/Tres-ofertas-de-empresas.jpg",1024,682,false],"newsever-medium":["https:\/\/experienciadevida.com.ar\/portalurbano\/wp-content\/uploads\/2022\/01\/Tres-ofertas-de-empresas.jpg",713,475,false],"web-stories-poster-portrait":["https:\/\/experienciadevida.com.ar\/portalurbano\/wp-content\/uploads\/2022\/01\/Tres-ofertas-de-empresas.jpg",640,427,false],"web-stories-publisher-logo":["https:\/\/experienciadevida.com.ar\/portalurbano\/wp-content\/uploads\/2022\/01\/Tres-ofertas-de-empresas.jpg",96,64,false],"web-stories-thumbnail":["https:\/\/experienciadevida.com.ar\/portalurbano\/wp-content\/uploads\/2022\/01\/Tres-ofertas-de-empresas.jpg",150,100,false]},"author_info":{"display_name":"admpu17wp","author_link":"https:\/\/experienciadevida.com.ar\/portalurbano\/author\/admpu17wp\/"},"category_info":"<a href=\"https:\/\/experienciadevida.com.ar\/portalurbano\/category\/ciudad\/\" rel=\"category tag\">Ciudad<\/a> <a href=\"https:\/\/experienciadevida.com.ar\/portalurbano\/category\/destacadas\/\" rel=\"category tag\">Destacadas<\/a>","tag_info":"Destacadas","comment_count":"0","amp_enabled":true,"_links":{"self":[{"href":"https:\/\/experienciadevida.com.ar\/portalurbano\/wp-json\/wp\/v2\/posts\/160204"}],"collection":[{"href":"https:\/\/experienciadevida.com.ar\/portalurbano\/wp-json\/wp\/v2\/posts"}],"about":[{"href":"https:\/\/experienciadevida.com.ar\/portalurbano\/wp-json\/wp\/v2\/types\/post"}],"author":[{"embeddable":true,"href":"https:\/\/experienciadevida.com.ar\/portalurbano\/wp-json\/wp\/v2\/users\/1"}],"replies":[{"embeddable":true,"href":"https:\/\/experienciadevida.com.ar\/portalurbano\/wp-json\/wp\/v2\/comments?post=160204"}],"version-history":[{"count":2,"href":"https:\/\/experienciadevida.com.ar\/portalurbano\/wp-json\/wp\/v2\/posts\/160204\/revisions"}],"predecessor-version":[{"id":160209,"href":"https:\/\/experienciadevida.com.ar\/portalurbano\/wp-json\/wp\/v2\/posts\/160204\/revisions\/160209"}],"wp:featuredmedia":[{"embeddable":true,"href":"https:\/\/experienciadevida.com.ar\/portalurbano\/wp-json\/wp\/v2\/media\/160205"}],"wp:attachment":[{"href":"https:\/\/experienciadevida.com.ar\/portalurbano\/wp-json\/wp\/v2\/media?parent=160204"}],"wp:term":[{"taxonomy":"category","embeddable":true,"href":"https:\/\/experienciadevida.com.ar\/portalurbano\/wp-json\/wp\/v2\/categories?post=160204"},{"taxonomy":"post_tag","embeddable":true,"href":"https:\/\/experienciadevida.com.ar\/portalurbano\/wp-json\/wp\/v2\/tags?post=160204"}],"curies":[{"name":"wp","href":"https:\/\/api.w.org\/{rel}","templated":true}]}}