{"id":160167,"date":"2022-01-18T12:41:14","date_gmt":"2022-01-18T15:41:14","guid":{"rendered":"https:\/\/experienciadevida.com.ar\/portalurbano\/?p=160167"},"modified":"2022-01-18T12:46:11","modified_gmt":"2022-01-18T15:46:11","slug":"anunciaron-un-aumento-del-20-en-las-tasas-municipales","status":"publish","type":"post","link":"https:\/\/experienciadevida.com.ar\/portalurbano\/anunciaron-un-aumento-del-20-en-las-tasas-municipales\/","title":{"rendered":"Anunciaron un aumento del 20% en las tasas municipales"},"content":{"rendered":"<p>Anunciaron un aumento del 20% en las tasas municipales, la secretar\u00eda de Econom\u00eda y Hacienda del Gobierno <a href=\"https:\/\/www.facebook.com\/municipiodeolavarria\">Municipal<\/a> informa que la liquidaci\u00f3n de la Tasa de Servicios Generales Urbanos en conjunto con la Tasa de Protecci\u00f3n Ciudadana y Defensa Civil que vence en el mes de febrero incluye los nuevos valores determinados por Decreto 106 de fecha 17 de enero de 2022, con un incremento respecto de los valores anteriores del 20%, de acuerdo a la potestad que surge del art\u00edculo 23 de la Ordenanza Fiscal N\u00ba 2.460\/99 y sus modificatorias, receptando el \u00edndice inflacionario IPC nivel general publicado por el INDEC por el semestre julio a diciembre de 2021.<\/p>\n<p>Asimismo, y en funci\u00f3n que los valores aprobados en el mismo rigen a partir del 01 de enero del a\u00f1o en curso, se ha liquidado un retroactivo por \u00fanica vez correspondiente al mes de enero de 2022 que corresponde al diferencial entre los nuevos valores y el liquidado para dicho mes oportunamente.<\/p>\n<p>El incremento del 20% mencionado anteriormente rige para otros tributos y tasas municipales tales como la tasa de servicios generales rurales, la tasa de seguridad e higiene, entre otras.<\/p>\n<p>Por otra parte, el servicio de mantenimiento semestral del Cementerio Loma de Paz, que tambi\u00e9n vence en febrero del corriente, incluye un incremento del 50% respecto de los valores del a\u00f1o anterior, en funci\u00f3n a las facultades conferidas al Ejecutivo en el art\u00edculo 20 inc. p) de la Ordenanza Impositiva 2.461\/99 y sus modificatorias.<\/p>\n<p>Por \u00faltimo, tambi\u00e9n se informa que los derechos de oficina, relacionados con toda actuaci\u00f3n, tr\u00e1mite o gesti\u00f3n que genere la prestaci\u00f3n de un servicio administrativo o t\u00e9cnico por parte del Municipio y calculados en funci\u00f3n de la variaci\u00f3n del salario conformado de un empleado de la administraci\u00f3n p\u00fablica municipal Categor\u00eda 1, de 30 horas semanales, se incrementan en un 50%. Tal actualizaci\u00f3n est\u00e1 prevista en la Ordenanza N\u00ba 3638\/13 y los conceptos son los establecidos en los art\u00edculos 8, 9 y 10 de la Ordenanza Impositiva N\u00b0 2461\/99 y modificatorias.<\/p>\n<p>&nbsp;<\/p>\n","protected":false},"excerpt":{"rendered":"<p>Anunciaron un aumento del 20% en las tasas municipales, la secretar\u00eda de Econom\u00eda y Hacienda&#8230;<\/p>\n","protected":false},"author":1,"featured_media":91816,"comment_status":"closed","ping_status":"closed","sticky":false,"template":"","format":"standard","meta":{"content-type":""},"categories":[51,45],"tags":[],"nelio_content":{"isAutoShareEnabled":false,"autoShareEndMode":"default","automationSources":{"useContentSentences":true,"useSocialTemplates":true,"useCustomSentences":false,"customSentences":[]},"followers":[1],"suggestedReferences":[],"includedReferences":[],"efiUrl":"","efiAlt":"","highlights":[]},"yoast_head":"<!-- This site is optimized with the Yoast SEO plugin v20.7 - https:\/\/yoast.com\/wordpress\/plugins\/seo\/ -->\n<title>Anunciaron un aumento del 20% en las tasas municipales<\/title>\n<meta name=\"description\" content=\"Anunciaron un aumento del 20% en las tasas municipales, as\u00ed lo inform\u00f3 la secretar\u00eda de Econom\u00eda y Hacienda del Gobierno Municipal\" \/>\n<meta name=\"robots\" content=\"index, follow, max-snippet:-1, max-image-preview:large, max-video-preview:-1\" \/>\n<link rel=\"canonical\" href=\"https:\/\/experienciadevida.com.ar\/portalurbano\/anunciaron-un-aumento-del-20-en-las-tasas-municipales\/\" \/>\n<meta property=\"og:locale\" content=\"es_ES\" \/>\n<meta property=\"og:type\" content=\"article\" \/>\n<meta property=\"og:title\" content=\"Anunciaron un aumento del 20% en las tasas municipales\" \/>\n<meta property=\"og:description\" content=\"Anunciaron un aumento del 20% en las tasas municipales, as\u00ed lo inform\u00f3 la secretar\u00eda de Econom\u00eda y Hacienda del Gobierno Municipal\" \/>\n<meta property=\"og:url\" content=\"https:\/\/experienciadevida.com.ar\/portalurbano\/anunciaron-un-aumento-del-20-en-las-tasas-municipales\/\" \/>\n<meta property=\"article:publisher\" content=\"https:\/\/www.facebook.com\/Portal-Urbano-171542830093757\/\" \/>\n<meta property=\"article:published_time\" content=\"2022-01-18T15:41:14+00:00\" \/>\n<meta property=\"article:modified_time\" content=\"2022-01-18T15:46:11+00:00\" \/>\n<meta property=\"og:image\" content=\"https:\/\/experienciadevida.com.ar\/portalurbano\/wp-content\/uploads\/2019\/10\/MUNICIPALIDAD-e1572474818311.jpg\" \/>\n\t<meta property=\"og:image:width\" content=\"765\" \/>\n\t<meta property=\"og:image:height\" content=\"430\" \/>\n\t<meta property=\"og:image:type\" content=\"image\/jpeg\" \/>\n<meta name=\"author\" content=\"admpu17wp\" \/>\n<meta name=\"twitter:card\" content=\"summary_large_image\" \/>\n<meta name=\"twitter:creator\" content=\"@portalurbanook\" \/>\n<meta name=\"twitter:site\" content=\"@portalurbanook\" \/>\n<meta name=\"twitter:label1\" content=\"Escrito por\" \/>\n\t<meta name=\"twitter:data1\" content=\"admpu17wp\" \/>\n\t<meta name=\"twitter:label2\" content=\"Tiempo de lectura\" \/>\n\t<meta name=\"twitter:data2\" content=\"2 minutos\" \/>\n<script type=\"application\/ld+json\" class=\"yoast-schema-graph\">{\"@context\":\"https:\/\/schema.org\",\"@graph\":[{\"@type\":\"Article\",\"@id\":\"https:\/\/experienciadevida.com.ar\/portalurbano\/anunciaron-un-aumento-del-20-en-las-tasas-municipales\/#article\",\"isPartOf\":{\"@id\":\"https:\/\/experienciadevida.com.ar\/portalurbano\/anunciaron-un-aumento-del-20-en-las-tasas-municipales\/\"},\"author\":{\"name\":\"admpu17wp\",\"@id\":\"https:\/\/experienciadevida.com.ar\/portalurbano\/#\/schema\/person\/02dd326b1c4b056e9cc972486934a3a7\"},\"headline\":\"Anunciaron un aumento del 20% en las tasas municipales\",\"datePublished\":\"2022-01-18T15:41:14+00:00\",\"dateModified\":\"2022-01-18T15:46:11+00:00\",\"mainEntityOfPage\":{\"@id\":\"https:\/\/experienciadevida.com.ar\/portalurbano\/anunciaron-un-aumento-del-20-en-las-tasas-municipales\/\"},\"wordCount\":346,\"publisher\":{\"@id\":\"https:\/\/experienciadevida.com.ar\/portalurbano\/#organization\"},\"articleSection\":[\"Destacadas\",\"Salud\"],\"inLanguage\":\"es\"},{\"@type\":\"WebPage\",\"@id\":\"https:\/\/experienciadevida.com.ar\/portalurbano\/anunciaron-un-aumento-del-20-en-las-tasas-municipales\/\",\"url\":\"https:\/\/experienciadevida.com.ar\/portalurbano\/anunciaron-un-aumento-del-20-en-las-tasas-municipales\/\",\"name\":\"Anunciaron un aumento del 20% en las tasas municipales\",\"isPartOf\":{\"@id\":\"https:\/\/experienciadevida.com.ar\/portalurbano\/#website\"},\"datePublished\":\"2022-01-18T15:41:14+00:00\",\"dateModified\":\"2022-01-18T15:46:11+00:00\",\"description\":\"Anunciaron un aumento del 20% en las tasas municipales, as\u00ed lo inform\u00f3 la secretar\u00eda de Econom\u00eda y Hacienda del Gobierno Municipal\",\"breadcrumb\":{\"@id\":\"https:\/\/experienciadevida.com.ar\/portalurbano\/anunciaron-un-aumento-del-20-en-las-tasas-municipales\/#breadcrumb\"},\"inLanguage\":\"es\",\"potentialAction\":[{\"@type\":\"ReadAction\",\"target\":[\"https:\/\/experienciadevida.com.ar\/portalurbano\/anunciaron-un-aumento-del-20-en-las-tasas-municipales\/\"]}]},{\"@type\":\"BreadcrumbList\",\"@id\":\"https:\/\/experienciadevida.com.ar\/portalurbano\/anunciaron-un-aumento-del-20-en-las-tasas-municipales\/#breadcrumb\",\"itemListElement\":[{\"@type\":\"ListItem\",\"position\":1,\"name\":\"Portada\",\"item\":\"https:\/\/experienciadevida.com.ar\/portalurbano\/\"},{\"@type\":\"ListItem\",\"position\":2,\"name\":\"Anunciaron un aumento del 20% en las tasas municipales\"}]},{\"@type\":\"WebSite\",\"@id\":\"https:\/\/experienciadevida.com.ar\/portalurbano\/#website\",\"url\":\"https:\/\/experienciadevida.com.ar\/portalurbano\/\",\"name\":\"\",\"description\":\"\",\"publisher\":{\"@id\":\"https:\/\/experienciadevida.com.ar\/portalurbano\/#organization\"},\"potentialAction\":[{\"@type\":\"SearchAction\",\"target\":{\"@type\":\"EntryPoint\",\"urlTemplate\":\"https:\/\/experienciadevida.com.ar\/portalurbano\/?s={search_term_string}\"},\"query-input\":\"required name=search_term_string\"}],\"inLanguage\":\"es\"},{\"@type\":\"Organization\",\"@id\":\"https:\/\/experienciadevida.com.ar\/portalurbano\/#organization\",\"name\":\"Portal Urbano\",\"url\":\"https:\/\/experienciadevida.com.ar\/portalurbano\/\",\"logo\":{\"@type\":\"ImageObject\",\"inLanguage\":\"es\",\"@id\":\"https:\/\/experienciadevida.com.ar\/portalurbano\/#\/schema\/logo\/image\/\",\"url\":\"https:\/\/experienciadevida.com.ar\/portalurbano\/wp-content\/uploads\/2019\/09\/Logo-Original.png\",\"contentUrl\":\"https:\/\/experienciadevida.com.ar\/portalurbano\/wp-content\/uploads\/2019\/09\/Logo-Original.png\",\"width\":2236,\"height\":1216,\"caption\":\"Portal Urbano\"},\"image\":{\"@id\":\"https:\/\/experienciadevida.com.ar\/portalurbano\/#\/schema\/logo\/image\/\"},\"sameAs\":[\"https:\/\/www.facebook.com\/Portal-Urbano-171542830093757\/\",\"https:\/\/twitter.com\/portalurbanook\",\"https:\/\/www.instagram.com\/_portalurbano\/\",\"https:\/\/www.youtube.com\/channel\/UCXhagIfszH8KxFiOok79zbA?view_as=subscriber\"]},{\"@type\":\"Person\",\"@id\":\"https:\/\/experienciadevida.com.ar\/portalurbano\/#\/schema\/person\/02dd326b1c4b056e9cc972486934a3a7\",\"name\":\"admpu17wp\",\"image\":{\"@type\":\"ImageObject\",\"inLanguage\":\"es\",\"@id\":\"https:\/\/experienciadevida.com.ar\/portalurbano\/#\/schema\/person\/image\/\",\"url\":\"https:\/\/secure.gravatar.com\/avatar\/830d4c57adaae6630765e449a6908047?s=96&d=mm&r=g\",\"contentUrl\":\"https:\/\/secure.gravatar.com\/avatar\/830d4c57adaae6630765e449a6908047?s=96&d=mm&r=g\",\"caption\":\"admpu17wp\"}}]}<\/script>\n<!-- \/ Yoast SEO plugin. -->","yoast_head_json":{"title":"Anunciaron un aumento del 20% en las tasas municipales","description":"Anunciaron un aumento del 20% en las tasas municipales, as\u00ed lo inform\u00f3 la secretar\u00eda de Econom\u00eda y Hacienda del Gobierno Municipal","robots":{"index":"index","follow":"follow","max-snippet":"max-snippet:-1","max-image-preview":"max-image-preview:large","max-video-preview":"max-video-preview:-1"},"canonical":"https:\/\/experienciadevida.com.ar\/portalurbano\/anunciaron-un-aumento-del-20-en-las-tasas-municipales\/","og_locale":"es_ES","og_type":"article","og_title":"Anunciaron un aumento del 20% en las tasas municipales","og_description":"Anunciaron un aumento del 20% en las tasas municipales, as\u00ed lo inform\u00f3 la secretar\u00eda de Econom\u00eda y Hacienda del Gobierno Municipal","og_url":"https:\/\/experienciadevida.com.ar\/portalurbano\/anunciaron-un-aumento-del-20-en-las-tasas-municipales\/","article_publisher":"https:\/\/www.facebook.com\/Portal-Urbano-171542830093757\/","article_published_time":"2022-01-18T15:41:14+00:00","article_modified_time":"2022-01-18T15:46:11+00:00","og_image":[{"width":765,"height":430,"url":"https:\/\/experienciadevida.com.ar\/portalurbano\/wp-content\/uploads\/2019\/10\/MUNICIPALIDAD-e1572474818311.jpg","type":"image\/jpeg"}],"author":"admpu17wp","twitter_card":"summary_large_image","twitter_creator":"@portalurbanook","twitter_site":"@portalurbanook","twitter_misc":{"Escrito por":"admpu17wp","Tiempo de lectura":"2 minutos"},"schema":{"@context":"https:\/\/schema.org","@graph":[{"@type":"Article","@id":"https:\/\/experienciadevida.com.ar\/portalurbano\/anunciaron-un-aumento-del-20-en-las-tasas-municipales\/#article","isPartOf":{"@id":"https:\/\/experienciadevida.com.ar\/portalurbano\/anunciaron-un-aumento-del-20-en-las-tasas-municipales\/"},"author":{"name":"admpu17wp","@id":"https:\/\/experienciadevida.com.ar\/portalurbano\/#\/schema\/person\/02dd326b1c4b056e9cc972486934a3a7"},"headline":"Anunciaron un aumento del 20% en las tasas municipales","datePublished":"2022-01-18T15:41:14+00:00","dateModified":"2022-01-18T15:46:11+00:00","mainEntityOfPage":{"@id":"https:\/\/experienciadevida.com.ar\/portalurbano\/anunciaron-un-aumento-del-20-en-las-tasas-municipales\/"},"wordCount":346,"publisher":{"@id":"https:\/\/experienciadevida.com.ar\/portalurbano\/#organization"},"articleSection":["Destacadas","Salud"],"inLanguage":"es"},{"@type":"WebPage","@id":"https:\/\/experienciadevida.com.ar\/portalurbano\/anunciaron-un-aumento-del-20-en-las-tasas-municipales\/","url":"https:\/\/experienciadevida.com.ar\/portalurbano\/anunciaron-un-aumento-del-20-en-las-tasas-municipales\/","name":"Anunciaron un aumento del 20% en las tasas municipales","isPartOf":{"@id":"https:\/\/experienciadevida.com.ar\/portalurbano\/#website"},"datePublished":"2022-01-18T15:41:14+00:00","dateModified":"2022-01-18T15:46:11+00:00","description":"Anunciaron un aumento del 20% en las tasas municipales, as\u00ed lo inform\u00f3 la secretar\u00eda de Econom\u00eda y Hacienda del Gobierno Municipal","breadcrumb":{"@id":"https:\/\/experienciadevida.com.ar\/portalurbano\/anunciaron-un-aumento-del-20-en-las-tasas-municipales\/#breadcrumb"},"inLanguage":"es","potentialAction":[{"@type":"ReadAction","target":["https:\/\/experienciadevida.com.ar\/portalurbano\/anunciaron-un-aumento-del-20-en-las-tasas-municipales\/"]}]},{"@type":"BreadcrumbList","@id":"https:\/\/experienciadevida.com.ar\/portalurbano\/anunciaron-un-aumento-del-20-en-las-tasas-municipales\/#breadcrumb","itemListElement":[{"@type":"ListItem","position":1,"name":"Portada","item":"https:\/\/experienciadevida.com.ar\/portalurbano\/"},{"@type":"ListItem","position":2,"name":"Anunciaron un aumento del 20% en las tasas municipales"}]},{"@type":"WebSite","@id":"https:\/\/experienciadevida.com.ar\/portalurbano\/#website","url":"https:\/\/experienciadevida.com.ar\/portalurbano\/","name":"","description":"","publisher":{"@id":"https:\/\/experienciadevida.com.ar\/portalurbano\/#organization"},"potentialAction":[{"@type":"SearchAction","target":{"@type":"EntryPoint","urlTemplate":"https:\/\/experienciadevida.com.ar\/portalurbano\/?s={search_term_string}"},"query-input":"required name=search_term_string"}],"inLanguage":"es"},{"@type":"Organization","@id":"https:\/\/experienciadevida.com.ar\/portalurbano\/#organization","name":"Portal Urbano","url":"https:\/\/experienciadevida.com.ar\/portalurbano\/","logo":{"@type":"ImageObject","inLanguage":"es","@id":"https:\/\/experienciadevida.com.ar\/portalurbano\/#\/schema\/logo\/image\/","url":"https:\/\/experienciadevida.com.ar\/portalurbano\/wp-content\/uploads\/2019\/09\/Logo-Original.png","contentUrl":"https:\/\/experienciadevida.com.ar\/portalurbano\/wp-content\/uploads\/2019\/09\/Logo-Original.png","width":2236,"height":1216,"caption":"Portal Urbano"},"image":{"@id":"https:\/\/experienciadevida.com.ar\/portalurbano\/#\/schema\/logo\/image\/"},"sameAs":["https:\/\/www.facebook.com\/Portal-Urbano-171542830093757\/","https:\/\/twitter.com\/portalurbanook","https:\/\/www.instagram.com\/_portalurbano\/","https:\/\/www.youtube.com\/channel\/UCXhagIfszH8KxFiOok79zbA?view_as=subscriber"]},{"@type":"Person","@id":"https:\/\/experienciadevida.com.ar\/portalurbano\/#\/schema\/person\/02dd326b1c4b056e9cc972486934a3a7","name":"admpu17wp","image":{"@type":"ImageObject","inLanguage":"es","@id":"https:\/\/experienciadevida.com.ar\/portalurbano\/#\/schema\/person\/image\/","url":"https:\/\/secure.gravatar.com\/avatar\/830d4c57adaae6630765e449a6908047?s=96&d=mm&r=g","contentUrl":"https:\/\/secure.gravatar.com\/avatar\/830d4c57adaae6630765e449a6908047?s=96&d=mm&r=g","caption":"admpu17wp"}}]}},"featured_image_urls":{"full":["https:\/\/experienciadevida.com.ar\/portalurbano\/wp-content\/uploads\/2019\/10\/MUNICIPALIDAD-e1572474818311.jpg",765,430,false],"thumbnail":["https:\/\/experienciadevida.com.ar\/portalurbano\/wp-content\/uploads\/2019\/10\/MUNICIPALIDAD-150x150.jpg",150,150,true],"medium":["https:\/\/experienciadevida.com.ar\/portalurbano\/wp-content\/uploads\/2019\/10\/MUNICIPALIDAD-300x169.jpg",300,169,true],"medium_large":["https:\/\/experienciadevida.com.ar\/portalurbano\/wp-content\/uploads\/2019\/10\/MUNICIPALIDAD-768x432.jpg",640,360,true],"large":["https:\/\/experienciadevida.com.ar\/portalurbano\/wp-content\/uploads\/2019\/10\/MUNICIPALIDAD-1024x576.jpg",640,360,true],"ug_big":["https:\/\/experienciadevida.com.ar\/portalurbano\/wp-content\/uploads\/2019\/10\/MUNICIPALIDAD-768x432.jpg",768,432,true],"1536x1536":["https:\/\/experienciadevida.com.ar\/portalurbano\/wp-content\/uploads\/2019\/10\/MUNICIPALIDAD-e1572474818311.jpg",765,430,false],"2048x2048":["https:\/\/experienciadevida.com.ar\/portalurbano\/wp-content\/uploads\/2019\/10\/MUNICIPALIDAD-e1572474818311.jpg",765,430,false],"newsever-slider-full":["https:\/\/experienciadevida.com.ar\/portalurbano\/wp-content\/uploads\/2019\/10\/MUNICIPALIDAD-e1572474818311.jpg",765,430,false],"newsever-featured":["https:\/\/experienciadevida.com.ar\/portalurbano\/wp-content\/uploads\/2019\/10\/MUNICIPALIDAD-e1572474818311.jpg",765,430,false],"newsever-medium":["https:\/\/experienciadevida.com.ar\/portalurbano\/wp-content\/uploads\/2019\/10\/MUNICIPALIDAD-e1572474818311.jpg",720,405,false],"web-stories-poster-portrait":["https:\/\/experienciadevida.com.ar\/portalurbano\/wp-content\/uploads\/2019\/10\/MUNICIPALIDAD-e1572474818311.jpg",640,360,false],"web-stories-publisher-logo":["https:\/\/experienciadevida.com.ar\/portalurbano\/wp-content\/uploads\/2019\/10\/MUNICIPALIDAD-e1572474818311.jpg",96,54,false],"web-stories-thumbnail":["https:\/\/experienciadevida.com.ar\/portalurbano\/wp-content\/uploads\/2019\/10\/MUNICIPALIDAD-e1572474818311.jpg",150,84,false]},"author_info":{"display_name":"admpu17wp","author_link":"https:\/\/experienciadevida.com.ar\/portalurbano\/author\/admpu17wp\/"},"category_info":"<a href=\"https:\/\/experienciadevida.com.ar\/portalurbano\/category\/destacadas\/\" rel=\"category tag\">Destacadas<\/a> <a href=\"https:\/\/experienciadevida.com.ar\/portalurbano\/category\/ciudad\/salud\/\" rel=\"category tag\">Salud<\/a>","tag_info":"Salud","comment_count":"0","amp_enabled":true,"_links":{"self":[{"href":"https:\/\/experienciadevida.com.ar\/portalurbano\/wp-json\/wp\/v2\/posts\/160167"}],"collection":[{"href":"https:\/\/experienciadevida.com.ar\/portalurbano\/wp-json\/wp\/v2\/posts"}],"about":[{"href":"https:\/\/experienciadevida.com.ar\/portalurbano\/wp-json\/wp\/v2\/types\/post"}],"author":[{"embeddable":true,"href":"https:\/\/experienciadevida.com.ar\/portalurbano\/wp-json\/wp\/v2\/users\/1"}],"replies":[{"embeddable":true,"href":"https:\/\/experienciadevida.com.ar\/portalurbano\/wp-json\/wp\/v2\/comments?post=160167"}],"version-history":[{"count":3,"href":"https:\/\/experienciadevida.com.ar\/portalurbano\/wp-json\/wp\/v2\/posts\/160167\/revisions"}],"predecessor-version":[{"id":160170,"href":"https:\/\/experienciadevida.com.ar\/portalurbano\/wp-json\/wp\/v2\/posts\/160167\/revisions\/160170"}],"wp:featuredmedia":[{"embeddable":true,"href":"https:\/\/experienciadevida.com.ar\/portalurbano\/wp-json\/wp\/v2\/media\/91816"}],"wp:attachment":[{"href":"https:\/\/experienciadevida.com.ar\/portalurbano\/wp-json\/wp\/v2\/media?parent=160167"}],"wp:term":[{"taxonomy":"category","embeddable":true,"href":"https:\/\/experienciadevida.com.ar\/portalurbano\/wp-json\/wp\/v2\/categories?post=160167"},{"taxonomy":"post_tag","embeddable":true,"href":"https:\/\/experienciadevida.com.ar\/portalurbano\/wp-json\/wp\/v2\/tags?post=160167"}],"curies":[{"name":"wp","href":"https:\/\/api.w.org\/{rel}","templated":true}]}}