{"id":160149,"date":"2022-01-18T10:06:09","date_gmt":"2022-01-18T13:06:09","guid":{"rendered":"https:\/\/experienciadevida.com.ar\/portalurbano\/?p=160149"},"modified":"2022-01-18T10:10:35","modified_gmt":"2022-01-18T13:10:35","slug":"avanza-la-obra-de-ampliacion-y-reforma-en-la-escuela-secundaria-no-20","status":"publish","type":"post","link":"https:\/\/experienciadevida.com.ar\/portalurbano\/avanza-la-obra-de-ampliacion-y-reforma-en-la-escuela-secundaria-no-20\/","title":{"rendered":"Avanza la obra  de ampliaci\u00f3n y reforma en la Escuela Secundaria N\u00ba 20"},"content":{"rendered":"<p>Avanza la obra de ampliaci\u00f3n y reforma en la Escuela Secundaria N\u00ba 20, el Intendente Ezequiel <a href=\"https:\/\/www.facebook.com\/galliezequiel\">Galli<\/a> visit\u00f3 la Escuela Secundaria N\u00ba 20 \u201cFray R. Musaragno\u201d, que se encuentra ubicada en calle San Mart\u00edn 2053, en el barrio Pueblo Nuevo, donde avanza la obra de ampliaci\u00f3n y reforma, que permitir\u00e1 solucionar los problemas edilicios y generar mejores condiciones de infraestructura para estudiantes, docentes, personal auxiliar y toda la comunidad educativa.<\/p>\n<p>Durante la visita de obra, el Intendente estuvo acompa\u00f1ado por el secretario de Mantenimiento y Obras P\u00fablicas de la Municipalidad, Julio Ferraro, qui\u00e9n detall\u00f3 el tipo de trabajos que se desarrollan actualmente.<\/p>\n<p>La reforma surgi\u00f3 principalmente como necesidad de independizar los servicios y los ambientes compartidos entre la Escuela Primaria N\u00ba 4 y la Escuela Secundaria N\u00ba 20.<\/p>\n<p>En este sentido, la obra consiste en la construcci\u00f3n de dos superficies (planta baja y planta alta), cada una de ellas con una extensi\u00f3n de 213 m2. En planta baja, se ubicar\u00e1 el hall de acceso, secretar\u00eda, direcci\u00f3n, sala de profesores, dos cocinas (una para cada escuela), biblioteca, preceptor\u00eda y dep\u00f3sito. En planta alta se disponen tres aulas.<\/p>\n<p>Una de las aulas existentes ser\u00e1 destinada para el laboratorio, para lo cual se deber\u00e1n llevar adelante todas las tareas necesarias para su reacondicionamiento.<\/p>\n<p>Los trabajos preliminares se iniciaron con las tareas de demolici\u00f3n, exceptuando la fachada, que es conservada como se encuentra en la actualidad. Luego con el desmonte y excavaci\u00f3n del suelo para construir las bases, cimientos y la estructura de ampliaci\u00f3n concretamente, compuesta por columnas, vigas, losas encadenado perimetral superior y dinteles, colocaci\u00f3n del techo de chapa y canaletas.<\/p>\n<p>Entre los puntos m\u00e1s importantes del proyecto de obra, se realizar\u00e1 la instalaci\u00f3n el\u00e9ctrica completamente, con nuevos circuitos de tomacorrientes y de iluminaci\u00f3n. De este modo, se independizar\u00e1 el servicio el\u00e9ctrico entre ambas escuelas, de la misma manera, se desarrollar\u00e1n nuevas conexiones de gas y agua, con esta misma finalidad.<\/p>\n<p>En lo que refiere a equipamiento, se proveer\u00e1 de una cocina industrial, diecisiete calefactores de distinta capacidad, aberturas de aluminio color blanco, mesadas de granito para cocina y ba\u00f1os, bachas, dos mesas de trabajo de acero inoxidable, bajo mesadas y alacenas, dos heladeras, dos termotanques el\u00e9ctricos.<\/p>\n<p>Como parte de la obra, se desarrollar\u00e1n los trabajos de construcci\u00f3n de cielorrasos, pintura interior y exterior, y colocaci\u00f3n de rejas y barandas de seguridad.<\/p>\n<p>La obra de ampliaci\u00f3n de la EES N\u00ba 20, que se inici\u00f3 el 6 de diciembre de 2021, encuentra a cargo de la empresa Pecma SRL por una suma de $44.160.000 de recursos provenientes del Fondo Educativo.<\/p>\n<p><a href=\"https:\/\/experienciadevida.com.ar\/portalurbano\/avanza-la-obra-de-ampliacion-y-reforma-en-la-escuela-secundaria-no-20\/avanza-la\/\" rel=\"attachment wp-att-160153\"><img decoding=\"async\" class=\"alignnone size-large wp-image-160153\" src=\"https:\/\/experienciadevida.com.ar\/portalurbano\/wp-content\/uploads\/2022\/01\/Avanza-la-1024x684.jpg\" alt=\"Avanza la \" width=\"900\" height=\"601\" \/><\/a><\/p>\n","protected":false},"excerpt":{"rendered":"<p>Avanza la obra de ampliaci\u00f3n y reforma en la Escuela Secundaria N\u00ba 20, el Intendente&#8230;<\/p>\n","protected":false},"author":1,"featured_media":160150,"comment_status":"closed","ping_status":"closed","sticky":false,"template":"","format":"standard","meta":{"content-type":""},"categories":[27,64],"tags":[],"nelio_content":{"isAutoShareEnabled":false,"autoShareEndMode":"default","automationSources":{"useContentSentences":true,"useSocialTemplates":true,"useCustomSentences":false,"customSentences":[]},"followers":[1],"suggestedReferences":[],"includedReferences":[],"efiUrl":"","efiAlt":"","highlights":[]},"yoast_head":"<!-- This site is optimized with the Yoast SEO plugin v20.7 - https:\/\/yoast.com\/wordpress\/plugins\/seo\/ -->\n<title>Avanza la obra de ampliaci\u00f3n y reforma en la Escuela n\u00b020<\/title>\n<meta name=\"description\" content=\"Avanza la obra de ampliaci\u00f3n y reforma en la Escuela Secundaria N\u00ba 20, el Intendente Ezequiel Galli visit\u00f3 la Escuela Secundaria\" \/>\n<meta name=\"robots\" content=\"index, follow, max-snippet:-1, max-image-preview:large, max-video-preview:-1\" \/>\n<link rel=\"canonical\" href=\"https:\/\/experienciadevida.com.ar\/portalurbano\/avanza-la-obra-de-ampliacion-y-reforma-en-la-escuela-secundaria-no-20\/\" \/>\n<meta property=\"og:locale\" content=\"es_ES\" \/>\n<meta property=\"og:type\" content=\"article\" \/>\n<meta property=\"og:title\" content=\"Avanza la obra de ampliaci\u00f3n y reforma en la Escuela n\u00b020\" \/>\n<meta property=\"og:description\" content=\"Avanza la obra de ampliaci\u00f3n y reforma en la Escuela Secundaria N\u00ba 20, el Intendente Ezequiel Galli visit\u00f3 la Escuela Secundaria\" \/>\n<meta property=\"og:url\" content=\"https:\/\/experienciadevida.com.ar\/portalurbano\/avanza-la-obra-de-ampliacion-y-reforma-en-la-escuela-secundaria-no-20\/\" \/>\n<meta property=\"article:publisher\" content=\"https:\/\/www.facebook.com\/Portal-Urbano-171542830093757\/\" \/>\n<meta property=\"article:published_time\" content=\"2022-01-18T13:06:09+00:00\" \/>\n<meta property=\"article:modified_time\" content=\"2022-01-18T13:10:35+00:00\" \/>\n<meta property=\"og:image\" content=\"https:\/\/experienciadevida.com.ar\/portalurbano\/wp-content\/uploads\/2022\/01\/Avanza-la-obra-de-e1642511153729.jpg\" \/>\n\t<meta property=\"og:image:width\" content=\"765\" \/>\n\t<meta property=\"og:image:height\" content=\"511\" \/>\n\t<meta property=\"og:image:type\" content=\"image\/jpeg\" \/>\n<meta name=\"author\" content=\"admpu17wp\" \/>\n<meta name=\"twitter:card\" content=\"summary_large_image\" \/>\n<meta name=\"twitter:creator\" content=\"@portalurbanook\" \/>\n<meta name=\"twitter:site\" content=\"@portalurbanook\" \/>\n<meta name=\"twitter:label1\" content=\"Escrito por\" \/>\n\t<meta name=\"twitter:data1\" content=\"admpu17wp\" \/>\n\t<meta name=\"twitter:label2\" content=\"Tiempo de lectura\" \/>\n\t<meta name=\"twitter:data2\" content=\"2 minutos\" \/>\n<script type=\"application\/ld+json\" class=\"yoast-schema-graph\">{\"@context\":\"https:\/\/schema.org\",\"@graph\":[{\"@type\":\"Article\",\"@id\":\"https:\/\/experienciadevida.com.ar\/portalurbano\/avanza-la-obra-de-ampliacion-y-reforma-en-la-escuela-secundaria-no-20\/#article\",\"isPartOf\":{\"@id\":\"https:\/\/experienciadevida.com.ar\/portalurbano\/avanza-la-obra-de-ampliacion-y-reforma-en-la-escuela-secundaria-no-20\/\"},\"author\":{\"name\":\"admpu17wp\",\"@id\":\"https:\/\/experienciadevida.com.ar\/portalurbano\/#\/schema\/person\/02dd326b1c4b056e9cc972486934a3a7\"},\"headline\":\"Avanza la obra de ampliaci\u00f3n y reforma en la Escuela Secundaria N\u00ba 20\",\"datePublished\":\"2022-01-18T13:06:09+00:00\",\"dateModified\":\"2022-01-18T13:10:35+00:00\",\"mainEntityOfPage\":{\"@id\":\"https:\/\/experienciadevida.com.ar\/portalurbano\/avanza-la-obra-de-ampliacion-y-reforma-en-la-escuela-secundaria-no-20\/\"},\"wordCount\":458,\"publisher\":{\"@id\":\"https:\/\/experienciadevida.com.ar\/portalurbano\/#organization\"},\"articleSection\":[\"Ciudad\",\"Destacadas 2\"],\"inLanguage\":\"es\"},{\"@type\":\"WebPage\",\"@id\":\"https:\/\/experienciadevida.com.ar\/portalurbano\/avanza-la-obra-de-ampliacion-y-reforma-en-la-escuela-secundaria-no-20\/\",\"url\":\"https:\/\/experienciadevida.com.ar\/portalurbano\/avanza-la-obra-de-ampliacion-y-reforma-en-la-escuela-secundaria-no-20\/\",\"name\":\"Avanza la obra de ampliaci\u00f3n y reforma en la Escuela n\u00b020\",\"isPartOf\":{\"@id\":\"https:\/\/experienciadevida.com.ar\/portalurbano\/#website\"},\"datePublished\":\"2022-01-18T13:06:09+00:00\",\"dateModified\":\"2022-01-18T13:10:35+00:00\",\"description\":\"Avanza la obra de ampliaci\u00f3n y reforma en la Escuela Secundaria N\u00ba 20, el Intendente Ezequiel Galli visit\u00f3 la Escuela Secundaria\",\"breadcrumb\":{\"@id\":\"https:\/\/experienciadevida.com.ar\/portalurbano\/avanza-la-obra-de-ampliacion-y-reforma-en-la-escuela-secundaria-no-20\/#breadcrumb\"},\"inLanguage\":\"es\",\"potentialAction\":[{\"@type\":\"ReadAction\",\"target\":[\"https:\/\/experienciadevida.com.ar\/portalurbano\/avanza-la-obra-de-ampliacion-y-reforma-en-la-escuela-secundaria-no-20\/\"]}]},{\"@type\":\"BreadcrumbList\",\"@id\":\"https:\/\/experienciadevida.com.ar\/portalurbano\/avanza-la-obra-de-ampliacion-y-reforma-en-la-escuela-secundaria-no-20\/#breadcrumb\",\"itemListElement\":[{\"@type\":\"ListItem\",\"position\":1,\"name\":\"Portada\",\"item\":\"https:\/\/experienciadevida.com.ar\/portalurbano\/\"},{\"@type\":\"ListItem\",\"position\":2,\"name\":\"Avanza la obra de ampliaci\u00f3n y reforma en la Escuela Secundaria N\u00ba 20\"}]},{\"@type\":\"WebSite\",\"@id\":\"https:\/\/experienciadevida.com.ar\/portalurbano\/#website\",\"url\":\"https:\/\/experienciadevida.com.ar\/portalurbano\/\",\"name\":\"\",\"description\":\"\",\"publisher\":{\"@id\":\"https:\/\/experienciadevida.com.ar\/portalurbano\/#organization\"},\"potentialAction\":[{\"@type\":\"SearchAction\",\"target\":{\"@type\":\"EntryPoint\",\"urlTemplate\":\"https:\/\/experienciadevida.com.ar\/portalurbano\/?s={search_term_string}\"},\"query-input\":\"required name=search_term_string\"}],\"inLanguage\":\"es\"},{\"@type\":\"Organization\",\"@id\":\"https:\/\/experienciadevida.com.ar\/portalurbano\/#organization\",\"name\":\"Portal Urbano\",\"url\":\"https:\/\/experienciadevida.com.ar\/portalurbano\/\",\"logo\":{\"@type\":\"ImageObject\",\"inLanguage\":\"es\",\"@id\":\"https:\/\/experienciadevida.com.ar\/portalurbano\/#\/schema\/logo\/image\/\",\"url\":\"https:\/\/experienciadevida.com.ar\/portalurbano\/wp-content\/uploads\/2019\/09\/Logo-Original.png\",\"contentUrl\":\"https:\/\/experienciadevida.com.ar\/portalurbano\/wp-content\/uploads\/2019\/09\/Logo-Original.png\",\"width\":2236,\"height\":1216,\"caption\":\"Portal Urbano\"},\"image\":{\"@id\":\"https:\/\/experienciadevida.com.ar\/portalurbano\/#\/schema\/logo\/image\/\"},\"sameAs\":[\"https:\/\/www.facebook.com\/Portal-Urbano-171542830093757\/\",\"https:\/\/twitter.com\/portalurbanook\",\"https:\/\/www.instagram.com\/_portalurbano\/\",\"https:\/\/www.youtube.com\/channel\/UCXhagIfszH8KxFiOok79zbA?view_as=subscriber\"]},{\"@type\":\"Person\",\"@id\":\"https:\/\/experienciadevida.com.ar\/portalurbano\/#\/schema\/person\/02dd326b1c4b056e9cc972486934a3a7\",\"name\":\"admpu17wp\",\"image\":{\"@type\":\"ImageObject\",\"inLanguage\":\"es\",\"@id\":\"https:\/\/experienciadevida.com.ar\/portalurbano\/#\/schema\/person\/image\/\",\"url\":\"https:\/\/secure.gravatar.com\/avatar\/830d4c57adaae6630765e449a6908047?s=96&d=mm&r=g\",\"contentUrl\":\"https:\/\/secure.gravatar.com\/avatar\/830d4c57adaae6630765e449a6908047?s=96&d=mm&r=g\",\"caption\":\"admpu17wp\"}}]}<\/script>\n<!-- \/ Yoast SEO plugin. -->","yoast_head_json":{"title":"Avanza la obra de ampliaci\u00f3n y reforma en la Escuela n\u00b020","description":"Avanza la obra de ampliaci\u00f3n y reforma en la Escuela Secundaria N\u00ba 20, el Intendente Ezequiel Galli visit\u00f3 la Escuela Secundaria","robots":{"index":"index","follow":"follow","max-snippet":"max-snippet:-1","max-image-preview":"max-image-preview:large","max-video-preview":"max-video-preview:-1"},"canonical":"https:\/\/experienciadevida.com.ar\/portalurbano\/avanza-la-obra-de-ampliacion-y-reforma-en-la-escuela-secundaria-no-20\/","og_locale":"es_ES","og_type":"article","og_title":"Avanza la obra de ampliaci\u00f3n y reforma en la Escuela n\u00b020","og_description":"Avanza la obra de ampliaci\u00f3n y reforma en la Escuela Secundaria N\u00ba 20, el Intendente Ezequiel Galli visit\u00f3 la Escuela Secundaria","og_url":"https:\/\/experienciadevida.com.ar\/portalurbano\/avanza-la-obra-de-ampliacion-y-reforma-en-la-escuela-secundaria-no-20\/","article_publisher":"https:\/\/www.facebook.com\/Portal-Urbano-171542830093757\/","article_published_time":"2022-01-18T13:06:09+00:00","article_modified_time":"2022-01-18T13:10:35+00:00","og_image":[{"width":765,"height":511,"url":"https:\/\/experienciadevida.com.ar\/portalurbano\/wp-content\/uploads\/2022\/01\/Avanza-la-obra-de-e1642511153729.jpg","type":"image\/jpeg"}],"author":"admpu17wp","twitter_card":"summary_large_image","twitter_creator":"@portalurbanook","twitter_site":"@portalurbanook","twitter_misc":{"Escrito por":"admpu17wp","Tiempo de lectura":"2 minutos"},"schema":{"@context":"https:\/\/schema.org","@graph":[{"@type":"Article","@id":"https:\/\/experienciadevida.com.ar\/portalurbano\/avanza-la-obra-de-ampliacion-y-reforma-en-la-escuela-secundaria-no-20\/#article","isPartOf":{"@id":"https:\/\/experienciadevida.com.ar\/portalurbano\/avanza-la-obra-de-ampliacion-y-reforma-en-la-escuela-secundaria-no-20\/"},"author":{"name":"admpu17wp","@id":"https:\/\/experienciadevida.com.ar\/portalurbano\/#\/schema\/person\/02dd326b1c4b056e9cc972486934a3a7"},"headline":"Avanza la obra de ampliaci\u00f3n y reforma en la Escuela Secundaria N\u00ba 20","datePublished":"2022-01-18T13:06:09+00:00","dateModified":"2022-01-18T13:10:35+00:00","mainEntityOfPage":{"@id":"https:\/\/experienciadevida.com.ar\/portalurbano\/avanza-la-obra-de-ampliacion-y-reforma-en-la-escuela-secundaria-no-20\/"},"wordCount":458,"publisher":{"@id":"https:\/\/experienciadevida.com.ar\/portalurbano\/#organization"},"articleSection":["Ciudad","Destacadas 2"],"inLanguage":"es"},{"@type":"WebPage","@id":"https:\/\/experienciadevida.com.ar\/portalurbano\/avanza-la-obra-de-ampliacion-y-reforma-en-la-escuela-secundaria-no-20\/","url":"https:\/\/experienciadevida.com.ar\/portalurbano\/avanza-la-obra-de-ampliacion-y-reforma-en-la-escuela-secundaria-no-20\/","name":"Avanza la obra de ampliaci\u00f3n y reforma en la Escuela n\u00b020","isPartOf":{"@id":"https:\/\/experienciadevida.com.ar\/portalurbano\/#website"},"datePublished":"2022-01-18T13:06:09+00:00","dateModified":"2022-01-18T13:10:35+00:00","description":"Avanza la obra de ampliaci\u00f3n y reforma en la Escuela Secundaria N\u00ba 20, el Intendente Ezequiel Galli visit\u00f3 la Escuela Secundaria","breadcrumb":{"@id":"https:\/\/experienciadevida.com.ar\/portalurbano\/avanza-la-obra-de-ampliacion-y-reforma-en-la-escuela-secundaria-no-20\/#breadcrumb"},"inLanguage":"es","potentialAction":[{"@type":"ReadAction","target":["https:\/\/experienciadevida.com.ar\/portalurbano\/avanza-la-obra-de-ampliacion-y-reforma-en-la-escuela-secundaria-no-20\/"]}]},{"@type":"BreadcrumbList","@id":"https:\/\/experienciadevida.com.ar\/portalurbano\/avanza-la-obra-de-ampliacion-y-reforma-en-la-escuela-secundaria-no-20\/#breadcrumb","itemListElement":[{"@type":"ListItem","position":1,"name":"Portada","item":"https:\/\/experienciadevida.com.ar\/portalurbano\/"},{"@type":"ListItem","position":2,"name":"Avanza la obra de ampliaci\u00f3n y reforma en la Escuela Secundaria N\u00ba 20"}]},{"@type":"WebSite","@id":"https:\/\/experienciadevida.com.ar\/portalurbano\/#website","url":"https:\/\/experienciadevida.com.ar\/portalurbano\/","name":"","description":"","publisher":{"@id":"https:\/\/experienciadevida.com.ar\/portalurbano\/#organization"},"potentialAction":[{"@type":"SearchAction","target":{"@type":"EntryPoint","urlTemplate":"https:\/\/experienciadevida.com.ar\/portalurbano\/?s={search_term_string}"},"query-input":"required name=search_term_string"}],"inLanguage":"es"},{"@type":"Organization","@id":"https:\/\/experienciadevida.com.ar\/portalurbano\/#organization","name":"Portal Urbano","url":"https:\/\/experienciadevida.com.ar\/portalurbano\/","logo":{"@type":"ImageObject","inLanguage":"es","@id":"https:\/\/experienciadevida.com.ar\/portalurbano\/#\/schema\/logo\/image\/","url":"https:\/\/experienciadevida.com.ar\/portalurbano\/wp-content\/uploads\/2019\/09\/Logo-Original.png","contentUrl":"https:\/\/experienciadevida.com.ar\/portalurbano\/wp-content\/uploads\/2019\/09\/Logo-Original.png","width":2236,"height":1216,"caption":"Portal Urbano"},"image":{"@id":"https:\/\/experienciadevida.com.ar\/portalurbano\/#\/schema\/logo\/image\/"},"sameAs":["https:\/\/www.facebook.com\/Portal-Urbano-171542830093757\/","https:\/\/twitter.com\/portalurbanook","https:\/\/www.instagram.com\/_portalurbano\/","https:\/\/www.youtube.com\/channel\/UCXhagIfszH8KxFiOok79zbA?view_as=subscriber"]},{"@type":"Person","@id":"https:\/\/experienciadevida.com.ar\/portalurbano\/#\/schema\/person\/02dd326b1c4b056e9cc972486934a3a7","name":"admpu17wp","image":{"@type":"ImageObject","inLanguage":"es","@id":"https:\/\/experienciadevida.com.ar\/portalurbano\/#\/schema\/person\/image\/","url":"https:\/\/secure.gravatar.com\/avatar\/830d4c57adaae6630765e449a6908047?s=96&d=mm&r=g","contentUrl":"https:\/\/secure.gravatar.com\/avatar\/830d4c57adaae6630765e449a6908047?s=96&d=mm&r=g","caption":"admpu17wp"}}]}},"featured_image_urls":{"full":["https:\/\/experienciadevida.com.ar\/portalurbano\/wp-content\/uploads\/2022\/01\/Avanza-la-obra-de-e1642511153729.jpg",765,511,false],"thumbnail":["https:\/\/experienciadevida.com.ar\/portalurbano\/wp-content\/uploads\/2022\/01\/Avanza-la-obra-de-150x150.jpg",150,150,true],"medium":["https:\/\/experienciadevida.com.ar\/portalurbano\/wp-content\/uploads\/2022\/01\/Avanza-la-obra-de-300x201.jpg",300,201,true],"medium_large":["https:\/\/experienciadevida.com.ar\/portalurbano\/wp-content\/uploads\/2022\/01\/Avanza-la-obra-de-768x513.jpg",640,428,true],"large":["https:\/\/experienciadevida.com.ar\/portalurbano\/wp-content\/uploads\/2022\/01\/Avanza-la-obra-de-1024x684.jpg",640,428,true],"ug_big":["https:\/\/experienciadevida.com.ar\/portalurbano\/wp-content\/uploads\/2022\/01\/Avanza-la-obra-de-768x513.jpg",768,513,true],"1536x1536":["https:\/\/experienciadevida.com.ar\/portalurbano\/wp-content\/uploads\/2022\/01\/Avanza-la-obra-de-1536x1027.jpg",1536,1027,true],"2048x2048":["https:\/\/experienciadevida.com.ar\/portalurbano\/wp-content\/uploads\/2022\/01\/Avanza-la-obra-de-2048x1369.jpg",2048,1369,true],"newsever-slider-full":["https:\/\/experienciadevida.com.ar\/portalurbano\/wp-content\/uploads\/2022\/01\/Avanza-la-obra-de-e1642511153729.jpg",765,511,false],"newsever-featured":["https:\/\/experienciadevida.com.ar\/portalurbano\/wp-content\/uploads\/2022\/01\/Avanza-la-obra-de-e1642511153729.jpg",765,511,false],"newsever-medium":["https:\/\/experienciadevida.com.ar\/portalurbano\/wp-content\/uploads\/2022\/01\/Avanza-la-obra-de-e1642511153729.jpg",711,475,false],"web-stories-poster-portrait":["https:\/\/experienciadevida.com.ar\/portalurbano\/wp-content\/uploads\/2022\/01\/Avanza-la-obra-de-e1642511153729.jpg",640,428,false],"web-stories-publisher-logo":["https:\/\/experienciadevida.com.ar\/portalurbano\/wp-content\/uploads\/2022\/01\/Avanza-la-obra-de-e1642511153729.jpg",96,64,false],"web-stories-thumbnail":["https:\/\/experienciadevida.com.ar\/portalurbano\/wp-content\/uploads\/2022\/01\/Avanza-la-obra-de-e1642511153729.jpg",150,100,false]},"author_info":{"display_name":"admpu17wp","author_link":"https:\/\/experienciadevida.com.ar\/portalurbano\/author\/admpu17wp\/"},"category_info":"<a href=\"https:\/\/experienciadevida.com.ar\/portalurbano\/category\/ciudad\/\" rel=\"category tag\">Ciudad<\/a> <a href=\"https:\/\/experienciadevida.com.ar\/portalurbano\/category\/destacadas-2\/\" rel=\"category tag\">Destacadas 2<\/a>","tag_info":"Destacadas 2","comment_count":"0","amp_enabled":true,"_links":{"self":[{"href":"https:\/\/experienciadevida.com.ar\/portalurbano\/wp-json\/wp\/v2\/posts\/160149"}],"collection":[{"href":"https:\/\/experienciadevida.com.ar\/portalurbano\/wp-json\/wp\/v2\/posts"}],"about":[{"href":"https:\/\/experienciadevida.com.ar\/portalurbano\/wp-json\/wp\/v2\/types\/post"}],"author":[{"embeddable":true,"href":"https:\/\/experienciadevida.com.ar\/portalurbano\/wp-json\/wp\/v2\/users\/1"}],"replies":[{"embeddable":true,"href":"https:\/\/experienciadevida.com.ar\/portalurbano\/wp-json\/wp\/v2\/comments?post=160149"}],"version-history":[{"count":3,"href":"https:\/\/experienciadevida.com.ar\/portalurbano\/wp-json\/wp\/v2\/posts\/160149\/revisions"}],"predecessor-version":[{"id":160154,"href":"https:\/\/experienciadevida.com.ar\/portalurbano\/wp-json\/wp\/v2\/posts\/160149\/revisions\/160154"}],"wp:featuredmedia":[{"embeddable":true,"href":"https:\/\/experienciadevida.com.ar\/portalurbano\/wp-json\/wp\/v2\/media\/160150"}],"wp:attachment":[{"href":"https:\/\/experienciadevida.com.ar\/portalurbano\/wp-json\/wp\/v2\/media?parent=160149"}],"wp:term":[{"taxonomy":"category","embeddable":true,"href":"https:\/\/experienciadevida.com.ar\/portalurbano\/wp-json\/wp\/v2\/categories?post=160149"},{"taxonomy":"post_tag","embeddable":true,"href":"https:\/\/experienciadevida.com.ar\/portalurbano\/wp-json\/wp\/v2\/tags?post=160149"}],"curies":[{"name":"wp","href":"https:\/\/api.w.org\/{rel}","templated":true}]}}