{"id":160144,"date":"2022-01-18T09:57:42","date_gmt":"2022-01-18T12:57:42","guid":{"rendered":"https:\/\/experienciadevida.com.ar\/portalurbano\/?p=160144"},"modified":"2022-01-18T10:00:37","modified_gmt":"2022-01-18T13:00:37","slug":"campana-de-concientizacion-y-participacion-comunitaria-para-cuidar-los-espacios-naturales-de-olavarria","status":"publish","type":"post","link":"https:\/\/experienciadevida.com.ar\/portalurbano\/campana-de-concientizacion-y-participacion-comunitaria-para-cuidar-los-espacios-naturales-de-olavarria\/","title":{"rendered":"Campa\u00f1a de concientizaci\u00f3n y participaci\u00f3n comunitaria  para cuidar los espacios naturales de Olavarr\u00eda"},"content":{"rendered":"<p>Campa\u00f1a de concientizaci\u00f3n y participaci\u00f3n comunitaria para cuidar los espacios naturales de Olavarr\u00eda.<\/p>\n<p>Bajo el lema \u201cLa basura no vuelve sola, es parte de tu equipaje\u201d, desde el Departamento de Educaci\u00f3n Ambiental del <a href=\"https:\/\/www.facebook.com\/bioparquelamaximaoficial\">Bioparque Municipal \u201cLa M\u00e1xima\u201d<\/a> se impulsa una campa\u00f1a de informaci\u00f3n, concientizaci\u00f3n y participaci\u00f3n comunitaria, con la finalidad de cuidar los espacios naturales de Olavarr\u00eda.<\/p>\n<p>En el marco de la campa\u00f1a se convoca a instituciones, ONG, grupos ambientalistas, ciudadanos y otros actores sociales a participar de la campa\u00f1a de concientizaci\u00f3n y participaci\u00f3n comunitaria, con el objetivo de mantener y evitar los riesgos de los incendios que se producen en esta \u00e9poca del a\u00f1o.<\/p>\n<p>Se invita a comunicar a trav\u00e9s de im\u00e1genes y acciones mediante el Facebook del Bioparque \u201cLa M\u00e1xima\u201d, como una manera de dejar registro de las tareas de limpieza en ambientes naturales.<\/p>\n<p>Muchos espacios naturales de Olavarr\u00eda est\u00e1n siendo visitados por pescadores, visitantes, caminantes, corredores de nuestra ciudad en busca de la tan ansiada conexi\u00f3n con la naturaleza. La vuelta de las actividades recreativas en espacios naturales trae aparejado un problema para los ecosistemas, la perturbaci\u00f3n y acumulaci\u00f3n de residuos.<\/p>\n<p>\u201cConocemos que muchas acciones de limpieza son llevadas adelante por diferentes grupos sociales Plogging Serrano, Remada Verde, Guardianes de la Naturaleza, Guardianes Ecol\u00f3gicos, La Yegua Karp, EcOlavarria, entre otros, en los diferentes espacios naturales de la ciudad\u201d, destac\u00f3 Flavio Maldonado, director del Bioparque Municipal.<\/p>\n<p>\u201cEn muchos de estos lugares no existe la recolecci\u00f3n de residuos, lo que provoca que las personas que asisten dejen sus residuos en los ecosistemas y estos tardan a\u00f1os en degradarse\u201d, sostuvo.<\/p>\n<p><strong>\u00bfPor qu\u00e9 es importante esta campa\u00f1a, educativa y de concientizaci\u00f3n ambiental?<\/strong><\/p>\n<p>Cuidar del medio ambiente es cuesti\u00f3n de que cada miembro de la sociedad asuma el compromiso de respetar y cuidar su entorno, \u201cnos llama la atenci\u00f3n que al ir a sitios donde podemos vincularnos con la naturaleza muchas veces nos encontramos con residuos, sabemos que solos no llegaron a esos lugares. Resulta un contrasentido, queremos ir a pasear a vincularnos con la naturaleza y dejamos en el lugar nuestros residuos. Esto motiva esta campa\u00f1a, darle sentido y coherencia a nuestro v\u00ednculo con los ambientes naturales\u201d, plante\u00f3 Maldonado.<\/p>\n<p>Con esta campa\u00f1a \u201cbuscamos que la gente se lleve la basura que genera y no la deje arrojada en el ambiente, evitando las consecuencias que la basura provoca en los espacios naturales.\u201d<\/p>\n<p>El objetivo es concientizar y movilizar a la ciudadan\u00eda para mantener estos espacios libres de basura, mediante peque\u00f1as acciones en favor de la biodiversidad.<\/p>\n<p><strong>\u00bfC\u00f3mo participar de la\u00a0 campa\u00f1a<\/strong>?<\/p>\n<p>Si perteneces a una instituci\u00f3n podes sumar tu logo para adherir al flyer de la campa\u00f1a y compartir el material en las redes sociales.<br \/>\nPodes participar en forma personal o grupal limpiando el metro cuadrado del espacio natural que est\u00e1s visitando, juntando los residuos que otros tiraron y no retiraron.<br \/>\nPodes compartir las acciones realizadas en las redes sociales del Bioparque \u201cLa M\u00e1xima\u201d.<br \/>\nPodes participar de las jornadas de voluntariado en los entornos naturales.<\/p>\n<p><strong>\u00bfC\u00f3mo comportarse en ambientes naturales?\u00a0<\/strong><\/p>\n<p>Campa\u00f1a de concientizaci\u00f3n y participaci\u00f3n comunitaria, en el marco de esta campa\u00f1a se brindan algunos consejos cuyo objetivo es liberar de basura los espacios naturales, para evitar los incendios, teniendo en cuenta los condicionantes propios de la temporada estival.<\/p>\n<p>El abandono de residuos en el campo constituye un importante riesgo para los incendios forestales y que se acrecienta especialmente en verano, debido a las altas temperaturas, el viento y la falta de lluvia, siendo la actividad humana el principal desencadenante en el 90% de las ocasiones.<\/p>\n<p>Cualquier conducta inc\u00edvica o descuido puede ser la causa de una tragedia medioambiental. Es el caso, por ejemplo, de los aerosoles, que pueden explotar cuando son sometidos a altas temperaturas, o bien las botellas o trozos de vidrio debido al efecto \u201clupa\u201d ( reflejo que provocan los rayos solares en contacto con los vidrios ) la presencia de papeles metalizados de envoltorios y , por supuesto, la quema incontrolada de desechos, que, m\u00e1s all\u00e1 de un serio problema ambiental, constituye una mala pr\u00e1ctica que atenta contra la salud, originando enfermedades respiratorias y problemas ambientales.<\/p>\n<p>Una vez m\u00e1s, la prevenci\u00f3n y la educaci\u00f3n ambiental se hacen imprescindibles para comprender las relaciones que existen entre nuestras acciones y las problem\u00e1ticas ambientales por lo que esta campa\u00f1a intenta extremar la precauci\u00f3n de nuestro comportamiento al realizar actividades al aire libre.<\/p>\n<p><strong>Recomendaciones<\/strong><\/p>\n<p>No tirar colillas encendidas al suelo y tampoco por la ventanilla cuando se viaja en coche.<br \/>\nNo dejar basura fuera de los cestos. Si no tenemos un lugar para depositar los residuos, los mismos deben guardarse y depositarse en el contenedor correspondiente. Recordamos \u201cLa basura no vuelve sola\u201d<br \/>\nCuando visitamos un espacio natural no solo recogemos nuestros residuos sino que tambi\u00e9n llevamos parte de lo que encontramos. Todos podemos ayudar.<\/p>\n","protected":false},"excerpt":{"rendered":"<p>Campa\u00f1a de concientizaci\u00f3n y participaci\u00f3n comunitaria para cuidar los espacios naturales de Olavarr\u00eda. Bajo el&#8230;<\/p>\n","protected":false},"author":1,"featured_media":160145,"comment_status":"closed","ping_status":"closed","sticky":false,"template":"","format":"standard","meta":{"content-type":""},"categories":[27,51],"tags":[],"nelio_content":{"isAutoShareEnabled":false,"autoShareEndMode":"default","automationSources":{"useContentSentences":true,"useSocialTemplates":true,"useCustomSentences":false,"customSentences":[]},"followers":[1],"suggestedReferences":[],"includedReferences":[],"efiUrl":"","efiAlt":"","highlights":[]},"yoast_head":"<!-- This site is optimized with the Yoast SEO plugin v20.7 - https:\/\/yoast.com\/wordpress\/plugins\/seo\/ -->\n<title>Campa\u00f1a de concientizaci\u00f3n para cuidar los espacios naturales<\/title>\n<meta name=\"description\" content=\"Campa\u00f1a de concientizaci\u00f3n y participaci\u00f3n comunitaria para cuidar los espacios naturales de Olavarr\u00eda, bajo el lema la basura no vuelve sola\" \/>\n<meta name=\"robots\" content=\"index, follow, max-snippet:-1, max-image-preview:large, max-video-preview:-1\" \/>\n<link rel=\"canonical\" href=\"https:\/\/experienciadevida.com.ar\/portalurbano\/campana-de-concientizacion-y-participacion-comunitaria-para-cuidar-los-espacios-naturales-de-olavarria\/\" \/>\n<meta property=\"og:locale\" content=\"es_ES\" \/>\n<meta property=\"og:type\" content=\"article\" \/>\n<meta property=\"og:title\" content=\"Campa\u00f1a de concientizaci\u00f3n para cuidar los espacios naturales\" \/>\n<meta property=\"og:description\" content=\"Campa\u00f1a de concientizaci\u00f3n y participaci\u00f3n comunitaria para cuidar los espacios naturales de Olavarr\u00eda, bajo el lema la basura no vuelve sola\" \/>\n<meta property=\"og:url\" content=\"https:\/\/experienciadevida.com.ar\/portalurbano\/campana-de-concientizacion-y-participacion-comunitaria-para-cuidar-los-espacios-naturales-de-olavarria\/\" \/>\n<meta property=\"article:publisher\" content=\"https:\/\/www.facebook.com\/Portal-Urbano-171542830093757\/\" \/>\n<meta property=\"article:published_time\" content=\"2022-01-18T12:57:42+00:00\" \/>\n<meta property=\"article:modified_time\" content=\"2022-01-18T13:00:37+00:00\" \/>\n<meta property=\"og:image\" content=\"https:\/\/experienciadevida.com.ar\/portalurbano\/wp-content\/uploads\/2022\/01\/Campana-de-concientizacion-y.jpg\" \/>\n\t<meta property=\"og:image:width\" content=\"1024\" \/>\n\t<meta property=\"og:image:height\" content=\"683\" \/>\n\t<meta property=\"og:image:type\" content=\"image\/jpeg\" \/>\n<meta name=\"author\" content=\"admpu17wp\" \/>\n<meta name=\"twitter:card\" content=\"summary_large_image\" \/>\n<meta name=\"twitter:creator\" content=\"@portalurbanook\" \/>\n<meta name=\"twitter:site\" content=\"@portalurbanook\" \/>\n<meta name=\"twitter:label1\" content=\"Escrito por\" \/>\n\t<meta name=\"twitter:data1\" content=\"admpu17wp\" \/>\n\t<meta name=\"twitter:label2\" content=\"Tiempo de lectura\" \/>\n\t<meta name=\"twitter:data2\" content=\"4 minutos\" \/>\n<script type=\"application\/ld+json\" class=\"yoast-schema-graph\">{\"@context\":\"https:\/\/schema.org\",\"@graph\":[{\"@type\":\"Article\",\"@id\":\"https:\/\/experienciadevida.com.ar\/portalurbano\/campana-de-concientizacion-y-participacion-comunitaria-para-cuidar-los-espacios-naturales-de-olavarria\/#article\",\"isPartOf\":{\"@id\":\"https:\/\/experienciadevida.com.ar\/portalurbano\/campana-de-concientizacion-y-participacion-comunitaria-para-cuidar-los-espacios-naturales-de-olavarria\/\"},\"author\":{\"name\":\"admpu17wp\",\"@id\":\"https:\/\/experienciadevida.com.ar\/portalurbano\/#\/schema\/person\/02dd326b1c4b056e9cc972486934a3a7\"},\"headline\":\"Campa\u00f1a de concientizaci\u00f3n y participaci\u00f3n comunitaria para cuidar los espacios naturales de Olavarr\u00eda\",\"datePublished\":\"2022-01-18T12:57:42+00:00\",\"dateModified\":\"2022-01-18T13:00:37+00:00\",\"mainEntityOfPage\":{\"@id\":\"https:\/\/experienciadevida.com.ar\/portalurbano\/campana-de-concientizacion-y-participacion-comunitaria-para-cuidar-los-espacios-naturales-de-olavarria\/\"},\"wordCount\":862,\"publisher\":{\"@id\":\"https:\/\/experienciadevida.com.ar\/portalurbano\/#organization\"},\"articleSection\":[\"Ciudad\",\"Destacadas\"],\"inLanguage\":\"es\"},{\"@type\":\"WebPage\",\"@id\":\"https:\/\/experienciadevida.com.ar\/portalurbano\/campana-de-concientizacion-y-participacion-comunitaria-para-cuidar-los-espacios-naturales-de-olavarria\/\",\"url\":\"https:\/\/experienciadevida.com.ar\/portalurbano\/campana-de-concientizacion-y-participacion-comunitaria-para-cuidar-los-espacios-naturales-de-olavarria\/\",\"name\":\"Campa\u00f1a de concientizaci\u00f3n para cuidar los espacios naturales\",\"isPartOf\":{\"@id\":\"https:\/\/experienciadevida.com.ar\/portalurbano\/#website\"},\"datePublished\":\"2022-01-18T12:57:42+00:00\",\"dateModified\":\"2022-01-18T13:00:37+00:00\",\"description\":\"Campa\u00f1a de concientizaci\u00f3n y participaci\u00f3n comunitaria para cuidar los espacios naturales de Olavarr\u00eda, bajo el lema la basura no vuelve sola\",\"breadcrumb\":{\"@id\":\"https:\/\/experienciadevida.com.ar\/portalurbano\/campana-de-concientizacion-y-participacion-comunitaria-para-cuidar-los-espacios-naturales-de-olavarria\/#breadcrumb\"},\"inLanguage\":\"es\",\"potentialAction\":[{\"@type\":\"ReadAction\",\"target\":[\"https:\/\/experienciadevida.com.ar\/portalurbano\/campana-de-concientizacion-y-participacion-comunitaria-para-cuidar-los-espacios-naturales-de-olavarria\/\"]}]},{\"@type\":\"BreadcrumbList\",\"@id\":\"https:\/\/experienciadevida.com.ar\/portalurbano\/campana-de-concientizacion-y-participacion-comunitaria-para-cuidar-los-espacios-naturales-de-olavarria\/#breadcrumb\",\"itemListElement\":[{\"@type\":\"ListItem\",\"position\":1,\"name\":\"Portada\",\"item\":\"https:\/\/experienciadevida.com.ar\/portalurbano\/\"},{\"@type\":\"ListItem\",\"position\":2,\"name\":\"Campa\u00f1a de concientizaci\u00f3n y participaci\u00f3n comunitaria para cuidar los espacios naturales de Olavarr\u00eda\"}]},{\"@type\":\"WebSite\",\"@id\":\"https:\/\/experienciadevida.com.ar\/portalurbano\/#website\",\"url\":\"https:\/\/experienciadevida.com.ar\/portalurbano\/\",\"name\":\"\",\"description\":\"\",\"publisher\":{\"@id\":\"https:\/\/experienciadevida.com.ar\/portalurbano\/#organization\"},\"potentialAction\":[{\"@type\":\"SearchAction\",\"target\":{\"@type\":\"EntryPoint\",\"urlTemplate\":\"https:\/\/experienciadevida.com.ar\/portalurbano\/?s={search_term_string}\"},\"query-input\":\"required name=search_term_string\"}],\"inLanguage\":\"es\"},{\"@type\":\"Organization\",\"@id\":\"https:\/\/experienciadevida.com.ar\/portalurbano\/#organization\",\"name\":\"Portal Urbano\",\"url\":\"https:\/\/experienciadevida.com.ar\/portalurbano\/\",\"logo\":{\"@type\":\"ImageObject\",\"inLanguage\":\"es\",\"@id\":\"https:\/\/experienciadevida.com.ar\/portalurbano\/#\/schema\/logo\/image\/\",\"url\":\"https:\/\/experienciadevida.com.ar\/portalurbano\/wp-content\/uploads\/2019\/09\/Logo-Original.png\",\"contentUrl\":\"https:\/\/experienciadevida.com.ar\/portalurbano\/wp-content\/uploads\/2019\/09\/Logo-Original.png\",\"width\":2236,\"height\":1216,\"caption\":\"Portal Urbano\"},\"image\":{\"@id\":\"https:\/\/experienciadevida.com.ar\/portalurbano\/#\/schema\/logo\/image\/\"},\"sameAs\":[\"https:\/\/www.facebook.com\/Portal-Urbano-171542830093757\/\",\"https:\/\/twitter.com\/portalurbanook\",\"https:\/\/www.instagram.com\/_portalurbano\/\",\"https:\/\/www.youtube.com\/channel\/UCXhagIfszH8KxFiOok79zbA?view_as=subscriber\"]},{\"@type\":\"Person\",\"@id\":\"https:\/\/experienciadevida.com.ar\/portalurbano\/#\/schema\/person\/02dd326b1c4b056e9cc972486934a3a7\",\"name\":\"admpu17wp\",\"image\":{\"@type\":\"ImageObject\",\"inLanguage\":\"es\",\"@id\":\"https:\/\/experienciadevida.com.ar\/portalurbano\/#\/schema\/person\/image\/\",\"url\":\"https:\/\/secure.gravatar.com\/avatar\/830d4c57adaae6630765e449a6908047?s=96&d=mm&r=g\",\"contentUrl\":\"https:\/\/secure.gravatar.com\/avatar\/830d4c57adaae6630765e449a6908047?s=96&d=mm&r=g\",\"caption\":\"admpu17wp\"}}]}<\/script>\n<!-- \/ Yoast SEO plugin. -->","yoast_head_json":{"title":"Campa\u00f1a de concientizaci\u00f3n para cuidar los espacios naturales","description":"Campa\u00f1a de concientizaci\u00f3n y participaci\u00f3n comunitaria para cuidar los espacios naturales de Olavarr\u00eda, bajo el lema la basura no vuelve sola","robots":{"index":"index","follow":"follow","max-snippet":"max-snippet:-1","max-image-preview":"max-image-preview:large","max-video-preview":"max-video-preview:-1"},"canonical":"https:\/\/experienciadevida.com.ar\/portalurbano\/campana-de-concientizacion-y-participacion-comunitaria-para-cuidar-los-espacios-naturales-de-olavarria\/","og_locale":"es_ES","og_type":"article","og_title":"Campa\u00f1a de concientizaci\u00f3n para cuidar los espacios naturales","og_description":"Campa\u00f1a de concientizaci\u00f3n y participaci\u00f3n comunitaria para cuidar los espacios naturales de Olavarr\u00eda, bajo el lema la basura no vuelve sola","og_url":"https:\/\/experienciadevida.com.ar\/portalurbano\/campana-de-concientizacion-y-participacion-comunitaria-para-cuidar-los-espacios-naturales-de-olavarria\/","article_publisher":"https:\/\/www.facebook.com\/Portal-Urbano-171542830093757\/","article_published_time":"2022-01-18T12:57:42+00:00","article_modified_time":"2022-01-18T13:00:37+00:00","og_image":[{"width":1024,"height":683,"url":"https:\/\/experienciadevida.com.ar\/portalurbano\/wp-content\/uploads\/2022\/01\/Campana-de-concientizacion-y.jpg","type":"image\/jpeg"}],"author":"admpu17wp","twitter_card":"summary_large_image","twitter_creator":"@portalurbanook","twitter_site":"@portalurbanook","twitter_misc":{"Escrito por":"admpu17wp","Tiempo de lectura":"4 minutos"},"schema":{"@context":"https:\/\/schema.org","@graph":[{"@type":"Article","@id":"https:\/\/experienciadevida.com.ar\/portalurbano\/campana-de-concientizacion-y-participacion-comunitaria-para-cuidar-los-espacios-naturales-de-olavarria\/#article","isPartOf":{"@id":"https:\/\/experienciadevida.com.ar\/portalurbano\/campana-de-concientizacion-y-participacion-comunitaria-para-cuidar-los-espacios-naturales-de-olavarria\/"},"author":{"name":"admpu17wp","@id":"https:\/\/experienciadevida.com.ar\/portalurbano\/#\/schema\/person\/02dd326b1c4b056e9cc972486934a3a7"},"headline":"Campa\u00f1a de concientizaci\u00f3n y participaci\u00f3n comunitaria para cuidar los espacios naturales de Olavarr\u00eda","datePublished":"2022-01-18T12:57:42+00:00","dateModified":"2022-01-18T13:00:37+00:00","mainEntityOfPage":{"@id":"https:\/\/experienciadevida.com.ar\/portalurbano\/campana-de-concientizacion-y-participacion-comunitaria-para-cuidar-los-espacios-naturales-de-olavarria\/"},"wordCount":862,"publisher":{"@id":"https:\/\/experienciadevida.com.ar\/portalurbano\/#organization"},"articleSection":["Ciudad","Destacadas"],"inLanguage":"es"},{"@type":"WebPage","@id":"https:\/\/experienciadevida.com.ar\/portalurbano\/campana-de-concientizacion-y-participacion-comunitaria-para-cuidar-los-espacios-naturales-de-olavarria\/","url":"https:\/\/experienciadevida.com.ar\/portalurbano\/campana-de-concientizacion-y-participacion-comunitaria-para-cuidar-los-espacios-naturales-de-olavarria\/","name":"Campa\u00f1a de concientizaci\u00f3n para cuidar los espacios naturales","isPartOf":{"@id":"https:\/\/experienciadevida.com.ar\/portalurbano\/#website"},"datePublished":"2022-01-18T12:57:42+00:00","dateModified":"2022-01-18T13:00:37+00:00","description":"Campa\u00f1a de concientizaci\u00f3n y participaci\u00f3n comunitaria para cuidar los espacios naturales de Olavarr\u00eda, bajo el lema la basura no vuelve sola","breadcrumb":{"@id":"https:\/\/experienciadevida.com.ar\/portalurbano\/campana-de-concientizacion-y-participacion-comunitaria-para-cuidar-los-espacios-naturales-de-olavarria\/#breadcrumb"},"inLanguage":"es","potentialAction":[{"@type":"ReadAction","target":["https:\/\/experienciadevida.com.ar\/portalurbano\/campana-de-concientizacion-y-participacion-comunitaria-para-cuidar-los-espacios-naturales-de-olavarria\/"]}]},{"@type":"BreadcrumbList","@id":"https:\/\/experienciadevida.com.ar\/portalurbano\/campana-de-concientizacion-y-participacion-comunitaria-para-cuidar-los-espacios-naturales-de-olavarria\/#breadcrumb","itemListElement":[{"@type":"ListItem","position":1,"name":"Portada","item":"https:\/\/experienciadevida.com.ar\/portalurbano\/"},{"@type":"ListItem","position":2,"name":"Campa\u00f1a de concientizaci\u00f3n y participaci\u00f3n comunitaria para cuidar los espacios naturales de Olavarr\u00eda"}]},{"@type":"WebSite","@id":"https:\/\/experienciadevida.com.ar\/portalurbano\/#website","url":"https:\/\/experienciadevida.com.ar\/portalurbano\/","name":"","description":"","publisher":{"@id":"https:\/\/experienciadevida.com.ar\/portalurbano\/#organization"},"potentialAction":[{"@type":"SearchAction","target":{"@type":"EntryPoint","urlTemplate":"https:\/\/experienciadevida.com.ar\/portalurbano\/?s={search_term_string}"},"query-input":"required name=search_term_string"}],"inLanguage":"es"},{"@type":"Organization","@id":"https:\/\/experienciadevida.com.ar\/portalurbano\/#organization","name":"Portal Urbano","url":"https:\/\/experienciadevida.com.ar\/portalurbano\/","logo":{"@type":"ImageObject","inLanguage":"es","@id":"https:\/\/experienciadevida.com.ar\/portalurbano\/#\/schema\/logo\/image\/","url":"https:\/\/experienciadevida.com.ar\/portalurbano\/wp-content\/uploads\/2019\/09\/Logo-Original.png","contentUrl":"https:\/\/experienciadevida.com.ar\/portalurbano\/wp-content\/uploads\/2019\/09\/Logo-Original.png","width":2236,"height":1216,"caption":"Portal Urbano"},"image":{"@id":"https:\/\/experienciadevida.com.ar\/portalurbano\/#\/schema\/logo\/image\/"},"sameAs":["https:\/\/www.facebook.com\/Portal-Urbano-171542830093757\/","https:\/\/twitter.com\/portalurbanook","https:\/\/www.instagram.com\/_portalurbano\/","https:\/\/www.youtube.com\/channel\/UCXhagIfszH8KxFiOok79zbA?view_as=subscriber"]},{"@type":"Person","@id":"https:\/\/experienciadevida.com.ar\/portalurbano\/#\/schema\/person\/02dd326b1c4b056e9cc972486934a3a7","name":"admpu17wp","image":{"@type":"ImageObject","inLanguage":"es","@id":"https:\/\/experienciadevida.com.ar\/portalurbano\/#\/schema\/person\/image\/","url":"https:\/\/secure.gravatar.com\/avatar\/830d4c57adaae6630765e449a6908047?s=96&d=mm&r=g","contentUrl":"https:\/\/secure.gravatar.com\/avatar\/830d4c57adaae6630765e449a6908047?s=96&d=mm&r=g","caption":"admpu17wp"}}]}},"featured_image_urls":{"full":["https:\/\/experienciadevida.com.ar\/portalurbano\/wp-content\/uploads\/2022\/01\/Campana-de-concientizacion-y.jpg",1024,683,false],"thumbnail":["https:\/\/experienciadevida.com.ar\/portalurbano\/wp-content\/uploads\/2022\/01\/Campana-de-concientizacion-y-150x150.jpg",150,150,true],"medium":["https:\/\/experienciadevida.com.ar\/portalurbano\/wp-content\/uploads\/2022\/01\/Campana-de-concientizacion-y-300x200.jpg",300,200,true],"medium_large":["https:\/\/experienciadevida.com.ar\/portalurbano\/wp-content\/uploads\/2022\/01\/Campana-de-concientizacion-y-768x512.jpg",640,427,true],"large":["https:\/\/experienciadevida.com.ar\/portalurbano\/wp-content\/uploads\/2022\/01\/Campana-de-concientizacion-y.jpg",640,427,false],"ug_big":["https:\/\/experienciadevida.com.ar\/portalurbano\/wp-content\/uploads\/2022\/01\/Campana-de-concientizacion-y-768x512.jpg",768,512,true],"1536x1536":["https:\/\/experienciadevida.com.ar\/portalurbano\/wp-content\/uploads\/2022\/01\/Campana-de-concientizacion-y.jpg",1024,683,false],"2048x2048":["https:\/\/experienciadevida.com.ar\/portalurbano\/wp-content\/uploads\/2022\/01\/Campana-de-concientizacion-y.jpg",1024,683,false],"newsever-slider-full":["https:\/\/experienciadevida.com.ar\/portalurbano\/wp-content\/uploads\/2022\/01\/Campana-de-concientizacion-y.jpg",1024,683,false],"newsever-featured":["https:\/\/experienciadevida.com.ar\/portalurbano\/wp-content\/uploads\/2022\/01\/Campana-de-concientizacion-y.jpg",1024,683,false],"newsever-medium":["https:\/\/experienciadevida.com.ar\/portalurbano\/wp-content\/uploads\/2022\/01\/Campana-de-concientizacion-y.jpg",712,475,false],"web-stories-poster-portrait":["https:\/\/experienciadevida.com.ar\/portalurbano\/wp-content\/uploads\/2022\/01\/Campana-de-concientizacion-y.jpg",640,427,false],"web-stories-publisher-logo":["https:\/\/experienciadevida.com.ar\/portalurbano\/wp-content\/uploads\/2022\/01\/Campana-de-concientizacion-y.jpg",96,64,false],"web-stories-thumbnail":["https:\/\/experienciadevida.com.ar\/portalurbano\/wp-content\/uploads\/2022\/01\/Campana-de-concientizacion-y.jpg",150,100,false]},"author_info":{"display_name":"admpu17wp","author_link":"https:\/\/experienciadevida.com.ar\/portalurbano\/author\/admpu17wp\/"},"category_info":"<a href=\"https:\/\/experienciadevida.com.ar\/portalurbano\/category\/ciudad\/\" rel=\"category tag\">Ciudad<\/a> <a href=\"https:\/\/experienciadevida.com.ar\/portalurbano\/category\/destacadas\/\" rel=\"category tag\">Destacadas<\/a>","tag_info":"Destacadas","comment_count":"0","amp_enabled":true,"_links":{"self":[{"href":"https:\/\/experienciadevida.com.ar\/portalurbano\/wp-json\/wp\/v2\/posts\/160144"}],"collection":[{"href":"https:\/\/experienciadevida.com.ar\/portalurbano\/wp-json\/wp\/v2\/posts"}],"about":[{"href":"https:\/\/experienciadevida.com.ar\/portalurbano\/wp-json\/wp\/v2\/types\/post"}],"author":[{"embeddable":true,"href":"https:\/\/experienciadevida.com.ar\/portalurbano\/wp-json\/wp\/v2\/users\/1"}],"replies":[{"embeddable":true,"href":"https:\/\/experienciadevida.com.ar\/portalurbano\/wp-json\/wp\/v2\/comments?post=160144"}],"version-history":[{"count":3,"href":"https:\/\/experienciadevida.com.ar\/portalurbano\/wp-json\/wp\/v2\/posts\/160144\/revisions"}],"predecessor-version":[{"id":160147,"href":"https:\/\/experienciadevida.com.ar\/portalurbano\/wp-json\/wp\/v2\/posts\/160144\/revisions\/160147"}],"wp:featuredmedia":[{"embeddable":true,"href":"https:\/\/experienciadevida.com.ar\/portalurbano\/wp-json\/wp\/v2\/media\/160145"}],"wp:attachment":[{"href":"https:\/\/experienciadevida.com.ar\/portalurbano\/wp-json\/wp\/v2\/media?parent=160144"}],"wp:term":[{"taxonomy":"category","embeddable":true,"href":"https:\/\/experienciadevida.com.ar\/portalurbano\/wp-json\/wp\/v2\/categories?post=160144"},{"taxonomy":"post_tag","embeddable":true,"href":"https:\/\/experienciadevida.com.ar\/portalurbano\/wp-json\/wp\/v2\/tags?post=160144"}],"curies":[{"name":"wp","href":"https:\/\/api.w.org\/{rel}","templated":true}]}}