{"id":160113,"date":"2022-01-17T12:50:37","date_gmt":"2022-01-17T15:50:37","guid":{"rendered":"https:\/\/experienciadevida.com.ar\/portalurbano\/?p=160113"},"modified":"2022-01-17T13:03:35","modified_gmt":"2022-01-17T16:03:35","slug":"el-intendente-recorrio-el-barrio-ceco-anuncio-que-se-realizara-una-obra-de-construccion-de-veredas","status":"publish","type":"post","link":"https:\/\/experienciadevida.com.ar\/portalurbano\/el-intendente-recorrio-el-barrio-ceco-anuncio-que-se-realizara-una-obra-de-construccion-de-veredas\/","title":{"rendered":"El Intendente recorri\u00f3 el barrio CECO anunci\u00f3 que se realizar\u00e1 una obra de construcci\u00f3n de veredas"},"content":{"rendered":"<p>El <a href=\"https:\/\/www.facebook.com\/galliezequiel\">Intendente<\/a> recorri\u00f3 el barrio CECO, uno de los centros comerciales del barrio CECO, junto al secretario de Mantenimiento y Obras P\u00fablicas Julio Ferraro, para anunciar que se llevar\u00e1 adelante una ampliaci\u00f3n de obra de construcci\u00f3n de veredas.<\/p>\n<p><a href=\"https:\/\/experienciadevida.com.ar\/portalurbano\/el-intendente-recorrio-el-barrio-ceco-anuncio-que-se-realizara-una-obra-de-construccion-de-veredas\/el-intendente-22\/\" rel=\"attachment wp-att-160118\"><img decoding=\"async\" class=\"alignnone size-large wp-image-160118\" src=\"https:\/\/experienciadevida.com.ar\/portalurbano\/wp-content\/uploads\/2022\/01\/El-Intendente-1-1024x684.jpg\" alt=\"El Intendente\" width=\"900\" height=\"601\" \/><\/a><\/p>\n<p>Durante la recorrida por el barrio, el Intendente dialog\u00f3 con comerciantes del sector, quienes le manifestaron su satisfacci\u00f3n por esta nueva etapa de obra.<\/p>\n<p>Cabe recordar que en el mes de octubre de 2021 se llev\u00f3 a cabo la inauguraci\u00f3n de una primera etapa, que signific\u00f3 un cambio notable, desde el punto de vista de accesibilidad, en el marco de las pol\u00edticas de mejoramiento de diferentes espacios p\u00fablicos de la ciudad.<\/p>\n<p>Al respecto, Ezequiel Galli dijo \u201cesta obra fue producto de haber venido en tantas oportunidades al barrio y escuchar a los vecinos que nos ped\u00edan que las veredas de los centros comerciales ya no se pod\u00edan transitar\u201d.<\/p>\n<p>Particularmente este nuevo dise\u00f1o de veredas permite mejorar las condiciones de circulaci\u00f3n para quienes concurren a diario a realizar diferentes compras, tr\u00e1mites y servicios, debido a la comodidad, rapidez y gran cantidad de ofertas de los emprendimientos y locales comerciales que se radican en el sector.<\/p>\n<p>Esta ampliaci\u00f3n forma parte de una nueva etapa de obra y de un compromiso de la gesti\u00f3n del intendente Ezequiel Galli para que los vecinos del barrio CECO tengan las mejores condiciones de infraestructura.<\/p>\n<p><a href=\"https:\/\/experienciadevida.com.ar\/portalurbano\/el-intendente-recorrio-el-barrio-ceco-anuncio-que-se-realizara-una-obra-de-construccion-de-veredas\/galli-6\/\" rel=\"attachment wp-att-160120\"><img decoding=\"async\" class=\"alignnone size-large wp-image-160120\" src=\"https:\/\/experienciadevida.com.ar\/portalurbano\/wp-content\/uploads\/2022\/01\/Galli-1-1024x684.jpg\" alt=\"Galli\" width=\"900\" height=\"601\" \/><\/a><\/p>\n","protected":false},"excerpt":{"rendered":"<p>El Intendente recorri\u00f3 el barrio CECO, uno de los centros comerciales del barrio CECO, junto&#8230;<\/p>\n","protected":false},"author":1,"featured_media":160114,"comment_status":"closed","ping_status":"closed","sticky":false,"template":"","format":"standard","meta":{"content-type":""},"categories":[27,64],"tags":[],"nelio_content":{"isAutoShareEnabled":false,"autoShareEndMode":"default","automationSources":{"useContentSentences":true,"useSocialTemplates":true,"useCustomSentences":false,"customSentences":[]},"followers":[1],"suggestedReferences":[],"includedReferences":[],"efiUrl":"","efiAlt":"","highlights":[]},"yoast_head":"<!-- This site is optimized with the Yoast SEO plugin v20.7 - https:\/\/yoast.com\/wordpress\/plugins\/seo\/ -->\n<title>El Intendente recorri\u00f3 el barrio CECO<\/title>\n<meta name=\"description\" content=\"El Intendente recorri\u00f3 el barrio CECO, uno de los centros comerciales para anunciar que se llevar\u00e1 adelante una ampliaci\u00f3n de obra\" \/>\n<meta name=\"robots\" content=\"index, follow, max-snippet:-1, max-image-preview:large, max-video-preview:-1\" \/>\n<link rel=\"canonical\" href=\"https:\/\/experienciadevida.com.ar\/portalurbano\/el-intendente-recorrio-el-barrio-ceco-anuncio-que-se-realizara-una-obra-de-construccion-de-veredas\/\" \/>\n<meta property=\"og:locale\" content=\"es_ES\" \/>\n<meta property=\"og:type\" content=\"article\" \/>\n<meta property=\"og:title\" content=\"El Intendente recorri\u00f3 el barrio CECO\" \/>\n<meta property=\"og:description\" content=\"El Intendente recorri\u00f3 el barrio CECO, uno de los centros comerciales para anunciar que se llevar\u00e1 adelante una ampliaci\u00f3n de obra\" \/>\n<meta property=\"og:url\" content=\"https:\/\/experienciadevida.com.ar\/portalurbano\/el-intendente-recorrio-el-barrio-ceco-anuncio-que-se-realizara-una-obra-de-construccion-de-veredas\/\" \/>\n<meta property=\"article:publisher\" content=\"https:\/\/www.facebook.com\/Portal-Urbano-171542830093757\/\" \/>\n<meta property=\"article:published_time\" content=\"2022-01-17T15:50:37+00:00\" \/>\n<meta property=\"article:modified_time\" content=\"2022-01-17T16:03:35+00:00\" \/>\n<meta property=\"og:image\" content=\"https:\/\/experienciadevida.com.ar\/portalurbano\/wp-content\/uploads\/2022\/01\/El-Intendente-recorrio-el-e1642434629587.jpg\" \/>\n\t<meta property=\"og:image:width\" content=\"765\" \/>\n\t<meta property=\"og:image:height\" content=\"511\" \/>\n\t<meta property=\"og:image:type\" content=\"image\/jpeg\" \/>\n<meta name=\"author\" content=\"admpu17wp\" \/>\n<meta name=\"twitter:card\" content=\"summary_large_image\" \/>\n<meta name=\"twitter:creator\" content=\"@portalurbanook\" \/>\n<meta name=\"twitter:site\" content=\"@portalurbanook\" \/>\n<meta name=\"twitter:label1\" content=\"Escrito por\" \/>\n\t<meta name=\"twitter:data1\" content=\"admpu17wp\" \/>\n\t<meta name=\"twitter:label2\" content=\"Tiempo de lectura\" \/>\n\t<meta name=\"twitter:data2\" content=\"2 minutos\" \/>\n<script type=\"application\/ld+json\" class=\"yoast-schema-graph\">{\"@context\":\"https:\/\/schema.org\",\"@graph\":[{\"@type\":\"Article\",\"@id\":\"https:\/\/experienciadevida.com.ar\/portalurbano\/el-intendente-recorrio-el-barrio-ceco-anuncio-que-se-realizara-una-obra-de-construccion-de-veredas\/#article\",\"isPartOf\":{\"@id\":\"https:\/\/experienciadevida.com.ar\/portalurbano\/el-intendente-recorrio-el-barrio-ceco-anuncio-que-se-realizara-una-obra-de-construccion-de-veredas\/\"},\"author\":{\"name\":\"admpu17wp\",\"@id\":\"https:\/\/experienciadevida.com.ar\/portalurbano\/#\/schema\/person\/02dd326b1c4b056e9cc972486934a3a7\"},\"headline\":\"El Intendente recorri\u00f3 el barrio CECO anunci\u00f3 que se realizar\u00e1 una obra de construcci\u00f3n de veredas\",\"datePublished\":\"2022-01-17T15:50:37+00:00\",\"dateModified\":\"2022-01-17T16:03:35+00:00\",\"mainEntityOfPage\":{\"@id\":\"https:\/\/experienciadevida.com.ar\/portalurbano\/el-intendente-recorrio-el-barrio-ceco-anuncio-que-se-realizara-una-obra-de-construccion-de-veredas\/\"},\"wordCount\":256,\"publisher\":{\"@id\":\"https:\/\/experienciadevida.com.ar\/portalurbano\/#organization\"},\"articleSection\":[\"Ciudad\",\"Destacadas 2\"],\"inLanguage\":\"es\"},{\"@type\":\"WebPage\",\"@id\":\"https:\/\/experienciadevida.com.ar\/portalurbano\/el-intendente-recorrio-el-barrio-ceco-anuncio-que-se-realizara-una-obra-de-construccion-de-veredas\/\",\"url\":\"https:\/\/experienciadevida.com.ar\/portalurbano\/el-intendente-recorrio-el-barrio-ceco-anuncio-que-se-realizara-una-obra-de-construccion-de-veredas\/\",\"name\":\"El Intendente recorri\u00f3 el barrio CECO\",\"isPartOf\":{\"@id\":\"https:\/\/experienciadevida.com.ar\/portalurbano\/#website\"},\"datePublished\":\"2022-01-17T15:50:37+00:00\",\"dateModified\":\"2022-01-17T16:03:35+00:00\",\"description\":\"El Intendente recorri\u00f3 el barrio CECO, uno de los centros comerciales para anunciar que se llevar\u00e1 adelante una ampliaci\u00f3n de obra\",\"breadcrumb\":{\"@id\":\"https:\/\/experienciadevida.com.ar\/portalurbano\/el-intendente-recorrio-el-barrio-ceco-anuncio-que-se-realizara-una-obra-de-construccion-de-veredas\/#breadcrumb\"},\"inLanguage\":\"es\",\"potentialAction\":[{\"@type\":\"ReadAction\",\"target\":[\"https:\/\/experienciadevida.com.ar\/portalurbano\/el-intendente-recorrio-el-barrio-ceco-anuncio-que-se-realizara-una-obra-de-construccion-de-veredas\/\"]}]},{\"@type\":\"BreadcrumbList\",\"@id\":\"https:\/\/experienciadevida.com.ar\/portalurbano\/el-intendente-recorrio-el-barrio-ceco-anuncio-que-se-realizara-una-obra-de-construccion-de-veredas\/#breadcrumb\",\"itemListElement\":[{\"@type\":\"ListItem\",\"position\":1,\"name\":\"Portada\",\"item\":\"https:\/\/experienciadevida.com.ar\/portalurbano\/\"},{\"@type\":\"ListItem\",\"position\":2,\"name\":\"El Intendente recorri\u00f3 el barrio CECO anunci\u00f3 que se realizar\u00e1 una obra de construcci\u00f3n de veredas\"}]},{\"@type\":\"WebSite\",\"@id\":\"https:\/\/experienciadevida.com.ar\/portalurbano\/#website\",\"url\":\"https:\/\/experienciadevida.com.ar\/portalurbano\/\",\"name\":\"\",\"description\":\"\",\"publisher\":{\"@id\":\"https:\/\/experienciadevida.com.ar\/portalurbano\/#organization\"},\"potentialAction\":[{\"@type\":\"SearchAction\",\"target\":{\"@type\":\"EntryPoint\",\"urlTemplate\":\"https:\/\/experienciadevida.com.ar\/portalurbano\/?s={search_term_string}\"},\"query-input\":\"required name=search_term_string\"}],\"inLanguage\":\"es\"},{\"@type\":\"Organization\",\"@id\":\"https:\/\/experienciadevida.com.ar\/portalurbano\/#organization\",\"name\":\"Portal Urbano\",\"url\":\"https:\/\/experienciadevida.com.ar\/portalurbano\/\",\"logo\":{\"@type\":\"ImageObject\",\"inLanguage\":\"es\",\"@id\":\"https:\/\/experienciadevida.com.ar\/portalurbano\/#\/schema\/logo\/image\/\",\"url\":\"https:\/\/experienciadevida.com.ar\/portalurbano\/wp-content\/uploads\/2019\/09\/Logo-Original.png\",\"contentUrl\":\"https:\/\/experienciadevida.com.ar\/portalurbano\/wp-content\/uploads\/2019\/09\/Logo-Original.png\",\"width\":2236,\"height\":1216,\"caption\":\"Portal Urbano\"},\"image\":{\"@id\":\"https:\/\/experienciadevida.com.ar\/portalurbano\/#\/schema\/logo\/image\/\"},\"sameAs\":[\"https:\/\/www.facebook.com\/Portal-Urbano-171542830093757\/\",\"https:\/\/twitter.com\/portalurbanook\",\"https:\/\/www.instagram.com\/_portalurbano\/\",\"https:\/\/www.youtube.com\/channel\/UCXhagIfszH8KxFiOok79zbA?view_as=subscriber\"]},{\"@type\":\"Person\",\"@id\":\"https:\/\/experienciadevida.com.ar\/portalurbano\/#\/schema\/person\/02dd326b1c4b056e9cc972486934a3a7\",\"name\":\"admpu17wp\",\"image\":{\"@type\":\"ImageObject\",\"inLanguage\":\"es\",\"@id\":\"https:\/\/experienciadevida.com.ar\/portalurbano\/#\/schema\/person\/image\/\",\"url\":\"https:\/\/secure.gravatar.com\/avatar\/830d4c57adaae6630765e449a6908047?s=96&d=mm&r=g\",\"contentUrl\":\"https:\/\/secure.gravatar.com\/avatar\/830d4c57adaae6630765e449a6908047?s=96&d=mm&r=g\",\"caption\":\"admpu17wp\"}}]}<\/script>\n<!-- \/ Yoast SEO plugin. -->","yoast_head_json":{"title":"El Intendente recorri\u00f3 el barrio CECO","description":"El Intendente recorri\u00f3 el barrio CECO, uno de los centros comerciales para anunciar que se llevar\u00e1 adelante una ampliaci\u00f3n de obra","robots":{"index":"index","follow":"follow","max-snippet":"max-snippet:-1","max-image-preview":"max-image-preview:large","max-video-preview":"max-video-preview:-1"},"canonical":"https:\/\/experienciadevida.com.ar\/portalurbano\/el-intendente-recorrio-el-barrio-ceco-anuncio-que-se-realizara-una-obra-de-construccion-de-veredas\/","og_locale":"es_ES","og_type":"article","og_title":"El Intendente recorri\u00f3 el barrio CECO","og_description":"El Intendente recorri\u00f3 el barrio CECO, uno de los centros comerciales para anunciar que se llevar\u00e1 adelante una ampliaci\u00f3n de obra","og_url":"https:\/\/experienciadevida.com.ar\/portalurbano\/el-intendente-recorrio-el-barrio-ceco-anuncio-que-se-realizara-una-obra-de-construccion-de-veredas\/","article_publisher":"https:\/\/www.facebook.com\/Portal-Urbano-171542830093757\/","article_published_time":"2022-01-17T15:50:37+00:00","article_modified_time":"2022-01-17T16:03:35+00:00","og_image":[{"width":765,"height":511,"url":"https:\/\/experienciadevida.com.ar\/portalurbano\/wp-content\/uploads\/2022\/01\/El-Intendente-recorrio-el-e1642434629587.jpg","type":"image\/jpeg"}],"author":"admpu17wp","twitter_card":"summary_large_image","twitter_creator":"@portalurbanook","twitter_site":"@portalurbanook","twitter_misc":{"Escrito por":"admpu17wp","Tiempo de lectura":"2 minutos"},"schema":{"@context":"https:\/\/schema.org","@graph":[{"@type":"Article","@id":"https:\/\/experienciadevida.com.ar\/portalurbano\/el-intendente-recorrio-el-barrio-ceco-anuncio-que-se-realizara-una-obra-de-construccion-de-veredas\/#article","isPartOf":{"@id":"https:\/\/experienciadevida.com.ar\/portalurbano\/el-intendente-recorrio-el-barrio-ceco-anuncio-que-se-realizara-una-obra-de-construccion-de-veredas\/"},"author":{"name":"admpu17wp","@id":"https:\/\/experienciadevida.com.ar\/portalurbano\/#\/schema\/person\/02dd326b1c4b056e9cc972486934a3a7"},"headline":"El Intendente recorri\u00f3 el barrio CECO anunci\u00f3 que se realizar\u00e1 una obra de construcci\u00f3n de veredas","datePublished":"2022-01-17T15:50:37+00:00","dateModified":"2022-01-17T16:03:35+00:00","mainEntityOfPage":{"@id":"https:\/\/experienciadevida.com.ar\/portalurbano\/el-intendente-recorrio-el-barrio-ceco-anuncio-que-se-realizara-una-obra-de-construccion-de-veredas\/"},"wordCount":256,"publisher":{"@id":"https:\/\/experienciadevida.com.ar\/portalurbano\/#organization"},"articleSection":["Ciudad","Destacadas 2"],"inLanguage":"es"},{"@type":"WebPage","@id":"https:\/\/experienciadevida.com.ar\/portalurbano\/el-intendente-recorrio-el-barrio-ceco-anuncio-que-se-realizara-una-obra-de-construccion-de-veredas\/","url":"https:\/\/experienciadevida.com.ar\/portalurbano\/el-intendente-recorrio-el-barrio-ceco-anuncio-que-se-realizara-una-obra-de-construccion-de-veredas\/","name":"El Intendente recorri\u00f3 el barrio CECO","isPartOf":{"@id":"https:\/\/experienciadevida.com.ar\/portalurbano\/#website"},"datePublished":"2022-01-17T15:50:37+00:00","dateModified":"2022-01-17T16:03:35+00:00","description":"El Intendente recorri\u00f3 el barrio CECO, uno de los centros comerciales para anunciar que se llevar\u00e1 adelante una ampliaci\u00f3n de obra","breadcrumb":{"@id":"https:\/\/experienciadevida.com.ar\/portalurbano\/el-intendente-recorrio-el-barrio-ceco-anuncio-que-se-realizara-una-obra-de-construccion-de-veredas\/#breadcrumb"},"inLanguage":"es","potentialAction":[{"@type":"ReadAction","target":["https:\/\/experienciadevida.com.ar\/portalurbano\/el-intendente-recorrio-el-barrio-ceco-anuncio-que-se-realizara-una-obra-de-construccion-de-veredas\/"]}]},{"@type":"BreadcrumbList","@id":"https:\/\/experienciadevida.com.ar\/portalurbano\/el-intendente-recorrio-el-barrio-ceco-anuncio-que-se-realizara-una-obra-de-construccion-de-veredas\/#breadcrumb","itemListElement":[{"@type":"ListItem","position":1,"name":"Portada","item":"https:\/\/experienciadevida.com.ar\/portalurbano\/"},{"@type":"ListItem","position":2,"name":"El Intendente recorri\u00f3 el barrio CECO anunci\u00f3 que se realizar\u00e1 una obra de construcci\u00f3n de veredas"}]},{"@type":"WebSite","@id":"https:\/\/experienciadevida.com.ar\/portalurbano\/#website","url":"https:\/\/experienciadevida.com.ar\/portalurbano\/","name":"","description":"","publisher":{"@id":"https:\/\/experienciadevida.com.ar\/portalurbano\/#organization"},"potentialAction":[{"@type":"SearchAction","target":{"@type":"EntryPoint","urlTemplate":"https:\/\/experienciadevida.com.ar\/portalurbano\/?s={search_term_string}"},"query-input":"required name=search_term_string"}],"inLanguage":"es"},{"@type":"Organization","@id":"https:\/\/experienciadevida.com.ar\/portalurbano\/#organization","name":"Portal Urbano","url":"https:\/\/experienciadevida.com.ar\/portalurbano\/","logo":{"@type":"ImageObject","inLanguage":"es","@id":"https:\/\/experienciadevida.com.ar\/portalurbano\/#\/schema\/logo\/image\/","url":"https:\/\/experienciadevida.com.ar\/portalurbano\/wp-content\/uploads\/2019\/09\/Logo-Original.png","contentUrl":"https:\/\/experienciadevida.com.ar\/portalurbano\/wp-content\/uploads\/2019\/09\/Logo-Original.png","width":2236,"height":1216,"caption":"Portal Urbano"},"image":{"@id":"https:\/\/experienciadevida.com.ar\/portalurbano\/#\/schema\/logo\/image\/"},"sameAs":["https:\/\/www.facebook.com\/Portal-Urbano-171542830093757\/","https:\/\/twitter.com\/portalurbanook","https:\/\/www.instagram.com\/_portalurbano\/","https:\/\/www.youtube.com\/channel\/UCXhagIfszH8KxFiOok79zbA?view_as=subscriber"]},{"@type":"Person","@id":"https:\/\/experienciadevida.com.ar\/portalurbano\/#\/schema\/person\/02dd326b1c4b056e9cc972486934a3a7","name":"admpu17wp","image":{"@type":"ImageObject","inLanguage":"es","@id":"https:\/\/experienciadevida.com.ar\/portalurbano\/#\/schema\/person\/image\/","url":"https:\/\/secure.gravatar.com\/avatar\/830d4c57adaae6630765e449a6908047?s=96&d=mm&r=g","contentUrl":"https:\/\/secure.gravatar.com\/avatar\/830d4c57adaae6630765e449a6908047?s=96&d=mm&r=g","caption":"admpu17wp"}}]}},"featured_image_urls":{"full":["https:\/\/experienciadevida.com.ar\/portalurbano\/wp-content\/uploads\/2022\/01\/El-Intendente-recorrio-el-e1642434629587.jpg",765,511,false],"thumbnail":["https:\/\/experienciadevida.com.ar\/portalurbano\/wp-content\/uploads\/2022\/01\/El-Intendente-recorrio-el-150x150.jpg",150,150,true],"medium":["https:\/\/experienciadevida.com.ar\/portalurbano\/wp-content\/uploads\/2022\/01\/El-Intendente-recorrio-el-300x201.jpg",300,201,true],"medium_large":["https:\/\/experienciadevida.com.ar\/portalurbano\/wp-content\/uploads\/2022\/01\/El-Intendente-recorrio-el-768x513.jpg",640,428,true],"large":["https:\/\/experienciadevida.com.ar\/portalurbano\/wp-content\/uploads\/2022\/01\/El-Intendente-recorrio-el-1024x684.jpg",640,428,true],"ug_big":["https:\/\/experienciadevida.com.ar\/portalurbano\/wp-content\/uploads\/2022\/01\/El-Intendente-recorrio-el-768x513.jpg",768,513,true],"1536x1536":["https:\/\/experienciadevida.com.ar\/portalurbano\/wp-content\/uploads\/2022\/01\/El-Intendente-recorrio-el-1536x1027.jpg",1536,1027,true],"2048x2048":["https:\/\/experienciadevida.com.ar\/portalurbano\/wp-content\/uploads\/2022\/01\/El-Intendente-recorrio-el-2048x1369.jpg",2048,1369,true],"newsever-slider-full":["https:\/\/experienciadevida.com.ar\/portalurbano\/wp-content\/uploads\/2022\/01\/El-Intendente-recorrio-el-e1642434629587.jpg",765,511,false],"newsever-featured":["https:\/\/experienciadevida.com.ar\/portalurbano\/wp-content\/uploads\/2022\/01\/El-Intendente-recorrio-el-e1642434629587.jpg",765,511,false],"newsever-medium":["https:\/\/experienciadevida.com.ar\/portalurbano\/wp-content\/uploads\/2022\/01\/El-Intendente-recorrio-el-e1642434629587.jpg",711,475,false],"web-stories-poster-portrait":["https:\/\/experienciadevida.com.ar\/portalurbano\/wp-content\/uploads\/2022\/01\/El-Intendente-recorrio-el-e1642434629587.jpg",640,428,false],"web-stories-publisher-logo":["https:\/\/experienciadevida.com.ar\/portalurbano\/wp-content\/uploads\/2022\/01\/El-Intendente-recorrio-el-e1642434629587.jpg",96,64,false],"web-stories-thumbnail":["https:\/\/experienciadevida.com.ar\/portalurbano\/wp-content\/uploads\/2022\/01\/El-Intendente-recorrio-el-e1642434629587.jpg",150,100,false]},"author_info":{"display_name":"admpu17wp","author_link":"https:\/\/experienciadevida.com.ar\/portalurbano\/author\/admpu17wp\/"},"category_info":"<a href=\"https:\/\/experienciadevida.com.ar\/portalurbano\/category\/ciudad\/\" rel=\"category tag\">Ciudad<\/a> <a href=\"https:\/\/experienciadevida.com.ar\/portalurbano\/category\/destacadas-2\/\" rel=\"category tag\">Destacadas 2<\/a>","tag_info":"Destacadas 2","comment_count":"0","amp_enabled":true,"_links":{"self":[{"href":"https:\/\/experienciadevida.com.ar\/portalurbano\/wp-json\/wp\/v2\/posts\/160113"}],"collection":[{"href":"https:\/\/experienciadevida.com.ar\/portalurbano\/wp-json\/wp\/v2\/posts"}],"about":[{"href":"https:\/\/experienciadevida.com.ar\/portalurbano\/wp-json\/wp\/v2\/types\/post"}],"author":[{"embeddable":true,"href":"https:\/\/experienciadevida.com.ar\/portalurbano\/wp-json\/wp\/v2\/users\/1"}],"replies":[{"embeddable":true,"href":"https:\/\/experienciadevida.com.ar\/portalurbano\/wp-json\/wp\/v2\/comments?post=160113"}],"version-history":[{"count":5,"href":"https:\/\/experienciadevida.com.ar\/portalurbano\/wp-json\/wp\/v2\/posts\/160113\/revisions"}],"predecessor-version":[{"id":160116,"href":"https:\/\/experienciadevida.com.ar\/portalurbano\/wp-json\/wp\/v2\/posts\/160113\/revisions\/160116"}],"wp:featuredmedia":[{"embeddable":true,"href":"https:\/\/experienciadevida.com.ar\/portalurbano\/wp-json\/wp\/v2\/media\/160114"}],"wp:attachment":[{"href":"https:\/\/experienciadevida.com.ar\/portalurbano\/wp-json\/wp\/v2\/media?parent=160113"}],"wp:term":[{"taxonomy":"category","embeddable":true,"href":"https:\/\/experienciadevida.com.ar\/portalurbano\/wp-json\/wp\/v2\/categories?post=160113"},{"taxonomy":"post_tag","embeddable":true,"href":"https:\/\/experienciadevida.com.ar\/portalurbano\/wp-json\/wp\/v2\/tags?post=160113"}],"curies":[{"name":"wp","href":"https:\/\/api.w.org\/{rel}","templated":true}]}}