{"id":160106,"date":"2022-01-17T12:29:06","date_gmt":"2022-01-17T15:29:06","guid":{"rendered":"https:\/\/experienciadevida.com.ar\/portalurbano\/?p=160106"},"modified":"2022-01-17T12:37:27","modified_gmt":"2022-01-17T15:37:27","slug":"es-una-muy-buena-noticia-que-puedan-volver-a-elegir-a-sus-representantes","status":"publish","type":"post","link":"https:\/\/experienciadevida.com.ar\/portalurbano\/es-una-muy-buena-noticia-que-puedan-volver-a-elegir-a-sus-representantes\/","title":{"rendered":"\u201cEs una muy buena noticia que puedan volver a elegir a sus representantes\u201d"},"content":{"rendered":"<p>\u201cEs una muy buena noticia que puedan volver a elegir a sus representantes\u201d, al mediod\u00eda de este lunes, en el Sal\u00f3n Blanco del Palacio San Mart\u00edn, el intendente Ezequiel <a href=\"https:\/\/www.facebook.com\/galliezequiel\">Galli<\/a>, encabez\u00f3 una conferencia de prensa con la finalidad de brindar detalles de la Elecci\u00f3n de Delegados 2022.<\/p>\n<p><a href=\"https:\/\/experienciadevida.com.ar\/portalurbano\/es-una-muy-buena-noticia-que-puedan-volver-a-elegir-a-sus-representantes\/es-una\/\" rel=\"attachment wp-att-160110\"><img decoding=\"async\" class=\"alignnone size-large wp-image-160110\" src=\"https:\/\/experienciadevida.com.ar\/portalurbano\/wp-content\/uploads\/2022\/01\/Es-una-1024x684.jpg\" alt=\"Es una\" width=\"900\" height=\"601\" srcset=\"https:\/\/experienciadevida.com.ar\/portalurbano\/wp-content\/uploads\/2022\/01\/Es-una-1024x684.jpg 1024w, https:\/\/experienciadevida.com.ar\/portalurbano\/wp-content\/uploads\/2022\/01\/Es-una-300x201.jpg 300w, https:\/\/experienciadevida.com.ar\/portalurbano\/wp-content\/uploads\/2022\/01\/Es-una-768x513.jpg 768w, https:\/\/experienciadevida.com.ar\/portalurbano\/wp-content\/uploads\/2022\/01\/Es-una-1536x1027.jpg 1536w, https:\/\/experienciadevida.com.ar\/portalurbano\/wp-content\/uploads\/2022\/01\/Es-una-2048x1369.jpg 2048w\" sizes=\"(max-width: 900px) 100vw, 900px\" \/><\/a><\/p>\n<p>En la oportunidad anunci\u00f3 que la Consulta Popular No Vinculante se realizar\u00e1 el d\u00eda domingo 10 de abril, de 10 a 16 horas, en todas las localidades del Partido de Olavarr\u00eda, de manera simult\u00e1nea.<\/p>\n<p>Durante la conferencia, el Intendente estuvo acompa\u00f1ado por el secretario de Gobierno Hilario Galli, el subsecretario del \u00e1rea Emilio Vitale y el director de Delegaciones C\u00e9sar Bournot.<\/p>\n<p>\u201cVamos a anunciar y brindar detalles de la segunda elecci\u00f3n de delgados de la historia de Olavarr\u00eda. Tuvimos que suspender la consulta en 2020, por la situaci\u00f3n sanitaria que nos atraves\u00f3 y prorrogamos los mandatos, por lo tanto el primer trimestre del a\u00f1o pasado qued\u00f3 anulado y se vuelve arrancar con el nuevo calendario\u201d, indic\u00f3 Galli.<\/p>\n<p>\u201cEs un sistema de boleta \u00fanica. Los aspirantes deber\u00e1n presentar documentaci\u00f3n en distintas fechas seg\u00fan cada localidad. Habr\u00e1 reuniones orientativas para que los postulantes puedan presentar todo como corresponde. Cada uno deber\u00e1 retirar documentaci\u00f3n, con la presentaci\u00f3n del 8% de avales del padr\u00f3n de cada comunidad y con un piso del 40%\u201d, agreg\u00f3.<\/p>\n<p>El Intendente resalt\u00f3 que \u201ces una muy buena noticia para localidades que puedan nuevamente elegir sus autoridades en un a\u00f1o no electoral. La mayor\u00eda de los delegados sigue en sus lugares y trabajando en pos de mejoras de las localidades. Es muy importante que cada comunidad pueda elegir a sus representantes. En total el padr\u00f3n es de 14.337 vecinos\u201d.<\/p>\n<p>\u201cEs una muy buena noticia que puedan volver a elegir a sus representantes\u201d, Tambi\u00e9n destac\u00f3 que los delegados \u201cest\u00e1n haciendo un gran trabajo, trayendo inquietudes permanentemente y tenemos reuniones peri\u00f3dicas. Hemos realizado obras importantes para distintas localidades, siempre falta, nunca alcanza pero hemos hecho un trabajo importante y as\u00ed lo reconocen los vecinos\u201d.<\/p>\n<p>\u201cHay libertad absoluta para que cualquiera pueda ser candidato. El mandato dura dos a\u00f1os (hasta 2024) y lo hacemos en a\u00f1o no electoral. El 2 de mayo asumen los mandatos\u201d, concluy\u00f3 Galli.<\/p>\n<p>\u201cCelebro que se le haya dado la posibilidad de dar esta apertura. El piso es un est\u00edmulo m\u00e1s que invita a la participaci\u00f3n, que invita a la comunidad a que se acerque a votar\u201d, sostuvo el subsecretario de Gobierno Emilio Vitale.<\/p>\n<p>\u201cEs una muy buena noticia que puedan volver a elegir a sus representantes\u201d, Por su parte, el secretario de Gobierno Hilario Galli agreg\u00f3 que esto se debe a que \u201chay un antecedente de la elecci\u00f3n del 2017 que en una localidad tuvo mayor participaci\u00f3n el voto en blanco. Con esto se ve que el reclamo o solicitud del vecino va a estar representada por ese Delegado que se eligi\u00f3. El piso es \u00fanicamente para que la Junta Electoral convalide. Recordemos que es una Consulta Popular No Vinculante\u201d.<\/p>\n<p>Etapas y fechas<\/p>\n<p>Desde el Departamento Ejecutivo se organizaron cinco instancias previas, al d\u00eda de la Consulta Popular, que se detallan a continuaci\u00f3n:<\/p>\n<p>Retiro de documentaci\u00f3n: del 19 de enero al 4 de febrero.<br \/>\nPresentaci\u00f3n de documentaci\u00f3n: del 7 al 18 de febrero.<br \/>\nAn\u00e1lisis de documentaci\u00f3n: 21 de febrero al 14 de marzo.<br \/>\nJunta Electoral-Oficializaci\u00f3n de candidaturas: 15 al 18 de marzo.<br \/>\nInicio de campa\u00f1a de los candidatos: 21 de marzo al 7 de abril.<br \/>\nEntre las novedades metodol\u00f3gicas, Galli adelant\u00f3 que se llevar\u00e1n adelante encuentros orientativos para aquellos aspirantes a delegados\/as municipales (en d\u00edas y horarios a confirmar), en lo concerniente a documentaci\u00f3n a presentar (forma, contenido y modelo de presentaci\u00f3n).<\/p>\n<p>En la instancia de presentaci\u00f3n de documentaci\u00f3n, se determinaron fechas l\u00edmites particulares por localidad, donde el aspirante deber\u00e1 presentar la documentaci\u00f3n por Mesa de Entradas del Palacio Belgrano).<\/p>\n<p>Recalde- Espigas- Santa Luisa: 14 de febrero de 2022.<br \/>\nSierra Chica: 15 de febrero de 2022.<br \/>\nLoma Negra: 16 de febrero de 2022.<br \/>\nHinojo: 17 de febrero de 2022.<br \/>\nSierras Bayas: 18 de febrero de 2022<br \/>\nEn la conferencia se aclar\u00f3 que los actuales delegados (cumpliendo los requisitos), tienen opci\u00f3n de un mandato m\u00e1s porque su primer mandato fue prorrogado, dado el contexto de pandemia.<\/p>\n<p><a href=\"https:\/\/experienciadevida.com.ar\/portalurbano\/es-una-muy-buena-noticia-que-puedan-volver-a-elegir-a-sus-representantes\/muy-buena-2\/\" rel=\"attachment wp-att-160111\"><img decoding=\"async\" class=\"alignnone size-large wp-image-160111\" src=\"https:\/\/experienciadevida.com.ar\/portalurbano\/wp-content\/uploads\/2022\/01\/muy-buena-1024x684.jpg\" alt=\"muy buena \" width=\"900\" height=\"601\" srcset=\"https:\/\/experienciadevida.com.ar\/portalurbano\/wp-content\/uploads\/2022\/01\/muy-buena-1024x684.jpg 1024w, https:\/\/experienciadevida.com.ar\/portalurbano\/wp-content\/uploads\/2022\/01\/muy-buena-300x201.jpg 300w, https:\/\/experienciadevida.com.ar\/portalurbano\/wp-content\/uploads\/2022\/01\/muy-buena-768x513.jpg 768w, https:\/\/experienciadevida.com.ar\/portalurbano\/wp-content\/uploads\/2022\/01\/muy-buena-1536x1027.jpg 1536w, https:\/\/experienciadevida.com.ar\/portalurbano\/wp-content\/uploads\/2022\/01\/muy-buena-2048x1369.jpg 2048w\" sizes=\"(max-width: 900px) 100vw, 900px\" \/><\/a><\/p>\n","protected":false},"excerpt":{"rendered":"<p>\u201cEs una muy buena noticia que puedan volver a elegir a sus representantes\u201d, al mediod\u00eda&#8230;<\/p>\n","protected":false},"author":1,"featured_media":160107,"comment_status":"closed","ping_status":"closed","sticky":false,"template":"","format":"standard","meta":{"content-type":""},"categories":[27,51],"tags":[],"nelio_content":{"isAutoShareEnabled":false,"autoShareEndMode":"default","automationSources":{"useContentSentences":true,"useSocialTemplates":true,"useCustomSentences":false,"customSentences":[]},"followers":[1],"suggestedReferences":[],"includedReferences":[],"efiUrl":"","efiAlt":"","highlights":[]},"yoast_head":"<!-- This site is optimized with the Yoast SEO plugin v20.7 - https:\/\/yoast.com\/wordpress\/plugins\/seo\/ -->\n<title>&quot;Es una muy buena noticia que puedan volver a elegir&quot;<\/title>\n<meta name=\"description\" content=\"\u201cEs una muy buena noticia que puedan volver a elegir a sus representantes\u201d, as\u00ed lo dijo el Intendente al encabezar una conferencia\" \/>\n<meta name=\"robots\" content=\"index, follow, max-snippet:-1, max-image-preview:large, max-video-preview:-1\" \/>\n<link rel=\"canonical\" href=\"https:\/\/experienciadevida.com.ar\/portalurbano\/es-una-muy-buena-noticia-que-puedan-volver-a-elegir-a-sus-representantes\/\" \/>\n<meta property=\"og:locale\" content=\"es_ES\" \/>\n<meta property=\"og:type\" content=\"article\" \/>\n<meta property=\"og:title\" content=\"&quot;Es una muy buena noticia que puedan volver a elegir&quot;\" \/>\n<meta property=\"og:description\" content=\"\u201cEs una muy buena noticia que puedan volver a elegir a sus representantes\u201d, as\u00ed lo dijo el Intendente al encabezar una conferencia\" \/>\n<meta property=\"og:url\" content=\"https:\/\/experienciadevida.com.ar\/portalurbano\/es-una-muy-buena-noticia-que-puedan-volver-a-elegir-a-sus-representantes\/\" \/>\n<meta property=\"article:publisher\" content=\"https:\/\/www.facebook.com\/Portal-Urbano-171542830093757\/\" \/>\n<meta property=\"article:published_time\" content=\"2022-01-17T15:29:06+00:00\" \/>\n<meta property=\"article:modified_time\" content=\"2022-01-17T15:37:27+00:00\" \/>\n<meta property=\"og:image\" content=\"https:\/\/experienciadevida.com.ar\/portalurbano\/wp-content\/uploads\/2022\/01\/Es-una-muy-buena-e1642433336587.jpg\" \/>\n\t<meta property=\"og:image:width\" content=\"765\" \/>\n\t<meta property=\"og:image:height\" content=\"511\" \/>\n\t<meta property=\"og:image:type\" content=\"image\/jpeg\" \/>\n<meta name=\"author\" content=\"admpu17wp\" \/>\n<meta name=\"twitter:card\" content=\"summary_large_image\" \/>\n<meta name=\"twitter:creator\" content=\"@portalurbanook\" \/>\n<meta name=\"twitter:site\" content=\"@portalurbanook\" \/>\n<meta name=\"twitter:label1\" content=\"Escrito por\" \/>\n\t<meta name=\"twitter:data1\" content=\"admpu17wp\" \/>\n\t<meta name=\"twitter:label2\" content=\"Tiempo de lectura\" \/>\n\t<meta name=\"twitter:data2\" content=\"4 minutos\" \/>\n<script type=\"application\/ld+json\" class=\"yoast-schema-graph\">{\"@context\":\"https:\/\/schema.org\",\"@graph\":[{\"@type\":\"Article\",\"@id\":\"https:\/\/experienciadevida.com.ar\/portalurbano\/es-una-muy-buena-noticia-que-puedan-volver-a-elegir-a-sus-representantes\/#article\",\"isPartOf\":{\"@id\":\"https:\/\/experienciadevida.com.ar\/portalurbano\/es-una-muy-buena-noticia-que-puedan-volver-a-elegir-a-sus-representantes\/\"},\"author\":{\"name\":\"admpu17wp\",\"@id\":\"https:\/\/experienciadevida.com.ar\/portalurbano\/#\/schema\/person\/02dd326b1c4b056e9cc972486934a3a7\"},\"headline\":\"\u201cEs una muy buena noticia que puedan volver a elegir a sus representantes\u201d\",\"datePublished\":\"2022-01-17T15:29:06+00:00\",\"dateModified\":\"2022-01-17T15:37:27+00:00\",\"mainEntityOfPage\":{\"@id\":\"https:\/\/experienciadevida.com.ar\/portalurbano\/es-una-muy-buena-noticia-que-puedan-volver-a-elegir-a-sus-representantes\/\"},\"wordCount\":729,\"publisher\":{\"@id\":\"https:\/\/experienciadevida.com.ar\/portalurbano\/#organization\"},\"articleSection\":[\"Ciudad\",\"Destacadas\"],\"inLanguage\":\"es\"},{\"@type\":\"WebPage\",\"@id\":\"https:\/\/experienciadevida.com.ar\/portalurbano\/es-una-muy-buena-noticia-que-puedan-volver-a-elegir-a-sus-representantes\/\",\"url\":\"https:\/\/experienciadevida.com.ar\/portalurbano\/es-una-muy-buena-noticia-que-puedan-volver-a-elegir-a-sus-representantes\/\",\"name\":\"\\\"Es una muy buena noticia que puedan volver a elegir\\\"\",\"isPartOf\":{\"@id\":\"https:\/\/experienciadevida.com.ar\/portalurbano\/#website\"},\"datePublished\":\"2022-01-17T15:29:06+00:00\",\"dateModified\":\"2022-01-17T15:37:27+00:00\",\"description\":\"\u201cEs una muy buena noticia que puedan volver a elegir a sus representantes\u201d, as\u00ed lo dijo el Intendente al encabezar una conferencia\",\"breadcrumb\":{\"@id\":\"https:\/\/experienciadevida.com.ar\/portalurbano\/es-una-muy-buena-noticia-que-puedan-volver-a-elegir-a-sus-representantes\/#breadcrumb\"},\"inLanguage\":\"es\",\"potentialAction\":[{\"@type\":\"ReadAction\",\"target\":[\"https:\/\/experienciadevida.com.ar\/portalurbano\/es-una-muy-buena-noticia-que-puedan-volver-a-elegir-a-sus-representantes\/\"]}]},{\"@type\":\"BreadcrumbList\",\"@id\":\"https:\/\/experienciadevida.com.ar\/portalurbano\/es-una-muy-buena-noticia-que-puedan-volver-a-elegir-a-sus-representantes\/#breadcrumb\",\"itemListElement\":[{\"@type\":\"ListItem\",\"position\":1,\"name\":\"Portada\",\"item\":\"https:\/\/experienciadevida.com.ar\/portalurbano\/\"},{\"@type\":\"ListItem\",\"position\":2,\"name\":\"\u201cEs una muy buena noticia que puedan volver a elegir a sus representantes\u201d\"}]},{\"@type\":\"WebSite\",\"@id\":\"https:\/\/experienciadevida.com.ar\/portalurbano\/#website\",\"url\":\"https:\/\/experienciadevida.com.ar\/portalurbano\/\",\"name\":\"\",\"description\":\"\",\"publisher\":{\"@id\":\"https:\/\/experienciadevida.com.ar\/portalurbano\/#organization\"},\"potentialAction\":[{\"@type\":\"SearchAction\",\"target\":{\"@type\":\"EntryPoint\",\"urlTemplate\":\"https:\/\/experienciadevida.com.ar\/portalurbano\/?s={search_term_string}\"},\"query-input\":\"required name=search_term_string\"}],\"inLanguage\":\"es\"},{\"@type\":\"Organization\",\"@id\":\"https:\/\/experienciadevida.com.ar\/portalurbano\/#organization\",\"name\":\"Portal Urbano\",\"url\":\"https:\/\/experienciadevida.com.ar\/portalurbano\/\",\"logo\":{\"@type\":\"ImageObject\",\"inLanguage\":\"es\",\"@id\":\"https:\/\/experienciadevida.com.ar\/portalurbano\/#\/schema\/logo\/image\/\",\"url\":\"https:\/\/experienciadevida.com.ar\/portalurbano\/wp-content\/uploads\/2019\/09\/Logo-Original.png\",\"contentUrl\":\"https:\/\/experienciadevida.com.ar\/portalurbano\/wp-content\/uploads\/2019\/09\/Logo-Original.png\",\"width\":2236,\"height\":1216,\"caption\":\"Portal Urbano\"},\"image\":{\"@id\":\"https:\/\/experienciadevida.com.ar\/portalurbano\/#\/schema\/logo\/image\/\"},\"sameAs\":[\"https:\/\/www.facebook.com\/Portal-Urbano-171542830093757\/\",\"https:\/\/twitter.com\/portalurbanook\",\"https:\/\/www.instagram.com\/_portalurbano\/\",\"https:\/\/www.youtube.com\/channel\/UCXhagIfszH8KxFiOok79zbA?view_as=subscriber\"]},{\"@type\":\"Person\",\"@id\":\"https:\/\/experienciadevida.com.ar\/portalurbano\/#\/schema\/person\/02dd326b1c4b056e9cc972486934a3a7\",\"name\":\"admpu17wp\",\"image\":{\"@type\":\"ImageObject\",\"inLanguage\":\"es\",\"@id\":\"https:\/\/experienciadevida.com.ar\/portalurbano\/#\/schema\/person\/image\/\",\"url\":\"https:\/\/secure.gravatar.com\/avatar\/830d4c57adaae6630765e449a6908047?s=96&d=mm&r=g\",\"contentUrl\":\"https:\/\/secure.gravatar.com\/avatar\/830d4c57adaae6630765e449a6908047?s=96&d=mm&r=g\",\"caption\":\"admpu17wp\"}}]}<\/script>\n<!-- \/ Yoast SEO plugin. -->","yoast_head_json":{"title":"\"Es una muy buena noticia que puedan volver a elegir\"","description":"\u201cEs una muy buena noticia que puedan volver a elegir a sus representantes\u201d, as\u00ed lo dijo el Intendente al encabezar una conferencia","robots":{"index":"index","follow":"follow","max-snippet":"max-snippet:-1","max-image-preview":"max-image-preview:large","max-video-preview":"max-video-preview:-1"},"canonical":"https:\/\/experienciadevida.com.ar\/portalurbano\/es-una-muy-buena-noticia-que-puedan-volver-a-elegir-a-sus-representantes\/","og_locale":"es_ES","og_type":"article","og_title":"\"Es una muy buena noticia que puedan volver a elegir\"","og_description":"\u201cEs una muy buena noticia que puedan volver a elegir a sus representantes\u201d, as\u00ed lo dijo el Intendente al encabezar una conferencia","og_url":"https:\/\/experienciadevida.com.ar\/portalurbano\/es-una-muy-buena-noticia-que-puedan-volver-a-elegir-a-sus-representantes\/","article_publisher":"https:\/\/www.facebook.com\/Portal-Urbano-171542830093757\/","article_published_time":"2022-01-17T15:29:06+00:00","article_modified_time":"2022-01-17T15:37:27+00:00","og_image":[{"width":765,"height":511,"url":"https:\/\/experienciadevida.com.ar\/portalurbano\/wp-content\/uploads\/2022\/01\/Es-una-muy-buena-e1642433336587.jpg","type":"image\/jpeg"}],"author":"admpu17wp","twitter_card":"summary_large_image","twitter_creator":"@portalurbanook","twitter_site":"@portalurbanook","twitter_misc":{"Escrito por":"admpu17wp","Tiempo de lectura":"4 minutos"},"schema":{"@context":"https:\/\/schema.org","@graph":[{"@type":"Article","@id":"https:\/\/experienciadevida.com.ar\/portalurbano\/es-una-muy-buena-noticia-que-puedan-volver-a-elegir-a-sus-representantes\/#article","isPartOf":{"@id":"https:\/\/experienciadevida.com.ar\/portalurbano\/es-una-muy-buena-noticia-que-puedan-volver-a-elegir-a-sus-representantes\/"},"author":{"name":"admpu17wp","@id":"https:\/\/experienciadevida.com.ar\/portalurbano\/#\/schema\/person\/02dd326b1c4b056e9cc972486934a3a7"},"headline":"\u201cEs una muy buena noticia que puedan volver a elegir a sus representantes\u201d","datePublished":"2022-01-17T15:29:06+00:00","dateModified":"2022-01-17T15:37:27+00:00","mainEntityOfPage":{"@id":"https:\/\/experienciadevida.com.ar\/portalurbano\/es-una-muy-buena-noticia-que-puedan-volver-a-elegir-a-sus-representantes\/"},"wordCount":729,"publisher":{"@id":"https:\/\/experienciadevida.com.ar\/portalurbano\/#organization"},"articleSection":["Ciudad","Destacadas"],"inLanguage":"es"},{"@type":"WebPage","@id":"https:\/\/experienciadevida.com.ar\/portalurbano\/es-una-muy-buena-noticia-que-puedan-volver-a-elegir-a-sus-representantes\/","url":"https:\/\/experienciadevida.com.ar\/portalurbano\/es-una-muy-buena-noticia-que-puedan-volver-a-elegir-a-sus-representantes\/","name":"\"Es una muy buena noticia que puedan volver a elegir\"","isPartOf":{"@id":"https:\/\/experienciadevida.com.ar\/portalurbano\/#website"},"datePublished":"2022-01-17T15:29:06+00:00","dateModified":"2022-01-17T15:37:27+00:00","description":"\u201cEs una muy buena noticia que puedan volver a elegir a sus representantes\u201d, as\u00ed lo dijo el Intendente al encabezar una conferencia","breadcrumb":{"@id":"https:\/\/experienciadevida.com.ar\/portalurbano\/es-una-muy-buena-noticia-que-puedan-volver-a-elegir-a-sus-representantes\/#breadcrumb"},"inLanguage":"es","potentialAction":[{"@type":"ReadAction","target":["https:\/\/experienciadevida.com.ar\/portalurbano\/es-una-muy-buena-noticia-que-puedan-volver-a-elegir-a-sus-representantes\/"]}]},{"@type":"BreadcrumbList","@id":"https:\/\/experienciadevida.com.ar\/portalurbano\/es-una-muy-buena-noticia-que-puedan-volver-a-elegir-a-sus-representantes\/#breadcrumb","itemListElement":[{"@type":"ListItem","position":1,"name":"Portada","item":"https:\/\/experienciadevida.com.ar\/portalurbano\/"},{"@type":"ListItem","position":2,"name":"\u201cEs una muy buena noticia que puedan volver a elegir a sus representantes\u201d"}]},{"@type":"WebSite","@id":"https:\/\/experienciadevida.com.ar\/portalurbano\/#website","url":"https:\/\/experienciadevida.com.ar\/portalurbano\/","name":"","description":"","publisher":{"@id":"https:\/\/experienciadevida.com.ar\/portalurbano\/#organization"},"potentialAction":[{"@type":"SearchAction","target":{"@type":"EntryPoint","urlTemplate":"https:\/\/experienciadevida.com.ar\/portalurbano\/?s={search_term_string}"},"query-input":"required name=search_term_string"}],"inLanguage":"es"},{"@type":"Organization","@id":"https:\/\/experienciadevida.com.ar\/portalurbano\/#organization","name":"Portal Urbano","url":"https:\/\/experienciadevida.com.ar\/portalurbano\/","logo":{"@type":"ImageObject","inLanguage":"es","@id":"https:\/\/experienciadevida.com.ar\/portalurbano\/#\/schema\/logo\/image\/","url":"https:\/\/experienciadevida.com.ar\/portalurbano\/wp-content\/uploads\/2019\/09\/Logo-Original.png","contentUrl":"https:\/\/experienciadevida.com.ar\/portalurbano\/wp-content\/uploads\/2019\/09\/Logo-Original.png","width":2236,"height":1216,"caption":"Portal Urbano"},"image":{"@id":"https:\/\/experienciadevida.com.ar\/portalurbano\/#\/schema\/logo\/image\/"},"sameAs":["https:\/\/www.facebook.com\/Portal-Urbano-171542830093757\/","https:\/\/twitter.com\/portalurbanook","https:\/\/www.instagram.com\/_portalurbano\/","https:\/\/www.youtube.com\/channel\/UCXhagIfszH8KxFiOok79zbA?view_as=subscriber"]},{"@type":"Person","@id":"https:\/\/experienciadevida.com.ar\/portalurbano\/#\/schema\/person\/02dd326b1c4b056e9cc972486934a3a7","name":"admpu17wp","image":{"@type":"ImageObject","inLanguage":"es","@id":"https:\/\/experienciadevida.com.ar\/portalurbano\/#\/schema\/person\/image\/","url":"https:\/\/secure.gravatar.com\/avatar\/830d4c57adaae6630765e449a6908047?s=96&d=mm&r=g","contentUrl":"https:\/\/secure.gravatar.com\/avatar\/830d4c57adaae6630765e449a6908047?s=96&d=mm&r=g","caption":"admpu17wp"}}]}},"featured_image_urls":{"full":["https:\/\/experienciadevida.com.ar\/portalurbano\/wp-content\/uploads\/2022\/01\/Es-una-muy-buena-e1642433336587.jpg",765,511,false],"thumbnail":["https:\/\/experienciadevida.com.ar\/portalurbano\/wp-content\/uploads\/2022\/01\/Es-una-muy-buena-150x150.jpg",150,150,true],"medium":["https:\/\/experienciadevida.com.ar\/portalurbano\/wp-content\/uploads\/2022\/01\/Es-una-muy-buena-300x201.jpg",300,201,true],"medium_large":["https:\/\/experienciadevida.com.ar\/portalurbano\/wp-content\/uploads\/2022\/01\/Es-una-muy-buena-768x513.jpg",640,428,true],"large":["https:\/\/experienciadevida.com.ar\/portalurbano\/wp-content\/uploads\/2022\/01\/Es-una-muy-buena-1024x684.jpg",640,428,true],"ug_big":["https:\/\/experienciadevida.com.ar\/portalurbano\/wp-content\/uploads\/2022\/01\/Es-una-muy-buena-768x513.jpg",768,513,true],"1536x1536":["https:\/\/experienciadevida.com.ar\/portalurbano\/wp-content\/uploads\/2022\/01\/Es-una-muy-buena-1536x1027.jpg",1536,1027,true],"2048x2048":["https:\/\/experienciadevida.com.ar\/portalurbano\/wp-content\/uploads\/2022\/01\/Es-una-muy-buena-2048x1369.jpg",2048,1369,true],"newsever-slider-full":["https:\/\/experienciadevida.com.ar\/portalurbano\/wp-content\/uploads\/2022\/01\/Es-una-muy-buena-e1642433336587.jpg",765,511,false],"newsever-featured":["https:\/\/experienciadevida.com.ar\/portalurbano\/wp-content\/uploads\/2022\/01\/Es-una-muy-buena-e1642433336587.jpg",765,511,false],"newsever-medium":["https:\/\/experienciadevida.com.ar\/portalurbano\/wp-content\/uploads\/2022\/01\/Es-una-muy-buena-e1642433336587.jpg",711,475,false],"web-stories-poster-portrait":["https:\/\/experienciadevida.com.ar\/portalurbano\/wp-content\/uploads\/2022\/01\/Es-una-muy-buena-e1642433336587.jpg",640,428,false],"web-stories-publisher-logo":["https:\/\/experienciadevida.com.ar\/portalurbano\/wp-content\/uploads\/2022\/01\/Es-una-muy-buena-e1642433336587.jpg",96,64,false],"web-stories-thumbnail":["https:\/\/experienciadevida.com.ar\/portalurbano\/wp-content\/uploads\/2022\/01\/Es-una-muy-buena-e1642433336587.jpg",150,100,false]},"author_info":{"display_name":"admpu17wp","author_link":"https:\/\/experienciadevida.com.ar\/portalurbano\/author\/admpu17wp\/"},"category_info":"<a href=\"https:\/\/experienciadevida.com.ar\/portalurbano\/category\/ciudad\/\" rel=\"category tag\">Ciudad<\/a> <a href=\"https:\/\/experienciadevida.com.ar\/portalurbano\/category\/destacadas\/\" rel=\"category tag\">Destacadas<\/a>","tag_info":"Destacadas","comment_count":"0","amp_enabled":true,"_links":{"self":[{"href":"https:\/\/experienciadevida.com.ar\/portalurbano\/wp-json\/wp\/v2\/posts\/160106"}],"collection":[{"href":"https:\/\/experienciadevida.com.ar\/portalurbano\/wp-json\/wp\/v2\/posts"}],"about":[{"href":"https:\/\/experienciadevida.com.ar\/portalurbano\/wp-json\/wp\/v2\/types\/post"}],"author":[{"embeddable":true,"href":"https:\/\/experienciadevida.com.ar\/portalurbano\/wp-json\/wp\/v2\/users\/1"}],"replies":[{"embeddable":true,"href":"https:\/\/experienciadevida.com.ar\/portalurbano\/wp-json\/wp\/v2\/comments?post=160106"}],"version-history":[{"count":3,"href":"https:\/\/experienciadevida.com.ar\/portalurbano\/wp-json\/wp\/v2\/posts\/160106\/revisions"}],"predecessor-version":[{"id":160109,"href":"https:\/\/experienciadevida.com.ar\/portalurbano\/wp-json\/wp\/v2\/posts\/160106\/revisions\/160109"}],"wp:featuredmedia":[{"embeddable":true,"href":"https:\/\/experienciadevida.com.ar\/portalurbano\/wp-json\/wp\/v2\/media\/160107"}],"wp:attachment":[{"href":"https:\/\/experienciadevida.com.ar\/portalurbano\/wp-json\/wp\/v2\/media?parent=160106"}],"wp:term":[{"taxonomy":"category","embeddable":true,"href":"https:\/\/experienciadevida.com.ar\/portalurbano\/wp-json\/wp\/v2\/categories?post=160106"},{"taxonomy":"post_tag","embeddable":true,"href":"https:\/\/experienciadevida.com.ar\/portalurbano\/wp-json\/wp\/v2\/tags?post=160106"}],"curies":[{"name":"wp","href":"https:\/\/api.w.org\/{rel}","templated":true}]}}