{"id":160093,"date":"2022-01-17T09:40:54","date_gmt":"2022-01-17T12:40:54","guid":{"rendered":"https:\/\/experienciadevida.com.ar\/portalurbano\/?p=160093"},"modified":"2022-01-17T09:48:24","modified_gmt":"2022-01-17T12:48:24","slug":"mas-escuelas-de-artistica-se-suman-a-la-propuesta-de-verano","status":"publish","type":"post","link":"https:\/\/experienciadevida.com.ar\/portalurbano\/mas-escuelas-de-artistica-se-suman-a-la-propuesta-de-verano\/","title":{"rendered":"M\u00e1s Escuelas de Art\u00edstica se suman a la propuesta de verano"},"content":{"rendered":"<p>M\u00e1s Escuelas de Art\u00edstica se suman a la propuesta de verano, este lunes comienza la propuesta de verano de las Escuelas Art\u00edsticas Municipales en los diferentes espacios del Partido de Olavarr\u00eda.<\/p>\n<p>La Escuela Art\u00edstica Sierras Bayas, los lunes \u2013de 18 a 20 horas\u2013 brindar\u00e1 un taller infantil.<\/p>\n<p>De martes a viernes se puede recorrer la exposici\u00f3n con visitas guiadas. Tambi\u00e9n se trabajar\u00e1 en el armado de una publicaci\u00f3n sobre la muestra y los conceptos que le dieron forma. Para ello concurrir\u00e1n los alumnos que quieran hacerlo para participar del proyecto. La Escuela estar\u00e1 disponible para quienes quieran pintar, con el seguimiento correspondiente.<\/p>\n<p>Los horarios para visitarla ser\u00e1n de 18 a 20 horas, de lunes a viernes.<\/p>\n<p>El taller de Adultos se podr\u00e1 realizar desde las 17 horas.<\/p>\n<p>Por su parte, la actividad de la Escuela Literaria Alfonsina comenzar\u00e1 el jueves 20 de enero, desde las 9 horas, en la que Marite Dillon ofrecer\u00e1 encuentros del taller \u201cEl Valor de la Palabra\u201d. La propuesta se extender\u00e1 durante todos los jueves de verano en la Biblioteca Eseverri.<\/p>\n<p>Tambi\u00e9n habr\u00e1 narrativa y poes\u00eda para adultos, todos los martes \u2013desde las 9:30 horas\u2013 en el Centro Cultural Municipal \u201cSan Jos\u00e9\u201d.<\/p>\n<p>Quienes est\u00e9n interesados en participar, podr\u00e1n acercarse de lunes a viernes de 09:00 a 12:30 horas a la Casa de la Cultura (Coronel Su\u00e1rez 2924) o comunicarse telef\u00f3nicamente al (02284) 426043.<\/p>\n<p>&nbsp;<\/p>\n","protected":false},"excerpt":{"rendered":"<p>M\u00e1s Escuelas de Art\u00edstica se suman a la propuesta de verano, este lunes comienza la&#8230;<\/p>\n","protected":false},"author":1,"featured_media":160094,"comment_status":"closed","ping_status":"closed","sticky":false,"template":"","format":"standard","meta":{"content-type":""},"categories":[27,64],"tags":[],"nelio_content":{"isAutoShareEnabled":false,"autoShareEndMode":"default","automationSources":{"useContentSentences":true,"useSocialTemplates":true,"useCustomSentences":false,"customSentences":[]},"followers":[1],"suggestedReferences":[],"includedReferences":[],"efiUrl":"","efiAlt":"","highlights":[]},"yoast_head":"<!-- This site is optimized with the Yoast SEO plugin v20.7 - https:\/\/yoast.com\/wordpress\/plugins\/seo\/ -->\n<title>M\u00e1s escuelas de art\u00edstica se suman a la propuesta de verano<\/title>\n<meta name=\"description\" content=\"M\u00e1s Escuelas de Art\u00edstica se suman a la propuesta de verano, este lunes comienza la propuesta de verano en los diferentes espacios\" \/>\n<meta name=\"robots\" content=\"index, follow, max-snippet:-1, max-image-preview:large, max-video-preview:-1\" \/>\n<link rel=\"canonical\" href=\"https:\/\/experienciadevida.com.ar\/portalurbano\/mas-escuelas-de-artistica-se-suman-a-la-propuesta-de-verano\/\" \/>\n<meta property=\"og:locale\" content=\"es_ES\" \/>\n<meta property=\"og:type\" content=\"article\" \/>\n<meta property=\"og:title\" content=\"M\u00e1s escuelas de art\u00edstica se suman a la propuesta de verano\" \/>\n<meta property=\"og:description\" content=\"M\u00e1s Escuelas de Art\u00edstica se suman a la propuesta de verano, este lunes comienza la propuesta de verano en los diferentes espacios\" \/>\n<meta property=\"og:url\" content=\"https:\/\/experienciadevida.com.ar\/portalurbano\/mas-escuelas-de-artistica-se-suman-a-la-propuesta-de-verano\/\" \/>\n<meta property=\"article:publisher\" content=\"https:\/\/www.facebook.com\/Portal-Urbano-171542830093757\/\" \/>\n<meta property=\"article:published_time\" content=\"2022-01-17T12:40:54+00:00\" \/>\n<meta property=\"article:modified_time\" content=\"2022-01-17T12:48:24+00:00\" \/>\n<meta property=\"og:image\" content=\"https:\/\/experienciadevida.com.ar\/portalurbano\/wp-content\/uploads\/2022\/01\/Mas-Escuelas-de-Artistica.jpg\" \/>\n\t<meta property=\"og:image:width\" content=\"1024\" \/>\n\t<meta property=\"og:image:height\" content=\"682\" \/>\n\t<meta property=\"og:image:type\" content=\"image\/jpeg\" \/>\n<meta name=\"author\" content=\"admpu17wp\" \/>\n<meta name=\"twitter:card\" content=\"summary_large_image\" \/>\n<meta name=\"twitter:creator\" content=\"@portalurbanook\" \/>\n<meta name=\"twitter:site\" content=\"@portalurbanook\" \/>\n<meta name=\"twitter:label1\" content=\"Escrito por\" \/>\n\t<meta name=\"twitter:data1\" content=\"admpu17wp\" \/>\n\t<meta name=\"twitter:label2\" content=\"Tiempo de lectura\" \/>\n\t<meta name=\"twitter:data2\" content=\"2 minutos\" \/>\n<script type=\"application\/ld+json\" class=\"yoast-schema-graph\">{\"@context\":\"https:\/\/schema.org\",\"@graph\":[{\"@type\":\"Article\",\"@id\":\"https:\/\/experienciadevida.com.ar\/portalurbano\/mas-escuelas-de-artistica-se-suman-a-la-propuesta-de-verano\/#article\",\"isPartOf\":{\"@id\":\"https:\/\/experienciadevida.com.ar\/portalurbano\/mas-escuelas-de-artistica-se-suman-a-la-propuesta-de-verano\/\"},\"author\":{\"name\":\"admpu17wp\",\"@id\":\"https:\/\/experienciadevida.com.ar\/portalurbano\/#\/schema\/person\/02dd326b1c4b056e9cc972486934a3a7\"},\"headline\":\"M\u00e1s Escuelas de Art\u00edstica se suman a la propuesta de verano\",\"datePublished\":\"2022-01-17T12:40:54+00:00\",\"dateModified\":\"2022-01-17T12:48:24+00:00\",\"mainEntityOfPage\":{\"@id\":\"https:\/\/experienciadevida.com.ar\/portalurbano\/mas-escuelas-de-artistica-se-suman-a-la-propuesta-de-verano\/\"},\"wordCount\":244,\"publisher\":{\"@id\":\"https:\/\/experienciadevida.com.ar\/portalurbano\/#organization\"},\"articleSection\":[\"Ciudad\",\"Destacadas 2\"],\"inLanguage\":\"es\"},{\"@type\":\"WebPage\",\"@id\":\"https:\/\/experienciadevida.com.ar\/portalurbano\/mas-escuelas-de-artistica-se-suman-a-la-propuesta-de-verano\/\",\"url\":\"https:\/\/experienciadevida.com.ar\/portalurbano\/mas-escuelas-de-artistica-se-suman-a-la-propuesta-de-verano\/\",\"name\":\"M\u00e1s escuelas de art\u00edstica se suman a la propuesta de verano\",\"isPartOf\":{\"@id\":\"https:\/\/experienciadevida.com.ar\/portalurbano\/#website\"},\"datePublished\":\"2022-01-17T12:40:54+00:00\",\"dateModified\":\"2022-01-17T12:48:24+00:00\",\"description\":\"M\u00e1s Escuelas de Art\u00edstica se suman a la propuesta de verano, este lunes comienza la propuesta de verano en los diferentes espacios\",\"breadcrumb\":{\"@id\":\"https:\/\/experienciadevida.com.ar\/portalurbano\/mas-escuelas-de-artistica-se-suman-a-la-propuesta-de-verano\/#breadcrumb\"},\"inLanguage\":\"es\",\"potentialAction\":[{\"@type\":\"ReadAction\",\"target\":[\"https:\/\/experienciadevida.com.ar\/portalurbano\/mas-escuelas-de-artistica-se-suman-a-la-propuesta-de-verano\/\"]}]},{\"@type\":\"BreadcrumbList\",\"@id\":\"https:\/\/experienciadevida.com.ar\/portalurbano\/mas-escuelas-de-artistica-se-suman-a-la-propuesta-de-verano\/#breadcrumb\",\"itemListElement\":[{\"@type\":\"ListItem\",\"position\":1,\"name\":\"Portada\",\"item\":\"https:\/\/experienciadevida.com.ar\/portalurbano\/\"},{\"@type\":\"ListItem\",\"position\":2,\"name\":\"M\u00e1s Escuelas de Art\u00edstica se suman a la propuesta de verano\"}]},{\"@type\":\"WebSite\",\"@id\":\"https:\/\/experienciadevida.com.ar\/portalurbano\/#website\",\"url\":\"https:\/\/experienciadevida.com.ar\/portalurbano\/\",\"name\":\"\",\"description\":\"\",\"publisher\":{\"@id\":\"https:\/\/experienciadevida.com.ar\/portalurbano\/#organization\"},\"potentialAction\":[{\"@type\":\"SearchAction\",\"target\":{\"@type\":\"EntryPoint\",\"urlTemplate\":\"https:\/\/experienciadevida.com.ar\/portalurbano\/?s={search_term_string}\"},\"query-input\":\"required name=search_term_string\"}],\"inLanguage\":\"es\"},{\"@type\":\"Organization\",\"@id\":\"https:\/\/experienciadevida.com.ar\/portalurbano\/#organization\",\"name\":\"Portal Urbano\",\"url\":\"https:\/\/experienciadevida.com.ar\/portalurbano\/\",\"logo\":{\"@type\":\"ImageObject\",\"inLanguage\":\"es\",\"@id\":\"https:\/\/experienciadevida.com.ar\/portalurbano\/#\/schema\/logo\/image\/\",\"url\":\"https:\/\/experienciadevida.com.ar\/portalurbano\/wp-content\/uploads\/2019\/09\/Logo-Original.png\",\"contentUrl\":\"https:\/\/experienciadevida.com.ar\/portalurbano\/wp-content\/uploads\/2019\/09\/Logo-Original.png\",\"width\":2236,\"height\":1216,\"caption\":\"Portal Urbano\"},\"image\":{\"@id\":\"https:\/\/experienciadevida.com.ar\/portalurbano\/#\/schema\/logo\/image\/\"},\"sameAs\":[\"https:\/\/www.facebook.com\/Portal-Urbano-171542830093757\/\",\"https:\/\/twitter.com\/portalurbanook\",\"https:\/\/www.instagram.com\/_portalurbano\/\",\"https:\/\/www.youtube.com\/channel\/UCXhagIfszH8KxFiOok79zbA?view_as=subscriber\"]},{\"@type\":\"Person\",\"@id\":\"https:\/\/experienciadevida.com.ar\/portalurbano\/#\/schema\/person\/02dd326b1c4b056e9cc972486934a3a7\",\"name\":\"admpu17wp\",\"image\":{\"@type\":\"ImageObject\",\"inLanguage\":\"es\",\"@id\":\"https:\/\/experienciadevida.com.ar\/portalurbano\/#\/schema\/person\/image\/\",\"url\":\"https:\/\/secure.gravatar.com\/avatar\/830d4c57adaae6630765e449a6908047?s=96&d=mm&r=g\",\"contentUrl\":\"https:\/\/secure.gravatar.com\/avatar\/830d4c57adaae6630765e449a6908047?s=96&d=mm&r=g\",\"caption\":\"admpu17wp\"}}]}<\/script>\n<!-- \/ Yoast SEO plugin. -->","yoast_head_json":{"title":"M\u00e1s escuelas de art\u00edstica se suman a la propuesta de verano","description":"M\u00e1s Escuelas de Art\u00edstica se suman a la propuesta de verano, este lunes comienza la propuesta de verano en los diferentes espacios","robots":{"index":"index","follow":"follow","max-snippet":"max-snippet:-1","max-image-preview":"max-image-preview:large","max-video-preview":"max-video-preview:-1"},"canonical":"https:\/\/experienciadevida.com.ar\/portalurbano\/mas-escuelas-de-artistica-se-suman-a-la-propuesta-de-verano\/","og_locale":"es_ES","og_type":"article","og_title":"M\u00e1s escuelas de art\u00edstica se suman a la propuesta de verano","og_description":"M\u00e1s Escuelas de Art\u00edstica se suman a la propuesta de verano, este lunes comienza la propuesta de verano en los diferentes espacios","og_url":"https:\/\/experienciadevida.com.ar\/portalurbano\/mas-escuelas-de-artistica-se-suman-a-la-propuesta-de-verano\/","article_publisher":"https:\/\/www.facebook.com\/Portal-Urbano-171542830093757\/","article_published_time":"2022-01-17T12:40:54+00:00","article_modified_time":"2022-01-17T12:48:24+00:00","og_image":[{"width":1024,"height":682,"url":"https:\/\/experienciadevida.com.ar\/portalurbano\/wp-content\/uploads\/2022\/01\/Mas-Escuelas-de-Artistica.jpg","type":"image\/jpeg"}],"author":"admpu17wp","twitter_card":"summary_large_image","twitter_creator":"@portalurbanook","twitter_site":"@portalurbanook","twitter_misc":{"Escrito por":"admpu17wp","Tiempo de lectura":"2 minutos"},"schema":{"@context":"https:\/\/schema.org","@graph":[{"@type":"Article","@id":"https:\/\/experienciadevida.com.ar\/portalurbano\/mas-escuelas-de-artistica-se-suman-a-la-propuesta-de-verano\/#article","isPartOf":{"@id":"https:\/\/experienciadevida.com.ar\/portalurbano\/mas-escuelas-de-artistica-se-suman-a-la-propuesta-de-verano\/"},"author":{"name":"admpu17wp","@id":"https:\/\/experienciadevida.com.ar\/portalurbano\/#\/schema\/person\/02dd326b1c4b056e9cc972486934a3a7"},"headline":"M\u00e1s Escuelas de Art\u00edstica se suman a la propuesta de verano","datePublished":"2022-01-17T12:40:54+00:00","dateModified":"2022-01-17T12:48:24+00:00","mainEntityOfPage":{"@id":"https:\/\/experienciadevida.com.ar\/portalurbano\/mas-escuelas-de-artistica-se-suman-a-la-propuesta-de-verano\/"},"wordCount":244,"publisher":{"@id":"https:\/\/experienciadevida.com.ar\/portalurbano\/#organization"},"articleSection":["Ciudad","Destacadas 2"],"inLanguage":"es"},{"@type":"WebPage","@id":"https:\/\/experienciadevida.com.ar\/portalurbano\/mas-escuelas-de-artistica-se-suman-a-la-propuesta-de-verano\/","url":"https:\/\/experienciadevida.com.ar\/portalurbano\/mas-escuelas-de-artistica-se-suman-a-la-propuesta-de-verano\/","name":"M\u00e1s escuelas de art\u00edstica se suman a la propuesta de verano","isPartOf":{"@id":"https:\/\/experienciadevida.com.ar\/portalurbano\/#website"},"datePublished":"2022-01-17T12:40:54+00:00","dateModified":"2022-01-17T12:48:24+00:00","description":"M\u00e1s Escuelas de Art\u00edstica se suman a la propuesta de verano, este lunes comienza la propuesta de verano en los diferentes espacios","breadcrumb":{"@id":"https:\/\/experienciadevida.com.ar\/portalurbano\/mas-escuelas-de-artistica-se-suman-a-la-propuesta-de-verano\/#breadcrumb"},"inLanguage":"es","potentialAction":[{"@type":"ReadAction","target":["https:\/\/experienciadevida.com.ar\/portalurbano\/mas-escuelas-de-artistica-se-suman-a-la-propuesta-de-verano\/"]}]},{"@type":"BreadcrumbList","@id":"https:\/\/experienciadevida.com.ar\/portalurbano\/mas-escuelas-de-artistica-se-suman-a-la-propuesta-de-verano\/#breadcrumb","itemListElement":[{"@type":"ListItem","position":1,"name":"Portada","item":"https:\/\/experienciadevida.com.ar\/portalurbano\/"},{"@type":"ListItem","position":2,"name":"M\u00e1s Escuelas de Art\u00edstica se suman a la propuesta de verano"}]},{"@type":"WebSite","@id":"https:\/\/experienciadevida.com.ar\/portalurbano\/#website","url":"https:\/\/experienciadevida.com.ar\/portalurbano\/","name":"","description":"","publisher":{"@id":"https:\/\/experienciadevida.com.ar\/portalurbano\/#organization"},"potentialAction":[{"@type":"SearchAction","target":{"@type":"EntryPoint","urlTemplate":"https:\/\/experienciadevida.com.ar\/portalurbano\/?s={search_term_string}"},"query-input":"required name=search_term_string"}],"inLanguage":"es"},{"@type":"Organization","@id":"https:\/\/experienciadevida.com.ar\/portalurbano\/#organization","name":"Portal Urbano","url":"https:\/\/experienciadevida.com.ar\/portalurbano\/","logo":{"@type":"ImageObject","inLanguage":"es","@id":"https:\/\/experienciadevida.com.ar\/portalurbano\/#\/schema\/logo\/image\/","url":"https:\/\/experienciadevida.com.ar\/portalurbano\/wp-content\/uploads\/2019\/09\/Logo-Original.png","contentUrl":"https:\/\/experienciadevida.com.ar\/portalurbano\/wp-content\/uploads\/2019\/09\/Logo-Original.png","width":2236,"height":1216,"caption":"Portal Urbano"},"image":{"@id":"https:\/\/experienciadevida.com.ar\/portalurbano\/#\/schema\/logo\/image\/"},"sameAs":["https:\/\/www.facebook.com\/Portal-Urbano-171542830093757\/","https:\/\/twitter.com\/portalurbanook","https:\/\/www.instagram.com\/_portalurbano\/","https:\/\/www.youtube.com\/channel\/UCXhagIfszH8KxFiOok79zbA?view_as=subscriber"]},{"@type":"Person","@id":"https:\/\/experienciadevida.com.ar\/portalurbano\/#\/schema\/person\/02dd326b1c4b056e9cc972486934a3a7","name":"admpu17wp","image":{"@type":"ImageObject","inLanguage":"es","@id":"https:\/\/experienciadevida.com.ar\/portalurbano\/#\/schema\/person\/image\/","url":"https:\/\/secure.gravatar.com\/avatar\/830d4c57adaae6630765e449a6908047?s=96&d=mm&r=g","contentUrl":"https:\/\/secure.gravatar.com\/avatar\/830d4c57adaae6630765e449a6908047?s=96&d=mm&r=g","caption":"admpu17wp"}}]}},"featured_image_urls":{"full":["https:\/\/experienciadevida.com.ar\/portalurbano\/wp-content\/uploads\/2022\/01\/Mas-Escuelas-de-Artistica.jpg",1024,682,false],"thumbnail":["https:\/\/experienciadevida.com.ar\/portalurbano\/wp-content\/uploads\/2022\/01\/Mas-Escuelas-de-Artistica-150x150.jpg",150,150,true],"medium":["https:\/\/experienciadevida.com.ar\/portalurbano\/wp-content\/uploads\/2022\/01\/Mas-Escuelas-de-Artistica-300x200.jpg",300,200,true],"medium_large":["https:\/\/experienciadevida.com.ar\/portalurbano\/wp-content\/uploads\/2022\/01\/Mas-Escuelas-de-Artistica-768x512.jpg",640,427,true],"large":["https:\/\/experienciadevida.com.ar\/portalurbano\/wp-content\/uploads\/2022\/01\/Mas-Escuelas-de-Artistica.jpg",640,426,false],"ug_big":["https:\/\/experienciadevida.com.ar\/portalurbano\/wp-content\/uploads\/2022\/01\/Mas-Escuelas-de-Artistica-768x512.jpg",768,512,true],"1536x1536":["https:\/\/experienciadevida.com.ar\/portalurbano\/wp-content\/uploads\/2022\/01\/Mas-Escuelas-de-Artistica.jpg",1024,682,false],"2048x2048":["https:\/\/experienciadevida.com.ar\/portalurbano\/wp-content\/uploads\/2022\/01\/Mas-Escuelas-de-Artistica.jpg",1024,682,false],"newsever-slider-full":["https:\/\/experienciadevida.com.ar\/portalurbano\/wp-content\/uploads\/2022\/01\/Mas-Escuelas-de-Artistica.jpg",1024,682,false],"newsever-featured":["https:\/\/experienciadevida.com.ar\/portalurbano\/wp-content\/uploads\/2022\/01\/Mas-Escuelas-de-Artistica.jpg",1024,682,false],"newsever-medium":["https:\/\/experienciadevida.com.ar\/portalurbano\/wp-content\/uploads\/2022\/01\/Mas-Escuelas-de-Artistica.jpg",713,475,false],"web-stories-poster-portrait":["https:\/\/experienciadevida.com.ar\/portalurbano\/wp-content\/uploads\/2022\/01\/Mas-Escuelas-de-Artistica.jpg",640,426,false],"web-stories-publisher-logo":["https:\/\/experienciadevida.com.ar\/portalurbano\/wp-content\/uploads\/2022\/01\/Mas-Escuelas-de-Artistica.jpg",96,64,false],"web-stories-thumbnail":["https:\/\/experienciadevida.com.ar\/portalurbano\/wp-content\/uploads\/2022\/01\/Mas-Escuelas-de-Artistica.jpg",150,100,false]},"author_info":{"display_name":"admpu17wp","author_link":"https:\/\/experienciadevida.com.ar\/portalurbano\/author\/admpu17wp\/"},"category_info":"<a href=\"https:\/\/experienciadevida.com.ar\/portalurbano\/category\/ciudad\/\" rel=\"category tag\">Ciudad<\/a> <a href=\"https:\/\/experienciadevida.com.ar\/portalurbano\/category\/destacadas-2\/\" rel=\"category tag\">Destacadas 2<\/a>","tag_info":"Destacadas 2","comment_count":"0","amp_enabled":true,"_links":{"self":[{"href":"https:\/\/experienciadevida.com.ar\/portalurbano\/wp-json\/wp\/v2\/posts\/160093"}],"collection":[{"href":"https:\/\/experienciadevida.com.ar\/portalurbano\/wp-json\/wp\/v2\/posts"}],"about":[{"href":"https:\/\/experienciadevida.com.ar\/portalurbano\/wp-json\/wp\/v2\/types\/post"}],"author":[{"embeddable":true,"href":"https:\/\/experienciadevida.com.ar\/portalurbano\/wp-json\/wp\/v2\/users\/1"}],"replies":[{"embeddable":true,"href":"https:\/\/experienciadevida.com.ar\/portalurbano\/wp-json\/wp\/v2\/comments?post=160093"}],"version-history":[{"count":1,"href":"https:\/\/experienciadevida.com.ar\/portalurbano\/wp-json\/wp\/v2\/posts\/160093\/revisions"}],"predecessor-version":[{"id":160095,"href":"https:\/\/experienciadevida.com.ar\/portalurbano\/wp-json\/wp\/v2\/posts\/160093\/revisions\/160095"}],"wp:featuredmedia":[{"embeddable":true,"href":"https:\/\/experienciadevida.com.ar\/portalurbano\/wp-json\/wp\/v2\/media\/160094"}],"wp:attachment":[{"href":"https:\/\/experienciadevida.com.ar\/portalurbano\/wp-json\/wp\/v2\/media?parent=160093"}],"wp:term":[{"taxonomy":"category","embeddable":true,"href":"https:\/\/experienciadevida.com.ar\/portalurbano\/wp-json\/wp\/v2\/categories?post=160093"},{"taxonomy":"post_tag","embeddable":true,"href":"https:\/\/experienciadevida.com.ar\/portalurbano\/wp-json\/wp\/v2\/tags?post=160093"}],"curies":[{"name":"wp","href":"https:\/\/api.w.org\/{rel}","templated":true}]}}