{"id":160080,"date":"2022-01-16T21:15:28","date_gmt":"2022-01-17T00:15:28","guid":{"rendered":"https:\/\/experienciadevida.com.ar\/portalurbano\/?p=160080"},"modified":"2022-01-16T21:16:07","modified_gmt":"2022-01-17T00:16:07","slug":"este-domingo-se-aplicaron-mas-de-800-dosis-contra-el-coronavius","status":"publish","type":"post","link":"https:\/\/experienciadevida.com.ar\/portalurbano\/este-domingo-se-aplicaron-mas-de-800-dosis-contra-el-coronavius\/","title":{"rendered":"Este domingo se aplicaron m\u00e1s de 800 dosis contra el coronavius"},"content":{"rendered":"<p>Este domingo se aplicaron m\u00e1s de 800 dosis contra el coronavius, en la jornada de hoy se aplicaron 62 vacunas contra el Covid-19 a ni\u00f1os y ni\u00f1as de 3 a 17 a\u00f1os, y 745 terceras dosis sobre un total de 845 aplicaciones.<\/p>\n<p>Las mismas fueron distribuidas de la siguiente manera: en la Facultad de Ciencias de la Salud se inocularon 220 personas, en el Servicio Territorial N\u00b02 se aplicaron 281 dosis, y en el Centro Cultural Universitario se vacunaron 344 vecinas y vecinos.<\/p>\n<p>Adem\u00e1s, se desarrolla la vacunaci\u00f3n libre de primeras y segundas dosis para mayores de 3 a\u00f1os, ya sean argentinas, argentinos y turistas extranjeros, e inici\u00f3 la vacunaci\u00f3n libre de terceras dosis para mayores de 60 a\u00f1os e inmunodeprimidos en todas las postas sanitarias de la Provincia.<\/p>\n<p>Cualquier duda o consulta, podran acercarse a cualquiera de las tres postas: Servicio Territorial N\u00b02, Av. Alberdi 2543, de 8 a 18 hs; Facultad de Ciencias de la Salud, Merlo entre Av. Pringles y 9 de Julio, de 8 a 18 hs.; y en el Centro Cultural Universitario, San Mart\u00edn 1955, de 8 a 18 hs.<\/p>\n<p>Por \u00faltimo, se informa que ya rige el Pase Libre con Vacuna en la provincia de Buenos Aires. Los responsables de actividades con alta concurrencia deber\u00e1n solicitar el certificado de vacunaci\u00f3n. Es el requisito de al menos dos dosis de la vacuna contra el Covid-19 que es necesario presentar si ten\u00e9s mas de 13 a\u00f1os para poder asistir a algunas actividades en la provincia de Buenos Aires que pueden presentar mayor riesgo epidemiol\u00f3gico. No obstante, hasta el 28 de febrero si una persona tiene la primera dosis y no se cumpli\u00f3 el tiempo m\u00ednimo interdosis (seis semanas), tambi\u00e9n puede acreditar el pase libre.<\/p>\n<p>Los que residan en la provincia de Buenos Aires podr\u00e1n acreditar las dosis de las vacunas con el carnet en cart\u00f3n o tarjeta, en el portal mi.argentina.gob.ar y en las app VacunatePBA, MiArgentina y Cuidar.<\/p>\n<p>Foto: archivo<\/p>\n","protected":false},"excerpt":{"rendered":"<p>Este domingo se aplicaron m\u00e1s de 800 dosis contra el coronavius, en la jornada de&#8230;<\/p>\n","protected":false},"author":1,"featured_media":146348,"comment_status":"closed","ping_status":"closed","sticky":false,"template":"","format":"standard","meta":{"content-type":""},"categories":[27,51],"tags":[],"nelio_content":{"isAutoShareEnabled":false,"autoShareEndMode":"default","automationSources":{"useContentSentences":true,"useSocialTemplates":true,"useCustomSentences":false,"customSentences":[]},"followers":[1],"suggestedReferences":[],"includedReferences":[],"efiUrl":"","efiAlt":"","highlights":[]},"yoast_head":"<!-- This site is optimized with the Yoast SEO plugin v20.7 - https:\/\/yoast.com\/wordpress\/plugins\/seo\/ -->\n<title>Este domingo se aplicaron m\u00e1s de 800 dosis contra el coronavius -<\/title>\n<meta name=\"robots\" content=\"index, follow, max-snippet:-1, max-image-preview:large, max-video-preview:-1\" \/>\n<link rel=\"canonical\" href=\"https:\/\/experienciadevida.com.ar\/portalurbano\/este-domingo-se-aplicaron-mas-de-800-dosis-contra-el-coronavius\/\" \/>\n<meta property=\"og:locale\" content=\"es_ES\" \/>\n<meta property=\"og:type\" content=\"article\" \/>\n<meta property=\"og:title\" content=\"Este domingo se aplicaron m\u00e1s de 800 dosis contra el coronavius -\" \/>\n<meta property=\"og:description\" content=\"Este domingo se aplicaron m\u00e1s de 800 dosis contra el coronavius, en la jornada de...\" \/>\n<meta property=\"og:url\" content=\"https:\/\/experienciadevida.com.ar\/portalurbano\/este-domingo-se-aplicaron-mas-de-800-dosis-contra-el-coronavius\/\" \/>\n<meta property=\"article:publisher\" content=\"https:\/\/www.facebook.com\/Portal-Urbano-171542830093757\/\" \/>\n<meta property=\"article:published_time\" content=\"2022-01-17T00:15:28+00:00\" \/>\n<meta property=\"article:modified_time\" content=\"2022-01-17T00:16:07+00:00\" \/>\n<meta property=\"og:image\" content=\"https:\/\/experienciadevida.com.ar\/portalurbano\/wp-content\/uploads\/2021\/06\/Campana-de-vacunacion.jpg\" \/>\n\t<meta property=\"og:image:width\" content=\"1280\" \/>\n\t<meta property=\"og:image:height\" content=\"732\" \/>\n\t<meta property=\"og:image:type\" content=\"image\/jpeg\" \/>\n<meta name=\"author\" content=\"admpu17wp\" \/>\n<meta name=\"twitter:card\" content=\"summary_large_image\" \/>\n<meta name=\"twitter:creator\" content=\"@portalurbanook\" \/>\n<meta name=\"twitter:site\" content=\"@portalurbanook\" \/>\n<meta name=\"twitter:label1\" content=\"Escrito por\" \/>\n\t<meta name=\"twitter:data1\" content=\"admpu17wp\" \/>\n\t<meta name=\"twitter:label2\" content=\"Tiempo de lectura\" \/>\n\t<meta name=\"twitter:data2\" content=\"2 minutos\" \/>\n<script type=\"application\/ld+json\" class=\"yoast-schema-graph\">{\"@context\":\"https:\/\/schema.org\",\"@graph\":[{\"@type\":\"Article\",\"@id\":\"https:\/\/experienciadevida.com.ar\/portalurbano\/este-domingo-se-aplicaron-mas-de-800-dosis-contra-el-coronavius\/#article\",\"isPartOf\":{\"@id\":\"https:\/\/experienciadevida.com.ar\/portalurbano\/este-domingo-se-aplicaron-mas-de-800-dosis-contra-el-coronavius\/\"},\"author\":{\"name\":\"admpu17wp\",\"@id\":\"https:\/\/experienciadevida.com.ar\/portalurbano\/#\/schema\/person\/02dd326b1c4b056e9cc972486934a3a7\"},\"headline\":\"Este domingo se aplicaron m\u00e1s de 800 dosis contra el coronavius\",\"datePublished\":\"2022-01-17T00:15:28+00:00\",\"dateModified\":\"2022-01-17T00:16:07+00:00\",\"mainEntityOfPage\":{\"@id\":\"https:\/\/experienciadevida.com.ar\/portalurbano\/este-domingo-se-aplicaron-mas-de-800-dosis-contra-el-coronavius\/\"},\"wordCount\":336,\"publisher\":{\"@id\":\"https:\/\/experienciadevida.com.ar\/portalurbano\/#organization\"},\"articleSection\":[\"Ciudad\",\"Destacadas\"],\"inLanguage\":\"es\"},{\"@type\":\"WebPage\",\"@id\":\"https:\/\/experienciadevida.com.ar\/portalurbano\/este-domingo-se-aplicaron-mas-de-800-dosis-contra-el-coronavius\/\",\"url\":\"https:\/\/experienciadevida.com.ar\/portalurbano\/este-domingo-se-aplicaron-mas-de-800-dosis-contra-el-coronavius\/\",\"name\":\"Este domingo se aplicaron m\u00e1s de 800 dosis contra el coronavius -\",\"isPartOf\":{\"@id\":\"https:\/\/experienciadevida.com.ar\/portalurbano\/#website\"},\"datePublished\":\"2022-01-17T00:15:28+00:00\",\"dateModified\":\"2022-01-17T00:16:07+00:00\",\"breadcrumb\":{\"@id\":\"https:\/\/experienciadevida.com.ar\/portalurbano\/este-domingo-se-aplicaron-mas-de-800-dosis-contra-el-coronavius\/#breadcrumb\"},\"inLanguage\":\"es\",\"potentialAction\":[{\"@type\":\"ReadAction\",\"target\":[\"https:\/\/experienciadevida.com.ar\/portalurbano\/este-domingo-se-aplicaron-mas-de-800-dosis-contra-el-coronavius\/\"]}]},{\"@type\":\"BreadcrumbList\",\"@id\":\"https:\/\/experienciadevida.com.ar\/portalurbano\/este-domingo-se-aplicaron-mas-de-800-dosis-contra-el-coronavius\/#breadcrumb\",\"itemListElement\":[{\"@type\":\"ListItem\",\"position\":1,\"name\":\"Portada\",\"item\":\"https:\/\/experienciadevida.com.ar\/portalurbano\/\"},{\"@type\":\"ListItem\",\"position\":2,\"name\":\"Este domingo se aplicaron m\u00e1s de 800 dosis contra el coronavius\"}]},{\"@type\":\"WebSite\",\"@id\":\"https:\/\/experienciadevida.com.ar\/portalurbano\/#website\",\"url\":\"https:\/\/experienciadevida.com.ar\/portalurbano\/\",\"name\":\"\",\"description\":\"\",\"publisher\":{\"@id\":\"https:\/\/experienciadevida.com.ar\/portalurbano\/#organization\"},\"potentialAction\":[{\"@type\":\"SearchAction\",\"target\":{\"@type\":\"EntryPoint\",\"urlTemplate\":\"https:\/\/experienciadevida.com.ar\/portalurbano\/?s={search_term_string}\"},\"query-input\":\"required name=search_term_string\"}],\"inLanguage\":\"es\"},{\"@type\":\"Organization\",\"@id\":\"https:\/\/experienciadevida.com.ar\/portalurbano\/#organization\",\"name\":\"Portal Urbano\",\"url\":\"https:\/\/experienciadevida.com.ar\/portalurbano\/\",\"logo\":{\"@type\":\"ImageObject\",\"inLanguage\":\"es\",\"@id\":\"https:\/\/experienciadevida.com.ar\/portalurbano\/#\/schema\/logo\/image\/\",\"url\":\"https:\/\/experienciadevida.com.ar\/portalurbano\/wp-content\/uploads\/2019\/09\/Logo-Original.png\",\"contentUrl\":\"https:\/\/experienciadevida.com.ar\/portalurbano\/wp-content\/uploads\/2019\/09\/Logo-Original.png\",\"width\":2236,\"height\":1216,\"caption\":\"Portal Urbano\"},\"image\":{\"@id\":\"https:\/\/experienciadevida.com.ar\/portalurbano\/#\/schema\/logo\/image\/\"},\"sameAs\":[\"https:\/\/www.facebook.com\/Portal-Urbano-171542830093757\/\",\"https:\/\/twitter.com\/portalurbanook\",\"https:\/\/www.instagram.com\/_portalurbano\/\",\"https:\/\/www.youtube.com\/channel\/UCXhagIfszH8KxFiOok79zbA?view_as=subscriber\"]},{\"@type\":\"Person\",\"@id\":\"https:\/\/experienciadevida.com.ar\/portalurbano\/#\/schema\/person\/02dd326b1c4b056e9cc972486934a3a7\",\"name\":\"admpu17wp\",\"image\":{\"@type\":\"ImageObject\",\"inLanguage\":\"es\",\"@id\":\"https:\/\/experienciadevida.com.ar\/portalurbano\/#\/schema\/person\/image\/\",\"url\":\"https:\/\/secure.gravatar.com\/avatar\/830d4c57adaae6630765e449a6908047?s=96&d=mm&r=g\",\"contentUrl\":\"https:\/\/secure.gravatar.com\/avatar\/830d4c57adaae6630765e449a6908047?s=96&d=mm&r=g\",\"caption\":\"admpu17wp\"}}]}<\/script>\n<!-- \/ Yoast SEO plugin. -->","yoast_head_json":{"title":"Este domingo se aplicaron m\u00e1s de 800 dosis contra el coronavius -","robots":{"index":"index","follow":"follow","max-snippet":"max-snippet:-1","max-image-preview":"max-image-preview:large","max-video-preview":"max-video-preview:-1"},"canonical":"https:\/\/experienciadevida.com.ar\/portalurbano\/este-domingo-se-aplicaron-mas-de-800-dosis-contra-el-coronavius\/","og_locale":"es_ES","og_type":"article","og_title":"Este domingo se aplicaron m\u00e1s de 800 dosis contra el coronavius -","og_description":"Este domingo se aplicaron m\u00e1s de 800 dosis contra el coronavius, en la jornada de...","og_url":"https:\/\/experienciadevida.com.ar\/portalurbano\/este-domingo-se-aplicaron-mas-de-800-dosis-contra-el-coronavius\/","article_publisher":"https:\/\/www.facebook.com\/Portal-Urbano-171542830093757\/","article_published_time":"2022-01-17T00:15:28+00:00","article_modified_time":"2022-01-17T00:16:07+00:00","og_image":[{"width":1280,"height":732,"url":"https:\/\/experienciadevida.com.ar\/portalurbano\/wp-content\/uploads\/2021\/06\/Campana-de-vacunacion.jpg","type":"image\/jpeg"}],"author":"admpu17wp","twitter_card":"summary_large_image","twitter_creator":"@portalurbanook","twitter_site":"@portalurbanook","twitter_misc":{"Escrito por":"admpu17wp","Tiempo de lectura":"2 minutos"},"schema":{"@context":"https:\/\/schema.org","@graph":[{"@type":"Article","@id":"https:\/\/experienciadevida.com.ar\/portalurbano\/este-domingo-se-aplicaron-mas-de-800-dosis-contra-el-coronavius\/#article","isPartOf":{"@id":"https:\/\/experienciadevida.com.ar\/portalurbano\/este-domingo-se-aplicaron-mas-de-800-dosis-contra-el-coronavius\/"},"author":{"name":"admpu17wp","@id":"https:\/\/experienciadevida.com.ar\/portalurbano\/#\/schema\/person\/02dd326b1c4b056e9cc972486934a3a7"},"headline":"Este domingo se aplicaron m\u00e1s de 800 dosis contra el coronavius","datePublished":"2022-01-17T00:15:28+00:00","dateModified":"2022-01-17T00:16:07+00:00","mainEntityOfPage":{"@id":"https:\/\/experienciadevida.com.ar\/portalurbano\/este-domingo-se-aplicaron-mas-de-800-dosis-contra-el-coronavius\/"},"wordCount":336,"publisher":{"@id":"https:\/\/experienciadevida.com.ar\/portalurbano\/#organization"},"articleSection":["Ciudad","Destacadas"],"inLanguage":"es"},{"@type":"WebPage","@id":"https:\/\/experienciadevida.com.ar\/portalurbano\/este-domingo-se-aplicaron-mas-de-800-dosis-contra-el-coronavius\/","url":"https:\/\/experienciadevida.com.ar\/portalurbano\/este-domingo-se-aplicaron-mas-de-800-dosis-contra-el-coronavius\/","name":"Este domingo se aplicaron m\u00e1s de 800 dosis contra el coronavius -","isPartOf":{"@id":"https:\/\/experienciadevida.com.ar\/portalurbano\/#website"},"datePublished":"2022-01-17T00:15:28+00:00","dateModified":"2022-01-17T00:16:07+00:00","breadcrumb":{"@id":"https:\/\/experienciadevida.com.ar\/portalurbano\/este-domingo-se-aplicaron-mas-de-800-dosis-contra-el-coronavius\/#breadcrumb"},"inLanguage":"es","potentialAction":[{"@type":"ReadAction","target":["https:\/\/experienciadevida.com.ar\/portalurbano\/este-domingo-se-aplicaron-mas-de-800-dosis-contra-el-coronavius\/"]}]},{"@type":"BreadcrumbList","@id":"https:\/\/experienciadevida.com.ar\/portalurbano\/este-domingo-se-aplicaron-mas-de-800-dosis-contra-el-coronavius\/#breadcrumb","itemListElement":[{"@type":"ListItem","position":1,"name":"Portada","item":"https:\/\/experienciadevida.com.ar\/portalurbano\/"},{"@type":"ListItem","position":2,"name":"Este domingo se aplicaron m\u00e1s de 800 dosis contra el coronavius"}]},{"@type":"WebSite","@id":"https:\/\/experienciadevida.com.ar\/portalurbano\/#website","url":"https:\/\/experienciadevida.com.ar\/portalurbano\/","name":"","description":"","publisher":{"@id":"https:\/\/experienciadevida.com.ar\/portalurbano\/#organization"},"potentialAction":[{"@type":"SearchAction","target":{"@type":"EntryPoint","urlTemplate":"https:\/\/experienciadevida.com.ar\/portalurbano\/?s={search_term_string}"},"query-input":"required name=search_term_string"}],"inLanguage":"es"},{"@type":"Organization","@id":"https:\/\/experienciadevida.com.ar\/portalurbano\/#organization","name":"Portal Urbano","url":"https:\/\/experienciadevida.com.ar\/portalurbano\/","logo":{"@type":"ImageObject","inLanguage":"es","@id":"https:\/\/experienciadevida.com.ar\/portalurbano\/#\/schema\/logo\/image\/","url":"https:\/\/experienciadevida.com.ar\/portalurbano\/wp-content\/uploads\/2019\/09\/Logo-Original.png","contentUrl":"https:\/\/experienciadevida.com.ar\/portalurbano\/wp-content\/uploads\/2019\/09\/Logo-Original.png","width":2236,"height":1216,"caption":"Portal Urbano"},"image":{"@id":"https:\/\/experienciadevida.com.ar\/portalurbano\/#\/schema\/logo\/image\/"},"sameAs":["https:\/\/www.facebook.com\/Portal-Urbano-171542830093757\/","https:\/\/twitter.com\/portalurbanook","https:\/\/www.instagram.com\/_portalurbano\/","https:\/\/www.youtube.com\/channel\/UCXhagIfszH8KxFiOok79zbA?view_as=subscriber"]},{"@type":"Person","@id":"https:\/\/experienciadevida.com.ar\/portalurbano\/#\/schema\/person\/02dd326b1c4b056e9cc972486934a3a7","name":"admpu17wp","image":{"@type":"ImageObject","inLanguage":"es","@id":"https:\/\/experienciadevida.com.ar\/portalurbano\/#\/schema\/person\/image\/","url":"https:\/\/secure.gravatar.com\/avatar\/830d4c57adaae6630765e449a6908047?s=96&d=mm&r=g","contentUrl":"https:\/\/secure.gravatar.com\/avatar\/830d4c57adaae6630765e449a6908047?s=96&d=mm&r=g","caption":"admpu17wp"}}]}},"featured_image_urls":{"full":["https:\/\/experienciadevida.com.ar\/portalurbano\/wp-content\/uploads\/2021\/06\/Campana-de-vacunacion.jpg",1280,732,false],"thumbnail":["https:\/\/experienciadevida.com.ar\/portalurbano\/wp-content\/uploads\/2021\/06\/Campana-de-vacunacion-150x150.jpg",150,150,true],"medium":["https:\/\/experienciadevida.com.ar\/portalurbano\/wp-content\/uploads\/2021\/06\/Campana-de-vacunacion-300x172.jpg",300,172,true],"medium_large":["https:\/\/experienciadevida.com.ar\/portalurbano\/wp-content\/uploads\/2021\/06\/Campana-de-vacunacion-768x439.jpg",640,366,true],"large":["https:\/\/experienciadevida.com.ar\/portalurbano\/wp-content\/uploads\/2021\/06\/Campana-de-vacunacion-1024x586.jpg",640,366,true],"ug_big":["https:\/\/experienciadevida.com.ar\/portalurbano\/wp-content\/uploads\/2021\/06\/Campana-de-vacunacion-768x439.jpg",768,439,true],"1536x1536":["https:\/\/experienciadevida.com.ar\/portalurbano\/wp-content\/uploads\/2021\/06\/Campana-de-vacunacion.jpg",1280,732,false],"2048x2048":["https:\/\/experienciadevida.com.ar\/portalurbano\/wp-content\/uploads\/2021\/06\/Campana-de-vacunacion.jpg",1280,732,false],"newsever-slider-full":["https:\/\/experienciadevida.com.ar\/portalurbano\/wp-content\/uploads\/2021\/06\/Campana-de-vacunacion.jpg",1280,732,false],"newsever-featured":["https:\/\/experienciadevida.com.ar\/portalurbano\/wp-content\/uploads\/2021\/06\/Campana-de-vacunacion.jpg",1024,586,false],"newsever-medium":["https:\/\/experienciadevida.com.ar\/portalurbano\/wp-content\/uploads\/2021\/06\/Campana-de-vacunacion.jpg",720,412,false],"web-stories-poster-portrait":["https:\/\/experienciadevida.com.ar\/portalurbano\/wp-content\/uploads\/2021\/06\/Campana-de-vacunacion.jpg",640,366,false],"web-stories-publisher-logo":["https:\/\/experienciadevida.com.ar\/portalurbano\/wp-content\/uploads\/2021\/06\/Campana-de-vacunacion.jpg",96,55,false],"web-stories-thumbnail":["https:\/\/experienciadevida.com.ar\/portalurbano\/wp-content\/uploads\/2021\/06\/Campana-de-vacunacion.jpg",150,86,false]},"author_info":{"display_name":"admpu17wp","author_link":"https:\/\/experienciadevida.com.ar\/portalurbano\/author\/admpu17wp\/"},"category_info":"<a href=\"https:\/\/experienciadevida.com.ar\/portalurbano\/category\/ciudad\/\" rel=\"category tag\">Ciudad<\/a> <a href=\"https:\/\/experienciadevida.com.ar\/portalurbano\/category\/destacadas\/\" rel=\"category tag\">Destacadas<\/a>","tag_info":"Destacadas","comment_count":"0","amp_enabled":true,"_links":{"self":[{"href":"https:\/\/experienciadevida.com.ar\/portalurbano\/wp-json\/wp\/v2\/posts\/160080"}],"collection":[{"href":"https:\/\/experienciadevida.com.ar\/portalurbano\/wp-json\/wp\/v2\/posts"}],"about":[{"href":"https:\/\/experienciadevida.com.ar\/portalurbano\/wp-json\/wp\/v2\/types\/post"}],"author":[{"embeddable":true,"href":"https:\/\/experienciadevida.com.ar\/portalurbano\/wp-json\/wp\/v2\/users\/1"}],"replies":[{"embeddable":true,"href":"https:\/\/experienciadevida.com.ar\/portalurbano\/wp-json\/wp\/v2\/comments?post=160080"}],"version-history":[{"count":2,"href":"https:\/\/experienciadevida.com.ar\/portalurbano\/wp-json\/wp\/v2\/posts\/160080\/revisions"}],"predecessor-version":[{"id":160082,"href":"https:\/\/experienciadevida.com.ar\/portalurbano\/wp-json\/wp\/v2\/posts\/160080\/revisions\/160082"}],"wp:featuredmedia":[{"embeddable":true,"href":"https:\/\/experienciadevida.com.ar\/portalurbano\/wp-json\/wp\/v2\/media\/146348"}],"wp:attachment":[{"href":"https:\/\/experienciadevida.com.ar\/portalurbano\/wp-json\/wp\/v2\/media?parent=160080"}],"wp:term":[{"taxonomy":"category","embeddable":true,"href":"https:\/\/experienciadevida.com.ar\/portalurbano\/wp-json\/wp\/v2\/categories?post=160080"},{"taxonomy":"post_tag","embeddable":true,"href":"https:\/\/experienciadevida.com.ar\/portalurbano\/wp-json\/wp\/v2\/tags?post=160080"}],"curies":[{"name":"wp","href":"https:\/\/api.w.org\/{rel}","templated":true}]}}