{"id":160073,"date":"2022-01-16T12:52:00","date_gmt":"2022-01-16T15:52:00","guid":{"rendered":"https:\/\/experienciadevida.com.ar\/portalurbano\/?p=160073"},"modified":"2022-01-16T12:52:39","modified_gmt":"2022-01-16T15:52:39","slug":"la-cola-de-un-tornado-causo-danos-en-instalaciones-electricas-de-los-sistemas-rurales-santa-luisa-y-crotto","status":"publish","type":"post","link":"https:\/\/experienciadevida.com.ar\/portalurbano\/la-cola-de-un-tornado-causo-danos-en-instalaciones-electricas-de-los-sistemas-rurales-santa-luisa-y-crotto\/","title":{"rendered":"La cola de un tornado caus\u00f3 da\u00f1os en instalaciones el\u00e9ctricas de los sistemas rurales Santa Luisa y Crotto"},"content":{"rendered":"<p>La cola de un tornado caus\u00f3 da\u00f1os en instalaciones el\u00e9ctricas de los sistemas rurales Santa Luisa y Crotto, entre las principales afectaciones se destaca la ca\u00edda de gran cantidad de postes en ambos sistemas, lo cual ocasion\u00f3 la interrupci\u00f3n del suministro el\u00e9ctrico en las l\u00edneas troncales de Santa Luisa, Dura\u00f1ona y Crotto.<\/p>\n<p>Por otro lado, se registran inconvenientes a la altura de La Moderna, por lo que parte del sistema Ruta 60 tambi\u00e9n se encuentra sin suministro.<\/p>\n<p>El personal de Asistencia T\u00e9cnica Rural se encuentra desarrollando tareas para reemplazar los postes ca\u00eddos y reparar otro tipo de da\u00f1os, a los efectos de poder restablecer el suministro en todos los sectores mencionados.<\/p>\n<p>No obstante, por la magnitud de los da\u00f1os sufridos se estima que las tareas operativas se extender\u00e1n durante toda la jornada.<\/p>\n","protected":false},"excerpt":{"rendered":"<p>La cola de un tornado caus\u00f3 da\u00f1os en instalaciones el\u00e9ctricas de los sistemas rurales Santa&#8230;<\/p>\n","protected":false},"author":1,"featured_media":160074,"comment_status":"closed","ping_status":"closed","sticky":false,"template":"","format":"standard","meta":{"content-type":""},"categories":[27],"tags":[],"nelio_content":{"isAutoShareEnabled":false,"autoShareEndMode":"default","automationSources":{"useContentSentences":true,"useSocialTemplates":true,"useCustomSentences":false,"customSentences":[]},"followers":[1],"suggestedReferences":[],"includedReferences":[],"efiUrl":"","efiAlt":"","highlights":[]},"yoast_head":"<!-- This site is optimized with the Yoast SEO plugin v20.7 - https:\/\/yoast.com\/wordpress\/plugins\/seo\/ -->\n<title>La cola de un tornado caus\u00f3 da\u00f1os en instalaciones el\u00e9ctricas de los sistemas rurales Santa Luisa y Crotto -<\/title>\n<meta name=\"robots\" content=\"index, follow, max-snippet:-1, max-image-preview:large, max-video-preview:-1\" \/>\n<link rel=\"canonical\" href=\"https:\/\/experienciadevida.com.ar\/portalurbano\/la-cola-de-un-tornado-causo-danos-en-instalaciones-electricas-de-los-sistemas-rurales-santa-luisa-y-crotto\/\" \/>\n<meta property=\"og:locale\" content=\"es_ES\" \/>\n<meta property=\"og:type\" content=\"article\" \/>\n<meta property=\"og:title\" content=\"La cola de un tornado caus\u00f3 da\u00f1os en instalaciones el\u00e9ctricas de los sistemas rurales Santa Luisa y Crotto -\" \/>\n<meta property=\"og:description\" content=\"La cola de un tornado caus\u00f3 da\u00f1os en instalaciones el\u00e9ctricas de los sistemas rurales Santa...\" \/>\n<meta property=\"og:url\" content=\"https:\/\/experienciadevida.com.ar\/portalurbano\/la-cola-de-un-tornado-causo-danos-en-instalaciones-electricas-de-los-sistemas-rurales-santa-luisa-y-crotto\/\" \/>\n<meta property=\"article:publisher\" content=\"https:\/\/www.facebook.com\/Portal-Urbano-171542830093757\/\" \/>\n<meta property=\"article:published_time\" content=\"2022-01-16T15:52:00+00:00\" \/>\n<meta property=\"article:modified_time\" content=\"2022-01-16T15:52:39+00:00\" \/>\n<meta property=\"og:image\" content=\"https:\/\/experienciadevida.com.ar\/portalurbano\/wp-content\/uploads\/2022\/01\/La-cola-de-un.jpg\" \/>\n\t<meta property=\"og:image:width\" content=\"765\" \/>\n\t<meta property=\"og:image:height\" content=\"510\" \/>\n\t<meta property=\"og:image:type\" content=\"image\/jpeg\" \/>\n<meta name=\"author\" content=\"admpu17wp\" \/>\n<meta name=\"twitter:card\" content=\"summary_large_image\" \/>\n<meta name=\"twitter:creator\" content=\"@portalurbanook\" \/>\n<meta name=\"twitter:site\" content=\"@portalurbanook\" \/>\n<meta name=\"twitter:label1\" content=\"Escrito por\" \/>\n\t<meta name=\"twitter:data1\" content=\"admpu17wp\" \/>\n\t<meta name=\"twitter:label2\" content=\"Tiempo de lectura\" \/>\n\t<meta name=\"twitter:data2\" content=\"1 minuto\" \/>\n<script type=\"application\/ld+json\" class=\"yoast-schema-graph\">{\"@context\":\"https:\/\/schema.org\",\"@graph\":[{\"@type\":\"Article\",\"@id\":\"https:\/\/experienciadevida.com.ar\/portalurbano\/la-cola-de-un-tornado-causo-danos-en-instalaciones-electricas-de-los-sistemas-rurales-santa-luisa-y-crotto\/#article\",\"isPartOf\":{\"@id\":\"https:\/\/experienciadevida.com.ar\/portalurbano\/la-cola-de-un-tornado-causo-danos-en-instalaciones-electricas-de-los-sistemas-rurales-santa-luisa-y-crotto\/\"},\"author\":{\"name\":\"admpu17wp\",\"@id\":\"https:\/\/experienciadevida.com.ar\/portalurbano\/#\/schema\/person\/02dd326b1c4b056e9cc972486934a3a7\"},\"headline\":\"La cola de un tornado caus\u00f3 da\u00f1os en instalaciones el\u00e9ctricas de los sistemas rurales Santa Luisa y Crotto\",\"datePublished\":\"2022-01-16T15:52:00+00:00\",\"dateModified\":\"2022-01-16T15:52:39+00:00\",\"mainEntityOfPage\":{\"@id\":\"https:\/\/experienciadevida.com.ar\/portalurbano\/la-cola-de-un-tornado-causo-danos-en-instalaciones-electricas-de-los-sistemas-rurales-santa-luisa-y-crotto\/\"},\"wordCount\":164,\"publisher\":{\"@id\":\"https:\/\/experienciadevida.com.ar\/portalurbano\/#organization\"},\"articleSection\":[\"Ciudad\"],\"inLanguage\":\"es\"},{\"@type\":\"WebPage\",\"@id\":\"https:\/\/experienciadevida.com.ar\/portalurbano\/la-cola-de-un-tornado-causo-danos-en-instalaciones-electricas-de-los-sistemas-rurales-santa-luisa-y-crotto\/\",\"url\":\"https:\/\/experienciadevida.com.ar\/portalurbano\/la-cola-de-un-tornado-causo-danos-en-instalaciones-electricas-de-los-sistemas-rurales-santa-luisa-y-crotto\/\",\"name\":\"La cola de un tornado caus\u00f3 da\u00f1os en instalaciones el\u00e9ctricas de los sistemas rurales Santa Luisa y Crotto -\",\"isPartOf\":{\"@id\":\"https:\/\/experienciadevida.com.ar\/portalurbano\/#website\"},\"datePublished\":\"2022-01-16T15:52:00+00:00\",\"dateModified\":\"2022-01-16T15:52:39+00:00\",\"breadcrumb\":{\"@id\":\"https:\/\/experienciadevida.com.ar\/portalurbano\/la-cola-de-un-tornado-causo-danos-en-instalaciones-electricas-de-los-sistemas-rurales-santa-luisa-y-crotto\/#breadcrumb\"},\"inLanguage\":\"es\",\"potentialAction\":[{\"@type\":\"ReadAction\",\"target\":[\"https:\/\/experienciadevida.com.ar\/portalurbano\/la-cola-de-un-tornado-causo-danos-en-instalaciones-electricas-de-los-sistemas-rurales-santa-luisa-y-crotto\/\"]}]},{\"@type\":\"BreadcrumbList\",\"@id\":\"https:\/\/experienciadevida.com.ar\/portalurbano\/la-cola-de-un-tornado-causo-danos-en-instalaciones-electricas-de-los-sistemas-rurales-santa-luisa-y-crotto\/#breadcrumb\",\"itemListElement\":[{\"@type\":\"ListItem\",\"position\":1,\"name\":\"Portada\",\"item\":\"https:\/\/experienciadevida.com.ar\/portalurbano\/\"},{\"@type\":\"ListItem\",\"position\":2,\"name\":\"La cola de un tornado caus\u00f3 da\u00f1os en instalaciones el\u00e9ctricas de los sistemas rurales Santa Luisa y Crotto\"}]},{\"@type\":\"WebSite\",\"@id\":\"https:\/\/experienciadevida.com.ar\/portalurbano\/#website\",\"url\":\"https:\/\/experienciadevida.com.ar\/portalurbano\/\",\"name\":\"\",\"description\":\"\",\"publisher\":{\"@id\":\"https:\/\/experienciadevida.com.ar\/portalurbano\/#organization\"},\"potentialAction\":[{\"@type\":\"SearchAction\",\"target\":{\"@type\":\"EntryPoint\",\"urlTemplate\":\"https:\/\/experienciadevida.com.ar\/portalurbano\/?s={search_term_string}\"},\"query-input\":\"required name=search_term_string\"}],\"inLanguage\":\"es\"},{\"@type\":\"Organization\",\"@id\":\"https:\/\/experienciadevida.com.ar\/portalurbano\/#organization\",\"name\":\"Portal Urbano\",\"url\":\"https:\/\/experienciadevida.com.ar\/portalurbano\/\",\"logo\":{\"@type\":\"ImageObject\",\"inLanguage\":\"es\",\"@id\":\"https:\/\/experienciadevida.com.ar\/portalurbano\/#\/schema\/logo\/image\/\",\"url\":\"https:\/\/experienciadevida.com.ar\/portalurbano\/wp-content\/uploads\/2019\/09\/Logo-Original.png\",\"contentUrl\":\"https:\/\/experienciadevida.com.ar\/portalurbano\/wp-content\/uploads\/2019\/09\/Logo-Original.png\",\"width\":2236,\"height\":1216,\"caption\":\"Portal Urbano\"},\"image\":{\"@id\":\"https:\/\/experienciadevida.com.ar\/portalurbano\/#\/schema\/logo\/image\/\"},\"sameAs\":[\"https:\/\/www.facebook.com\/Portal-Urbano-171542830093757\/\",\"https:\/\/twitter.com\/portalurbanook\",\"https:\/\/www.instagram.com\/_portalurbano\/\",\"https:\/\/www.youtube.com\/channel\/UCXhagIfszH8KxFiOok79zbA?view_as=subscriber\"]},{\"@type\":\"Person\",\"@id\":\"https:\/\/experienciadevida.com.ar\/portalurbano\/#\/schema\/person\/02dd326b1c4b056e9cc972486934a3a7\",\"name\":\"admpu17wp\",\"image\":{\"@type\":\"ImageObject\",\"inLanguage\":\"es\",\"@id\":\"https:\/\/experienciadevida.com.ar\/portalurbano\/#\/schema\/person\/image\/\",\"url\":\"https:\/\/secure.gravatar.com\/avatar\/830d4c57adaae6630765e449a6908047?s=96&d=mm&r=g\",\"contentUrl\":\"https:\/\/secure.gravatar.com\/avatar\/830d4c57adaae6630765e449a6908047?s=96&d=mm&r=g\",\"caption\":\"admpu17wp\"}}]}<\/script>\n<!-- \/ Yoast SEO plugin. -->","yoast_head_json":{"title":"La cola de un tornado caus\u00f3 da\u00f1os en instalaciones el\u00e9ctricas de los sistemas rurales Santa Luisa y Crotto -","robots":{"index":"index","follow":"follow","max-snippet":"max-snippet:-1","max-image-preview":"max-image-preview:large","max-video-preview":"max-video-preview:-1"},"canonical":"https:\/\/experienciadevida.com.ar\/portalurbano\/la-cola-de-un-tornado-causo-danos-en-instalaciones-electricas-de-los-sistemas-rurales-santa-luisa-y-crotto\/","og_locale":"es_ES","og_type":"article","og_title":"La cola de un tornado caus\u00f3 da\u00f1os en instalaciones el\u00e9ctricas de los sistemas rurales Santa Luisa y Crotto -","og_description":"La cola de un tornado caus\u00f3 da\u00f1os en instalaciones el\u00e9ctricas de los sistemas rurales Santa...","og_url":"https:\/\/experienciadevida.com.ar\/portalurbano\/la-cola-de-un-tornado-causo-danos-en-instalaciones-electricas-de-los-sistemas-rurales-santa-luisa-y-crotto\/","article_publisher":"https:\/\/www.facebook.com\/Portal-Urbano-171542830093757\/","article_published_time":"2022-01-16T15:52:00+00:00","article_modified_time":"2022-01-16T15:52:39+00:00","og_image":[{"width":765,"height":510,"url":"https:\/\/experienciadevida.com.ar\/portalurbano\/wp-content\/uploads\/2022\/01\/La-cola-de-un.jpg","type":"image\/jpeg"}],"author":"admpu17wp","twitter_card":"summary_large_image","twitter_creator":"@portalurbanook","twitter_site":"@portalurbanook","twitter_misc":{"Escrito por":"admpu17wp","Tiempo de lectura":"1 minuto"},"schema":{"@context":"https:\/\/schema.org","@graph":[{"@type":"Article","@id":"https:\/\/experienciadevida.com.ar\/portalurbano\/la-cola-de-un-tornado-causo-danos-en-instalaciones-electricas-de-los-sistemas-rurales-santa-luisa-y-crotto\/#article","isPartOf":{"@id":"https:\/\/experienciadevida.com.ar\/portalurbano\/la-cola-de-un-tornado-causo-danos-en-instalaciones-electricas-de-los-sistemas-rurales-santa-luisa-y-crotto\/"},"author":{"name":"admpu17wp","@id":"https:\/\/experienciadevida.com.ar\/portalurbano\/#\/schema\/person\/02dd326b1c4b056e9cc972486934a3a7"},"headline":"La cola de un tornado caus\u00f3 da\u00f1os en instalaciones el\u00e9ctricas de los sistemas rurales Santa Luisa y Crotto","datePublished":"2022-01-16T15:52:00+00:00","dateModified":"2022-01-16T15:52:39+00:00","mainEntityOfPage":{"@id":"https:\/\/experienciadevida.com.ar\/portalurbano\/la-cola-de-un-tornado-causo-danos-en-instalaciones-electricas-de-los-sistemas-rurales-santa-luisa-y-crotto\/"},"wordCount":164,"publisher":{"@id":"https:\/\/experienciadevida.com.ar\/portalurbano\/#organization"},"articleSection":["Ciudad"],"inLanguage":"es"},{"@type":"WebPage","@id":"https:\/\/experienciadevida.com.ar\/portalurbano\/la-cola-de-un-tornado-causo-danos-en-instalaciones-electricas-de-los-sistemas-rurales-santa-luisa-y-crotto\/","url":"https:\/\/experienciadevida.com.ar\/portalurbano\/la-cola-de-un-tornado-causo-danos-en-instalaciones-electricas-de-los-sistemas-rurales-santa-luisa-y-crotto\/","name":"La cola de un tornado caus\u00f3 da\u00f1os en instalaciones el\u00e9ctricas de los sistemas rurales Santa Luisa y Crotto -","isPartOf":{"@id":"https:\/\/experienciadevida.com.ar\/portalurbano\/#website"},"datePublished":"2022-01-16T15:52:00+00:00","dateModified":"2022-01-16T15:52:39+00:00","breadcrumb":{"@id":"https:\/\/experienciadevida.com.ar\/portalurbano\/la-cola-de-un-tornado-causo-danos-en-instalaciones-electricas-de-los-sistemas-rurales-santa-luisa-y-crotto\/#breadcrumb"},"inLanguage":"es","potentialAction":[{"@type":"ReadAction","target":["https:\/\/experienciadevida.com.ar\/portalurbano\/la-cola-de-un-tornado-causo-danos-en-instalaciones-electricas-de-los-sistemas-rurales-santa-luisa-y-crotto\/"]}]},{"@type":"BreadcrumbList","@id":"https:\/\/experienciadevida.com.ar\/portalurbano\/la-cola-de-un-tornado-causo-danos-en-instalaciones-electricas-de-los-sistemas-rurales-santa-luisa-y-crotto\/#breadcrumb","itemListElement":[{"@type":"ListItem","position":1,"name":"Portada","item":"https:\/\/experienciadevida.com.ar\/portalurbano\/"},{"@type":"ListItem","position":2,"name":"La cola de un tornado caus\u00f3 da\u00f1os en instalaciones el\u00e9ctricas de los sistemas rurales Santa Luisa y Crotto"}]},{"@type":"WebSite","@id":"https:\/\/experienciadevida.com.ar\/portalurbano\/#website","url":"https:\/\/experienciadevida.com.ar\/portalurbano\/","name":"","description":"","publisher":{"@id":"https:\/\/experienciadevida.com.ar\/portalurbano\/#organization"},"potentialAction":[{"@type":"SearchAction","target":{"@type":"EntryPoint","urlTemplate":"https:\/\/experienciadevida.com.ar\/portalurbano\/?s={search_term_string}"},"query-input":"required name=search_term_string"}],"inLanguage":"es"},{"@type":"Organization","@id":"https:\/\/experienciadevida.com.ar\/portalurbano\/#organization","name":"Portal Urbano","url":"https:\/\/experienciadevida.com.ar\/portalurbano\/","logo":{"@type":"ImageObject","inLanguage":"es","@id":"https:\/\/experienciadevida.com.ar\/portalurbano\/#\/schema\/logo\/image\/","url":"https:\/\/experienciadevida.com.ar\/portalurbano\/wp-content\/uploads\/2019\/09\/Logo-Original.png","contentUrl":"https:\/\/experienciadevida.com.ar\/portalurbano\/wp-content\/uploads\/2019\/09\/Logo-Original.png","width":2236,"height":1216,"caption":"Portal Urbano"},"image":{"@id":"https:\/\/experienciadevida.com.ar\/portalurbano\/#\/schema\/logo\/image\/"},"sameAs":["https:\/\/www.facebook.com\/Portal-Urbano-171542830093757\/","https:\/\/twitter.com\/portalurbanook","https:\/\/www.instagram.com\/_portalurbano\/","https:\/\/www.youtube.com\/channel\/UCXhagIfszH8KxFiOok79zbA?view_as=subscriber"]},{"@type":"Person","@id":"https:\/\/experienciadevida.com.ar\/portalurbano\/#\/schema\/person\/02dd326b1c4b056e9cc972486934a3a7","name":"admpu17wp","image":{"@type":"ImageObject","inLanguage":"es","@id":"https:\/\/experienciadevida.com.ar\/portalurbano\/#\/schema\/person\/image\/","url":"https:\/\/secure.gravatar.com\/avatar\/830d4c57adaae6630765e449a6908047?s=96&d=mm&r=g","contentUrl":"https:\/\/secure.gravatar.com\/avatar\/830d4c57adaae6630765e449a6908047?s=96&d=mm&r=g","caption":"admpu17wp"}}]}},"featured_image_urls":{"full":["https:\/\/experienciadevida.com.ar\/portalurbano\/wp-content\/uploads\/2022\/01\/La-cola-de-un.jpg",765,510,false],"thumbnail":["https:\/\/experienciadevida.com.ar\/portalurbano\/wp-content\/uploads\/2022\/01\/La-cola-de-un-150x150.jpg",150,150,true],"medium":["https:\/\/experienciadevida.com.ar\/portalurbano\/wp-content\/uploads\/2022\/01\/La-cola-de-un-300x200.jpg",300,200,true],"medium_large":["https:\/\/experienciadevida.com.ar\/portalurbano\/wp-content\/uploads\/2022\/01\/La-cola-de-un.jpg",640,427,false],"large":["https:\/\/experienciadevida.com.ar\/portalurbano\/wp-content\/uploads\/2022\/01\/La-cola-de-un.jpg",640,427,false],"ug_big":["https:\/\/experienciadevida.com.ar\/portalurbano\/wp-content\/uploads\/2022\/01\/La-cola-de-un.jpg",765,510,false],"1536x1536":["https:\/\/experienciadevida.com.ar\/portalurbano\/wp-content\/uploads\/2022\/01\/La-cola-de-un.jpg",765,510,false],"2048x2048":["https:\/\/experienciadevida.com.ar\/portalurbano\/wp-content\/uploads\/2022\/01\/La-cola-de-un.jpg",765,510,false],"newsever-slider-full":["https:\/\/experienciadevida.com.ar\/portalurbano\/wp-content\/uploads\/2022\/01\/La-cola-de-un.jpg",765,510,false],"newsever-featured":["https:\/\/experienciadevida.com.ar\/portalurbano\/wp-content\/uploads\/2022\/01\/La-cola-de-un.jpg",765,510,false],"newsever-medium":["https:\/\/experienciadevida.com.ar\/portalurbano\/wp-content\/uploads\/2022\/01\/La-cola-de-un.jpg",713,475,false],"web-stories-poster-portrait":["https:\/\/experienciadevida.com.ar\/portalurbano\/wp-content\/uploads\/2022\/01\/La-cola-de-un.jpg",640,427,false],"web-stories-publisher-logo":["https:\/\/experienciadevida.com.ar\/portalurbano\/wp-content\/uploads\/2022\/01\/La-cola-de-un.jpg",96,64,false],"web-stories-thumbnail":["https:\/\/experienciadevida.com.ar\/portalurbano\/wp-content\/uploads\/2022\/01\/La-cola-de-un.jpg",150,100,false]},"author_info":{"display_name":"admpu17wp","author_link":"https:\/\/experienciadevida.com.ar\/portalurbano\/author\/admpu17wp\/"},"category_info":"<a href=\"https:\/\/experienciadevida.com.ar\/portalurbano\/category\/ciudad\/\" rel=\"category tag\">Ciudad<\/a>","tag_info":"Ciudad","comment_count":"0","amp_enabled":true,"_links":{"self":[{"href":"https:\/\/experienciadevida.com.ar\/portalurbano\/wp-json\/wp\/v2\/posts\/160073"}],"collection":[{"href":"https:\/\/experienciadevida.com.ar\/portalurbano\/wp-json\/wp\/v2\/posts"}],"about":[{"href":"https:\/\/experienciadevida.com.ar\/portalurbano\/wp-json\/wp\/v2\/types\/post"}],"author":[{"embeddable":true,"href":"https:\/\/experienciadevida.com.ar\/portalurbano\/wp-json\/wp\/v2\/users\/1"}],"replies":[{"embeddable":true,"href":"https:\/\/experienciadevida.com.ar\/portalurbano\/wp-json\/wp\/v2\/comments?post=160073"}],"version-history":[{"count":2,"href":"https:\/\/experienciadevida.com.ar\/portalurbano\/wp-json\/wp\/v2\/posts\/160073\/revisions"}],"predecessor-version":[{"id":160077,"href":"https:\/\/experienciadevida.com.ar\/portalurbano\/wp-json\/wp\/v2\/posts\/160073\/revisions\/160077"}],"wp:featuredmedia":[{"embeddable":true,"href":"https:\/\/experienciadevida.com.ar\/portalurbano\/wp-json\/wp\/v2\/media\/160074"}],"wp:attachment":[{"href":"https:\/\/experienciadevida.com.ar\/portalurbano\/wp-json\/wp\/v2\/media?parent=160073"}],"wp:term":[{"taxonomy":"category","embeddable":true,"href":"https:\/\/experienciadevida.com.ar\/portalurbano\/wp-json\/wp\/v2\/categories?post=160073"},{"taxonomy":"post_tag","embeddable":true,"href":"https:\/\/experienciadevida.com.ar\/portalurbano\/wp-json\/wp\/v2\/tags?post=160073"}],"curies":[{"name":"wp","href":"https:\/\/api.w.org\/{rel}","templated":true}]}}