{"id":160019,"date":"2022-01-15T11:46:37","date_gmt":"2022-01-15T14:46:37","guid":{"rendered":"https:\/\/experienciadevida.com.ar\/portalurbano\/?p=160019"},"modified":"2022-01-15T11:47:53","modified_gmt":"2022-01-15T14:47:53","slug":"nacieron-carpinchos-en-el-bioparque-la-maxima","status":"publish","type":"post","link":"https:\/\/experienciadevida.com.ar\/portalurbano\/nacieron-carpinchos-en-el-bioparque-la-maxima\/","title":{"rendered":"Nacieron carpinchos en el Bioparque la m\u00e1xima"},"content":{"rendered":"<p>Nacieron carpinchos en el <a href=\"https:\/\/www.facebook.com\/bioparquelamaximaoficial\">Bioparque la m\u00e1xima,<\/a> y convivir\u00e1n en el predio con diferentes especies en el lago \u201cJacques Yves Cousteau\u201d.<\/p>\n<p>\u201cHace a\u00f1os comenzamos un trabajo de recuperaci\u00f3n del lago priorizando el bienestar animal. El trabajo fue realizado en etapas, ampliando el ambiente primero y luego se trajeron los animales de rescate que por haber sido extra\u00eddos del ambiente natural cuando eran peque\u00f1os se vieron imposibilitados del cuidado parental produciendo su improntaci\u00f3n y se vieron imposibilitados de volver a ser liberados\u201d, cont\u00f3 Flavio Maldonado, director del Bioparque.<\/p>\n<p>\u201cLos animales en el Bioparque Municipal La M\u00e1xima cumplen una finalidad educativa y reproductiva. Logramos comenzar a tener una poblaci\u00f3n estable y aquerenciada. La siguiente etapa ser\u00e1 pensar y desarrollar pasafaunas en el lago que le permitan a los animales aumentar su radio de dispersi\u00f3n teniendo un refugio seguro dentro del lago\u201d, agreg\u00f3.<\/p>\n<p>Nacieron carpinchos en el Bioparque la m\u00e1xima, Los carpinchos, considerados como los roedores de mayor tama\u00f1o, forman parte de los animales aut\u00f3ctonos.<\/p>\n<p>\u201cNuestro Bioparque tiene la finalidad de albergar especies que puedan cumplir roles de conservaci\u00f3n y educaci\u00f3n siempre pensando y priorizando el bienestar animal por sobre el exhibicionismo, por lo que permanentemente continuamos trabajando en mejorar el h\u00e1bitat de aquellos animales que por diversas razones no podr\u00e1n ser trasladados o reinsertados en ambientes naturales a fin de mejorar su bienestar aumentando su reproducci\u00f3n\u201d, manifest\u00f3 Maldonando.<\/p>\n<p>Caracter\u00edsticas<\/p>\n<p>El carpincho (Hydrochoerus hydrochaeris) es un roedor herb\u00edvoro anfibio, que por su tama\u00f1o resulta el mayor de los roedores vivientes. Es una especie ampliamente distribuida y sin problemas de conservaci\u00f3n. Sin embargo en algunas regiones se han reducido sus poblaciones, debido a la fuerte presi\u00f3n de caza que sufre por el consumo de su carne y el aprovechamiento del cuero en marroquiner\u00eda. Con frecuencia sus poblaciones se ven afectadas por enfermedades infecciosas y parasitarias. En algunas \u00e1reas, como en la provincia de Buenos Aires, se ha extendido su distribuci\u00f3n, e incluso en Olavarr\u00eda ha llegado a observarse en zonas urbanas, como los parques de la ciudad.<\/p>\n<p>Nacieron carpinchos en el Bioparque la m\u00e1xima, El carpincho es herb\u00edvoro. Come hierbas palustres, gram\u00edneas y hiervas ribere\u00f1as. Se alimenta principalmente durante el atardecer y la noche.<\/p>\n<p>Posee un comportamiento reproductivo del tipo de har\u00e9n (un macho puede tener varias hembras). El celo se observa en primavera y al momento de parir, el refugio se ubica sobre matorrales densos, llegando a tener de tres a ocho cr\u00edas.<\/p>\n<p>Es de h\u00e1bitos apacibles y gregarios. Conforma grupos sociales de entre tres y diez individuos, aunque ese n\u00famero puede ser mayor, de acuerdo con las condiciones del h\u00e1bitat, estaci\u00f3n del a\u00f1o y densidad poblacional.<\/p>\n<p>&nbsp;<\/p>\n<p>Los carpinchos cuentan que pasa en los ambientes naturales<\/p>\n<p>Debemos reflexionar acerca del avance de la urbanizaci\u00f3n sobre los humedales que afecta a nuestra fauna nativa de manera directa. Como consecuencia, especies como el carpincho han quedado excluidos de su ecosistema.<\/p>\n<p>Problem\u00e1ticas ambientales como el desmonte, la expansi\u00f3n de la frontera agr\u00edcola, la expansi\u00f3n de las ciudades, provoc\u00f3 que los carpinchos \u2013desplazados\u2013 fueran en busca de un sitio para establecerse.<\/p>\n<p>Los carpinchos cuentan que pueden reproducirse en forma excesiva si en los ambientes faltan sus depredadores y esto pone en evidencia la destrucci\u00f3n de las redes tr\u00f3ficas entre las especies.<\/p>\n<p>Al mismo tiempo la presencia de carpinchos en ambientes urbanos nos obliga a reflexionar sobre la forma en que los humanos nos vinculamos con el escenario natural y los espacios silvestres.<\/p>\n<p>Si permanentemente estamos buscando espacios en las zonas periurbanas o rurales para descansar es l\u00f3gico que tengamos que convivir con la bIodiversidad del lugar y no asustarnos por su presencia.<\/p>\n<p>No debemos olvidar que los carpinchos cumplen roles ecol\u00f3gicos que se vinculan con los humedales y estos ambientes se ven muy afectados por diversos factores naturales y antr\u00f3picos en estos d\u00edas.<\/p>\n<p><a href=\"https:\/\/experienciadevida.com.ar\/portalurbano\/nacieron-carpinchos-en-el-bioparque-la-maxima\/nacieorn\/\" rel=\"attachment wp-att-160021\"><img decoding=\"async\" class=\"alignnone size-large wp-image-160021\" src=\"https:\/\/experienciadevida.com.ar\/portalurbano\/wp-content\/uploads\/2022\/01\/Nacieorn-1024x682.jpg\" alt=\"Nacieron \" width=\"900\" height=\"599\" srcset=\"https:\/\/experienciadevida.com.ar\/portalurbano\/wp-content\/uploads\/2022\/01\/Nacieorn-1024x682.jpg 1024w, https:\/\/experienciadevida.com.ar\/portalurbano\/wp-content\/uploads\/2022\/01\/Nacieorn-300x200.jpg 300w, https:\/\/experienciadevida.com.ar\/portalurbano\/wp-content\/uploads\/2022\/01\/Nacieorn-768x512.jpg 768w, https:\/\/experienciadevida.com.ar\/portalurbano\/wp-content\/uploads\/2022\/01\/Nacieorn-1536x1024.jpg 1536w, https:\/\/experienciadevida.com.ar\/portalurbano\/wp-content\/uploads\/2022\/01\/Nacieorn.jpg 1772w\" sizes=\"(max-width: 900px) 100vw, 900px\" \/><\/a><\/p>\n","protected":false},"excerpt":{"rendered":"<p>Nacieron carpinchos en el Bioparque la m\u00e1xima, y convivir\u00e1n en el predio con diferentes especies&#8230;<\/p>\n","protected":false},"author":1,"featured_media":160020,"comment_status":"closed","ping_status":"closed","sticky":false,"template":"","format":"standard","meta":{"content-type":""},"categories":[27],"tags":[],"nelio_content":{"isAutoShareEnabled":false,"autoShareEndMode":"default","automationSources":{"useContentSentences":true,"useSocialTemplates":true,"useCustomSentences":false,"customSentences":[]},"followers":[1],"suggestedReferences":[],"includedReferences":[],"efiUrl":"","efiAlt":"","highlights":[]},"yoast_head":"<!-- This site is optimized with the Yoast SEO plugin v20.7 - https:\/\/yoast.com\/wordpress\/plugins\/seo\/ -->\n<title>Nacieron carpinchos en el Bioparque la m\u00e1xima -<\/title>\n<meta name=\"robots\" content=\"index, follow, max-snippet:-1, max-image-preview:large, max-video-preview:-1\" \/>\n<link rel=\"canonical\" href=\"https:\/\/experienciadevida.com.ar\/portalurbano\/nacieron-carpinchos-en-el-bioparque-la-maxima\/\" \/>\n<meta property=\"og:locale\" content=\"es_ES\" \/>\n<meta property=\"og:type\" content=\"article\" \/>\n<meta property=\"og:title\" content=\"Nacieron carpinchos en el Bioparque la m\u00e1xima -\" \/>\n<meta property=\"og:description\" content=\"Nacieron carpinchos en el Bioparque la m\u00e1xima, y convivir\u00e1n en el predio con diferentes especies...\" \/>\n<meta property=\"og:url\" content=\"https:\/\/experienciadevida.com.ar\/portalurbano\/nacieron-carpinchos-en-el-bioparque-la-maxima\/\" \/>\n<meta property=\"article:publisher\" content=\"https:\/\/www.facebook.com\/Portal-Urbano-171542830093757\/\" \/>\n<meta property=\"article:published_time\" content=\"2022-01-15T14:46:37+00:00\" \/>\n<meta property=\"article:modified_time\" content=\"2022-01-15T14:47:53+00:00\" \/>\n<meta property=\"og:image\" content=\"https:\/\/experienciadevida.com.ar\/portalurbano\/wp-content\/uploads\/2022\/01\/Nacieron-carpinchos-en-el.jpg\" \/>\n\t<meta property=\"og:image:width\" content=\"1772\" \/>\n\t<meta property=\"og:image:height\" content=\"1181\" \/>\n\t<meta property=\"og:image:type\" content=\"image\/jpeg\" \/>\n<meta name=\"author\" content=\"admpu17wp\" \/>\n<meta name=\"twitter:card\" content=\"summary_large_image\" \/>\n<meta name=\"twitter:creator\" content=\"@portalurbanook\" \/>\n<meta name=\"twitter:site\" content=\"@portalurbanook\" \/>\n<meta name=\"twitter:label1\" content=\"Escrito por\" \/>\n\t<meta name=\"twitter:data1\" content=\"admpu17wp\" \/>\n\t<meta name=\"twitter:label2\" content=\"Tiempo de lectura\" \/>\n\t<meta name=\"twitter:data2\" content=\"4 minutos\" \/>\n<script type=\"application\/ld+json\" class=\"yoast-schema-graph\">{\"@context\":\"https:\/\/schema.org\",\"@graph\":[{\"@type\":\"Article\",\"@id\":\"https:\/\/experienciadevida.com.ar\/portalurbano\/nacieron-carpinchos-en-el-bioparque-la-maxima\/#article\",\"isPartOf\":{\"@id\":\"https:\/\/experienciadevida.com.ar\/portalurbano\/nacieron-carpinchos-en-el-bioparque-la-maxima\/\"},\"author\":{\"name\":\"admpu17wp\",\"@id\":\"https:\/\/experienciadevida.com.ar\/portalurbano\/#\/schema\/person\/02dd326b1c4b056e9cc972486934a3a7\"},\"headline\":\"Nacieron carpinchos en el Bioparque la m\u00e1xima\",\"datePublished\":\"2022-01-15T14:46:37+00:00\",\"dateModified\":\"2022-01-15T14:47:53+00:00\",\"mainEntityOfPage\":{\"@id\":\"https:\/\/experienciadevida.com.ar\/portalurbano\/nacieron-carpinchos-en-el-bioparque-la-maxima\/\"},\"wordCount\":683,\"publisher\":{\"@id\":\"https:\/\/experienciadevida.com.ar\/portalurbano\/#organization\"},\"articleSection\":[\"Ciudad\"],\"inLanguage\":\"es\"},{\"@type\":\"WebPage\",\"@id\":\"https:\/\/experienciadevida.com.ar\/portalurbano\/nacieron-carpinchos-en-el-bioparque-la-maxima\/\",\"url\":\"https:\/\/experienciadevida.com.ar\/portalurbano\/nacieron-carpinchos-en-el-bioparque-la-maxima\/\",\"name\":\"Nacieron carpinchos en el Bioparque la m\u00e1xima -\",\"isPartOf\":{\"@id\":\"https:\/\/experienciadevida.com.ar\/portalurbano\/#website\"},\"datePublished\":\"2022-01-15T14:46:37+00:00\",\"dateModified\":\"2022-01-15T14:47:53+00:00\",\"breadcrumb\":{\"@id\":\"https:\/\/experienciadevida.com.ar\/portalurbano\/nacieron-carpinchos-en-el-bioparque-la-maxima\/#breadcrumb\"},\"inLanguage\":\"es\",\"potentialAction\":[{\"@type\":\"ReadAction\",\"target\":[\"https:\/\/experienciadevida.com.ar\/portalurbano\/nacieron-carpinchos-en-el-bioparque-la-maxima\/\"]}]},{\"@type\":\"BreadcrumbList\",\"@id\":\"https:\/\/experienciadevida.com.ar\/portalurbano\/nacieron-carpinchos-en-el-bioparque-la-maxima\/#breadcrumb\",\"itemListElement\":[{\"@type\":\"ListItem\",\"position\":1,\"name\":\"Portada\",\"item\":\"https:\/\/experienciadevida.com.ar\/portalurbano\/\"},{\"@type\":\"ListItem\",\"position\":2,\"name\":\"Nacieron carpinchos en el Bioparque la m\u00e1xima\"}]},{\"@type\":\"WebSite\",\"@id\":\"https:\/\/experienciadevida.com.ar\/portalurbano\/#website\",\"url\":\"https:\/\/experienciadevida.com.ar\/portalurbano\/\",\"name\":\"\",\"description\":\"\",\"publisher\":{\"@id\":\"https:\/\/experienciadevida.com.ar\/portalurbano\/#organization\"},\"potentialAction\":[{\"@type\":\"SearchAction\",\"target\":{\"@type\":\"EntryPoint\",\"urlTemplate\":\"https:\/\/experienciadevida.com.ar\/portalurbano\/?s={search_term_string}\"},\"query-input\":\"required name=search_term_string\"}],\"inLanguage\":\"es\"},{\"@type\":\"Organization\",\"@id\":\"https:\/\/experienciadevida.com.ar\/portalurbano\/#organization\",\"name\":\"Portal Urbano\",\"url\":\"https:\/\/experienciadevida.com.ar\/portalurbano\/\",\"logo\":{\"@type\":\"ImageObject\",\"inLanguage\":\"es\",\"@id\":\"https:\/\/experienciadevida.com.ar\/portalurbano\/#\/schema\/logo\/image\/\",\"url\":\"https:\/\/experienciadevida.com.ar\/portalurbano\/wp-content\/uploads\/2019\/09\/Logo-Original.png\",\"contentUrl\":\"https:\/\/experienciadevida.com.ar\/portalurbano\/wp-content\/uploads\/2019\/09\/Logo-Original.png\",\"width\":2236,\"height\":1216,\"caption\":\"Portal Urbano\"},\"image\":{\"@id\":\"https:\/\/experienciadevida.com.ar\/portalurbano\/#\/schema\/logo\/image\/\"},\"sameAs\":[\"https:\/\/www.facebook.com\/Portal-Urbano-171542830093757\/\",\"https:\/\/twitter.com\/portalurbanook\",\"https:\/\/www.instagram.com\/_portalurbano\/\",\"https:\/\/www.youtube.com\/channel\/UCXhagIfszH8KxFiOok79zbA?view_as=subscriber\"]},{\"@type\":\"Person\",\"@id\":\"https:\/\/experienciadevida.com.ar\/portalurbano\/#\/schema\/person\/02dd326b1c4b056e9cc972486934a3a7\",\"name\":\"admpu17wp\",\"image\":{\"@type\":\"ImageObject\",\"inLanguage\":\"es\",\"@id\":\"https:\/\/experienciadevida.com.ar\/portalurbano\/#\/schema\/person\/image\/\",\"url\":\"https:\/\/secure.gravatar.com\/avatar\/830d4c57adaae6630765e449a6908047?s=96&d=mm&r=g\",\"contentUrl\":\"https:\/\/secure.gravatar.com\/avatar\/830d4c57adaae6630765e449a6908047?s=96&d=mm&r=g\",\"caption\":\"admpu17wp\"}}]}<\/script>\n<!-- \/ Yoast SEO plugin. -->","yoast_head_json":{"title":"Nacieron carpinchos en el Bioparque la m\u00e1xima -","robots":{"index":"index","follow":"follow","max-snippet":"max-snippet:-1","max-image-preview":"max-image-preview:large","max-video-preview":"max-video-preview:-1"},"canonical":"https:\/\/experienciadevida.com.ar\/portalurbano\/nacieron-carpinchos-en-el-bioparque-la-maxima\/","og_locale":"es_ES","og_type":"article","og_title":"Nacieron carpinchos en el Bioparque la m\u00e1xima -","og_description":"Nacieron carpinchos en el Bioparque la m\u00e1xima, y convivir\u00e1n en el predio con diferentes especies...","og_url":"https:\/\/experienciadevida.com.ar\/portalurbano\/nacieron-carpinchos-en-el-bioparque-la-maxima\/","article_publisher":"https:\/\/www.facebook.com\/Portal-Urbano-171542830093757\/","article_published_time":"2022-01-15T14:46:37+00:00","article_modified_time":"2022-01-15T14:47:53+00:00","og_image":[{"width":1772,"height":1181,"url":"https:\/\/experienciadevida.com.ar\/portalurbano\/wp-content\/uploads\/2022\/01\/Nacieron-carpinchos-en-el.jpg","type":"image\/jpeg"}],"author":"admpu17wp","twitter_card":"summary_large_image","twitter_creator":"@portalurbanook","twitter_site":"@portalurbanook","twitter_misc":{"Escrito por":"admpu17wp","Tiempo de lectura":"4 minutos"},"schema":{"@context":"https:\/\/schema.org","@graph":[{"@type":"Article","@id":"https:\/\/experienciadevida.com.ar\/portalurbano\/nacieron-carpinchos-en-el-bioparque-la-maxima\/#article","isPartOf":{"@id":"https:\/\/experienciadevida.com.ar\/portalurbano\/nacieron-carpinchos-en-el-bioparque-la-maxima\/"},"author":{"name":"admpu17wp","@id":"https:\/\/experienciadevida.com.ar\/portalurbano\/#\/schema\/person\/02dd326b1c4b056e9cc972486934a3a7"},"headline":"Nacieron carpinchos en el Bioparque la m\u00e1xima","datePublished":"2022-01-15T14:46:37+00:00","dateModified":"2022-01-15T14:47:53+00:00","mainEntityOfPage":{"@id":"https:\/\/experienciadevida.com.ar\/portalurbano\/nacieron-carpinchos-en-el-bioparque-la-maxima\/"},"wordCount":683,"publisher":{"@id":"https:\/\/experienciadevida.com.ar\/portalurbano\/#organization"},"articleSection":["Ciudad"],"inLanguage":"es"},{"@type":"WebPage","@id":"https:\/\/experienciadevida.com.ar\/portalurbano\/nacieron-carpinchos-en-el-bioparque-la-maxima\/","url":"https:\/\/experienciadevida.com.ar\/portalurbano\/nacieron-carpinchos-en-el-bioparque-la-maxima\/","name":"Nacieron carpinchos en el Bioparque la m\u00e1xima -","isPartOf":{"@id":"https:\/\/experienciadevida.com.ar\/portalurbano\/#website"},"datePublished":"2022-01-15T14:46:37+00:00","dateModified":"2022-01-15T14:47:53+00:00","breadcrumb":{"@id":"https:\/\/experienciadevida.com.ar\/portalurbano\/nacieron-carpinchos-en-el-bioparque-la-maxima\/#breadcrumb"},"inLanguage":"es","potentialAction":[{"@type":"ReadAction","target":["https:\/\/experienciadevida.com.ar\/portalurbano\/nacieron-carpinchos-en-el-bioparque-la-maxima\/"]}]},{"@type":"BreadcrumbList","@id":"https:\/\/experienciadevida.com.ar\/portalurbano\/nacieron-carpinchos-en-el-bioparque-la-maxima\/#breadcrumb","itemListElement":[{"@type":"ListItem","position":1,"name":"Portada","item":"https:\/\/experienciadevida.com.ar\/portalurbano\/"},{"@type":"ListItem","position":2,"name":"Nacieron carpinchos en el Bioparque la m\u00e1xima"}]},{"@type":"WebSite","@id":"https:\/\/experienciadevida.com.ar\/portalurbano\/#website","url":"https:\/\/experienciadevida.com.ar\/portalurbano\/","name":"","description":"","publisher":{"@id":"https:\/\/experienciadevida.com.ar\/portalurbano\/#organization"},"potentialAction":[{"@type":"SearchAction","target":{"@type":"EntryPoint","urlTemplate":"https:\/\/experienciadevida.com.ar\/portalurbano\/?s={search_term_string}"},"query-input":"required name=search_term_string"}],"inLanguage":"es"},{"@type":"Organization","@id":"https:\/\/experienciadevida.com.ar\/portalurbano\/#organization","name":"Portal Urbano","url":"https:\/\/experienciadevida.com.ar\/portalurbano\/","logo":{"@type":"ImageObject","inLanguage":"es","@id":"https:\/\/experienciadevida.com.ar\/portalurbano\/#\/schema\/logo\/image\/","url":"https:\/\/experienciadevida.com.ar\/portalurbano\/wp-content\/uploads\/2019\/09\/Logo-Original.png","contentUrl":"https:\/\/experienciadevida.com.ar\/portalurbano\/wp-content\/uploads\/2019\/09\/Logo-Original.png","width":2236,"height":1216,"caption":"Portal Urbano"},"image":{"@id":"https:\/\/experienciadevida.com.ar\/portalurbano\/#\/schema\/logo\/image\/"},"sameAs":["https:\/\/www.facebook.com\/Portal-Urbano-171542830093757\/","https:\/\/twitter.com\/portalurbanook","https:\/\/www.instagram.com\/_portalurbano\/","https:\/\/www.youtube.com\/channel\/UCXhagIfszH8KxFiOok79zbA?view_as=subscriber"]},{"@type":"Person","@id":"https:\/\/experienciadevida.com.ar\/portalurbano\/#\/schema\/person\/02dd326b1c4b056e9cc972486934a3a7","name":"admpu17wp","image":{"@type":"ImageObject","inLanguage":"es","@id":"https:\/\/experienciadevida.com.ar\/portalurbano\/#\/schema\/person\/image\/","url":"https:\/\/secure.gravatar.com\/avatar\/830d4c57adaae6630765e449a6908047?s=96&d=mm&r=g","contentUrl":"https:\/\/secure.gravatar.com\/avatar\/830d4c57adaae6630765e449a6908047?s=96&d=mm&r=g","caption":"admpu17wp"}}]}},"featured_image_urls":{"full":["https:\/\/experienciadevida.com.ar\/portalurbano\/wp-content\/uploads\/2022\/01\/Nacieron-carpinchos-en-el.jpg",1772,1181,false],"thumbnail":["https:\/\/experienciadevida.com.ar\/portalurbano\/wp-content\/uploads\/2022\/01\/Nacieron-carpinchos-en-el-150x150.jpg",150,150,true],"medium":["https:\/\/experienciadevida.com.ar\/portalurbano\/wp-content\/uploads\/2022\/01\/Nacieron-carpinchos-en-el-300x200.jpg",300,200,true],"medium_large":["https:\/\/experienciadevida.com.ar\/portalurbano\/wp-content\/uploads\/2022\/01\/Nacieron-carpinchos-en-el-768x512.jpg",640,427,true],"large":["https:\/\/experienciadevida.com.ar\/portalurbano\/wp-content\/uploads\/2022\/01\/Nacieron-carpinchos-en-el-1024x682.jpg",640,426,true],"ug_big":["https:\/\/experienciadevida.com.ar\/portalurbano\/wp-content\/uploads\/2022\/01\/Nacieron-carpinchos-en-el-768x512.jpg",768,512,true],"1536x1536":["https:\/\/experienciadevida.com.ar\/portalurbano\/wp-content\/uploads\/2022\/01\/Nacieron-carpinchos-en-el-1536x1024.jpg",1536,1024,true],"2048x2048":["https:\/\/experienciadevida.com.ar\/portalurbano\/wp-content\/uploads\/2022\/01\/Nacieron-carpinchos-en-el.jpg",1772,1181,false],"newsever-slider-full":["https:\/\/experienciadevida.com.ar\/portalurbano\/wp-content\/uploads\/2022\/01\/Nacieron-carpinchos-en-el.jpg",1268,845,false],"newsever-featured":["https:\/\/experienciadevida.com.ar\/portalurbano\/wp-content\/uploads\/2022\/01\/Nacieron-carpinchos-en-el.jpg",1024,682,false],"newsever-medium":["https:\/\/experienciadevida.com.ar\/portalurbano\/wp-content\/uploads\/2022\/01\/Nacieron-carpinchos-en-el.jpg",713,475,false],"web-stories-poster-portrait":["https:\/\/experienciadevida.com.ar\/portalurbano\/wp-content\/uploads\/2022\/01\/Nacieron-carpinchos-en-el.jpg",640,427,false],"web-stories-publisher-logo":["https:\/\/experienciadevida.com.ar\/portalurbano\/wp-content\/uploads\/2022\/01\/Nacieron-carpinchos-en-el.jpg",96,64,false],"web-stories-thumbnail":["https:\/\/experienciadevida.com.ar\/portalurbano\/wp-content\/uploads\/2022\/01\/Nacieron-carpinchos-en-el.jpg",150,100,false]},"author_info":{"display_name":"admpu17wp","author_link":"https:\/\/experienciadevida.com.ar\/portalurbano\/author\/admpu17wp\/"},"category_info":"<a href=\"https:\/\/experienciadevida.com.ar\/portalurbano\/category\/ciudad\/\" rel=\"category tag\">Ciudad<\/a>","tag_info":"Ciudad","comment_count":"0","amp_enabled":true,"_links":{"self":[{"href":"https:\/\/experienciadevida.com.ar\/portalurbano\/wp-json\/wp\/v2\/posts\/160019"}],"collection":[{"href":"https:\/\/experienciadevida.com.ar\/portalurbano\/wp-json\/wp\/v2\/posts"}],"about":[{"href":"https:\/\/experienciadevida.com.ar\/portalurbano\/wp-json\/wp\/v2\/types\/post"}],"author":[{"embeddable":true,"href":"https:\/\/experienciadevida.com.ar\/portalurbano\/wp-json\/wp\/v2\/users\/1"}],"replies":[{"embeddable":true,"href":"https:\/\/experienciadevida.com.ar\/portalurbano\/wp-json\/wp\/v2\/comments?post=160019"}],"version-history":[{"count":2,"href":"https:\/\/experienciadevida.com.ar\/portalurbano\/wp-json\/wp\/v2\/posts\/160019\/revisions"}],"predecessor-version":[{"id":160023,"href":"https:\/\/experienciadevida.com.ar\/portalurbano\/wp-json\/wp\/v2\/posts\/160019\/revisions\/160023"}],"wp:featuredmedia":[{"embeddable":true,"href":"https:\/\/experienciadevida.com.ar\/portalurbano\/wp-json\/wp\/v2\/media\/160020"}],"wp:attachment":[{"href":"https:\/\/experienciadevida.com.ar\/portalurbano\/wp-json\/wp\/v2\/media?parent=160019"}],"wp:term":[{"taxonomy":"category","embeddable":true,"href":"https:\/\/experienciadevida.com.ar\/portalurbano\/wp-json\/wp\/v2\/categories?post=160019"},{"taxonomy":"post_tag","embeddable":true,"href":"https:\/\/experienciadevida.com.ar\/portalurbano\/wp-json\/wp\/v2\/tags?post=160019"}],"curies":[{"name":"wp","href":"https:\/\/api.w.org\/{rel}","templated":true}]}}