{"id":159972,"date":"2022-01-14T11:51:04","date_gmt":"2022-01-14T14:51:04","guid":{"rendered":"https:\/\/experienciadevida.com.ar\/portalurbano\/?p=159972"},"modified":"2022-01-14T13:00:13","modified_gmt":"2022-01-14T16:00:13","slug":"estamos-en-una-transicion-de-una-enfermedad-pandemica-a-una-endemica","status":"publish","type":"post","link":"https:\/\/experienciadevida.com.ar\/portalurbano\/estamos-en-una-transicion-de-una-enfermedad-pandemica-a-una-endemica\/","title":{"rendered":"\u201cEstamos en una transici\u00f3n de una enfermedad pand\u00e9mica a una end\u00e9mica\u201d"},"content":{"rendered":"<p>\u201cEstamos en una transici\u00f3n de una enfermedad pand\u00e9mica a una end\u00e9mica\u201d, as\u00ed lo dijo el <a href=\"https:\/\/www.facebook.com\/galliezequiel\">intendente<\/a> este viernes en <a href=\"https:\/\/experienciadevida.com.ar\/portalurbano\/por-la-situacion-sanitaria-el-intendente-brindara-una-conferencia-este-viernes\/\">conferencia<\/a> de prensa acompa\u00f1ado por el secretario de Salud Germ\u00e1n Caputo\u2013 en la que se abord\u00f3 la sala de situaci\u00f3n actual respecto al Covid-19.<\/p>\n<p>\u201cComo ustedes saben estamos transitando la tercer ola en el Partido de Olavarr\u00eda y quer\u00edamos contarles como est\u00e1 la situaci\u00f3n, estamos informando todos los d\u00edas la cantidad de casos, es importante que Germ\u00e1n explique el cambio de protocolo de aislamiento. Desde el d\u00eda de ayer hay un cambio de protocolo, as\u00ed que estamos haciendo esta conferencia para que nos ayuden a comunicar el mensaje y que llegue a toda la ciudadan\u00eda, que se claro y que no haya malas interpretaciones\u201d, expres\u00f3 Galli.<\/p>\n<p><a href=\"https:\/\/experienciadevida.com.ar\/portalurbano\/estamos-en-una-transicion-de-una-enfermedad-pandemica-a-una-endemica\/estamos\/\" rel=\"attachment wp-att-159979\"><img decoding=\"async\" class=\"alignnone size-large wp-image-159979\" src=\"https:\/\/experienciadevida.com.ar\/portalurbano\/wp-content\/uploads\/2022\/01\/Estamos-1024x684.jpg\" alt=\"Estamos \" width=\"900\" height=\"601\" \/><\/a><\/p>\n<p>\u201cTenemos 4261 activos es un n\u00famero muy importante en cantidad. En comparaci\u00f3n, el 14 de abril de 2021 ten\u00edamos 1212. Hoy tenemos 14 internados, la mayor\u00eda en vigilancia, que no son por la enfermedad en s\u00ed, muchos ingresaron por una fractura, apendicitis, etc, se hacen los testeos y dan positivo. El 14 de abril ten\u00edamos 75 internados. Esto habla de la importancia de la vacunaci\u00f3n que venimos hablando siempre, que permite transitar la enfermedad sin internaci\u00f3n, sin resentir el sistema de salud. Hay un cambio importante en el transito del pico de la tercera ola. Estamos en una transici\u00f3n de una enfermedad pand\u00e9mica a una end\u00e9mica. Estamos monitoreando d\u00eda a d\u00eda la cantidad de casos\u201d, indic\u00f3.<\/p>\n<p>Adem\u00e1s agreg\u00f3 que \u201cel protocolo se ha modificado, contactos estrechos con tres dosis no se tienen que aislar. Hay una preocupaci\u00f3n de empresarios y comerciantes por la gran cantidad de gente aislada. Es un problema en todo el pa\u00eds, que no hay gente para completar un turno en f\u00e1brica, en los comercios gastron\u00f3micos que tienen que cerrar. Es una decisi\u00f3n muy acertada del Ministerio de Salud de la Naci\u00f3n que los contactos estrechos vacunados sin s\u00edntomas, con tres dosis no se tengan que aislar. Son peque\u00f1os pasos hacia la salida de la pandemia\u201d.<\/p>\n<p>Al respecto, el Dr. Germ\u00e1n Caputo mostr\u00f3 los gr\u00e1ficos que permiten analizar distintos aspectos de la situaci\u00f3n sanitaria, en relaci\u00f3n a la pandemia, cantidad de casos y el impacto de la vacunaci\u00f3n.<\/p>\n<p>Caputo hizo una comparaci\u00f3n entre la segunda y tercer ola, en cuanto a la letalidad. Actualmente, si bien el n\u00famero de casos es alto, la tasa de letalidad se encuentra en un porcentaje del 0,02%.<\/p>\n<p>\u201cEs una variante gen\u00e9tica que la hace leve la vacunaci\u00f3n\u201d, dijo Caputo en referencia a la variante \u00d3micron.<\/p>\n<p>\u201cLos n\u00fameros finales son altos pero la contenci\u00f3n del sistema de salud est\u00e1 manejada. Los pacientes ingresan con otra patolog\u00eda y cuando hacemos el testeo, posteriormente dan positivo\u201d, indic\u00f3 Caputo.<\/p>\n<p>\u201cEn los \u00faltimos 15 d\u00edas realizamos 10.000 testeos. Hemos notado en las colas que hay una alta demanda en el m\u00e9todo de diagn\u00f3stico\u201d, afirm\u00f3.<\/p>\n<p>Tambi\u00e9n Caputo se refiri\u00f3 a los auto test aprobados por la ANMAT -que en palabras del secretario de Salud- \u201chay cinco autotest, es una ayuda en esta transici\u00f3n de la que estamos hablando, parece f\u00e1cil pero va a requerir alg\u00fan tipo de un instructivo. Es similar a un test de embarazo, pero lo que tiene de complejo es el registro para la farmacia, porque el paciente es un caso probable de Covid, es engorroso desde este punto de vista\u201d.<\/p>\n<p>\u201cLa capacidad de vacunaci\u00f3n aument\u00f3 a nivel mundial y empieza a bajar la cantidad de muertes, a grandes rasgos la vacunaci\u00f3n disminuy\u00f3 la mortalidad\u201d, sostuvo Caputo. En cuanto a los porcentajes en el Municipio de Olavarr\u00eda, indic\u00f3 que el 92% cuenta con una dosis, 83% con dos y 28% con tres.<\/p>\n<p>\u201cEn un mes subi\u00f3 pero en tres o cuatro semanas va a bajar\u201d, agreg\u00f3 en relaci\u00f3n al avance de la nueva variante \u00d3micron. Al mismo tiempo asegur\u00f3 que los testeos diarios, tanto en el \u00e1mbito p\u00fablico como privado aumentaron considerablemente. \u201cEstamos testeando un n\u00famero muy importante, tenemos tres hisopadoras con un muy buen entrenamiento, desde que empez\u00f3 la pandemia los testeos fueron nuestra arma de lucha. Hay una log\u00edstica muy aceitada\u201d.<\/p>\n<p>Sobre el final, al ser consultado sobre nuevas medidas restrictivas, Galli dijo que \u201cno estamos hablando de medidas restrictivas, estamos siguiendo la realidad, los n\u00fameros que tenemos, el tema m\u00e1s grande es la cantidad de gente aislada por contacto estrecho, as\u00ed que estamos cubriendo varios servicios con horas extras, para garantizar la atenci\u00f3n para toda la comunidad. Estamos haciendo un esfuerzo importante, sobre todo en el caso de los turnos que estaban programados, como en Licencias de Conducir, para no suspender la atenci\u00f3n\u201d.<\/p>\n<p>\u201cCreemos que el sistema de salud va a soportar como hasta ahora. Tuvimos un pico de contagios, coincide con los d\u00edas de fiestas, pero con el cambio de protocolo entre hoy y ma\u00f1ana vamos a tener mayor n\u00famero de curados y va a bajar considerablemente\u201d, argument\u00f3 Galli.<\/p>\n<p>\u201cCuando uno eval\u00faa medidas restrictivas hay que considerar el impacto econ\u00f3mico, estamos en un pa\u00eds que est\u00e1 atravesando una crisis, que no soportar\u00eda el cierre de actividades, hay que buscar el equilibrio entre los econ\u00f3mico, sanitario y social\u201d, enfatiz\u00f3.<\/p>\n<p>\u201cEstamos transitando la tercera ola con todas las actividades abiertas y no se resinti\u00f3 el sistema de salud. La gente necesita poder tener actividades, colonias de verano abiertas, los j\u00f3venes necesitan actividades de esparcimiento nocturnas y seguir transitando una vida normal, mientras que no se resienta el sistema sanitario\u201d, dijo el Intendente.<\/p>\n<p>\u201cNo estamos teniendo una sobreocupaci\u00f3n de camas, Mi forma de ver es que no cerrar las actividades, cumplir los protocolos, cuidarnos de la mejor manera posible, porque vemos los n\u00fameros de la vacunaci\u00f3n que ha impactado y podemos pensar que estamos saliendo de la pandemia, no queremos decir que se haya terminado, porque la situaci\u00f3n es din\u00e1mica\u201d, transmiti\u00f3.<\/p>\n<p>\u201cTenemos que pensar que va a ser una enfermedad m\u00e1s como la gripe, no vamos a tener que vacunar todos los a\u00f1os, que va a estar en el calendario de vacunaci\u00f3n, mientras tanto tenemos que seguir viviendo\u201d, insisti\u00f3 Galli.<\/p>\n<p>\u201cEstamos en la transici\u00f3n a que se convierta en end\u00e9mica, no va a ser de un d\u00eda para el otro, va a llevar tiempo, cambiar estrategias, no creo que estemos mucho tiempo m\u00e1s hisopando, hay una transici\u00f3n que esperamos sea corta\u201d, concluy\u00f3 Caputo.<\/p>\n<p>\u201cTenemos que buscar este equilibrio para que podamos transitar esta transici\u00f3n sin alterar el sistema de salud, sin interrumpir la parte social. Gracias a la vacunaci\u00f3n mejor\u00f3 el estilo de vida, la expectativa de vida a nivel general\u201d, dijo.<\/p>\n<p>Caputo agreg\u00f3 que \u201cla vacunaci\u00f3n en chicos est\u00e1 aumentando y vamos a llegar con un porcentaje alto\u201d.<\/p>\n<p><a href=\"https:\/\/experienciadevida.com.ar\/portalurbano\/estamos-en-una-transicion-de-una-enfermedad-pandemica-a-una-endemica\/en-una\/\" rel=\"attachment wp-att-159980\"><img decoding=\"async\" class=\"alignnone size-large wp-image-159980\" src=\"https:\/\/experienciadevida.com.ar\/portalurbano\/wp-content\/uploads\/2022\/01\/en-una-1024x684.jpg\" alt=\"en una \" width=\"900\" height=\"601\" \/><\/a><\/p>\n","protected":false},"excerpt":{"rendered":"<p>\u201cEstamos en una transici\u00f3n de una enfermedad pand\u00e9mica a una end\u00e9mica\u201d, as\u00ed lo dijo el&#8230;<\/p>\n","protected":false},"author":1,"featured_media":159973,"comment_status":"closed","ping_status":"closed","sticky":false,"template":"","format":"standard","meta":{"content-type":""},"categories":[27,51],"tags":[],"nelio_content":{"isAutoShareEnabled":false,"autoShareEndMode":"default","automationSources":{"useContentSentences":true,"useSocialTemplates":true,"useCustomSentences":false,"customSentences":[]},"followers":[1],"suggestedReferences":[],"includedReferences":[],"efiUrl":"","efiAlt":"","highlights":[]},"yoast_head":"<!-- This site is optimized with the Yoast SEO plugin v20.7 - https:\/\/yoast.com\/wordpress\/plugins\/seo\/ -->\n<title>&quot;Estamos en una transici\u00f3n de una enfermedad pand\u00e9mica&quot;<\/title>\n<meta name=\"description\" content=\"\u201cEstamos en una transici\u00f3n de una enfermedad pand\u00e9mica a una end\u00e9mica\u201d, as\u00ed lo dijo el intendente este viernes en conferencia de prensa\" \/>\n<meta name=\"robots\" content=\"index, follow, max-snippet:-1, max-image-preview:large, max-video-preview:-1\" \/>\n<link rel=\"canonical\" href=\"https:\/\/experienciadevida.com.ar\/portalurbano\/estamos-en-una-transicion-de-una-enfermedad-pandemica-a-una-endemica\/\" \/>\n<meta property=\"og:locale\" content=\"es_ES\" \/>\n<meta property=\"og:type\" content=\"article\" \/>\n<meta property=\"og:title\" content=\"&quot;Estamos en una transici\u00f3n de una enfermedad pand\u00e9mica&quot;\" \/>\n<meta property=\"og:description\" content=\"\u201cEstamos en una transici\u00f3n de una enfermedad pand\u00e9mica a una end\u00e9mica\u201d, as\u00ed lo dijo el intendente este viernes en conferencia de prensa\" \/>\n<meta property=\"og:url\" content=\"https:\/\/experienciadevida.com.ar\/portalurbano\/estamos-en-una-transicion-de-una-enfermedad-pandemica-a-una-endemica\/\" \/>\n<meta property=\"article:publisher\" content=\"https:\/\/www.facebook.com\/Portal-Urbano-171542830093757\/\" \/>\n<meta property=\"article:published_time\" content=\"2022-01-14T14:51:04+00:00\" \/>\n<meta property=\"article:modified_time\" content=\"2022-01-14T16:00:13+00:00\" \/>\n<meta property=\"og:image\" content=\"https:\/\/experienciadevida.com.ar\/portalurbano\/wp-content\/uploads\/2022\/01\/Estamos-en-una-transicion.jpg\" \/>\n\t<meta property=\"og:image:width\" content=\"2560\" \/>\n\t<meta property=\"og:image:height\" content=\"1711\" \/>\n\t<meta property=\"og:image:type\" content=\"image\/jpeg\" \/>\n<meta name=\"author\" content=\"admpu17wp\" \/>\n<meta name=\"twitter:card\" content=\"summary_large_image\" \/>\n<meta name=\"twitter:creator\" content=\"@portalurbanook\" \/>\n<meta name=\"twitter:site\" content=\"@portalurbanook\" \/>\n<meta name=\"twitter:label1\" content=\"Escrito por\" \/>\n\t<meta name=\"twitter:data1\" content=\"admpu17wp\" \/>\n\t<meta name=\"twitter:label2\" content=\"Tiempo de lectura\" \/>\n\t<meta name=\"twitter:data2\" content=\"6 minutos\" \/>\n<script type=\"application\/ld+json\" class=\"yoast-schema-graph\">{\"@context\":\"https:\/\/schema.org\",\"@graph\":[{\"@type\":\"Article\",\"@id\":\"https:\/\/experienciadevida.com.ar\/portalurbano\/estamos-en-una-transicion-de-una-enfermedad-pandemica-a-una-endemica\/#article\",\"isPartOf\":{\"@id\":\"https:\/\/experienciadevida.com.ar\/portalurbano\/estamos-en-una-transicion-de-una-enfermedad-pandemica-a-una-endemica\/\"},\"author\":{\"name\":\"admpu17wp\",\"@id\":\"https:\/\/experienciadevida.com.ar\/portalurbano\/#\/schema\/person\/02dd326b1c4b056e9cc972486934a3a7\"},\"headline\":\"\u201cEstamos en una transici\u00f3n de una enfermedad pand\u00e9mica a una end\u00e9mica\u201d\",\"datePublished\":\"2022-01-14T14:51:04+00:00\",\"dateModified\":\"2022-01-14T16:00:13+00:00\",\"mainEntityOfPage\":{\"@id\":\"https:\/\/experienciadevida.com.ar\/portalurbano\/estamos-en-una-transicion-de-una-enfermedad-pandemica-a-una-endemica\/\"},\"wordCount\":1181,\"publisher\":{\"@id\":\"https:\/\/experienciadevida.com.ar\/portalurbano\/#organization\"},\"articleSection\":[\"Ciudad\",\"Destacadas\"],\"inLanguage\":\"es\"},{\"@type\":\"WebPage\",\"@id\":\"https:\/\/experienciadevida.com.ar\/portalurbano\/estamos-en-una-transicion-de-una-enfermedad-pandemica-a-una-endemica\/\",\"url\":\"https:\/\/experienciadevida.com.ar\/portalurbano\/estamos-en-una-transicion-de-una-enfermedad-pandemica-a-una-endemica\/\",\"name\":\"\\\"Estamos en una transici\u00f3n de una enfermedad pand\u00e9mica\\\"\",\"isPartOf\":{\"@id\":\"https:\/\/experienciadevida.com.ar\/portalurbano\/#website\"},\"datePublished\":\"2022-01-14T14:51:04+00:00\",\"dateModified\":\"2022-01-14T16:00:13+00:00\",\"description\":\"\u201cEstamos en una transici\u00f3n de una enfermedad pand\u00e9mica a una end\u00e9mica\u201d, as\u00ed lo dijo el intendente este viernes en conferencia de prensa\",\"breadcrumb\":{\"@id\":\"https:\/\/experienciadevida.com.ar\/portalurbano\/estamos-en-una-transicion-de-una-enfermedad-pandemica-a-una-endemica\/#breadcrumb\"},\"inLanguage\":\"es\",\"potentialAction\":[{\"@type\":\"ReadAction\",\"target\":[\"https:\/\/experienciadevida.com.ar\/portalurbano\/estamos-en-una-transicion-de-una-enfermedad-pandemica-a-una-endemica\/\"]}]},{\"@type\":\"BreadcrumbList\",\"@id\":\"https:\/\/experienciadevida.com.ar\/portalurbano\/estamos-en-una-transicion-de-una-enfermedad-pandemica-a-una-endemica\/#breadcrumb\",\"itemListElement\":[{\"@type\":\"ListItem\",\"position\":1,\"name\":\"Portada\",\"item\":\"https:\/\/experienciadevida.com.ar\/portalurbano\/\"},{\"@type\":\"ListItem\",\"position\":2,\"name\":\"\u201cEstamos en una transici\u00f3n de una enfermedad pand\u00e9mica a una end\u00e9mica\u201d\"}]},{\"@type\":\"WebSite\",\"@id\":\"https:\/\/experienciadevida.com.ar\/portalurbano\/#website\",\"url\":\"https:\/\/experienciadevida.com.ar\/portalurbano\/\",\"name\":\"\",\"description\":\"\",\"publisher\":{\"@id\":\"https:\/\/experienciadevida.com.ar\/portalurbano\/#organization\"},\"potentialAction\":[{\"@type\":\"SearchAction\",\"target\":{\"@type\":\"EntryPoint\",\"urlTemplate\":\"https:\/\/experienciadevida.com.ar\/portalurbano\/?s={search_term_string}\"},\"query-input\":\"required name=search_term_string\"}],\"inLanguage\":\"es\"},{\"@type\":\"Organization\",\"@id\":\"https:\/\/experienciadevida.com.ar\/portalurbano\/#organization\",\"name\":\"Portal Urbano\",\"url\":\"https:\/\/experienciadevida.com.ar\/portalurbano\/\",\"logo\":{\"@type\":\"ImageObject\",\"inLanguage\":\"es\",\"@id\":\"https:\/\/experienciadevida.com.ar\/portalurbano\/#\/schema\/logo\/image\/\",\"url\":\"https:\/\/experienciadevida.com.ar\/portalurbano\/wp-content\/uploads\/2019\/09\/Logo-Original.png\",\"contentUrl\":\"https:\/\/experienciadevida.com.ar\/portalurbano\/wp-content\/uploads\/2019\/09\/Logo-Original.png\",\"width\":2236,\"height\":1216,\"caption\":\"Portal Urbano\"},\"image\":{\"@id\":\"https:\/\/experienciadevida.com.ar\/portalurbano\/#\/schema\/logo\/image\/\"},\"sameAs\":[\"https:\/\/www.facebook.com\/Portal-Urbano-171542830093757\/\",\"https:\/\/twitter.com\/portalurbanook\",\"https:\/\/www.instagram.com\/_portalurbano\/\",\"https:\/\/www.youtube.com\/channel\/UCXhagIfszH8KxFiOok79zbA?view_as=subscriber\"]},{\"@type\":\"Person\",\"@id\":\"https:\/\/experienciadevida.com.ar\/portalurbano\/#\/schema\/person\/02dd326b1c4b056e9cc972486934a3a7\",\"name\":\"admpu17wp\",\"image\":{\"@type\":\"ImageObject\",\"inLanguage\":\"es\",\"@id\":\"https:\/\/experienciadevida.com.ar\/portalurbano\/#\/schema\/person\/image\/\",\"url\":\"https:\/\/secure.gravatar.com\/avatar\/830d4c57adaae6630765e449a6908047?s=96&d=mm&r=g\",\"contentUrl\":\"https:\/\/secure.gravatar.com\/avatar\/830d4c57adaae6630765e449a6908047?s=96&d=mm&r=g\",\"caption\":\"admpu17wp\"}}]}<\/script>\n<!-- \/ Yoast SEO plugin. -->","yoast_head_json":{"title":"\"Estamos en una transici\u00f3n de una enfermedad pand\u00e9mica\"","description":"\u201cEstamos en una transici\u00f3n de una enfermedad pand\u00e9mica a una end\u00e9mica\u201d, as\u00ed lo dijo el intendente este viernes en conferencia de prensa","robots":{"index":"index","follow":"follow","max-snippet":"max-snippet:-1","max-image-preview":"max-image-preview:large","max-video-preview":"max-video-preview:-1"},"canonical":"https:\/\/experienciadevida.com.ar\/portalurbano\/estamos-en-una-transicion-de-una-enfermedad-pandemica-a-una-endemica\/","og_locale":"es_ES","og_type":"article","og_title":"\"Estamos en una transici\u00f3n de una enfermedad pand\u00e9mica\"","og_description":"\u201cEstamos en una transici\u00f3n de una enfermedad pand\u00e9mica a una end\u00e9mica\u201d, as\u00ed lo dijo el intendente este viernes en conferencia de prensa","og_url":"https:\/\/experienciadevida.com.ar\/portalurbano\/estamos-en-una-transicion-de-una-enfermedad-pandemica-a-una-endemica\/","article_publisher":"https:\/\/www.facebook.com\/Portal-Urbano-171542830093757\/","article_published_time":"2022-01-14T14:51:04+00:00","article_modified_time":"2022-01-14T16:00:13+00:00","og_image":[{"width":2560,"height":1711,"url":"https:\/\/experienciadevida.com.ar\/portalurbano\/wp-content\/uploads\/2022\/01\/Estamos-en-una-transicion.jpg","type":"image\/jpeg"}],"author":"admpu17wp","twitter_card":"summary_large_image","twitter_creator":"@portalurbanook","twitter_site":"@portalurbanook","twitter_misc":{"Escrito por":"admpu17wp","Tiempo de lectura":"6 minutos"},"schema":{"@context":"https:\/\/schema.org","@graph":[{"@type":"Article","@id":"https:\/\/experienciadevida.com.ar\/portalurbano\/estamos-en-una-transicion-de-una-enfermedad-pandemica-a-una-endemica\/#article","isPartOf":{"@id":"https:\/\/experienciadevida.com.ar\/portalurbano\/estamos-en-una-transicion-de-una-enfermedad-pandemica-a-una-endemica\/"},"author":{"name":"admpu17wp","@id":"https:\/\/experienciadevida.com.ar\/portalurbano\/#\/schema\/person\/02dd326b1c4b056e9cc972486934a3a7"},"headline":"\u201cEstamos en una transici\u00f3n de una enfermedad pand\u00e9mica a una end\u00e9mica\u201d","datePublished":"2022-01-14T14:51:04+00:00","dateModified":"2022-01-14T16:00:13+00:00","mainEntityOfPage":{"@id":"https:\/\/experienciadevida.com.ar\/portalurbano\/estamos-en-una-transicion-de-una-enfermedad-pandemica-a-una-endemica\/"},"wordCount":1181,"publisher":{"@id":"https:\/\/experienciadevida.com.ar\/portalurbano\/#organization"},"articleSection":["Ciudad","Destacadas"],"inLanguage":"es"},{"@type":"WebPage","@id":"https:\/\/experienciadevida.com.ar\/portalurbano\/estamos-en-una-transicion-de-una-enfermedad-pandemica-a-una-endemica\/","url":"https:\/\/experienciadevida.com.ar\/portalurbano\/estamos-en-una-transicion-de-una-enfermedad-pandemica-a-una-endemica\/","name":"\"Estamos en una transici\u00f3n de una enfermedad pand\u00e9mica\"","isPartOf":{"@id":"https:\/\/experienciadevida.com.ar\/portalurbano\/#website"},"datePublished":"2022-01-14T14:51:04+00:00","dateModified":"2022-01-14T16:00:13+00:00","description":"\u201cEstamos en una transici\u00f3n de una enfermedad pand\u00e9mica a una end\u00e9mica\u201d, as\u00ed lo dijo el intendente este viernes en conferencia de prensa","breadcrumb":{"@id":"https:\/\/experienciadevida.com.ar\/portalurbano\/estamos-en-una-transicion-de-una-enfermedad-pandemica-a-una-endemica\/#breadcrumb"},"inLanguage":"es","potentialAction":[{"@type":"ReadAction","target":["https:\/\/experienciadevida.com.ar\/portalurbano\/estamos-en-una-transicion-de-una-enfermedad-pandemica-a-una-endemica\/"]}]},{"@type":"BreadcrumbList","@id":"https:\/\/experienciadevida.com.ar\/portalurbano\/estamos-en-una-transicion-de-una-enfermedad-pandemica-a-una-endemica\/#breadcrumb","itemListElement":[{"@type":"ListItem","position":1,"name":"Portada","item":"https:\/\/experienciadevida.com.ar\/portalurbano\/"},{"@type":"ListItem","position":2,"name":"\u201cEstamos en una transici\u00f3n de una enfermedad pand\u00e9mica a una end\u00e9mica\u201d"}]},{"@type":"WebSite","@id":"https:\/\/experienciadevida.com.ar\/portalurbano\/#website","url":"https:\/\/experienciadevida.com.ar\/portalurbano\/","name":"","description":"","publisher":{"@id":"https:\/\/experienciadevida.com.ar\/portalurbano\/#organization"},"potentialAction":[{"@type":"SearchAction","target":{"@type":"EntryPoint","urlTemplate":"https:\/\/experienciadevida.com.ar\/portalurbano\/?s={search_term_string}"},"query-input":"required name=search_term_string"}],"inLanguage":"es"},{"@type":"Organization","@id":"https:\/\/experienciadevida.com.ar\/portalurbano\/#organization","name":"Portal Urbano","url":"https:\/\/experienciadevida.com.ar\/portalurbano\/","logo":{"@type":"ImageObject","inLanguage":"es","@id":"https:\/\/experienciadevida.com.ar\/portalurbano\/#\/schema\/logo\/image\/","url":"https:\/\/experienciadevida.com.ar\/portalurbano\/wp-content\/uploads\/2019\/09\/Logo-Original.png","contentUrl":"https:\/\/experienciadevida.com.ar\/portalurbano\/wp-content\/uploads\/2019\/09\/Logo-Original.png","width":2236,"height":1216,"caption":"Portal Urbano"},"image":{"@id":"https:\/\/experienciadevida.com.ar\/portalurbano\/#\/schema\/logo\/image\/"},"sameAs":["https:\/\/www.facebook.com\/Portal-Urbano-171542830093757\/","https:\/\/twitter.com\/portalurbanook","https:\/\/www.instagram.com\/_portalurbano\/","https:\/\/www.youtube.com\/channel\/UCXhagIfszH8KxFiOok79zbA?view_as=subscriber"]},{"@type":"Person","@id":"https:\/\/experienciadevida.com.ar\/portalurbano\/#\/schema\/person\/02dd326b1c4b056e9cc972486934a3a7","name":"admpu17wp","image":{"@type":"ImageObject","inLanguage":"es","@id":"https:\/\/experienciadevida.com.ar\/portalurbano\/#\/schema\/person\/image\/","url":"https:\/\/secure.gravatar.com\/avatar\/830d4c57adaae6630765e449a6908047?s=96&d=mm&r=g","contentUrl":"https:\/\/secure.gravatar.com\/avatar\/830d4c57adaae6630765e449a6908047?s=96&d=mm&r=g","caption":"admpu17wp"}}]}},"featured_image_urls":{"full":["https:\/\/experienciadevida.com.ar\/portalurbano\/wp-content\/uploads\/2022\/01\/Estamos-en-una-transicion.jpg",2560,1711,false],"thumbnail":["https:\/\/experienciadevida.com.ar\/portalurbano\/wp-content\/uploads\/2022\/01\/Estamos-en-una-transicion-150x150.jpg",150,150,true],"medium":["https:\/\/experienciadevida.com.ar\/portalurbano\/wp-content\/uploads\/2022\/01\/Estamos-en-una-transicion-300x201.jpg",300,201,true],"medium_large":["https:\/\/experienciadevida.com.ar\/portalurbano\/wp-content\/uploads\/2022\/01\/Estamos-en-una-transicion-768x513.jpg",640,428,true],"large":["https:\/\/experienciadevida.com.ar\/portalurbano\/wp-content\/uploads\/2022\/01\/Estamos-en-una-transicion-1024x684.jpg",640,428,true],"ug_big":["https:\/\/experienciadevida.com.ar\/portalurbano\/wp-content\/uploads\/2022\/01\/Estamos-en-una-transicion-768x513.jpg",768,513,true],"1536x1536":["https:\/\/experienciadevida.com.ar\/portalurbano\/wp-content\/uploads\/2022\/01\/Estamos-en-una-transicion-1536x1027.jpg",1536,1027,true],"2048x2048":["https:\/\/experienciadevida.com.ar\/portalurbano\/wp-content\/uploads\/2022\/01\/Estamos-en-una-transicion-2048x1369.jpg",2048,1369,true],"newsever-slider-full":["https:\/\/experienciadevida.com.ar\/portalurbano\/wp-content\/uploads\/2022\/01\/Estamos-en-una-transicion.jpg",1264,845,false],"newsever-featured":["https:\/\/experienciadevida.com.ar\/portalurbano\/wp-content\/uploads\/2022\/01\/Estamos-en-una-transicion.jpg",1024,684,false],"newsever-medium":["https:\/\/experienciadevida.com.ar\/portalurbano\/wp-content\/uploads\/2022\/01\/Estamos-en-una-transicion.jpg",711,475,false],"web-stories-poster-portrait":["https:\/\/experienciadevida.com.ar\/portalurbano\/wp-content\/uploads\/2022\/01\/Estamos-en-una-transicion.jpg",640,428,false],"web-stories-publisher-logo":["https:\/\/experienciadevida.com.ar\/portalurbano\/wp-content\/uploads\/2022\/01\/Estamos-en-una-transicion.jpg",96,64,false],"web-stories-thumbnail":["https:\/\/experienciadevida.com.ar\/portalurbano\/wp-content\/uploads\/2022\/01\/Estamos-en-una-transicion.jpg",150,100,false]},"author_info":{"display_name":"admpu17wp","author_link":"https:\/\/experienciadevida.com.ar\/portalurbano\/author\/admpu17wp\/"},"category_info":"<a href=\"https:\/\/experienciadevida.com.ar\/portalurbano\/category\/ciudad\/\" rel=\"category tag\">Ciudad<\/a> <a href=\"https:\/\/experienciadevida.com.ar\/portalurbano\/category\/destacadas\/\" rel=\"category tag\">Destacadas<\/a>","tag_info":"Destacadas","comment_count":"0","amp_enabled":true,"_links":{"self":[{"href":"https:\/\/experienciadevida.com.ar\/portalurbano\/wp-json\/wp\/v2\/posts\/159972"}],"collection":[{"href":"https:\/\/experienciadevida.com.ar\/portalurbano\/wp-json\/wp\/v2\/posts"}],"about":[{"href":"https:\/\/experienciadevida.com.ar\/portalurbano\/wp-json\/wp\/v2\/types\/post"}],"author":[{"embeddable":true,"href":"https:\/\/experienciadevida.com.ar\/portalurbano\/wp-json\/wp\/v2\/users\/1"}],"replies":[{"embeddable":true,"href":"https:\/\/experienciadevida.com.ar\/portalurbano\/wp-json\/wp\/v2\/comments?post=159972"}],"version-history":[{"count":5,"href":"https:\/\/experienciadevida.com.ar\/portalurbano\/wp-json\/wp\/v2\/posts\/159972\/revisions"}],"predecessor-version":[{"id":159976,"href":"https:\/\/experienciadevida.com.ar\/portalurbano\/wp-json\/wp\/v2\/posts\/159972\/revisions\/159976"}],"wp:featuredmedia":[{"embeddable":true,"href":"https:\/\/experienciadevida.com.ar\/portalurbano\/wp-json\/wp\/v2\/media\/159973"}],"wp:attachment":[{"href":"https:\/\/experienciadevida.com.ar\/portalurbano\/wp-json\/wp\/v2\/media?parent=159972"}],"wp:term":[{"taxonomy":"category","embeddable":true,"href":"https:\/\/experienciadevida.com.ar\/portalurbano\/wp-json\/wp\/v2\/categories?post=159972"},{"taxonomy":"post_tag","embeddable":true,"href":"https:\/\/experienciadevida.com.ar\/portalurbano\/wp-json\/wp\/v2\/tags?post=159972"}],"curies":[{"name":"wp","href":"https:\/\/api.w.org\/{rel}","templated":true}]}}