{"id":159969,"date":"2022-01-14T11:27:27","date_gmt":"2022-01-14T14:27:27","guid":{"rendered":"https:\/\/experienciadevida.com.ar\/portalurbano\/?p=159969"},"modified":"2022-01-14T11:42:34","modified_gmt":"2022-01-14T14:42:34","slug":"emprendimientos-con-perspectiva-de-genero","status":"publish","type":"post","link":"https:\/\/experienciadevida.com.ar\/portalurbano\/emprendimientos-con-perspectiva-de-genero\/","title":{"rendered":"Emprendimientos con perspectiva de g\u00e9nero"},"content":{"rendered":"<p>Emprendimientos con perspectiva de g\u00e9nero, el Ministerio de Desarrollo Productivo, a trav\u00e9s de la Secretar\u00eda de la Peque\u00f1a y Mediana Empresa y los Emprendedores (SEPyME), lanz\u00f3 la primera l\u00ednea de financiamiento para emprendimientos con perspectiva de g\u00e9nero. Fue en el marco de la puesta en marcha de una bater\u00eda de medidas para fortalecer e impulsar el desarrollo emprendedor.<\/p>\n<p>Para mayor informaci\u00f3n, la Secretar\u00eda de Desarrollo Econ\u00f3mico del Municipio de Olavarr\u00eda, cuenta con l\u00edneas telef\u00f3nicas de asistencia -de lunes a viernes de 8:00 a 13:00 horas- a los tel\u00e9fonos 02284-422135 \/ 422195 \/ 15505009 \/ 15583302.<\/p>\n<p>El programa Emprender con Perspectiva de G\u00e9nero tiene por objetivo impulsar y consolidar la participaci\u00f3n de las mujeres y\/o personas de identidades no binarias en la creaci\u00f3n, el desarrollo y la consolidaci\u00f3n de emprendimientos, promoviendo la autonom\u00eda econ\u00f3mica y la inclusi\u00f3n financiera de mujeres y\/o personas de identidades no binarias; y apoyar la producci\u00f3n de bienes y servicios tendientes a mejorar las condiciones de vida de mujeres y cuestionar y desnaturalizar los roles y estereotipos de g\u00e9nero.<\/p>\n<p>La l\u00ednea de financiamiento prev\u00e9 un Aporte No Reembolsable (ANR) de hasta $550.000 si se encuentra en estadio de ideaci\u00f3n y puesta en marcha y de hasta $1.500.000 si se encuentra en estadio de desarrollo inicial y crecimiento. Se brindar\u00e1 asistencia econ\u00f3mica hasta el 70% del proyecto presentado, mientras que el 30% restante quedar\u00e1 a cargo del emprendimiento.<\/p>\n<p>Los emprendimientos deber\u00e1n encuadrarse en alguna de las siguientes categor\u00edas:<\/p>\n<p>1) Emprendimientos en estadio de ideaci\u00f3n y puesta en marcha: si se encuentran en un proceso de convertir su idea en un proyecto y potencial negocio o si su propuesta de valor se encuentra en construcci\u00f3n y a\u00fan no se han registrado las primeras ventas.<\/p>\n<p>2) Emprendimientos que, habiendo realizado sus primeras ventas, necesitan consolidar y potenciar sus negocios.<\/p>\n<p>La fecha l\u00edmite para la inscripci\u00f3n es el lunes 31 de enero del corriente a\u00f1o, a las 15 horas.<\/p>\n<p>&nbsp;<\/p>\n<p>&nbsp;<\/p>\n<p>*Imagen ilustrativa<\/p>\n<p>14 enero, 2022 en Sin categor\u00ed<\/p>\n","protected":false},"excerpt":{"rendered":"<p>Emprendimientos con perspectiva de g\u00e9nero, el Ministerio de Desarrollo Productivo, a trav\u00e9s de la Secretar\u00eda&#8230;<\/p>\n","protected":false},"author":1,"featured_media":159970,"comment_status":"closed","ping_status":"closed","sticky":false,"template":"","format":"standard","meta":{"content-type":""},"categories":[27,64],"tags":[],"nelio_content":{"isAutoShareEnabled":false,"autoShareEndMode":"default","automationSources":{"useContentSentences":true,"useSocialTemplates":true,"useCustomSentences":false,"customSentences":[]},"followers":[1],"suggestedReferences":[],"includedReferences":[],"efiUrl":"","efiAlt":"","highlights":[]},"yoast_head":"<!-- This site is optimized with the Yoast SEO plugin v20.7 - https:\/\/yoast.com\/wordpress\/plugins\/seo\/ -->\n<title>Emprendimientos con perspectiva de g\u00e9nero<\/title>\n<meta name=\"description\" content=\"Emprendimientos con perspectiva de g\u00e9nero, el Ministerio de Desarrollo Productivo, a trav\u00e9s de la Secretar\u00eda de la Peque\u00f1a empresa\" \/>\n<meta name=\"robots\" content=\"index, follow, max-snippet:-1, max-image-preview:large, max-video-preview:-1\" \/>\n<link rel=\"canonical\" href=\"https:\/\/experienciadevida.com.ar\/portalurbano\/emprendimientos-con-perspectiva-de-genero\/\" \/>\n<meta property=\"og:locale\" content=\"es_ES\" \/>\n<meta property=\"og:type\" content=\"article\" \/>\n<meta property=\"og:title\" content=\"Emprendimientos con perspectiva de g\u00e9nero\" \/>\n<meta property=\"og:description\" content=\"Emprendimientos con perspectiva de g\u00e9nero, el Ministerio de Desarrollo Productivo, a trav\u00e9s de la Secretar\u00eda de la Peque\u00f1a empresa\" \/>\n<meta property=\"og:url\" content=\"https:\/\/experienciadevida.com.ar\/portalurbano\/emprendimientos-con-perspectiva-de-genero\/\" \/>\n<meta property=\"article:publisher\" content=\"https:\/\/www.facebook.com\/Portal-Urbano-171542830093757\/\" \/>\n<meta property=\"article:published_time\" content=\"2022-01-14T14:27:27+00:00\" \/>\n<meta property=\"article:modified_time\" content=\"2022-01-14T14:42:34+00:00\" \/>\n<meta property=\"og:image\" content=\"https:\/\/experienciadevida.com.ar\/portalurbano\/wp-content\/uploads\/2022\/01\/Emprendimientos-con-perspectiva.jpg\" \/>\n\t<meta property=\"og:image:width\" content=\"1024\" \/>\n\t<meta property=\"og:image:height\" content=\"685\" \/>\n\t<meta property=\"og:image:type\" content=\"image\/jpeg\" \/>\n<meta name=\"author\" content=\"admpu17wp\" \/>\n<meta name=\"twitter:card\" content=\"summary_large_image\" \/>\n<meta name=\"twitter:creator\" content=\"@portalurbanook\" \/>\n<meta name=\"twitter:site\" content=\"@portalurbanook\" \/>\n<meta name=\"twitter:label1\" content=\"Escrito por\" \/>\n\t<meta name=\"twitter:data1\" content=\"admpu17wp\" \/>\n\t<meta name=\"twitter:label2\" content=\"Tiempo de lectura\" \/>\n\t<meta name=\"twitter:data2\" content=\"2 minutos\" \/>\n<script type=\"application\/ld+json\" class=\"yoast-schema-graph\">{\"@context\":\"https:\/\/schema.org\",\"@graph\":[{\"@type\":\"Article\",\"@id\":\"https:\/\/experienciadevida.com.ar\/portalurbano\/emprendimientos-con-perspectiva-de-genero\/#article\",\"isPartOf\":{\"@id\":\"https:\/\/experienciadevida.com.ar\/portalurbano\/emprendimientos-con-perspectiva-de-genero\/\"},\"author\":{\"name\":\"admpu17wp\",\"@id\":\"https:\/\/experienciadevida.com.ar\/portalurbano\/#\/schema\/person\/02dd326b1c4b056e9cc972486934a3a7\"},\"headline\":\"Emprendimientos con perspectiva de g\u00e9nero\",\"datePublished\":\"2022-01-14T14:27:27+00:00\",\"dateModified\":\"2022-01-14T14:42:34+00:00\",\"mainEntityOfPage\":{\"@id\":\"https:\/\/experienciadevida.com.ar\/portalurbano\/emprendimientos-con-perspectiva-de-genero\/\"},\"wordCount\":352,\"publisher\":{\"@id\":\"https:\/\/experienciadevida.com.ar\/portalurbano\/#organization\"},\"articleSection\":[\"Ciudad\",\"Destacadas 2\"],\"inLanguage\":\"es\"},{\"@type\":\"WebPage\",\"@id\":\"https:\/\/experienciadevida.com.ar\/portalurbano\/emprendimientos-con-perspectiva-de-genero\/\",\"url\":\"https:\/\/experienciadevida.com.ar\/portalurbano\/emprendimientos-con-perspectiva-de-genero\/\",\"name\":\"Emprendimientos con perspectiva de g\u00e9nero\",\"isPartOf\":{\"@id\":\"https:\/\/experienciadevida.com.ar\/portalurbano\/#website\"},\"datePublished\":\"2022-01-14T14:27:27+00:00\",\"dateModified\":\"2022-01-14T14:42:34+00:00\",\"description\":\"Emprendimientos con perspectiva de g\u00e9nero, el Ministerio de Desarrollo Productivo, a trav\u00e9s de la Secretar\u00eda de la Peque\u00f1a empresa\",\"breadcrumb\":{\"@id\":\"https:\/\/experienciadevida.com.ar\/portalurbano\/emprendimientos-con-perspectiva-de-genero\/#breadcrumb\"},\"inLanguage\":\"es\",\"potentialAction\":[{\"@type\":\"ReadAction\",\"target\":[\"https:\/\/experienciadevida.com.ar\/portalurbano\/emprendimientos-con-perspectiva-de-genero\/\"]}]},{\"@type\":\"BreadcrumbList\",\"@id\":\"https:\/\/experienciadevida.com.ar\/portalurbano\/emprendimientos-con-perspectiva-de-genero\/#breadcrumb\",\"itemListElement\":[{\"@type\":\"ListItem\",\"position\":1,\"name\":\"Portada\",\"item\":\"https:\/\/experienciadevida.com.ar\/portalurbano\/\"},{\"@type\":\"ListItem\",\"position\":2,\"name\":\"Emprendimientos con perspectiva de g\u00e9nero\"}]},{\"@type\":\"WebSite\",\"@id\":\"https:\/\/experienciadevida.com.ar\/portalurbano\/#website\",\"url\":\"https:\/\/experienciadevida.com.ar\/portalurbano\/\",\"name\":\"\",\"description\":\"\",\"publisher\":{\"@id\":\"https:\/\/experienciadevida.com.ar\/portalurbano\/#organization\"},\"potentialAction\":[{\"@type\":\"SearchAction\",\"target\":{\"@type\":\"EntryPoint\",\"urlTemplate\":\"https:\/\/experienciadevida.com.ar\/portalurbano\/?s={search_term_string}\"},\"query-input\":\"required name=search_term_string\"}],\"inLanguage\":\"es\"},{\"@type\":\"Organization\",\"@id\":\"https:\/\/experienciadevida.com.ar\/portalurbano\/#organization\",\"name\":\"Portal Urbano\",\"url\":\"https:\/\/experienciadevida.com.ar\/portalurbano\/\",\"logo\":{\"@type\":\"ImageObject\",\"inLanguage\":\"es\",\"@id\":\"https:\/\/experienciadevida.com.ar\/portalurbano\/#\/schema\/logo\/image\/\",\"url\":\"https:\/\/experienciadevida.com.ar\/portalurbano\/wp-content\/uploads\/2019\/09\/Logo-Original.png\",\"contentUrl\":\"https:\/\/experienciadevida.com.ar\/portalurbano\/wp-content\/uploads\/2019\/09\/Logo-Original.png\",\"width\":2236,\"height\":1216,\"caption\":\"Portal Urbano\"},\"image\":{\"@id\":\"https:\/\/experienciadevida.com.ar\/portalurbano\/#\/schema\/logo\/image\/\"},\"sameAs\":[\"https:\/\/www.facebook.com\/Portal-Urbano-171542830093757\/\",\"https:\/\/twitter.com\/portalurbanook\",\"https:\/\/www.instagram.com\/_portalurbano\/\",\"https:\/\/www.youtube.com\/channel\/UCXhagIfszH8KxFiOok79zbA?view_as=subscriber\"]},{\"@type\":\"Person\",\"@id\":\"https:\/\/experienciadevida.com.ar\/portalurbano\/#\/schema\/person\/02dd326b1c4b056e9cc972486934a3a7\",\"name\":\"admpu17wp\",\"image\":{\"@type\":\"ImageObject\",\"inLanguage\":\"es\",\"@id\":\"https:\/\/experienciadevida.com.ar\/portalurbano\/#\/schema\/person\/image\/\",\"url\":\"https:\/\/secure.gravatar.com\/avatar\/830d4c57adaae6630765e449a6908047?s=96&d=mm&r=g\",\"contentUrl\":\"https:\/\/secure.gravatar.com\/avatar\/830d4c57adaae6630765e449a6908047?s=96&d=mm&r=g\",\"caption\":\"admpu17wp\"}}]}<\/script>\n<!-- \/ Yoast SEO plugin. -->","yoast_head_json":{"title":"Emprendimientos con perspectiva de g\u00e9nero","description":"Emprendimientos con perspectiva de g\u00e9nero, el Ministerio de Desarrollo Productivo, a trav\u00e9s de la Secretar\u00eda de la Peque\u00f1a empresa","robots":{"index":"index","follow":"follow","max-snippet":"max-snippet:-1","max-image-preview":"max-image-preview:large","max-video-preview":"max-video-preview:-1"},"canonical":"https:\/\/experienciadevida.com.ar\/portalurbano\/emprendimientos-con-perspectiva-de-genero\/","og_locale":"es_ES","og_type":"article","og_title":"Emprendimientos con perspectiva de g\u00e9nero","og_description":"Emprendimientos con perspectiva de g\u00e9nero, el Ministerio de Desarrollo Productivo, a trav\u00e9s de la Secretar\u00eda de la Peque\u00f1a empresa","og_url":"https:\/\/experienciadevida.com.ar\/portalurbano\/emprendimientos-con-perspectiva-de-genero\/","article_publisher":"https:\/\/www.facebook.com\/Portal-Urbano-171542830093757\/","article_published_time":"2022-01-14T14:27:27+00:00","article_modified_time":"2022-01-14T14:42:34+00:00","og_image":[{"width":1024,"height":685,"url":"https:\/\/experienciadevida.com.ar\/portalurbano\/wp-content\/uploads\/2022\/01\/Emprendimientos-con-perspectiva.jpg","type":"image\/jpeg"}],"author":"admpu17wp","twitter_card":"summary_large_image","twitter_creator":"@portalurbanook","twitter_site":"@portalurbanook","twitter_misc":{"Escrito por":"admpu17wp","Tiempo de lectura":"2 minutos"},"schema":{"@context":"https:\/\/schema.org","@graph":[{"@type":"Article","@id":"https:\/\/experienciadevida.com.ar\/portalurbano\/emprendimientos-con-perspectiva-de-genero\/#article","isPartOf":{"@id":"https:\/\/experienciadevida.com.ar\/portalurbano\/emprendimientos-con-perspectiva-de-genero\/"},"author":{"name":"admpu17wp","@id":"https:\/\/experienciadevida.com.ar\/portalurbano\/#\/schema\/person\/02dd326b1c4b056e9cc972486934a3a7"},"headline":"Emprendimientos con perspectiva de g\u00e9nero","datePublished":"2022-01-14T14:27:27+00:00","dateModified":"2022-01-14T14:42:34+00:00","mainEntityOfPage":{"@id":"https:\/\/experienciadevida.com.ar\/portalurbano\/emprendimientos-con-perspectiva-de-genero\/"},"wordCount":352,"publisher":{"@id":"https:\/\/experienciadevida.com.ar\/portalurbano\/#organization"},"articleSection":["Ciudad","Destacadas 2"],"inLanguage":"es"},{"@type":"WebPage","@id":"https:\/\/experienciadevida.com.ar\/portalurbano\/emprendimientos-con-perspectiva-de-genero\/","url":"https:\/\/experienciadevida.com.ar\/portalurbano\/emprendimientos-con-perspectiva-de-genero\/","name":"Emprendimientos con perspectiva de g\u00e9nero","isPartOf":{"@id":"https:\/\/experienciadevida.com.ar\/portalurbano\/#website"},"datePublished":"2022-01-14T14:27:27+00:00","dateModified":"2022-01-14T14:42:34+00:00","description":"Emprendimientos con perspectiva de g\u00e9nero, el Ministerio de Desarrollo Productivo, a trav\u00e9s de la Secretar\u00eda de la Peque\u00f1a empresa","breadcrumb":{"@id":"https:\/\/experienciadevida.com.ar\/portalurbano\/emprendimientos-con-perspectiva-de-genero\/#breadcrumb"},"inLanguage":"es","potentialAction":[{"@type":"ReadAction","target":["https:\/\/experienciadevida.com.ar\/portalurbano\/emprendimientos-con-perspectiva-de-genero\/"]}]},{"@type":"BreadcrumbList","@id":"https:\/\/experienciadevida.com.ar\/portalurbano\/emprendimientos-con-perspectiva-de-genero\/#breadcrumb","itemListElement":[{"@type":"ListItem","position":1,"name":"Portada","item":"https:\/\/experienciadevida.com.ar\/portalurbano\/"},{"@type":"ListItem","position":2,"name":"Emprendimientos con perspectiva de g\u00e9nero"}]},{"@type":"WebSite","@id":"https:\/\/experienciadevida.com.ar\/portalurbano\/#website","url":"https:\/\/experienciadevida.com.ar\/portalurbano\/","name":"","description":"","publisher":{"@id":"https:\/\/experienciadevida.com.ar\/portalurbano\/#organization"},"potentialAction":[{"@type":"SearchAction","target":{"@type":"EntryPoint","urlTemplate":"https:\/\/experienciadevida.com.ar\/portalurbano\/?s={search_term_string}"},"query-input":"required name=search_term_string"}],"inLanguage":"es"},{"@type":"Organization","@id":"https:\/\/experienciadevida.com.ar\/portalurbano\/#organization","name":"Portal Urbano","url":"https:\/\/experienciadevida.com.ar\/portalurbano\/","logo":{"@type":"ImageObject","inLanguage":"es","@id":"https:\/\/experienciadevida.com.ar\/portalurbano\/#\/schema\/logo\/image\/","url":"https:\/\/experienciadevida.com.ar\/portalurbano\/wp-content\/uploads\/2019\/09\/Logo-Original.png","contentUrl":"https:\/\/experienciadevida.com.ar\/portalurbano\/wp-content\/uploads\/2019\/09\/Logo-Original.png","width":2236,"height":1216,"caption":"Portal Urbano"},"image":{"@id":"https:\/\/experienciadevida.com.ar\/portalurbano\/#\/schema\/logo\/image\/"},"sameAs":["https:\/\/www.facebook.com\/Portal-Urbano-171542830093757\/","https:\/\/twitter.com\/portalurbanook","https:\/\/www.instagram.com\/_portalurbano\/","https:\/\/www.youtube.com\/channel\/UCXhagIfszH8KxFiOok79zbA?view_as=subscriber"]},{"@type":"Person","@id":"https:\/\/experienciadevida.com.ar\/portalurbano\/#\/schema\/person\/02dd326b1c4b056e9cc972486934a3a7","name":"admpu17wp","image":{"@type":"ImageObject","inLanguage":"es","@id":"https:\/\/experienciadevida.com.ar\/portalurbano\/#\/schema\/person\/image\/","url":"https:\/\/secure.gravatar.com\/avatar\/830d4c57adaae6630765e449a6908047?s=96&d=mm&r=g","contentUrl":"https:\/\/secure.gravatar.com\/avatar\/830d4c57adaae6630765e449a6908047?s=96&d=mm&r=g","caption":"admpu17wp"}}]}},"featured_image_urls":{"full":["https:\/\/experienciadevida.com.ar\/portalurbano\/wp-content\/uploads\/2022\/01\/Emprendimientos-con-perspectiva.jpg",1024,685,false],"thumbnail":["https:\/\/experienciadevida.com.ar\/portalurbano\/wp-content\/uploads\/2022\/01\/Emprendimientos-con-perspectiva-150x150.jpg",150,150,true],"medium":["https:\/\/experienciadevida.com.ar\/portalurbano\/wp-content\/uploads\/2022\/01\/Emprendimientos-con-perspectiva-300x201.jpg",300,201,true],"medium_large":["https:\/\/experienciadevida.com.ar\/portalurbano\/wp-content\/uploads\/2022\/01\/Emprendimientos-con-perspectiva-768x514.jpg",640,428,true],"large":["https:\/\/experienciadevida.com.ar\/portalurbano\/wp-content\/uploads\/2022\/01\/Emprendimientos-con-perspectiva.jpg",640,428,false],"ug_big":["https:\/\/experienciadevida.com.ar\/portalurbano\/wp-content\/uploads\/2022\/01\/Emprendimientos-con-perspectiva-768x514.jpg",768,514,true],"1536x1536":["https:\/\/experienciadevida.com.ar\/portalurbano\/wp-content\/uploads\/2022\/01\/Emprendimientos-con-perspectiva.jpg",1024,685,false],"2048x2048":["https:\/\/experienciadevida.com.ar\/portalurbano\/wp-content\/uploads\/2022\/01\/Emprendimientos-con-perspectiva.jpg",1024,685,false],"newsever-slider-full":["https:\/\/experienciadevida.com.ar\/portalurbano\/wp-content\/uploads\/2022\/01\/Emprendimientos-con-perspectiva.jpg",1024,685,false],"newsever-featured":["https:\/\/experienciadevida.com.ar\/portalurbano\/wp-content\/uploads\/2022\/01\/Emprendimientos-con-perspectiva.jpg",1024,685,false],"newsever-medium":["https:\/\/experienciadevida.com.ar\/portalurbano\/wp-content\/uploads\/2022\/01\/Emprendimientos-con-perspectiva.jpg",710,475,false],"web-stories-poster-portrait":["https:\/\/experienciadevida.com.ar\/portalurbano\/wp-content\/uploads\/2022\/01\/Emprendimientos-con-perspectiva.jpg",640,428,false],"web-stories-publisher-logo":["https:\/\/experienciadevida.com.ar\/portalurbano\/wp-content\/uploads\/2022\/01\/Emprendimientos-con-perspectiva.jpg",96,64,false],"web-stories-thumbnail":["https:\/\/experienciadevida.com.ar\/portalurbano\/wp-content\/uploads\/2022\/01\/Emprendimientos-con-perspectiva.jpg",150,100,false]},"author_info":{"display_name":"admpu17wp","author_link":"https:\/\/experienciadevida.com.ar\/portalurbano\/author\/admpu17wp\/"},"category_info":"<a href=\"https:\/\/experienciadevida.com.ar\/portalurbano\/category\/ciudad\/\" rel=\"category tag\">Ciudad<\/a> <a href=\"https:\/\/experienciadevida.com.ar\/portalurbano\/category\/destacadas-2\/\" rel=\"category tag\">Destacadas 2<\/a>","tag_info":"Destacadas 2","comment_count":"0","amp_enabled":true,"_links":{"self":[{"href":"https:\/\/experienciadevida.com.ar\/portalurbano\/wp-json\/wp\/v2\/posts\/159969"}],"collection":[{"href":"https:\/\/experienciadevida.com.ar\/portalurbano\/wp-json\/wp\/v2\/posts"}],"about":[{"href":"https:\/\/experienciadevida.com.ar\/portalurbano\/wp-json\/wp\/v2\/types\/post"}],"author":[{"embeddable":true,"href":"https:\/\/experienciadevida.com.ar\/portalurbano\/wp-json\/wp\/v2\/users\/1"}],"replies":[{"embeddable":true,"href":"https:\/\/experienciadevida.com.ar\/portalurbano\/wp-json\/wp\/v2\/comments?post=159969"}],"version-history":[{"count":1,"href":"https:\/\/experienciadevida.com.ar\/portalurbano\/wp-json\/wp\/v2\/posts\/159969\/revisions"}],"predecessor-version":[{"id":159971,"href":"https:\/\/experienciadevida.com.ar\/portalurbano\/wp-json\/wp\/v2\/posts\/159969\/revisions\/159971"}],"wp:featuredmedia":[{"embeddable":true,"href":"https:\/\/experienciadevida.com.ar\/portalurbano\/wp-json\/wp\/v2\/media\/159970"}],"wp:attachment":[{"href":"https:\/\/experienciadevida.com.ar\/portalurbano\/wp-json\/wp\/v2\/media?parent=159969"}],"wp:term":[{"taxonomy":"category","embeddable":true,"href":"https:\/\/experienciadevida.com.ar\/portalurbano\/wp-json\/wp\/v2\/categories?post=159969"},{"taxonomy":"post_tag","embeddable":true,"href":"https:\/\/experienciadevida.com.ar\/portalurbano\/wp-json\/wp\/v2\/tags?post=159969"}],"curies":[{"name":"wp","href":"https:\/\/api.w.org\/{rel}","templated":true}]}}