{"id":159924,"date":"2022-01-13T12:16:26","date_gmt":"2022-01-13T15:16:26","guid":{"rendered":"https:\/\/experienciadevida.com.ar\/portalurbano\/?p=159924"},"modified":"2022-01-13T12:18:58","modified_gmt":"2022-01-13T15:18:58","slug":"desde-salud-comunican-un-nuevo-protocolo-de-aislamiento-por-covid","status":"publish","type":"post","link":"https:\/\/experienciadevida.com.ar\/portalurbano\/desde-salud-comunican-un-nuevo-protocolo-de-aislamiento-por-covid\/","title":{"rendered":"Desde salud comunican un nuevo protocolo de aislamiento por Covid"},"content":{"rendered":"<p>Desde <a href=\"https:\/\/www.facebook.com\/municipiodeolavarria\">salud<\/a> comunican un nuevo protocolo de aislamiento por Covid, actualizado al 12 de enero del corriente a\u00f1o.<\/p>\n<p>En el mismo se especifica que, aquella persona que resulte contacto estrecho, sin s\u00edntomas compatibles y con al menos dos dosis de vacuna (y menos de cinco meses desde la aplicaci\u00f3n de la \u00faltima dosis), estar\u00e1 exenta del aislamiento obligatorio, debiendo cumplir cuidados especiales por diez d\u00edas.<\/p>\n<p>Las personas que resultaran positivas para Covid19 y los contactos estrechos con s\u00edntomas y al menos dos dosis de vacunas (tambi\u00e9n con menos de cinco meses desde la aplicaci\u00f3n de la \u00faltima dosis), tendr\u00e1n que realizar un aislamiento de siete d\u00edas m\u00e1s tres d\u00edas de cuidados especiales.<\/p>\n<p>En el caso de las personas que resultaran positivas para Covid19 y los contactos estrechos con o sin s\u00edntomas, sin vacunaci\u00f3n, con una dosis o m\u00e1s de cinco meses de la segunda dosis deber\u00e1n cumplir diez d\u00edas de aislamiento.<\/p>\n<p>Se informa adem\u00e1s que en ninguno de los casos se requiere realizar un nuevo testeo para el alta y que el contacto estrecho no debe hisoparse, debiendo cumplir el aislamiento mencionado previamente.<\/p>\n<p>En lo que refiere a cuidados especiales, se indica que no se debe concurrir a eventos definidos como de mayor riesgo (eventos masivos, reuniones sociales), utilizar barbijo de forma adecuada todo el tiempo en ambientes cerrados o abiertos, extremar los cuidados ante la presencia de personas con riesgo y automonitoreo diario de los s\u00edntomas.<\/p>\n","protected":false},"excerpt":{"rendered":"<p>Desde salud comunican un nuevo protocolo de aislamiento por Covid, actualizado al 12 de enero&#8230;<\/p>\n","protected":false},"author":1,"featured_media":159925,"comment_status":"closed","ping_status":"closed","sticky":false,"template":"","format":"standard","meta":{"content-type":""},"categories":[51,45],"tags":[],"nelio_content":{"isAutoShareEnabled":false,"autoShareEndMode":"default","automationSources":{"useContentSentences":true,"useSocialTemplates":true,"useCustomSentences":false,"customSentences":[]},"followers":[1],"suggestedReferences":[],"includedReferences":[],"efiUrl":"","efiAlt":"","highlights":[]},"yoast_head":"<!-- This site is optimized with the Yoast SEO plugin v20.7 - https:\/\/yoast.com\/wordpress\/plugins\/seo\/ -->\n<title>Desde salud comunican un nuevo protocolo de aislamiento por covid<\/title>\n<meta name=\"description\" content=\"Desde salud comunican un nuevo protocolo de aislamiento por Covid, actualizado al 12 de enero del corriente a\u00f1o.\" \/>\n<meta name=\"robots\" content=\"index, follow, max-snippet:-1, max-image-preview:large, max-video-preview:-1\" \/>\n<link rel=\"canonical\" href=\"https:\/\/experienciadevida.com.ar\/portalurbano\/desde-salud-comunican-un-nuevo-protocolo-de-aislamiento-por-covid\/\" \/>\n<meta property=\"og:locale\" content=\"es_ES\" \/>\n<meta property=\"og:type\" content=\"article\" \/>\n<meta property=\"og:title\" content=\"Desde salud comunican un nuevo protocolo de aislamiento por covid\" \/>\n<meta property=\"og:description\" content=\"Desde salud comunican un nuevo protocolo de aislamiento por Covid, actualizado al 12 de enero del corriente a\u00f1o.\" \/>\n<meta property=\"og:url\" content=\"https:\/\/experienciadevida.com.ar\/portalurbano\/desde-salud-comunican-un-nuevo-protocolo-de-aislamiento-por-covid\/\" \/>\n<meta property=\"article:publisher\" content=\"https:\/\/www.facebook.com\/Portal-Urbano-171542830093757\/\" \/>\n<meta property=\"article:published_time\" content=\"2022-01-13T15:16:26+00:00\" \/>\n<meta property=\"article:modified_time\" content=\"2022-01-13T15:18:58+00:00\" \/>\n<meta property=\"og:image\" content=\"https:\/\/experienciadevida.com.ar\/portalurbano\/wp-content\/uploads\/2022\/01\/Desde-salud-comunican-un.jpg\" \/>\n\t<meta property=\"og:image:width\" content=\"1024\" \/>\n\t<meta property=\"og:image:height\" content=\"683\" \/>\n\t<meta property=\"og:image:type\" content=\"image\/jpeg\" \/>\n<meta name=\"author\" content=\"admpu17wp\" \/>\n<meta name=\"twitter:card\" content=\"summary_large_image\" \/>\n<meta name=\"twitter:creator\" content=\"@portalurbanook\" \/>\n<meta name=\"twitter:site\" content=\"@portalurbanook\" \/>\n<meta name=\"twitter:label1\" content=\"Escrito por\" \/>\n\t<meta name=\"twitter:data1\" content=\"admpu17wp\" \/>\n\t<meta name=\"twitter:label2\" content=\"Tiempo de lectura\" \/>\n\t<meta name=\"twitter:data2\" content=\"2 minutos\" \/>\n<script type=\"application\/ld+json\" class=\"yoast-schema-graph\">{\"@context\":\"https:\/\/schema.org\",\"@graph\":[{\"@type\":\"Article\",\"@id\":\"https:\/\/experienciadevida.com.ar\/portalurbano\/desde-salud-comunican-un-nuevo-protocolo-de-aislamiento-por-covid\/#article\",\"isPartOf\":{\"@id\":\"https:\/\/experienciadevida.com.ar\/portalurbano\/desde-salud-comunican-un-nuevo-protocolo-de-aislamiento-por-covid\/\"},\"author\":{\"name\":\"admpu17wp\",\"@id\":\"https:\/\/experienciadevida.com.ar\/portalurbano\/#\/schema\/person\/02dd326b1c4b056e9cc972486934a3a7\"},\"headline\":\"Desde salud comunican un nuevo protocolo de aislamiento por Covid\",\"datePublished\":\"2022-01-13T15:16:26+00:00\",\"dateModified\":\"2022-01-13T15:18:58+00:00\",\"mainEntityOfPage\":{\"@id\":\"https:\/\/experienciadevida.com.ar\/portalurbano\/desde-salud-comunican-un-nuevo-protocolo-de-aislamiento-por-covid\/\"},\"wordCount\":264,\"publisher\":{\"@id\":\"https:\/\/experienciadevida.com.ar\/portalurbano\/#organization\"},\"articleSection\":[\"Destacadas\",\"Salud\"],\"inLanguage\":\"es\"},{\"@type\":\"WebPage\",\"@id\":\"https:\/\/experienciadevida.com.ar\/portalurbano\/desde-salud-comunican-un-nuevo-protocolo-de-aislamiento-por-covid\/\",\"url\":\"https:\/\/experienciadevida.com.ar\/portalurbano\/desde-salud-comunican-un-nuevo-protocolo-de-aislamiento-por-covid\/\",\"name\":\"Desde salud comunican un nuevo protocolo de aislamiento por covid\",\"isPartOf\":{\"@id\":\"https:\/\/experienciadevida.com.ar\/portalurbano\/#website\"},\"datePublished\":\"2022-01-13T15:16:26+00:00\",\"dateModified\":\"2022-01-13T15:18:58+00:00\",\"description\":\"Desde salud comunican un nuevo protocolo de aislamiento por Covid, actualizado al 12 de enero del corriente a\u00f1o.\",\"breadcrumb\":{\"@id\":\"https:\/\/experienciadevida.com.ar\/portalurbano\/desde-salud-comunican-un-nuevo-protocolo-de-aislamiento-por-covid\/#breadcrumb\"},\"inLanguage\":\"es\",\"potentialAction\":[{\"@type\":\"ReadAction\",\"target\":[\"https:\/\/experienciadevida.com.ar\/portalurbano\/desde-salud-comunican-un-nuevo-protocolo-de-aislamiento-por-covid\/\"]}]},{\"@type\":\"BreadcrumbList\",\"@id\":\"https:\/\/experienciadevida.com.ar\/portalurbano\/desde-salud-comunican-un-nuevo-protocolo-de-aislamiento-por-covid\/#breadcrumb\",\"itemListElement\":[{\"@type\":\"ListItem\",\"position\":1,\"name\":\"Portada\",\"item\":\"https:\/\/experienciadevida.com.ar\/portalurbano\/\"},{\"@type\":\"ListItem\",\"position\":2,\"name\":\"Desde salud comunican un nuevo protocolo de aislamiento por Covid\"}]},{\"@type\":\"WebSite\",\"@id\":\"https:\/\/experienciadevida.com.ar\/portalurbano\/#website\",\"url\":\"https:\/\/experienciadevida.com.ar\/portalurbano\/\",\"name\":\"\",\"description\":\"\",\"publisher\":{\"@id\":\"https:\/\/experienciadevida.com.ar\/portalurbano\/#organization\"},\"potentialAction\":[{\"@type\":\"SearchAction\",\"target\":{\"@type\":\"EntryPoint\",\"urlTemplate\":\"https:\/\/experienciadevida.com.ar\/portalurbano\/?s={search_term_string}\"},\"query-input\":\"required name=search_term_string\"}],\"inLanguage\":\"es\"},{\"@type\":\"Organization\",\"@id\":\"https:\/\/experienciadevida.com.ar\/portalurbano\/#organization\",\"name\":\"Portal Urbano\",\"url\":\"https:\/\/experienciadevida.com.ar\/portalurbano\/\",\"logo\":{\"@type\":\"ImageObject\",\"inLanguage\":\"es\",\"@id\":\"https:\/\/experienciadevida.com.ar\/portalurbano\/#\/schema\/logo\/image\/\",\"url\":\"https:\/\/experienciadevida.com.ar\/portalurbano\/wp-content\/uploads\/2019\/09\/Logo-Original.png\",\"contentUrl\":\"https:\/\/experienciadevida.com.ar\/portalurbano\/wp-content\/uploads\/2019\/09\/Logo-Original.png\",\"width\":2236,\"height\":1216,\"caption\":\"Portal Urbano\"},\"image\":{\"@id\":\"https:\/\/experienciadevida.com.ar\/portalurbano\/#\/schema\/logo\/image\/\"},\"sameAs\":[\"https:\/\/www.facebook.com\/Portal-Urbano-171542830093757\/\",\"https:\/\/twitter.com\/portalurbanook\",\"https:\/\/www.instagram.com\/_portalurbano\/\",\"https:\/\/www.youtube.com\/channel\/UCXhagIfszH8KxFiOok79zbA?view_as=subscriber\"]},{\"@type\":\"Person\",\"@id\":\"https:\/\/experienciadevida.com.ar\/portalurbano\/#\/schema\/person\/02dd326b1c4b056e9cc972486934a3a7\",\"name\":\"admpu17wp\",\"image\":{\"@type\":\"ImageObject\",\"inLanguage\":\"es\",\"@id\":\"https:\/\/experienciadevida.com.ar\/portalurbano\/#\/schema\/person\/image\/\",\"url\":\"https:\/\/secure.gravatar.com\/avatar\/830d4c57adaae6630765e449a6908047?s=96&d=mm&r=g\",\"contentUrl\":\"https:\/\/secure.gravatar.com\/avatar\/830d4c57adaae6630765e449a6908047?s=96&d=mm&r=g\",\"caption\":\"admpu17wp\"}}]}<\/script>\n<!-- \/ Yoast SEO plugin. -->","yoast_head_json":{"title":"Desde salud comunican un nuevo protocolo de aislamiento por covid","description":"Desde salud comunican un nuevo protocolo de aislamiento por Covid, actualizado al 12 de enero del corriente a\u00f1o.","robots":{"index":"index","follow":"follow","max-snippet":"max-snippet:-1","max-image-preview":"max-image-preview:large","max-video-preview":"max-video-preview:-1"},"canonical":"https:\/\/experienciadevida.com.ar\/portalurbano\/desde-salud-comunican-un-nuevo-protocolo-de-aislamiento-por-covid\/","og_locale":"es_ES","og_type":"article","og_title":"Desde salud comunican un nuevo protocolo de aislamiento por covid","og_description":"Desde salud comunican un nuevo protocolo de aislamiento por Covid, actualizado al 12 de enero del corriente a\u00f1o.","og_url":"https:\/\/experienciadevida.com.ar\/portalurbano\/desde-salud-comunican-un-nuevo-protocolo-de-aislamiento-por-covid\/","article_publisher":"https:\/\/www.facebook.com\/Portal-Urbano-171542830093757\/","article_published_time":"2022-01-13T15:16:26+00:00","article_modified_time":"2022-01-13T15:18:58+00:00","og_image":[{"width":1024,"height":683,"url":"https:\/\/experienciadevida.com.ar\/portalurbano\/wp-content\/uploads\/2022\/01\/Desde-salud-comunican-un.jpg","type":"image\/jpeg"}],"author":"admpu17wp","twitter_card":"summary_large_image","twitter_creator":"@portalurbanook","twitter_site":"@portalurbanook","twitter_misc":{"Escrito por":"admpu17wp","Tiempo de lectura":"2 minutos"},"schema":{"@context":"https:\/\/schema.org","@graph":[{"@type":"Article","@id":"https:\/\/experienciadevida.com.ar\/portalurbano\/desde-salud-comunican-un-nuevo-protocolo-de-aislamiento-por-covid\/#article","isPartOf":{"@id":"https:\/\/experienciadevida.com.ar\/portalurbano\/desde-salud-comunican-un-nuevo-protocolo-de-aislamiento-por-covid\/"},"author":{"name":"admpu17wp","@id":"https:\/\/experienciadevida.com.ar\/portalurbano\/#\/schema\/person\/02dd326b1c4b056e9cc972486934a3a7"},"headline":"Desde salud comunican un nuevo protocolo de aislamiento por Covid","datePublished":"2022-01-13T15:16:26+00:00","dateModified":"2022-01-13T15:18:58+00:00","mainEntityOfPage":{"@id":"https:\/\/experienciadevida.com.ar\/portalurbano\/desde-salud-comunican-un-nuevo-protocolo-de-aislamiento-por-covid\/"},"wordCount":264,"publisher":{"@id":"https:\/\/experienciadevida.com.ar\/portalurbano\/#organization"},"articleSection":["Destacadas","Salud"],"inLanguage":"es"},{"@type":"WebPage","@id":"https:\/\/experienciadevida.com.ar\/portalurbano\/desde-salud-comunican-un-nuevo-protocolo-de-aislamiento-por-covid\/","url":"https:\/\/experienciadevida.com.ar\/portalurbano\/desde-salud-comunican-un-nuevo-protocolo-de-aislamiento-por-covid\/","name":"Desde salud comunican un nuevo protocolo de aislamiento por covid","isPartOf":{"@id":"https:\/\/experienciadevida.com.ar\/portalurbano\/#website"},"datePublished":"2022-01-13T15:16:26+00:00","dateModified":"2022-01-13T15:18:58+00:00","description":"Desde salud comunican un nuevo protocolo de aislamiento por Covid, actualizado al 12 de enero del corriente a\u00f1o.","breadcrumb":{"@id":"https:\/\/experienciadevida.com.ar\/portalurbano\/desde-salud-comunican-un-nuevo-protocolo-de-aislamiento-por-covid\/#breadcrumb"},"inLanguage":"es","potentialAction":[{"@type":"ReadAction","target":["https:\/\/experienciadevida.com.ar\/portalurbano\/desde-salud-comunican-un-nuevo-protocolo-de-aislamiento-por-covid\/"]}]},{"@type":"BreadcrumbList","@id":"https:\/\/experienciadevida.com.ar\/portalurbano\/desde-salud-comunican-un-nuevo-protocolo-de-aislamiento-por-covid\/#breadcrumb","itemListElement":[{"@type":"ListItem","position":1,"name":"Portada","item":"https:\/\/experienciadevida.com.ar\/portalurbano\/"},{"@type":"ListItem","position":2,"name":"Desde salud comunican un nuevo protocolo de aislamiento por Covid"}]},{"@type":"WebSite","@id":"https:\/\/experienciadevida.com.ar\/portalurbano\/#website","url":"https:\/\/experienciadevida.com.ar\/portalurbano\/","name":"","description":"","publisher":{"@id":"https:\/\/experienciadevida.com.ar\/portalurbano\/#organization"},"potentialAction":[{"@type":"SearchAction","target":{"@type":"EntryPoint","urlTemplate":"https:\/\/experienciadevida.com.ar\/portalurbano\/?s={search_term_string}"},"query-input":"required name=search_term_string"}],"inLanguage":"es"},{"@type":"Organization","@id":"https:\/\/experienciadevida.com.ar\/portalurbano\/#organization","name":"Portal Urbano","url":"https:\/\/experienciadevida.com.ar\/portalurbano\/","logo":{"@type":"ImageObject","inLanguage":"es","@id":"https:\/\/experienciadevida.com.ar\/portalurbano\/#\/schema\/logo\/image\/","url":"https:\/\/experienciadevida.com.ar\/portalurbano\/wp-content\/uploads\/2019\/09\/Logo-Original.png","contentUrl":"https:\/\/experienciadevida.com.ar\/portalurbano\/wp-content\/uploads\/2019\/09\/Logo-Original.png","width":2236,"height":1216,"caption":"Portal Urbano"},"image":{"@id":"https:\/\/experienciadevida.com.ar\/portalurbano\/#\/schema\/logo\/image\/"},"sameAs":["https:\/\/www.facebook.com\/Portal-Urbano-171542830093757\/","https:\/\/twitter.com\/portalurbanook","https:\/\/www.instagram.com\/_portalurbano\/","https:\/\/www.youtube.com\/channel\/UCXhagIfszH8KxFiOok79zbA?view_as=subscriber"]},{"@type":"Person","@id":"https:\/\/experienciadevida.com.ar\/portalurbano\/#\/schema\/person\/02dd326b1c4b056e9cc972486934a3a7","name":"admpu17wp","image":{"@type":"ImageObject","inLanguage":"es","@id":"https:\/\/experienciadevida.com.ar\/portalurbano\/#\/schema\/person\/image\/","url":"https:\/\/secure.gravatar.com\/avatar\/830d4c57adaae6630765e449a6908047?s=96&d=mm&r=g","contentUrl":"https:\/\/secure.gravatar.com\/avatar\/830d4c57adaae6630765e449a6908047?s=96&d=mm&r=g","caption":"admpu17wp"}}]}},"featured_image_urls":{"full":["https:\/\/experienciadevida.com.ar\/portalurbano\/wp-content\/uploads\/2022\/01\/Desde-salud-comunican-un.jpg",1024,683,false],"thumbnail":["https:\/\/experienciadevida.com.ar\/portalurbano\/wp-content\/uploads\/2022\/01\/Desde-salud-comunican-un-150x150.jpg",150,150,true],"medium":["https:\/\/experienciadevida.com.ar\/portalurbano\/wp-content\/uploads\/2022\/01\/Desde-salud-comunican-un-300x200.jpg",300,200,true],"medium_large":["https:\/\/experienciadevida.com.ar\/portalurbano\/wp-content\/uploads\/2022\/01\/Desde-salud-comunican-un-768x512.jpg",640,427,true],"large":["https:\/\/experienciadevida.com.ar\/portalurbano\/wp-content\/uploads\/2022\/01\/Desde-salud-comunican-un.jpg",640,427,false],"ug_big":["https:\/\/experienciadevida.com.ar\/portalurbano\/wp-content\/uploads\/2022\/01\/Desde-salud-comunican-un-768x512.jpg",768,512,true],"1536x1536":["https:\/\/experienciadevida.com.ar\/portalurbano\/wp-content\/uploads\/2022\/01\/Desde-salud-comunican-un.jpg",1024,683,false],"2048x2048":["https:\/\/experienciadevida.com.ar\/portalurbano\/wp-content\/uploads\/2022\/01\/Desde-salud-comunican-un.jpg",1024,683,false],"newsever-slider-full":["https:\/\/experienciadevida.com.ar\/portalurbano\/wp-content\/uploads\/2022\/01\/Desde-salud-comunican-un.jpg",1024,683,false],"newsever-featured":["https:\/\/experienciadevida.com.ar\/portalurbano\/wp-content\/uploads\/2022\/01\/Desde-salud-comunican-un.jpg",1024,683,false],"newsever-medium":["https:\/\/experienciadevida.com.ar\/portalurbano\/wp-content\/uploads\/2022\/01\/Desde-salud-comunican-un.jpg",712,475,false],"web-stories-poster-portrait":["https:\/\/experienciadevida.com.ar\/portalurbano\/wp-content\/uploads\/2022\/01\/Desde-salud-comunican-un.jpg",640,427,false],"web-stories-publisher-logo":["https:\/\/experienciadevida.com.ar\/portalurbano\/wp-content\/uploads\/2022\/01\/Desde-salud-comunican-un.jpg",96,64,false],"web-stories-thumbnail":["https:\/\/experienciadevida.com.ar\/portalurbano\/wp-content\/uploads\/2022\/01\/Desde-salud-comunican-un.jpg",150,100,false]},"author_info":{"display_name":"admpu17wp","author_link":"https:\/\/experienciadevida.com.ar\/portalurbano\/author\/admpu17wp\/"},"category_info":"<a href=\"https:\/\/experienciadevida.com.ar\/portalurbano\/category\/destacadas\/\" rel=\"category tag\">Destacadas<\/a> <a href=\"https:\/\/experienciadevida.com.ar\/portalurbano\/category\/ciudad\/salud\/\" rel=\"category tag\">Salud<\/a>","tag_info":"Salud","comment_count":"0","amp_enabled":true,"_links":{"self":[{"href":"https:\/\/experienciadevida.com.ar\/portalurbano\/wp-json\/wp\/v2\/posts\/159924"}],"collection":[{"href":"https:\/\/experienciadevida.com.ar\/portalurbano\/wp-json\/wp\/v2\/posts"}],"about":[{"href":"https:\/\/experienciadevida.com.ar\/portalurbano\/wp-json\/wp\/v2\/types\/post"}],"author":[{"embeddable":true,"href":"https:\/\/experienciadevida.com.ar\/portalurbano\/wp-json\/wp\/v2\/users\/1"}],"replies":[{"embeddable":true,"href":"https:\/\/experienciadevida.com.ar\/portalurbano\/wp-json\/wp\/v2\/comments?post=159924"}],"version-history":[{"count":2,"href":"https:\/\/experienciadevida.com.ar\/portalurbano\/wp-json\/wp\/v2\/posts\/159924\/revisions"}],"predecessor-version":[{"id":159928,"href":"https:\/\/experienciadevida.com.ar\/portalurbano\/wp-json\/wp\/v2\/posts\/159924\/revisions\/159928"}],"wp:featuredmedia":[{"embeddable":true,"href":"https:\/\/experienciadevida.com.ar\/portalurbano\/wp-json\/wp\/v2\/media\/159925"}],"wp:attachment":[{"href":"https:\/\/experienciadevida.com.ar\/portalurbano\/wp-json\/wp\/v2\/media?parent=159924"}],"wp:term":[{"taxonomy":"category","embeddable":true,"href":"https:\/\/experienciadevida.com.ar\/portalurbano\/wp-json\/wp\/v2\/categories?post=159924"},{"taxonomy":"post_tag","embeddable":true,"href":"https:\/\/experienciadevida.com.ar\/portalurbano\/wp-json\/wp\/v2\/tags?post=159924"}],"curies":[{"name":"wp","href":"https:\/\/api.w.org\/{rel}","templated":true}]}}