{"id":159909,"date":"2022-01-13T10:39:47","date_gmt":"2022-01-13T13:39:47","guid":{"rendered":"https:\/\/experienciadevida.com.ar\/portalurbano\/?p=159909"},"modified":"2022-01-13T10:40:16","modified_gmt":"2022-01-13T13:40:16","slug":"coopelectric-informo-que-habra-demoras-en-los-tramites","status":"publish","type":"post","link":"https:\/\/experienciadevida.com.ar\/portalurbano\/coopelectric-informo-que-habra-demoras-en-los-tramites\/","title":{"rendered":"Coopelectric inform\u00f3 que habr\u00e1 demoras en los tr\u00e1mites"},"content":{"rendered":"<p>Coopelectric inform\u00f3 que habr\u00e1 demoras en los tr\u00e1mites, as\u00ed lo inform\u00f3 a trav\u00e9s de un comunicado. En el marco del incremento de casos de Covid-19 registrados a nivel nacional, provincial y local, Coopelectric tambi\u00e9n se encuentra afectado debido a casos positivos o asilamientos por contactos estrechos en diferentes sectores de la entidad.<\/p>\n<p>Como prestadores de los servicios esenciales hemos arbitrado los medios para poder garantizar la prestaci\u00f3n de los Servicios El\u00e9ctrico y Sanitario, priorizando la atenci\u00f3n de emergencias tal como ha ocurrido en la jornada de<br \/>\nayer con la distribuci\u00f3n de energ\u00eda el\u00e9ctrica.<\/p>\n<p>No obstante, esta situaci\u00f3n genera una menor disponibilidad de los recursos humanos tanto en las \u00e1reas administrativas como operativas, lo cual podr\u00eda ocasionar demoras en la atenci\u00f3n de algunas gestiones como tr\u00e1mites administrativos, pago de facturas en las cajas y atenci\u00f3n de reclamos t\u00e9cnicos en el \u00e1rea de concesi\u00f3n de Olavarr\u00eda.<\/p>\n<p>Tr\u00e1mites administrativos:<\/p>\n<p>Coopelectric inform\u00f3 que habr\u00e1 demoras en los tr\u00e1mites,\u00a0 en la sede ubicada en Belgrano N\u00b0 2850 que es la que recibe mayor afluencia de usuarios, continuamos implementando el sistema de turnos con la finalidad de evitar la concentraci\u00f3n de personas. Por ello, para realizar tr\u00e1mites de conexiones o desconexiones de los Servicios El\u00e9ctrico y Sanitario, reclamos por da\u00f1os en artefactos y gestiones vinculadas a los Servicios Sociales se debe solicitar un turno ingresando al sitio web de Coopelectric: https:\/\/oficinavirtual.coopelectric.com.ar\/turnos\/ ; a la App \u201cTurnos<br \/>\nCoopelectric\u201d (que puede descargarse desde la Play Store en el celular) o comunic\u00e1ndose de lunes a viernes de 7:30 a 14:30 hs. al Centro de Atenci\u00f3n Telef\u00f3nica 411666\/999.<\/p>\n<p>Pago de facturas:<\/p>\n<p>Sugerimos a los usuarios optar por los medios digitales para abonar sus facturas de electricidad y agua:<\/p>\n<p>Oficina Virtual de Coopelectric: Deben registrarse en www.coopelectric.com.ar &lt;http:\/\/www.coopelectric.com.ar&gt; y luego podr\u00e1n abonar mediante tarjetas de d\u00e9bito o cr\u00e9dito. De esta forma se pueden abonar tanto facturas vencidas como las que no lo est\u00e9n.<\/p>\n<p>Home Banking: Mediante las Redes Link y Banelco, utilizando para ello el C\u00f3digo de Pago Electr\u00f3nico que aparece en el frente de las facturas. De esta manera se pueden abonar las facturas hasta la fecha de vencimiento inclusive.<\/p>\n<p>App de Mercado Pago: Debe ser descargada a trav\u00e9s del celular, escanear el c\u00f3digo de barra de las facturas con la c\u00e1mara del mismo y luego realizar el pago con tarjeta de d\u00e9bito.<\/p>\n<p>Otros medios de pago:<\/p>\n<p>Bocas de Cobranzas: RapiPago, Pago F\u00e1cil, Cobro Expres, Bapro Pagos, C\u00e1mara Empresaria, Uni\u00f3n Industrial y Pronto Pago.<\/p>\n<p>Sede Administrativa de Coopelectric (Belgrano N\u00b0 2850): La caja funciona de 7:30 a 13:30 hs. y la atenci\u00f3n se realiza por orden de llegada, por lo cual para evitar colas en el ingreso a la instituci\u00f3n recomendamos<br \/>\noptar por otros medios de pago.<\/p>\n<p>En la sede administrativa de Belgrano 2850 tambi\u00e9n funciona una terminal de autoconsulta para quienes no cuenten con la factura y deseen imprimir un cup\u00f3n de pago. El mismo podr\u00e1 ser utilizado para abonar en Coopelectric o en<br \/>\nel resto de las bocas de cobranzas habilitadas en la ciudad.<\/p>\n","protected":false},"excerpt":{"rendered":"<p>Coopelectric inform\u00f3 que habr\u00e1 demoras en los tr\u00e1mites, as\u00ed lo inform\u00f3 a trav\u00e9s de un&#8230;<\/p>\n","protected":false},"author":1,"featured_media":0,"comment_status":"closed","ping_status":"closed","sticky":false,"template":"","format":"standard","meta":{"content-type":""},"categories":[27,64],"tags":[],"nelio_content":{"isAutoShareEnabled":true,"autoShareEndMode":"default","automationSources":{"useContentSentences":true,"useSocialTemplates":true,"useCustomSentences":false,"customSentences":[]},"followers":[1],"suggestedReferences":[],"includedReferences":[],"efiUrl":"","efiAlt":"","highlights":[]},"yoast_head":"<!-- This site is optimized with the Yoast SEO plugin v20.7 - https:\/\/yoast.com\/wordpress\/plugins\/seo\/ -->\n<title>Coopelectric inform\u00f3 que habr\u00e1 demoras en los tr\u00e1mites -<\/title>\n<meta name=\"robots\" content=\"index, follow, max-snippet:-1, max-image-preview:large, max-video-preview:-1\" \/>\n<link rel=\"canonical\" href=\"https:\/\/experienciadevida.com.ar\/portalurbano\/coopelectric-informo-que-habra-demoras-en-los-tramites\/\" \/>\n<meta property=\"og:locale\" content=\"es_ES\" \/>\n<meta property=\"og:type\" content=\"article\" \/>\n<meta property=\"og:title\" content=\"Coopelectric inform\u00f3 que habr\u00e1 demoras en los tr\u00e1mites -\" \/>\n<meta property=\"og:description\" content=\"Coopelectric inform\u00f3 que habr\u00e1 demoras en los tr\u00e1mites, as\u00ed lo inform\u00f3 a trav\u00e9s de un...\" \/>\n<meta property=\"og:url\" content=\"https:\/\/experienciadevida.com.ar\/portalurbano\/coopelectric-informo-que-habra-demoras-en-los-tramites\/\" \/>\n<meta property=\"article:publisher\" content=\"https:\/\/www.facebook.com\/Portal-Urbano-171542830093757\/\" \/>\n<meta property=\"article:published_time\" content=\"2022-01-13T13:39:47+00:00\" \/>\n<meta property=\"article:modified_time\" content=\"2022-01-13T13:40:16+00:00\" \/>\n<meta property=\"og:image\" content=\"https:\/\/experienciadevida.com.ar\/portalurbano\/wp-content\/uploads\/2018\/10\/PARO2-1.jpg\" \/>\n\t<meta property=\"og:image:width\" content=\"667\" \/>\n\t<meta property=\"og:image:height\" content=\"445\" \/>\n\t<meta property=\"og:image:type\" content=\"image\/jpeg\" \/>\n<meta name=\"author\" content=\"admpu17wp\" \/>\n<meta name=\"twitter:card\" content=\"summary_large_image\" \/>\n<meta name=\"twitter:creator\" content=\"@portalurbanook\" \/>\n<meta name=\"twitter:site\" content=\"@portalurbanook\" \/>\n<meta name=\"twitter:label1\" content=\"Escrito por\" \/>\n\t<meta name=\"twitter:data1\" content=\"admpu17wp\" \/>\n\t<meta name=\"twitter:label2\" content=\"Tiempo de lectura\" \/>\n\t<meta name=\"twitter:data2\" content=\"3 minutos\" \/>\n<script type=\"application\/ld+json\" class=\"yoast-schema-graph\">{\"@context\":\"https:\/\/schema.org\",\"@graph\":[{\"@type\":\"Article\",\"@id\":\"https:\/\/experienciadevida.com.ar\/portalurbano\/coopelectric-informo-que-habra-demoras-en-los-tramites\/#article\",\"isPartOf\":{\"@id\":\"https:\/\/experienciadevida.com.ar\/portalurbano\/coopelectric-informo-que-habra-demoras-en-los-tramites\/\"},\"author\":{\"name\":\"admpu17wp\",\"@id\":\"https:\/\/experienciadevida.com.ar\/portalurbano\/#\/schema\/person\/02dd326b1c4b056e9cc972486934a3a7\"},\"headline\":\"Coopelectric inform\u00f3 que habr\u00e1 demoras en los tr\u00e1mites\",\"datePublished\":\"2022-01-13T13:39:47+00:00\",\"dateModified\":\"2022-01-13T13:40:16+00:00\",\"mainEntityOfPage\":{\"@id\":\"https:\/\/experienciadevida.com.ar\/portalurbano\/coopelectric-informo-que-habra-demoras-en-los-tramites\/\"},\"wordCount\":553,\"publisher\":{\"@id\":\"https:\/\/experienciadevida.com.ar\/portalurbano\/#organization\"},\"articleSection\":[\"Ciudad\",\"Destacadas 2\"],\"inLanguage\":\"es\"},{\"@type\":\"WebPage\",\"@id\":\"https:\/\/experienciadevida.com.ar\/portalurbano\/coopelectric-informo-que-habra-demoras-en-los-tramites\/\",\"url\":\"https:\/\/experienciadevida.com.ar\/portalurbano\/coopelectric-informo-que-habra-demoras-en-los-tramites\/\",\"name\":\"Coopelectric inform\u00f3 que habr\u00e1 demoras en los tr\u00e1mites -\",\"isPartOf\":{\"@id\":\"https:\/\/experienciadevida.com.ar\/portalurbano\/#website\"},\"datePublished\":\"2022-01-13T13:39:47+00:00\",\"dateModified\":\"2022-01-13T13:40:16+00:00\",\"breadcrumb\":{\"@id\":\"https:\/\/experienciadevida.com.ar\/portalurbano\/coopelectric-informo-que-habra-demoras-en-los-tramites\/#breadcrumb\"},\"inLanguage\":\"es\",\"potentialAction\":[{\"@type\":\"ReadAction\",\"target\":[\"https:\/\/experienciadevida.com.ar\/portalurbano\/coopelectric-informo-que-habra-demoras-en-los-tramites\/\"]}]},{\"@type\":\"BreadcrumbList\",\"@id\":\"https:\/\/experienciadevida.com.ar\/portalurbano\/coopelectric-informo-que-habra-demoras-en-los-tramites\/#breadcrumb\",\"itemListElement\":[{\"@type\":\"ListItem\",\"position\":1,\"name\":\"Portada\",\"item\":\"https:\/\/experienciadevida.com.ar\/portalurbano\/\"},{\"@type\":\"ListItem\",\"position\":2,\"name\":\"Coopelectric inform\u00f3 que habr\u00e1 demoras en los tr\u00e1mites\"}]},{\"@type\":\"WebSite\",\"@id\":\"https:\/\/experienciadevida.com.ar\/portalurbano\/#website\",\"url\":\"https:\/\/experienciadevida.com.ar\/portalurbano\/\",\"name\":\"\",\"description\":\"\",\"publisher\":{\"@id\":\"https:\/\/experienciadevida.com.ar\/portalurbano\/#organization\"},\"potentialAction\":[{\"@type\":\"SearchAction\",\"target\":{\"@type\":\"EntryPoint\",\"urlTemplate\":\"https:\/\/experienciadevida.com.ar\/portalurbano\/?s={search_term_string}\"},\"query-input\":\"required name=search_term_string\"}],\"inLanguage\":\"es\"},{\"@type\":\"Organization\",\"@id\":\"https:\/\/experienciadevida.com.ar\/portalurbano\/#organization\",\"name\":\"Portal Urbano\",\"url\":\"https:\/\/experienciadevida.com.ar\/portalurbano\/\",\"logo\":{\"@type\":\"ImageObject\",\"inLanguage\":\"es\",\"@id\":\"https:\/\/experienciadevida.com.ar\/portalurbano\/#\/schema\/logo\/image\/\",\"url\":\"https:\/\/experienciadevida.com.ar\/portalurbano\/wp-content\/uploads\/2019\/09\/Logo-Original.png\",\"contentUrl\":\"https:\/\/experienciadevida.com.ar\/portalurbano\/wp-content\/uploads\/2019\/09\/Logo-Original.png\",\"width\":2236,\"height\":1216,\"caption\":\"Portal Urbano\"},\"image\":{\"@id\":\"https:\/\/experienciadevida.com.ar\/portalurbano\/#\/schema\/logo\/image\/\"},\"sameAs\":[\"https:\/\/www.facebook.com\/Portal-Urbano-171542830093757\/\",\"https:\/\/twitter.com\/portalurbanook\",\"https:\/\/www.instagram.com\/_portalurbano\/\",\"https:\/\/www.youtube.com\/channel\/UCXhagIfszH8KxFiOok79zbA?view_as=subscriber\"]},{\"@type\":\"Person\",\"@id\":\"https:\/\/experienciadevida.com.ar\/portalurbano\/#\/schema\/person\/02dd326b1c4b056e9cc972486934a3a7\",\"name\":\"admpu17wp\",\"image\":{\"@type\":\"ImageObject\",\"inLanguage\":\"es\",\"@id\":\"https:\/\/experienciadevida.com.ar\/portalurbano\/#\/schema\/person\/image\/\",\"url\":\"https:\/\/secure.gravatar.com\/avatar\/830d4c57adaae6630765e449a6908047?s=96&d=mm&r=g\",\"contentUrl\":\"https:\/\/secure.gravatar.com\/avatar\/830d4c57adaae6630765e449a6908047?s=96&d=mm&r=g\",\"caption\":\"admpu17wp\"}}]}<\/script>\n<!-- \/ Yoast SEO plugin. -->","yoast_head_json":{"title":"Coopelectric inform\u00f3 que habr\u00e1 demoras en los tr\u00e1mites -","robots":{"index":"index","follow":"follow","max-snippet":"max-snippet:-1","max-image-preview":"max-image-preview:large","max-video-preview":"max-video-preview:-1"},"canonical":"https:\/\/experienciadevida.com.ar\/portalurbano\/coopelectric-informo-que-habra-demoras-en-los-tramites\/","og_locale":"es_ES","og_type":"article","og_title":"Coopelectric inform\u00f3 que habr\u00e1 demoras en los tr\u00e1mites -","og_description":"Coopelectric inform\u00f3 que habr\u00e1 demoras en los tr\u00e1mites, as\u00ed lo inform\u00f3 a trav\u00e9s de un...","og_url":"https:\/\/experienciadevida.com.ar\/portalurbano\/coopelectric-informo-que-habra-demoras-en-los-tramites\/","article_publisher":"https:\/\/www.facebook.com\/Portal-Urbano-171542830093757\/","article_published_time":"2022-01-13T13:39:47+00:00","article_modified_time":"2022-01-13T13:40:16+00:00","og_image":[{"width":667,"height":445,"url":"https:\/\/experienciadevida.com.ar\/portalurbano\/wp-content\/uploads\/2018\/10\/PARO2-1.jpg","type":"image\/jpeg"}],"author":"admpu17wp","twitter_card":"summary_large_image","twitter_creator":"@portalurbanook","twitter_site":"@portalurbanook","twitter_misc":{"Escrito por":"admpu17wp","Tiempo de lectura":"3 minutos"},"schema":{"@context":"https:\/\/schema.org","@graph":[{"@type":"Article","@id":"https:\/\/experienciadevida.com.ar\/portalurbano\/coopelectric-informo-que-habra-demoras-en-los-tramites\/#article","isPartOf":{"@id":"https:\/\/experienciadevida.com.ar\/portalurbano\/coopelectric-informo-que-habra-demoras-en-los-tramites\/"},"author":{"name":"admpu17wp","@id":"https:\/\/experienciadevida.com.ar\/portalurbano\/#\/schema\/person\/02dd326b1c4b056e9cc972486934a3a7"},"headline":"Coopelectric inform\u00f3 que habr\u00e1 demoras en los tr\u00e1mites","datePublished":"2022-01-13T13:39:47+00:00","dateModified":"2022-01-13T13:40:16+00:00","mainEntityOfPage":{"@id":"https:\/\/experienciadevida.com.ar\/portalurbano\/coopelectric-informo-que-habra-demoras-en-los-tramites\/"},"wordCount":553,"publisher":{"@id":"https:\/\/experienciadevida.com.ar\/portalurbano\/#organization"},"articleSection":["Ciudad","Destacadas 2"],"inLanguage":"es"},{"@type":"WebPage","@id":"https:\/\/experienciadevida.com.ar\/portalurbano\/coopelectric-informo-que-habra-demoras-en-los-tramites\/","url":"https:\/\/experienciadevida.com.ar\/portalurbano\/coopelectric-informo-que-habra-demoras-en-los-tramites\/","name":"Coopelectric inform\u00f3 que habr\u00e1 demoras en los tr\u00e1mites -","isPartOf":{"@id":"https:\/\/experienciadevida.com.ar\/portalurbano\/#website"},"datePublished":"2022-01-13T13:39:47+00:00","dateModified":"2022-01-13T13:40:16+00:00","breadcrumb":{"@id":"https:\/\/experienciadevida.com.ar\/portalurbano\/coopelectric-informo-que-habra-demoras-en-los-tramites\/#breadcrumb"},"inLanguage":"es","potentialAction":[{"@type":"ReadAction","target":["https:\/\/experienciadevida.com.ar\/portalurbano\/coopelectric-informo-que-habra-demoras-en-los-tramites\/"]}]},{"@type":"BreadcrumbList","@id":"https:\/\/experienciadevida.com.ar\/portalurbano\/coopelectric-informo-que-habra-demoras-en-los-tramites\/#breadcrumb","itemListElement":[{"@type":"ListItem","position":1,"name":"Portada","item":"https:\/\/experienciadevida.com.ar\/portalurbano\/"},{"@type":"ListItem","position":2,"name":"Coopelectric inform\u00f3 que habr\u00e1 demoras en los tr\u00e1mites"}]},{"@type":"WebSite","@id":"https:\/\/experienciadevida.com.ar\/portalurbano\/#website","url":"https:\/\/experienciadevida.com.ar\/portalurbano\/","name":"","description":"","publisher":{"@id":"https:\/\/experienciadevida.com.ar\/portalurbano\/#organization"},"potentialAction":[{"@type":"SearchAction","target":{"@type":"EntryPoint","urlTemplate":"https:\/\/experienciadevida.com.ar\/portalurbano\/?s={search_term_string}"},"query-input":"required name=search_term_string"}],"inLanguage":"es"},{"@type":"Organization","@id":"https:\/\/experienciadevida.com.ar\/portalurbano\/#organization","name":"Portal Urbano","url":"https:\/\/experienciadevida.com.ar\/portalurbano\/","logo":{"@type":"ImageObject","inLanguage":"es","@id":"https:\/\/experienciadevida.com.ar\/portalurbano\/#\/schema\/logo\/image\/","url":"https:\/\/experienciadevida.com.ar\/portalurbano\/wp-content\/uploads\/2019\/09\/Logo-Original.png","contentUrl":"https:\/\/experienciadevida.com.ar\/portalurbano\/wp-content\/uploads\/2019\/09\/Logo-Original.png","width":2236,"height":1216,"caption":"Portal Urbano"},"image":{"@id":"https:\/\/experienciadevida.com.ar\/portalurbano\/#\/schema\/logo\/image\/"},"sameAs":["https:\/\/www.facebook.com\/Portal-Urbano-171542830093757\/","https:\/\/twitter.com\/portalurbanook","https:\/\/www.instagram.com\/_portalurbano\/","https:\/\/www.youtube.com\/channel\/UCXhagIfszH8KxFiOok79zbA?view_as=subscriber"]},{"@type":"Person","@id":"https:\/\/experienciadevida.com.ar\/portalurbano\/#\/schema\/person\/02dd326b1c4b056e9cc972486934a3a7","name":"admpu17wp","image":{"@type":"ImageObject","inLanguage":"es","@id":"https:\/\/experienciadevida.com.ar\/portalurbano\/#\/schema\/person\/image\/","url":"https:\/\/secure.gravatar.com\/avatar\/830d4c57adaae6630765e449a6908047?s=96&d=mm&r=g","contentUrl":"https:\/\/secure.gravatar.com\/avatar\/830d4c57adaae6630765e449a6908047?s=96&d=mm&r=g","caption":"admpu17wp"}}]}},"featured_image_urls":{"full":"","thumbnail":"","medium":"","medium_large":"","large":"","ug_big":"","1536x1536":"","2048x2048":"","newsever-slider-full":"","newsever-featured":"","newsever-medium":"","web-stories-poster-portrait":"","web-stories-publisher-logo":"","web-stories-thumbnail":""},"author_info":{"display_name":"admpu17wp","author_link":"https:\/\/experienciadevida.com.ar\/portalurbano\/author\/admpu17wp\/"},"category_info":"<a href=\"https:\/\/experienciadevida.com.ar\/portalurbano\/category\/ciudad\/\" rel=\"category tag\">Ciudad<\/a> <a href=\"https:\/\/experienciadevida.com.ar\/portalurbano\/category\/destacadas-2\/\" rel=\"category tag\">Destacadas 2<\/a>","tag_info":"Destacadas 2","comment_count":"0","amp_enabled":true,"_links":{"self":[{"href":"https:\/\/experienciadevida.com.ar\/portalurbano\/wp-json\/wp\/v2\/posts\/159909"}],"collection":[{"href":"https:\/\/experienciadevida.com.ar\/portalurbano\/wp-json\/wp\/v2\/posts"}],"about":[{"href":"https:\/\/experienciadevida.com.ar\/portalurbano\/wp-json\/wp\/v2\/types\/post"}],"author":[{"embeddable":true,"href":"https:\/\/experienciadevida.com.ar\/portalurbano\/wp-json\/wp\/v2\/users\/1"}],"replies":[{"embeddable":true,"href":"https:\/\/experienciadevida.com.ar\/portalurbano\/wp-json\/wp\/v2\/comments?post=159909"}],"version-history":[{"count":1,"href":"https:\/\/experienciadevida.com.ar\/portalurbano\/wp-json\/wp\/v2\/posts\/159909\/revisions"}],"predecessor-version":[{"id":159912,"href":"https:\/\/experienciadevida.com.ar\/portalurbano\/wp-json\/wp\/v2\/posts\/159909\/revisions\/159912"}],"wp:attachment":[{"href":"https:\/\/experienciadevida.com.ar\/portalurbano\/wp-json\/wp\/v2\/media?parent=159909"}],"wp:term":[{"taxonomy":"category","embeddable":true,"href":"https:\/\/experienciadevida.com.ar\/portalurbano\/wp-json\/wp\/v2\/categories?post=159909"},{"taxonomy":"post_tag","embeddable":true,"href":"https:\/\/experienciadevida.com.ar\/portalurbano\/wp-json\/wp\/v2\/tags?post=159909"}],"curies":[{"name":"wp","href":"https:\/\/api.w.org\/{rel}","templated":true}]}}