{"id":159894,"date":"2022-01-12T19:50:28","date_gmt":"2022-01-12T22:50:28","guid":{"rendered":"https:\/\/experienciadevida.com.ar\/portalurbano\/?p=159894"},"modified":"2022-01-12T19:52:06","modified_gmt":"2022-01-12T22:52:06","slug":"sergio-feoli-desde-cnrt-intensificamos-los-controles-al-transporte-publico-de-pasajeros-y-de-carga-de-jurisdiccion-nacional","status":"publish","type":"post","link":"https:\/\/experienciadevida.com.ar\/portalurbano\/sergio-feoli-desde-cnrt-intensificamos-los-controles-al-transporte-publico-de-pasajeros-y-de-carga-de-jurisdiccion-nacional\/","title":{"rendered":"Sergio Feoli \u2018\u2019Desde CNRT Intensificamos los controles al transporte p\u00fablico de pasajeros y de carga de jurisdicci\u00f3n nacional\u2019\u2019"},"content":{"rendered":"<p>Sergio Feoli \u2018\u2019Desde CNRT Intensificamos los controles al transporte p\u00fablico de pasajeros y de carga de jurisdicci\u00f3n nacional\u2019\u2019, lo asegur\u00f3\u00a0 el titular de la delegaci\u00f3n local de la Comisi\u00f3n Nacional de Regulaci\u00f3n del Transporte, Sergio Feoli, tras el inicio del operativo vial de verano \u2018\u2019Viaj\u00e1 Seguro\u2019\u2019, en el que se desplegaron una gran cantidad de<br \/>\noperativos en Olavarr\u00eda y la zona.<\/p>\n<p>Al respecto Feoli afirm\u00f3 que: \u201cen esta nueva etapa, donde vemos una fuerte reactivaci\u00f3n en viajes de larga distancia, y un incremento en la carga transportada, tenemos como tarea garantizar la seguridad vial para disfrutar de las vacaciones. Seguimos diariamente controlando en distintos puntos de la regi\u00f3n, y en nuestro punto de acci\u00f3n permanente en la Terminal de \u00d3mnibus de Olavarr\u00eda para la seguridad de cada usuario y usuaria. Verificamos que el transporte de pasajeros y cargas circule con los permisos correspondientes, cuenten con RTO (Revisi\u00f3n T\u00e9cnica Obligatoria) y los conductores y conductoras tengan su Licencia Nacional de Transporte Interjurisdiccional (LiNTI) y el descanso correspondiente para realizar el servicio\u201d.<\/p>\n<p>Adem\u00e1s, agreg\u00f3: \u2018\u2019seguimos focalizando y concientizando en importancia del uso del cintur\u00f3n de seguridad en los micros de larga distancia, algo que es muy importante y estamos desacostumbrados a hacer\u201d.<\/p>\n<p>La delegaci\u00f3n Olavarr\u00eda de CNRT se responsabiliza del control de transporte en las ciudades emplazadas entre la Ruta Nacional N\u00ba 226 y Ruta Nacional N\u00ba 3. Dicha zona de influencia comprende las ciudades de Olavarr\u00eda, Bol\u00edvar,<br \/>\nAzul y Tandil.<\/p>\n","protected":false},"excerpt":{"rendered":"<p>Sergio Feoli \u2018\u2019Desde CNRT Intensificamos los controles al transporte p\u00fablico de pasajeros y de carga&#8230;<\/p>\n","protected":false},"author":1,"featured_media":159895,"comment_status":"closed","ping_status":"closed","sticky":false,"template":"","format":"standard","meta":{"content-type":""},"categories":[27,64],"tags":[],"nelio_content":{"isAutoShareEnabled":false,"autoShareEndMode":"default","automationSources":{"useContentSentences":true,"useSocialTemplates":true,"useCustomSentences":false,"customSentences":[]},"followers":[1],"suggestedReferences":[],"includedReferences":[],"efiUrl":"","efiAlt":"","highlights":[]},"yoast_head":"<!-- This site is optimized with the Yoast SEO plugin v20.7 - https:\/\/yoast.com\/wordpress\/plugins\/seo\/ -->\n<title>Sergio Feoli &quot;desde CNRT intensificamos los controles al transpote&quot;<\/title>\n<meta name=\"description\" content=\"Sergio Feoli \u2018\u2019Desde CNRT Intensificamos los controles al transporte p\u00fablico de pasajeros y de carga de jurisdicci\u00f3n nacional\u2019\u2019,\" \/>\n<meta name=\"robots\" content=\"index, follow, max-snippet:-1, max-image-preview:large, max-video-preview:-1\" \/>\n<link rel=\"canonical\" href=\"https:\/\/experienciadevida.com.ar\/portalurbano\/sergio-feoli-desde-cnrt-intensificamos-los-controles-al-transporte-publico-de-pasajeros-y-de-carga-de-jurisdiccion-nacional\/\" \/>\n<meta property=\"og:locale\" content=\"es_ES\" \/>\n<meta property=\"og:type\" content=\"article\" \/>\n<meta property=\"og:title\" content=\"Sergio Feoli &quot;desde CNRT intensificamos los controles al transpote&quot;\" \/>\n<meta property=\"og:description\" content=\"Sergio Feoli \u2018\u2019Desde CNRT Intensificamos los controles al transporte p\u00fablico de pasajeros y de carga de jurisdicci\u00f3n nacional\u2019\u2019,\" \/>\n<meta property=\"og:url\" content=\"https:\/\/experienciadevida.com.ar\/portalurbano\/sergio-feoli-desde-cnrt-intensificamos-los-controles-al-transporte-publico-de-pasajeros-y-de-carga-de-jurisdiccion-nacional\/\" \/>\n<meta property=\"article:publisher\" content=\"https:\/\/www.facebook.com\/Portal-Urbano-171542830093757\/\" \/>\n<meta property=\"article:published_time\" content=\"2022-01-12T22:50:28+00:00\" \/>\n<meta property=\"article:modified_time\" content=\"2022-01-12T22:52:06+00:00\" \/>\n<meta property=\"og:image\" content=\"https:\/\/experienciadevida.com.ar\/portalurbano\/wp-content\/uploads\/2022\/01\/Sergio-Feoli.jpeg\" \/>\n\t<meta property=\"og:image:width\" content=\"1280\" \/>\n\t<meta property=\"og:image:height\" content=\"853\" \/>\n\t<meta property=\"og:image:type\" content=\"image\/jpeg\" \/>\n<meta name=\"author\" content=\"admpu17wp\" \/>\n<meta name=\"twitter:card\" content=\"summary_large_image\" \/>\n<meta name=\"twitter:creator\" content=\"@portalurbanook\" \/>\n<meta name=\"twitter:site\" content=\"@portalurbanook\" \/>\n<meta name=\"twitter:label1\" content=\"Escrito por\" \/>\n\t<meta name=\"twitter:data1\" content=\"admpu17wp\" \/>\n\t<meta name=\"twitter:label2\" content=\"Tiempo de lectura\" \/>\n\t<meta name=\"twitter:data2\" content=\"2 minutos\" \/>\n<script type=\"application\/ld+json\" class=\"yoast-schema-graph\">{\"@context\":\"https:\/\/schema.org\",\"@graph\":[{\"@type\":\"Article\",\"@id\":\"https:\/\/experienciadevida.com.ar\/portalurbano\/sergio-feoli-desde-cnrt-intensificamos-los-controles-al-transporte-publico-de-pasajeros-y-de-carga-de-jurisdiccion-nacional\/#article\",\"isPartOf\":{\"@id\":\"https:\/\/experienciadevida.com.ar\/portalurbano\/sergio-feoli-desde-cnrt-intensificamos-los-controles-al-transporte-publico-de-pasajeros-y-de-carga-de-jurisdiccion-nacional\/\"},\"author\":{\"name\":\"admpu17wp\",\"@id\":\"https:\/\/experienciadevida.com.ar\/portalurbano\/#\/schema\/person\/02dd326b1c4b056e9cc972486934a3a7\"},\"headline\":\"Sergio Feoli \u2018\u2019Desde CNRT Intensificamos los controles al transporte p\u00fablico de pasajeros y de carga de jurisdicci\u00f3n nacional\u2019\u2019\",\"datePublished\":\"2022-01-12T22:50:28+00:00\",\"dateModified\":\"2022-01-12T22:52:06+00:00\",\"mainEntityOfPage\":{\"@id\":\"https:\/\/experienciadevida.com.ar\/portalurbano\/sergio-feoli-desde-cnrt-intensificamos-los-controles-al-transporte-publico-de-pasajeros-y-de-carga-de-jurisdiccion-nacional\/\"},\"wordCount\":275,\"publisher\":{\"@id\":\"https:\/\/experienciadevida.com.ar\/portalurbano\/#organization\"},\"articleSection\":[\"Ciudad\",\"Destacadas 2\"],\"inLanguage\":\"es\"},{\"@type\":\"WebPage\",\"@id\":\"https:\/\/experienciadevida.com.ar\/portalurbano\/sergio-feoli-desde-cnrt-intensificamos-los-controles-al-transporte-publico-de-pasajeros-y-de-carga-de-jurisdiccion-nacional\/\",\"url\":\"https:\/\/experienciadevida.com.ar\/portalurbano\/sergio-feoli-desde-cnrt-intensificamos-los-controles-al-transporte-publico-de-pasajeros-y-de-carga-de-jurisdiccion-nacional\/\",\"name\":\"Sergio Feoli \\\"desde CNRT intensificamos los controles al transpote\\\"\",\"isPartOf\":{\"@id\":\"https:\/\/experienciadevida.com.ar\/portalurbano\/#website\"},\"datePublished\":\"2022-01-12T22:50:28+00:00\",\"dateModified\":\"2022-01-12T22:52:06+00:00\",\"description\":\"Sergio Feoli \u2018\u2019Desde CNRT Intensificamos los controles al transporte p\u00fablico de pasajeros y de carga de jurisdicci\u00f3n nacional\u2019\u2019,\",\"breadcrumb\":{\"@id\":\"https:\/\/experienciadevida.com.ar\/portalurbano\/sergio-feoli-desde-cnrt-intensificamos-los-controles-al-transporte-publico-de-pasajeros-y-de-carga-de-jurisdiccion-nacional\/#breadcrumb\"},\"inLanguage\":\"es\",\"potentialAction\":[{\"@type\":\"ReadAction\",\"target\":[\"https:\/\/experienciadevida.com.ar\/portalurbano\/sergio-feoli-desde-cnrt-intensificamos-los-controles-al-transporte-publico-de-pasajeros-y-de-carga-de-jurisdiccion-nacional\/\"]}]},{\"@type\":\"BreadcrumbList\",\"@id\":\"https:\/\/experienciadevida.com.ar\/portalurbano\/sergio-feoli-desde-cnrt-intensificamos-los-controles-al-transporte-publico-de-pasajeros-y-de-carga-de-jurisdiccion-nacional\/#breadcrumb\",\"itemListElement\":[{\"@type\":\"ListItem\",\"position\":1,\"name\":\"Portada\",\"item\":\"https:\/\/experienciadevida.com.ar\/portalurbano\/\"},{\"@type\":\"ListItem\",\"position\":2,\"name\":\"Sergio Feoli \u2018\u2019Desde CNRT Intensificamos los controles al transporte p\u00fablico de pasajeros y de carga de jurisdicci\u00f3n nacional\u2019\u2019\"}]},{\"@type\":\"WebSite\",\"@id\":\"https:\/\/experienciadevida.com.ar\/portalurbano\/#website\",\"url\":\"https:\/\/experienciadevida.com.ar\/portalurbano\/\",\"name\":\"\",\"description\":\"\",\"publisher\":{\"@id\":\"https:\/\/experienciadevida.com.ar\/portalurbano\/#organization\"},\"potentialAction\":[{\"@type\":\"SearchAction\",\"target\":{\"@type\":\"EntryPoint\",\"urlTemplate\":\"https:\/\/experienciadevida.com.ar\/portalurbano\/?s={search_term_string}\"},\"query-input\":\"required name=search_term_string\"}],\"inLanguage\":\"es\"},{\"@type\":\"Organization\",\"@id\":\"https:\/\/experienciadevida.com.ar\/portalurbano\/#organization\",\"name\":\"Portal Urbano\",\"url\":\"https:\/\/experienciadevida.com.ar\/portalurbano\/\",\"logo\":{\"@type\":\"ImageObject\",\"inLanguage\":\"es\",\"@id\":\"https:\/\/experienciadevida.com.ar\/portalurbano\/#\/schema\/logo\/image\/\",\"url\":\"https:\/\/experienciadevida.com.ar\/portalurbano\/wp-content\/uploads\/2019\/09\/Logo-Original.png\",\"contentUrl\":\"https:\/\/experienciadevida.com.ar\/portalurbano\/wp-content\/uploads\/2019\/09\/Logo-Original.png\",\"width\":2236,\"height\":1216,\"caption\":\"Portal Urbano\"},\"image\":{\"@id\":\"https:\/\/experienciadevida.com.ar\/portalurbano\/#\/schema\/logo\/image\/\"},\"sameAs\":[\"https:\/\/www.facebook.com\/Portal-Urbano-171542830093757\/\",\"https:\/\/twitter.com\/portalurbanook\",\"https:\/\/www.instagram.com\/_portalurbano\/\",\"https:\/\/www.youtube.com\/channel\/UCXhagIfszH8KxFiOok79zbA?view_as=subscriber\"]},{\"@type\":\"Person\",\"@id\":\"https:\/\/experienciadevida.com.ar\/portalurbano\/#\/schema\/person\/02dd326b1c4b056e9cc972486934a3a7\",\"name\":\"admpu17wp\",\"image\":{\"@type\":\"ImageObject\",\"inLanguage\":\"es\",\"@id\":\"https:\/\/experienciadevida.com.ar\/portalurbano\/#\/schema\/person\/image\/\",\"url\":\"https:\/\/secure.gravatar.com\/avatar\/830d4c57adaae6630765e449a6908047?s=96&d=mm&r=g\",\"contentUrl\":\"https:\/\/secure.gravatar.com\/avatar\/830d4c57adaae6630765e449a6908047?s=96&d=mm&r=g\",\"caption\":\"admpu17wp\"}}]}<\/script>\n<!-- \/ Yoast SEO plugin. -->","yoast_head_json":{"title":"Sergio Feoli \"desde CNRT intensificamos los controles al transpote\"","description":"Sergio Feoli \u2018\u2019Desde CNRT Intensificamos los controles al transporte p\u00fablico de pasajeros y de carga de jurisdicci\u00f3n nacional\u2019\u2019,","robots":{"index":"index","follow":"follow","max-snippet":"max-snippet:-1","max-image-preview":"max-image-preview:large","max-video-preview":"max-video-preview:-1"},"canonical":"https:\/\/experienciadevida.com.ar\/portalurbano\/sergio-feoli-desde-cnrt-intensificamos-los-controles-al-transporte-publico-de-pasajeros-y-de-carga-de-jurisdiccion-nacional\/","og_locale":"es_ES","og_type":"article","og_title":"Sergio Feoli \"desde CNRT intensificamos los controles al transpote\"","og_description":"Sergio Feoli \u2018\u2019Desde CNRT Intensificamos los controles al transporte p\u00fablico de pasajeros y de carga de jurisdicci\u00f3n nacional\u2019\u2019,","og_url":"https:\/\/experienciadevida.com.ar\/portalurbano\/sergio-feoli-desde-cnrt-intensificamos-los-controles-al-transporte-publico-de-pasajeros-y-de-carga-de-jurisdiccion-nacional\/","article_publisher":"https:\/\/www.facebook.com\/Portal-Urbano-171542830093757\/","article_published_time":"2022-01-12T22:50:28+00:00","article_modified_time":"2022-01-12T22:52:06+00:00","og_image":[{"width":1280,"height":853,"url":"https:\/\/experienciadevida.com.ar\/portalurbano\/wp-content\/uploads\/2022\/01\/Sergio-Feoli.jpeg","type":"image\/jpeg"}],"author":"admpu17wp","twitter_card":"summary_large_image","twitter_creator":"@portalurbanook","twitter_site":"@portalurbanook","twitter_misc":{"Escrito por":"admpu17wp","Tiempo de lectura":"2 minutos"},"schema":{"@context":"https:\/\/schema.org","@graph":[{"@type":"Article","@id":"https:\/\/experienciadevida.com.ar\/portalurbano\/sergio-feoli-desde-cnrt-intensificamos-los-controles-al-transporte-publico-de-pasajeros-y-de-carga-de-jurisdiccion-nacional\/#article","isPartOf":{"@id":"https:\/\/experienciadevida.com.ar\/portalurbano\/sergio-feoli-desde-cnrt-intensificamos-los-controles-al-transporte-publico-de-pasajeros-y-de-carga-de-jurisdiccion-nacional\/"},"author":{"name":"admpu17wp","@id":"https:\/\/experienciadevida.com.ar\/portalurbano\/#\/schema\/person\/02dd326b1c4b056e9cc972486934a3a7"},"headline":"Sergio Feoli \u2018\u2019Desde CNRT Intensificamos los controles al transporte p\u00fablico de pasajeros y de carga de jurisdicci\u00f3n nacional\u2019\u2019","datePublished":"2022-01-12T22:50:28+00:00","dateModified":"2022-01-12T22:52:06+00:00","mainEntityOfPage":{"@id":"https:\/\/experienciadevida.com.ar\/portalurbano\/sergio-feoli-desde-cnrt-intensificamos-los-controles-al-transporte-publico-de-pasajeros-y-de-carga-de-jurisdiccion-nacional\/"},"wordCount":275,"publisher":{"@id":"https:\/\/experienciadevida.com.ar\/portalurbano\/#organization"},"articleSection":["Ciudad","Destacadas 2"],"inLanguage":"es"},{"@type":"WebPage","@id":"https:\/\/experienciadevida.com.ar\/portalurbano\/sergio-feoli-desde-cnrt-intensificamos-los-controles-al-transporte-publico-de-pasajeros-y-de-carga-de-jurisdiccion-nacional\/","url":"https:\/\/experienciadevida.com.ar\/portalurbano\/sergio-feoli-desde-cnrt-intensificamos-los-controles-al-transporte-publico-de-pasajeros-y-de-carga-de-jurisdiccion-nacional\/","name":"Sergio Feoli \"desde CNRT intensificamos los controles al transpote\"","isPartOf":{"@id":"https:\/\/experienciadevida.com.ar\/portalurbano\/#website"},"datePublished":"2022-01-12T22:50:28+00:00","dateModified":"2022-01-12T22:52:06+00:00","description":"Sergio Feoli \u2018\u2019Desde CNRT Intensificamos los controles al transporte p\u00fablico de pasajeros y de carga de jurisdicci\u00f3n nacional\u2019\u2019,","breadcrumb":{"@id":"https:\/\/experienciadevida.com.ar\/portalurbano\/sergio-feoli-desde-cnrt-intensificamos-los-controles-al-transporte-publico-de-pasajeros-y-de-carga-de-jurisdiccion-nacional\/#breadcrumb"},"inLanguage":"es","potentialAction":[{"@type":"ReadAction","target":["https:\/\/experienciadevida.com.ar\/portalurbano\/sergio-feoli-desde-cnrt-intensificamos-los-controles-al-transporte-publico-de-pasajeros-y-de-carga-de-jurisdiccion-nacional\/"]}]},{"@type":"BreadcrumbList","@id":"https:\/\/experienciadevida.com.ar\/portalurbano\/sergio-feoli-desde-cnrt-intensificamos-los-controles-al-transporte-publico-de-pasajeros-y-de-carga-de-jurisdiccion-nacional\/#breadcrumb","itemListElement":[{"@type":"ListItem","position":1,"name":"Portada","item":"https:\/\/experienciadevida.com.ar\/portalurbano\/"},{"@type":"ListItem","position":2,"name":"Sergio Feoli \u2018\u2019Desde CNRT Intensificamos los controles al transporte p\u00fablico de pasajeros y de carga de jurisdicci\u00f3n nacional\u2019\u2019"}]},{"@type":"WebSite","@id":"https:\/\/experienciadevida.com.ar\/portalurbano\/#website","url":"https:\/\/experienciadevida.com.ar\/portalurbano\/","name":"","description":"","publisher":{"@id":"https:\/\/experienciadevida.com.ar\/portalurbano\/#organization"},"potentialAction":[{"@type":"SearchAction","target":{"@type":"EntryPoint","urlTemplate":"https:\/\/experienciadevida.com.ar\/portalurbano\/?s={search_term_string}"},"query-input":"required name=search_term_string"}],"inLanguage":"es"},{"@type":"Organization","@id":"https:\/\/experienciadevida.com.ar\/portalurbano\/#organization","name":"Portal Urbano","url":"https:\/\/experienciadevida.com.ar\/portalurbano\/","logo":{"@type":"ImageObject","inLanguage":"es","@id":"https:\/\/experienciadevida.com.ar\/portalurbano\/#\/schema\/logo\/image\/","url":"https:\/\/experienciadevida.com.ar\/portalurbano\/wp-content\/uploads\/2019\/09\/Logo-Original.png","contentUrl":"https:\/\/experienciadevida.com.ar\/portalurbano\/wp-content\/uploads\/2019\/09\/Logo-Original.png","width":2236,"height":1216,"caption":"Portal Urbano"},"image":{"@id":"https:\/\/experienciadevida.com.ar\/portalurbano\/#\/schema\/logo\/image\/"},"sameAs":["https:\/\/www.facebook.com\/Portal-Urbano-171542830093757\/","https:\/\/twitter.com\/portalurbanook","https:\/\/www.instagram.com\/_portalurbano\/","https:\/\/www.youtube.com\/channel\/UCXhagIfszH8KxFiOok79zbA?view_as=subscriber"]},{"@type":"Person","@id":"https:\/\/experienciadevida.com.ar\/portalurbano\/#\/schema\/person\/02dd326b1c4b056e9cc972486934a3a7","name":"admpu17wp","image":{"@type":"ImageObject","inLanguage":"es","@id":"https:\/\/experienciadevida.com.ar\/portalurbano\/#\/schema\/person\/image\/","url":"https:\/\/secure.gravatar.com\/avatar\/830d4c57adaae6630765e449a6908047?s=96&d=mm&r=g","contentUrl":"https:\/\/secure.gravatar.com\/avatar\/830d4c57adaae6630765e449a6908047?s=96&d=mm&r=g","caption":"admpu17wp"}}]}},"featured_image_urls":{"full":["https:\/\/experienciadevida.com.ar\/portalurbano\/wp-content\/uploads\/2022\/01\/Sergio-Feoli.jpeg",1280,853,false],"thumbnail":["https:\/\/experienciadevida.com.ar\/portalurbano\/wp-content\/uploads\/2022\/01\/Sergio-Feoli-150x150.jpeg",150,150,true],"medium":["https:\/\/experienciadevida.com.ar\/portalurbano\/wp-content\/uploads\/2022\/01\/Sergio-Feoli-300x200.jpeg",300,200,true],"medium_large":["https:\/\/experienciadevida.com.ar\/portalurbano\/wp-content\/uploads\/2022\/01\/Sergio-Feoli-768x512.jpeg",640,427,true],"large":["https:\/\/experienciadevida.com.ar\/portalurbano\/wp-content\/uploads\/2022\/01\/Sergio-Feoli-1024x682.jpeg",640,426,true],"ug_big":["https:\/\/experienciadevida.com.ar\/portalurbano\/wp-content\/uploads\/2022\/01\/Sergio-Feoli-768x512.jpeg",768,512,true],"1536x1536":["https:\/\/experienciadevida.com.ar\/portalurbano\/wp-content\/uploads\/2022\/01\/Sergio-Feoli.jpeg",1280,853,false],"2048x2048":["https:\/\/experienciadevida.com.ar\/portalurbano\/wp-content\/uploads\/2022\/01\/Sergio-Feoli.jpeg",1280,853,false],"newsever-slider-full":["https:\/\/experienciadevida.com.ar\/portalurbano\/wp-content\/uploads\/2022\/01\/Sergio-Feoli.jpeg",1268,845,false],"newsever-featured":["https:\/\/experienciadevida.com.ar\/portalurbano\/wp-content\/uploads\/2022\/01\/Sergio-Feoli.jpeg",1024,682,false],"newsever-medium":["https:\/\/experienciadevida.com.ar\/portalurbano\/wp-content\/uploads\/2022\/01\/Sergio-Feoli.jpeg",713,475,false],"web-stories-poster-portrait":["https:\/\/experienciadevida.com.ar\/portalurbano\/wp-content\/uploads\/2022\/01\/Sergio-Feoli.jpeg",640,427,false],"web-stories-publisher-logo":["https:\/\/experienciadevida.com.ar\/portalurbano\/wp-content\/uploads\/2022\/01\/Sergio-Feoli.jpeg",96,64,false],"web-stories-thumbnail":["https:\/\/experienciadevida.com.ar\/portalurbano\/wp-content\/uploads\/2022\/01\/Sergio-Feoli.jpeg",150,100,false]},"author_info":{"display_name":"admpu17wp","author_link":"https:\/\/experienciadevida.com.ar\/portalurbano\/author\/admpu17wp\/"},"category_info":"<a href=\"https:\/\/experienciadevida.com.ar\/portalurbano\/category\/ciudad\/\" rel=\"category tag\">Ciudad<\/a> <a href=\"https:\/\/experienciadevida.com.ar\/portalurbano\/category\/destacadas-2\/\" rel=\"category tag\">Destacadas 2<\/a>","tag_info":"Destacadas 2","comment_count":"0","amp_enabled":true,"_links":{"self":[{"href":"https:\/\/experienciadevida.com.ar\/portalurbano\/wp-json\/wp\/v2\/posts\/159894"}],"collection":[{"href":"https:\/\/experienciadevida.com.ar\/portalurbano\/wp-json\/wp\/v2\/posts"}],"about":[{"href":"https:\/\/experienciadevida.com.ar\/portalurbano\/wp-json\/wp\/v2\/types\/post"}],"author":[{"embeddable":true,"href":"https:\/\/experienciadevida.com.ar\/portalurbano\/wp-json\/wp\/v2\/users\/1"}],"replies":[{"embeddable":true,"href":"https:\/\/experienciadevida.com.ar\/portalurbano\/wp-json\/wp\/v2\/comments?post=159894"}],"version-history":[{"count":2,"href":"https:\/\/experienciadevida.com.ar\/portalurbano\/wp-json\/wp\/v2\/posts\/159894\/revisions"}],"predecessor-version":[{"id":159897,"href":"https:\/\/experienciadevida.com.ar\/portalurbano\/wp-json\/wp\/v2\/posts\/159894\/revisions\/159897"}],"wp:featuredmedia":[{"embeddable":true,"href":"https:\/\/experienciadevida.com.ar\/portalurbano\/wp-json\/wp\/v2\/media\/159895"}],"wp:attachment":[{"href":"https:\/\/experienciadevida.com.ar\/portalurbano\/wp-json\/wp\/v2\/media?parent=159894"}],"wp:term":[{"taxonomy":"category","embeddable":true,"href":"https:\/\/experienciadevida.com.ar\/portalurbano\/wp-json\/wp\/v2\/categories?post=159894"},{"taxonomy":"post_tag","embeddable":true,"href":"https:\/\/experienciadevida.com.ar\/portalurbano\/wp-json\/wp\/v2\/tags?post=159894"}],"curies":[{"name":"wp","href":"https:\/\/api.w.org\/{rel}","templated":true}]}}