{"id":159856,"date":"2022-01-11T19:15:46","date_gmt":"2022-01-11T22:15:46","guid":{"rendered":"https:\/\/experienciadevida.com.ar\/portalurbano\/?p=159856"},"modified":"2022-01-11T19:17:08","modified_gmt":"2022-01-11T22:17:08","slug":"coopelectric-recomienda-hacer-un-uso-racional-del-agua-y-la-energia-2","status":"publish","type":"post","link":"https:\/\/experienciadevida.com.ar\/portalurbano\/coopelectric-recomienda-hacer-un-uso-racional-del-agua-y-la-energia-2\/","title":{"rendered":"Coopelectric recomienda hacer un uso racional del agua y la energ\u00eda"},"content":{"rendered":"<p>Coopelectric recomienda hacer un uso racional del agua y la energ\u00eda, frente a la ola de calor pronosticada por el Servicio Meteorol\u00f3gico Nacional, desde Coopelectric se reitera la necesidad de hacer un uso racional del agua y la energ\u00eda.<\/p>\n<p>Obras Sanitarias:<\/p>\n<p>Los 46 pozos de extracci\u00f3n del Servicio Sanitario que se encuentran ubicados en distintos puntos de la ciudad est\u00e1n funcionando con normalidad y al 100 % de su capacidad, pero la simultaneidad y el exceso de consumo podr\u00edan<br \/>\nreducir la cantidad de agua disponible en la red ocasionando baja presi\u00f3n en las primeras horas de la tarde.<\/p>\n<p>En caso de que esto ocurriera se debe tener en cuenta que durante la noche, cuando el consumo disminuye, los niveles de presi\u00f3n se normalizan permitiendo que se llenen los tanques de reserva que cuentan con una capacidad de 500 lts., lo cual resulta suficiente para abastecer la demanda del consumo diario de una familia.<\/p>\n<p>Coopelectric recomienda hacer un uso racional del agua y la energ\u00eda, no obstante, se aconseja a los vecinos de la planta urbana de Olavarr\u00eda y las localidades de Sierras Bayas y Sierra Chica realizar un consumo responsable del agua potable restringiendo el uso innecesario, especialmente que durante las horas pico no se llenen piletas, no se riegue y se evite el lavado de veredas, patios y veh\u00edculos.<\/p>\n<p>Energ\u00eda El\u00e9ctrica:<\/p>\n<p>Teniendo en cuenta que otra de las caracter\u00edsticas del verano es la simultaneidad de consumo de electricidad, desde el \u00e1rea T\u00e9cnica del Servicio El\u00e9ctrico tambi\u00e9n se recomienda hacer un uso racional, principalmente con<br \/>\nlos equipos de aire acondicionado para evitar inconvenientes en la prestaci\u00f3n del suministro.<\/p>\n<p>Entre las principales recomendaciones, se destaca regular el aire acondicionado en 24\u00ba y cerrar las puertas para evitar el ingreso de aire al ambiente climatizado; no dejar luces encendidas en ambientes que no se utilizan, reemplazar las l\u00e1mparas incandescentes por l\u00e1mparas LED, desenchufar los aparatos electr\u00f3nicos porque a\u00fan cuando se encuentran en stand by contin\u00faan consumiendo energ\u00eda; descongelar regularmente la heladera<br \/>\ny usar el lavarropas cuando la ropa reunida llegue a la capacidad m\u00e1xima aconsejada por el fabricante.<\/p>\n<p>El consumo desmedido puede derivar en inconvenientes o interrupciones de los servicios esenciales. Por ello, apelamos al compromiso colectivo, al consumo responsable y solidario de nuestros recursos.<\/p>\n<p>Reclamos<\/p>\n<p>Por reclamos de Energ\u00eda El\u00e9ctrica los usuarios podr\u00e1n comunicarse durante las 24 hs. al 412305\/306 y por reclamos t\u00e9cnicos de Obras Sanitarias al 411222\/212. En ambos casos tambi\u00e9n podr\u00e1n enviar un mensaje de texto al<br \/>\n15-680000 o ingresar el reclamo v\u00eda WhastsApp 2284-230707.<\/p>\n","protected":false},"excerpt":{"rendered":"<p>Coopelectric recomienda hacer un uso racional del agua y la energ\u00eda, frente a la ola&#8230;<\/p>\n","protected":false},"author":1,"featured_media":133211,"comment_status":"closed","ping_status":"closed","sticky":false,"template":"","format":"standard","meta":{"content-type":""},"categories":[27,64],"tags":[],"nelio_content":{"isAutoShareEnabled":false,"autoShareEndMode":"default","automationSources":{"useContentSentences":true,"useSocialTemplates":true,"useCustomSentences":false,"customSentences":[]},"followers":[1],"suggestedReferences":[],"includedReferences":[],"efiUrl":"","efiAlt":"","highlights":[]},"yoast_head":"<!-- This site is optimized with the Yoast SEO plugin v20.7 - https:\/\/yoast.com\/wordpress\/plugins\/seo\/ -->\n<title>Coopelectric recomienda hacer un uso racional del agua y energ\u00eda<\/title>\n<meta name=\"description\" content=\"Coopelectric recomienda hacer un uso racional del agua y la energ\u00eda, frente a la ola de calor pronosticada por el Servicio meteorol\u00f3gico\" \/>\n<meta name=\"robots\" content=\"index, follow, max-snippet:-1, max-image-preview:large, max-video-preview:-1\" \/>\n<link rel=\"canonical\" href=\"https:\/\/experienciadevida.com.ar\/portalurbano\/coopelectric-recomienda-hacer-un-uso-racional-del-agua-y-la-energia-2\/\" \/>\n<meta property=\"og:locale\" content=\"es_ES\" \/>\n<meta property=\"og:type\" content=\"article\" \/>\n<meta property=\"og:title\" content=\"Coopelectric recomienda hacer un uso racional del agua y energ\u00eda\" \/>\n<meta property=\"og:description\" content=\"Coopelectric recomienda hacer un uso racional del agua y la energ\u00eda, frente a la ola de calor pronosticada por el Servicio meteorol\u00f3gico\" \/>\n<meta property=\"og:url\" content=\"https:\/\/experienciadevida.com.ar\/portalurbano\/coopelectric-recomienda-hacer-un-uso-racional-del-agua-y-la-energia-2\/\" \/>\n<meta property=\"article:publisher\" content=\"https:\/\/www.facebook.com\/Portal-Urbano-171542830093757\/\" \/>\n<meta property=\"article:published_time\" content=\"2022-01-11T22:15:46+00:00\" \/>\n<meta property=\"article:modified_time\" content=\"2022-01-11T22:17:08+00:00\" \/>\n<meta property=\"og:image\" content=\"https:\/\/experienciadevida.com.ar\/portalurbano\/wp-content\/uploads\/2021\/01\/Agua.jpg\" \/>\n\t<meta property=\"og:image:width\" content=\"608\" \/>\n\t<meta property=\"og:image:height\" content=\"342\" \/>\n\t<meta property=\"og:image:type\" content=\"image\/jpeg\" \/>\n<meta name=\"author\" content=\"admpu17wp\" \/>\n<meta name=\"twitter:card\" content=\"summary_large_image\" \/>\n<meta name=\"twitter:creator\" content=\"@portalurbanook\" \/>\n<meta name=\"twitter:site\" content=\"@portalurbanook\" \/>\n<meta name=\"twitter:label1\" content=\"Escrito por\" \/>\n\t<meta name=\"twitter:data1\" content=\"admpu17wp\" \/>\n\t<meta name=\"twitter:label2\" content=\"Tiempo de lectura\" \/>\n\t<meta name=\"twitter:data2\" content=\"2 minutos\" \/>\n<script type=\"application\/ld+json\" class=\"yoast-schema-graph\">{\"@context\":\"https:\/\/schema.org\",\"@graph\":[{\"@type\":\"Article\",\"@id\":\"https:\/\/experienciadevida.com.ar\/portalurbano\/coopelectric-recomienda-hacer-un-uso-racional-del-agua-y-la-energia-2\/#article\",\"isPartOf\":{\"@id\":\"https:\/\/experienciadevida.com.ar\/portalurbano\/coopelectric-recomienda-hacer-un-uso-racional-del-agua-y-la-energia-2\/\"},\"author\":{\"name\":\"admpu17wp\",\"@id\":\"https:\/\/experienciadevida.com.ar\/portalurbano\/#\/schema\/person\/02dd326b1c4b056e9cc972486934a3a7\"},\"headline\":\"Coopelectric recomienda hacer un uso racional del agua y la energ\u00eda\",\"datePublished\":\"2022-01-11T22:15:46+00:00\",\"dateModified\":\"2022-01-11T22:17:08+00:00\",\"mainEntityOfPage\":{\"@id\":\"https:\/\/experienciadevida.com.ar\/portalurbano\/coopelectric-recomienda-hacer-un-uso-racional-del-agua-y-la-energia-2\/\"},\"wordCount\":453,\"publisher\":{\"@id\":\"https:\/\/experienciadevida.com.ar\/portalurbano\/#organization\"},\"articleSection\":[\"Ciudad\",\"Destacadas 2\"],\"inLanguage\":\"es\"},{\"@type\":\"WebPage\",\"@id\":\"https:\/\/experienciadevida.com.ar\/portalurbano\/coopelectric-recomienda-hacer-un-uso-racional-del-agua-y-la-energia-2\/\",\"url\":\"https:\/\/experienciadevida.com.ar\/portalurbano\/coopelectric-recomienda-hacer-un-uso-racional-del-agua-y-la-energia-2\/\",\"name\":\"Coopelectric recomienda hacer un uso racional del agua y energ\u00eda\",\"isPartOf\":{\"@id\":\"https:\/\/experienciadevida.com.ar\/portalurbano\/#website\"},\"datePublished\":\"2022-01-11T22:15:46+00:00\",\"dateModified\":\"2022-01-11T22:17:08+00:00\",\"description\":\"Coopelectric recomienda hacer un uso racional del agua y la energ\u00eda, frente a la ola de calor pronosticada por el Servicio meteorol\u00f3gico\",\"breadcrumb\":{\"@id\":\"https:\/\/experienciadevida.com.ar\/portalurbano\/coopelectric-recomienda-hacer-un-uso-racional-del-agua-y-la-energia-2\/#breadcrumb\"},\"inLanguage\":\"es\",\"potentialAction\":[{\"@type\":\"ReadAction\",\"target\":[\"https:\/\/experienciadevida.com.ar\/portalurbano\/coopelectric-recomienda-hacer-un-uso-racional-del-agua-y-la-energia-2\/\"]}]},{\"@type\":\"BreadcrumbList\",\"@id\":\"https:\/\/experienciadevida.com.ar\/portalurbano\/coopelectric-recomienda-hacer-un-uso-racional-del-agua-y-la-energia-2\/#breadcrumb\",\"itemListElement\":[{\"@type\":\"ListItem\",\"position\":1,\"name\":\"Portada\",\"item\":\"https:\/\/experienciadevida.com.ar\/portalurbano\/\"},{\"@type\":\"ListItem\",\"position\":2,\"name\":\"Coopelectric recomienda hacer un uso racional del agua y la energ\u00eda\"}]},{\"@type\":\"WebSite\",\"@id\":\"https:\/\/experienciadevida.com.ar\/portalurbano\/#website\",\"url\":\"https:\/\/experienciadevida.com.ar\/portalurbano\/\",\"name\":\"\",\"description\":\"\",\"publisher\":{\"@id\":\"https:\/\/experienciadevida.com.ar\/portalurbano\/#organization\"},\"potentialAction\":[{\"@type\":\"SearchAction\",\"target\":{\"@type\":\"EntryPoint\",\"urlTemplate\":\"https:\/\/experienciadevida.com.ar\/portalurbano\/?s={search_term_string}\"},\"query-input\":\"required name=search_term_string\"}],\"inLanguage\":\"es\"},{\"@type\":\"Organization\",\"@id\":\"https:\/\/experienciadevida.com.ar\/portalurbano\/#organization\",\"name\":\"Portal Urbano\",\"url\":\"https:\/\/experienciadevida.com.ar\/portalurbano\/\",\"logo\":{\"@type\":\"ImageObject\",\"inLanguage\":\"es\",\"@id\":\"https:\/\/experienciadevida.com.ar\/portalurbano\/#\/schema\/logo\/image\/\",\"url\":\"https:\/\/experienciadevida.com.ar\/portalurbano\/wp-content\/uploads\/2019\/09\/Logo-Original.png\",\"contentUrl\":\"https:\/\/experienciadevida.com.ar\/portalurbano\/wp-content\/uploads\/2019\/09\/Logo-Original.png\",\"width\":2236,\"height\":1216,\"caption\":\"Portal Urbano\"},\"image\":{\"@id\":\"https:\/\/experienciadevida.com.ar\/portalurbano\/#\/schema\/logo\/image\/\"},\"sameAs\":[\"https:\/\/www.facebook.com\/Portal-Urbano-171542830093757\/\",\"https:\/\/twitter.com\/portalurbanook\",\"https:\/\/www.instagram.com\/_portalurbano\/\",\"https:\/\/www.youtube.com\/channel\/UCXhagIfszH8KxFiOok79zbA?view_as=subscriber\"]},{\"@type\":\"Person\",\"@id\":\"https:\/\/experienciadevida.com.ar\/portalurbano\/#\/schema\/person\/02dd326b1c4b056e9cc972486934a3a7\",\"name\":\"admpu17wp\",\"image\":{\"@type\":\"ImageObject\",\"inLanguage\":\"es\",\"@id\":\"https:\/\/experienciadevida.com.ar\/portalurbano\/#\/schema\/person\/image\/\",\"url\":\"https:\/\/secure.gravatar.com\/avatar\/830d4c57adaae6630765e449a6908047?s=96&d=mm&r=g\",\"contentUrl\":\"https:\/\/secure.gravatar.com\/avatar\/830d4c57adaae6630765e449a6908047?s=96&d=mm&r=g\",\"caption\":\"admpu17wp\"}}]}<\/script>\n<!-- \/ Yoast SEO plugin. -->","yoast_head_json":{"title":"Coopelectric recomienda hacer un uso racional del agua y energ\u00eda","description":"Coopelectric recomienda hacer un uso racional del agua y la energ\u00eda, frente a la ola de calor pronosticada por el Servicio meteorol\u00f3gico","robots":{"index":"index","follow":"follow","max-snippet":"max-snippet:-1","max-image-preview":"max-image-preview:large","max-video-preview":"max-video-preview:-1"},"canonical":"https:\/\/experienciadevida.com.ar\/portalurbano\/coopelectric-recomienda-hacer-un-uso-racional-del-agua-y-la-energia-2\/","og_locale":"es_ES","og_type":"article","og_title":"Coopelectric recomienda hacer un uso racional del agua y energ\u00eda","og_description":"Coopelectric recomienda hacer un uso racional del agua y la energ\u00eda, frente a la ola de calor pronosticada por el Servicio meteorol\u00f3gico","og_url":"https:\/\/experienciadevida.com.ar\/portalurbano\/coopelectric-recomienda-hacer-un-uso-racional-del-agua-y-la-energia-2\/","article_publisher":"https:\/\/www.facebook.com\/Portal-Urbano-171542830093757\/","article_published_time":"2022-01-11T22:15:46+00:00","article_modified_time":"2022-01-11T22:17:08+00:00","og_image":[{"width":608,"height":342,"url":"https:\/\/experienciadevida.com.ar\/portalurbano\/wp-content\/uploads\/2021\/01\/Agua.jpg","type":"image\/jpeg"}],"author":"admpu17wp","twitter_card":"summary_large_image","twitter_creator":"@portalurbanook","twitter_site":"@portalurbanook","twitter_misc":{"Escrito por":"admpu17wp","Tiempo de lectura":"2 minutos"},"schema":{"@context":"https:\/\/schema.org","@graph":[{"@type":"Article","@id":"https:\/\/experienciadevida.com.ar\/portalurbano\/coopelectric-recomienda-hacer-un-uso-racional-del-agua-y-la-energia-2\/#article","isPartOf":{"@id":"https:\/\/experienciadevida.com.ar\/portalurbano\/coopelectric-recomienda-hacer-un-uso-racional-del-agua-y-la-energia-2\/"},"author":{"name":"admpu17wp","@id":"https:\/\/experienciadevida.com.ar\/portalurbano\/#\/schema\/person\/02dd326b1c4b056e9cc972486934a3a7"},"headline":"Coopelectric recomienda hacer un uso racional del agua y la energ\u00eda","datePublished":"2022-01-11T22:15:46+00:00","dateModified":"2022-01-11T22:17:08+00:00","mainEntityOfPage":{"@id":"https:\/\/experienciadevida.com.ar\/portalurbano\/coopelectric-recomienda-hacer-un-uso-racional-del-agua-y-la-energia-2\/"},"wordCount":453,"publisher":{"@id":"https:\/\/experienciadevida.com.ar\/portalurbano\/#organization"},"articleSection":["Ciudad","Destacadas 2"],"inLanguage":"es"},{"@type":"WebPage","@id":"https:\/\/experienciadevida.com.ar\/portalurbano\/coopelectric-recomienda-hacer-un-uso-racional-del-agua-y-la-energia-2\/","url":"https:\/\/experienciadevida.com.ar\/portalurbano\/coopelectric-recomienda-hacer-un-uso-racional-del-agua-y-la-energia-2\/","name":"Coopelectric recomienda hacer un uso racional del agua y energ\u00eda","isPartOf":{"@id":"https:\/\/experienciadevida.com.ar\/portalurbano\/#website"},"datePublished":"2022-01-11T22:15:46+00:00","dateModified":"2022-01-11T22:17:08+00:00","description":"Coopelectric recomienda hacer un uso racional del agua y la energ\u00eda, frente a la ola de calor pronosticada por el Servicio meteorol\u00f3gico","breadcrumb":{"@id":"https:\/\/experienciadevida.com.ar\/portalurbano\/coopelectric-recomienda-hacer-un-uso-racional-del-agua-y-la-energia-2\/#breadcrumb"},"inLanguage":"es","potentialAction":[{"@type":"ReadAction","target":["https:\/\/experienciadevida.com.ar\/portalurbano\/coopelectric-recomienda-hacer-un-uso-racional-del-agua-y-la-energia-2\/"]}]},{"@type":"BreadcrumbList","@id":"https:\/\/experienciadevida.com.ar\/portalurbano\/coopelectric-recomienda-hacer-un-uso-racional-del-agua-y-la-energia-2\/#breadcrumb","itemListElement":[{"@type":"ListItem","position":1,"name":"Portada","item":"https:\/\/experienciadevida.com.ar\/portalurbano\/"},{"@type":"ListItem","position":2,"name":"Coopelectric recomienda hacer un uso racional del agua y la energ\u00eda"}]},{"@type":"WebSite","@id":"https:\/\/experienciadevida.com.ar\/portalurbano\/#website","url":"https:\/\/experienciadevida.com.ar\/portalurbano\/","name":"","description":"","publisher":{"@id":"https:\/\/experienciadevida.com.ar\/portalurbano\/#organization"},"potentialAction":[{"@type":"SearchAction","target":{"@type":"EntryPoint","urlTemplate":"https:\/\/experienciadevida.com.ar\/portalurbano\/?s={search_term_string}"},"query-input":"required name=search_term_string"}],"inLanguage":"es"},{"@type":"Organization","@id":"https:\/\/experienciadevida.com.ar\/portalurbano\/#organization","name":"Portal Urbano","url":"https:\/\/experienciadevida.com.ar\/portalurbano\/","logo":{"@type":"ImageObject","inLanguage":"es","@id":"https:\/\/experienciadevida.com.ar\/portalurbano\/#\/schema\/logo\/image\/","url":"https:\/\/experienciadevida.com.ar\/portalurbano\/wp-content\/uploads\/2019\/09\/Logo-Original.png","contentUrl":"https:\/\/experienciadevida.com.ar\/portalurbano\/wp-content\/uploads\/2019\/09\/Logo-Original.png","width":2236,"height":1216,"caption":"Portal Urbano"},"image":{"@id":"https:\/\/experienciadevida.com.ar\/portalurbano\/#\/schema\/logo\/image\/"},"sameAs":["https:\/\/www.facebook.com\/Portal-Urbano-171542830093757\/","https:\/\/twitter.com\/portalurbanook","https:\/\/www.instagram.com\/_portalurbano\/","https:\/\/www.youtube.com\/channel\/UCXhagIfszH8KxFiOok79zbA?view_as=subscriber"]},{"@type":"Person","@id":"https:\/\/experienciadevida.com.ar\/portalurbano\/#\/schema\/person\/02dd326b1c4b056e9cc972486934a3a7","name":"admpu17wp","image":{"@type":"ImageObject","inLanguage":"es","@id":"https:\/\/experienciadevida.com.ar\/portalurbano\/#\/schema\/person\/image\/","url":"https:\/\/secure.gravatar.com\/avatar\/830d4c57adaae6630765e449a6908047?s=96&d=mm&r=g","contentUrl":"https:\/\/secure.gravatar.com\/avatar\/830d4c57adaae6630765e449a6908047?s=96&d=mm&r=g","caption":"admpu17wp"}}]}},"featured_image_urls":{"full":["https:\/\/experienciadevida.com.ar\/portalurbano\/wp-content\/uploads\/2021\/01\/Agua.jpg",608,342,false],"thumbnail":["https:\/\/experienciadevida.com.ar\/portalurbano\/wp-content\/uploads\/2021\/01\/Agua-150x150.jpg",150,150,true],"medium":["https:\/\/experienciadevida.com.ar\/portalurbano\/wp-content\/uploads\/2021\/01\/Agua-300x169.jpg",300,169,true],"medium_large":["https:\/\/experienciadevida.com.ar\/portalurbano\/wp-content\/uploads\/2021\/01\/Agua.jpg",608,342,false],"large":["https:\/\/experienciadevida.com.ar\/portalurbano\/wp-content\/uploads\/2021\/01\/Agua.jpg",608,342,false],"ug_big":["https:\/\/experienciadevida.com.ar\/portalurbano\/wp-content\/uploads\/2021\/01\/Agua.jpg",608,342,false],"1536x1536":["https:\/\/experienciadevida.com.ar\/portalurbano\/wp-content\/uploads\/2021\/01\/Agua.jpg",608,342,false],"2048x2048":["https:\/\/experienciadevida.com.ar\/portalurbano\/wp-content\/uploads\/2021\/01\/Agua.jpg",608,342,false],"newsever-slider-full":["https:\/\/experienciadevida.com.ar\/portalurbano\/wp-content\/uploads\/2021\/01\/Agua.jpg",608,342,false],"newsever-featured":["https:\/\/experienciadevida.com.ar\/portalurbano\/wp-content\/uploads\/2021\/01\/Agua.jpg",608,342,false],"newsever-medium":["https:\/\/experienciadevida.com.ar\/portalurbano\/wp-content\/uploads\/2021\/01\/Agua.jpg",608,342,false],"web-stories-poster-portrait":["https:\/\/experienciadevida.com.ar\/portalurbano\/wp-content\/uploads\/2021\/01\/Agua.jpg",608,342,false],"web-stories-publisher-logo":["https:\/\/experienciadevida.com.ar\/portalurbano\/wp-content\/uploads\/2021\/01\/Agua.jpg",96,54,false],"web-stories-thumbnail":["https:\/\/experienciadevida.com.ar\/portalurbano\/wp-content\/uploads\/2021\/01\/Agua.jpg",150,84,false]},"author_info":{"display_name":"admpu17wp","author_link":"https:\/\/experienciadevida.com.ar\/portalurbano\/author\/admpu17wp\/"},"category_info":"<a href=\"https:\/\/experienciadevida.com.ar\/portalurbano\/category\/ciudad\/\" rel=\"category tag\">Ciudad<\/a> <a href=\"https:\/\/experienciadevida.com.ar\/portalurbano\/category\/destacadas-2\/\" rel=\"category tag\">Destacadas 2<\/a>","tag_info":"Destacadas 2","comment_count":"0","amp_enabled":true,"_links":{"self":[{"href":"https:\/\/experienciadevida.com.ar\/portalurbano\/wp-json\/wp\/v2\/posts\/159856"}],"collection":[{"href":"https:\/\/experienciadevida.com.ar\/portalurbano\/wp-json\/wp\/v2\/posts"}],"about":[{"href":"https:\/\/experienciadevida.com.ar\/portalurbano\/wp-json\/wp\/v2\/types\/post"}],"author":[{"embeddable":true,"href":"https:\/\/experienciadevida.com.ar\/portalurbano\/wp-json\/wp\/v2\/users\/1"}],"replies":[{"embeddable":true,"href":"https:\/\/experienciadevida.com.ar\/portalurbano\/wp-json\/wp\/v2\/comments?post=159856"}],"version-history":[{"count":2,"href":"https:\/\/experienciadevida.com.ar\/portalurbano\/wp-json\/wp\/v2\/posts\/159856\/revisions"}],"predecessor-version":[{"id":159858,"href":"https:\/\/experienciadevida.com.ar\/portalurbano\/wp-json\/wp\/v2\/posts\/159856\/revisions\/159858"}],"wp:featuredmedia":[{"embeddable":true,"href":"https:\/\/experienciadevida.com.ar\/portalurbano\/wp-json\/wp\/v2\/media\/133211"}],"wp:attachment":[{"href":"https:\/\/experienciadevida.com.ar\/portalurbano\/wp-json\/wp\/v2\/media?parent=159856"}],"wp:term":[{"taxonomy":"category","embeddable":true,"href":"https:\/\/experienciadevida.com.ar\/portalurbano\/wp-json\/wp\/v2\/categories?post=159856"},{"taxonomy":"post_tag","embeddable":true,"href":"https:\/\/experienciadevida.com.ar\/portalurbano\/wp-json\/wp\/v2\/tags?post=159856"}],"curies":[{"name":"wp","href":"https:\/\/api.w.org\/{rel}","templated":true}]}}