{"id":159833,"date":"2022-01-11T12:00:31","date_gmt":"2022-01-11T15:00:31","guid":{"rendered":"https:\/\/experienciadevida.com.ar\/portalurbano\/?p=159833"},"modified":"2022-01-11T12:04:30","modified_gmt":"2022-01-11T15:04:30","slug":"municipio-incorpora-equipamiento-vial-para-caminos-rurales","status":"publish","type":"post","link":"https:\/\/experienciadevida.com.ar\/portalurbano\/municipio-incorpora-equipamiento-vial-para-caminos-rurales\/","title":{"rendered":"Municipio incorpora equipamiento vial para Caminos Rurales"},"content":{"rendered":"<p>Municipio incorpora equipamiento vial para Caminos Rurales, en la ma\u00f1ana de este martes el intendente Ezequiel <a href=\"https:\/\/www.facebook.com\/search\/top?q=ezequiel%20galli\">Galli<\/a>, visit\u00f3 las instalaciones del dep\u00f3sito municipal \u2013ubicado en barrio Pickelado- donde se realiz\u00f3 la presentaci\u00f3n del nuevo equipamiento vial, adquirido con recursos municipales, que estar\u00e1 a disposici\u00f3n de la Direcci\u00f3n de Caminos Rurales.<\/p>\n<p>En la oportunidad, el intendente estuvo acompa\u00f1ado por el secretario de Mantenimiento y Obras P\u00fablicas Julio Ferarro y el director de Caminos Rurales Jorge Mart\u00ednez.<\/p>\n<p>Se trata de dos camionetas pick up 0Km, que permitir\u00e1n optimizar la flota actual, para las tareas de inspecci\u00f3n de caminos rurales, como as\u00ed tambi\u00e9n para brindar una mayor capacidad de respuesta para los distintos requerimientos.<\/p>\n<p>Cabe destacar, que desde el Municipio se lleva adelante una fuerte inversi\u00f3n en el mantenimiento de la red vial del Partido de Olavarr\u00eda (m\u00e1s de 120.000.000 pesos) que comprende la totalidad de los caminos rurales (primarios, secundarios y terciarios).<\/p>\n<p>Debido a su amplitud, se dividi\u00f3 la red vial en tres zonas, de acuerdo a un listado de prioridades que fueron determinadas en forma conjunta y consensuada con referentes de la Mesa Agropecuaria.<\/p>\n<p>Estas obras de mantenimiento forman parte del compromiso de la gesti\u00f3n municipal en pos de seguir avanzando en el proceso de mejora de calidad de vida de la comunidad rural.<\/p>\n<p>Los trabajos ejecutados consisten -a modo general- en bacheo, alteo, reconformado, limpieza de cunetas y mantenimiento rutinario, con la finalidad de mejorar las condiciones de transitabilidad de los caminos rurales, que son fundamentales para el traslado de nuestra producci\u00f3n local.<\/p>\n","protected":false},"excerpt":{"rendered":"<p>Municipio incorpora equipamiento vial para Caminos Rurales, en la ma\u00f1ana de este martes el intendente&#8230;<\/p>\n","protected":false},"author":1,"featured_media":159835,"comment_status":"closed","ping_status":"closed","sticky":false,"template":"","format":"standard","meta":{"content-type":""},"categories":[27,64],"tags":[],"nelio_content":{"isAutoShareEnabled":false,"autoShareEndMode":"default","automationSources":{"useContentSentences":true,"useSocialTemplates":true,"useCustomSentences":false,"customSentences":[]},"followers":[1],"suggestedReferences":[],"includedReferences":[],"efiUrl":"","efiAlt":"","highlights":[]},"yoast_head":"<!-- This site is optimized with the Yoast SEO plugin v20.7 - https:\/\/yoast.com\/wordpress\/plugins\/seo\/ -->\n<title>Municipio incorpora equipamiento vial para caminos rurales<\/title>\n<meta name=\"description\" content=\"Municipio incorpora equipamiento vial para Caminos Rurales, en la ma\u00f1ana de este martes el intendente Ezequiel Galli\" \/>\n<meta name=\"robots\" content=\"index, follow, max-snippet:-1, max-image-preview:large, max-video-preview:-1\" \/>\n<link rel=\"canonical\" href=\"https:\/\/experienciadevida.com.ar\/portalurbano\/municipio-incorpora-equipamiento-vial-para-caminos-rurales\/\" \/>\n<meta property=\"og:locale\" content=\"es_ES\" \/>\n<meta property=\"og:type\" content=\"article\" \/>\n<meta property=\"og:title\" content=\"Municipio incorpora equipamiento vial para caminos rurales\" \/>\n<meta property=\"og:description\" content=\"Municipio incorpora equipamiento vial para Caminos Rurales, en la ma\u00f1ana de este martes el intendente Ezequiel Galli\" \/>\n<meta property=\"og:url\" content=\"https:\/\/experienciadevida.com.ar\/portalurbano\/municipio-incorpora-equipamiento-vial-para-caminos-rurales\/\" \/>\n<meta property=\"article:publisher\" content=\"https:\/\/www.facebook.com\/Portal-Urbano-171542830093757\/\" \/>\n<meta property=\"article:published_time\" content=\"2022-01-11T15:00:31+00:00\" \/>\n<meta property=\"article:modified_time\" content=\"2022-01-11T15:04:30+00:00\" \/>\n<meta property=\"og:image\" content=\"https:\/\/experienciadevida.com.ar\/portalurbano\/wp-content\/uploads\/2022\/01\/Municipio-incorpora-equipamiento-vial.jpg\" \/>\n\t<meta property=\"og:image:width\" content=\"1024\" \/>\n\t<meta property=\"og:image:height\" content=\"685\" \/>\n\t<meta property=\"og:image:type\" content=\"image\/jpeg\" \/>\n<meta name=\"author\" content=\"admpu17wp\" \/>\n<meta name=\"twitter:card\" content=\"summary_large_image\" \/>\n<meta name=\"twitter:creator\" content=\"@portalurbanook\" \/>\n<meta name=\"twitter:site\" content=\"@portalurbanook\" \/>\n<meta name=\"twitter:label1\" content=\"Escrito por\" \/>\n\t<meta name=\"twitter:data1\" content=\"admpu17wp\" \/>\n\t<meta name=\"twitter:label2\" content=\"Tiempo de lectura\" \/>\n\t<meta name=\"twitter:data2\" content=\"2 minutos\" \/>\n<script type=\"application\/ld+json\" class=\"yoast-schema-graph\">{\"@context\":\"https:\/\/schema.org\",\"@graph\":[{\"@type\":\"Article\",\"@id\":\"https:\/\/experienciadevida.com.ar\/portalurbano\/municipio-incorpora-equipamiento-vial-para-caminos-rurales\/#article\",\"isPartOf\":{\"@id\":\"https:\/\/experienciadevida.com.ar\/portalurbano\/municipio-incorpora-equipamiento-vial-para-caminos-rurales\/\"},\"author\":{\"name\":\"admpu17wp\",\"@id\":\"https:\/\/experienciadevida.com.ar\/portalurbano\/#\/schema\/person\/02dd326b1c4b056e9cc972486934a3a7\"},\"headline\":\"Municipio incorpora equipamiento vial para Caminos Rurales\",\"datePublished\":\"2022-01-11T15:00:31+00:00\",\"dateModified\":\"2022-01-11T15:04:30+00:00\",\"mainEntityOfPage\":{\"@id\":\"https:\/\/experienciadevida.com.ar\/portalurbano\/municipio-incorpora-equipamiento-vial-para-caminos-rurales\/\"},\"wordCount\":275,\"publisher\":{\"@id\":\"https:\/\/experienciadevida.com.ar\/portalurbano\/#organization\"},\"articleSection\":[\"Ciudad\",\"Destacadas 2\"],\"inLanguage\":\"es\"},{\"@type\":\"WebPage\",\"@id\":\"https:\/\/experienciadevida.com.ar\/portalurbano\/municipio-incorpora-equipamiento-vial-para-caminos-rurales\/\",\"url\":\"https:\/\/experienciadevida.com.ar\/portalurbano\/municipio-incorpora-equipamiento-vial-para-caminos-rurales\/\",\"name\":\"Municipio incorpora equipamiento vial para caminos rurales\",\"isPartOf\":{\"@id\":\"https:\/\/experienciadevida.com.ar\/portalurbano\/#website\"},\"datePublished\":\"2022-01-11T15:00:31+00:00\",\"dateModified\":\"2022-01-11T15:04:30+00:00\",\"description\":\"Municipio incorpora equipamiento vial para Caminos Rurales, en la ma\u00f1ana de este martes el intendente Ezequiel Galli\",\"breadcrumb\":{\"@id\":\"https:\/\/experienciadevida.com.ar\/portalurbano\/municipio-incorpora-equipamiento-vial-para-caminos-rurales\/#breadcrumb\"},\"inLanguage\":\"es\",\"potentialAction\":[{\"@type\":\"ReadAction\",\"target\":[\"https:\/\/experienciadevida.com.ar\/portalurbano\/municipio-incorpora-equipamiento-vial-para-caminos-rurales\/\"]}]},{\"@type\":\"BreadcrumbList\",\"@id\":\"https:\/\/experienciadevida.com.ar\/portalurbano\/municipio-incorpora-equipamiento-vial-para-caminos-rurales\/#breadcrumb\",\"itemListElement\":[{\"@type\":\"ListItem\",\"position\":1,\"name\":\"Portada\",\"item\":\"https:\/\/experienciadevida.com.ar\/portalurbano\/\"},{\"@type\":\"ListItem\",\"position\":2,\"name\":\"Municipio incorpora equipamiento vial para Caminos Rurales\"}]},{\"@type\":\"WebSite\",\"@id\":\"https:\/\/experienciadevida.com.ar\/portalurbano\/#website\",\"url\":\"https:\/\/experienciadevida.com.ar\/portalurbano\/\",\"name\":\"\",\"description\":\"\",\"publisher\":{\"@id\":\"https:\/\/experienciadevida.com.ar\/portalurbano\/#organization\"},\"potentialAction\":[{\"@type\":\"SearchAction\",\"target\":{\"@type\":\"EntryPoint\",\"urlTemplate\":\"https:\/\/experienciadevida.com.ar\/portalurbano\/?s={search_term_string}\"},\"query-input\":\"required name=search_term_string\"}],\"inLanguage\":\"es\"},{\"@type\":\"Organization\",\"@id\":\"https:\/\/experienciadevida.com.ar\/portalurbano\/#organization\",\"name\":\"Portal Urbano\",\"url\":\"https:\/\/experienciadevida.com.ar\/portalurbano\/\",\"logo\":{\"@type\":\"ImageObject\",\"inLanguage\":\"es\",\"@id\":\"https:\/\/experienciadevida.com.ar\/portalurbano\/#\/schema\/logo\/image\/\",\"url\":\"https:\/\/experienciadevida.com.ar\/portalurbano\/wp-content\/uploads\/2019\/09\/Logo-Original.png\",\"contentUrl\":\"https:\/\/experienciadevida.com.ar\/portalurbano\/wp-content\/uploads\/2019\/09\/Logo-Original.png\",\"width\":2236,\"height\":1216,\"caption\":\"Portal Urbano\"},\"image\":{\"@id\":\"https:\/\/experienciadevida.com.ar\/portalurbano\/#\/schema\/logo\/image\/\"},\"sameAs\":[\"https:\/\/www.facebook.com\/Portal-Urbano-171542830093757\/\",\"https:\/\/twitter.com\/portalurbanook\",\"https:\/\/www.instagram.com\/_portalurbano\/\",\"https:\/\/www.youtube.com\/channel\/UCXhagIfszH8KxFiOok79zbA?view_as=subscriber\"]},{\"@type\":\"Person\",\"@id\":\"https:\/\/experienciadevida.com.ar\/portalurbano\/#\/schema\/person\/02dd326b1c4b056e9cc972486934a3a7\",\"name\":\"admpu17wp\",\"image\":{\"@type\":\"ImageObject\",\"inLanguage\":\"es\",\"@id\":\"https:\/\/experienciadevida.com.ar\/portalurbano\/#\/schema\/person\/image\/\",\"url\":\"https:\/\/secure.gravatar.com\/avatar\/830d4c57adaae6630765e449a6908047?s=96&d=mm&r=g\",\"contentUrl\":\"https:\/\/secure.gravatar.com\/avatar\/830d4c57adaae6630765e449a6908047?s=96&d=mm&r=g\",\"caption\":\"admpu17wp\"}}]}<\/script>\n<!-- \/ Yoast SEO plugin. -->","yoast_head_json":{"title":"Municipio incorpora equipamiento vial para caminos rurales","description":"Municipio incorpora equipamiento vial para Caminos Rurales, en la ma\u00f1ana de este martes el intendente Ezequiel Galli","robots":{"index":"index","follow":"follow","max-snippet":"max-snippet:-1","max-image-preview":"max-image-preview:large","max-video-preview":"max-video-preview:-1"},"canonical":"https:\/\/experienciadevida.com.ar\/portalurbano\/municipio-incorpora-equipamiento-vial-para-caminos-rurales\/","og_locale":"es_ES","og_type":"article","og_title":"Municipio incorpora equipamiento vial para caminos rurales","og_description":"Municipio incorpora equipamiento vial para Caminos Rurales, en la ma\u00f1ana de este martes el intendente Ezequiel Galli","og_url":"https:\/\/experienciadevida.com.ar\/portalurbano\/municipio-incorpora-equipamiento-vial-para-caminos-rurales\/","article_publisher":"https:\/\/www.facebook.com\/Portal-Urbano-171542830093757\/","article_published_time":"2022-01-11T15:00:31+00:00","article_modified_time":"2022-01-11T15:04:30+00:00","og_image":[{"width":1024,"height":685,"url":"https:\/\/experienciadevida.com.ar\/portalurbano\/wp-content\/uploads\/2022\/01\/Municipio-incorpora-equipamiento-vial.jpg","type":"image\/jpeg"}],"author":"admpu17wp","twitter_card":"summary_large_image","twitter_creator":"@portalurbanook","twitter_site":"@portalurbanook","twitter_misc":{"Escrito por":"admpu17wp","Tiempo de lectura":"2 minutos"},"schema":{"@context":"https:\/\/schema.org","@graph":[{"@type":"Article","@id":"https:\/\/experienciadevida.com.ar\/portalurbano\/municipio-incorpora-equipamiento-vial-para-caminos-rurales\/#article","isPartOf":{"@id":"https:\/\/experienciadevida.com.ar\/portalurbano\/municipio-incorpora-equipamiento-vial-para-caminos-rurales\/"},"author":{"name":"admpu17wp","@id":"https:\/\/experienciadevida.com.ar\/portalurbano\/#\/schema\/person\/02dd326b1c4b056e9cc972486934a3a7"},"headline":"Municipio incorpora equipamiento vial para Caminos Rurales","datePublished":"2022-01-11T15:00:31+00:00","dateModified":"2022-01-11T15:04:30+00:00","mainEntityOfPage":{"@id":"https:\/\/experienciadevida.com.ar\/portalurbano\/municipio-incorpora-equipamiento-vial-para-caminos-rurales\/"},"wordCount":275,"publisher":{"@id":"https:\/\/experienciadevida.com.ar\/portalurbano\/#organization"},"articleSection":["Ciudad","Destacadas 2"],"inLanguage":"es"},{"@type":"WebPage","@id":"https:\/\/experienciadevida.com.ar\/portalurbano\/municipio-incorpora-equipamiento-vial-para-caminos-rurales\/","url":"https:\/\/experienciadevida.com.ar\/portalurbano\/municipio-incorpora-equipamiento-vial-para-caminos-rurales\/","name":"Municipio incorpora equipamiento vial para caminos rurales","isPartOf":{"@id":"https:\/\/experienciadevida.com.ar\/portalurbano\/#website"},"datePublished":"2022-01-11T15:00:31+00:00","dateModified":"2022-01-11T15:04:30+00:00","description":"Municipio incorpora equipamiento vial para Caminos Rurales, en la ma\u00f1ana de este martes el intendente Ezequiel Galli","breadcrumb":{"@id":"https:\/\/experienciadevida.com.ar\/portalurbano\/municipio-incorpora-equipamiento-vial-para-caminos-rurales\/#breadcrumb"},"inLanguage":"es","potentialAction":[{"@type":"ReadAction","target":["https:\/\/experienciadevida.com.ar\/portalurbano\/municipio-incorpora-equipamiento-vial-para-caminos-rurales\/"]}]},{"@type":"BreadcrumbList","@id":"https:\/\/experienciadevida.com.ar\/portalurbano\/municipio-incorpora-equipamiento-vial-para-caminos-rurales\/#breadcrumb","itemListElement":[{"@type":"ListItem","position":1,"name":"Portada","item":"https:\/\/experienciadevida.com.ar\/portalurbano\/"},{"@type":"ListItem","position":2,"name":"Municipio incorpora equipamiento vial para Caminos Rurales"}]},{"@type":"WebSite","@id":"https:\/\/experienciadevida.com.ar\/portalurbano\/#website","url":"https:\/\/experienciadevida.com.ar\/portalurbano\/","name":"","description":"","publisher":{"@id":"https:\/\/experienciadevida.com.ar\/portalurbano\/#organization"},"potentialAction":[{"@type":"SearchAction","target":{"@type":"EntryPoint","urlTemplate":"https:\/\/experienciadevida.com.ar\/portalurbano\/?s={search_term_string}"},"query-input":"required name=search_term_string"}],"inLanguage":"es"},{"@type":"Organization","@id":"https:\/\/experienciadevida.com.ar\/portalurbano\/#organization","name":"Portal Urbano","url":"https:\/\/experienciadevida.com.ar\/portalurbano\/","logo":{"@type":"ImageObject","inLanguage":"es","@id":"https:\/\/experienciadevida.com.ar\/portalurbano\/#\/schema\/logo\/image\/","url":"https:\/\/experienciadevida.com.ar\/portalurbano\/wp-content\/uploads\/2019\/09\/Logo-Original.png","contentUrl":"https:\/\/experienciadevida.com.ar\/portalurbano\/wp-content\/uploads\/2019\/09\/Logo-Original.png","width":2236,"height":1216,"caption":"Portal Urbano"},"image":{"@id":"https:\/\/experienciadevida.com.ar\/portalurbano\/#\/schema\/logo\/image\/"},"sameAs":["https:\/\/www.facebook.com\/Portal-Urbano-171542830093757\/","https:\/\/twitter.com\/portalurbanook","https:\/\/www.instagram.com\/_portalurbano\/","https:\/\/www.youtube.com\/channel\/UCXhagIfszH8KxFiOok79zbA?view_as=subscriber"]},{"@type":"Person","@id":"https:\/\/experienciadevida.com.ar\/portalurbano\/#\/schema\/person\/02dd326b1c4b056e9cc972486934a3a7","name":"admpu17wp","image":{"@type":"ImageObject","inLanguage":"es","@id":"https:\/\/experienciadevida.com.ar\/portalurbano\/#\/schema\/person\/image\/","url":"https:\/\/secure.gravatar.com\/avatar\/830d4c57adaae6630765e449a6908047?s=96&d=mm&r=g","contentUrl":"https:\/\/secure.gravatar.com\/avatar\/830d4c57adaae6630765e449a6908047?s=96&d=mm&r=g","caption":"admpu17wp"}}]}},"featured_image_urls":{"full":["https:\/\/experienciadevida.com.ar\/portalurbano\/wp-content\/uploads\/2022\/01\/Municipio-incorpora-equipamiento-vial.jpg",1024,685,false],"thumbnail":["https:\/\/experienciadevida.com.ar\/portalurbano\/wp-content\/uploads\/2022\/01\/Municipio-incorpora-equipamiento-vial-150x150.jpg",150,150,true],"medium":["https:\/\/experienciadevida.com.ar\/portalurbano\/wp-content\/uploads\/2022\/01\/Municipio-incorpora-equipamiento-vial-300x201.jpg",300,201,true],"medium_large":["https:\/\/experienciadevida.com.ar\/portalurbano\/wp-content\/uploads\/2022\/01\/Municipio-incorpora-equipamiento-vial-768x514.jpg",640,428,true],"large":["https:\/\/experienciadevida.com.ar\/portalurbano\/wp-content\/uploads\/2022\/01\/Municipio-incorpora-equipamiento-vial.jpg",640,428,false],"ug_big":["https:\/\/experienciadevida.com.ar\/portalurbano\/wp-content\/uploads\/2022\/01\/Municipio-incorpora-equipamiento-vial-768x514.jpg",768,514,true],"1536x1536":["https:\/\/experienciadevida.com.ar\/portalurbano\/wp-content\/uploads\/2022\/01\/Municipio-incorpora-equipamiento-vial.jpg",1024,685,false],"2048x2048":["https:\/\/experienciadevida.com.ar\/portalurbano\/wp-content\/uploads\/2022\/01\/Municipio-incorpora-equipamiento-vial.jpg",1024,685,false],"newsever-slider-full":["https:\/\/experienciadevida.com.ar\/portalurbano\/wp-content\/uploads\/2022\/01\/Municipio-incorpora-equipamiento-vial.jpg",1024,685,false],"newsever-featured":["https:\/\/experienciadevida.com.ar\/portalurbano\/wp-content\/uploads\/2022\/01\/Municipio-incorpora-equipamiento-vial.jpg",1024,685,false],"newsever-medium":["https:\/\/experienciadevida.com.ar\/portalurbano\/wp-content\/uploads\/2022\/01\/Municipio-incorpora-equipamiento-vial.jpg",710,475,false],"web-stories-poster-portrait":["https:\/\/experienciadevida.com.ar\/portalurbano\/wp-content\/uploads\/2022\/01\/Municipio-incorpora-equipamiento-vial.jpg",640,428,false],"web-stories-publisher-logo":["https:\/\/experienciadevida.com.ar\/portalurbano\/wp-content\/uploads\/2022\/01\/Municipio-incorpora-equipamiento-vial.jpg",96,64,false],"web-stories-thumbnail":["https:\/\/experienciadevida.com.ar\/portalurbano\/wp-content\/uploads\/2022\/01\/Municipio-incorpora-equipamiento-vial.jpg",150,100,false]},"author_info":{"display_name":"admpu17wp","author_link":"https:\/\/experienciadevida.com.ar\/portalurbano\/author\/admpu17wp\/"},"category_info":"<a href=\"https:\/\/experienciadevida.com.ar\/portalurbano\/category\/ciudad\/\" rel=\"category tag\">Ciudad<\/a> <a href=\"https:\/\/experienciadevida.com.ar\/portalurbano\/category\/destacadas-2\/\" rel=\"category tag\">Destacadas 2<\/a>","tag_info":"Destacadas 2","comment_count":"0","amp_enabled":true,"_links":{"self":[{"href":"https:\/\/experienciadevida.com.ar\/portalurbano\/wp-json\/wp\/v2\/posts\/159833"}],"collection":[{"href":"https:\/\/experienciadevida.com.ar\/portalurbano\/wp-json\/wp\/v2\/posts"}],"about":[{"href":"https:\/\/experienciadevida.com.ar\/portalurbano\/wp-json\/wp\/v2\/types\/post"}],"author":[{"embeddable":true,"href":"https:\/\/experienciadevida.com.ar\/portalurbano\/wp-json\/wp\/v2\/users\/1"}],"replies":[{"embeddable":true,"href":"https:\/\/experienciadevida.com.ar\/portalurbano\/wp-json\/wp\/v2\/comments?post=159833"}],"version-history":[{"count":3,"href":"https:\/\/experienciadevida.com.ar\/portalurbano\/wp-json\/wp\/v2\/posts\/159833\/revisions"}],"predecessor-version":[{"id":159838,"href":"https:\/\/experienciadevida.com.ar\/portalurbano\/wp-json\/wp\/v2\/posts\/159833\/revisions\/159838"}],"wp:featuredmedia":[{"embeddable":true,"href":"https:\/\/experienciadevida.com.ar\/portalurbano\/wp-json\/wp\/v2\/media\/159835"}],"wp:attachment":[{"href":"https:\/\/experienciadevida.com.ar\/portalurbano\/wp-json\/wp\/v2\/media?parent=159833"}],"wp:term":[{"taxonomy":"category","embeddable":true,"href":"https:\/\/experienciadevida.com.ar\/portalurbano\/wp-json\/wp\/v2\/categories?post=159833"},{"taxonomy":"post_tag","embeddable":true,"href":"https:\/\/experienciadevida.com.ar\/portalurbano\/wp-json\/wp\/v2\/tags?post=159833"}],"curies":[{"name":"wp","href":"https:\/\/api.w.org\/{rel}","templated":true}]}}