{"id":159730,"date":"2022-01-09T12:10:20","date_gmt":"2022-01-09T15:10:20","guid":{"rendered":"https:\/\/experienciadevida.com.ar\/portalurbano\/?p=159730"},"modified":"2022-01-09T12:16:35","modified_gmt":"2022-01-09T15:16:35","slug":"el-equipo-de-discapacidad-municipal-visito-juntos-por-vos","status":"publish","type":"post","link":"https:\/\/experienciadevida.com.ar\/portalurbano\/el-equipo-de-discapacidad-municipal-visito-juntos-por-vos\/","title":{"rendered":"El equipo de Discapacidad Municipal visit\u00f3 \u201cJuntos por vos\u201d"},"content":{"rendered":"<p>El equipo de Discapacidad <a href=\"https:\/\/www.facebook.com\/municipiodeolavarria\/\">Municipal<\/a> visit\u00f3 \u201cJuntos por vos\u201d, el equipo del Programa para Personas con Discapacidad y Personas Mayores del Municipio de Olavarr\u00eda visit\u00f3 el Taller Protegido \u201cJuntos por vos\u201d para asesorar sobre tr\u00e1mites y recursos de atenci\u00f3n institucional, en materia de discapacidad.<\/p>\n<p>En esta oportunidad, la tem\u00e1tica del encuentro se bas\u00f3 en la renovaci\u00f3n del CUD (Certificado \u00danico de discapacidad). Por eso, la din\u00e1mica de la charla tuvo que ver con facilitar todas las v\u00edas de renovaci\u00f3n, y asesorar de manera integral sobre prestaciones y derechos de las personas beneficiarias de dicho documento. Adem\u00e1s, se hizo entrega de una tanda de CUD que hab\u00edan sido tramitados en la sede del taller para facilitar la gesti\u00f3n del mismo.<\/p>\n<p>Participaron del encuentro el equipo t\u00e9cnico del programa de Promoci\u00f3n de Derechos, y una profesional m\u00e9dica del \u00e1rea de Salud municipal, que al igual que el resto de profesionales, hab\u00edan asistido previamente para la tramitaci\u00f3n de los CUD en dicha sede.<\/p>\n<p>\u201cJuntos por vos\u201d es un taller protegido que trabaja con personas con discapacidad mayores de 21 a\u00f1os. Sus talleristas se dedican a la fabricaci\u00f3n de bolsas de residuos y de consorcio. Tambi\u00e9n cuentan con una propuesta de taller de macetas y plantines, que comercializan tanto en ferias como en su sede. All\u00ed realizan diversas actividades adem\u00e1s de la jornada laboral propiamente dicha, que tienen que ver con el plano terap\u00e9utico y recreativo, como equitaci\u00f3n, educaci\u00f3n f\u00edsica y danzas, fundamentales para su inclusi\u00f3n social.<\/p>\n<p>Desde el Programa de Promoci\u00f3n de Derechos para Personas con Discapacidad y Personas Mayores, manifestaron que esta intervenci\u00f3n \u201ces un gran avance en el ejercicio de derechos, teniendo en cuenta que son personas adultas, cuyos padres son en la mayor\u00eda de los casos, de edad avanzada, por eso acercar el recurso en territorio es muy importante para ellas, ya que les facilitamos el camino burocr\u00e1tico, al tiempo que las asesoramos y brindamos toda la informaci\u00f3n referida al CUD y otros servicios vinculados\u201d.<\/p>\n<p><a href=\"https:\/\/experienciadevida.com.ar\/portalurbano\/el-equipo-de-discapacidad-municipal-visito-juntos-por-vos\/el-equipo\/\" rel=\"attachment wp-att-159734\"><img decoding=\"async\" class=\"alignnone size-large wp-image-159734\" src=\"https:\/\/experienciadevida.com.ar\/portalurbano\/wp-content\/uploads\/2022\/01\/El-equipo-1024x682.jpg\" alt=\"El equipo\" width=\"900\" height=\"599\" srcset=\"https:\/\/experienciadevida.com.ar\/portalurbano\/wp-content\/uploads\/2022\/01\/El-equipo-1024x682.jpg 1024w, https:\/\/experienciadevida.com.ar\/portalurbano\/wp-content\/uploads\/2022\/01\/El-equipo-300x200.jpg 300w, https:\/\/experienciadevida.com.ar\/portalurbano\/wp-content\/uploads\/2022\/01\/El-equipo-768x512.jpg 768w, https:\/\/experienciadevida.com.ar\/portalurbano\/wp-content\/uploads\/2022\/01\/El-equipo-1536x1024.jpg 1536w, https:\/\/experienciadevida.com.ar\/portalurbano\/wp-content\/uploads\/2022\/01\/El-equipo.jpg 1772w\" sizes=\"(max-width: 900px) 100vw, 900px\" \/><\/a><\/p>\n","protected":false},"excerpt":{"rendered":"<p>El equipo de Discapacidad Municipal visit\u00f3 \u201cJuntos por vos\u201d, el equipo del Programa para Personas&#8230;<\/p>\n","protected":false},"author":1,"featured_media":159731,"comment_status":"closed","ping_status":"closed","sticky":false,"template":"","format":"standard","meta":{"content-type":""},"categories":[27,64],"tags":[],"nelio_content":{"isAutoShareEnabled":false,"autoShareEndMode":"default","automationSources":{"useContentSentences":true,"useSocialTemplates":true,"useCustomSentences":false,"customSentences":[]},"followers":[1],"suggestedReferences":[],"includedReferences":[],"efiUrl":"","efiAlt":"","highlights":[]},"yoast_head":"<!-- This site is optimized with the Yoast SEO plugin v20.7 - https:\/\/yoast.com\/wordpress\/plugins\/seo\/ -->\n<title>El equipo de discapacidad Municipal visit\u00f3 &quot;Juntos por vos&quot;<\/title>\n<meta name=\"description\" content=\"El equipo de Discapacidad Municipal visit\u00f3 \u201cJuntos por vos\u201d, el equipo del Programa para Personas con Discapacidad y personas mayores\" \/>\n<meta name=\"robots\" content=\"index, follow, max-snippet:-1, max-image-preview:large, max-video-preview:-1\" \/>\n<link rel=\"canonical\" href=\"https:\/\/experienciadevida.com.ar\/portalurbano\/el-equipo-de-discapacidad-municipal-visito-juntos-por-vos\/\" \/>\n<meta property=\"og:locale\" content=\"es_ES\" \/>\n<meta property=\"og:type\" content=\"article\" \/>\n<meta property=\"og:title\" content=\"El equipo de discapacidad Municipal visit\u00f3 &quot;Juntos por vos&quot;\" \/>\n<meta property=\"og:description\" content=\"El equipo de Discapacidad Municipal visit\u00f3 \u201cJuntos por vos\u201d, el equipo del Programa para Personas con Discapacidad y personas mayores\" \/>\n<meta property=\"og:url\" content=\"https:\/\/experienciadevida.com.ar\/portalurbano\/el-equipo-de-discapacidad-municipal-visito-juntos-por-vos\/\" \/>\n<meta property=\"article:publisher\" content=\"https:\/\/www.facebook.com\/Portal-Urbano-171542830093757\/\" \/>\n<meta property=\"article:published_time\" content=\"2022-01-09T15:10:20+00:00\" \/>\n<meta property=\"article:modified_time\" content=\"2022-01-09T15:16:35+00:00\" \/>\n<meta property=\"og:image\" content=\"https:\/\/experienciadevida.com.ar\/portalurbano\/wp-content\/uploads\/2022\/01\/El-equipo-de-Discapacidad.jpg\" \/>\n\t<meta property=\"og:image:width\" content=\"1772\" \/>\n\t<meta property=\"og:image:height\" content=\"1181\" \/>\n\t<meta property=\"og:image:type\" content=\"image\/jpeg\" \/>\n<meta name=\"author\" content=\"admpu17wp\" \/>\n<meta name=\"twitter:card\" content=\"summary_large_image\" \/>\n<meta name=\"twitter:creator\" content=\"@portalurbanook\" \/>\n<meta name=\"twitter:site\" content=\"@portalurbanook\" \/>\n<meta name=\"twitter:label1\" content=\"Escrito por\" \/>\n\t<meta name=\"twitter:data1\" content=\"admpu17wp\" \/>\n\t<meta name=\"twitter:label2\" content=\"Tiempo de lectura\" \/>\n\t<meta name=\"twitter:data2\" content=\"2 minutos\" \/>\n<script type=\"application\/ld+json\" class=\"yoast-schema-graph\">{\"@context\":\"https:\/\/schema.org\",\"@graph\":[{\"@type\":\"Article\",\"@id\":\"https:\/\/experienciadevida.com.ar\/portalurbano\/el-equipo-de-discapacidad-municipal-visito-juntos-por-vos\/#article\",\"isPartOf\":{\"@id\":\"https:\/\/experienciadevida.com.ar\/portalurbano\/el-equipo-de-discapacidad-municipal-visito-juntos-por-vos\/\"},\"author\":{\"name\":\"admpu17wp\",\"@id\":\"https:\/\/experienciadevida.com.ar\/portalurbano\/#\/schema\/person\/02dd326b1c4b056e9cc972486934a3a7\"},\"headline\":\"El equipo de Discapacidad Municipal visit\u00f3 \u201cJuntos por vos\u201d\",\"datePublished\":\"2022-01-09T15:10:20+00:00\",\"dateModified\":\"2022-01-09T15:16:35+00:00\",\"mainEntityOfPage\":{\"@id\":\"https:\/\/experienciadevida.com.ar\/portalurbano\/el-equipo-de-discapacidad-municipal-visito-juntos-por-vos\/\"},\"wordCount\":363,\"publisher\":{\"@id\":\"https:\/\/experienciadevida.com.ar\/portalurbano\/#organization\"},\"articleSection\":[\"Ciudad\",\"Destacadas 2\"],\"inLanguage\":\"es\"},{\"@type\":\"WebPage\",\"@id\":\"https:\/\/experienciadevida.com.ar\/portalurbano\/el-equipo-de-discapacidad-municipal-visito-juntos-por-vos\/\",\"url\":\"https:\/\/experienciadevida.com.ar\/portalurbano\/el-equipo-de-discapacidad-municipal-visito-juntos-por-vos\/\",\"name\":\"El equipo de discapacidad Municipal visit\u00f3 \\\"Juntos por vos\\\"\",\"isPartOf\":{\"@id\":\"https:\/\/experienciadevida.com.ar\/portalurbano\/#website\"},\"datePublished\":\"2022-01-09T15:10:20+00:00\",\"dateModified\":\"2022-01-09T15:16:35+00:00\",\"description\":\"El equipo de Discapacidad Municipal visit\u00f3 \u201cJuntos por vos\u201d, el equipo del Programa para Personas con Discapacidad y personas mayores\",\"breadcrumb\":{\"@id\":\"https:\/\/experienciadevida.com.ar\/portalurbano\/el-equipo-de-discapacidad-municipal-visito-juntos-por-vos\/#breadcrumb\"},\"inLanguage\":\"es\",\"potentialAction\":[{\"@type\":\"ReadAction\",\"target\":[\"https:\/\/experienciadevida.com.ar\/portalurbano\/el-equipo-de-discapacidad-municipal-visito-juntos-por-vos\/\"]}]},{\"@type\":\"BreadcrumbList\",\"@id\":\"https:\/\/experienciadevida.com.ar\/portalurbano\/el-equipo-de-discapacidad-municipal-visito-juntos-por-vos\/#breadcrumb\",\"itemListElement\":[{\"@type\":\"ListItem\",\"position\":1,\"name\":\"Portada\",\"item\":\"https:\/\/experienciadevida.com.ar\/portalurbano\/\"},{\"@type\":\"ListItem\",\"position\":2,\"name\":\"El equipo de Discapacidad Municipal visit\u00f3 \u201cJuntos por vos\u201d\"}]},{\"@type\":\"WebSite\",\"@id\":\"https:\/\/experienciadevida.com.ar\/portalurbano\/#website\",\"url\":\"https:\/\/experienciadevida.com.ar\/portalurbano\/\",\"name\":\"\",\"description\":\"\",\"publisher\":{\"@id\":\"https:\/\/experienciadevida.com.ar\/portalurbano\/#organization\"},\"potentialAction\":[{\"@type\":\"SearchAction\",\"target\":{\"@type\":\"EntryPoint\",\"urlTemplate\":\"https:\/\/experienciadevida.com.ar\/portalurbano\/?s={search_term_string}\"},\"query-input\":\"required name=search_term_string\"}],\"inLanguage\":\"es\"},{\"@type\":\"Organization\",\"@id\":\"https:\/\/experienciadevida.com.ar\/portalurbano\/#organization\",\"name\":\"Portal Urbano\",\"url\":\"https:\/\/experienciadevida.com.ar\/portalurbano\/\",\"logo\":{\"@type\":\"ImageObject\",\"inLanguage\":\"es\",\"@id\":\"https:\/\/experienciadevida.com.ar\/portalurbano\/#\/schema\/logo\/image\/\",\"url\":\"https:\/\/experienciadevida.com.ar\/portalurbano\/wp-content\/uploads\/2019\/09\/Logo-Original.png\",\"contentUrl\":\"https:\/\/experienciadevida.com.ar\/portalurbano\/wp-content\/uploads\/2019\/09\/Logo-Original.png\",\"width\":2236,\"height\":1216,\"caption\":\"Portal Urbano\"},\"image\":{\"@id\":\"https:\/\/experienciadevida.com.ar\/portalurbano\/#\/schema\/logo\/image\/\"},\"sameAs\":[\"https:\/\/www.facebook.com\/Portal-Urbano-171542830093757\/\",\"https:\/\/twitter.com\/portalurbanook\",\"https:\/\/www.instagram.com\/_portalurbano\/\",\"https:\/\/www.youtube.com\/channel\/UCXhagIfszH8KxFiOok79zbA?view_as=subscriber\"]},{\"@type\":\"Person\",\"@id\":\"https:\/\/experienciadevida.com.ar\/portalurbano\/#\/schema\/person\/02dd326b1c4b056e9cc972486934a3a7\",\"name\":\"admpu17wp\",\"image\":{\"@type\":\"ImageObject\",\"inLanguage\":\"es\",\"@id\":\"https:\/\/experienciadevida.com.ar\/portalurbano\/#\/schema\/person\/image\/\",\"url\":\"https:\/\/secure.gravatar.com\/avatar\/830d4c57adaae6630765e449a6908047?s=96&d=mm&r=g\",\"contentUrl\":\"https:\/\/secure.gravatar.com\/avatar\/830d4c57adaae6630765e449a6908047?s=96&d=mm&r=g\",\"caption\":\"admpu17wp\"}}]}<\/script>\n<!-- \/ Yoast SEO plugin. -->","yoast_head_json":{"title":"El equipo de discapacidad Municipal visit\u00f3 \"Juntos por vos\"","description":"El equipo de Discapacidad Municipal visit\u00f3 \u201cJuntos por vos\u201d, el equipo del Programa para Personas con Discapacidad y personas mayores","robots":{"index":"index","follow":"follow","max-snippet":"max-snippet:-1","max-image-preview":"max-image-preview:large","max-video-preview":"max-video-preview:-1"},"canonical":"https:\/\/experienciadevida.com.ar\/portalurbano\/el-equipo-de-discapacidad-municipal-visito-juntos-por-vos\/","og_locale":"es_ES","og_type":"article","og_title":"El equipo de discapacidad Municipal visit\u00f3 \"Juntos por vos\"","og_description":"El equipo de Discapacidad Municipal visit\u00f3 \u201cJuntos por vos\u201d, el equipo del Programa para Personas con Discapacidad y personas mayores","og_url":"https:\/\/experienciadevida.com.ar\/portalurbano\/el-equipo-de-discapacidad-municipal-visito-juntos-por-vos\/","article_publisher":"https:\/\/www.facebook.com\/Portal-Urbano-171542830093757\/","article_published_time":"2022-01-09T15:10:20+00:00","article_modified_time":"2022-01-09T15:16:35+00:00","og_image":[{"width":1772,"height":1181,"url":"https:\/\/experienciadevida.com.ar\/portalurbano\/wp-content\/uploads\/2022\/01\/El-equipo-de-Discapacidad.jpg","type":"image\/jpeg"}],"author":"admpu17wp","twitter_card":"summary_large_image","twitter_creator":"@portalurbanook","twitter_site":"@portalurbanook","twitter_misc":{"Escrito por":"admpu17wp","Tiempo de lectura":"2 minutos"},"schema":{"@context":"https:\/\/schema.org","@graph":[{"@type":"Article","@id":"https:\/\/experienciadevida.com.ar\/portalurbano\/el-equipo-de-discapacidad-municipal-visito-juntos-por-vos\/#article","isPartOf":{"@id":"https:\/\/experienciadevida.com.ar\/portalurbano\/el-equipo-de-discapacidad-municipal-visito-juntos-por-vos\/"},"author":{"name":"admpu17wp","@id":"https:\/\/experienciadevida.com.ar\/portalurbano\/#\/schema\/person\/02dd326b1c4b056e9cc972486934a3a7"},"headline":"El equipo de Discapacidad Municipal visit\u00f3 \u201cJuntos por vos\u201d","datePublished":"2022-01-09T15:10:20+00:00","dateModified":"2022-01-09T15:16:35+00:00","mainEntityOfPage":{"@id":"https:\/\/experienciadevida.com.ar\/portalurbano\/el-equipo-de-discapacidad-municipal-visito-juntos-por-vos\/"},"wordCount":363,"publisher":{"@id":"https:\/\/experienciadevida.com.ar\/portalurbano\/#organization"},"articleSection":["Ciudad","Destacadas 2"],"inLanguage":"es"},{"@type":"WebPage","@id":"https:\/\/experienciadevida.com.ar\/portalurbano\/el-equipo-de-discapacidad-municipal-visito-juntos-por-vos\/","url":"https:\/\/experienciadevida.com.ar\/portalurbano\/el-equipo-de-discapacidad-municipal-visito-juntos-por-vos\/","name":"El equipo de discapacidad Municipal visit\u00f3 \"Juntos por vos\"","isPartOf":{"@id":"https:\/\/experienciadevida.com.ar\/portalurbano\/#website"},"datePublished":"2022-01-09T15:10:20+00:00","dateModified":"2022-01-09T15:16:35+00:00","description":"El equipo de Discapacidad Municipal visit\u00f3 \u201cJuntos por vos\u201d, el equipo del Programa para Personas con Discapacidad y personas mayores","breadcrumb":{"@id":"https:\/\/experienciadevida.com.ar\/portalurbano\/el-equipo-de-discapacidad-municipal-visito-juntos-por-vos\/#breadcrumb"},"inLanguage":"es","potentialAction":[{"@type":"ReadAction","target":["https:\/\/experienciadevida.com.ar\/portalurbano\/el-equipo-de-discapacidad-municipal-visito-juntos-por-vos\/"]}]},{"@type":"BreadcrumbList","@id":"https:\/\/experienciadevida.com.ar\/portalurbano\/el-equipo-de-discapacidad-municipal-visito-juntos-por-vos\/#breadcrumb","itemListElement":[{"@type":"ListItem","position":1,"name":"Portada","item":"https:\/\/experienciadevida.com.ar\/portalurbano\/"},{"@type":"ListItem","position":2,"name":"El equipo de Discapacidad Municipal visit\u00f3 \u201cJuntos por vos\u201d"}]},{"@type":"WebSite","@id":"https:\/\/experienciadevida.com.ar\/portalurbano\/#website","url":"https:\/\/experienciadevida.com.ar\/portalurbano\/","name":"","description":"","publisher":{"@id":"https:\/\/experienciadevida.com.ar\/portalurbano\/#organization"},"potentialAction":[{"@type":"SearchAction","target":{"@type":"EntryPoint","urlTemplate":"https:\/\/experienciadevida.com.ar\/portalurbano\/?s={search_term_string}"},"query-input":"required name=search_term_string"}],"inLanguage":"es"},{"@type":"Organization","@id":"https:\/\/experienciadevida.com.ar\/portalurbano\/#organization","name":"Portal Urbano","url":"https:\/\/experienciadevida.com.ar\/portalurbano\/","logo":{"@type":"ImageObject","inLanguage":"es","@id":"https:\/\/experienciadevida.com.ar\/portalurbano\/#\/schema\/logo\/image\/","url":"https:\/\/experienciadevida.com.ar\/portalurbano\/wp-content\/uploads\/2019\/09\/Logo-Original.png","contentUrl":"https:\/\/experienciadevida.com.ar\/portalurbano\/wp-content\/uploads\/2019\/09\/Logo-Original.png","width":2236,"height":1216,"caption":"Portal Urbano"},"image":{"@id":"https:\/\/experienciadevida.com.ar\/portalurbano\/#\/schema\/logo\/image\/"},"sameAs":["https:\/\/www.facebook.com\/Portal-Urbano-171542830093757\/","https:\/\/twitter.com\/portalurbanook","https:\/\/www.instagram.com\/_portalurbano\/","https:\/\/www.youtube.com\/channel\/UCXhagIfszH8KxFiOok79zbA?view_as=subscriber"]},{"@type":"Person","@id":"https:\/\/experienciadevida.com.ar\/portalurbano\/#\/schema\/person\/02dd326b1c4b056e9cc972486934a3a7","name":"admpu17wp","image":{"@type":"ImageObject","inLanguage":"es","@id":"https:\/\/experienciadevida.com.ar\/portalurbano\/#\/schema\/person\/image\/","url":"https:\/\/secure.gravatar.com\/avatar\/830d4c57adaae6630765e449a6908047?s=96&d=mm&r=g","contentUrl":"https:\/\/secure.gravatar.com\/avatar\/830d4c57adaae6630765e449a6908047?s=96&d=mm&r=g","caption":"admpu17wp"}}]}},"featured_image_urls":{"full":["https:\/\/experienciadevida.com.ar\/portalurbano\/wp-content\/uploads\/2022\/01\/El-equipo-de-Discapacidad.jpg",1772,1181,false],"thumbnail":["https:\/\/experienciadevida.com.ar\/portalurbano\/wp-content\/uploads\/2022\/01\/El-equipo-de-Discapacidad-150x150.jpg",150,150,true],"medium":["https:\/\/experienciadevida.com.ar\/portalurbano\/wp-content\/uploads\/2022\/01\/El-equipo-de-Discapacidad-300x200.jpg",300,200,true],"medium_large":["https:\/\/experienciadevida.com.ar\/portalurbano\/wp-content\/uploads\/2022\/01\/El-equipo-de-Discapacidad-768x512.jpg",640,427,true],"large":["https:\/\/experienciadevida.com.ar\/portalurbano\/wp-content\/uploads\/2022\/01\/El-equipo-de-Discapacidad-1024x682.jpg",640,426,true],"ug_big":["https:\/\/experienciadevida.com.ar\/portalurbano\/wp-content\/uploads\/2022\/01\/El-equipo-de-Discapacidad-768x512.jpg",768,512,true],"1536x1536":["https:\/\/experienciadevida.com.ar\/portalurbano\/wp-content\/uploads\/2022\/01\/El-equipo-de-Discapacidad-1536x1024.jpg",1536,1024,true],"2048x2048":["https:\/\/experienciadevida.com.ar\/portalurbano\/wp-content\/uploads\/2022\/01\/El-equipo-de-Discapacidad.jpg",1772,1181,false],"newsever-slider-full":["https:\/\/experienciadevida.com.ar\/portalurbano\/wp-content\/uploads\/2022\/01\/El-equipo-de-Discapacidad.jpg",1268,845,false],"newsever-featured":["https:\/\/experienciadevida.com.ar\/portalurbano\/wp-content\/uploads\/2022\/01\/El-equipo-de-Discapacidad.jpg",1024,682,false],"newsever-medium":["https:\/\/experienciadevida.com.ar\/portalurbano\/wp-content\/uploads\/2022\/01\/El-equipo-de-Discapacidad.jpg",713,475,false],"web-stories-poster-portrait":["https:\/\/experienciadevida.com.ar\/portalurbano\/wp-content\/uploads\/2022\/01\/El-equipo-de-Discapacidad.jpg",640,427,false],"web-stories-publisher-logo":["https:\/\/experienciadevida.com.ar\/portalurbano\/wp-content\/uploads\/2022\/01\/El-equipo-de-Discapacidad.jpg",96,64,false],"web-stories-thumbnail":["https:\/\/experienciadevida.com.ar\/portalurbano\/wp-content\/uploads\/2022\/01\/El-equipo-de-Discapacidad.jpg",150,100,false]},"author_info":{"display_name":"admpu17wp","author_link":"https:\/\/experienciadevida.com.ar\/portalurbano\/author\/admpu17wp\/"},"category_info":"<a href=\"https:\/\/experienciadevida.com.ar\/portalurbano\/category\/ciudad\/\" rel=\"category tag\">Ciudad<\/a> <a href=\"https:\/\/experienciadevida.com.ar\/portalurbano\/category\/destacadas-2\/\" rel=\"category tag\">Destacadas 2<\/a>","tag_info":"Destacadas 2","comment_count":"0","amp_enabled":true,"_links":{"self":[{"href":"https:\/\/experienciadevida.com.ar\/portalurbano\/wp-json\/wp\/v2\/posts\/159730"}],"collection":[{"href":"https:\/\/experienciadevida.com.ar\/portalurbano\/wp-json\/wp\/v2\/posts"}],"about":[{"href":"https:\/\/experienciadevida.com.ar\/portalurbano\/wp-json\/wp\/v2\/types\/post"}],"author":[{"embeddable":true,"href":"https:\/\/experienciadevida.com.ar\/portalurbano\/wp-json\/wp\/v2\/users\/1"}],"replies":[{"embeddable":true,"href":"https:\/\/experienciadevida.com.ar\/portalurbano\/wp-json\/wp\/v2\/comments?post=159730"}],"version-history":[{"count":4,"href":"https:\/\/experienciadevida.com.ar\/portalurbano\/wp-json\/wp\/v2\/posts\/159730\/revisions"}],"predecessor-version":[{"id":159736,"href":"https:\/\/experienciadevida.com.ar\/portalurbano\/wp-json\/wp\/v2\/posts\/159730\/revisions\/159736"}],"wp:featuredmedia":[{"embeddable":true,"href":"https:\/\/experienciadevida.com.ar\/portalurbano\/wp-json\/wp\/v2\/media\/159731"}],"wp:attachment":[{"href":"https:\/\/experienciadevida.com.ar\/portalurbano\/wp-json\/wp\/v2\/media?parent=159730"}],"wp:term":[{"taxonomy":"category","embeddable":true,"href":"https:\/\/experienciadevida.com.ar\/portalurbano\/wp-json\/wp\/v2\/categories?post=159730"},{"taxonomy":"post_tag","embeddable":true,"href":"https:\/\/experienciadevida.com.ar\/portalurbano\/wp-json\/wp\/v2\/tags?post=159730"}],"curies":[{"name":"wp","href":"https:\/\/api.w.org\/{rel}","templated":true}]}}