{"id":159692,"date":"2022-01-08T10:52:26","date_gmt":"2022-01-08T13:52:26","guid":{"rendered":"https:\/\/experienciadevida.com.ar\/portalurbano\/?p=159692"},"modified":"2022-01-08T10:55:28","modified_gmt":"2022-01-08T13:55:28","slug":"turismo-en-olavarria-la-ocupacion-en-alojamientos-es-del-75","status":"publish","type":"post","link":"https:\/\/experienciadevida.com.ar\/portalurbano\/turismo-en-olavarria-la-ocupacion-en-alojamientos-es-del-75\/","title":{"rendered":"Turismo en Olavarr\u00eda: la ocupaci\u00f3n en alojamientos es del 75%"},"content":{"rendered":"<p>Turismo en Olavarr\u00eda: la ocupaci\u00f3n en alojamientos es del 75%, desde la direcci\u00f3n de Turismo de la Secretar\u00eda de Desarrollo <a href=\"https:\/\/www.facebook.com\/municipiodeolavarria\">Econ\u00f3mico<\/a> se llev\u00f3 adelante un pre relevamiento de ocupaci\u00f3n y reservas para enero en Olavarr\u00eda.<\/p>\n<p>De los datos suministrados por los prestadores de servicios de alojamiento cabe destacar que la ocupaci\u00f3n se encuentra en un promedio por encima del 75% (con muchos establecimientos en el 100 %), en lo que refiere a alojamientos como caba\u00f1as, casas de campo, departamentos con servicios habilitados y apart.<\/p>\n<p>Entre los datos interesantes, se confirma que Olavarr\u00eda se sigue posicionando como destino de paso en temporada de verano, sobre todo para turistas de regi\u00f3n de Cuyo que van hacia la costa, o de Buenos Aires que van hacia el sur, que descubren nuestra ciudad como punto intermedio, con servicios de calidad que permiten una estad\u00eda de escala.<\/p>\n<p>A su vez, estos mismos turistas, una vez que conocen la regi\u00f3n van tomando reservas por m\u00e1s d\u00edas y ya no lo toman como destino de paso sino como alternativa al turismo masivo de sol y playa.<\/p>\n<p>El turismo rural y serrano aparece como una alternativa de relax familiar y reencuentro con la naturaleza, que se incrementa a\u00f1o a a\u00f1o en la regi\u00f3n, principalmente en el tipo de turista que le gusta interactuar con las costumbres locales, gastronom\u00eda y productos regionales, as\u00ed como realizar diferentes actividades como cicloturismo, trekking, etc.<\/p>\n<p>En Olavarr\u00eda y las localidades los precios de una caba\u00f1a para 4 personas van desde 6.000 a 10.000 pesos, de acuerdo a las instalaciones y servicios brindados.<\/p>\n<p>En cuanto al alojamiento hotelero tradicional la ocupaci\u00f3n var\u00eda entre un 60% llegando al 100% en algunos casos durante los fines de semana. Este es otro dato interesante debido que es un sector que, si bien su fortaleza era el turismo corporativo o empresarial los d\u00edas de semana, ahora cuenta con muchas reservas de fin de semana.<\/p>\n<p>Olavarr\u00eda cuenta con alrededor de 1.000 plazas de alojamiento distribuidas en diferentes modalidades, que van desde un hotel 3 estrellas, apart, hasta un alojamiento rural.<\/p>\n<p>Desde la Direcci\u00f3n de Turismo se aclar\u00f3 que a fin de mes se realizar\u00e1 un relevamiento mensual, para complementar los datos del pre relevamiento citado.<\/p>\n","protected":false},"excerpt":{"rendered":"<p>Turismo en Olavarr\u00eda: la ocupaci\u00f3n en alojamientos es del 75%, desde la direcci\u00f3n de Turismo&#8230;<\/p>\n","protected":false},"author":1,"featured_media":159693,"comment_status":"closed","ping_status":"closed","sticky":false,"template":"","format":"standard","meta":{"content-type":""},"categories":[27,64],"tags":[],"nelio_content":{"isAutoShareEnabled":false,"autoShareEndMode":"default","automationSources":{"useContentSentences":true,"useSocialTemplates":true,"useCustomSentences":false,"customSentences":[]},"followers":[1],"suggestedReferences":[],"includedReferences":[],"efiUrl":"","efiAlt":"","highlights":[]},"yoast_head":"<!-- This site is optimized with the Yoast SEO plugin v20.7 - https:\/\/yoast.com\/wordpress\/plugins\/seo\/ -->\n<title>Turismo en Olavarr\u00eda: la ocupaci\u00f3n en alojamientos es del 75%<\/title>\n<meta name=\"description\" content=\"Turismo en Olavarr\u00eda: la ocupaci\u00f3n en alojamientos es del 75%, as\u00ed lo informaron desde la Secretar\u00eda de desarrollo econ\u00f3mico\" \/>\n<meta name=\"robots\" content=\"index, follow, max-snippet:-1, max-image-preview:large, max-video-preview:-1\" \/>\n<link rel=\"canonical\" href=\"https:\/\/experienciadevida.com.ar\/portalurbano\/turismo-en-olavarria-la-ocupacion-en-alojamientos-es-del-75\/\" \/>\n<meta property=\"og:locale\" content=\"es_ES\" \/>\n<meta property=\"og:type\" content=\"article\" \/>\n<meta property=\"og:title\" content=\"Turismo en Olavarr\u00eda: la ocupaci\u00f3n en alojamientos es del 75%\" \/>\n<meta property=\"og:description\" content=\"Turismo en Olavarr\u00eda: la ocupaci\u00f3n en alojamientos es del 75%, as\u00ed lo informaron desde la Secretar\u00eda de desarrollo econ\u00f3mico\" \/>\n<meta property=\"og:url\" content=\"https:\/\/experienciadevida.com.ar\/portalurbano\/turismo-en-olavarria-la-ocupacion-en-alojamientos-es-del-75\/\" \/>\n<meta property=\"article:publisher\" content=\"https:\/\/www.facebook.com\/Portal-Urbano-171542830093757\/\" \/>\n<meta property=\"article:published_time\" content=\"2022-01-08T13:52:26+00:00\" \/>\n<meta property=\"article:modified_time\" content=\"2022-01-08T13:55:28+00:00\" \/>\n<meta property=\"og:image\" content=\"https:\/\/experienciadevida.com.ar\/portalurbano\/wp-content\/uploads\/2022\/01\/Turismo-en-Olavarria.jpg\" \/>\n\t<meta property=\"og:image:width\" content=\"1024\" \/>\n\t<meta property=\"og:image:height\" content=\"683\" \/>\n\t<meta property=\"og:image:type\" content=\"image\/jpeg\" \/>\n<meta name=\"author\" content=\"admpu17wp\" \/>\n<meta name=\"twitter:card\" content=\"summary_large_image\" \/>\n<meta name=\"twitter:creator\" content=\"@portalurbanook\" \/>\n<meta name=\"twitter:site\" content=\"@portalurbanook\" \/>\n<meta name=\"twitter:label1\" content=\"Escrito por\" \/>\n\t<meta name=\"twitter:data1\" content=\"admpu17wp\" \/>\n\t<meta name=\"twitter:label2\" content=\"Tiempo de lectura\" \/>\n\t<meta name=\"twitter:data2\" content=\"2 minutos\" \/>\n<script type=\"application\/ld+json\" class=\"yoast-schema-graph\">{\"@context\":\"https:\/\/schema.org\",\"@graph\":[{\"@type\":\"Article\",\"@id\":\"https:\/\/experienciadevida.com.ar\/portalurbano\/turismo-en-olavarria-la-ocupacion-en-alojamientos-es-del-75\/#article\",\"isPartOf\":{\"@id\":\"https:\/\/experienciadevida.com.ar\/portalurbano\/turismo-en-olavarria-la-ocupacion-en-alojamientos-es-del-75\/\"},\"author\":{\"name\":\"admpu17wp\",\"@id\":\"https:\/\/experienciadevida.com.ar\/portalurbano\/#\/schema\/person\/02dd326b1c4b056e9cc972486934a3a7\"},\"headline\":\"Turismo en Olavarr\u00eda: la ocupaci\u00f3n en alojamientos es del 75%\",\"datePublished\":\"2022-01-08T13:52:26+00:00\",\"dateModified\":\"2022-01-08T13:55:28+00:00\",\"mainEntityOfPage\":{\"@id\":\"https:\/\/experienciadevida.com.ar\/portalurbano\/turismo-en-olavarria-la-ocupacion-en-alojamientos-es-del-75\/\"},\"wordCount\":392,\"publisher\":{\"@id\":\"https:\/\/experienciadevida.com.ar\/portalurbano\/#organization\"},\"articleSection\":[\"Ciudad\",\"Destacadas 2\"],\"inLanguage\":\"es\"},{\"@type\":\"WebPage\",\"@id\":\"https:\/\/experienciadevida.com.ar\/portalurbano\/turismo-en-olavarria-la-ocupacion-en-alojamientos-es-del-75\/\",\"url\":\"https:\/\/experienciadevida.com.ar\/portalurbano\/turismo-en-olavarria-la-ocupacion-en-alojamientos-es-del-75\/\",\"name\":\"Turismo en Olavarr\u00eda: la ocupaci\u00f3n en alojamientos es del 75%\",\"isPartOf\":{\"@id\":\"https:\/\/experienciadevida.com.ar\/portalurbano\/#website\"},\"datePublished\":\"2022-01-08T13:52:26+00:00\",\"dateModified\":\"2022-01-08T13:55:28+00:00\",\"description\":\"Turismo en Olavarr\u00eda: la ocupaci\u00f3n en alojamientos es del 75%, as\u00ed lo informaron desde la Secretar\u00eda de desarrollo econ\u00f3mico\",\"breadcrumb\":{\"@id\":\"https:\/\/experienciadevida.com.ar\/portalurbano\/turismo-en-olavarria-la-ocupacion-en-alojamientos-es-del-75\/#breadcrumb\"},\"inLanguage\":\"es\",\"potentialAction\":[{\"@type\":\"ReadAction\",\"target\":[\"https:\/\/experienciadevida.com.ar\/portalurbano\/turismo-en-olavarria-la-ocupacion-en-alojamientos-es-del-75\/\"]}]},{\"@type\":\"BreadcrumbList\",\"@id\":\"https:\/\/experienciadevida.com.ar\/portalurbano\/turismo-en-olavarria-la-ocupacion-en-alojamientos-es-del-75\/#breadcrumb\",\"itemListElement\":[{\"@type\":\"ListItem\",\"position\":1,\"name\":\"Portada\",\"item\":\"https:\/\/experienciadevida.com.ar\/portalurbano\/\"},{\"@type\":\"ListItem\",\"position\":2,\"name\":\"Turismo en Olavarr\u00eda: la ocupaci\u00f3n en alojamientos es del 75%\"}]},{\"@type\":\"WebSite\",\"@id\":\"https:\/\/experienciadevida.com.ar\/portalurbano\/#website\",\"url\":\"https:\/\/experienciadevida.com.ar\/portalurbano\/\",\"name\":\"\",\"description\":\"\",\"publisher\":{\"@id\":\"https:\/\/experienciadevida.com.ar\/portalurbano\/#organization\"},\"potentialAction\":[{\"@type\":\"SearchAction\",\"target\":{\"@type\":\"EntryPoint\",\"urlTemplate\":\"https:\/\/experienciadevida.com.ar\/portalurbano\/?s={search_term_string}\"},\"query-input\":\"required name=search_term_string\"}],\"inLanguage\":\"es\"},{\"@type\":\"Organization\",\"@id\":\"https:\/\/experienciadevida.com.ar\/portalurbano\/#organization\",\"name\":\"Portal Urbano\",\"url\":\"https:\/\/experienciadevida.com.ar\/portalurbano\/\",\"logo\":{\"@type\":\"ImageObject\",\"inLanguage\":\"es\",\"@id\":\"https:\/\/experienciadevida.com.ar\/portalurbano\/#\/schema\/logo\/image\/\",\"url\":\"https:\/\/experienciadevida.com.ar\/portalurbano\/wp-content\/uploads\/2019\/09\/Logo-Original.png\",\"contentUrl\":\"https:\/\/experienciadevida.com.ar\/portalurbano\/wp-content\/uploads\/2019\/09\/Logo-Original.png\",\"width\":2236,\"height\":1216,\"caption\":\"Portal Urbano\"},\"image\":{\"@id\":\"https:\/\/experienciadevida.com.ar\/portalurbano\/#\/schema\/logo\/image\/\"},\"sameAs\":[\"https:\/\/www.facebook.com\/Portal-Urbano-171542830093757\/\",\"https:\/\/twitter.com\/portalurbanook\",\"https:\/\/www.instagram.com\/_portalurbano\/\",\"https:\/\/www.youtube.com\/channel\/UCXhagIfszH8KxFiOok79zbA?view_as=subscriber\"]},{\"@type\":\"Person\",\"@id\":\"https:\/\/experienciadevida.com.ar\/portalurbano\/#\/schema\/person\/02dd326b1c4b056e9cc972486934a3a7\",\"name\":\"admpu17wp\",\"image\":{\"@type\":\"ImageObject\",\"inLanguage\":\"es\",\"@id\":\"https:\/\/experienciadevida.com.ar\/portalurbano\/#\/schema\/person\/image\/\",\"url\":\"https:\/\/secure.gravatar.com\/avatar\/830d4c57adaae6630765e449a6908047?s=96&d=mm&r=g\",\"contentUrl\":\"https:\/\/secure.gravatar.com\/avatar\/830d4c57adaae6630765e449a6908047?s=96&d=mm&r=g\",\"caption\":\"admpu17wp\"}}]}<\/script>\n<!-- \/ Yoast SEO plugin. -->","yoast_head_json":{"title":"Turismo en Olavarr\u00eda: la ocupaci\u00f3n en alojamientos es del 75%","description":"Turismo en Olavarr\u00eda: la ocupaci\u00f3n en alojamientos es del 75%, as\u00ed lo informaron desde la Secretar\u00eda de desarrollo econ\u00f3mico","robots":{"index":"index","follow":"follow","max-snippet":"max-snippet:-1","max-image-preview":"max-image-preview:large","max-video-preview":"max-video-preview:-1"},"canonical":"https:\/\/experienciadevida.com.ar\/portalurbano\/turismo-en-olavarria-la-ocupacion-en-alojamientos-es-del-75\/","og_locale":"es_ES","og_type":"article","og_title":"Turismo en Olavarr\u00eda: la ocupaci\u00f3n en alojamientos es del 75%","og_description":"Turismo en Olavarr\u00eda: la ocupaci\u00f3n en alojamientos es del 75%, as\u00ed lo informaron desde la Secretar\u00eda de desarrollo econ\u00f3mico","og_url":"https:\/\/experienciadevida.com.ar\/portalurbano\/turismo-en-olavarria-la-ocupacion-en-alojamientos-es-del-75\/","article_publisher":"https:\/\/www.facebook.com\/Portal-Urbano-171542830093757\/","article_published_time":"2022-01-08T13:52:26+00:00","article_modified_time":"2022-01-08T13:55:28+00:00","og_image":[{"width":1024,"height":683,"url":"https:\/\/experienciadevida.com.ar\/portalurbano\/wp-content\/uploads\/2022\/01\/Turismo-en-Olavarria.jpg","type":"image\/jpeg"}],"author":"admpu17wp","twitter_card":"summary_large_image","twitter_creator":"@portalurbanook","twitter_site":"@portalurbanook","twitter_misc":{"Escrito por":"admpu17wp","Tiempo de lectura":"2 minutos"},"schema":{"@context":"https:\/\/schema.org","@graph":[{"@type":"Article","@id":"https:\/\/experienciadevida.com.ar\/portalurbano\/turismo-en-olavarria-la-ocupacion-en-alojamientos-es-del-75\/#article","isPartOf":{"@id":"https:\/\/experienciadevida.com.ar\/portalurbano\/turismo-en-olavarria-la-ocupacion-en-alojamientos-es-del-75\/"},"author":{"name":"admpu17wp","@id":"https:\/\/experienciadevida.com.ar\/portalurbano\/#\/schema\/person\/02dd326b1c4b056e9cc972486934a3a7"},"headline":"Turismo en Olavarr\u00eda: la ocupaci\u00f3n en alojamientos es del 75%","datePublished":"2022-01-08T13:52:26+00:00","dateModified":"2022-01-08T13:55:28+00:00","mainEntityOfPage":{"@id":"https:\/\/experienciadevida.com.ar\/portalurbano\/turismo-en-olavarria-la-ocupacion-en-alojamientos-es-del-75\/"},"wordCount":392,"publisher":{"@id":"https:\/\/experienciadevida.com.ar\/portalurbano\/#organization"},"articleSection":["Ciudad","Destacadas 2"],"inLanguage":"es"},{"@type":"WebPage","@id":"https:\/\/experienciadevida.com.ar\/portalurbano\/turismo-en-olavarria-la-ocupacion-en-alojamientos-es-del-75\/","url":"https:\/\/experienciadevida.com.ar\/portalurbano\/turismo-en-olavarria-la-ocupacion-en-alojamientos-es-del-75\/","name":"Turismo en Olavarr\u00eda: la ocupaci\u00f3n en alojamientos es del 75%","isPartOf":{"@id":"https:\/\/experienciadevida.com.ar\/portalurbano\/#website"},"datePublished":"2022-01-08T13:52:26+00:00","dateModified":"2022-01-08T13:55:28+00:00","description":"Turismo en Olavarr\u00eda: la ocupaci\u00f3n en alojamientos es del 75%, as\u00ed lo informaron desde la Secretar\u00eda de desarrollo econ\u00f3mico","breadcrumb":{"@id":"https:\/\/experienciadevida.com.ar\/portalurbano\/turismo-en-olavarria-la-ocupacion-en-alojamientos-es-del-75\/#breadcrumb"},"inLanguage":"es","potentialAction":[{"@type":"ReadAction","target":["https:\/\/experienciadevida.com.ar\/portalurbano\/turismo-en-olavarria-la-ocupacion-en-alojamientos-es-del-75\/"]}]},{"@type":"BreadcrumbList","@id":"https:\/\/experienciadevida.com.ar\/portalurbano\/turismo-en-olavarria-la-ocupacion-en-alojamientos-es-del-75\/#breadcrumb","itemListElement":[{"@type":"ListItem","position":1,"name":"Portada","item":"https:\/\/experienciadevida.com.ar\/portalurbano\/"},{"@type":"ListItem","position":2,"name":"Turismo en Olavarr\u00eda: la ocupaci\u00f3n en alojamientos es del 75%"}]},{"@type":"WebSite","@id":"https:\/\/experienciadevida.com.ar\/portalurbano\/#website","url":"https:\/\/experienciadevida.com.ar\/portalurbano\/","name":"","description":"","publisher":{"@id":"https:\/\/experienciadevida.com.ar\/portalurbano\/#organization"},"potentialAction":[{"@type":"SearchAction","target":{"@type":"EntryPoint","urlTemplate":"https:\/\/experienciadevida.com.ar\/portalurbano\/?s={search_term_string}"},"query-input":"required name=search_term_string"}],"inLanguage":"es"},{"@type":"Organization","@id":"https:\/\/experienciadevida.com.ar\/portalurbano\/#organization","name":"Portal Urbano","url":"https:\/\/experienciadevida.com.ar\/portalurbano\/","logo":{"@type":"ImageObject","inLanguage":"es","@id":"https:\/\/experienciadevida.com.ar\/portalurbano\/#\/schema\/logo\/image\/","url":"https:\/\/experienciadevida.com.ar\/portalurbano\/wp-content\/uploads\/2019\/09\/Logo-Original.png","contentUrl":"https:\/\/experienciadevida.com.ar\/portalurbano\/wp-content\/uploads\/2019\/09\/Logo-Original.png","width":2236,"height":1216,"caption":"Portal Urbano"},"image":{"@id":"https:\/\/experienciadevida.com.ar\/portalurbano\/#\/schema\/logo\/image\/"},"sameAs":["https:\/\/www.facebook.com\/Portal-Urbano-171542830093757\/","https:\/\/twitter.com\/portalurbanook","https:\/\/www.instagram.com\/_portalurbano\/","https:\/\/www.youtube.com\/channel\/UCXhagIfszH8KxFiOok79zbA?view_as=subscriber"]},{"@type":"Person","@id":"https:\/\/experienciadevida.com.ar\/portalurbano\/#\/schema\/person\/02dd326b1c4b056e9cc972486934a3a7","name":"admpu17wp","image":{"@type":"ImageObject","inLanguage":"es","@id":"https:\/\/experienciadevida.com.ar\/portalurbano\/#\/schema\/person\/image\/","url":"https:\/\/secure.gravatar.com\/avatar\/830d4c57adaae6630765e449a6908047?s=96&d=mm&r=g","contentUrl":"https:\/\/secure.gravatar.com\/avatar\/830d4c57adaae6630765e449a6908047?s=96&d=mm&r=g","caption":"admpu17wp"}}]}},"featured_image_urls":{"full":["https:\/\/experienciadevida.com.ar\/portalurbano\/wp-content\/uploads\/2022\/01\/Turismo-en-Olavarria.jpg",1024,683,false],"thumbnail":["https:\/\/experienciadevida.com.ar\/portalurbano\/wp-content\/uploads\/2022\/01\/Turismo-en-Olavarria-150x150.jpg",150,150,true],"medium":["https:\/\/experienciadevida.com.ar\/portalurbano\/wp-content\/uploads\/2022\/01\/Turismo-en-Olavarria-300x200.jpg",300,200,true],"medium_large":["https:\/\/experienciadevida.com.ar\/portalurbano\/wp-content\/uploads\/2022\/01\/Turismo-en-Olavarria-768x512.jpg",640,427,true],"large":["https:\/\/experienciadevida.com.ar\/portalurbano\/wp-content\/uploads\/2022\/01\/Turismo-en-Olavarria.jpg",640,427,false],"ug_big":["https:\/\/experienciadevida.com.ar\/portalurbano\/wp-content\/uploads\/2022\/01\/Turismo-en-Olavarria-768x512.jpg",768,512,true],"1536x1536":["https:\/\/experienciadevida.com.ar\/portalurbano\/wp-content\/uploads\/2022\/01\/Turismo-en-Olavarria.jpg",1024,683,false],"2048x2048":["https:\/\/experienciadevida.com.ar\/portalurbano\/wp-content\/uploads\/2022\/01\/Turismo-en-Olavarria.jpg",1024,683,false],"newsever-slider-full":["https:\/\/experienciadevida.com.ar\/portalurbano\/wp-content\/uploads\/2022\/01\/Turismo-en-Olavarria.jpg",1024,683,false],"newsever-featured":["https:\/\/experienciadevida.com.ar\/portalurbano\/wp-content\/uploads\/2022\/01\/Turismo-en-Olavarria.jpg",1024,683,false],"newsever-medium":["https:\/\/experienciadevida.com.ar\/portalurbano\/wp-content\/uploads\/2022\/01\/Turismo-en-Olavarria.jpg",712,475,false],"web-stories-poster-portrait":["https:\/\/experienciadevida.com.ar\/portalurbano\/wp-content\/uploads\/2022\/01\/Turismo-en-Olavarria.jpg",640,427,false],"web-stories-publisher-logo":["https:\/\/experienciadevida.com.ar\/portalurbano\/wp-content\/uploads\/2022\/01\/Turismo-en-Olavarria.jpg",96,64,false],"web-stories-thumbnail":["https:\/\/experienciadevida.com.ar\/portalurbano\/wp-content\/uploads\/2022\/01\/Turismo-en-Olavarria.jpg",150,100,false]},"author_info":{"display_name":"admpu17wp","author_link":"https:\/\/experienciadevida.com.ar\/portalurbano\/author\/admpu17wp\/"},"category_info":"<a href=\"https:\/\/experienciadevida.com.ar\/portalurbano\/category\/ciudad\/\" rel=\"category tag\">Ciudad<\/a> <a href=\"https:\/\/experienciadevida.com.ar\/portalurbano\/category\/destacadas-2\/\" rel=\"category tag\">Destacadas 2<\/a>","tag_info":"Destacadas 2","comment_count":"0","amp_enabled":true,"_links":{"self":[{"href":"https:\/\/experienciadevida.com.ar\/portalurbano\/wp-json\/wp\/v2\/posts\/159692"}],"collection":[{"href":"https:\/\/experienciadevida.com.ar\/portalurbano\/wp-json\/wp\/v2\/posts"}],"about":[{"href":"https:\/\/experienciadevida.com.ar\/portalurbano\/wp-json\/wp\/v2\/types\/post"}],"author":[{"embeddable":true,"href":"https:\/\/experienciadevida.com.ar\/portalurbano\/wp-json\/wp\/v2\/users\/1"}],"replies":[{"embeddable":true,"href":"https:\/\/experienciadevida.com.ar\/portalurbano\/wp-json\/wp\/v2\/comments?post=159692"}],"version-history":[{"count":3,"href":"https:\/\/experienciadevida.com.ar\/portalurbano\/wp-json\/wp\/v2\/posts\/159692\/revisions"}],"predecessor-version":[{"id":159696,"href":"https:\/\/experienciadevida.com.ar\/portalurbano\/wp-json\/wp\/v2\/posts\/159692\/revisions\/159696"}],"wp:featuredmedia":[{"embeddable":true,"href":"https:\/\/experienciadevida.com.ar\/portalurbano\/wp-json\/wp\/v2\/media\/159693"}],"wp:attachment":[{"href":"https:\/\/experienciadevida.com.ar\/portalurbano\/wp-json\/wp\/v2\/media?parent=159692"}],"wp:term":[{"taxonomy":"category","embeddable":true,"href":"https:\/\/experienciadevida.com.ar\/portalurbano\/wp-json\/wp\/v2\/categories?post=159692"},{"taxonomy":"post_tag","embeddable":true,"href":"https:\/\/experienciadevida.com.ar\/portalurbano\/wp-json\/wp\/v2\/tags?post=159692"}],"curies":[{"name":"wp","href":"https:\/\/api.w.org\/{rel}","templated":true}]}}