{"id":159606,"date":"2022-01-06T16:42:45","date_gmt":"2022-01-06T19:42:45","guid":{"rendered":"https:\/\/experienciadevida.com.ar\/portalurbano\/?p=159606"},"modified":"2022-01-06T16:45:24","modified_gmt":"2022-01-06T19:45:24","slug":"sip-los-fresnos-nuevas-radicaciones","status":"publish","type":"post","link":"https:\/\/experienciadevida.com.ar\/portalurbano\/sip-los-fresnos-nuevas-radicaciones\/","title":{"rendered":"SIP \u201cLos Fresnos\u201d: nuevas radicaciones"},"content":{"rendered":"<p>SIP \u201cLos Fresnos\u201d: nuevas radicaciones, el Intendente Ezequiel Galli recibi\u00f3 en la ma\u00f1ana de este jueves al propietario de la firma ASPEN Bicicletas S.R.L., quien adquiri\u00f3 un lote en el Sector Industrial Planificado \u201cLos Fresnos\u201d.<\/p>\n<p>Acompa\u00f1aron al Intendente, la subsecretaria de Empresas e Inversiones Emilia D\u00edaz y la directora del \u00e1rea Edith Schoos.<\/p>\n<p>\u201cCada firma de venta de lote es una gran noticia que refleja el crecimiento progresivo del desarrollo productivo\u201d expres\u00f3 Ezequiel Galli. El Intendente mantuvo un di\u00e1logo con las funcionarias y el empresario acerca de la actualidad del sector y proyecciones a futuro.<\/p>\n<p>Aspen se constituye como una empresa din\u00e1mica, liderada por j\u00f3venes de ra\u00edz emprendedora, dedicada inicialmente a la venta de bicicletas. Orientados al crecimiento, decidieron ampliar su horizonte estableciendo una l\u00ednea de producci\u00f3n y ensamblado de bicicletas en Olavarr\u00eda; para lo cual adquirieron un lote de 5176,38 m2 en el SIP \u201cLos Fresnos\u201d.<\/p>\n<p>De esta manera, proyectan anexar la fabricaci\u00f3n a su red de ventas, que dar\u00e1 como resultado vol\u00famenes de bicicletas acordes a los requerimientos de sus clientes, lo que les posibilitar\u00e1 establecerse como la primera empresa radicada en nuestra ciudad que producir\u00e1 y comercializar\u00e1 sus propios veloc\u00edpedos. Trabajando desde Olavarr\u00eda y vendiendo a las provincias de Buenos Aires, R\u00edo Negro, La Pampa, Neuqu\u00e9n y Chubut.<\/p>\n<p>El crecimiento permanente y progresivo de las diferentes firmas radicadas \u2013 a la fecha totalizan 16 lotes ya vendidos \u2013 se enmarca en las pol\u00edticas de la gesti\u00f3n local, en relaci\u00f3n al desarrollo econ\u00f3mico, respaldo, apoyo y promoci\u00f3n del sistema productivo local.<\/p>\n<p>Los agrupamientos industriales de nuestro Partido se encuentran en una posici\u00f3n geogr\u00e1fica estrat\u00e9gica y ofrecen importantes ventajas comparativas a nivel de infraestructura. En particular, en el caso de \u201cLos Fresnos\u201d, se consolida como un espacio para radicarse y optimizar el crecimiento de empresas y, en consecuencia, contribuir a la generaci\u00f3n de empleo, el movimiento econ\u00f3mico y el desarrollo productivo en el Partido de Olavarr\u00eda.<\/p>\n<p><a href=\"https:\/\/experienciadevida.com.ar\/portalurbano\/sip-los-fresnos-nuevas-radicaciones\/de-venta-lote-los-fresnos-1-scaled\/\" rel=\"attachment wp-att-159616\"><img decoding=\"async\" class=\"alignnone size-large wp-image-159616\" src=\"https:\/\/experienciadevida.com.ar\/portalurbano\/wp-content\/uploads\/2022\/01\/DE-Venta-Lote-Los-Fresnos-1-scaled-1-1024x684.jpg\" alt=\"\" width=\"900\" height=\"601\" \/><\/a><\/p>\n","protected":false},"excerpt":{"rendered":"<p>SIP \u201cLos Fresnos\u201d: nuevas radicaciones, el Intendente Ezequiel Galli recibi\u00f3 en la ma\u00f1ana de este&#8230;<\/p>\n","protected":false},"author":1,"featured_media":159613,"comment_status":"closed","ping_status":"closed","sticky":false,"template":"","format":"standard","meta":{"content-type":""},"categories":[27,64],"tags":[],"nelio_content":{"isAutoShareEnabled":false,"autoShareEndMode":"default","automationSources":{"useContentSentences":true,"useSocialTemplates":true,"useCustomSentences":false,"customSentences":[]},"followers":[1],"suggestedReferences":[],"includedReferences":[],"efiUrl":"","efiAlt":"","highlights":[]},"yoast_head":"<!-- This site is optimized with the Yoast SEO plugin v20.7 - https:\/\/yoast.com\/wordpress\/plugins\/seo\/ -->\n<title>SIP &quot;Los Fresnos&quot;: nuevas radicaciones<\/title>\n<meta name=\"description\" content=\"SIP \u201cLos Fresnos\u201d: nuevas radicaciones, el Intendente Ezequiel Galli recibi\u00f3 en la ma\u00f1ana de este jueves al propietario de la firma\" \/>\n<meta name=\"robots\" content=\"index, follow, max-snippet:-1, max-image-preview:large, max-video-preview:-1\" \/>\n<link rel=\"canonical\" href=\"https:\/\/experienciadevida.com.ar\/portalurbano\/sip-los-fresnos-nuevas-radicaciones\/\" \/>\n<meta property=\"og:locale\" content=\"es_ES\" \/>\n<meta property=\"og:type\" content=\"article\" \/>\n<meta property=\"og:title\" content=\"SIP &quot;Los Fresnos&quot;: nuevas radicaciones\" \/>\n<meta property=\"og:description\" content=\"SIP \u201cLos Fresnos\u201d: nuevas radicaciones, el Intendente Ezequiel Galli recibi\u00f3 en la ma\u00f1ana de este jueves al propietario de la firma\" \/>\n<meta property=\"og:url\" content=\"https:\/\/experienciadevida.com.ar\/portalurbano\/sip-los-fresnos-nuevas-radicaciones\/\" \/>\n<meta property=\"article:publisher\" content=\"https:\/\/www.facebook.com\/Portal-Urbano-171542830093757\/\" \/>\n<meta property=\"article:published_time\" content=\"2022-01-06T19:42:45+00:00\" \/>\n<meta property=\"article:modified_time\" content=\"2022-01-06T19:45:24+00:00\" \/>\n<meta property=\"og:image\" content=\"https:\/\/experienciadevida.com.ar\/portalurbano\/wp-content\/uploads\/2022\/01\/SIP.jpg\" \/>\n\t<meta property=\"og:image:width\" content=\"2560\" \/>\n\t<meta property=\"og:image:height\" content=\"1711\" \/>\n\t<meta property=\"og:image:type\" content=\"image\/jpeg\" \/>\n<meta name=\"author\" content=\"admpu17wp\" \/>\n<meta name=\"twitter:card\" content=\"summary_large_image\" \/>\n<meta name=\"twitter:creator\" content=\"@portalurbanook\" \/>\n<meta name=\"twitter:site\" content=\"@portalurbanook\" \/>\n<meta name=\"twitter:label1\" content=\"Escrito por\" \/>\n\t<meta name=\"twitter:data1\" content=\"admpu17wp\" \/>\n\t<meta name=\"twitter:label2\" content=\"Tiempo de lectura\" \/>\n\t<meta name=\"twitter:data2\" content=\"2 minutos\" \/>\n<script type=\"application\/ld+json\" class=\"yoast-schema-graph\">{\"@context\":\"https:\/\/schema.org\",\"@graph\":[{\"@type\":\"Article\",\"@id\":\"https:\/\/experienciadevida.com.ar\/portalurbano\/sip-los-fresnos-nuevas-radicaciones\/#article\",\"isPartOf\":{\"@id\":\"https:\/\/experienciadevida.com.ar\/portalurbano\/sip-los-fresnos-nuevas-radicaciones\/\"},\"author\":{\"name\":\"admpu17wp\",\"@id\":\"https:\/\/experienciadevida.com.ar\/portalurbano\/#\/schema\/person\/02dd326b1c4b056e9cc972486934a3a7\"},\"headline\":\"SIP \u201cLos Fresnos\u201d: nuevas radicaciones\",\"datePublished\":\"2022-01-06T19:42:45+00:00\",\"dateModified\":\"2022-01-06T19:45:24+00:00\",\"mainEntityOfPage\":{\"@id\":\"https:\/\/experienciadevida.com.ar\/portalurbano\/sip-los-fresnos-nuevas-radicaciones\/\"},\"wordCount\":347,\"publisher\":{\"@id\":\"https:\/\/experienciadevida.com.ar\/portalurbano\/#organization\"},\"articleSection\":[\"Ciudad\",\"Destacadas 2\"],\"inLanguage\":\"es\"},{\"@type\":\"WebPage\",\"@id\":\"https:\/\/experienciadevida.com.ar\/portalurbano\/sip-los-fresnos-nuevas-radicaciones\/\",\"url\":\"https:\/\/experienciadevida.com.ar\/portalurbano\/sip-los-fresnos-nuevas-radicaciones\/\",\"name\":\"SIP \\\"Los Fresnos\\\": nuevas radicaciones\",\"isPartOf\":{\"@id\":\"https:\/\/experienciadevida.com.ar\/portalurbano\/#website\"},\"datePublished\":\"2022-01-06T19:42:45+00:00\",\"dateModified\":\"2022-01-06T19:45:24+00:00\",\"description\":\"SIP \u201cLos Fresnos\u201d: nuevas radicaciones, el Intendente Ezequiel Galli recibi\u00f3 en la ma\u00f1ana de este jueves al propietario de la firma\",\"breadcrumb\":{\"@id\":\"https:\/\/experienciadevida.com.ar\/portalurbano\/sip-los-fresnos-nuevas-radicaciones\/#breadcrumb\"},\"inLanguage\":\"es\",\"potentialAction\":[{\"@type\":\"ReadAction\",\"target\":[\"https:\/\/experienciadevida.com.ar\/portalurbano\/sip-los-fresnos-nuevas-radicaciones\/\"]}]},{\"@type\":\"BreadcrumbList\",\"@id\":\"https:\/\/experienciadevida.com.ar\/portalurbano\/sip-los-fresnos-nuevas-radicaciones\/#breadcrumb\",\"itemListElement\":[{\"@type\":\"ListItem\",\"position\":1,\"name\":\"Portada\",\"item\":\"https:\/\/experienciadevida.com.ar\/portalurbano\/\"},{\"@type\":\"ListItem\",\"position\":2,\"name\":\"SIP \u201cLos Fresnos\u201d: nuevas radicaciones\"}]},{\"@type\":\"WebSite\",\"@id\":\"https:\/\/experienciadevida.com.ar\/portalurbano\/#website\",\"url\":\"https:\/\/experienciadevida.com.ar\/portalurbano\/\",\"name\":\"\",\"description\":\"\",\"publisher\":{\"@id\":\"https:\/\/experienciadevida.com.ar\/portalurbano\/#organization\"},\"potentialAction\":[{\"@type\":\"SearchAction\",\"target\":{\"@type\":\"EntryPoint\",\"urlTemplate\":\"https:\/\/experienciadevida.com.ar\/portalurbano\/?s={search_term_string}\"},\"query-input\":\"required name=search_term_string\"}],\"inLanguage\":\"es\"},{\"@type\":\"Organization\",\"@id\":\"https:\/\/experienciadevida.com.ar\/portalurbano\/#organization\",\"name\":\"Portal Urbano\",\"url\":\"https:\/\/experienciadevida.com.ar\/portalurbano\/\",\"logo\":{\"@type\":\"ImageObject\",\"inLanguage\":\"es\",\"@id\":\"https:\/\/experienciadevida.com.ar\/portalurbano\/#\/schema\/logo\/image\/\",\"url\":\"https:\/\/experienciadevida.com.ar\/portalurbano\/wp-content\/uploads\/2019\/09\/Logo-Original.png\",\"contentUrl\":\"https:\/\/experienciadevida.com.ar\/portalurbano\/wp-content\/uploads\/2019\/09\/Logo-Original.png\",\"width\":2236,\"height\":1216,\"caption\":\"Portal Urbano\"},\"image\":{\"@id\":\"https:\/\/experienciadevida.com.ar\/portalurbano\/#\/schema\/logo\/image\/\"},\"sameAs\":[\"https:\/\/www.facebook.com\/Portal-Urbano-171542830093757\/\",\"https:\/\/twitter.com\/portalurbanook\",\"https:\/\/www.instagram.com\/_portalurbano\/\",\"https:\/\/www.youtube.com\/channel\/UCXhagIfszH8KxFiOok79zbA?view_as=subscriber\"]},{\"@type\":\"Person\",\"@id\":\"https:\/\/experienciadevida.com.ar\/portalurbano\/#\/schema\/person\/02dd326b1c4b056e9cc972486934a3a7\",\"name\":\"admpu17wp\",\"image\":{\"@type\":\"ImageObject\",\"inLanguage\":\"es\",\"@id\":\"https:\/\/experienciadevida.com.ar\/portalurbano\/#\/schema\/person\/image\/\",\"url\":\"https:\/\/secure.gravatar.com\/avatar\/830d4c57adaae6630765e449a6908047?s=96&d=mm&r=g\",\"contentUrl\":\"https:\/\/secure.gravatar.com\/avatar\/830d4c57adaae6630765e449a6908047?s=96&d=mm&r=g\",\"caption\":\"admpu17wp\"}}]}<\/script>\n<!-- \/ Yoast SEO plugin. -->","yoast_head_json":{"title":"SIP \"Los Fresnos\": nuevas radicaciones","description":"SIP \u201cLos Fresnos\u201d: nuevas radicaciones, el Intendente Ezequiel Galli recibi\u00f3 en la ma\u00f1ana de este jueves al propietario de la firma","robots":{"index":"index","follow":"follow","max-snippet":"max-snippet:-1","max-image-preview":"max-image-preview:large","max-video-preview":"max-video-preview:-1"},"canonical":"https:\/\/experienciadevida.com.ar\/portalurbano\/sip-los-fresnos-nuevas-radicaciones\/","og_locale":"es_ES","og_type":"article","og_title":"SIP \"Los Fresnos\": nuevas radicaciones","og_description":"SIP \u201cLos Fresnos\u201d: nuevas radicaciones, el Intendente Ezequiel Galli recibi\u00f3 en la ma\u00f1ana de este jueves al propietario de la firma","og_url":"https:\/\/experienciadevida.com.ar\/portalurbano\/sip-los-fresnos-nuevas-radicaciones\/","article_publisher":"https:\/\/www.facebook.com\/Portal-Urbano-171542830093757\/","article_published_time":"2022-01-06T19:42:45+00:00","article_modified_time":"2022-01-06T19:45:24+00:00","og_image":[{"width":2560,"height":1711,"url":"https:\/\/experienciadevida.com.ar\/portalurbano\/wp-content\/uploads\/2022\/01\/SIP.jpg","type":"image\/jpeg"}],"author":"admpu17wp","twitter_card":"summary_large_image","twitter_creator":"@portalurbanook","twitter_site":"@portalurbanook","twitter_misc":{"Escrito por":"admpu17wp","Tiempo de lectura":"2 minutos"},"schema":{"@context":"https:\/\/schema.org","@graph":[{"@type":"Article","@id":"https:\/\/experienciadevida.com.ar\/portalurbano\/sip-los-fresnos-nuevas-radicaciones\/#article","isPartOf":{"@id":"https:\/\/experienciadevida.com.ar\/portalurbano\/sip-los-fresnos-nuevas-radicaciones\/"},"author":{"name":"admpu17wp","@id":"https:\/\/experienciadevida.com.ar\/portalurbano\/#\/schema\/person\/02dd326b1c4b056e9cc972486934a3a7"},"headline":"SIP \u201cLos Fresnos\u201d: nuevas radicaciones","datePublished":"2022-01-06T19:42:45+00:00","dateModified":"2022-01-06T19:45:24+00:00","mainEntityOfPage":{"@id":"https:\/\/experienciadevida.com.ar\/portalurbano\/sip-los-fresnos-nuevas-radicaciones\/"},"wordCount":347,"publisher":{"@id":"https:\/\/experienciadevida.com.ar\/portalurbano\/#organization"},"articleSection":["Ciudad","Destacadas 2"],"inLanguage":"es"},{"@type":"WebPage","@id":"https:\/\/experienciadevida.com.ar\/portalurbano\/sip-los-fresnos-nuevas-radicaciones\/","url":"https:\/\/experienciadevida.com.ar\/portalurbano\/sip-los-fresnos-nuevas-radicaciones\/","name":"SIP \"Los Fresnos\": nuevas radicaciones","isPartOf":{"@id":"https:\/\/experienciadevida.com.ar\/portalurbano\/#website"},"datePublished":"2022-01-06T19:42:45+00:00","dateModified":"2022-01-06T19:45:24+00:00","description":"SIP \u201cLos Fresnos\u201d: nuevas radicaciones, el Intendente Ezequiel Galli recibi\u00f3 en la ma\u00f1ana de este jueves al propietario de la firma","breadcrumb":{"@id":"https:\/\/experienciadevida.com.ar\/portalurbano\/sip-los-fresnos-nuevas-radicaciones\/#breadcrumb"},"inLanguage":"es","potentialAction":[{"@type":"ReadAction","target":["https:\/\/experienciadevida.com.ar\/portalurbano\/sip-los-fresnos-nuevas-radicaciones\/"]}]},{"@type":"BreadcrumbList","@id":"https:\/\/experienciadevida.com.ar\/portalurbano\/sip-los-fresnos-nuevas-radicaciones\/#breadcrumb","itemListElement":[{"@type":"ListItem","position":1,"name":"Portada","item":"https:\/\/experienciadevida.com.ar\/portalurbano\/"},{"@type":"ListItem","position":2,"name":"SIP \u201cLos Fresnos\u201d: nuevas radicaciones"}]},{"@type":"WebSite","@id":"https:\/\/experienciadevida.com.ar\/portalurbano\/#website","url":"https:\/\/experienciadevida.com.ar\/portalurbano\/","name":"","description":"","publisher":{"@id":"https:\/\/experienciadevida.com.ar\/portalurbano\/#organization"},"potentialAction":[{"@type":"SearchAction","target":{"@type":"EntryPoint","urlTemplate":"https:\/\/experienciadevida.com.ar\/portalurbano\/?s={search_term_string}"},"query-input":"required name=search_term_string"}],"inLanguage":"es"},{"@type":"Organization","@id":"https:\/\/experienciadevida.com.ar\/portalurbano\/#organization","name":"Portal Urbano","url":"https:\/\/experienciadevida.com.ar\/portalurbano\/","logo":{"@type":"ImageObject","inLanguage":"es","@id":"https:\/\/experienciadevida.com.ar\/portalurbano\/#\/schema\/logo\/image\/","url":"https:\/\/experienciadevida.com.ar\/portalurbano\/wp-content\/uploads\/2019\/09\/Logo-Original.png","contentUrl":"https:\/\/experienciadevida.com.ar\/portalurbano\/wp-content\/uploads\/2019\/09\/Logo-Original.png","width":2236,"height":1216,"caption":"Portal Urbano"},"image":{"@id":"https:\/\/experienciadevida.com.ar\/portalurbano\/#\/schema\/logo\/image\/"},"sameAs":["https:\/\/www.facebook.com\/Portal-Urbano-171542830093757\/","https:\/\/twitter.com\/portalurbanook","https:\/\/www.instagram.com\/_portalurbano\/","https:\/\/www.youtube.com\/channel\/UCXhagIfszH8KxFiOok79zbA?view_as=subscriber"]},{"@type":"Person","@id":"https:\/\/experienciadevida.com.ar\/portalurbano\/#\/schema\/person\/02dd326b1c4b056e9cc972486934a3a7","name":"admpu17wp","image":{"@type":"ImageObject","inLanguage":"es","@id":"https:\/\/experienciadevida.com.ar\/portalurbano\/#\/schema\/person\/image\/","url":"https:\/\/secure.gravatar.com\/avatar\/830d4c57adaae6630765e449a6908047?s=96&d=mm&r=g","contentUrl":"https:\/\/secure.gravatar.com\/avatar\/830d4c57adaae6630765e449a6908047?s=96&d=mm&r=g","caption":"admpu17wp"}}]}},"featured_image_urls":{"full":["https:\/\/experienciadevida.com.ar\/portalurbano\/wp-content\/uploads\/2022\/01\/SIP.jpg",2560,1711,false],"thumbnail":["https:\/\/experienciadevida.com.ar\/portalurbano\/wp-content\/uploads\/2022\/01\/SIP-150x150.jpg",150,150,true],"medium":["https:\/\/experienciadevida.com.ar\/portalurbano\/wp-content\/uploads\/2022\/01\/SIP-300x201.jpg",300,201,true],"medium_large":["https:\/\/experienciadevida.com.ar\/portalurbano\/wp-content\/uploads\/2022\/01\/SIP-768x513.jpg",640,428,true],"large":["https:\/\/experienciadevida.com.ar\/portalurbano\/wp-content\/uploads\/2022\/01\/SIP-1024x684.jpg",640,428,true],"ug_big":["https:\/\/experienciadevida.com.ar\/portalurbano\/wp-content\/uploads\/2022\/01\/SIP-768x513.jpg",768,513,true],"1536x1536":["https:\/\/experienciadevida.com.ar\/portalurbano\/wp-content\/uploads\/2022\/01\/SIP-1536x1027.jpg",1536,1027,true],"2048x2048":["https:\/\/experienciadevida.com.ar\/portalurbano\/wp-content\/uploads\/2022\/01\/SIP-2048x1369.jpg",2048,1369,true],"newsever-slider-full":["https:\/\/experienciadevida.com.ar\/portalurbano\/wp-content\/uploads\/2022\/01\/SIP.jpg",1264,845,false],"newsever-featured":["https:\/\/experienciadevida.com.ar\/portalurbano\/wp-content\/uploads\/2022\/01\/SIP.jpg",1024,684,false],"newsever-medium":["https:\/\/experienciadevida.com.ar\/portalurbano\/wp-content\/uploads\/2022\/01\/SIP.jpg",711,475,false],"web-stories-poster-portrait":["https:\/\/experienciadevida.com.ar\/portalurbano\/wp-content\/uploads\/2022\/01\/SIP.jpg",640,428,false],"web-stories-publisher-logo":["https:\/\/experienciadevida.com.ar\/portalurbano\/wp-content\/uploads\/2022\/01\/SIP.jpg",96,64,false],"web-stories-thumbnail":["https:\/\/experienciadevida.com.ar\/portalurbano\/wp-content\/uploads\/2022\/01\/SIP.jpg",150,100,false]},"author_info":{"display_name":"admpu17wp","author_link":"https:\/\/experienciadevida.com.ar\/portalurbano\/author\/admpu17wp\/"},"category_info":"<a href=\"https:\/\/experienciadevida.com.ar\/portalurbano\/category\/ciudad\/\" rel=\"category tag\">Ciudad<\/a> <a href=\"https:\/\/experienciadevida.com.ar\/portalurbano\/category\/destacadas-2\/\" rel=\"category tag\">Destacadas 2<\/a>","tag_info":"Destacadas 2","comment_count":"0","amp_enabled":true,"_links":{"self":[{"href":"https:\/\/experienciadevida.com.ar\/portalurbano\/wp-json\/wp\/v2\/posts\/159606"}],"collection":[{"href":"https:\/\/experienciadevida.com.ar\/portalurbano\/wp-json\/wp\/v2\/posts"}],"about":[{"href":"https:\/\/experienciadevida.com.ar\/portalurbano\/wp-json\/wp\/v2\/types\/post"}],"author":[{"embeddable":true,"href":"https:\/\/experienciadevida.com.ar\/portalurbano\/wp-json\/wp\/v2\/users\/1"}],"replies":[{"embeddable":true,"href":"https:\/\/experienciadevida.com.ar\/portalurbano\/wp-json\/wp\/v2\/comments?post=159606"}],"version-history":[{"count":3,"href":"https:\/\/experienciadevida.com.ar\/portalurbano\/wp-json\/wp\/v2\/posts\/159606\/revisions"}],"predecessor-version":[{"id":159617,"href":"https:\/\/experienciadevida.com.ar\/portalurbano\/wp-json\/wp\/v2\/posts\/159606\/revisions\/159617"}],"wp:featuredmedia":[{"embeddable":true,"href":"https:\/\/experienciadevida.com.ar\/portalurbano\/wp-json\/wp\/v2\/media\/159613"}],"wp:attachment":[{"href":"https:\/\/experienciadevida.com.ar\/portalurbano\/wp-json\/wp\/v2\/media?parent=159606"}],"wp:term":[{"taxonomy":"category","embeddable":true,"href":"https:\/\/experienciadevida.com.ar\/portalurbano\/wp-json\/wp\/v2\/categories?post=159606"},{"taxonomy":"post_tag","embeddable":true,"href":"https:\/\/experienciadevida.com.ar\/portalurbano\/wp-json\/wp\/v2\/tags?post=159606"}],"curies":[{"name":"wp","href":"https:\/\/api.w.org\/{rel}","templated":true}]}}