{"id":159588,"date":"2022-01-06T12:56:20","date_gmt":"2022-01-06T15:56:20","guid":{"rendered":"https:\/\/experienciadevida.com.ar\/portalurbano\/?p=159588"},"modified":"2022-01-06T12:58:25","modified_gmt":"2022-01-06T15:58:25","slug":"avanza-el-proyecto-de-remodelacion-del-cef-no-44","status":"publish","type":"post","link":"https:\/\/experienciadevida.com.ar\/portalurbano\/avanza-el-proyecto-de-remodelacion-del-cef-no-44\/","title":{"rendered":"Avanza el proyecto de remodelaci\u00f3n del CEF N\u00ba 44"},"content":{"rendered":"<p>Avanza el proyecto de remodelaci\u00f3n del CEF N\u00ba 44, en la ma\u00f1ana de este jueves el intendente Ezequiel <a href=\"https:\/\/www.facebook.com\/galliezequiel\">Galli<\/a> visit\u00f3 las instalaciones del CEF N\u00ba 44, que funciona en el gimnasio \u201c19 de Febrero\u201d, ubicado en el coraz\u00f3n del barrio CECO, donde hace poco m\u00e1s de cuatro meses, se lleva adelante un importante proyecto de reforma.<\/p>\n<p><a href=\"https:\/\/experienciadevida.com.ar\/portalurbano\/avanza-el-proyecto-de-remodelacion-del-cef-no-44\/avanz\/\" rel=\"attachment wp-att-159592\"><img decoding=\"async\" class=\"alignnone size-large wp-image-159592\" src=\"https:\/\/experienciadevida.com.ar\/portalurbano\/wp-content\/uploads\/2022\/01\/Avanz-1024x684.jpg\" alt=\"Avanza \" width=\"900\" height=\"601\" srcset=\"https:\/\/experienciadevida.com.ar\/portalurbano\/wp-content\/uploads\/2022\/01\/Avanz-1024x684.jpg 1024w, https:\/\/experienciadevida.com.ar\/portalurbano\/wp-content\/uploads\/2022\/01\/Avanz-300x201.jpg 300w, https:\/\/experienciadevida.com.ar\/portalurbano\/wp-content\/uploads\/2022\/01\/Avanz-768x513.jpg 768w, https:\/\/experienciadevida.com.ar\/portalurbano\/wp-content\/uploads\/2022\/01\/Avanz-1536x1027.jpg 1536w, https:\/\/experienciadevida.com.ar\/portalurbano\/wp-content\/uploads\/2022\/01\/Avanz-2048x1369.jpg 2048w\" sizes=\"(max-width: 900px) 100vw, 900px\" \/><\/a><\/p>\n<p>Durante la recorrida, Galli estuvo acompa\u00f1ado por el secretario de Desarrollo Humano y Calidad de Vida Diego <a href=\"https:\/\/www.facebook.com\/diegorobbiani\">Robbiani<\/a> y personal de Obras P\u00fablicas de la Municipalidad, para supervisar el avance de los trabajos, que a la fecha presentan un porcentaje del 50%.<\/p>\n<p>Las reformas en el CEF N\u00ba 44 comprenden: ampliaci\u00f3n y refacci\u00f3n completa de ba\u00f1os y vestuarios \u2013 los cuales actualmente se encuentran en malas condiciones y son escasos para la cantidad de gente que frecuenta el lugar \u2013, cierre de un sector de planta alta para gimnasia art\u00edstica, ejecuci\u00f3n de un nuevo volumen donde se desarrollar\u00e1 la secretar\u00eda y semicubierto de canchas de tejo.<\/p>\n<p>La obra comprende una nueva instalaci\u00f3n el\u00e9ctrica de iluminaci\u00f3n y tomas en los sectores intervenidos y secretar\u00eda, divisi\u00f3n de un espacio mediante tabique de Durlock en el lugar destinado a dep\u00f3sitos y trabajos de pintura en el nuevo volumen a ejecutar, en ba\u00f1os, vestuarios y sector de tejo, intervenci\u00f3n de instalaci\u00f3n sanitaria e instalaci\u00f3n de gas.<\/p>\n<p>De acuerdo al cronograma de trabajos previsto, restan los trabajos de colocaci\u00f3n de Durlock en paredes y cielorrasos, instalaci\u00f3n y pulido de pisos, iluminaci\u00f3n, ventanas, artefactos sanitarios y accesorios.<\/p>\n<p>Cabe recordar que la obra se encuentra a cargo de la empresa Espacio R2 S.A. por un monto de $13.797.816, 25, con recursos provenientes del Fondo Educativo, que fueron asignados para la remodelaci\u00f3n del CEF N\u00ba 44.<\/p>\n<p>El Plan de Infraestructura Educativa \u2013que impulsa la gesti\u00f3n del intendente Ezequiel Galli- constituye una de las pol\u00edticas centrales, con la finalidad de mejorar las condiciones edilicias de diferentes establecimientos del Partido de Olavarr\u00eda, en pos de garantizar una educaci\u00f3n de calidad para todos.<\/p>\n<p>La educaci\u00f3n y el deporte, forman parte de las pol\u00edticas a largo plazo, y tienen un rol central en la formaci\u00f3n de j\u00f3venes, como es el caso del CEF N\u00ba 44, que es una instituci\u00f3n modelo.<\/p>\n<p><a href=\"https:\/\/experienciadevida.com.ar\/portalurbano\/avanza-el-proyecto-de-remodelacion-del-cef-no-44\/el-proyecto\/\" rel=\"attachment wp-att-159593\"><img decoding=\"async\" class=\"alignnone size-large wp-image-159593\" src=\"https:\/\/experienciadevida.com.ar\/portalurbano\/wp-content\/uploads\/2022\/01\/el-proyecto-1024x684.jpg\" alt=\"el proyecto \" width=\"900\" height=\"601\" \/><\/a><\/p>\n","protected":false},"excerpt":{"rendered":"<p>Avanza el proyecto de remodelaci\u00f3n del CEF N\u00ba 44, en la ma\u00f1ana de este jueves&#8230;<\/p>\n","protected":false},"author":1,"featured_media":159589,"comment_status":"closed","ping_status":"closed","sticky":false,"template":"","format":"standard","meta":{"content-type":""},"categories":[27,64],"tags":[],"nelio_content":{"isAutoShareEnabled":false,"autoShareEndMode":"default","automationSources":{"useContentSentences":true,"useSocialTemplates":true,"useCustomSentences":false,"customSentences":[]},"followers":[1],"suggestedReferences":[],"includedReferences":[],"efiUrl":"","efiAlt":"","highlights":[]},"yoast_head":"<!-- This site is optimized with the Yoast SEO plugin v20.7 - https:\/\/yoast.com\/wordpress\/plugins\/seo\/ -->\n<title>Avanza el proyecto de remodelaci\u00f3n del CEF n\u00b044<\/title>\n<meta name=\"description\" content=\"Avanza el proyecto de remodelaci\u00f3n del CEF N\u00ba 44, en la ma\u00f1ana de este jueves el intendente Ezequiel Galli visit\u00f3 las instalaciones\" \/>\n<meta name=\"robots\" content=\"index, follow, max-snippet:-1, max-image-preview:large, max-video-preview:-1\" \/>\n<link rel=\"canonical\" href=\"https:\/\/experienciadevida.com.ar\/portalurbano\/avanza-el-proyecto-de-remodelacion-del-cef-no-44\/\" \/>\n<meta property=\"og:locale\" content=\"es_ES\" \/>\n<meta property=\"og:type\" content=\"article\" \/>\n<meta property=\"og:title\" content=\"Avanza el proyecto de remodelaci\u00f3n del CEF n\u00b044\" \/>\n<meta property=\"og:description\" content=\"Avanza el proyecto de remodelaci\u00f3n del CEF N\u00ba 44, en la ma\u00f1ana de este jueves el intendente Ezequiel Galli visit\u00f3 las instalaciones\" \/>\n<meta property=\"og:url\" content=\"https:\/\/experienciadevida.com.ar\/portalurbano\/avanza-el-proyecto-de-remodelacion-del-cef-no-44\/\" \/>\n<meta property=\"article:publisher\" content=\"https:\/\/www.facebook.com\/Portal-Urbano-171542830093757\/\" \/>\n<meta property=\"article:published_time\" content=\"2022-01-06T15:56:20+00:00\" \/>\n<meta property=\"article:modified_time\" content=\"2022-01-06T15:58:25+00:00\" \/>\n<meta property=\"og:image\" content=\"https:\/\/experienciadevida.com.ar\/portalurbano\/wp-content\/uploads\/2022\/01\/Avanza-el-proyecto-de-e1641484540649.jpg\" \/>\n\t<meta property=\"og:image:width\" content=\"765\" \/>\n\t<meta property=\"og:image:height\" content=\"511\" \/>\n\t<meta property=\"og:image:type\" content=\"image\/jpeg\" \/>\n<meta name=\"author\" content=\"admpu17wp\" \/>\n<meta name=\"twitter:card\" content=\"summary_large_image\" \/>\n<meta name=\"twitter:creator\" content=\"@portalurbanook\" \/>\n<meta name=\"twitter:site\" content=\"@portalurbanook\" \/>\n<meta name=\"twitter:label1\" content=\"Escrito por\" \/>\n\t<meta name=\"twitter:data1\" content=\"admpu17wp\" \/>\n\t<meta name=\"twitter:label2\" content=\"Tiempo de lectura\" \/>\n\t<meta name=\"twitter:data2\" content=\"3 minutos\" \/>\n<script type=\"application\/ld+json\" class=\"yoast-schema-graph\">{\"@context\":\"https:\/\/schema.org\",\"@graph\":[{\"@type\":\"Article\",\"@id\":\"https:\/\/experienciadevida.com.ar\/portalurbano\/avanza-el-proyecto-de-remodelacion-del-cef-no-44\/#article\",\"isPartOf\":{\"@id\":\"https:\/\/experienciadevida.com.ar\/portalurbano\/avanza-el-proyecto-de-remodelacion-del-cef-no-44\/\"},\"author\":{\"name\":\"admpu17wp\",\"@id\":\"https:\/\/experienciadevida.com.ar\/portalurbano\/#\/schema\/person\/02dd326b1c4b056e9cc972486934a3a7\"},\"headline\":\"Avanza el proyecto de remodelaci\u00f3n del CEF N\u00ba 44\",\"datePublished\":\"2022-01-06T15:56:20+00:00\",\"dateModified\":\"2022-01-06T15:58:25+00:00\",\"mainEntityOfPage\":{\"@id\":\"https:\/\/experienciadevida.com.ar\/portalurbano\/avanza-el-proyecto-de-remodelacion-del-cef-no-44\/\"},\"wordCount\":398,\"publisher\":{\"@id\":\"https:\/\/experienciadevida.com.ar\/portalurbano\/#organization\"},\"articleSection\":[\"Ciudad\",\"Destacadas 2\"],\"inLanguage\":\"es\"},{\"@type\":\"WebPage\",\"@id\":\"https:\/\/experienciadevida.com.ar\/portalurbano\/avanza-el-proyecto-de-remodelacion-del-cef-no-44\/\",\"url\":\"https:\/\/experienciadevida.com.ar\/portalurbano\/avanza-el-proyecto-de-remodelacion-del-cef-no-44\/\",\"name\":\"Avanza el proyecto de remodelaci\u00f3n del CEF n\u00b044\",\"isPartOf\":{\"@id\":\"https:\/\/experienciadevida.com.ar\/portalurbano\/#website\"},\"datePublished\":\"2022-01-06T15:56:20+00:00\",\"dateModified\":\"2022-01-06T15:58:25+00:00\",\"description\":\"Avanza el proyecto de remodelaci\u00f3n del CEF N\u00ba 44, en la ma\u00f1ana de este jueves el intendente Ezequiel Galli visit\u00f3 las instalaciones\",\"breadcrumb\":{\"@id\":\"https:\/\/experienciadevida.com.ar\/portalurbano\/avanza-el-proyecto-de-remodelacion-del-cef-no-44\/#breadcrumb\"},\"inLanguage\":\"es\",\"potentialAction\":[{\"@type\":\"ReadAction\",\"target\":[\"https:\/\/experienciadevida.com.ar\/portalurbano\/avanza-el-proyecto-de-remodelacion-del-cef-no-44\/\"]}]},{\"@type\":\"BreadcrumbList\",\"@id\":\"https:\/\/experienciadevida.com.ar\/portalurbano\/avanza-el-proyecto-de-remodelacion-del-cef-no-44\/#breadcrumb\",\"itemListElement\":[{\"@type\":\"ListItem\",\"position\":1,\"name\":\"Portada\",\"item\":\"https:\/\/experienciadevida.com.ar\/portalurbano\/\"},{\"@type\":\"ListItem\",\"position\":2,\"name\":\"Avanza el proyecto de remodelaci\u00f3n del CEF N\u00ba 44\"}]},{\"@type\":\"WebSite\",\"@id\":\"https:\/\/experienciadevida.com.ar\/portalurbano\/#website\",\"url\":\"https:\/\/experienciadevida.com.ar\/portalurbano\/\",\"name\":\"\",\"description\":\"\",\"publisher\":{\"@id\":\"https:\/\/experienciadevida.com.ar\/portalurbano\/#organization\"},\"potentialAction\":[{\"@type\":\"SearchAction\",\"target\":{\"@type\":\"EntryPoint\",\"urlTemplate\":\"https:\/\/experienciadevida.com.ar\/portalurbano\/?s={search_term_string}\"},\"query-input\":\"required name=search_term_string\"}],\"inLanguage\":\"es\"},{\"@type\":\"Organization\",\"@id\":\"https:\/\/experienciadevida.com.ar\/portalurbano\/#organization\",\"name\":\"Portal Urbano\",\"url\":\"https:\/\/experienciadevida.com.ar\/portalurbano\/\",\"logo\":{\"@type\":\"ImageObject\",\"inLanguage\":\"es\",\"@id\":\"https:\/\/experienciadevida.com.ar\/portalurbano\/#\/schema\/logo\/image\/\",\"url\":\"https:\/\/experienciadevida.com.ar\/portalurbano\/wp-content\/uploads\/2019\/09\/Logo-Original.png\",\"contentUrl\":\"https:\/\/experienciadevida.com.ar\/portalurbano\/wp-content\/uploads\/2019\/09\/Logo-Original.png\",\"width\":2236,\"height\":1216,\"caption\":\"Portal Urbano\"},\"image\":{\"@id\":\"https:\/\/experienciadevida.com.ar\/portalurbano\/#\/schema\/logo\/image\/\"},\"sameAs\":[\"https:\/\/www.facebook.com\/Portal-Urbano-171542830093757\/\",\"https:\/\/twitter.com\/portalurbanook\",\"https:\/\/www.instagram.com\/_portalurbano\/\",\"https:\/\/www.youtube.com\/channel\/UCXhagIfszH8KxFiOok79zbA?view_as=subscriber\"]},{\"@type\":\"Person\",\"@id\":\"https:\/\/experienciadevida.com.ar\/portalurbano\/#\/schema\/person\/02dd326b1c4b056e9cc972486934a3a7\",\"name\":\"admpu17wp\",\"image\":{\"@type\":\"ImageObject\",\"inLanguage\":\"es\",\"@id\":\"https:\/\/experienciadevida.com.ar\/portalurbano\/#\/schema\/person\/image\/\",\"url\":\"https:\/\/secure.gravatar.com\/avatar\/830d4c57adaae6630765e449a6908047?s=96&d=mm&r=g\",\"contentUrl\":\"https:\/\/secure.gravatar.com\/avatar\/830d4c57adaae6630765e449a6908047?s=96&d=mm&r=g\",\"caption\":\"admpu17wp\"}}]}<\/script>\n<!-- \/ Yoast SEO plugin. -->","yoast_head_json":{"title":"Avanza el proyecto de remodelaci\u00f3n del CEF n\u00b044","description":"Avanza el proyecto de remodelaci\u00f3n del CEF N\u00ba 44, en la ma\u00f1ana de este jueves el intendente Ezequiel Galli visit\u00f3 las instalaciones","robots":{"index":"index","follow":"follow","max-snippet":"max-snippet:-1","max-image-preview":"max-image-preview:large","max-video-preview":"max-video-preview:-1"},"canonical":"https:\/\/experienciadevida.com.ar\/portalurbano\/avanza-el-proyecto-de-remodelacion-del-cef-no-44\/","og_locale":"es_ES","og_type":"article","og_title":"Avanza el proyecto de remodelaci\u00f3n del CEF n\u00b044","og_description":"Avanza el proyecto de remodelaci\u00f3n del CEF N\u00ba 44, en la ma\u00f1ana de este jueves el intendente Ezequiel Galli visit\u00f3 las instalaciones","og_url":"https:\/\/experienciadevida.com.ar\/portalurbano\/avanza-el-proyecto-de-remodelacion-del-cef-no-44\/","article_publisher":"https:\/\/www.facebook.com\/Portal-Urbano-171542830093757\/","article_published_time":"2022-01-06T15:56:20+00:00","article_modified_time":"2022-01-06T15:58:25+00:00","og_image":[{"width":765,"height":511,"url":"https:\/\/experienciadevida.com.ar\/portalurbano\/wp-content\/uploads\/2022\/01\/Avanza-el-proyecto-de-e1641484540649.jpg","type":"image\/jpeg"}],"author":"admpu17wp","twitter_card":"summary_large_image","twitter_creator":"@portalurbanook","twitter_site":"@portalurbanook","twitter_misc":{"Escrito por":"admpu17wp","Tiempo de lectura":"3 minutos"},"schema":{"@context":"https:\/\/schema.org","@graph":[{"@type":"Article","@id":"https:\/\/experienciadevida.com.ar\/portalurbano\/avanza-el-proyecto-de-remodelacion-del-cef-no-44\/#article","isPartOf":{"@id":"https:\/\/experienciadevida.com.ar\/portalurbano\/avanza-el-proyecto-de-remodelacion-del-cef-no-44\/"},"author":{"name":"admpu17wp","@id":"https:\/\/experienciadevida.com.ar\/portalurbano\/#\/schema\/person\/02dd326b1c4b056e9cc972486934a3a7"},"headline":"Avanza el proyecto de remodelaci\u00f3n del CEF N\u00ba 44","datePublished":"2022-01-06T15:56:20+00:00","dateModified":"2022-01-06T15:58:25+00:00","mainEntityOfPage":{"@id":"https:\/\/experienciadevida.com.ar\/portalurbano\/avanza-el-proyecto-de-remodelacion-del-cef-no-44\/"},"wordCount":398,"publisher":{"@id":"https:\/\/experienciadevida.com.ar\/portalurbano\/#organization"},"articleSection":["Ciudad","Destacadas 2"],"inLanguage":"es"},{"@type":"WebPage","@id":"https:\/\/experienciadevida.com.ar\/portalurbano\/avanza-el-proyecto-de-remodelacion-del-cef-no-44\/","url":"https:\/\/experienciadevida.com.ar\/portalurbano\/avanza-el-proyecto-de-remodelacion-del-cef-no-44\/","name":"Avanza el proyecto de remodelaci\u00f3n del CEF n\u00b044","isPartOf":{"@id":"https:\/\/experienciadevida.com.ar\/portalurbano\/#website"},"datePublished":"2022-01-06T15:56:20+00:00","dateModified":"2022-01-06T15:58:25+00:00","description":"Avanza el proyecto de remodelaci\u00f3n del CEF N\u00ba 44, en la ma\u00f1ana de este jueves el intendente Ezequiel Galli visit\u00f3 las instalaciones","breadcrumb":{"@id":"https:\/\/experienciadevida.com.ar\/portalurbano\/avanza-el-proyecto-de-remodelacion-del-cef-no-44\/#breadcrumb"},"inLanguage":"es","potentialAction":[{"@type":"ReadAction","target":["https:\/\/experienciadevida.com.ar\/portalurbano\/avanza-el-proyecto-de-remodelacion-del-cef-no-44\/"]}]},{"@type":"BreadcrumbList","@id":"https:\/\/experienciadevida.com.ar\/portalurbano\/avanza-el-proyecto-de-remodelacion-del-cef-no-44\/#breadcrumb","itemListElement":[{"@type":"ListItem","position":1,"name":"Portada","item":"https:\/\/experienciadevida.com.ar\/portalurbano\/"},{"@type":"ListItem","position":2,"name":"Avanza el proyecto de remodelaci\u00f3n del CEF N\u00ba 44"}]},{"@type":"WebSite","@id":"https:\/\/experienciadevida.com.ar\/portalurbano\/#website","url":"https:\/\/experienciadevida.com.ar\/portalurbano\/","name":"","description":"","publisher":{"@id":"https:\/\/experienciadevida.com.ar\/portalurbano\/#organization"},"potentialAction":[{"@type":"SearchAction","target":{"@type":"EntryPoint","urlTemplate":"https:\/\/experienciadevida.com.ar\/portalurbano\/?s={search_term_string}"},"query-input":"required name=search_term_string"}],"inLanguage":"es"},{"@type":"Organization","@id":"https:\/\/experienciadevida.com.ar\/portalurbano\/#organization","name":"Portal Urbano","url":"https:\/\/experienciadevida.com.ar\/portalurbano\/","logo":{"@type":"ImageObject","inLanguage":"es","@id":"https:\/\/experienciadevida.com.ar\/portalurbano\/#\/schema\/logo\/image\/","url":"https:\/\/experienciadevida.com.ar\/portalurbano\/wp-content\/uploads\/2019\/09\/Logo-Original.png","contentUrl":"https:\/\/experienciadevida.com.ar\/portalurbano\/wp-content\/uploads\/2019\/09\/Logo-Original.png","width":2236,"height":1216,"caption":"Portal Urbano"},"image":{"@id":"https:\/\/experienciadevida.com.ar\/portalurbano\/#\/schema\/logo\/image\/"},"sameAs":["https:\/\/www.facebook.com\/Portal-Urbano-171542830093757\/","https:\/\/twitter.com\/portalurbanook","https:\/\/www.instagram.com\/_portalurbano\/","https:\/\/www.youtube.com\/channel\/UCXhagIfszH8KxFiOok79zbA?view_as=subscriber"]},{"@type":"Person","@id":"https:\/\/experienciadevida.com.ar\/portalurbano\/#\/schema\/person\/02dd326b1c4b056e9cc972486934a3a7","name":"admpu17wp","image":{"@type":"ImageObject","inLanguage":"es","@id":"https:\/\/experienciadevida.com.ar\/portalurbano\/#\/schema\/person\/image\/","url":"https:\/\/secure.gravatar.com\/avatar\/830d4c57adaae6630765e449a6908047?s=96&d=mm&r=g","contentUrl":"https:\/\/secure.gravatar.com\/avatar\/830d4c57adaae6630765e449a6908047?s=96&d=mm&r=g","caption":"admpu17wp"}}]}},"featured_image_urls":{"full":["https:\/\/experienciadevida.com.ar\/portalurbano\/wp-content\/uploads\/2022\/01\/Avanza-el-proyecto-de-e1641484540649.jpg",765,511,false],"thumbnail":["https:\/\/experienciadevida.com.ar\/portalurbano\/wp-content\/uploads\/2022\/01\/Avanza-el-proyecto-de-150x150.jpg",150,150,true],"medium":["https:\/\/experienciadevida.com.ar\/portalurbano\/wp-content\/uploads\/2022\/01\/Avanza-el-proyecto-de-300x201.jpg",300,201,true],"medium_large":["https:\/\/experienciadevida.com.ar\/portalurbano\/wp-content\/uploads\/2022\/01\/Avanza-el-proyecto-de-768x513.jpg",640,428,true],"large":["https:\/\/experienciadevida.com.ar\/portalurbano\/wp-content\/uploads\/2022\/01\/Avanza-el-proyecto-de-1024x684.jpg",640,428,true],"ug_big":["https:\/\/experienciadevida.com.ar\/portalurbano\/wp-content\/uploads\/2022\/01\/Avanza-el-proyecto-de-768x513.jpg",768,513,true],"1536x1536":["https:\/\/experienciadevida.com.ar\/portalurbano\/wp-content\/uploads\/2022\/01\/Avanza-el-proyecto-de-1536x1027.jpg",1536,1027,true],"2048x2048":["https:\/\/experienciadevida.com.ar\/portalurbano\/wp-content\/uploads\/2022\/01\/Avanza-el-proyecto-de-2048x1369.jpg",2048,1369,true],"newsever-slider-full":["https:\/\/experienciadevida.com.ar\/portalurbano\/wp-content\/uploads\/2022\/01\/Avanza-el-proyecto-de-e1641484540649.jpg",765,511,false],"newsever-featured":["https:\/\/experienciadevida.com.ar\/portalurbano\/wp-content\/uploads\/2022\/01\/Avanza-el-proyecto-de-e1641484540649.jpg",765,511,false],"newsever-medium":["https:\/\/experienciadevida.com.ar\/portalurbano\/wp-content\/uploads\/2022\/01\/Avanza-el-proyecto-de-e1641484540649.jpg",711,475,false],"web-stories-poster-portrait":["https:\/\/experienciadevida.com.ar\/portalurbano\/wp-content\/uploads\/2022\/01\/Avanza-el-proyecto-de-e1641484540649.jpg",640,428,false],"web-stories-publisher-logo":["https:\/\/experienciadevida.com.ar\/portalurbano\/wp-content\/uploads\/2022\/01\/Avanza-el-proyecto-de-e1641484540649.jpg",96,64,false],"web-stories-thumbnail":["https:\/\/experienciadevida.com.ar\/portalurbano\/wp-content\/uploads\/2022\/01\/Avanza-el-proyecto-de-e1641484540649.jpg",150,100,false]},"author_info":{"display_name":"admpu17wp","author_link":"https:\/\/experienciadevida.com.ar\/portalurbano\/author\/admpu17wp\/"},"category_info":"<a href=\"https:\/\/experienciadevida.com.ar\/portalurbano\/category\/ciudad\/\" rel=\"category tag\">Ciudad<\/a> <a href=\"https:\/\/experienciadevida.com.ar\/portalurbano\/category\/destacadas-2\/\" rel=\"category tag\">Destacadas 2<\/a>","tag_info":"Destacadas 2","comment_count":"0","amp_enabled":true,"_links":{"self":[{"href":"https:\/\/experienciadevida.com.ar\/portalurbano\/wp-json\/wp\/v2\/posts\/159588"}],"collection":[{"href":"https:\/\/experienciadevida.com.ar\/portalurbano\/wp-json\/wp\/v2\/posts"}],"about":[{"href":"https:\/\/experienciadevida.com.ar\/portalurbano\/wp-json\/wp\/v2\/types\/post"}],"author":[{"embeddable":true,"href":"https:\/\/experienciadevida.com.ar\/portalurbano\/wp-json\/wp\/v2\/users\/1"}],"replies":[{"embeddable":true,"href":"https:\/\/experienciadevida.com.ar\/portalurbano\/wp-json\/wp\/v2\/comments?post=159588"}],"version-history":[{"count":2,"href":"https:\/\/experienciadevida.com.ar\/portalurbano\/wp-json\/wp\/v2\/posts\/159588\/revisions"}],"predecessor-version":[{"id":159594,"href":"https:\/\/experienciadevida.com.ar\/portalurbano\/wp-json\/wp\/v2\/posts\/159588\/revisions\/159594"}],"wp:featuredmedia":[{"embeddable":true,"href":"https:\/\/experienciadevida.com.ar\/portalurbano\/wp-json\/wp\/v2\/media\/159589"}],"wp:attachment":[{"href":"https:\/\/experienciadevida.com.ar\/portalurbano\/wp-json\/wp\/v2\/media?parent=159588"}],"wp:term":[{"taxonomy":"category","embeddable":true,"href":"https:\/\/experienciadevida.com.ar\/portalurbano\/wp-json\/wp\/v2\/categories?post=159588"},{"taxonomy":"post_tag","embeddable":true,"href":"https:\/\/experienciadevida.com.ar\/portalurbano\/wp-json\/wp\/v2\/tags?post=159588"}],"curies":[{"name":"wp","href":"https:\/\/api.w.org\/{rel}","templated":true}]}}