{"id":159584,"date":"2022-01-06T12:52:07","date_gmt":"2022-01-06T15:52:07","guid":{"rendered":"https:\/\/experienciadevida.com.ar\/portalurbano\/?p=159584"},"modified":"2022-01-06T12:54:13","modified_gmt":"2022-01-06T15:54:13","slug":"por-como-se-comporta-no-me-caben-dudas-que-es-la-omicron","status":"publish","type":"post","link":"https:\/\/experienciadevida.com.ar\/portalurbano\/por-como-se-comporta-no-me-caben-dudas-que-es-la-omicron\/","title":{"rendered":"&#8220;Por como se comporta, no me caben dudas que es la \u00d3micron&#8221;"},"content":{"rendered":"<p>&#8220;Por como se comporta, no me caben dudas que es la \u00d3micron&#8221;, as\u00ed lo dijo Germ\u00e1n Caputo en declaraciones radiales este jueves.<\/p>\n<p>&#8220;Principios de diciembre ya nosotros esper\u00e1bamos un aumento de casos y se fueron dando esos aumentos, y ahora el brote es muy grande con una positividad que alcanz\u00f3 el 60% cada diez que se hisopan 6 son positivos, esto habla de la circulaci\u00f3n en Olavarr\u00eda de una variante muy transmisible, que si bien no la tenemos documentada por como se comporta no me cabe duda de que es la \u00d3micron&#8221;.<\/p>\n<p>Por otra parte &#8220;la clave est\u00e1 en la vacunaci\u00f3n con la ayuda de las medidas de bioseguridad es una transmisibilidad muy importante que tiene, un individuo contagiado tiene la capacidad de contagiar a muchos y con poco tiempo de exposici\u00f3n\u00a0 y con distancias m\u00e1s lejanas que las anteriores, por eso es que es importante la vacunaci\u00f3n como las medidas de seguridad ayudan pero no evita el contagio. El virus es tan transmisible que cualquier contacto\u00a0 respiratoria porque es la v\u00eda de ingreso termina siendo un paciente infectado que no hemos por el momento visto casos graves&#8221;.<\/p>\n<p>&#8220;Tenemos dos pacientes internados uno en terapia con muchas comorbilidades, otro en cl\u00ednica covid que ingres\u00f3 con neumon\u00eda que no est\u00e1 vacunada y los nuevos pacientes que ingresaron que en realidad eran pacientes que estaban por otra patolog\u00eda dieron positivo&#8221;.<\/p>\n<p>Tambi\u00e9n dijo &#8220;si me expreso como m\u00e9dico pienso que hay que cerrar todo pero como ciudadano como parte de una poblaci\u00f3n de una comunidad pongo en una balanza la parte sanitaria con lo social-econ\u00f3mico- productivo hoy el hospital est\u00e1 conteniendo la situaci\u00f3n, no tenemos grandes inconvenientes y por el momento la ciudad se va a comportar como tal, y no con medidas restrictivas que fueron tan complejas durante estos dos \u00faltimos a\u00f1os&#8221;.<\/p>\n<p>&#8220;Ac\u00e1 no se volvi\u00f3 a la exigencia del barbijo al aire libre, podr\u00eda ser una buena medida, es un escudo hay que sentirse protegido con el barbijo, es una medida que desde provincia y naci\u00f3n lo vuelvan a exigir&#8221;.<\/p>\n<p>Para finalizar Caputo dijo &#8220;es importante que si nos tenemos que reunir sea con la burbuja que nosotros nos manejamos siempre, que sea al aire libre, que no se compartan utensillos, que tengamos la capacidad de ni bien se tenga sintomatolog\u00eda aislarse para no contagiar al resto, buscar ser buen ciudadano de cuidarme y cuidar al pr\u00f3jimo para que toda la comunidad mejore&#8221;.<\/p>\n<p>Fuente:\u00a0 Radio Olavarr\u00eda<br \/>\nFoto: archivo Portal Urbano<\/p>\n","protected":false},"excerpt":{"rendered":"<p>&#8220;Por como se comporta, no me caben dudas que es la \u00d3micron&#8221;, as\u00ed lo dijo&#8230;<\/p>\n","protected":false},"author":1,"featured_media":132154,"comment_status":"closed","ping_status":"closed","sticky":false,"template":"","format":"standard","meta":{"content-type":""},"categories":[51,45],"tags":[],"nelio_content":{"isAutoShareEnabled":false,"autoShareEndMode":"default","automationSources":{"useContentSentences":true,"useSocialTemplates":true,"useCustomSentences":false,"customSentences":[]},"followers":[1],"suggestedReferences":[],"includedReferences":[],"efiUrl":"","efiAlt":"","highlights":[]},"yoast_head":"<!-- This site is optimized with the Yoast SEO plugin v20.7 - https:\/\/yoast.com\/wordpress\/plugins\/seo\/ -->\n<title>&quot;Por como se comporta, no me caben dudas que es la \u00d3micron&quot;<\/title>\n<meta name=\"description\" content=\"&quot;Por como se comporta, no me caben dudas que es la \u00d3micron&quot;, as\u00ed lo dijo Germ\u00e1n Caputo en declaraciones radiales este jueves.\" \/>\n<meta name=\"robots\" content=\"index, follow, max-snippet:-1, max-image-preview:large, max-video-preview:-1\" \/>\n<link rel=\"canonical\" href=\"https:\/\/experienciadevida.com.ar\/portalurbano\/por-como-se-comporta-no-me-caben-dudas-que-es-la-omicron\/\" \/>\n<meta property=\"og:locale\" content=\"es_ES\" \/>\n<meta property=\"og:type\" content=\"article\" \/>\n<meta property=\"og:title\" content=\"&quot;Por como se comporta, no me caben dudas que es la \u00d3micron&quot;\" \/>\n<meta property=\"og:description\" content=\"&quot;Por como se comporta, no me caben dudas que es la \u00d3micron&quot;, as\u00ed lo dijo Germ\u00e1n Caputo en declaraciones radiales este jueves.\" \/>\n<meta property=\"og:url\" content=\"https:\/\/experienciadevida.com.ar\/portalurbano\/por-como-se-comporta-no-me-caben-dudas-que-es-la-omicron\/\" \/>\n<meta property=\"article:publisher\" content=\"https:\/\/www.facebook.com\/Portal-Urbano-171542830093757\/\" \/>\n<meta property=\"article:published_time\" content=\"2022-01-06T15:52:07+00:00\" \/>\n<meta property=\"article:modified_time\" content=\"2022-01-06T15:54:13+00:00\" \/>\n<meta property=\"og:image\" content=\"https:\/\/experienciadevida.com.ar\/portalurbano\/wp-content\/uploads\/2021\/01\/Caputo.jpg\" \/>\n\t<meta property=\"og:image:width\" content=\"1024\" \/>\n\t<meta property=\"og:image:height\" content=\"683\" \/>\n\t<meta property=\"og:image:type\" content=\"image\/jpeg\" \/>\n<meta name=\"author\" content=\"admpu17wp\" \/>\n<meta name=\"twitter:card\" content=\"summary_large_image\" \/>\n<meta name=\"twitter:creator\" content=\"@portalurbanook\" \/>\n<meta name=\"twitter:site\" content=\"@portalurbanook\" \/>\n<meta name=\"twitter:label1\" content=\"Escrito por\" \/>\n\t<meta name=\"twitter:data1\" content=\"admpu17wp\" \/>\n\t<meta name=\"twitter:label2\" content=\"Tiempo de lectura\" \/>\n\t<meta name=\"twitter:data2\" content=\"2 minutos\" \/>\n<script type=\"application\/ld+json\" class=\"yoast-schema-graph\">{\"@context\":\"https:\/\/schema.org\",\"@graph\":[{\"@type\":\"Article\",\"@id\":\"https:\/\/experienciadevida.com.ar\/portalurbano\/por-como-se-comporta-no-me-caben-dudas-que-es-la-omicron\/#article\",\"isPartOf\":{\"@id\":\"https:\/\/experienciadevida.com.ar\/portalurbano\/por-como-se-comporta-no-me-caben-dudas-que-es-la-omicron\/\"},\"author\":{\"name\":\"admpu17wp\",\"@id\":\"https:\/\/experienciadevida.com.ar\/portalurbano\/#\/schema\/person\/02dd326b1c4b056e9cc972486934a3a7\"},\"headline\":\"&#8220;Por como se comporta, no me caben dudas que es la \u00d3micron&#8221;\",\"datePublished\":\"2022-01-06T15:52:07+00:00\",\"dateModified\":\"2022-01-06T15:54:13+00:00\",\"mainEntityOfPage\":{\"@id\":\"https:\/\/experienciadevida.com.ar\/portalurbano\/por-como-se-comporta-no-me-caben-dudas-que-es-la-omicron\/\"},\"wordCount\":442,\"publisher\":{\"@id\":\"https:\/\/experienciadevida.com.ar\/portalurbano\/#organization\"},\"articleSection\":[\"Destacadas\",\"Salud\"],\"inLanguage\":\"es\"},{\"@type\":\"WebPage\",\"@id\":\"https:\/\/experienciadevida.com.ar\/portalurbano\/por-como-se-comporta-no-me-caben-dudas-que-es-la-omicron\/\",\"url\":\"https:\/\/experienciadevida.com.ar\/portalurbano\/por-como-se-comporta-no-me-caben-dudas-que-es-la-omicron\/\",\"name\":\"\\\"Por como se comporta, no me caben dudas que es la \u00d3micron\\\"\",\"isPartOf\":{\"@id\":\"https:\/\/experienciadevida.com.ar\/portalurbano\/#website\"},\"datePublished\":\"2022-01-06T15:52:07+00:00\",\"dateModified\":\"2022-01-06T15:54:13+00:00\",\"description\":\"\\\"Por como se comporta, no me caben dudas que es la \u00d3micron\\\", as\u00ed lo dijo Germ\u00e1n Caputo en declaraciones radiales este jueves.\",\"breadcrumb\":{\"@id\":\"https:\/\/experienciadevida.com.ar\/portalurbano\/por-como-se-comporta-no-me-caben-dudas-que-es-la-omicron\/#breadcrumb\"},\"inLanguage\":\"es\",\"potentialAction\":[{\"@type\":\"ReadAction\",\"target\":[\"https:\/\/experienciadevida.com.ar\/portalurbano\/por-como-se-comporta-no-me-caben-dudas-que-es-la-omicron\/\"]}]},{\"@type\":\"BreadcrumbList\",\"@id\":\"https:\/\/experienciadevida.com.ar\/portalurbano\/por-como-se-comporta-no-me-caben-dudas-que-es-la-omicron\/#breadcrumb\",\"itemListElement\":[{\"@type\":\"ListItem\",\"position\":1,\"name\":\"Portada\",\"item\":\"https:\/\/experienciadevida.com.ar\/portalurbano\/\"},{\"@type\":\"ListItem\",\"position\":2,\"name\":\"\u00abPor como se comporta, no me caben dudas que es la \u00d3micron\u00bb\"}]},{\"@type\":\"WebSite\",\"@id\":\"https:\/\/experienciadevida.com.ar\/portalurbano\/#website\",\"url\":\"https:\/\/experienciadevida.com.ar\/portalurbano\/\",\"name\":\"\",\"description\":\"\",\"publisher\":{\"@id\":\"https:\/\/experienciadevida.com.ar\/portalurbano\/#organization\"},\"potentialAction\":[{\"@type\":\"SearchAction\",\"target\":{\"@type\":\"EntryPoint\",\"urlTemplate\":\"https:\/\/experienciadevida.com.ar\/portalurbano\/?s={search_term_string}\"},\"query-input\":\"required name=search_term_string\"}],\"inLanguage\":\"es\"},{\"@type\":\"Organization\",\"@id\":\"https:\/\/experienciadevida.com.ar\/portalurbano\/#organization\",\"name\":\"Portal Urbano\",\"url\":\"https:\/\/experienciadevida.com.ar\/portalurbano\/\",\"logo\":{\"@type\":\"ImageObject\",\"inLanguage\":\"es\",\"@id\":\"https:\/\/experienciadevida.com.ar\/portalurbano\/#\/schema\/logo\/image\/\",\"url\":\"https:\/\/experienciadevida.com.ar\/portalurbano\/wp-content\/uploads\/2019\/09\/Logo-Original.png\",\"contentUrl\":\"https:\/\/experienciadevida.com.ar\/portalurbano\/wp-content\/uploads\/2019\/09\/Logo-Original.png\",\"width\":2236,\"height\":1216,\"caption\":\"Portal Urbano\"},\"image\":{\"@id\":\"https:\/\/experienciadevida.com.ar\/portalurbano\/#\/schema\/logo\/image\/\"},\"sameAs\":[\"https:\/\/www.facebook.com\/Portal-Urbano-171542830093757\/\",\"https:\/\/twitter.com\/portalurbanook\",\"https:\/\/www.instagram.com\/_portalurbano\/\",\"https:\/\/www.youtube.com\/channel\/UCXhagIfszH8KxFiOok79zbA?view_as=subscriber\"]},{\"@type\":\"Person\",\"@id\":\"https:\/\/experienciadevida.com.ar\/portalurbano\/#\/schema\/person\/02dd326b1c4b056e9cc972486934a3a7\",\"name\":\"admpu17wp\",\"image\":{\"@type\":\"ImageObject\",\"inLanguage\":\"es\",\"@id\":\"https:\/\/experienciadevida.com.ar\/portalurbano\/#\/schema\/person\/image\/\",\"url\":\"https:\/\/secure.gravatar.com\/avatar\/830d4c57adaae6630765e449a6908047?s=96&d=mm&r=g\",\"contentUrl\":\"https:\/\/secure.gravatar.com\/avatar\/830d4c57adaae6630765e449a6908047?s=96&d=mm&r=g\",\"caption\":\"admpu17wp\"}}]}<\/script>\n<!-- \/ Yoast SEO plugin. -->","yoast_head_json":{"title":"\"Por como se comporta, no me caben dudas que es la \u00d3micron\"","description":"\"Por como se comporta, no me caben dudas que es la \u00d3micron\", as\u00ed lo dijo Germ\u00e1n Caputo en declaraciones radiales este jueves.","robots":{"index":"index","follow":"follow","max-snippet":"max-snippet:-1","max-image-preview":"max-image-preview:large","max-video-preview":"max-video-preview:-1"},"canonical":"https:\/\/experienciadevida.com.ar\/portalurbano\/por-como-se-comporta-no-me-caben-dudas-que-es-la-omicron\/","og_locale":"es_ES","og_type":"article","og_title":"\"Por como se comporta, no me caben dudas que es la \u00d3micron\"","og_description":"\"Por como se comporta, no me caben dudas que es la \u00d3micron\", as\u00ed lo dijo Germ\u00e1n Caputo en declaraciones radiales este jueves.","og_url":"https:\/\/experienciadevida.com.ar\/portalurbano\/por-como-se-comporta-no-me-caben-dudas-que-es-la-omicron\/","article_publisher":"https:\/\/www.facebook.com\/Portal-Urbano-171542830093757\/","article_published_time":"2022-01-06T15:52:07+00:00","article_modified_time":"2022-01-06T15:54:13+00:00","og_image":[{"width":1024,"height":683,"url":"https:\/\/experienciadevida.com.ar\/portalurbano\/wp-content\/uploads\/2021\/01\/Caputo.jpg","type":"image\/jpeg"}],"author":"admpu17wp","twitter_card":"summary_large_image","twitter_creator":"@portalurbanook","twitter_site":"@portalurbanook","twitter_misc":{"Escrito por":"admpu17wp","Tiempo de lectura":"2 minutos"},"schema":{"@context":"https:\/\/schema.org","@graph":[{"@type":"Article","@id":"https:\/\/experienciadevida.com.ar\/portalurbano\/por-como-se-comporta-no-me-caben-dudas-que-es-la-omicron\/#article","isPartOf":{"@id":"https:\/\/experienciadevida.com.ar\/portalurbano\/por-como-se-comporta-no-me-caben-dudas-que-es-la-omicron\/"},"author":{"name":"admpu17wp","@id":"https:\/\/experienciadevida.com.ar\/portalurbano\/#\/schema\/person\/02dd326b1c4b056e9cc972486934a3a7"},"headline":"&#8220;Por como se comporta, no me caben dudas que es la \u00d3micron&#8221;","datePublished":"2022-01-06T15:52:07+00:00","dateModified":"2022-01-06T15:54:13+00:00","mainEntityOfPage":{"@id":"https:\/\/experienciadevida.com.ar\/portalurbano\/por-como-se-comporta-no-me-caben-dudas-que-es-la-omicron\/"},"wordCount":442,"publisher":{"@id":"https:\/\/experienciadevida.com.ar\/portalurbano\/#organization"},"articleSection":["Destacadas","Salud"],"inLanguage":"es"},{"@type":"WebPage","@id":"https:\/\/experienciadevida.com.ar\/portalurbano\/por-como-se-comporta-no-me-caben-dudas-que-es-la-omicron\/","url":"https:\/\/experienciadevida.com.ar\/portalurbano\/por-como-se-comporta-no-me-caben-dudas-que-es-la-omicron\/","name":"\"Por como se comporta, no me caben dudas que es la \u00d3micron\"","isPartOf":{"@id":"https:\/\/experienciadevida.com.ar\/portalurbano\/#website"},"datePublished":"2022-01-06T15:52:07+00:00","dateModified":"2022-01-06T15:54:13+00:00","description":"\"Por como se comporta, no me caben dudas que es la \u00d3micron\", as\u00ed lo dijo Germ\u00e1n Caputo en declaraciones radiales este jueves.","breadcrumb":{"@id":"https:\/\/experienciadevida.com.ar\/portalurbano\/por-como-se-comporta-no-me-caben-dudas-que-es-la-omicron\/#breadcrumb"},"inLanguage":"es","potentialAction":[{"@type":"ReadAction","target":["https:\/\/experienciadevida.com.ar\/portalurbano\/por-como-se-comporta-no-me-caben-dudas-que-es-la-omicron\/"]}]},{"@type":"BreadcrumbList","@id":"https:\/\/experienciadevida.com.ar\/portalurbano\/por-como-se-comporta-no-me-caben-dudas-que-es-la-omicron\/#breadcrumb","itemListElement":[{"@type":"ListItem","position":1,"name":"Portada","item":"https:\/\/experienciadevida.com.ar\/portalurbano\/"},{"@type":"ListItem","position":2,"name":"\u00abPor como se comporta, no me caben dudas que es la \u00d3micron\u00bb"}]},{"@type":"WebSite","@id":"https:\/\/experienciadevida.com.ar\/portalurbano\/#website","url":"https:\/\/experienciadevida.com.ar\/portalurbano\/","name":"","description":"","publisher":{"@id":"https:\/\/experienciadevida.com.ar\/portalurbano\/#organization"},"potentialAction":[{"@type":"SearchAction","target":{"@type":"EntryPoint","urlTemplate":"https:\/\/experienciadevida.com.ar\/portalurbano\/?s={search_term_string}"},"query-input":"required name=search_term_string"}],"inLanguage":"es"},{"@type":"Organization","@id":"https:\/\/experienciadevida.com.ar\/portalurbano\/#organization","name":"Portal Urbano","url":"https:\/\/experienciadevida.com.ar\/portalurbano\/","logo":{"@type":"ImageObject","inLanguage":"es","@id":"https:\/\/experienciadevida.com.ar\/portalurbano\/#\/schema\/logo\/image\/","url":"https:\/\/experienciadevida.com.ar\/portalurbano\/wp-content\/uploads\/2019\/09\/Logo-Original.png","contentUrl":"https:\/\/experienciadevida.com.ar\/portalurbano\/wp-content\/uploads\/2019\/09\/Logo-Original.png","width":2236,"height":1216,"caption":"Portal Urbano"},"image":{"@id":"https:\/\/experienciadevida.com.ar\/portalurbano\/#\/schema\/logo\/image\/"},"sameAs":["https:\/\/www.facebook.com\/Portal-Urbano-171542830093757\/","https:\/\/twitter.com\/portalurbanook","https:\/\/www.instagram.com\/_portalurbano\/","https:\/\/www.youtube.com\/channel\/UCXhagIfszH8KxFiOok79zbA?view_as=subscriber"]},{"@type":"Person","@id":"https:\/\/experienciadevida.com.ar\/portalurbano\/#\/schema\/person\/02dd326b1c4b056e9cc972486934a3a7","name":"admpu17wp","image":{"@type":"ImageObject","inLanguage":"es","@id":"https:\/\/experienciadevida.com.ar\/portalurbano\/#\/schema\/person\/image\/","url":"https:\/\/secure.gravatar.com\/avatar\/830d4c57adaae6630765e449a6908047?s=96&d=mm&r=g","contentUrl":"https:\/\/secure.gravatar.com\/avatar\/830d4c57adaae6630765e449a6908047?s=96&d=mm&r=g","caption":"admpu17wp"}}]}},"featured_image_urls":{"full":["https:\/\/experienciadevida.com.ar\/portalurbano\/wp-content\/uploads\/2021\/01\/Caputo.jpg",1024,683,false],"thumbnail":["https:\/\/experienciadevida.com.ar\/portalurbano\/wp-content\/uploads\/2021\/01\/Caputo-150x150.jpg",150,150,true],"medium":["https:\/\/experienciadevida.com.ar\/portalurbano\/wp-content\/uploads\/2021\/01\/Caputo-300x200.jpg",300,200,true],"medium_large":["https:\/\/experienciadevida.com.ar\/portalurbano\/wp-content\/uploads\/2021\/01\/Caputo-768x512.jpg",640,427,true],"large":["https:\/\/experienciadevida.com.ar\/portalurbano\/wp-content\/uploads\/2021\/01\/Caputo.jpg",640,427,false],"ug_big":["https:\/\/experienciadevida.com.ar\/portalurbano\/wp-content\/uploads\/2021\/01\/Caputo-768x512.jpg",768,512,true],"1536x1536":["https:\/\/experienciadevida.com.ar\/portalurbano\/wp-content\/uploads\/2021\/01\/Caputo.jpg",1024,683,false],"2048x2048":["https:\/\/experienciadevida.com.ar\/portalurbano\/wp-content\/uploads\/2021\/01\/Caputo.jpg",1024,683,false],"newsever-slider-full":["https:\/\/experienciadevida.com.ar\/portalurbano\/wp-content\/uploads\/2021\/01\/Caputo.jpg",1024,683,false],"newsever-featured":["https:\/\/experienciadevida.com.ar\/portalurbano\/wp-content\/uploads\/2021\/01\/Caputo.jpg",1024,683,false],"newsever-medium":["https:\/\/experienciadevida.com.ar\/portalurbano\/wp-content\/uploads\/2021\/01\/Caputo.jpg",712,475,false],"web-stories-poster-portrait":["https:\/\/experienciadevida.com.ar\/portalurbano\/wp-content\/uploads\/2021\/01\/Caputo.jpg",640,427,false],"web-stories-publisher-logo":["https:\/\/experienciadevida.com.ar\/portalurbano\/wp-content\/uploads\/2021\/01\/Caputo.jpg",96,64,false],"web-stories-thumbnail":["https:\/\/experienciadevida.com.ar\/portalurbano\/wp-content\/uploads\/2021\/01\/Caputo.jpg",150,100,false]},"author_info":{"display_name":"admpu17wp","author_link":"https:\/\/experienciadevida.com.ar\/portalurbano\/author\/admpu17wp\/"},"category_info":"<a href=\"https:\/\/experienciadevida.com.ar\/portalurbano\/category\/destacadas\/\" rel=\"category tag\">Destacadas<\/a> <a href=\"https:\/\/experienciadevida.com.ar\/portalurbano\/category\/ciudad\/salud\/\" rel=\"category tag\">Salud<\/a>","tag_info":"Salud","comment_count":"0","amp_enabled":true,"_links":{"self":[{"href":"https:\/\/experienciadevida.com.ar\/portalurbano\/wp-json\/wp\/v2\/posts\/159584"}],"collection":[{"href":"https:\/\/experienciadevida.com.ar\/portalurbano\/wp-json\/wp\/v2\/posts"}],"about":[{"href":"https:\/\/experienciadevida.com.ar\/portalurbano\/wp-json\/wp\/v2\/types\/post"}],"author":[{"embeddable":true,"href":"https:\/\/experienciadevida.com.ar\/portalurbano\/wp-json\/wp\/v2\/users\/1"}],"replies":[{"embeddable":true,"href":"https:\/\/experienciadevida.com.ar\/portalurbano\/wp-json\/wp\/v2\/comments?post=159584"}],"version-history":[{"count":3,"href":"https:\/\/experienciadevida.com.ar\/portalurbano\/wp-json\/wp\/v2\/posts\/159584\/revisions"}],"predecessor-version":[{"id":159587,"href":"https:\/\/experienciadevida.com.ar\/portalurbano\/wp-json\/wp\/v2\/posts\/159584\/revisions\/159587"}],"wp:featuredmedia":[{"embeddable":true,"href":"https:\/\/experienciadevida.com.ar\/portalurbano\/wp-json\/wp\/v2\/media\/132154"}],"wp:attachment":[{"href":"https:\/\/experienciadevida.com.ar\/portalurbano\/wp-json\/wp\/v2\/media?parent=159584"}],"wp:term":[{"taxonomy":"category","embeddable":true,"href":"https:\/\/experienciadevida.com.ar\/portalurbano\/wp-json\/wp\/v2\/categories?post=159584"},{"taxonomy":"post_tag","embeddable":true,"href":"https:\/\/experienciadevida.com.ar\/portalurbano\/wp-json\/wp\/v2\/tags?post=159584"}],"curies":[{"name":"wp","href":"https:\/\/api.w.org\/{rel}","templated":true}]}}