{"id":159552,"date":"2022-01-05T22:02:51","date_gmt":"2022-01-06T01:02:51","guid":{"rendered":"https:\/\/experienciadevida.com.ar\/portalurbano\/?p=159552"},"modified":"2022-01-05T22:07:08","modified_gmt":"2022-01-06T01:07:08","slug":"que-podamos-seguir-trabajando-juntos-por-el-crecimiento-de-la-colonia","status":"publish","type":"post","link":"https:\/\/experienciadevida.com.ar\/portalurbano\/que-podamos-seguir-trabajando-juntos-por-el-crecimiento-de-la-colonia\/","title":{"rendered":"\u201cQue podamos seguir trabajando juntos por el crecimiento de la Colonia\u201d"},"content":{"rendered":"<p>\u201cQue podamos seguir trabajando juntos por el crecimiento de la Colonia\u201d, se realiz\u00f3 este mi\u00e9rcoles el acto por el 144 a\u00f1os de la fundaci\u00f3n de Colonia Hinojo.<\/p>\n<p><a href=\"https:\/\/experienciadevida.com.ar\/portalurbano\/que-podamos-seguir-trabajando-juntos-por-el-crecimiento-de-la-colonia\/que-podamos\/\" rel=\"attachment wp-att-159556\"><img decoding=\"async\" class=\"alignnone size-large wp-image-159556\" src=\"https:\/\/experienciadevida.com.ar\/portalurbano\/wp-content\/uploads\/2022\/01\/Que-podamos-1024x684.jpg\" alt=\"Que podamos \" width=\"900\" height=\"601\" srcset=\"https:\/\/experienciadevida.com.ar\/portalurbano\/wp-content\/uploads\/2022\/01\/Que-podamos-1024x684.jpg 1024w, https:\/\/experienciadevida.com.ar\/portalurbano\/wp-content\/uploads\/2022\/01\/Que-podamos-300x201.jpg 300w, https:\/\/experienciadevida.com.ar\/portalurbano\/wp-content\/uploads\/2022\/01\/Que-podamos-768x513.jpg 768w, https:\/\/experienciadevida.com.ar\/portalurbano\/wp-content\/uploads\/2022\/01\/Que-podamos-1536x1027.jpg 1536w, https:\/\/experienciadevida.com.ar\/portalurbano\/wp-content\/uploads\/2022\/01\/Que-podamos-2048x1369.jpg 2048w\" sizes=\"(max-width: 900px) 100vw, 900px\" \/><\/a><\/p>\n<p>El acto protocolar fue encabezado por el intendente Ezequiel <a href=\"https:\/\/www.facebook.com\/galliezequiel\">Galli<\/a>, acompa\u00f1ado por la presidenta del Concejo Deliberante Cecilia Krivochen, el secretario de Desarrollo Humano y Calidad de Vida Diego Robbiani, el delegado de la localidad Ra\u00fal Kuhn, subsecretarios, directores\/as y concejales\/as.<\/p>\n<p>Tambi\u00e9n estuvieron presentes directivos de Santa Teresa, del Centro Complementario Santa \u00c1gueda, Asociaci\u00f3n Argentina Alemanes del Volga filial Colonia Hinojo, Sociedad Germana de Fomento, Destacamento de Bomberos, Instituciones de la localidad, colectividades y representantes de la comunidad.<\/p>\n<p>Con la entonaci\u00f3n de las estrofas del Himno Nacional Argentino y luego tom\u00f3 la palabra la vecina Rosa Estela Steinbach, quien record\u00f3 a \u201cpersonajes importantes de la localidad\u201d con emotivas an\u00e9cdotas.<\/p>\n<p>Luego, el delegado Ra\u00fal Kuhn agradeci\u00f3 la presencia y se\u00f1al\u00f3 que \u201cbregamos para que la Colonia creciendo. Sigamos luchando por esos sue\u00f1os. En 144 a\u00f1os, un mont\u00f3n de personas hicieron al presente de esta Colonia\u201d.<\/p>\n<p>El Intendente, la Presidenta del HCD, el Secretario de Desarrollo Humano y Calidad de Vida y el Delegado de la localidad hicieron entrega de reconocimientos a vecinos\/as del comit\u00e9 Hinojo-Colonia Hinojo que durante la Pandemia articularon los dos pueblos e identificaron las diferentes necesidades de la comunidad.<\/p>\n<p><a href=\"https:\/\/experienciadevida.com.ar\/portalurbano\/que-podamos-seguir-trabajando-juntos-por-el-crecimiento-de-la-colonia\/seguir\/\" rel=\"attachment wp-att-159557\"><img decoding=\"async\" class=\"alignnone size-large wp-image-159557\" src=\"https:\/\/experienciadevida.com.ar\/portalurbano\/wp-content\/uploads\/2022\/01\/seguir-1024x684.jpg\" alt=\"seguir \" width=\"900\" height=\"601\" srcset=\"https:\/\/experienciadevida.com.ar\/portalurbano\/wp-content\/uploads\/2022\/01\/seguir-1024x684.jpg 1024w, https:\/\/experienciadevida.com.ar\/portalurbano\/wp-content\/uploads\/2022\/01\/seguir-300x201.jpg 300w, https:\/\/experienciadevida.com.ar\/portalurbano\/wp-content\/uploads\/2022\/01\/seguir-768x513.jpg 768w, https:\/\/experienciadevida.com.ar\/portalurbano\/wp-content\/uploads\/2022\/01\/seguir-1536x1027.jpg 1536w, https:\/\/experienciadevida.com.ar\/portalurbano\/wp-content\/uploads\/2022\/01\/seguir-2048x1369.jpg 2048w\" sizes=\"(max-width: 900px) 100vw, 900px\" \/><\/a><\/p>\n<p>\u201cQuer\u00eda desearles un muy feliz cumplea\u00f1os a una Colonia que tiene tanta historia, ya 144 a\u00f1os y realmente cu\u00e1nto ha cambiado todo desde que se fund\u00f3. Cada uno de los integrantes de la Colonia y de cada una de las localidades del Partido de Olavarr\u00eda, pero particularmente ustedes, teniendo esas ra\u00edces de los Alemanes del Volga sostienen y mantienen las tradiciones, la cultura, los valores y hacen tanto porque las nuevas generaciones mantengan esa llama viva de la tradici\u00f3n\u201d, sostuvo el Intendente.<\/p>\n<p>Adem\u00e1s agreg\u00f3 que \u201ces admirable el trabajo que hacen permanentemente, quer\u00eda desearles un feliz cumplea\u00f1os y espero que podamos seguir trabajando juntos por el crecimiento de la Colonia\u201d.<\/p>\n<p>Posteriormente se realiz\u00f3 una entrega floral al pie del monumento, el corte de torta y brindis.<\/p>\n<p>El acto culmin\u00f3 con la presentaci\u00f3n de Pablo Barcel\u00f3 y Juan Carlos Banegas.<\/p>\n<p><a href=\"https:\/\/experienciadevida.com.ar\/portalurbano\/que-podamos-seguir-trabajando-juntos-por-el-crecimiento-de-la-colonia\/trabajando\/\" rel=\"attachment wp-att-159558\"><img decoding=\"async\" class=\"alignnone size-large wp-image-159558\" src=\"https:\/\/experienciadevida.com.ar\/portalurbano\/wp-content\/uploads\/2022\/01\/trabajando-1024x684.jpg\" alt=\"trabajando \" width=\"900\" height=\"601\" srcset=\"https:\/\/experienciadevida.com.ar\/portalurbano\/wp-content\/uploads\/2022\/01\/trabajando-1024x684.jpg 1024w, https:\/\/experienciadevida.com.ar\/portalurbano\/wp-content\/uploads\/2022\/01\/trabajando-300x201.jpg 300w, https:\/\/experienciadevida.com.ar\/portalurbano\/wp-content\/uploads\/2022\/01\/trabajando-768x513.jpg 768w, https:\/\/experienciadevida.com.ar\/portalurbano\/wp-content\/uploads\/2022\/01\/trabajando-1536x1027.jpg 1536w, https:\/\/experienciadevida.com.ar\/portalurbano\/wp-content\/uploads\/2022\/01\/trabajando-2048x1369.jpg 2048w\" sizes=\"(max-width: 900px) 100vw, 900px\" \/><\/a><\/p>\n","protected":false},"excerpt":{"rendered":"<p>\u201cQue podamos seguir trabajando juntos por el crecimiento de la Colonia\u201d, se realiz\u00f3 este mi\u00e9rcoles&#8230;<\/p>\n","protected":false},"author":1,"featured_media":159553,"comment_status":"closed","ping_status":"closed","sticky":false,"template":"","format":"standard","meta":{"content-type":""},"categories":[27,64],"tags":[],"nelio_content":{"isAutoShareEnabled":false,"autoShareEndMode":"default","automationSources":{"useContentSentences":true,"useSocialTemplates":true,"useCustomSentences":false,"customSentences":[]},"followers":[1],"suggestedReferences":[],"includedReferences":[],"efiUrl":"","efiAlt":"","highlights":[]},"yoast_head":"<!-- This site is optimized with the Yoast SEO plugin v20.7 - https:\/\/yoast.com\/wordpress\/plugins\/seo\/ -->\n<title>&quot;Que podamos seguir trabajando juntos por el crecimiento de la Colonia&quot;<\/title>\n<meta name=\"description\" content=\"\u201cQue podamos seguir trabajando juntos por el crecimiento de la Colonia\u201d, se realiz\u00f3 este mi\u00e9rcoles el acto por el 144\" \/>\n<meta name=\"robots\" content=\"index, follow, max-snippet:-1, max-image-preview:large, max-video-preview:-1\" \/>\n<link rel=\"canonical\" href=\"https:\/\/experienciadevida.com.ar\/portalurbano\/que-podamos-seguir-trabajando-juntos-por-el-crecimiento-de-la-colonia\/\" \/>\n<meta property=\"og:locale\" content=\"es_ES\" \/>\n<meta property=\"og:type\" content=\"article\" \/>\n<meta property=\"og:title\" content=\"&quot;Que podamos seguir trabajando juntos por el crecimiento de la Colonia&quot;\" \/>\n<meta property=\"og:description\" content=\"\u201cQue podamos seguir trabajando juntos por el crecimiento de la Colonia\u201d, se realiz\u00f3 este mi\u00e9rcoles el acto por el 144\" \/>\n<meta property=\"og:url\" content=\"https:\/\/experienciadevida.com.ar\/portalurbano\/que-podamos-seguir-trabajando-juntos-por-el-crecimiento-de-la-colonia\/\" \/>\n<meta property=\"article:publisher\" content=\"https:\/\/www.facebook.com\/Portal-Urbano-171542830093757\/\" \/>\n<meta property=\"article:published_time\" content=\"2022-01-06T01:02:51+00:00\" \/>\n<meta property=\"article:modified_time\" content=\"2022-01-06T01:07:08+00:00\" \/>\n<meta property=\"og:image\" content=\"https:\/\/experienciadevida.com.ar\/portalurbano\/wp-content\/uploads\/2022\/01\/Que-podamos-seguir-trabajando.jpg\" \/>\n\t<meta property=\"og:image:width\" content=\"2560\" \/>\n\t<meta property=\"og:image:height\" content=\"1711\" \/>\n\t<meta property=\"og:image:type\" content=\"image\/jpeg\" \/>\n<meta name=\"author\" content=\"admpu17wp\" \/>\n<meta name=\"twitter:card\" content=\"summary_large_image\" \/>\n<meta name=\"twitter:creator\" content=\"@portalurbanook\" \/>\n<meta name=\"twitter:site\" content=\"@portalurbanook\" \/>\n<meta name=\"twitter:label1\" content=\"Escrito por\" \/>\n\t<meta name=\"twitter:data1\" content=\"admpu17wp\" \/>\n\t<meta name=\"twitter:label2\" content=\"Tiempo de lectura\" \/>\n\t<meta name=\"twitter:data2\" content=\"3 minutos\" \/>\n<script type=\"application\/ld+json\" class=\"yoast-schema-graph\">{\"@context\":\"https:\/\/schema.org\",\"@graph\":[{\"@type\":\"Article\",\"@id\":\"https:\/\/experienciadevida.com.ar\/portalurbano\/que-podamos-seguir-trabajando-juntos-por-el-crecimiento-de-la-colonia\/#article\",\"isPartOf\":{\"@id\":\"https:\/\/experienciadevida.com.ar\/portalurbano\/que-podamos-seguir-trabajando-juntos-por-el-crecimiento-de-la-colonia\/\"},\"author\":{\"name\":\"admpu17wp\",\"@id\":\"https:\/\/experienciadevida.com.ar\/portalurbano\/#\/schema\/person\/02dd326b1c4b056e9cc972486934a3a7\"},\"headline\":\"\u201cQue podamos seguir trabajando juntos por el crecimiento de la Colonia\u201d\",\"datePublished\":\"2022-01-06T01:02:51+00:00\",\"dateModified\":\"2022-01-06T01:07:08+00:00\",\"mainEntityOfPage\":{\"@id\":\"https:\/\/experienciadevida.com.ar\/portalurbano\/que-podamos-seguir-trabajando-juntos-por-el-crecimiento-de-la-colonia\/\"},\"wordCount\":393,\"publisher\":{\"@id\":\"https:\/\/experienciadevida.com.ar\/portalurbano\/#organization\"},\"articleSection\":[\"Ciudad\",\"Destacadas 2\"],\"inLanguage\":\"es\"},{\"@type\":\"WebPage\",\"@id\":\"https:\/\/experienciadevida.com.ar\/portalurbano\/que-podamos-seguir-trabajando-juntos-por-el-crecimiento-de-la-colonia\/\",\"url\":\"https:\/\/experienciadevida.com.ar\/portalurbano\/que-podamos-seguir-trabajando-juntos-por-el-crecimiento-de-la-colonia\/\",\"name\":\"\\\"Que podamos seguir trabajando juntos por el crecimiento de la Colonia\\\"\",\"isPartOf\":{\"@id\":\"https:\/\/experienciadevida.com.ar\/portalurbano\/#website\"},\"datePublished\":\"2022-01-06T01:02:51+00:00\",\"dateModified\":\"2022-01-06T01:07:08+00:00\",\"description\":\"\u201cQue podamos seguir trabajando juntos por el crecimiento de la Colonia\u201d, se realiz\u00f3 este mi\u00e9rcoles el acto por el 144\",\"breadcrumb\":{\"@id\":\"https:\/\/experienciadevida.com.ar\/portalurbano\/que-podamos-seguir-trabajando-juntos-por-el-crecimiento-de-la-colonia\/#breadcrumb\"},\"inLanguage\":\"es\",\"potentialAction\":[{\"@type\":\"ReadAction\",\"target\":[\"https:\/\/experienciadevida.com.ar\/portalurbano\/que-podamos-seguir-trabajando-juntos-por-el-crecimiento-de-la-colonia\/\"]}]},{\"@type\":\"BreadcrumbList\",\"@id\":\"https:\/\/experienciadevida.com.ar\/portalurbano\/que-podamos-seguir-trabajando-juntos-por-el-crecimiento-de-la-colonia\/#breadcrumb\",\"itemListElement\":[{\"@type\":\"ListItem\",\"position\":1,\"name\":\"Portada\",\"item\":\"https:\/\/experienciadevida.com.ar\/portalurbano\/\"},{\"@type\":\"ListItem\",\"position\":2,\"name\":\"\u201cQue podamos seguir trabajando juntos por el crecimiento de la Colonia\u201d\"}]},{\"@type\":\"WebSite\",\"@id\":\"https:\/\/experienciadevida.com.ar\/portalurbano\/#website\",\"url\":\"https:\/\/experienciadevida.com.ar\/portalurbano\/\",\"name\":\"\",\"description\":\"\",\"publisher\":{\"@id\":\"https:\/\/experienciadevida.com.ar\/portalurbano\/#organization\"},\"potentialAction\":[{\"@type\":\"SearchAction\",\"target\":{\"@type\":\"EntryPoint\",\"urlTemplate\":\"https:\/\/experienciadevida.com.ar\/portalurbano\/?s={search_term_string}\"},\"query-input\":\"required name=search_term_string\"}],\"inLanguage\":\"es\"},{\"@type\":\"Organization\",\"@id\":\"https:\/\/experienciadevida.com.ar\/portalurbano\/#organization\",\"name\":\"Portal Urbano\",\"url\":\"https:\/\/experienciadevida.com.ar\/portalurbano\/\",\"logo\":{\"@type\":\"ImageObject\",\"inLanguage\":\"es\",\"@id\":\"https:\/\/experienciadevida.com.ar\/portalurbano\/#\/schema\/logo\/image\/\",\"url\":\"https:\/\/experienciadevida.com.ar\/portalurbano\/wp-content\/uploads\/2019\/09\/Logo-Original.png\",\"contentUrl\":\"https:\/\/experienciadevida.com.ar\/portalurbano\/wp-content\/uploads\/2019\/09\/Logo-Original.png\",\"width\":2236,\"height\":1216,\"caption\":\"Portal Urbano\"},\"image\":{\"@id\":\"https:\/\/experienciadevida.com.ar\/portalurbano\/#\/schema\/logo\/image\/\"},\"sameAs\":[\"https:\/\/www.facebook.com\/Portal-Urbano-171542830093757\/\",\"https:\/\/twitter.com\/portalurbanook\",\"https:\/\/www.instagram.com\/_portalurbano\/\",\"https:\/\/www.youtube.com\/channel\/UCXhagIfszH8KxFiOok79zbA?view_as=subscriber\"]},{\"@type\":\"Person\",\"@id\":\"https:\/\/experienciadevida.com.ar\/portalurbano\/#\/schema\/person\/02dd326b1c4b056e9cc972486934a3a7\",\"name\":\"admpu17wp\",\"image\":{\"@type\":\"ImageObject\",\"inLanguage\":\"es\",\"@id\":\"https:\/\/experienciadevida.com.ar\/portalurbano\/#\/schema\/person\/image\/\",\"url\":\"https:\/\/secure.gravatar.com\/avatar\/830d4c57adaae6630765e449a6908047?s=96&d=mm&r=g\",\"contentUrl\":\"https:\/\/secure.gravatar.com\/avatar\/830d4c57adaae6630765e449a6908047?s=96&d=mm&r=g\",\"caption\":\"admpu17wp\"}}]}<\/script>\n<!-- \/ Yoast SEO plugin. -->","yoast_head_json":{"title":"\"Que podamos seguir trabajando juntos por el crecimiento de la Colonia\"","description":"\u201cQue podamos seguir trabajando juntos por el crecimiento de la Colonia\u201d, se realiz\u00f3 este mi\u00e9rcoles el acto por el 144","robots":{"index":"index","follow":"follow","max-snippet":"max-snippet:-1","max-image-preview":"max-image-preview:large","max-video-preview":"max-video-preview:-1"},"canonical":"https:\/\/experienciadevida.com.ar\/portalurbano\/que-podamos-seguir-trabajando-juntos-por-el-crecimiento-de-la-colonia\/","og_locale":"es_ES","og_type":"article","og_title":"\"Que podamos seguir trabajando juntos por el crecimiento de la Colonia\"","og_description":"\u201cQue podamos seguir trabajando juntos por el crecimiento de la Colonia\u201d, se realiz\u00f3 este mi\u00e9rcoles el acto por el 144","og_url":"https:\/\/experienciadevida.com.ar\/portalurbano\/que-podamos-seguir-trabajando-juntos-por-el-crecimiento-de-la-colonia\/","article_publisher":"https:\/\/www.facebook.com\/Portal-Urbano-171542830093757\/","article_published_time":"2022-01-06T01:02:51+00:00","article_modified_time":"2022-01-06T01:07:08+00:00","og_image":[{"width":2560,"height":1711,"url":"https:\/\/experienciadevida.com.ar\/portalurbano\/wp-content\/uploads\/2022\/01\/Que-podamos-seguir-trabajando.jpg","type":"image\/jpeg"}],"author":"admpu17wp","twitter_card":"summary_large_image","twitter_creator":"@portalurbanook","twitter_site":"@portalurbanook","twitter_misc":{"Escrito por":"admpu17wp","Tiempo de lectura":"3 minutos"},"schema":{"@context":"https:\/\/schema.org","@graph":[{"@type":"Article","@id":"https:\/\/experienciadevida.com.ar\/portalurbano\/que-podamos-seguir-trabajando-juntos-por-el-crecimiento-de-la-colonia\/#article","isPartOf":{"@id":"https:\/\/experienciadevida.com.ar\/portalurbano\/que-podamos-seguir-trabajando-juntos-por-el-crecimiento-de-la-colonia\/"},"author":{"name":"admpu17wp","@id":"https:\/\/experienciadevida.com.ar\/portalurbano\/#\/schema\/person\/02dd326b1c4b056e9cc972486934a3a7"},"headline":"\u201cQue podamos seguir trabajando juntos por el crecimiento de la Colonia\u201d","datePublished":"2022-01-06T01:02:51+00:00","dateModified":"2022-01-06T01:07:08+00:00","mainEntityOfPage":{"@id":"https:\/\/experienciadevida.com.ar\/portalurbano\/que-podamos-seguir-trabajando-juntos-por-el-crecimiento-de-la-colonia\/"},"wordCount":393,"publisher":{"@id":"https:\/\/experienciadevida.com.ar\/portalurbano\/#organization"},"articleSection":["Ciudad","Destacadas 2"],"inLanguage":"es"},{"@type":"WebPage","@id":"https:\/\/experienciadevida.com.ar\/portalurbano\/que-podamos-seguir-trabajando-juntos-por-el-crecimiento-de-la-colonia\/","url":"https:\/\/experienciadevida.com.ar\/portalurbano\/que-podamos-seguir-trabajando-juntos-por-el-crecimiento-de-la-colonia\/","name":"\"Que podamos seguir trabajando juntos por el crecimiento de la Colonia\"","isPartOf":{"@id":"https:\/\/experienciadevida.com.ar\/portalurbano\/#website"},"datePublished":"2022-01-06T01:02:51+00:00","dateModified":"2022-01-06T01:07:08+00:00","description":"\u201cQue podamos seguir trabajando juntos por el crecimiento de la Colonia\u201d, se realiz\u00f3 este mi\u00e9rcoles el acto por el 144","breadcrumb":{"@id":"https:\/\/experienciadevida.com.ar\/portalurbano\/que-podamos-seguir-trabajando-juntos-por-el-crecimiento-de-la-colonia\/#breadcrumb"},"inLanguage":"es","potentialAction":[{"@type":"ReadAction","target":["https:\/\/experienciadevida.com.ar\/portalurbano\/que-podamos-seguir-trabajando-juntos-por-el-crecimiento-de-la-colonia\/"]}]},{"@type":"BreadcrumbList","@id":"https:\/\/experienciadevida.com.ar\/portalurbano\/que-podamos-seguir-trabajando-juntos-por-el-crecimiento-de-la-colonia\/#breadcrumb","itemListElement":[{"@type":"ListItem","position":1,"name":"Portada","item":"https:\/\/experienciadevida.com.ar\/portalurbano\/"},{"@type":"ListItem","position":2,"name":"\u201cQue podamos seguir trabajando juntos por el crecimiento de la Colonia\u201d"}]},{"@type":"WebSite","@id":"https:\/\/experienciadevida.com.ar\/portalurbano\/#website","url":"https:\/\/experienciadevida.com.ar\/portalurbano\/","name":"","description":"","publisher":{"@id":"https:\/\/experienciadevida.com.ar\/portalurbano\/#organization"},"potentialAction":[{"@type":"SearchAction","target":{"@type":"EntryPoint","urlTemplate":"https:\/\/experienciadevida.com.ar\/portalurbano\/?s={search_term_string}"},"query-input":"required name=search_term_string"}],"inLanguage":"es"},{"@type":"Organization","@id":"https:\/\/experienciadevida.com.ar\/portalurbano\/#organization","name":"Portal Urbano","url":"https:\/\/experienciadevida.com.ar\/portalurbano\/","logo":{"@type":"ImageObject","inLanguage":"es","@id":"https:\/\/experienciadevida.com.ar\/portalurbano\/#\/schema\/logo\/image\/","url":"https:\/\/experienciadevida.com.ar\/portalurbano\/wp-content\/uploads\/2019\/09\/Logo-Original.png","contentUrl":"https:\/\/experienciadevida.com.ar\/portalurbano\/wp-content\/uploads\/2019\/09\/Logo-Original.png","width":2236,"height":1216,"caption":"Portal Urbano"},"image":{"@id":"https:\/\/experienciadevida.com.ar\/portalurbano\/#\/schema\/logo\/image\/"},"sameAs":["https:\/\/www.facebook.com\/Portal-Urbano-171542830093757\/","https:\/\/twitter.com\/portalurbanook","https:\/\/www.instagram.com\/_portalurbano\/","https:\/\/www.youtube.com\/channel\/UCXhagIfszH8KxFiOok79zbA?view_as=subscriber"]},{"@type":"Person","@id":"https:\/\/experienciadevida.com.ar\/portalurbano\/#\/schema\/person\/02dd326b1c4b056e9cc972486934a3a7","name":"admpu17wp","image":{"@type":"ImageObject","inLanguage":"es","@id":"https:\/\/experienciadevida.com.ar\/portalurbano\/#\/schema\/person\/image\/","url":"https:\/\/secure.gravatar.com\/avatar\/830d4c57adaae6630765e449a6908047?s=96&d=mm&r=g","contentUrl":"https:\/\/secure.gravatar.com\/avatar\/830d4c57adaae6630765e449a6908047?s=96&d=mm&r=g","caption":"admpu17wp"}}]}},"featured_image_urls":{"full":["https:\/\/experienciadevida.com.ar\/portalurbano\/wp-content\/uploads\/2022\/01\/Que-podamos-seguir-trabajando.jpg",2560,1711,false],"thumbnail":["https:\/\/experienciadevida.com.ar\/portalurbano\/wp-content\/uploads\/2022\/01\/Que-podamos-seguir-trabajando-150x150.jpg",150,150,true],"medium":["https:\/\/experienciadevida.com.ar\/portalurbano\/wp-content\/uploads\/2022\/01\/Que-podamos-seguir-trabajando-300x201.jpg",300,201,true],"medium_large":["https:\/\/experienciadevida.com.ar\/portalurbano\/wp-content\/uploads\/2022\/01\/Que-podamos-seguir-trabajando-768x513.jpg",640,428,true],"large":["https:\/\/experienciadevida.com.ar\/portalurbano\/wp-content\/uploads\/2022\/01\/Que-podamos-seguir-trabajando-1024x684.jpg",640,428,true],"ug_big":["https:\/\/experienciadevida.com.ar\/portalurbano\/wp-content\/uploads\/2022\/01\/Que-podamos-seguir-trabajando-768x513.jpg",768,513,true],"1536x1536":["https:\/\/experienciadevida.com.ar\/portalurbano\/wp-content\/uploads\/2022\/01\/Que-podamos-seguir-trabajando-1536x1027.jpg",1536,1027,true],"2048x2048":["https:\/\/experienciadevida.com.ar\/portalurbano\/wp-content\/uploads\/2022\/01\/Que-podamos-seguir-trabajando-2048x1369.jpg",2048,1369,true],"newsever-slider-full":["https:\/\/experienciadevida.com.ar\/portalurbano\/wp-content\/uploads\/2022\/01\/Que-podamos-seguir-trabajando.jpg",1264,845,false],"newsever-featured":["https:\/\/experienciadevida.com.ar\/portalurbano\/wp-content\/uploads\/2022\/01\/Que-podamos-seguir-trabajando.jpg",1024,684,false],"newsever-medium":["https:\/\/experienciadevida.com.ar\/portalurbano\/wp-content\/uploads\/2022\/01\/Que-podamos-seguir-trabajando.jpg",711,475,false],"web-stories-poster-portrait":["https:\/\/experienciadevida.com.ar\/portalurbano\/wp-content\/uploads\/2022\/01\/Que-podamos-seguir-trabajando.jpg",640,428,false],"web-stories-publisher-logo":["https:\/\/experienciadevida.com.ar\/portalurbano\/wp-content\/uploads\/2022\/01\/Que-podamos-seguir-trabajando.jpg",96,64,false],"web-stories-thumbnail":["https:\/\/experienciadevida.com.ar\/portalurbano\/wp-content\/uploads\/2022\/01\/Que-podamos-seguir-trabajando.jpg",150,100,false]},"author_info":{"display_name":"admpu17wp","author_link":"https:\/\/experienciadevida.com.ar\/portalurbano\/author\/admpu17wp\/"},"category_info":"<a href=\"https:\/\/experienciadevida.com.ar\/portalurbano\/category\/ciudad\/\" rel=\"category tag\">Ciudad<\/a> <a href=\"https:\/\/experienciadevida.com.ar\/portalurbano\/category\/destacadas-2\/\" rel=\"category tag\">Destacadas 2<\/a>","tag_info":"Destacadas 2","comment_count":"0","amp_enabled":true,"_links":{"self":[{"href":"https:\/\/experienciadevida.com.ar\/portalurbano\/wp-json\/wp\/v2\/posts\/159552"}],"collection":[{"href":"https:\/\/experienciadevida.com.ar\/portalurbano\/wp-json\/wp\/v2\/posts"}],"about":[{"href":"https:\/\/experienciadevida.com.ar\/portalurbano\/wp-json\/wp\/v2\/types\/post"}],"author":[{"embeddable":true,"href":"https:\/\/experienciadevida.com.ar\/portalurbano\/wp-json\/wp\/v2\/users\/1"}],"replies":[{"embeddable":true,"href":"https:\/\/experienciadevida.com.ar\/portalurbano\/wp-json\/wp\/v2\/comments?post=159552"}],"version-history":[{"count":4,"href":"https:\/\/experienciadevida.com.ar\/portalurbano\/wp-json\/wp\/v2\/posts\/159552\/revisions"}],"predecessor-version":[{"id":159560,"href":"https:\/\/experienciadevida.com.ar\/portalurbano\/wp-json\/wp\/v2\/posts\/159552\/revisions\/159560"}],"wp:featuredmedia":[{"embeddable":true,"href":"https:\/\/experienciadevida.com.ar\/portalurbano\/wp-json\/wp\/v2\/media\/159553"}],"wp:attachment":[{"href":"https:\/\/experienciadevida.com.ar\/portalurbano\/wp-json\/wp\/v2\/media?parent=159552"}],"wp:term":[{"taxonomy":"category","embeddable":true,"href":"https:\/\/experienciadevida.com.ar\/portalurbano\/wp-json\/wp\/v2\/categories?post=159552"},{"taxonomy":"post_tag","embeddable":true,"href":"https:\/\/experienciadevida.com.ar\/portalurbano\/wp-json\/wp\/v2\/tags?post=159552"}],"curies":[{"name":"wp","href":"https:\/\/api.w.org\/{rel}","templated":true}]}}