{"id":159510,"date":"2022-01-05T12:09:37","date_gmt":"2022-01-05T15:09:37","guid":{"rendered":"https:\/\/experienciadevida.com.ar\/portalurbano\/?p=159510"},"modified":"2022-01-05T12:12:39","modified_gmt":"2022-01-05T15:12:39","slug":"el-intendente-galli-recorrio-la-obra-de-la-escuela-no-14","status":"publish","type":"post","link":"https:\/\/experienciadevida.com.ar\/portalurbano\/el-intendente-galli-recorrio-la-obra-de-la-escuela-no-14\/","title":{"rendered":"El intendente Galli recorri\u00f3 la obra de la Escuela N\u00ba 14"},"content":{"rendered":"<p>El intendente <a href=\"https:\/\/www.facebook.com\/galliezequiel\">Galli<\/a> recorri\u00f3 la obra de la Escuela N\u00ba 14, fue en la ma\u00f1ana de este mi\u00e9rcoles junto al secretario de Desarrollo Humano y Calidad Vida Diego Robbiani- recorri\u00f3 la obra de ampliaci\u00f3n de la Escuela Secundaria N\u00ba 14, que se encuentra en ejecuci\u00f3n actualmente.<\/p>\n<p><a href=\"https:\/\/experienciadevida.com.ar\/portalurbano\/el-intendente-galli-recorrio-la-obra-de-la-escuela-no-14\/el-intendente-21\/\" rel=\"attachment wp-att-159513\"><img decoding=\"async\" class=\"alignnone size-large wp-image-159513\" src=\"https:\/\/experienciadevida.com.ar\/portalurbano\/wp-content\/uploads\/2022\/01\/El-Intendente-1024x684.jpg\" alt=\"El Intendente \" width=\"900\" height=\"601\" srcset=\"https:\/\/experienciadevida.com.ar\/portalurbano\/wp-content\/uploads\/2022\/01\/El-Intendente-1024x684.jpg 1024w, https:\/\/experienciadevida.com.ar\/portalurbano\/wp-content\/uploads\/2022\/01\/El-Intendente-300x201.jpg 300w, https:\/\/experienciadevida.com.ar\/portalurbano\/wp-content\/uploads\/2022\/01\/El-Intendente-768x513.jpg 768w, https:\/\/experienciadevida.com.ar\/portalurbano\/wp-content\/uploads\/2022\/01\/El-Intendente-1536x1027.jpg 1536w, https:\/\/experienciadevida.com.ar\/portalurbano\/wp-content\/uploads\/2022\/01\/El-Intendente-2048x1369.jpg 2048w\" sizes=\"(max-width: 900px) 100vw, 900px\" \/><\/a><\/p>\n<p>Dicho establecimiento fue creado el 23 de abril de 2007, cuenta con una matr\u00edcula total de 250 estudiantes, aproximadamente. Funciona en dos sedes: Escuela Primaria N\u00ba 52 (Piedras 2167) y Anexo en la Escuela Primaria N\u00ba 60 (Belgrano 1030).<\/p>\n<p>Con la finalidad de mejorar las condiciones edilicias, la gesti\u00f3n municipal lleva adelante \u2013desde el mes de mayo de 2021- un importante proyecto de obra en la Secundaria N\u00ba 14. Consiste en la ampliaci\u00f3n del edificio actual en una superficie cubierta de 345 metros cuadrados, con seis nuevas aulas, preceptor\u00eda, gabinete, dep\u00f3sito y comedor.<\/p>\n<p>La obra permitir\u00e1 contar con un aula para cada curso, porque actualmente tres divisiones de los a\u00f1os superiores cursan en otro edificio, con las problem\u00e1ticas que implica tanto para los docentes, alumnos y familias.<\/p>\n<p>Seg\u00fan se indic\u00f3 desde Obras P\u00fablicas la inversi\u00f3n es de $21.479.968 y el estado de ejecuci\u00f3n es del 45%, seg\u00fan la \u00faltima certificaci\u00f3n de la empresa adjudicataria Pecma S.R.L.<\/p>\n<p>Hasta la fecha se realiz\u00f3 la construcci\u00f3n de paredes, colocaci\u00f3n de techo, aberturas y resta continuar con los revoques exterior e interior y con las instalaciones el\u00e9ctrica y de gas.<\/p>\n<p><a href=\"https:\/\/experienciadevida.com.ar\/portalurbano\/el-intendente-galli-recorrio-la-obra-de-la-escuela-no-14\/galli-4\/\" rel=\"attachment wp-att-159514\"><img decoding=\"async\" class=\"alignnone size-large wp-image-159514\" src=\"https:\/\/experienciadevida.com.ar\/portalurbano\/wp-content\/uploads\/2022\/01\/Galli-1024x684.jpg\" alt=\"Galli \" width=\"900\" height=\"601\" srcset=\"https:\/\/experienciadevida.com.ar\/portalurbano\/wp-content\/uploads\/2022\/01\/Galli-1024x684.jpg 1024w, https:\/\/experienciadevida.com.ar\/portalurbano\/wp-content\/uploads\/2022\/01\/Galli-300x201.jpg 300w, https:\/\/experienciadevida.com.ar\/portalurbano\/wp-content\/uploads\/2022\/01\/Galli-768x513.jpg 768w, https:\/\/experienciadevida.com.ar\/portalurbano\/wp-content\/uploads\/2022\/01\/Galli-1536x1027.jpg 1536w, https:\/\/experienciadevida.com.ar\/portalurbano\/wp-content\/uploads\/2022\/01\/Galli-2048x1369.jpg 2048w\" sizes=\"(max-width: 900px) 100vw, 900px\" \/><\/a><\/p>\n","protected":false},"excerpt":{"rendered":"<p>El intendente Galli recorri\u00f3 la obra de la Escuela N\u00ba 14, fue en la ma\u00f1ana&#8230;<\/p>\n","protected":false},"author":1,"featured_media":159511,"comment_status":"closed","ping_status":"closed","sticky":false,"template":"","format":"standard","meta":{"content-type":""},"categories":[27,64],"tags":[],"nelio_content":{"isAutoShareEnabled":false,"autoShareEndMode":"default","automationSources":{"useContentSentences":true,"useSocialTemplates":true,"useCustomSentences":false,"customSentences":[]},"followers":[1],"suggestedReferences":[],"includedReferences":[],"efiUrl":"","efiAlt":"","highlights":[]},"yoast_head":"<!-- This site is optimized with the Yoast SEO plugin v20.7 - https:\/\/yoast.com\/wordpress\/plugins\/seo\/ -->\n<title>El Intendente Galli recorri\u00f3 la obra de la escuela n\u00b014<\/title>\n<meta name=\"description\" content=\"El intendente Galli recorri\u00f3 la obra de la Escuela N\u00ba 14, fue en la ma\u00f1ana de este mi\u00e9rcoles junto al secretario Diego Robbiani\" \/>\n<meta name=\"robots\" content=\"index, follow, max-snippet:-1, max-image-preview:large, max-video-preview:-1\" \/>\n<link rel=\"canonical\" href=\"https:\/\/experienciadevida.com.ar\/portalurbano\/el-intendente-galli-recorrio-la-obra-de-la-escuela-no-14\/\" \/>\n<meta property=\"og:locale\" content=\"es_ES\" \/>\n<meta property=\"og:type\" content=\"article\" \/>\n<meta property=\"og:title\" content=\"El Intendente Galli recorri\u00f3 la obra de la escuela n\u00b014\" \/>\n<meta property=\"og:description\" content=\"El intendente Galli recorri\u00f3 la obra de la Escuela N\u00ba 14, fue en la ma\u00f1ana de este mi\u00e9rcoles junto al secretario Diego Robbiani\" \/>\n<meta property=\"og:url\" content=\"https:\/\/experienciadevida.com.ar\/portalurbano\/el-intendente-galli-recorrio-la-obra-de-la-escuela-no-14\/\" \/>\n<meta property=\"article:publisher\" content=\"https:\/\/www.facebook.com\/Portal-Urbano-171542830093757\/\" \/>\n<meta property=\"article:published_time\" content=\"2022-01-05T15:09:37+00:00\" \/>\n<meta property=\"article:modified_time\" content=\"2022-01-05T15:12:39+00:00\" \/>\n<meta property=\"og:image\" content=\"https:\/\/experienciadevida.com.ar\/portalurbano\/wp-content\/uploads\/2022\/01\/El-intendente-Galli-recorrio-e1641395365687.jpg\" \/>\n\t<meta property=\"og:image:width\" content=\"765\" \/>\n\t<meta property=\"og:image:height\" content=\"511\" \/>\n\t<meta property=\"og:image:type\" content=\"image\/jpeg\" \/>\n<meta name=\"author\" content=\"admpu17wp\" \/>\n<meta name=\"twitter:card\" content=\"summary_large_image\" \/>\n<meta name=\"twitter:creator\" content=\"@portalurbanook\" \/>\n<meta name=\"twitter:site\" content=\"@portalurbanook\" \/>\n<meta name=\"twitter:label1\" content=\"Escrito por\" \/>\n\t<meta name=\"twitter:data1\" content=\"admpu17wp\" \/>\n\t<meta name=\"twitter:label2\" content=\"Tiempo de lectura\" \/>\n\t<meta name=\"twitter:data2\" content=\"2 minutos\" \/>\n<script type=\"application\/ld+json\" class=\"yoast-schema-graph\">{\"@context\":\"https:\/\/schema.org\",\"@graph\":[{\"@type\":\"Article\",\"@id\":\"https:\/\/experienciadevida.com.ar\/portalurbano\/el-intendente-galli-recorrio-la-obra-de-la-escuela-no-14\/#article\",\"isPartOf\":{\"@id\":\"https:\/\/experienciadevida.com.ar\/portalurbano\/el-intendente-galli-recorrio-la-obra-de-la-escuela-no-14\/\"},\"author\":{\"name\":\"admpu17wp\",\"@id\":\"https:\/\/experienciadevida.com.ar\/portalurbano\/#\/schema\/person\/02dd326b1c4b056e9cc972486934a3a7\"},\"headline\":\"El intendente Galli recorri\u00f3 la obra de la Escuela N\u00ba 14\",\"datePublished\":\"2022-01-05T15:09:37+00:00\",\"dateModified\":\"2022-01-05T15:12:39+00:00\",\"mainEntityOfPage\":{\"@id\":\"https:\/\/experienciadevida.com.ar\/portalurbano\/el-intendente-galli-recorrio-la-obra-de-la-escuela-no-14\/\"},\"wordCount\":251,\"publisher\":{\"@id\":\"https:\/\/experienciadevida.com.ar\/portalurbano\/#organization\"},\"articleSection\":[\"Ciudad\",\"Destacadas 2\"],\"inLanguage\":\"es\"},{\"@type\":\"WebPage\",\"@id\":\"https:\/\/experienciadevida.com.ar\/portalurbano\/el-intendente-galli-recorrio-la-obra-de-la-escuela-no-14\/\",\"url\":\"https:\/\/experienciadevida.com.ar\/portalurbano\/el-intendente-galli-recorrio-la-obra-de-la-escuela-no-14\/\",\"name\":\"El Intendente Galli recorri\u00f3 la obra de la escuela n\u00b014\",\"isPartOf\":{\"@id\":\"https:\/\/experienciadevida.com.ar\/portalurbano\/#website\"},\"datePublished\":\"2022-01-05T15:09:37+00:00\",\"dateModified\":\"2022-01-05T15:12:39+00:00\",\"description\":\"El intendente Galli recorri\u00f3 la obra de la Escuela N\u00ba 14, fue en la ma\u00f1ana de este mi\u00e9rcoles junto al secretario Diego Robbiani\",\"breadcrumb\":{\"@id\":\"https:\/\/experienciadevida.com.ar\/portalurbano\/el-intendente-galli-recorrio-la-obra-de-la-escuela-no-14\/#breadcrumb\"},\"inLanguage\":\"es\",\"potentialAction\":[{\"@type\":\"ReadAction\",\"target\":[\"https:\/\/experienciadevida.com.ar\/portalurbano\/el-intendente-galli-recorrio-la-obra-de-la-escuela-no-14\/\"]}]},{\"@type\":\"BreadcrumbList\",\"@id\":\"https:\/\/experienciadevida.com.ar\/portalurbano\/el-intendente-galli-recorrio-la-obra-de-la-escuela-no-14\/#breadcrumb\",\"itemListElement\":[{\"@type\":\"ListItem\",\"position\":1,\"name\":\"Portada\",\"item\":\"https:\/\/experienciadevida.com.ar\/portalurbano\/\"},{\"@type\":\"ListItem\",\"position\":2,\"name\":\"El intendente Galli recorri\u00f3 la obra de la Escuela N\u00ba 14\"}]},{\"@type\":\"WebSite\",\"@id\":\"https:\/\/experienciadevida.com.ar\/portalurbano\/#website\",\"url\":\"https:\/\/experienciadevida.com.ar\/portalurbano\/\",\"name\":\"\",\"description\":\"\",\"publisher\":{\"@id\":\"https:\/\/experienciadevida.com.ar\/portalurbano\/#organization\"},\"potentialAction\":[{\"@type\":\"SearchAction\",\"target\":{\"@type\":\"EntryPoint\",\"urlTemplate\":\"https:\/\/experienciadevida.com.ar\/portalurbano\/?s={search_term_string}\"},\"query-input\":\"required name=search_term_string\"}],\"inLanguage\":\"es\"},{\"@type\":\"Organization\",\"@id\":\"https:\/\/experienciadevida.com.ar\/portalurbano\/#organization\",\"name\":\"Portal Urbano\",\"url\":\"https:\/\/experienciadevida.com.ar\/portalurbano\/\",\"logo\":{\"@type\":\"ImageObject\",\"inLanguage\":\"es\",\"@id\":\"https:\/\/experienciadevida.com.ar\/portalurbano\/#\/schema\/logo\/image\/\",\"url\":\"https:\/\/experienciadevida.com.ar\/portalurbano\/wp-content\/uploads\/2019\/09\/Logo-Original.png\",\"contentUrl\":\"https:\/\/experienciadevida.com.ar\/portalurbano\/wp-content\/uploads\/2019\/09\/Logo-Original.png\",\"width\":2236,\"height\":1216,\"caption\":\"Portal Urbano\"},\"image\":{\"@id\":\"https:\/\/experienciadevida.com.ar\/portalurbano\/#\/schema\/logo\/image\/\"},\"sameAs\":[\"https:\/\/www.facebook.com\/Portal-Urbano-171542830093757\/\",\"https:\/\/twitter.com\/portalurbanook\",\"https:\/\/www.instagram.com\/_portalurbano\/\",\"https:\/\/www.youtube.com\/channel\/UCXhagIfszH8KxFiOok79zbA?view_as=subscriber\"]},{\"@type\":\"Person\",\"@id\":\"https:\/\/experienciadevida.com.ar\/portalurbano\/#\/schema\/person\/02dd326b1c4b056e9cc972486934a3a7\",\"name\":\"admpu17wp\",\"image\":{\"@type\":\"ImageObject\",\"inLanguage\":\"es\",\"@id\":\"https:\/\/experienciadevida.com.ar\/portalurbano\/#\/schema\/person\/image\/\",\"url\":\"https:\/\/secure.gravatar.com\/avatar\/830d4c57adaae6630765e449a6908047?s=96&d=mm&r=g\",\"contentUrl\":\"https:\/\/secure.gravatar.com\/avatar\/830d4c57adaae6630765e449a6908047?s=96&d=mm&r=g\",\"caption\":\"admpu17wp\"}}]}<\/script>\n<!-- \/ Yoast SEO plugin. -->","yoast_head_json":{"title":"El Intendente Galli recorri\u00f3 la obra de la escuela n\u00b014","description":"El intendente Galli recorri\u00f3 la obra de la Escuela N\u00ba 14, fue en la ma\u00f1ana de este mi\u00e9rcoles junto al secretario Diego Robbiani","robots":{"index":"index","follow":"follow","max-snippet":"max-snippet:-1","max-image-preview":"max-image-preview:large","max-video-preview":"max-video-preview:-1"},"canonical":"https:\/\/experienciadevida.com.ar\/portalurbano\/el-intendente-galli-recorrio-la-obra-de-la-escuela-no-14\/","og_locale":"es_ES","og_type":"article","og_title":"El Intendente Galli recorri\u00f3 la obra de la escuela n\u00b014","og_description":"El intendente Galli recorri\u00f3 la obra de la Escuela N\u00ba 14, fue en la ma\u00f1ana de este mi\u00e9rcoles junto al secretario Diego Robbiani","og_url":"https:\/\/experienciadevida.com.ar\/portalurbano\/el-intendente-galli-recorrio-la-obra-de-la-escuela-no-14\/","article_publisher":"https:\/\/www.facebook.com\/Portal-Urbano-171542830093757\/","article_published_time":"2022-01-05T15:09:37+00:00","article_modified_time":"2022-01-05T15:12:39+00:00","og_image":[{"width":765,"height":511,"url":"https:\/\/experienciadevida.com.ar\/portalurbano\/wp-content\/uploads\/2022\/01\/El-intendente-Galli-recorrio-e1641395365687.jpg","type":"image\/jpeg"}],"author":"admpu17wp","twitter_card":"summary_large_image","twitter_creator":"@portalurbanook","twitter_site":"@portalurbanook","twitter_misc":{"Escrito por":"admpu17wp","Tiempo de lectura":"2 minutos"},"schema":{"@context":"https:\/\/schema.org","@graph":[{"@type":"Article","@id":"https:\/\/experienciadevida.com.ar\/portalurbano\/el-intendente-galli-recorrio-la-obra-de-la-escuela-no-14\/#article","isPartOf":{"@id":"https:\/\/experienciadevida.com.ar\/portalurbano\/el-intendente-galli-recorrio-la-obra-de-la-escuela-no-14\/"},"author":{"name":"admpu17wp","@id":"https:\/\/experienciadevida.com.ar\/portalurbano\/#\/schema\/person\/02dd326b1c4b056e9cc972486934a3a7"},"headline":"El intendente Galli recorri\u00f3 la obra de la Escuela N\u00ba 14","datePublished":"2022-01-05T15:09:37+00:00","dateModified":"2022-01-05T15:12:39+00:00","mainEntityOfPage":{"@id":"https:\/\/experienciadevida.com.ar\/portalurbano\/el-intendente-galli-recorrio-la-obra-de-la-escuela-no-14\/"},"wordCount":251,"publisher":{"@id":"https:\/\/experienciadevida.com.ar\/portalurbano\/#organization"},"articleSection":["Ciudad","Destacadas 2"],"inLanguage":"es"},{"@type":"WebPage","@id":"https:\/\/experienciadevida.com.ar\/portalurbano\/el-intendente-galli-recorrio-la-obra-de-la-escuela-no-14\/","url":"https:\/\/experienciadevida.com.ar\/portalurbano\/el-intendente-galli-recorrio-la-obra-de-la-escuela-no-14\/","name":"El Intendente Galli recorri\u00f3 la obra de la escuela n\u00b014","isPartOf":{"@id":"https:\/\/experienciadevida.com.ar\/portalurbano\/#website"},"datePublished":"2022-01-05T15:09:37+00:00","dateModified":"2022-01-05T15:12:39+00:00","description":"El intendente Galli recorri\u00f3 la obra de la Escuela N\u00ba 14, fue en la ma\u00f1ana de este mi\u00e9rcoles junto al secretario Diego Robbiani","breadcrumb":{"@id":"https:\/\/experienciadevida.com.ar\/portalurbano\/el-intendente-galli-recorrio-la-obra-de-la-escuela-no-14\/#breadcrumb"},"inLanguage":"es","potentialAction":[{"@type":"ReadAction","target":["https:\/\/experienciadevida.com.ar\/portalurbano\/el-intendente-galli-recorrio-la-obra-de-la-escuela-no-14\/"]}]},{"@type":"BreadcrumbList","@id":"https:\/\/experienciadevida.com.ar\/portalurbano\/el-intendente-galli-recorrio-la-obra-de-la-escuela-no-14\/#breadcrumb","itemListElement":[{"@type":"ListItem","position":1,"name":"Portada","item":"https:\/\/experienciadevida.com.ar\/portalurbano\/"},{"@type":"ListItem","position":2,"name":"El intendente Galli recorri\u00f3 la obra de la Escuela N\u00ba 14"}]},{"@type":"WebSite","@id":"https:\/\/experienciadevida.com.ar\/portalurbano\/#website","url":"https:\/\/experienciadevida.com.ar\/portalurbano\/","name":"","description":"","publisher":{"@id":"https:\/\/experienciadevida.com.ar\/portalurbano\/#organization"},"potentialAction":[{"@type":"SearchAction","target":{"@type":"EntryPoint","urlTemplate":"https:\/\/experienciadevida.com.ar\/portalurbano\/?s={search_term_string}"},"query-input":"required name=search_term_string"}],"inLanguage":"es"},{"@type":"Organization","@id":"https:\/\/experienciadevida.com.ar\/portalurbano\/#organization","name":"Portal Urbano","url":"https:\/\/experienciadevida.com.ar\/portalurbano\/","logo":{"@type":"ImageObject","inLanguage":"es","@id":"https:\/\/experienciadevida.com.ar\/portalurbano\/#\/schema\/logo\/image\/","url":"https:\/\/experienciadevida.com.ar\/portalurbano\/wp-content\/uploads\/2019\/09\/Logo-Original.png","contentUrl":"https:\/\/experienciadevida.com.ar\/portalurbano\/wp-content\/uploads\/2019\/09\/Logo-Original.png","width":2236,"height":1216,"caption":"Portal Urbano"},"image":{"@id":"https:\/\/experienciadevida.com.ar\/portalurbano\/#\/schema\/logo\/image\/"},"sameAs":["https:\/\/www.facebook.com\/Portal-Urbano-171542830093757\/","https:\/\/twitter.com\/portalurbanook","https:\/\/www.instagram.com\/_portalurbano\/","https:\/\/www.youtube.com\/channel\/UCXhagIfszH8KxFiOok79zbA?view_as=subscriber"]},{"@type":"Person","@id":"https:\/\/experienciadevida.com.ar\/portalurbano\/#\/schema\/person\/02dd326b1c4b056e9cc972486934a3a7","name":"admpu17wp","image":{"@type":"ImageObject","inLanguage":"es","@id":"https:\/\/experienciadevida.com.ar\/portalurbano\/#\/schema\/person\/image\/","url":"https:\/\/secure.gravatar.com\/avatar\/830d4c57adaae6630765e449a6908047?s=96&d=mm&r=g","contentUrl":"https:\/\/secure.gravatar.com\/avatar\/830d4c57adaae6630765e449a6908047?s=96&d=mm&r=g","caption":"admpu17wp"}}]}},"featured_image_urls":{"full":["https:\/\/experienciadevida.com.ar\/portalurbano\/wp-content\/uploads\/2022\/01\/El-intendente-Galli-recorrio-e1641395365687.jpg",765,511,false],"thumbnail":["https:\/\/experienciadevida.com.ar\/portalurbano\/wp-content\/uploads\/2022\/01\/El-intendente-Galli-recorrio-150x150.jpg",150,150,true],"medium":["https:\/\/experienciadevida.com.ar\/portalurbano\/wp-content\/uploads\/2022\/01\/El-intendente-Galli-recorrio-300x201.jpg",300,201,true],"medium_large":["https:\/\/experienciadevida.com.ar\/portalurbano\/wp-content\/uploads\/2022\/01\/El-intendente-Galli-recorrio-768x513.jpg",640,428,true],"large":["https:\/\/experienciadevida.com.ar\/portalurbano\/wp-content\/uploads\/2022\/01\/El-intendente-Galli-recorrio-1024x684.jpg",640,428,true],"ug_big":["https:\/\/experienciadevida.com.ar\/portalurbano\/wp-content\/uploads\/2022\/01\/El-intendente-Galli-recorrio-768x513.jpg",768,513,true],"1536x1536":["https:\/\/experienciadevida.com.ar\/portalurbano\/wp-content\/uploads\/2022\/01\/El-intendente-Galli-recorrio-1536x1027.jpg",1536,1027,true],"2048x2048":["https:\/\/experienciadevida.com.ar\/portalurbano\/wp-content\/uploads\/2022\/01\/El-intendente-Galli-recorrio-2048x1369.jpg",2048,1369,true],"newsever-slider-full":["https:\/\/experienciadevida.com.ar\/portalurbano\/wp-content\/uploads\/2022\/01\/El-intendente-Galli-recorrio-e1641395365687.jpg",765,511,false],"newsever-featured":["https:\/\/experienciadevida.com.ar\/portalurbano\/wp-content\/uploads\/2022\/01\/El-intendente-Galli-recorrio-e1641395365687.jpg",765,511,false],"newsever-medium":["https:\/\/experienciadevida.com.ar\/portalurbano\/wp-content\/uploads\/2022\/01\/El-intendente-Galli-recorrio-e1641395365687.jpg",711,475,false],"web-stories-poster-portrait":["https:\/\/experienciadevida.com.ar\/portalurbano\/wp-content\/uploads\/2022\/01\/El-intendente-Galli-recorrio-e1641395365687.jpg",640,428,false],"web-stories-publisher-logo":["https:\/\/experienciadevida.com.ar\/portalurbano\/wp-content\/uploads\/2022\/01\/El-intendente-Galli-recorrio-e1641395365687.jpg",96,64,false],"web-stories-thumbnail":["https:\/\/experienciadevida.com.ar\/portalurbano\/wp-content\/uploads\/2022\/01\/El-intendente-Galli-recorrio-e1641395365687.jpg",150,100,false]},"author_info":{"display_name":"admpu17wp","author_link":"https:\/\/experienciadevida.com.ar\/portalurbano\/author\/admpu17wp\/"},"category_info":"<a href=\"https:\/\/experienciadevida.com.ar\/portalurbano\/category\/ciudad\/\" rel=\"category tag\">Ciudad<\/a> <a href=\"https:\/\/experienciadevida.com.ar\/portalurbano\/category\/destacadas-2\/\" rel=\"category tag\">Destacadas 2<\/a>","tag_info":"Destacadas 2","comment_count":"0","amp_enabled":true,"_links":{"self":[{"href":"https:\/\/experienciadevida.com.ar\/portalurbano\/wp-json\/wp\/v2\/posts\/159510"}],"collection":[{"href":"https:\/\/experienciadevida.com.ar\/portalurbano\/wp-json\/wp\/v2\/posts"}],"about":[{"href":"https:\/\/experienciadevida.com.ar\/portalurbano\/wp-json\/wp\/v2\/types\/post"}],"author":[{"embeddable":true,"href":"https:\/\/experienciadevida.com.ar\/portalurbano\/wp-json\/wp\/v2\/users\/1"}],"replies":[{"embeddable":true,"href":"https:\/\/experienciadevida.com.ar\/portalurbano\/wp-json\/wp\/v2\/comments?post=159510"}],"version-history":[{"count":3,"href":"https:\/\/experienciadevida.com.ar\/portalurbano\/wp-json\/wp\/v2\/posts\/159510\/revisions"}],"predecessor-version":[{"id":159516,"href":"https:\/\/experienciadevida.com.ar\/portalurbano\/wp-json\/wp\/v2\/posts\/159510\/revisions\/159516"}],"wp:featuredmedia":[{"embeddable":true,"href":"https:\/\/experienciadevida.com.ar\/portalurbano\/wp-json\/wp\/v2\/media\/159511"}],"wp:attachment":[{"href":"https:\/\/experienciadevida.com.ar\/portalurbano\/wp-json\/wp\/v2\/media?parent=159510"}],"wp:term":[{"taxonomy":"category","embeddable":true,"href":"https:\/\/experienciadevida.com.ar\/portalurbano\/wp-json\/wp\/v2\/categories?post=159510"},{"taxonomy":"post_tag","embeddable":true,"href":"https:\/\/experienciadevida.com.ar\/portalurbano\/wp-json\/wp\/v2\/tags?post=159510"}],"curies":[{"name":"wp","href":"https:\/\/api.w.org\/{rel}","templated":true}]}}