{"id":159433,"date":"2022-01-04T10:39:06","date_gmt":"2022-01-04T13:39:06","guid":{"rendered":"https:\/\/experienciadevida.com.ar\/portalurbano\/?p=159433"},"modified":"2022-01-04T10:43:03","modified_gmt":"2022-01-04T13:43:03","slug":"hospital-municipal-esta-obra-marcara-un-antes-y-despues-en-la-salud-publica-de-olavarria","status":"publish","type":"post","link":"https:\/\/experienciadevida.com.ar\/portalurbano\/hospital-municipal-esta-obra-marcara-un-antes-y-despues-en-la-salud-publica-de-olavarria\/","title":{"rendered":"Hospital Municipal: \u201cesta obra marcar\u00e1 un antes y despu\u00e9s en la salud p\u00fablica de Olavarr\u00eda\u201d"},"content":{"rendered":"<p>Hospital Municipal: \u201cesta obra marcar\u00e1 un antes y despu\u00e9s en la salud p\u00fablica de Olavarr\u00eda\u201d, el Intendente Ezequiel <a href=\"https:\/\/www.facebook.com\/galliezequiel\">Galli<\/a>, acompa\u00f1ado por el secretario de Salud del Municipio Germ\u00e1n Caputo, recorri\u00f3 la obra de la ampliaci\u00f3n del Hospital Municipal \u201cH\u00e9ctor M. Cura\u201d, que cuenta con un porcentaje de ejecuci\u00f3n del 85%.<\/p>\n<p>Se trata de uno de los proyectos m\u00e1s significativos y ambiciosos de los \u00faltimos 30 a\u00f1os en materia de inversi\u00f3n en infraestructura sanitaria, que implicar\u00e1 una importante reestructuraci\u00f3n edilicia.<\/p>\n<p>El Hospital Municipal funciona como un centro asistencial de alta complejidad, es modelo en la regi\u00f3n, es el principal efector de salud y cuenta con un equipo de profesionales de trayectoria en las distintas especialidades, sumado al proceso de inversi\u00f3n permanente en equipamiento de \u00faltima generaci\u00f3n, la capacitaci\u00f3n constante del personal y la formaci\u00f3n de residentes.<\/p>\n<p>La obra de ampliaci\u00f3n \u2013a cargo de la empresa Visan Ingenier\u00eda S.A.- consiste en la construcci\u00f3n de un edificio totalmente nuevo de unos 1.200 metros cuadrados cubiertos, distribuidos en tres niveles: en planta baja se ubicar\u00e1 el sector de quir\u00f3fano de gastroenterolog\u00eda y sala de espera, administraci\u00f3n, informes, accesos a internaci\u00f3n. Mientras que en el primer y segundo piso, pasar\u00e1 a funcionar el sector de internaci\u00f3n, enfermer\u00eda y cocina.<\/p>\n<p>Al respecto, Ezequiel Galli dijo: \u201cestamos muy conformes con el avance de la obra que marcar\u00e1 un antes y un despu\u00e9s en la salud p\u00fablica de Olavarr\u00eda. Queda muy poco para que la podamos inaugurar y poner en funcionamiento\u201d.<\/p>\n<p>\u201cEste nuevo edificio cuenta con tecnolog\u00eda de avanzada y permitir\u00e1 ampliar la capacidad de nuestro Hospital para que siga siendo una referencia en la regi\u00f3n\u201d, agreg\u00f3.<\/p>\n<p>Cabe recordar que una vez finalizada esta primera etapa, se prev\u00e9 la remodelaci\u00f3n, para vincular ambos edificios y unificar los servicios de Cl\u00ednica M\u00e9dica y Cl\u00ednica Quir\u00fargica, en una segunda instancia.<\/p>\n<p>El \u00e1rea total, con el edificio nuevo m\u00e1s la remodelaci\u00f3n del edificio actual (que no se encuentra contemplada en esta primera etapa), ser\u00e1 de 2.300 metros cuadrados, con mayor capacidad para internaci\u00f3n, distribuidos en dos plantas y planta baja para gastroenterolog\u00eda.<\/p>\n<p><a href=\"https:\/\/experienciadevida.com.ar\/portalurbano\/hospital-municipal-esta-obra-marcara-un-antes-y-despues-en-la-salud-publica-de-olavarria\/hospital\/\" rel=\"attachment wp-att-159437\"><img decoding=\"async\" class=\"alignnone size-full wp-image-159437\" src=\"https:\/\/experienciadevida.com.ar\/portalurbano\/wp-content\/uploads\/2022\/01\/Hospital.jpg\" alt=\"Hospital \" width=\"765\" height=\"511\" srcset=\"https:\/\/experienciadevida.com.ar\/portalurbano\/wp-content\/uploads\/2022\/01\/Hospital.jpg 765w, https:\/\/experienciadevida.com.ar\/portalurbano\/wp-content\/uploads\/2022\/01\/Hospital-300x200.jpg 300w\" sizes=\"(max-width: 765px) 100vw, 765px\" \/><\/a><\/p>\n","protected":false},"excerpt":{"rendered":"<p>Hospital Municipal: \u201cesta obra marcar\u00e1 un antes y despu\u00e9s en la salud p\u00fablica de Olavarr\u00eda\u201d,&#8230;<\/p>\n","protected":false},"author":1,"featured_media":159434,"comment_status":"closed","ping_status":"closed","sticky":false,"template":"","format":"standard","meta":{"content-type":""},"categories":[51,45],"tags":[],"nelio_content":{"isAutoShareEnabled":false,"autoShareEndMode":"default","automationSources":{"useContentSentences":true,"useSocialTemplates":true,"useCustomSentences":false,"customSentences":[]},"followers":[1],"suggestedReferences":[],"includedReferences":[],"efiUrl":"","efiAlt":"","highlights":[]},"yoast_head":"<!-- This site is optimized with the Yoast SEO plugin v20.7 - https:\/\/yoast.com\/wordpress\/plugins\/seo\/ -->\n<title>Hospital Municipal: &quot;Esta obra marcar\u00e1 un antes y un despu\u00e9s&quot;<\/title>\n<meta name=\"description\" content=\"Hospital Municipal: \u201cesta obra marcar\u00e1 un antes y despu\u00e9s en la salud p\u00fablica de Olavarr\u00eda\u201d, el Intendente Ezequiel Galli, recorri\u00f3 el lugar\" \/>\n<meta name=\"robots\" content=\"index, follow, max-snippet:-1, max-image-preview:large, max-video-preview:-1\" \/>\n<link rel=\"canonical\" href=\"https:\/\/experienciadevida.com.ar\/portalurbano\/hospital-municipal-esta-obra-marcara-un-antes-y-despues-en-la-salud-publica-de-olavarria\/\" \/>\n<meta property=\"og:locale\" content=\"es_ES\" \/>\n<meta property=\"og:type\" content=\"article\" \/>\n<meta property=\"og:title\" content=\"Hospital Municipal: &quot;Esta obra marcar\u00e1 un antes y un despu\u00e9s&quot;\" \/>\n<meta property=\"og:description\" content=\"Hospital Municipal: \u201cesta obra marcar\u00e1 un antes y despu\u00e9s en la salud p\u00fablica de Olavarr\u00eda\u201d, el Intendente Ezequiel Galli, recorri\u00f3 el lugar\" \/>\n<meta property=\"og:url\" content=\"https:\/\/experienciadevida.com.ar\/portalurbano\/hospital-municipal-esta-obra-marcara-un-antes-y-despues-en-la-salud-publica-de-olavarria\/\" \/>\n<meta property=\"article:publisher\" content=\"https:\/\/www.facebook.com\/Portal-Urbano-171542830093757\/\" \/>\n<meta property=\"article:published_time\" content=\"2022-01-04T13:39:06+00:00\" \/>\n<meta property=\"article:modified_time\" content=\"2022-01-04T13:43:03+00:00\" \/>\n<meta property=\"og:image\" content=\"https:\/\/experienciadevida.com.ar\/portalurbano\/wp-content\/uploads\/2022\/01\/Hospital-Municipal.jpg\" \/>\n\t<meta property=\"og:image:width\" content=\"2560\" \/>\n\t<meta property=\"og:image:height\" content=\"1711\" \/>\n\t<meta property=\"og:image:type\" content=\"image\/jpeg\" \/>\n<meta name=\"author\" content=\"admpu17wp\" \/>\n<meta name=\"twitter:card\" content=\"summary_large_image\" \/>\n<meta name=\"twitter:creator\" content=\"@portalurbanook\" \/>\n<meta name=\"twitter:site\" content=\"@portalurbanook\" \/>\n<meta name=\"twitter:label1\" content=\"Escrito por\" \/>\n\t<meta name=\"twitter:data1\" content=\"admpu17wp\" \/>\n\t<meta name=\"twitter:label2\" content=\"Tiempo de lectura\" \/>\n\t<meta name=\"twitter:data2\" content=\"2 minutos\" \/>\n<script type=\"application\/ld+json\" class=\"yoast-schema-graph\">{\"@context\":\"https:\/\/schema.org\",\"@graph\":[{\"@type\":\"Article\",\"@id\":\"https:\/\/experienciadevida.com.ar\/portalurbano\/hospital-municipal-esta-obra-marcara-un-antes-y-despues-en-la-salud-publica-de-olavarria\/#article\",\"isPartOf\":{\"@id\":\"https:\/\/experienciadevida.com.ar\/portalurbano\/hospital-municipal-esta-obra-marcara-un-antes-y-despues-en-la-salud-publica-de-olavarria\/\"},\"author\":{\"name\":\"admpu17wp\",\"@id\":\"https:\/\/experienciadevida.com.ar\/portalurbano\/#\/schema\/person\/02dd326b1c4b056e9cc972486934a3a7\"},\"headline\":\"Hospital Municipal: \u201cesta obra marcar\u00e1 un antes y despu\u00e9s en la salud p\u00fablica de Olavarr\u00eda\u201d\",\"datePublished\":\"2022-01-04T13:39:06+00:00\",\"dateModified\":\"2022-01-04T13:43:03+00:00\",\"mainEntityOfPage\":{\"@id\":\"https:\/\/experienciadevida.com.ar\/portalurbano\/hospital-municipal-esta-obra-marcara-un-antes-y-despues-en-la-salud-publica-de-olavarria\/\"},\"wordCount\":397,\"publisher\":{\"@id\":\"https:\/\/experienciadevida.com.ar\/portalurbano\/#organization\"},\"articleSection\":[\"Destacadas\",\"Salud\"],\"inLanguage\":\"es\"},{\"@type\":\"WebPage\",\"@id\":\"https:\/\/experienciadevida.com.ar\/portalurbano\/hospital-municipal-esta-obra-marcara-un-antes-y-despues-en-la-salud-publica-de-olavarria\/\",\"url\":\"https:\/\/experienciadevida.com.ar\/portalurbano\/hospital-municipal-esta-obra-marcara-un-antes-y-despues-en-la-salud-publica-de-olavarria\/\",\"name\":\"Hospital Municipal: \\\"Esta obra marcar\u00e1 un antes y un despu\u00e9s\\\"\",\"isPartOf\":{\"@id\":\"https:\/\/experienciadevida.com.ar\/portalurbano\/#website\"},\"datePublished\":\"2022-01-04T13:39:06+00:00\",\"dateModified\":\"2022-01-04T13:43:03+00:00\",\"description\":\"Hospital Municipal: \u201cesta obra marcar\u00e1 un antes y despu\u00e9s en la salud p\u00fablica de Olavarr\u00eda\u201d, el Intendente Ezequiel Galli, recorri\u00f3 el lugar\",\"breadcrumb\":{\"@id\":\"https:\/\/experienciadevida.com.ar\/portalurbano\/hospital-municipal-esta-obra-marcara-un-antes-y-despues-en-la-salud-publica-de-olavarria\/#breadcrumb\"},\"inLanguage\":\"es\",\"potentialAction\":[{\"@type\":\"ReadAction\",\"target\":[\"https:\/\/experienciadevida.com.ar\/portalurbano\/hospital-municipal-esta-obra-marcara-un-antes-y-despues-en-la-salud-publica-de-olavarria\/\"]}]},{\"@type\":\"BreadcrumbList\",\"@id\":\"https:\/\/experienciadevida.com.ar\/portalurbano\/hospital-municipal-esta-obra-marcara-un-antes-y-despues-en-la-salud-publica-de-olavarria\/#breadcrumb\",\"itemListElement\":[{\"@type\":\"ListItem\",\"position\":1,\"name\":\"Portada\",\"item\":\"https:\/\/experienciadevida.com.ar\/portalurbano\/\"},{\"@type\":\"ListItem\",\"position\":2,\"name\":\"Hospital Municipal: \u201cesta obra marcar\u00e1 un antes y despu\u00e9s en la salud p\u00fablica de Olavarr\u00eda\u201d\"}]},{\"@type\":\"WebSite\",\"@id\":\"https:\/\/experienciadevida.com.ar\/portalurbano\/#website\",\"url\":\"https:\/\/experienciadevida.com.ar\/portalurbano\/\",\"name\":\"\",\"description\":\"\",\"publisher\":{\"@id\":\"https:\/\/experienciadevida.com.ar\/portalurbano\/#organization\"},\"potentialAction\":[{\"@type\":\"SearchAction\",\"target\":{\"@type\":\"EntryPoint\",\"urlTemplate\":\"https:\/\/experienciadevida.com.ar\/portalurbano\/?s={search_term_string}\"},\"query-input\":\"required name=search_term_string\"}],\"inLanguage\":\"es\"},{\"@type\":\"Organization\",\"@id\":\"https:\/\/experienciadevida.com.ar\/portalurbano\/#organization\",\"name\":\"Portal Urbano\",\"url\":\"https:\/\/experienciadevida.com.ar\/portalurbano\/\",\"logo\":{\"@type\":\"ImageObject\",\"inLanguage\":\"es\",\"@id\":\"https:\/\/experienciadevida.com.ar\/portalurbano\/#\/schema\/logo\/image\/\",\"url\":\"https:\/\/experienciadevida.com.ar\/portalurbano\/wp-content\/uploads\/2019\/09\/Logo-Original.png\",\"contentUrl\":\"https:\/\/experienciadevida.com.ar\/portalurbano\/wp-content\/uploads\/2019\/09\/Logo-Original.png\",\"width\":2236,\"height\":1216,\"caption\":\"Portal Urbano\"},\"image\":{\"@id\":\"https:\/\/experienciadevida.com.ar\/portalurbano\/#\/schema\/logo\/image\/\"},\"sameAs\":[\"https:\/\/www.facebook.com\/Portal-Urbano-171542830093757\/\",\"https:\/\/twitter.com\/portalurbanook\",\"https:\/\/www.instagram.com\/_portalurbano\/\",\"https:\/\/www.youtube.com\/channel\/UCXhagIfszH8KxFiOok79zbA?view_as=subscriber\"]},{\"@type\":\"Person\",\"@id\":\"https:\/\/experienciadevida.com.ar\/portalurbano\/#\/schema\/person\/02dd326b1c4b056e9cc972486934a3a7\",\"name\":\"admpu17wp\",\"image\":{\"@type\":\"ImageObject\",\"inLanguage\":\"es\",\"@id\":\"https:\/\/experienciadevida.com.ar\/portalurbano\/#\/schema\/person\/image\/\",\"url\":\"https:\/\/secure.gravatar.com\/avatar\/830d4c57adaae6630765e449a6908047?s=96&d=mm&r=g\",\"contentUrl\":\"https:\/\/secure.gravatar.com\/avatar\/830d4c57adaae6630765e449a6908047?s=96&d=mm&r=g\",\"caption\":\"admpu17wp\"}}]}<\/script>\n<!-- \/ Yoast SEO plugin. -->","yoast_head_json":{"title":"Hospital Municipal: \"Esta obra marcar\u00e1 un antes y un despu\u00e9s\"","description":"Hospital Municipal: \u201cesta obra marcar\u00e1 un antes y despu\u00e9s en la salud p\u00fablica de Olavarr\u00eda\u201d, el Intendente Ezequiel Galli, recorri\u00f3 el lugar","robots":{"index":"index","follow":"follow","max-snippet":"max-snippet:-1","max-image-preview":"max-image-preview:large","max-video-preview":"max-video-preview:-1"},"canonical":"https:\/\/experienciadevida.com.ar\/portalurbano\/hospital-municipal-esta-obra-marcara-un-antes-y-despues-en-la-salud-publica-de-olavarria\/","og_locale":"es_ES","og_type":"article","og_title":"Hospital Municipal: \"Esta obra marcar\u00e1 un antes y un despu\u00e9s\"","og_description":"Hospital Municipal: \u201cesta obra marcar\u00e1 un antes y despu\u00e9s en la salud p\u00fablica de Olavarr\u00eda\u201d, el Intendente Ezequiel Galli, recorri\u00f3 el lugar","og_url":"https:\/\/experienciadevida.com.ar\/portalurbano\/hospital-municipal-esta-obra-marcara-un-antes-y-despues-en-la-salud-publica-de-olavarria\/","article_publisher":"https:\/\/www.facebook.com\/Portal-Urbano-171542830093757\/","article_published_time":"2022-01-04T13:39:06+00:00","article_modified_time":"2022-01-04T13:43:03+00:00","og_image":[{"width":2560,"height":1711,"url":"https:\/\/experienciadevida.com.ar\/portalurbano\/wp-content\/uploads\/2022\/01\/Hospital-Municipal.jpg","type":"image\/jpeg"}],"author":"admpu17wp","twitter_card":"summary_large_image","twitter_creator":"@portalurbanook","twitter_site":"@portalurbanook","twitter_misc":{"Escrito por":"admpu17wp","Tiempo de lectura":"2 minutos"},"schema":{"@context":"https:\/\/schema.org","@graph":[{"@type":"Article","@id":"https:\/\/experienciadevida.com.ar\/portalurbano\/hospital-municipal-esta-obra-marcara-un-antes-y-despues-en-la-salud-publica-de-olavarria\/#article","isPartOf":{"@id":"https:\/\/experienciadevida.com.ar\/portalurbano\/hospital-municipal-esta-obra-marcara-un-antes-y-despues-en-la-salud-publica-de-olavarria\/"},"author":{"name":"admpu17wp","@id":"https:\/\/experienciadevida.com.ar\/portalurbano\/#\/schema\/person\/02dd326b1c4b056e9cc972486934a3a7"},"headline":"Hospital Municipal: \u201cesta obra marcar\u00e1 un antes y despu\u00e9s en la salud p\u00fablica de Olavarr\u00eda\u201d","datePublished":"2022-01-04T13:39:06+00:00","dateModified":"2022-01-04T13:43:03+00:00","mainEntityOfPage":{"@id":"https:\/\/experienciadevida.com.ar\/portalurbano\/hospital-municipal-esta-obra-marcara-un-antes-y-despues-en-la-salud-publica-de-olavarria\/"},"wordCount":397,"publisher":{"@id":"https:\/\/experienciadevida.com.ar\/portalurbano\/#organization"},"articleSection":["Destacadas","Salud"],"inLanguage":"es"},{"@type":"WebPage","@id":"https:\/\/experienciadevida.com.ar\/portalurbano\/hospital-municipal-esta-obra-marcara-un-antes-y-despues-en-la-salud-publica-de-olavarria\/","url":"https:\/\/experienciadevida.com.ar\/portalurbano\/hospital-municipal-esta-obra-marcara-un-antes-y-despues-en-la-salud-publica-de-olavarria\/","name":"Hospital Municipal: \"Esta obra marcar\u00e1 un antes y un despu\u00e9s\"","isPartOf":{"@id":"https:\/\/experienciadevida.com.ar\/portalurbano\/#website"},"datePublished":"2022-01-04T13:39:06+00:00","dateModified":"2022-01-04T13:43:03+00:00","description":"Hospital Municipal: \u201cesta obra marcar\u00e1 un antes y despu\u00e9s en la salud p\u00fablica de Olavarr\u00eda\u201d, el Intendente Ezequiel Galli, recorri\u00f3 el lugar","breadcrumb":{"@id":"https:\/\/experienciadevida.com.ar\/portalurbano\/hospital-municipal-esta-obra-marcara-un-antes-y-despues-en-la-salud-publica-de-olavarria\/#breadcrumb"},"inLanguage":"es","potentialAction":[{"@type":"ReadAction","target":["https:\/\/experienciadevida.com.ar\/portalurbano\/hospital-municipal-esta-obra-marcara-un-antes-y-despues-en-la-salud-publica-de-olavarria\/"]}]},{"@type":"BreadcrumbList","@id":"https:\/\/experienciadevida.com.ar\/portalurbano\/hospital-municipal-esta-obra-marcara-un-antes-y-despues-en-la-salud-publica-de-olavarria\/#breadcrumb","itemListElement":[{"@type":"ListItem","position":1,"name":"Portada","item":"https:\/\/experienciadevida.com.ar\/portalurbano\/"},{"@type":"ListItem","position":2,"name":"Hospital Municipal: \u201cesta obra marcar\u00e1 un antes y despu\u00e9s en la salud p\u00fablica de Olavarr\u00eda\u201d"}]},{"@type":"WebSite","@id":"https:\/\/experienciadevida.com.ar\/portalurbano\/#website","url":"https:\/\/experienciadevida.com.ar\/portalurbano\/","name":"","description":"","publisher":{"@id":"https:\/\/experienciadevida.com.ar\/portalurbano\/#organization"},"potentialAction":[{"@type":"SearchAction","target":{"@type":"EntryPoint","urlTemplate":"https:\/\/experienciadevida.com.ar\/portalurbano\/?s={search_term_string}"},"query-input":"required name=search_term_string"}],"inLanguage":"es"},{"@type":"Organization","@id":"https:\/\/experienciadevida.com.ar\/portalurbano\/#organization","name":"Portal Urbano","url":"https:\/\/experienciadevida.com.ar\/portalurbano\/","logo":{"@type":"ImageObject","inLanguage":"es","@id":"https:\/\/experienciadevida.com.ar\/portalurbano\/#\/schema\/logo\/image\/","url":"https:\/\/experienciadevida.com.ar\/portalurbano\/wp-content\/uploads\/2019\/09\/Logo-Original.png","contentUrl":"https:\/\/experienciadevida.com.ar\/portalurbano\/wp-content\/uploads\/2019\/09\/Logo-Original.png","width":2236,"height":1216,"caption":"Portal Urbano"},"image":{"@id":"https:\/\/experienciadevida.com.ar\/portalurbano\/#\/schema\/logo\/image\/"},"sameAs":["https:\/\/www.facebook.com\/Portal-Urbano-171542830093757\/","https:\/\/twitter.com\/portalurbanook","https:\/\/www.instagram.com\/_portalurbano\/","https:\/\/www.youtube.com\/channel\/UCXhagIfszH8KxFiOok79zbA?view_as=subscriber"]},{"@type":"Person","@id":"https:\/\/experienciadevida.com.ar\/portalurbano\/#\/schema\/person\/02dd326b1c4b056e9cc972486934a3a7","name":"admpu17wp","image":{"@type":"ImageObject","inLanguage":"es","@id":"https:\/\/experienciadevida.com.ar\/portalurbano\/#\/schema\/person\/image\/","url":"https:\/\/secure.gravatar.com\/avatar\/830d4c57adaae6630765e449a6908047?s=96&d=mm&r=g","contentUrl":"https:\/\/secure.gravatar.com\/avatar\/830d4c57adaae6630765e449a6908047?s=96&d=mm&r=g","caption":"admpu17wp"}}]}},"featured_image_urls":{"full":["https:\/\/experienciadevida.com.ar\/portalurbano\/wp-content\/uploads\/2022\/01\/Hospital-Municipal.jpg",2560,1711,false],"thumbnail":["https:\/\/experienciadevida.com.ar\/portalurbano\/wp-content\/uploads\/2022\/01\/Hospital-Municipal-150x150.jpg",150,150,true],"medium":["https:\/\/experienciadevida.com.ar\/portalurbano\/wp-content\/uploads\/2022\/01\/Hospital-Municipal-300x201.jpg",300,201,true],"medium_large":["https:\/\/experienciadevida.com.ar\/portalurbano\/wp-content\/uploads\/2022\/01\/Hospital-Municipal-768x513.jpg",640,428,true],"large":["https:\/\/experienciadevida.com.ar\/portalurbano\/wp-content\/uploads\/2022\/01\/Hospital-Municipal-1024x684.jpg",640,428,true],"ug_big":["https:\/\/experienciadevida.com.ar\/portalurbano\/wp-content\/uploads\/2022\/01\/Hospital-Municipal-768x513.jpg",768,513,true],"1536x1536":["https:\/\/experienciadevida.com.ar\/portalurbano\/wp-content\/uploads\/2022\/01\/Hospital-Municipal-1536x1027.jpg",1536,1027,true],"2048x2048":["https:\/\/experienciadevida.com.ar\/portalurbano\/wp-content\/uploads\/2022\/01\/Hospital-Municipal-2048x1369.jpg",2048,1369,true],"newsever-slider-full":["https:\/\/experienciadevida.com.ar\/portalurbano\/wp-content\/uploads\/2022\/01\/Hospital-Municipal.jpg",1264,845,false],"newsever-featured":["https:\/\/experienciadevida.com.ar\/portalurbano\/wp-content\/uploads\/2022\/01\/Hospital-Municipal.jpg",1024,684,false],"newsever-medium":["https:\/\/experienciadevida.com.ar\/portalurbano\/wp-content\/uploads\/2022\/01\/Hospital-Municipal.jpg",711,475,false],"web-stories-poster-portrait":["https:\/\/experienciadevida.com.ar\/portalurbano\/wp-content\/uploads\/2022\/01\/Hospital-Municipal.jpg",640,428,false],"web-stories-publisher-logo":["https:\/\/experienciadevida.com.ar\/portalurbano\/wp-content\/uploads\/2022\/01\/Hospital-Municipal.jpg",96,64,false],"web-stories-thumbnail":["https:\/\/experienciadevida.com.ar\/portalurbano\/wp-content\/uploads\/2022\/01\/Hospital-Municipal.jpg",150,100,false]},"author_info":{"display_name":"admpu17wp","author_link":"https:\/\/experienciadevida.com.ar\/portalurbano\/author\/admpu17wp\/"},"category_info":"<a href=\"https:\/\/experienciadevida.com.ar\/portalurbano\/category\/destacadas\/\" rel=\"category tag\">Destacadas<\/a> <a href=\"https:\/\/experienciadevida.com.ar\/portalurbano\/category\/ciudad\/salud\/\" rel=\"category tag\">Salud<\/a>","tag_info":"Salud","comment_count":"0","amp_enabled":true,"_links":{"self":[{"href":"https:\/\/experienciadevida.com.ar\/portalurbano\/wp-json\/wp\/v2\/posts\/159433"}],"collection":[{"href":"https:\/\/experienciadevida.com.ar\/portalurbano\/wp-json\/wp\/v2\/posts"}],"about":[{"href":"https:\/\/experienciadevida.com.ar\/portalurbano\/wp-json\/wp\/v2\/types\/post"}],"author":[{"embeddable":true,"href":"https:\/\/experienciadevida.com.ar\/portalurbano\/wp-json\/wp\/v2\/users\/1"}],"replies":[{"embeddable":true,"href":"https:\/\/experienciadevida.com.ar\/portalurbano\/wp-json\/wp\/v2\/comments?post=159433"}],"version-history":[{"count":3,"href":"https:\/\/experienciadevida.com.ar\/portalurbano\/wp-json\/wp\/v2\/posts\/159433\/revisions"}],"predecessor-version":[{"id":159436,"href":"https:\/\/experienciadevida.com.ar\/portalurbano\/wp-json\/wp\/v2\/posts\/159433\/revisions\/159436"}],"wp:featuredmedia":[{"embeddable":true,"href":"https:\/\/experienciadevida.com.ar\/portalurbano\/wp-json\/wp\/v2\/media\/159434"}],"wp:attachment":[{"href":"https:\/\/experienciadevida.com.ar\/portalurbano\/wp-json\/wp\/v2\/media?parent=159433"}],"wp:term":[{"taxonomy":"category","embeddable":true,"href":"https:\/\/experienciadevida.com.ar\/portalurbano\/wp-json\/wp\/v2\/categories?post=159433"},{"taxonomy":"post_tag","embeddable":true,"href":"https:\/\/experienciadevida.com.ar\/portalurbano\/wp-json\/wp\/v2\/tags?post=159433"}],"curies":[{"name":"wp","href":"https:\/\/api.w.org\/{rel}","templated":true}]}}